{"id":2054,"date":"2015-01-07T08:49:00","date_gmt":"2015-01-07T07:49:00","guid":{"rendered":"https:\/\/www.inovallee.com\/retour-sur-les-evenements-dinovallee-mieux-connaitre-la-reforme-de-la-formation-professionnelle\/"},"modified":"2015-01-07T08:49:00","modified_gmt":"2015-01-07T07:49:00","slug":"retour-sur-les-evenements-dinovallee-mieux-connaitre-la-reforme-de-la-formation-professionnelle","status":"publish","type":"post","link":"https:\/\/www.inovallee.com\/en\/retour-sur-les-evenements-dinovallee-mieux-connaitre-la-reforme-de-la-formation-professionnelle\/","title":{"rendered":"Retour sur les \u00e9v\u00e8nements d&#039;inovall\u00e9e : Mieux connaitre la r\u00e9forme de la formation professionnelle"},"content":{"rendered":"<div dir=\"ltr\" style=\"text-align: left;\">\n<div style=\"clear: both; text-align: center;\"><a href=\"http:\/\/2.bp.blogspot.com\/-FKSF_1dwrlw\/VKzkRhYE4JI\/AAAAAAAAPRE\/9gEIctJm6vY\/s1600\/IMG_7021.JPG\" style=\"clear: left; float: left; margin-bottom: 1em; margin-right: 1em;\"><img decoding=\"async\" border=\"0\" src=\"http:\/\/2.bp.blogspot.com\/-FKSF_1dwrlw\/VKzkRhYE4JI\/AAAAAAAAPRE\/9gEIctJm6vY\/s1600\/IMG_7021.JPG\" height=\"133\" width=\"200\" \/><\/a><\/div>\n<p><span style=\"font-size: x-small;\"><span style=\"font-family: Arial,Helvetica,sans-serif;\">inovall\u00e9e, en partenariat avec l&rsquo;APEC, a propos\u00e9 \u00e0 ses entreprises un petit d\u00e9jeuner sur la r\u00e9forme de la formation professionnelle le 18 d\u00e9cembre dernier auquel plus de 30 personnes ont assist\u00e9. Pascale Comtois et Jean-Marc Menigoz&nbsp; de l&rsquo;APEC ont pr\u00e9sent\u00e9 les points cl\u00e9s de cette r\u00e9forme et les changements majeurs qu&rsquo;elle va entrainer pour les entreprises et leurs collaborateurs. Modification du mode de financement de la formation continue, cr\u00e9ation du compte personnel de formation, syst\u00e9matisation de l&rsquo;entretien professionnel, &#8230; tous ces points ont suscit\u00e9 de nombreuses questions. <\/span><\/span><br \/><span style=\"font-size: x-small;\"><span style=\"font-family: Arial,Helvetica,sans-serif;\">La question des \u00e9ch\u00e9ances a \u00e9galement \u00e9t\u00e9 abord\u00e9e avec la mise en place :<\/span><\/span><br \/><span style=\"font-size: x-small;\"><span style=\"font-family: Arial,Helvetica,sans-serif;\">&#8211; de la base de donn\u00e9es unique avant le 15 juin 2015 pour les entreprises de moins de 300 salari\u00e9s, <\/span><\/span><br \/><span style=\"font-size: x-small;\"><span style=\"font-family: Arial,Helvetica,sans-serif;\">&#8211; des entretiens professionnels avant le 8 mars 2016.<\/span><\/span><br \/><span style=\"font-size: x-small;\"><span style=\"font-family: Arial,Helvetica,sans-serif;\">Les participants sont repartis avec de nombreuses r\u00e9ponses, un plan d&rsquo;actions en 7 points cl\u00e9s et des documents leur permettant d&rsquo;approfondir les points abord\u00e9s lors de cet petit d\u00e9jeuner.<\/span><\/span><\/p>\n<\/div>","protected":false},"excerpt":{"rendered":"<p>inovall\u00e9e, en partenariat avec l&rsquo;APEC, a propos\u00e9 \u00e0 ses entreprises un petit d\u00e9jeuner sur la r\u00e9forme de la formation professionnelle le 18 d\u00e9cembre dernier auquel plus de 30 personnes ont assist\u00e9. Pascale Comtois et Jean-Marc Menigoz&nbsp; de l&rsquo;APEC ont pr\u00e9sent\u00e9 les points cl\u00e9s de cette r\u00e9forme et les changements majeurs qu&rsquo;elle va entrainer pour les [&hellip;]<\/p>\n","protected":false},"author":6,"featured_media":0,"comment_status":"closed","ping_status":"open","sticky":false,"template":"","format":"standard","meta":{"footnotes":""},"categories":[29],"tags":[],"class_list":["post-2054","post","type-post","status-publish","format-standard","hentry","category-evenements"],"yoast_head":"<!-- This site is optimized with the Yoast SEO plugin v27.4 - https:\/\/yoast.com\/product\/yoast-seo-wordpress\/ -->\n<title>Retour sur les \u00e9v\u00e8nements d&#039;inovall\u00e9e : Mieux connaitre la r\u00e9forme de la formation professionnelle - inovall\u00e9e<\/title>\n<meta name=\"robots\" content=\"index, follow, max-snippet:-1, max-image-preview:large, max-video-preview:-1\" \/>\n<link rel=\"canonical\" href=\"https:\/\/www.inovallee.com\/en\/retour-sur-les-evenements-dinovallee-mieux-connaitre-la-reforme-de-la-formation-professionnelle\/\" \/>\n<meta property=\"og:locale\" content=\"en_GB\" \/>\n<meta property=\"og:type\" content=\"article\" \/>\n<meta property=\"og:title\" content=\"Retour sur les \u00e9v\u00e8nements d&#039;inovall\u00e9e : Mieux connaitre la r\u00e9forme de la formation professionnelle - inovall\u00e9e\" \/>\n<meta property=\"og:description\" content=\"inovall\u00e9e, en partenariat avec l&rsquo;APEC, a propos\u00e9 \u00e0 ses entreprises un petit d\u00e9jeuner sur la r\u00e9forme de la formation professionnelle le 18 d\u00e9cembre dernier auquel plus de 30 personnes ont assist\u00e9. Pascale Comtois et Jean-Marc Menigoz&nbsp; de l&rsquo;APEC ont pr\u00e9sent\u00e9 les points cl\u00e9s de cette r\u00e9forme et les changements majeurs qu&rsquo;elle va entrainer pour les [&hellip;]\" \/>\n<meta property=\"og:url\" content=\"https:\/\/www.inovallee.com\/en\/retour-sur-les-evenements-dinovallee-mieux-connaitre-la-reforme-de-la-formation-professionnelle\/\" \/>\n<meta property=\"og:site_name\" content=\"inovall\u00e9e\" \/>\n<meta property=\"article:publisher\" content=\"https:\/\/www.facebook.com\/technopoleinovallee\/\" \/>\n<meta property=\"article:published_time\" content=\"2015-01-07T07:49:00+00:00\" \/>\n<meta property=\"og:image\" content=\"http:\/\/2.bp.blogspot.com\/-FKSF_1dwrlw\/VKzkRhYE4JI\/AAAAAAAAPRE\/9gEIctJm6vY\/s1600\/IMG_7021.JPG\" \/>\n<meta name=\"author\" content=\"Inovallee\" \/>\n<meta name=\"twitter:card\" content=\"summary_large_image\" \/>\n<meta name=\"twitter:creator\" content=\"@inovallee\" \/>\n<meta name=\"twitter:site\" content=\"@inovallee\" \/>\n<meta name=\"twitter:label1\" content=\"Written by\" \/>\n\t<meta name=\"twitter:data1\" content=\"Inovallee\" \/>\n\t<meta name=\"twitter:label2\" content=\"Estimated reading time\" \/>\n\t<meta name=\"twitter:data2\" content=\"1 minute\" \/>\n<script type=\"application\/ld+json\" class=\"yoast-schema-graph\">{\"@context\":\"https:\\\/\\\/schema.org\",\"@graph\":[{\"@type\":\"Article\",\"@id\":\"https:\\\/\\\/www.inovallee.com\\\/retour-sur-les-evenements-dinovallee-mieux-connaitre-la-reforme-de-la-formation-professionnelle\\\/#article\",\"isPartOf\":{\"@id\":\"https:\\\/\\\/www.inovallee.com\\\/retour-sur-les-evenements-dinovallee-mieux-connaitre-la-reforme-de-la-formation-professionnelle\\\/\"},\"author\":{\"name\":\"Inovallee\",\"@id\":\"https:\\\/\\\/www.inovallee.com\\\/#\\\/schema\\\/person\\\/a45b15518aad3111b2d61d257a3e023b\"},\"headline\":\"Retour sur les \u00e9v\u00e8nements d&#039;inovall\u00e9e : Mieux connaitre la r\u00e9forme de la formation professionnelle\",\"datePublished\":\"2015-01-07T07:49:00+00:00\",\"mainEntityOfPage\":{\"@id\":\"https:\\\/\\\/www.inovallee.com\\\/retour-sur-les-evenements-dinovallee-mieux-connaitre-la-reforme-de-la-formation-professionnelle\\\/\"},\"wordCount\":189,\"publisher\":{\"@id\":\"https:\\\/\\\/www.inovallee.com\\\/#organization\"},\"image\":{\"@id\":\"https:\\\/\\\/www.inovallee.com\\\/retour-sur-les-evenements-dinovallee-mieux-connaitre-la-reforme-de-la-formation-professionnelle\\\/#primaryimage\"},\"thumbnailUrl\":\"http:\\\/\\\/2.bp.blogspot.com\\\/-FKSF_1dwrlw\\\/VKzkRhYE4JI\\\/AAAAAAAAPRE\\\/9gEIctJm6vY\\\/s1600\\\/IMG_7021.JPG\",\"articleSection\":[\"Technopole inovall\u00e9e\"],\"inLanguage\":\"en-GB\"},{\"@type\":\"WebPage\",\"@id\":\"https:\\\/\\\/www.inovallee.com\\\/retour-sur-les-evenements-dinovallee-mieux-connaitre-la-reforme-de-la-formation-professionnelle\\\/\",\"url\":\"https:\\\/\\\/www.inovallee.com\\\/retour-sur-les-evenements-dinovallee-mieux-connaitre-la-reforme-de-la-formation-professionnelle\\\/\",\"name\":\"Retour sur les \u00e9v\u00e8nements d&#039;inovall\u00e9e : Mieux connaitre la r\u00e9forme de la formation professionnelle - inovall\u00e9e\",\"isPartOf\":{\"@id\":\"https:\\\/\\\/www.inovallee.com\\\/#website\"},\"primaryImageOfPage\":{\"@id\":\"https:\\\/\\\/www.inovallee.com\\\/retour-sur-les-evenements-dinovallee-mieux-connaitre-la-reforme-de-la-formation-professionnelle\\\/#primaryimage\"},\"image\":{\"@id\":\"https:\\\/\\\/www.inovallee.com\\\/retour-sur-les-evenements-dinovallee-mieux-connaitre-la-reforme-de-la-formation-professionnelle\\\/#primaryimage\"},\"thumbnailUrl\":\"http:\\\/\\\/2.bp.blogspot.com\\\/-FKSF_1dwrlw\\\/VKzkRhYE4JI\\\/AAAAAAAAPRE\\\/9gEIctJm6vY\\\/s1600\\\/IMG_7021.JPG\",\"datePublished\":\"2015-01-07T07:49:00+00:00\",\"breadcrumb\":{\"@id\":\"https:\\\/\\\/www.inovallee.com\\\/retour-sur-les-evenements-dinovallee-mieux-connaitre-la-reforme-de-la-formation-professionnelle\\\/#breadcrumb\"},\"inLanguage\":\"en-GB\",\"potentialAction\":[{\"@type\":\"ReadAction\",\"target\":[\"https:\\\/\\\/www.inovallee.com\\\/retour-sur-les-evenements-dinovallee-mieux-connaitre-la-reforme-de-la-formation-professionnelle\\\/\"]}]},{\"@type\":\"ImageObject\",\"inLanguage\":\"en-GB\",\"@id\":\"https:\\\/\\\/www.inovallee.com\\\/retour-sur-les-evenements-dinovallee-mieux-connaitre-la-reforme-de-la-formation-professionnelle\\\/#primaryimage\",\"url\":\"http:\\\/\\\/2.bp.blogspot.com\\\/-FKSF_1dwrlw\\\/VKzkRhYE4JI\\\/AAAAAAAAPRE\\\/9gEIctJm6vY\\\/s1600\\\/IMG_7021.JPG\",\"contentUrl\":\"http:\\\/\\\/2.bp.blogspot.com\\\/-FKSF_1dwrlw\\\/VKzkRhYE4JI\\\/AAAAAAAAPRE\\\/9gEIctJm6vY\\\/s1600\\\/IMG_7021.JPG\"},{\"@type\":\"BreadcrumbList\",\"@id\":\"https:\\\/\\\/www.inovallee.com\\\/retour-sur-les-evenements-dinovallee-mieux-connaitre-la-reforme-de-la-formation-professionnelle\\\/#breadcrumb\",\"itemListElement\":[{\"@type\":\"ListItem\",\"position\":1,\"name\":\"Accueil\",\"item\":\"https:\\\/\\\/www.inovallee.com\\\/\"},{\"@type\":\"ListItem\",\"position\":2,\"name\":\"Retour sur les \u00e9v\u00e8nements d&#039;inovall\u00e9e : Mieux connaitre la r\u00e9forme de la formation professionnelle\"}]},{\"@type\":\"WebSite\",\"@id\":\"https:\\\/\\\/www.inovallee.com\\\/#website\",\"url\":\"https:\\\/\\\/www.inovallee.com\\\/\",\"name\":\"inovall\u00e9e technopole, Home to software & smart technologies\",\"description\":\"Home to software &amp; smart technologies\",\"publisher\":{\"@id\":\"https:\\\/\\\/www.inovallee.com\\\/#organization\"},\"potentialAction\":[{\"@type\":\"SearchAction\",\"target\":{\"@type\":\"EntryPoint\",\"urlTemplate\":\"https:\\\/\\\/www.inovallee.com\\\/?s={search_term_string}\"},\"query-input\":{\"@type\":\"PropertyValueSpecification\",\"valueRequired\":true,\"valueName\":\"search_term_string\"}}],\"inLanguage\":\"en-GB\"},{\"@type\":\"Organization\",\"@id\":\"https:\\\/\\\/www.inovallee.com\\\/#organization\",\"name\":\"inovall\u00e9e\",\"url\":\"https:\\\/\\\/www.inovallee.com\\\/\",\"logo\":{\"@type\":\"ImageObject\",\"inLanguage\":\"en-GB\",\"@id\":\"https:\\\/\\\/www.inovallee.com\\\/#\\\/schema\\\/logo\\\/image\\\/\",\"url\":\"https:\\\/\\\/www.inovallee.com\\\/wp-content\\\/uploads\\\/2023\\\/08\\\/inovallee_2022_GrenobleAlpes.png\",\"contentUrl\":\"https:\\\/\\\/www.inovallee.com\\\/wp-content\\\/uploads\\\/2023\\\/08\\\/inovallee_2022_GrenobleAlpes.png\",\"width\":945,\"height\":369,\"caption\":\"inovall\u00e9e\"},\"image\":{\"@id\":\"https:\\\/\\\/www.inovallee.com\\\/#\\\/schema\\\/logo\\\/image\\\/\"},\"sameAs\":[\"https:\\\/\\\/www.facebook.com\\\/technopoleinovallee\\\/\",\"https:\\\/\\\/x.com\\\/inovallee\",\"https:\\\/\\\/www.linkedin.com\\\/company\\\/inovall-e\\\/\",\"https:\\\/\\\/www.youtube.com\\\/user\\\/inovallee?reload=9\"]},{\"@type\":\"Person\",\"@id\":\"https:\\\/\\\/www.inovallee.com\\\/#\\\/schema\\\/person\\\/a45b15518aad3111b2d61d257a3e023b\",\"name\":\"Inovallee\"}]}<\/script>\n<!-- \/ Yoast SEO plugin. -->","yoast_head_json":{"title":"Retour sur les \u00e9v\u00e8nements d&#039;inovall\u00e9e : Mieux connaitre la r\u00e9forme de la formation professionnelle - inovall\u00e9e","robots":{"index":"index","follow":"follow","max-snippet":"max-snippet:-1","max-image-preview":"max-image-preview:large","max-video-preview":"max-video-preview:-1"},"canonical":"https:\/\/www.inovallee.com\/en\/retour-sur-les-evenements-dinovallee-mieux-connaitre-la-reforme-de-la-formation-professionnelle\/","og_locale":"en_GB","og_type":"article","og_title":"Retour sur les \u00e9v\u00e8nements d&#039;inovall\u00e9e : Mieux connaitre la r\u00e9forme de la formation professionnelle - inovall\u00e9e","og_description":"inovall\u00e9e, en partenariat avec l&rsquo;APEC, a propos\u00e9 \u00e0 ses entreprises un petit d\u00e9jeuner sur la r\u00e9forme de la formation professionnelle le 18 d\u00e9cembre dernier auquel plus de 30 personnes ont assist\u00e9. Pascale Comtois et Jean-Marc Menigoz&nbsp; de l&rsquo;APEC ont pr\u00e9sent\u00e9 les points cl\u00e9s de cette r\u00e9forme et les changements majeurs qu&rsquo;elle va entrainer pour les [&hellip;]","og_url":"https:\/\/www.inovallee.com\/en\/retour-sur-les-evenements-dinovallee-mieux-connaitre-la-reforme-de-la-formation-professionnelle\/","og_site_name":"inovall\u00e9e","article_publisher":"https:\/\/www.facebook.com\/technopoleinovallee\/","article_published_time":"2015-01-07T07:49:00+00:00","og_image":[{"url":"http:\/\/2.bp.blogspot.com\/-FKSF_1dwrlw\/VKzkRhYE4JI\/AAAAAAAAPRE\/9gEIctJm6vY\/s1600\/IMG_7021.JPG","type":"","width":"","height":""}],"author":"Inovallee","twitter_card":"summary_large_image","twitter_creator":"@inovallee","twitter_site":"@inovallee","twitter_misc":{"Written by":"Inovallee","Estimated reading time":"1 minute"},"schema":{"@context":"https:\/\/schema.org","@graph":[{"@type":"Article","@id":"https:\/\/www.inovallee.com\/retour-sur-les-evenements-dinovallee-mieux-connaitre-la-reforme-de-la-formation-professionnelle\/#article","isPartOf":{"@id":"https:\/\/www.inovallee.com\/retour-sur-les-evenements-dinovallee-mieux-connaitre-la-reforme-de-la-formation-professionnelle\/"},"author":{"name":"Inovallee","@id":"https:\/\/www.inovallee.com\/#\/schema\/person\/a45b15518aad3111b2d61d257a3e023b"},"headline":"Retour sur les \u00e9v\u00e8nements d&#039;inovall\u00e9e : Mieux connaitre la r\u00e9forme de la formation professionnelle","datePublished":"2015-01-07T07:49:00+00:00","mainEntityOfPage":{"@id":"https:\/\/www.inovallee.com\/retour-sur-les-evenements-dinovallee-mieux-connaitre-la-reforme-de-la-formation-professionnelle\/"},"wordCount":189,"publisher":{"@id":"https:\/\/www.inovallee.com\/#organization"},"image":{"@id":"https:\/\/www.inovallee.com\/retour-sur-les-evenements-dinovallee-mieux-connaitre-la-reforme-de-la-formation-professionnelle\/#primaryimage"},"thumbnailUrl":"http:\/\/2.bp.blogspot.com\/-FKSF_1dwrlw\/VKzkRhYE4JI\/AAAAAAAAPRE\/9gEIctJm6vY\/s1600\/IMG_7021.JPG","articleSection":["Technopole inovall\u00e9e"],"inLanguage":"en-GB"},{"@type":"WebPage","@id":"https:\/\/www.inovallee.com\/retour-sur-les-evenements-dinovallee-mieux-connaitre-la-reforme-de-la-formation-professionnelle\/","url":"https:\/\/www.inovallee.com\/retour-sur-les-evenements-dinovallee-mieux-connaitre-la-reforme-de-la-formation-professionnelle\/","name":"Retour sur les \u00e9v\u00e8nements d&#039;inovall\u00e9e : Mieux connaitre la r\u00e9forme de la formation professionnelle - inovall\u00e9e","isPartOf":{"@id":"https:\/\/www.inovallee.com\/#website"},"primaryImageOfPage":{"@id":"https:\/\/www.inovallee.com\/retour-sur-les-evenements-dinovallee-mieux-connaitre-la-reforme-de-la-formation-professionnelle\/#primaryimage"},"image":{"@id":"https:\/\/www.inovallee.com\/retour-sur-les-evenements-dinovallee-mieux-connaitre-la-reforme-de-la-formation-professionnelle\/#primaryimage"},"thumbnailUrl":"http:\/\/2.bp.blogspot.com\/-FKSF_1dwrlw\/VKzkRhYE4JI\/AAAAAAAAPRE\/9gEIctJm6vY\/s1600\/IMG_7021.JPG","datePublished":"2015-01-07T07:49:00+00:00","breadcrumb":{"@id":"https:\/\/www.inovallee.com\/retour-sur-les-evenements-dinovallee-mieux-connaitre-la-reforme-de-la-formation-professionnelle\/#breadcrumb"},"inLanguage":"en-GB","potentialAction":[{"@type":"ReadAction","target":["https:\/\/www.inovallee.com\/retour-sur-les-evenements-dinovallee-mieux-connaitre-la-reforme-de-la-formation-professionnelle\/"]}]},{"@type":"ImageObject","inLanguage":"en-GB","@id":"https:\/\/www.inovallee.com\/retour-sur-les-evenements-dinovallee-mieux-connaitre-la-reforme-de-la-formation-professionnelle\/#primaryimage","url":"http:\/\/2.bp.blogspot.com\/-FKSF_1dwrlw\/VKzkRhYE4JI\/AAAAAAAAPRE\/9gEIctJm6vY\/s1600\/IMG_7021.JPG","contentUrl":"http:\/\/2.bp.blogspot.com\/-FKSF_1dwrlw\/VKzkRhYE4JI\/AAAAAAAAPRE\/9gEIctJm6vY\/s1600\/IMG_7021.JPG"},{"@type":"BreadcrumbList","@id":"https:\/\/www.inovallee.com\/retour-sur-les-evenements-dinovallee-mieux-connaitre-la-reforme-de-la-formation-professionnelle\/#breadcrumb","itemListElement":[{"@type":"ListItem","position":1,"name":"Accueil","item":"https:\/\/www.inovallee.com\/"},{"@type":"ListItem","position":2,"name":"Retour sur les \u00e9v\u00e8nements d&#039;inovall\u00e9e : Mieux connaitre la r\u00e9forme de la formation professionnelle"}]},{"@type":"WebSite","@id":"https:\/\/www.inovallee.com\/#website","url":"https:\/\/www.inovallee.com\/","name":"inovall\u00e9e technopole, Home to software & smart technologies","description":"Home to software &amp; smart technologies","publisher":{"@id":"https:\/\/www.inovallee.com\/#organization"},"potentialAction":[{"@type":"SearchAction","target":{"@type":"EntryPoint","urlTemplate":"https:\/\/www.inovallee.com\/?s={search_term_string}"},"query-input":{"@type":"PropertyValueSpecification","valueRequired":true,"valueName":"search_term_string"}}],"inLanguage":"en-GB"},{"@type":"Organization","@id":"https:\/\/www.inovallee.com\/#organization","name":"inovall\u00e9e","url":"https:\/\/www.inovallee.com\/","logo":{"@type":"ImageObject","inLanguage":"en-GB","@id":"https:\/\/www.inovallee.com\/#\/schema\/logo\/image\/","url":"https:\/\/www.inovallee.com\/wp-content\/uploads\/2023\/08\/inovallee_2022_GrenobleAlpes.png","contentUrl":"https:\/\/www.inovallee.com\/wp-content\/uploads\/2023\/08\/inovallee_2022_GrenobleAlpes.png","width":945,"height":369,"caption":"inovall\u00e9e"},"image":{"@id":"https:\/\/www.inovallee.com\/#\/schema\/logo\/image\/"},"sameAs":["https:\/\/www.facebook.com\/technopoleinovallee\/","https:\/\/x.com\/inovallee","https:\/\/www.linkedin.com\/company\/inovall-e\/","https:\/\/www.youtube.com\/user\/inovallee?reload=9"]},{"@type":"Person","@id":"https:\/\/www.inovallee.com\/#\/schema\/person\/a45b15518aad3111b2d61d257a3e023b","name":"Inovallee"}]}},"_links":{"self":[{"href":"https:\/\/www.inovallee.com\/en\/wp-json\/wp\/v2\/posts\/2054","targetHints":{"allow":["GET"]}}],"collection":[{"href":"https:\/\/www.inovallee.com\/en\/wp-json\/wp\/v2\/posts"}],"about":[{"href":"https:\/\/www.inovallee.com\/en\/wp-json\/wp\/v2\/types\/post"}],"author":[{"embeddable":true,"href":"https:\/\/www.inovallee.com\/en\/wp-json\/wp\/v2\/users\/6"}],"replies":[{"embeddable":true,"href":"https:\/\/www.inovallee.com\/en\/wp-json\/wp\/v2\/comments?post=2054"}],"version-history":[{"count":0,"href":"https:\/\/www.inovallee.com\/en\/wp-json\/wp\/v2\/posts\/2054\/revisions"}],"wp:attachment":[{"href":"https:\/\/www.inovallee.com\/en\/wp-json\/wp\/v2\/media?parent=2054"}],"wp:term":[{"taxonomy":"category","embeddable":true,"href":"https:\/\/www.inovallee.com\/en\/wp-json\/wp\/v2\/categories?post=2054"},{"taxonomy":"post_tag","embeddable":true,"href":"https:\/\/www.inovallee.com\/en\/wp-json\/wp\/v2\/tags?post=2054"}],"curies":[{"name":"wp","href":"https:\/\/api.w.org\/{rel}","templated":true}]}}