{"id":20801,"date":"2019-02-21T10:50:17","date_gmt":"2019-02-21T09:50:17","guid":{"rendered":"https:\/\/www.inovallee.com\/?p=20801"},"modified":"2019-02-21T10:50:17","modified_gmt":"2019-02-21T09:50:17","slug":"minimento-fait-un-retour-aux-sources-cap-sur-lentrepreneuriat-et-la-diffusion-des-savoirs","status":"publish","type":"post","link":"https:\/\/www.inovallee.com\/en\/minimento-fait-un-retour-aux-sources-cap-sur-lentrepreneuriat-et-la-diffusion-des-savoirs\/","title":{"rendered":"Minimento fait un retour aux sources : cap sur l\u2019entrepreneuriat et la diffusion des savoirs !"},"content":{"rendered":"<div class=\"wp-block-image\"><figure class=\"alignleft is-resized\"><img fetchpriority=\"high\" decoding=\"async\" src=\"https:\/\/www.inovallee.com\/wp-content\/uploads\/2019\/02\/vivatech2018-minimento-900x675.png\" alt=\"\" class=\"wp-image-20803\" width=\"450\" height=\"338\"\/><\/figure><\/div>\n\n\n<p>Lorsque Mathieu Verdon et Baptiste Vernier ont int\u00e9gr\u00e9 le Tarmac en 2014, nos deux jeunes \u00e9tudiants entrepreneurs de la premi\u00e8re heure avaient un r\u00eave\u00a0: contribuer \u00e0 la diffusion des savoirs en rendant les connaissances accessibles, \u00e0 travers des vid\u00e9os p\u00e9dagogiques capables de retranscrire en moins de 3 min les notions cl\u00e9s de n\u2019importe quel champ d\u2019expertise, f\u00fbt-il extr\u00eamement complexe, d\u2019une mani\u00e8re compr\u00e9hensible et m\u00e9morisable par le plus grand nombre.<\/p>\n\n\n<p>Depuis la cr\u00e9ation de Minimento, ils distillent d\u2019ailleurs avec succ\u00e8s leur expertise en synth\u00e8se de contenus et en sc\u00e9narisation graphique dans les plus grandes entreprises,\u00a0o\u00f9 leurs minimento de motion design aident les managers \u00e0 partager leur vision au sein des \u00e9quipes, \u00e0 accompagner le changement dans leur structure, ou encore \u00e0 former\/informer leurs \u00e9quipes. <\/p>\n\n\n<p><\/p>\n\n\n<p><strong><em>Cr\u00e9er son entreprise pour r\u00e9inventer le monde\u2026 <\/em><\/strong><\/p>\n\n\n<p>Une proposition de valeur qui a permis \u00e0 Minimento d\u2019afficher une croissance \u00e0 deux chiffres depuis sa cr\u00e9ation. Pour poursuivre son d\u00e9veloppement l\u2019entreprise est \u00e9videment amen\u00e9e \u00e0 se d\u00e9velopper dans les ann\u00e9es \u00e0 venir autour d\u2019axes r\u00e9solument novateurs, en cours d\u2019\u00e9laboration d\u2019ailleurs\u00a0! Car il n\u2019y a pas d\u2019entreprise sans client, et pas de client sans besoin qui soit pr\u00eat \u00e0 payer pour le satisfaire. Mettre son savoir-faire au service du faire-savoir est en soi une proposition de valeur qui a su trouver son march\u00e9. Et si les fondateurs de Minimento ont la t\u00eate dans les \u00e9toiles, ils n\u2019en ont pas moins les pieds sur terre \u2026<\/p>\n\n\n<p>Pour autant, ils n\u2019ont rien perdu de leurs r\u00eaves initiaux. Nos deux passionn\u00e9s ont donc d\u00e9cid\u00e9 de consacrer 80% de leur 120% d\u2019\u00e9nergie \u00e0 d\u00e9velopper leur entreprise et satisfaire leurs clients, mais d\u2019en garder 20% \u00e0 concr\u00e9tiser leur r\u00eave. C\u2019est ainsi que vient de na\u00eetre la premi\u00e8re pierre d\u2019un nouvel \u00e9difice des savoirs avec le lancement de leur offre <a href=\"http:\/\/www.minimento.fr\/education.html#page-top\">\u00ab\u00a0minimento for education\u00a0\u00bb.<\/a><\/p>\n\n\n<p><strong><em>Minimento for education, ou le savoir pour tous<\/em><\/strong><\/p>\n\n\n<p>Cr\u00e9ateurs de la premi\u00e8re vid\u00e9o de lancement du statut \u00e9tudiant entrepreneur, et membres fondateurs de la Chaire P\u00e9pite France, c\u2019est tout naturellement avec <a href=\"https:\/\/www.pepite-france.fr\/\">P\u00e9pite France<\/a> que Matthieu et Baptiste ont d\u00e9cid\u00e9 de lancer leur premier pack de d\u00e9marrage vid\u00e9o \u00e0 destination des \u2026 entrepreneurs\u00a0!<\/p>\n\n\n<div class=\"wp-block-image\"><figure class=\"alignleft is-resized\"><a href=\"http:\/\/www.minimento.fr\/education.html#page-top\" target=\"_blank\" rel=\"noreferrer noopener\"><img decoding=\"async\" src=\"https:\/\/www.inovallee.com\/wp-content\/uploads\/2019\/02\/minimento-900x695.png\" alt=\"\" class=\"wp-image-20802\" width=\"450\" height=\"348\"\/><\/a><\/figure><\/div>\n\n\n<p>12 vid\u00e9os th\u00e9matiques sur l\u2019entrepreneuriat ont \u00e9t\u00e9 enti\u00e8rement con\u00e7ues et r\u00e9alis\u00e9es par Minimento avec le soutien de P\u00e9pite France, et du minist\u00e8re de l\u2019enseignement sup\u00e9rieur et de la recherche dans le cadre des PIA. <\/p>\n\n\n<p>L\u2019occasion pour les entrepreneurs en herbe de se frotter de mani\u00e8re ludique et facile aux challenges qui les attendent et de d\u00e9marrer sereinement en acqu\u00e9rant les bases du Business Plan, de la compta, de la lev\u00e9e de fonds, du crowdfunding, du pitch\u2026 et m\u00eame du r\u00f4le et de l\u2019importance de l\u2019\u00e9chec\u00a0!<\/p>\n\n\n<p>Une v\u00e9ritable mine d\u2019informations entrepreneuriales, qui n\u2019est que la premi\u00e8re \u00e9tape d\u2019une longue s\u00e9rie \u00e0 venir destin\u00e9e \u00e0 soutenir de nouvelles formes d\u2019apprentissage, parfaitement adapt\u00e9es aux nouveaux besoins de milleniums hyperconnect\u00e9s qui pr\u00e9f\u00e8rent largement 3 min de vid\u00e9o \u00e0 200 pages de livre.<\/p>\n\n\n<p><a href=\"http:\/\/www.minimento.fr\/education.html#page-top\">http:\/\/www.minimento.fr\/education.html#page-top<\/a><\/p>","protected":false},"excerpt":{"rendered":"<p>Lorsque Mathieu Verdon et Baptiste Vernier ont int\u00e9gr\u00e9 le Tarmac en 2014, nos deux jeunes \u00e9tudiants entrepreneurs de la premi\u00e8re heure avaient un r\u00eave\u00a0: contribuer \u00e0 la diffusion des savoirs en rendant les connaissances accessibles, \u00e0 travers des vid\u00e9os p\u00e9dagogiques capables de retranscrire en moins de 3 min les notions cl\u00e9s de n\u2019importe quel champ [&hellip;]<\/p>\n","protected":false},"author":6,"featured_media":20802,"comment_status":"closed","ping_status":"open","sticky":false,"template":"","format":"standard","meta":{"footnotes":""},"categories":[45,44],"tags":[138,139],"class_list":["post-20801","post","type-post","status-publish","format-standard","has-post-thumbnail","hentry","category-startup-tarmac","category-tarmac-incubator","tag-edtech","tag-video-synthese"],"yoast_head":"<!-- This site is optimized with the Yoast SEO plugin v27.4 - https:\/\/yoast.com\/product\/yoast-seo-wordpress\/ -->\n<title>Minimento fait un retour aux sources : cap sur l\u2019entrepreneuriat et la diffusion des savoirs ! - inovall\u00e9e<\/title>\n<meta name=\"robots\" content=\"index, follow, max-snippet:-1, max-image-preview:large, max-video-preview:-1\" \/>\n<link rel=\"canonical\" href=\"https:\/\/www.inovallee.com\/en\/minimento-fait-un-retour-aux-sources-cap-sur-lentrepreneuriat-et-la-diffusion-des-savoirs\/\" \/>\n<meta property=\"og:locale\" content=\"en_GB\" \/>\n<meta property=\"og:type\" content=\"article\" \/>\n<meta property=\"og:title\" content=\"Minimento fait un retour aux sources : cap sur l\u2019entrepreneuriat et la diffusion des savoirs ! - inovall\u00e9e\" \/>\n<meta property=\"og:description\" content=\"Lorsque Mathieu Verdon et Baptiste Vernier ont int\u00e9gr\u00e9 le Tarmac en 2014, nos deux jeunes \u00e9tudiants entrepreneurs de la premi\u00e8re heure avaient un r\u00eave\u00a0: contribuer \u00e0 la diffusion des savoirs en rendant les connaissances accessibles, \u00e0 travers des vid\u00e9os p\u00e9dagogiques capables de retranscrire en moins de 3 min les notions cl\u00e9s de n\u2019importe quel champ [&hellip;]\" \/>\n<meta property=\"og:url\" content=\"https:\/\/www.inovallee.com\/en\/minimento-fait-un-retour-aux-sources-cap-sur-lentrepreneuriat-et-la-diffusion-des-savoirs\/\" \/>\n<meta property=\"og:site_name\" content=\"inovall\u00e9e\" \/>\n<meta property=\"article:publisher\" content=\"https:\/\/www.facebook.com\/technopoleinovallee\/\" \/>\n<meta property=\"article:published_time\" content=\"2019-02-21T09:50:17+00:00\" \/>\n<meta property=\"og:image\" content=\"https:\/\/www.inovallee.com\/wp-content\/uploads\/2019\/02\/minimento.png\" \/>\n\t<meta property=\"og:image:width\" content=\"1079\" \/>\n\t<meta property=\"og:image:height\" content=\"833\" \/>\n\t<meta property=\"og:image:type\" content=\"image\/png\" \/>\n<meta name=\"author\" content=\"Inovallee\" \/>\n<meta name=\"twitter:card\" content=\"summary_large_image\" \/>\n<meta name=\"twitter:creator\" content=\"@inovallee\" \/>\n<meta name=\"twitter:site\" content=\"@inovallee\" \/>\n<meta name=\"twitter:label1\" content=\"Written by\" \/>\n\t<meta name=\"twitter:data1\" content=\"Inovallee\" \/>\n\t<meta name=\"twitter:label2\" content=\"Estimated reading time\" \/>\n\t<meta name=\"twitter:data2\" content=\"3 minutes\" \/>\n<script type=\"application\/ld+json\" class=\"yoast-schema-graph\">{\"@context\":\"https:\\\/\\\/schema.org\",\"@graph\":[{\"@type\":\"Article\",\"@id\":\"https:\\\/\\\/www.inovallee.com\\\/minimento-fait-un-retour-aux-sources-cap-sur-lentrepreneuriat-et-la-diffusion-des-savoirs\\\/#article\",\"isPartOf\":{\"@id\":\"https:\\\/\\\/www.inovallee.com\\\/minimento-fait-un-retour-aux-sources-cap-sur-lentrepreneuriat-et-la-diffusion-des-savoirs\\\/\"},\"author\":{\"name\":\"Inovallee\",\"@id\":\"https:\\\/\\\/www.inovallee.com\\\/#\\\/schema\\\/person\\\/a45b15518aad3111b2d61d257a3e023b\"},\"headline\":\"Minimento fait un retour aux sources : cap sur l\u2019entrepreneuriat et la diffusion des savoirs !\",\"datePublished\":\"2019-02-21T09:50:17+00:00\",\"mainEntityOfPage\":{\"@id\":\"https:\\\/\\\/www.inovallee.com\\\/minimento-fait-un-retour-aux-sources-cap-sur-lentrepreneuriat-et-la-diffusion-des-savoirs\\\/\"},\"wordCount\":568,\"publisher\":{\"@id\":\"https:\\\/\\\/www.inovallee.com\\\/#organization\"},\"image\":{\"@id\":\"https:\\\/\\\/www.inovallee.com\\\/minimento-fait-un-retour-aux-sources-cap-sur-lentrepreneuriat-et-la-diffusion-des-savoirs\\\/#primaryimage\"},\"thumbnailUrl\":\"https:\\\/\\\/www.inovallee.com\\\/wp-content\\\/uploads\\\/2019\\\/02\\\/minimento.png\",\"keywords\":[\"EdTech\",\"vid\u00e9o synth\u00e8se\"],\"articleSection\":[\"L'\u00e9cho des startups du Tarmac\",\"Tarmac incubator\"],\"inLanguage\":\"en-GB\"},{\"@type\":\"WebPage\",\"@id\":\"https:\\\/\\\/www.inovallee.com\\\/minimento-fait-un-retour-aux-sources-cap-sur-lentrepreneuriat-et-la-diffusion-des-savoirs\\\/\",\"url\":\"https:\\\/\\\/www.inovallee.com\\\/minimento-fait-un-retour-aux-sources-cap-sur-lentrepreneuriat-et-la-diffusion-des-savoirs\\\/\",\"name\":\"Minimento fait un retour aux sources : cap sur l\u2019entrepreneuriat et la diffusion des savoirs ! - inovall\u00e9e\",\"isPartOf\":{\"@id\":\"https:\\\/\\\/www.inovallee.com\\\/#website\"},\"primaryImageOfPage\":{\"@id\":\"https:\\\/\\\/www.inovallee.com\\\/minimento-fait-un-retour-aux-sources-cap-sur-lentrepreneuriat-et-la-diffusion-des-savoirs\\\/#primaryimage\"},\"image\":{\"@id\":\"https:\\\/\\\/www.inovallee.com\\\/minimento-fait-un-retour-aux-sources-cap-sur-lentrepreneuriat-et-la-diffusion-des-savoirs\\\/#primaryimage\"},\"thumbnailUrl\":\"https:\\\/\\\/www.inovallee.com\\\/wp-content\\\/uploads\\\/2019\\\/02\\\/minimento.png\",\"datePublished\":\"2019-02-21T09:50:17+00:00\",\"breadcrumb\":{\"@id\":\"https:\\\/\\\/www.inovallee.com\\\/minimento-fait-un-retour-aux-sources-cap-sur-lentrepreneuriat-et-la-diffusion-des-savoirs\\\/#breadcrumb\"},\"inLanguage\":\"en-GB\",\"potentialAction\":[{\"@type\":\"ReadAction\",\"target\":[\"https:\\\/\\\/www.inovallee.com\\\/minimento-fait-un-retour-aux-sources-cap-sur-lentrepreneuriat-et-la-diffusion-des-savoirs\\\/\"]}]},{\"@type\":\"ImageObject\",\"inLanguage\":\"en-GB\",\"@id\":\"https:\\\/\\\/www.inovallee.com\\\/minimento-fait-un-retour-aux-sources-cap-sur-lentrepreneuriat-et-la-diffusion-des-savoirs\\\/#primaryimage\",\"url\":\"https:\\\/\\\/www.inovallee.com\\\/wp-content\\\/uploads\\\/2019\\\/02\\\/minimento.png\",\"contentUrl\":\"https:\\\/\\\/www.inovallee.com\\\/wp-content\\\/uploads\\\/2019\\\/02\\\/minimento.png\",\"width\":1079,\"height\":833},{\"@type\":\"BreadcrumbList\",\"@id\":\"https:\\\/\\\/www.inovallee.com\\\/minimento-fait-un-retour-aux-sources-cap-sur-lentrepreneuriat-et-la-diffusion-des-savoirs\\\/#breadcrumb\",\"itemListElement\":[{\"@type\":\"ListItem\",\"position\":1,\"name\":\"Accueil\",\"item\":\"https:\\\/\\\/www.inovallee.com\\\/\"},{\"@type\":\"ListItem\",\"position\":2,\"name\":\"Minimento fait un retour aux sources : cap sur l\u2019entrepreneuriat et la diffusion des savoirs !\"}]},{\"@type\":\"WebSite\",\"@id\":\"https:\\\/\\\/www.inovallee.com\\\/#website\",\"url\":\"https:\\\/\\\/www.inovallee.com\\\/\",\"name\":\"inovall\u00e9e technopole, Home to software & smart technologies\",\"description\":\"Home to software &amp; smart technologies\",\"publisher\":{\"@id\":\"https:\\\/\\\/www.inovallee.com\\\/#organization\"},\"potentialAction\":[{\"@type\":\"SearchAction\",\"target\":{\"@type\":\"EntryPoint\",\"urlTemplate\":\"https:\\\/\\\/www.inovallee.com\\\/?s={search_term_string}\"},\"query-input\":{\"@type\":\"PropertyValueSpecification\",\"valueRequired\":true,\"valueName\":\"search_term_string\"}}],\"inLanguage\":\"en-GB\"},{\"@type\":\"Organization\",\"@id\":\"https:\\\/\\\/www.inovallee.com\\\/#organization\",\"name\":\"inovall\u00e9e\",\"url\":\"https:\\\/\\\/www.inovallee.com\\\/\",\"logo\":{\"@type\":\"ImageObject\",\"inLanguage\":\"en-GB\",\"@id\":\"https:\\\/\\\/www.inovallee.com\\\/#\\\/schema\\\/logo\\\/image\\\/\",\"url\":\"https:\\\/\\\/www.inovallee.com\\\/wp-content\\\/uploads\\\/2023\\\/08\\\/inovallee_2022_GrenobleAlpes.png\",\"contentUrl\":\"https:\\\/\\\/www.inovallee.com\\\/wp-content\\\/uploads\\\/2023\\\/08\\\/inovallee_2022_GrenobleAlpes.png\",\"width\":945,\"height\":369,\"caption\":\"inovall\u00e9e\"},\"image\":{\"@id\":\"https:\\\/\\\/www.inovallee.com\\\/#\\\/schema\\\/logo\\\/image\\\/\"},\"sameAs\":[\"https:\\\/\\\/www.facebook.com\\\/technopoleinovallee\\\/\",\"https:\\\/\\\/x.com\\\/inovallee\",\"https:\\\/\\\/www.linkedin.com\\\/company\\\/inovall-e\\\/\",\"https:\\\/\\\/www.youtube.com\\\/user\\\/inovallee?reload=9\"]},{\"@type\":\"Person\",\"@id\":\"https:\\\/\\\/www.inovallee.com\\\/#\\\/schema\\\/person\\\/a45b15518aad3111b2d61d257a3e023b\",\"name\":\"Inovallee\"}]}<\/script>\n<!-- \/ Yoast SEO plugin. -->","yoast_head_json":{"title":"Minimento fait un retour aux sources : cap sur l\u2019entrepreneuriat et la diffusion des savoirs ! - inovall\u00e9e","robots":{"index":"index","follow":"follow","max-snippet":"max-snippet:-1","max-image-preview":"max-image-preview:large","max-video-preview":"max-video-preview:-1"},"canonical":"https:\/\/www.inovallee.com\/en\/minimento-fait-un-retour-aux-sources-cap-sur-lentrepreneuriat-et-la-diffusion-des-savoirs\/","og_locale":"en_GB","og_type":"article","og_title":"Minimento fait un retour aux sources : cap sur l\u2019entrepreneuriat et la diffusion des savoirs ! - inovall\u00e9e","og_description":"Lorsque Mathieu Verdon et Baptiste Vernier ont int\u00e9gr\u00e9 le Tarmac en 2014, nos deux jeunes \u00e9tudiants entrepreneurs de la premi\u00e8re heure avaient un r\u00eave\u00a0: contribuer \u00e0 la diffusion des savoirs en rendant les connaissances accessibles, \u00e0 travers des vid\u00e9os p\u00e9dagogiques capables de retranscrire en moins de 3 min les notions cl\u00e9s de n\u2019importe quel champ [&hellip;]","og_url":"https:\/\/www.inovallee.com\/en\/minimento-fait-un-retour-aux-sources-cap-sur-lentrepreneuriat-et-la-diffusion-des-savoirs\/","og_site_name":"inovall\u00e9e","article_publisher":"https:\/\/www.facebook.com\/technopoleinovallee\/","article_published_time":"2019-02-21T09:50:17+00:00","og_image":[{"width":1079,"height":833,"url":"https:\/\/www.inovallee.com\/wp-content\/uploads\/2019\/02\/minimento.png","type":"image\/png"}],"author":"Inovallee","twitter_card":"summary_large_image","twitter_creator":"@inovallee","twitter_site":"@inovallee","twitter_misc":{"Written by":"Inovallee","Estimated reading time":"3 minutes"},"schema":{"@context":"https:\/\/schema.org","@graph":[{"@type":"Article","@id":"https:\/\/www.inovallee.com\/minimento-fait-un-retour-aux-sources-cap-sur-lentrepreneuriat-et-la-diffusion-des-savoirs\/#article","isPartOf":{"@id":"https:\/\/www.inovallee.com\/minimento-fait-un-retour-aux-sources-cap-sur-lentrepreneuriat-et-la-diffusion-des-savoirs\/"},"author":{"name":"Inovallee","@id":"https:\/\/www.inovallee.com\/#\/schema\/person\/a45b15518aad3111b2d61d257a3e023b"},"headline":"Minimento fait un retour aux sources : cap sur l\u2019entrepreneuriat et la diffusion des savoirs !","datePublished":"2019-02-21T09:50:17+00:00","mainEntityOfPage":{"@id":"https:\/\/www.inovallee.com\/minimento-fait-un-retour-aux-sources-cap-sur-lentrepreneuriat-et-la-diffusion-des-savoirs\/"},"wordCount":568,"publisher":{"@id":"https:\/\/www.inovallee.com\/#organization"},"image":{"@id":"https:\/\/www.inovallee.com\/minimento-fait-un-retour-aux-sources-cap-sur-lentrepreneuriat-et-la-diffusion-des-savoirs\/#primaryimage"},"thumbnailUrl":"https:\/\/www.inovallee.com\/wp-content\/uploads\/2019\/02\/minimento.png","keywords":["EdTech","vid\u00e9o synth\u00e8se"],"articleSection":["L'\u00e9cho des startups du Tarmac","Tarmac incubator"],"inLanguage":"en-GB"},{"@type":"WebPage","@id":"https:\/\/www.inovallee.com\/minimento-fait-un-retour-aux-sources-cap-sur-lentrepreneuriat-et-la-diffusion-des-savoirs\/","url":"https:\/\/www.inovallee.com\/minimento-fait-un-retour-aux-sources-cap-sur-lentrepreneuriat-et-la-diffusion-des-savoirs\/","name":"Minimento fait un retour aux sources : cap sur l\u2019entrepreneuriat et la diffusion des savoirs ! - inovall\u00e9e","isPartOf":{"@id":"https:\/\/www.inovallee.com\/#website"},"primaryImageOfPage":{"@id":"https:\/\/www.inovallee.com\/minimento-fait-un-retour-aux-sources-cap-sur-lentrepreneuriat-et-la-diffusion-des-savoirs\/#primaryimage"},"image":{"@id":"https:\/\/www.inovallee.com\/minimento-fait-un-retour-aux-sources-cap-sur-lentrepreneuriat-et-la-diffusion-des-savoirs\/#primaryimage"},"thumbnailUrl":"https:\/\/www.inovallee.com\/wp-content\/uploads\/2019\/02\/minimento.png","datePublished":"2019-02-21T09:50:17+00:00","breadcrumb":{"@id":"https:\/\/www.inovallee.com\/minimento-fait-un-retour-aux-sources-cap-sur-lentrepreneuriat-et-la-diffusion-des-savoirs\/#breadcrumb"},"inLanguage":"en-GB","potentialAction":[{"@type":"ReadAction","target":["https:\/\/www.inovallee.com\/minimento-fait-un-retour-aux-sources-cap-sur-lentrepreneuriat-et-la-diffusion-des-savoirs\/"]}]},{"@type":"ImageObject","inLanguage":"en-GB","@id":"https:\/\/www.inovallee.com\/minimento-fait-un-retour-aux-sources-cap-sur-lentrepreneuriat-et-la-diffusion-des-savoirs\/#primaryimage","url":"https:\/\/www.inovallee.com\/wp-content\/uploads\/2019\/02\/minimento.png","contentUrl":"https:\/\/www.inovallee.com\/wp-content\/uploads\/2019\/02\/minimento.png","width":1079,"height":833},{"@type":"BreadcrumbList","@id":"https:\/\/www.inovallee.com\/minimento-fait-un-retour-aux-sources-cap-sur-lentrepreneuriat-et-la-diffusion-des-savoirs\/#breadcrumb","itemListElement":[{"@type":"ListItem","position":1,"name":"Accueil","item":"https:\/\/www.inovallee.com\/"},{"@type":"ListItem","position":2,"name":"Minimento fait un retour aux sources : cap sur l\u2019entrepreneuriat et la diffusion des savoirs !"}]},{"@type":"WebSite","@id":"https:\/\/www.inovallee.com\/#website","url":"https:\/\/www.inovallee.com\/","name":"inovall\u00e9e technopole, Home to software & smart technologies","description":"Home to software &amp; smart technologies","publisher":{"@id":"https:\/\/www.inovallee.com\/#organization"},"potentialAction":[{"@type":"SearchAction","target":{"@type":"EntryPoint","urlTemplate":"https:\/\/www.inovallee.com\/?s={search_term_string}"},"query-input":{"@type":"PropertyValueSpecification","valueRequired":true,"valueName":"search_term_string"}}],"inLanguage":"en-GB"},{"@type":"Organization","@id":"https:\/\/www.inovallee.com\/#organization","name":"inovall\u00e9e","url":"https:\/\/www.inovallee.com\/","logo":{"@type":"ImageObject","inLanguage":"en-GB","@id":"https:\/\/www.inovallee.com\/#\/schema\/logo\/image\/","url":"https:\/\/www.inovallee.com\/wp-content\/uploads\/2023\/08\/inovallee_2022_GrenobleAlpes.png","contentUrl":"https:\/\/www.inovallee.com\/wp-content\/uploads\/2023\/08\/inovallee_2022_GrenobleAlpes.png","width":945,"height":369,"caption":"inovall\u00e9e"},"image":{"@id":"https:\/\/www.inovallee.com\/#\/schema\/logo\/image\/"},"sameAs":["https:\/\/www.facebook.com\/technopoleinovallee\/","https:\/\/x.com\/inovallee","https:\/\/www.linkedin.com\/company\/inovall-e\/","https:\/\/www.youtube.com\/user\/inovallee?reload=9"]},{"@type":"Person","@id":"https:\/\/www.inovallee.com\/#\/schema\/person\/a45b15518aad3111b2d61d257a3e023b","name":"Inovallee"}]}},"_links":{"self":[{"href":"https:\/\/www.inovallee.com\/en\/wp-json\/wp\/v2\/posts\/20801","targetHints":{"allow":["GET"]}}],"collection":[{"href":"https:\/\/www.inovallee.com\/en\/wp-json\/wp\/v2\/posts"}],"about":[{"href":"https:\/\/www.inovallee.com\/en\/wp-json\/wp\/v2\/types\/post"}],"author":[{"embeddable":true,"href":"https:\/\/www.inovallee.com\/en\/wp-json\/wp\/v2\/users\/6"}],"replies":[{"embeddable":true,"href":"https:\/\/www.inovallee.com\/en\/wp-json\/wp\/v2\/comments?post=20801"}],"version-history":[{"count":0,"href":"https:\/\/www.inovallee.com\/en\/wp-json\/wp\/v2\/posts\/20801\/revisions"}],"wp:featuredmedia":[{"embeddable":true,"href":"https:\/\/www.inovallee.com\/en\/wp-json\/wp\/v2\/media\/20802"}],"wp:attachment":[{"href":"https:\/\/www.inovallee.com\/en\/wp-json\/wp\/v2\/media?parent=20801"}],"wp:term":[{"taxonomy":"category","embeddable":true,"href":"https:\/\/www.inovallee.com\/en\/wp-json\/wp\/v2\/categories?post=20801"},{"taxonomy":"post_tag","embeddable":true,"href":"https:\/\/www.inovallee.com\/en\/wp-json\/wp\/v2\/tags?post=20801"}],"curies":[{"name":"wp","href":"https:\/\/api.w.org\/{rel}","templated":true}]}}