{"id":2134,"date":"2014-10-02T10:58:00","date_gmt":"2014-10-02T09:58:00","guid":{"rendered":"https:\/\/www.inovallee.com\/une-delegation-argentine-en-visite-a-inovallee-le-21-septembre-dernier\/"},"modified":"2014-10-02T10:58:00","modified_gmt":"2014-10-02T09:58:00","slug":"une-delegation-argentine-en-visite-a-inovallee-le-21-septembre-dernier","status":"publish","type":"post","link":"https:\/\/www.inovallee.com\/en\/une-delegation-argentine-en-visite-a-inovallee-le-21-septembre-dernier\/","title":{"rendered":"Une d\u00e9l\u00e9gation argentine en visite \u00e0 inovall\u00e9e le 21 septembre dernier"},"content":{"rendered":"<div dir=\"ltr\" style=\"text-align: left;\">\n<div style=\"clear: both; text-align: center;\"><a href=\"http:\/\/1.bp.blogspot.com\/-N7Olc_1ch2Y\/VC0ck7bsWQI\/AAAAAAAANBQ\/EoFiS4fRcNY\/s1600\/IMG_3012.JPG\" style=\"clear: left; float: left; margin-bottom: 1em; margin-right: 1em;\"><img decoding=\"async\" border=\"0\" src=\"http:\/\/1.bp.blogspot.com\/-N7Olc_1ch2Y\/VC0ck7bsWQI\/AAAAAAAANBQ\/EoFiS4fRcNY\/s1600\/IMG_3012.JPG\" height=\"133\" width=\"200\" \/><\/a><\/div>\n<p><span style=\"font-size: x-small;\"><span style=\"font-family: Arial,Helvetica,sans-serif;\">Inovall\u00e9e a re\u00e7u le 21 septembre une d\u00e9l\u00e9gation argentine compos\u00e9e de 11 chefs d&rsquo;entreprises du pole Technopolis situ\u00e9 \u00e0 Bahia Blanca dans la province de Buenos Aires. L\u2019objectif&nbsp; de cette visite en Europe est de mieux connaitre l\u2019environnement technologique et les modalit\u00e9s de soutien aux PME et la possibilit\u00e9 d&rsquo;\u00e9tablir des partenariats industriels. Parmi les p\u00f4les technologiques europ\u00e9ens au programme, ils ont bien \u00e9videmment souhait\u00e9 visiter l&rsquo;une des plus anciennes et des plus atypiques technopoles fran\u00e7aises : inovall\u00e9e.<\/span><\/span><br \/><span style=\"font-size: x-small;\"><span style=\"font-family: Arial,Helvetica,sans-serif;\">La pr\u00e9sentation du fonctionnement et des sp\u00e9cificit\u00e9s du mod\u00e8le \u00e9conomique de notre technopole a suscit\u00e9 un vif int\u00e9r\u00eat ainsi nombreuses questions. Les \u00e9changes devraient se poursuivre par le biais de l&rsquo;ambassade d&rsquo;Argentine en France.<\/span><\/span><\/p>\n<p><span style=\"font-size: x-small;\"><span style=\"font-family: Arial,Helvetica,sans-serif;\">Lien vers le site de <a href=\"http:\/\/www.tecnopolisdelsur.com.ar\/index.php?leng=ing#\" target=\"_blank\" rel=\"noopener noreferrer\">Tecnopols del sur <\/a><\/span><\/span><\/p>\n<div style=\"clear: both; text-align: center;\"><a href=\"http:\/\/3.bp.blogspot.com\/-JRFl4ZgdKek\/VC0Bkxktx0I\/AAAAAAAANBA\/CB6h4fhHzXs\/s1600\/IMG_3018.JPG\" style=\"margin-left: 1em; margin-right: 1em;\"><img fetchpriority=\"high\" decoding=\"async\" border=\"0\" src=\"http:\/\/3.bp.blogspot.com\/-JRFl4ZgdKek\/VC0Bkxktx0I\/AAAAAAAANBA\/CB6h4fhHzXs\/s1600\/IMG_3018.JPG\" height=\"213\" width=\"320\" \/><\/a><\/div>\n<p><\/div>","protected":false},"excerpt":{"rendered":"<p>Inovall\u00e9e a re\u00e7u le 21 septembre une d\u00e9l\u00e9gation argentine compos\u00e9e de 11 chefs d&rsquo;entreprises du pole Technopolis situ\u00e9 \u00e0 Bahia Blanca dans la province de Buenos Aires. L\u2019objectif&nbsp; de cette visite en Europe est de mieux connaitre l\u2019environnement technologique et les modalit\u00e9s de soutien aux PME et la possibilit\u00e9 d&rsquo;\u00e9tablir des partenariats industriels. Parmi les [&hellip;]<\/p>\n","protected":false},"author":6,"featured_media":0,"comment_status":"closed","ping_status":"open","sticky":false,"template":"","format":"standard","meta":{"footnotes":""},"categories":[29],"tags":[],"class_list":["post-2134","post","type-post","status-publish","format-standard","hentry","category-evenements"],"yoast_head":"<!-- This site is optimized with the Yoast SEO plugin v27.4 - https:\/\/yoast.com\/product\/yoast-seo-wordpress\/ -->\n<title>Une d\u00e9l\u00e9gation argentine en visite \u00e0 inovall\u00e9e le 21 septembre dernier - inovall\u00e9e<\/title>\n<meta name=\"robots\" content=\"index, follow, max-snippet:-1, max-image-preview:large, max-video-preview:-1\" \/>\n<link rel=\"canonical\" href=\"https:\/\/www.inovallee.com\/en\/une-delegation-argentine-en-visite-a-inovallee-le-21-septembre-dernier\/\" \/>\n<meta property=\"og:locale\" content=\"en_GB\" \/>\n<meta property=\"og:type\" content=\"article\" \/>\n<meta property=\"og:title\" content=\"Une d\u00e9l\u00e9gation argentine en visite \u00e0 inovall\u00e9e le 21 septembre dernier - inovall\u00e9e\" \/>\n<meta property=\"og:description\" content=\"Inovall\u00e9e a re\u00e7u le 21 septembre une d\u00e9l\u00e9gation argentine compos\u00e9e de 11 chefs d&rsquo;entreprises du pole Technopolis situ\u00e9 \u00e0 Bahia Blanca dans la province de Buenos Aires. L\u2019objectif&nbsp; de cette visite en Europe est de mieux connaitre l\u2019environnement technologique et les modalit\u00e9s de soutien aux PME et la possibilit\u00e9 d&rsquo;\u00e9tablir des partenariats industriels. Parmi les [&hellip;]\" \/>\n<meta property=\"og:url\" content=\"https:\/\/www.inovallee.com\/en\/une-delegation-argentine-en-visite-a-inovallee-le-21-septembre-dernier\/\" \/>\n<meta property=\"og:site_name\" content=\"inovall\u00e9e\" \/>\n<meta property=\"article:publisher\" content=\"https:\/\/www.facebook.com\/technopoleinovallee\/\" \/>\n<meta property=\"article:published_time\" content=\"2014-10-02T09:58:00+00:00\" \/>\n<meta property=\"og:image\" content=\"http:\/\/1.bp.blogspot.com\/-N7Olc_1ch2Y\/VC0ck7bsWQI\/AAAAAAAANBQ\/EoFiS4fRcNY\/s1600\/IMG_3012.JPG\" \/>\n<meta name=\"author\" content=\"Inovallee\" \/>\n<meta name=\"twitter:card\" content=\"summary_large_image\" \/>\n<meta name=\"twitter:creator\" content=\"@inovallee\" \/>\n<meta name=\"twitter:site\" content=\"@inovallee\" \/>\n<meta name=\"twitter:label1\" content=\"Written by\" \/>\n\t<meta name=\"twitter:data1\" content=\"Inovallee\" \/>\n\t<meta name=\"twitter:label2\" content=\"Estimated reading time\" \/>\n\t<meta name=\"twitter:data2\" content=\"1 minute\" \/>\n<script type=\"application\/ld+json\" class=\"yoast-schema-graph\">{\"@context\":\"https:\\\/\\\/schema.org\",\"@graph\":[{\"@type\":\"Article\",\"@id\":\"https:\\\/\\\/www.inovallee.com\\\/une-delegation-argentine-en-visite-a-inovallee-le-21-septembre-dernier\\\/#article\",\"isPartOf\":{\"@id\":\"https:\\\/\\\/www.inovallee.com\\\/une-delegation-argentine-en-visite-a-inovallee-le-21-septembre-dernier\\\/\"},\"author\":{\"name\":\"Inovallee\",\"@id\":\"https:\\\/\\\/www.inovallee.com\\\/#\\\/schema\\\/person\\\/a45b15518aad3111b2d61d257a3e023b\"},\"headline\":\"Une d\u00e9l\u00e9gation argentine en visite \u00e0 inovall\u00e9e le 21 septembre dernier\",\"datePublished\":\"2014-10-02T09:58:00+00:00\",\"mainEntityOfPage\":{\"@id\":\"https:\\\/\\\/www.inovallee.com\\\/une-delegation-argentine-en-visite-a-inovallee-le-21-septembre-dernier\\\/\"},\"wordCount\":152,\"publisher\":{\"@id\":\"https:\\\/\\\/www.inovallee.com\\\/#organization\"},\"image\":{\"@id\":\"https:\\\/\\\/www.inovallee.com\\\/une-delegation-argentine-en-visite-a-inovallee-le-21-septembre-dernier\\\/#primaryimage\"},\"thumbnailUrl\":\"http:\\\/\\\/1.bp.blogspot.com\\\/-N7Olc_1ch2Y\\\/VC0ck7bsWQI\\\/AAAAAAAANBQ\\\/EoFiS4fRcNY\\\/s1600\\\/IMG_3012.JPG\",\"articleSection\":[\"Technopole inovall\u00e9e\"],\"inLanguage\":\"en-GB\"},{\"@type\":\"WebPage\",\"@id\":\"https:\\\/\\\/www.inovallee.com\\\/une-delegation-argentine-en-visite-a-inovallee-le-21-septembre-dernier\\\/\",\"url\":\"https:\\\/\\\/www.inovallee.com\\\/une-delegation-argentine-en-visite-a-inovallee-le-21-septembre-dernier\\\/\",\"name\":\"Une d\u00e9l\u00e9gation argentine en visite \u00e0 inovall\u00e9e le 21 septembre dernier - inovall\u00e9e\",\"isPartOf\":{\"@id\":\"https:\\\/\\\/www.inovallee.com\\\/#website\"},\"primaryImageOfPage\":{\"@id\":\"https:\\\/\\\/www.inovallee.com\\\/une-delegation-argentine-en-visite-a-inovallee-le-21-septembre-dernier\\\/#primaryimage\"},\"image\":{\"@id\":\"https:\\\/\\\/www.inovallee.com\\\/une-delegation-argentine-en-visite-a-inovallee-le-21-septembre-dernier\\\/#primaryimage\"},\"thumbnailUrl\":\"http:\\\/\\\/1.bp.blogspot.com\\\/-N7Olc_1ch2Y\\\/VC0ck7bsWQI\\\/AAAAAAAANBQ\\\/EoFiS4fRcNY\\\/s1600\\\/IMG_3012.JPG\",\"datePublished\":\"2014-10-02T09:58:00+00:00\",\"breadcrumb\":{\"@id\":\"https:\\\/\\\/www.inovallee.com\\\/une-delegation-argentine-en-visite-a-inovallee-le-21-septembre-dernier\\\/#breadcrumb\"},\"inLanguage\":\"en-GB\",\"potentialAction\":[{\"@type\":\"ReadAction\",\"target\":[\"https:\\\/\\\/www.inovallee.com\\\/une-delegation-argentine-en-visite-a-inovallee-le-21-septembre-dernier\\\/\"]}]},{\"@type\":\"ImageObject\",\"inLanguage\":\"en-GB\",\"@id\":\"https:\\\/\\\/www.inovallee.com\\\/une-delegation-argentine-en-visite-a-inovallee-le-21-septembre-dernier\\\/#primaryimage\",\"url\":\"http:\\\/\\\/1.bp.blogspot.com\\\/-N7Olc_1ch2Y\\\/VC0ck7bsWQI\\\/AAAAAAAANBQ\\\/EoFiS4fRcNY\\\/s1600\\\/IMG_3012.JPG\",\"contentUrl\":\"http:\\\/\\\/1.bp.blogspot.com\\\/-N7Olc_1ch2Y\\\/VC0ck7bsWQI\\\/AAAAAAAANBQ\\\/EoFiS4fRcNY\\\/s1600\\\/IMG_3012.JPG\"},{\"@type\":\"BreadcrumbList\",\"@id\":\"https:\\\/\\\/www.inovallee.com\\\/une-delegation-argentine-en-visite-a-inovallee-le-21-septembre-dernier\\\/#breadcrumb\",\"itemListElement\":[{\"@type\":\"ListItem\",\"position\":1,\"name\":\"Accueil\",\"item\":\"https:\\\/\\\/www.inovallee.com\\\/\"},{\"@type\":\"ListItem\",\"position\":2,\"name\":\"Une d\u00e9l\u00e9gation argentine en visite \u00e0 inovall\u00e9e le 21 septembre dernier\"}]},{\"@type\":\"WebSite\",\"@id\":\"https:\\\/\\\/www.inovallee.com\\\/#website\",\"url\":\"https:\\\/\\\/www.inovallee.com\\\/\",\"name\":\"inovall\u00e9e technopole, Home to software & smart technologies\",\"description\":\"Home to software &amp; smart technologies\",\"publisher\":{\"@id\":\"https:\\\/\\\/www.inovallee.com\\\/#organization\"},\"potentialAction\":[{\"@type\":\"SearchAction\",\"target\":{\"@type\":\"EntryPoint\",\"urlTemplate\":\"https:\\\/\\\/www.inovallee.com\\\/?s={search_term_string}\"},\"query-input\":{\"@type\":\"PropertyValueSpecification\",\"valueRequired\":true,\"valueName\":\"search_term_string\"}}],\"inLanguage\":\"en-GB\"},{\"@type\":\"Organization\",\"@id\":\"https:\\\/\\\/www.inovallee.com\\\/#organization\",\"name\":\"inovall\u00e9e\",\"url\":\"https:\\\/\\\/www.inovallee.com\\\/\",\"logo\":{\"@type\":\"ImageObject\",\"inLanguage\":\"en-GB\",\"@id\":\"https:\\\/\\\/www.inovallee.com\\\/#\\\/schema\\\/logo\\\/image\\\/\",\"url\":\"https:\\\/\\\/www.inovallee.com\\\/wp-content\\\/uploads\\\/2023\\\/08\\\/inovallee_2022_GrenobleAlpes.png\",\"contentUrl\":\"https:\\\/\\\/www.inovallee.com\\\/wp-content\\\/uploads\\\/2023\\\/08\\\/inovallee_2022_GrenobleAlpes.png\",\"width\":945,\"height\":369,\"caption\":\"inovall\u00e9e\"},\"image\":{\"@id\":\"https:\\\/\\\/www.inovallee.com\\\/#\\\/schema\\\/logo\\\/image\\\/\"},\"sameAs\":[\"https:\\\/\\\/www.facebook.com\\\/technopoleinovallee\\\/\",\"https:\\\/\\\/x.com\\\/inovallee\",\"https:\\\/\\\/www.linkedin.com\\\/company\\\/inovall-e\\\/\",\"https:\\\/\\\/www.youtube.com\\\/user\\\/inovallee?reload=9\"]},{\"@type\":\"Person\",\"@id\":\"https:\\\/\\\/www.inovallee.com\\\/#\\\/schema\\\/person\\\/a45b15518aad3111b2d61d257a3e023b\",\"name\":\"Inovallee\"}]}<\/script>\n<!-- \/ Yoast SEO plugin. -->","yoast_head_json":{"title":"Une d\u00e9l\u00e9gation argentine en visite \u00e0 inovall\u00e9e le 21 septembre dernier - inovall\u00e9e","robots":{"index":"index","follow":"follow","max-snippet":"max-snippet:-1","max-image-preview":"max-image-preview:large","max-video-preview":"max-video-preview:-1"},"canonical":"https:\/\/www.inovallee.com\/en\/une-delegation-argentine-en-visite-a-inovallee-le-21-septembre-dernier\/","og_locale":"en_GB","og_type":"article","og_title":"Une d\u00e9l\u00e9gation argentine en visite \u00e0 inovall\u00e9e le 21 septembre dernier - inovall\u00e9e","og_description":"Inovall\u00e9e a re\u00e7u le 21 septembre une d\u00e9l\u00e9gation argentine compos\u00e9e de 11 chefs d&rsquo;entreprises du pole Technopolis situ\u00e9 \u00e0 Bahia Blanca dans la province de Buenos Aires. L\u2019objectif&nbsp; de cette visite en Europe est de mieux connaitre l\u2019environnement technologique et les modalit\u00e9s de soutien aux PME et la possibilit\u00e9 d&rsquo;\u00e9tablir des partenariats industriels. Parmi les [&hellip;]","og_url":"https:\/\/www.inovallee.com\/en\/une-delegation-argentine-en-visite-a-inovallee-le-21-septembre-dernier\/","og_site_name":"inovall\u00e9e","article_publisher":"https:\/\/www.facebook.com\/technopoleinovallee\/","article_published_time":"2014-10-02T09:58:00+00:00","og_image":[{"url":"http:\/\/1.bp.blogspot.com\/-N7Olc_1ch2Y\/VC0ck7bsWQI\/AAAAAAAANBQ\/EoFiS4fRcNY\/s1600\/IMG_3012.JPG","type":"","width":"","height":""}],"author":"Inovallee","twitter_card":"summary_large_image","twitter_creator":"@inovallee","twitter_site":"@inovallee","twitter_misc":{"Written by":"Inovallee","Estimated reading time":"1 minute"},"schema":{"@context":"https:\/\/schema.org","@graph":[{"@type":"Article","@id":"https:\/\/www.inovallee.com\/une-delegation-argentine-en-visite-a-inovallee-le-21-septembre-dernier\/#article","isPartOf":{"@id":"https:\/\/www.inovallee.com\/une-delegation-argentine-en-visite-a-inovallee-le-21-septembre-dernier\/"},"author":{"name":"Inovallee","@id":"https:\/\/www.inovallee.com\/#\/schema\/person\/a45b15518aad3111b2d61d257a3e023b"},"headline":"Une d\u00e9l\u00e9gation argentine en visite \u00e0 inovall\u00e9e le 21 septembre dernier","datePublished":"2014-10-02T09:58:00+00:00","mainEntityOfPage":{"@id":"https:\/\/www.inovallee.com\/une-delegation-argentine-en-visite-a-inovallee-le-21-septembre-dernier\/"},"wordCount":152,"publisher":{"@id":"https:\/\/www.inovallee.com\/#organization"},"image":{"@id":"https:\/\/www.inovallee.com\/une-delegation-argentine-en-visite-a-inovallee-le-21-septembre-dernier\/#primaryimage"},"thumbnailUrl":"http:\/\/1.bp.blogspot.com\/-N7Olc_1ch2Y\/VC0ck7bsWQI\/AAAAAAAANBQ\/EoFiS4fRcNY\/s1600\/IMG_3012.JPG","articleSection":["Technopole inovall\u00e9e"],"inLanguage":"en-GB"},{"@type":"WebPage","@id":"https:\/\/www.inovallee.com\/une-delegation-argentine-en-visite-a-inovallee-le-21-septembre-dernier\/","url":"https:\/\/www.inovallee.com\/une-delegation-argentine-en-visite-a-inovallee-le-21-septembre-dernier\/","name":"Une d\u00e9l\u00e9gation argentine en visite \u00e0 inovall\u00e9e le 21 septembre dernier - inovall\u00e9e","isPartOf":{"@id":"https:\/\/www.inovallee.com\/#website"},"primaryImageOfPage":{"@id":"https:\/\/www.inovallee.com\/une-delegation-argentine-en-visite-a-inovallee-le-21-septembre-dernier\/#primaryimage"},"image":{"@id":"https:\/\/www.inovallee.com\/une-delegation-argentine-en-visite-a-inovallee-le-21-septembre-dernier\/#primaryimage"},"thumbnailUrl":"http:\/\/1.bp.blogspot.com\/-N7Olc_1ch2Y\/VC0ck7bsWQI\/AAAAAAAANBQ\/EoFiS4fRcNY\/s1600\/IMG_3012.JPG","datePublished":"2014-10-02T09:58:00+00:00","breadcrumb":{"@id":"https:\/\/www.inovallee.com\/une-delegation-argentine-en-visite-a-inovallee-le-21-septembre-dernier\/#breadcrumb"},"inLanguage":"en-GB","potentialAction":[{"@type":"ReadAction","target":["https:\/\/www.inovallee.com\/une-delegation-argentine-en-visite-a-inovallee-le-21-septembre-dernier\/"]}]},{"@type":"ImageObject","inLanguage":"en-GB","@id":"https:\/\/www.inovallee.com\/une-delegation-argentine-en-visite-a-inovallee-le-21-septembre-dernier\/#primaryimage","url":"http:\/\/1.bp.blogspot.com\/-N7Olc_1ch2Y\/VC0ck7bsWQI\/AAAAAAAANBQ\/EoFiS4fRcNY\/s1600\/IMG_3012.JPG","contentUrl":"http:\/\/1.bp.blogspot.com\/-N7Olc_1ch2Y\/VC0ck7bsWQI\/AAAAAAAANBQ\/EoFiS4fRcNY\/s1600\/IMG_3012.JPG"},{"@type":"BreadcrumbList","@id":"https:\/\/www.inovallee.com\/une-delegation-argentine-en-visite-a-inovallee-le-21-septembre-dernier\/#breadcrumb","itemListElement":[{"@type":"ListItem","position":1,"name":"Accueil","item":"https:\/\/www.inovallee.com\/"},{"@type":"ListItem","position":2,"name":"Une d\u00e9l\u00e9gation argentine en visite \u00e0 inovall\u00e9e le 21 septembre dernier"}]},{"@type":"WebSite","@id":"https:\/\/www.inovallee.com\/#website","url":"https:\/\/www.inovallee.com\/","name":"inovall\u00e9e technopole, Home to software & smart technologies","description":"Home to software &amp; smart technologies","publisher":{"@id":"https:\/\/www.inovallee.com\/#organization"},"potentialAction":[{"@type":"SearchAction","target":{"@type":"EntryPoint","urlTemplate":"https:\/\/www.inovallee.com\/?s={search_term_string}"},"query-input":{"@type":"PropertyValueSpecification","valueRequired":true,"valueName":"search_term_string"}}],"inLanguage":"en-GB"},{"@type":"Organization","@id":"https:\/\/www.inovallee.com\/#organization","name":"inovall\u00e9e","url":"https:\/\/www.inovallee.com\/","logo":{"@type":"ImageObject","inLanguage":"en-GB","@id":"https:\/\/www.inovallee.com\/#\/schema\/logo\/image\/","url":"https:\/\/www.inovallee.com\/wp-content\/uploads\/2023\/08\/inovallee_2022_GrenobleAlpes.png","contentUrl":"https:\/\/www.inovallee.com\/wp-content\/uploads\/2023\/08\/inovallee_2022_GrenobleAlpes.png","width":945,"height":369,"caption":"inovall\u00e9e"},"image":{"@id":"https:\/\/www.inovallee.com\/#\/schema\/logo\/image\/"},"sameAs":["https:\/\/www.facebook.com\/technopoleinovallee\/","https:\/\/x.com\/inovallee","https:\/\/www.linkedin.com\/company\/inovall-e\/","https:\/\/www.youtube.com\/user\/inovallee?reload=9"]},{"@type":"Person","@id":"https:\/\/www.inovallee.com\/#\/schema\/person\/a45b15518aad3111b2d61d257a3e023b","name":"Inovallee"}]}},"_links":{"self":[{"href":"https:\/\/www.inovallee.com\/en\/wp-json\/wp\/v2\/posts\/2134","targetHints":{"allow":["GET"]}}],"collection":[{"href":"https:\/\/www.inovallee.com\/en\/wp-json\/wp\/v2\/posts"}],"about":[{"href":"https:\/\/www.inovallee.com\/en\/wp-json\/wp\/v2\/types\/post"}],"author":[{"embeddable":true,"href":"https:\/\/www.inovallee.com\/en\/wp-json\/wp\/v2\/users\/6"}],"replies":[{"embeddable":true,"href":"https:\/\/www.inovallee.com\/en\/wp-json\/wp\/v2\/comments?post=2134"}],"version-history":[{"count":0,"href":"https:\/\/www.inovallee.com\/en\/wp-json\/wp\/v2\/posts\/2134\/revisions"}],"wp:attachment":[{"href":"https:\/\/www.inovallee.com\/en\/wp-json\/wp\/v2\/media?parent=2134"}],"wp:term":[{"taxonomy":"category","embeddable":true,"href":"https:\/\/www.inovallee.com\/en\/wp-json\/wp\/v2\/categories?post=2134"},{"taxonomy":"post_tag","embeddable":true,"href":"https:\/\/www.inovallee.com\/en\/wp-json\/wp\/v2\/tags?post=2134"}],"curies":[{"name":"wp","href":"https:\/\/api.w.org\/{rel}","templated":true}]}}