{"id":2135,"date":"2014-10-02T08:42:00","date_gmt":"2014-10-02T07:42:00","guid":{"rendered":"https:\/\/www.inovallee.com\/inovallee-a-recu-la-mission-french-tech-le-23-septembre-dernier\/"},"modified":"2014-10-02T08:42:00","modified_gmt":"2014-10-02T07:42:00","slug":"inovallee-a-recu-la-mission-french-tech-le-23-septembre-dernier","status":"publish","type":"post","link":"https:\/\/www.inovallee.com\/en\/inovallee-a-recu-la-mission-french-tech-le-23-septembre-dernier\/","title":{"rendered":"inovall\u00e9e a re\u00e7u la mission French Tech le 23 septembre dernier"},"content":{"rendered":"<div dir=\"ltr\" style=\"text-align: left;\">\n<div style=\"clear: both; text-align: center;\"><a href=\"http:\/\/3.bp.blogspot.com\/-KvxIqV-JWCs\/VC0BO_Z35hI\/AAAAAAAANA4\/LTULVedK3-4\/s1600\/IMG_3029.JPG\" style=\"clear: left; float: left; margin-bottom: 1em; margin-right: 1em;\"><img decoding=\"async\" border=\"0\" src=\"http:\/\/3.bp.blogspot.com\/-KvxIqV-JWCs\/VC0BO_Z35hI\/AAAAAAAANA4\/LTULVedK3-4\/s1600\/IMG_3029.JPG\" height=\"133\" width=\"200\" \/><\/a><\/div>\n<p><span style=\"font-size: x-small;\"><span style=\"font-family: Arial,Helvetica,sans-serif;\"><span><\/span><span><\/span>Fortement impliqu\u00e9e dans la candidature de Grenoble \u00e0 l&rsquo;appel \u00e0 projets national French Tech, l&rsquo;\u00e9tape d&rsquo;inovall\u00e9e, acteur majeur de l&rsquo;\u00e9cosyst\u00e8me avec ses 350 entreprises et ses 12000 emplois num\u00e9riques (dont 8000 dans le num\u00e9rique), \u00e9tait incontournable dans le programme de David Monteau de la mission French Tech. Ce dernier,  responsable du projet au minist\u00e8re, \u00e9tait en effet en visite \u00e0 Grenoble pour rencontrer les acteurs de l&rsquo;\u00e9cosyst\u00e8me grenoblois mobilis\u00e9s sur Digital Grenoble et faire le point sur le dossier grenoblois. Le passage \u00e0 inovall\u00e9e a permis \u00e0 David Monteau de mieux comprendre le r\u00f4le d&rsquo;inovall\u00e9e et de d\u00e9couvrir les 21 startups de la p\u00e9pini\u00e8re d&rsquo;inovall\u00e9e, le Tarmac.<\/span><\/span><br \/><span style=\"font-size: x-small;\"><span style=\"font-family: Arial,Helvetica,sans-serif;\">La forte mobilisation de l&rsquo;\u00e9cosyst\u00e8me grenoblois a \u00e9t\u00e9 fortement appr\u00e9ci\u00e9 par David Monteau qui place le dossier Digital Grenoble parmi les 2 ou 3 meilleurs de ceux qu&rsquo;il a vus. <\/span><\/span><\/p>\n<\/div>","protected":false},"excerpt":{"rendered":"<p>Fortement impliqu\u00e9e dans la candidature de Grenoble \u00e0 l&rsquo;appel \u00e0 projets national French Tech, l&rsquo;\u00e9tape d&rsquo;inovall\u00e9e, acteur majeur de l&rsquo;\u00e9cosyst\u00e8me avec ses 350 entreprises et ses 12000 emplois num\u00e9riques (dont 8000 dans le num\u00e9rique), \u00e9tait incontournable dans le programme de David Monteau de la mission French Tech. Ce dernier, responsable du projet au minist\u00e8re, \u00e9tait [&hellip;]<\/p>\n","protected":false},"author":6,"featured_media":0,"comment_status":"closed","ping_status":"open","sticky":false,"template":"","format":"standard","meta":{"footnotes":""},"categories":[29],"tags":[],"class_list":["post-2135","post","type-post","status-publish","format-standard","hentry","category-evenements"],"yoast_head":"<!-- This site is optimized with the Yoast SEO plugin v27.4 - https:\/\/yoast.com\/product\/yoast-seo-wordpress\/ -->\n<title>inovall\u00e9e a re\u00e7u la mission French Tech le 23 septembre dernier - inovall\u00e9e<\/title>\n<meta name=\"robots\" content=\"index, follow, max-snippet:-1, max-image-preview:large, max-video-preview:-1\" \/>\n<link rel=\"canonical\" href=\"https:\/\/www.inovallee.com\/en\/inovallee-a-recu-la-mission-french-tech-le-23-septembre-dernier\/\" \/>\n<meta property=\"og:locale\" content=\"en_GB\" \/>\n<meta property=\"og:type\" content=\"article\" \/>\n<meta property=\"og:title\" content=\"inovall\u00e9e a re\u00e7u la mission French Tech le 23 septembre dernier - inovall\u00e9e\" \/>\n<meta property=\"og:description\" content=\"Fortement impliqu\u00e9e dans la candidature de Grenoble \u00e0 l&rsquo;appel \u00e0 projets national French Tech, l&rsquo;\u00e9tape d&rsquo;inovall\u00e9e, acteur majeur de l&rsquo;\u00e9cosyst\u00e8me avec ses 350 entreprises et ses 12000 emplois num\u00e9riques (dont 8000 dans le num\u00e9rique), \u00e9tait incontournable dans le programme de David Monteau de la mission French Tech. Ce dernier, responsable du projet au minist\u00e8re, \u00e9tait [&hellip;]\" \/>\n<meta property=\"og:url\" content=\"https:\/\/www.inovallee.com\/en\/inovallee-a-recu-la-mission-french-tech-le-23-septembre-dernier\/\" \/>\n<meta property=\"og:site_name\" content=\"inovall\u00e9e\" \/>\n<meta property=\"article:publisher\" content=\"https:\/\/www.facebook.com\/technopoleinovallee\/\" \/>\n<meta property=\"article:published_time\" content=\"2014-10-02T07:42:00+00:00\" \/>\n<meta property=\"og:image\" content=\"http:\/\/3.bp.blogspot.com\/-KvxIqV-JWCs\/VC0BO_Z35hI\/AAAAAAAANA4\/LTULVedK3-4\/s1600\/IMG_3029.JPG\" \/>\n<meta name=\"author\" content=\"Inovallee\" \/>\n<meta name=\"twitter:card\" content=\"summary_large_image\" \/>\n<meta name=\"twitter:creator\" content=\"@inovallee\" \/>\n<meta name=\"twitter:site\" content=\"@inovallee\" \/>\n<meta name=\"twitter:label1\" content=\"Written by\" \/>\n\t<meta name=\"twitter:data1\" content=\"Inovallee\" \/>\n\t<meta name=\"twitter:label2\" content=\"Estimated reading time\" \/>\n\t<meta name=\"twitter:data2\" content=\"1 minute\" \/>\n<script type=\"application\/ld+json\" class=\"yoast-schema-graph\">{\"@context\":\"https:\\\/\\\/schema.org\",\"@graph\":[{\"@type\":\"Article\",\"@id\":\"https:\\\/\\\/www.inovallee.com\\\/inovallee-a-recu-la-mission-french-tech-le-23-septembre-dernier\\\/#article\",\"isPartOf\":{\"@id\":\"https:\\\/\\\/www.inovallee.com\\\/inovallee-a-recu-la-mission-french-tech-le-23-septembre-dernier\\\/\"},\"author\":{\"name\":\"Inovallee\",\"@id\":\"https:\\\/\\\/www.inovallee.com\\\/#\\\/schema\\\/person\\\/a45b15518aad3111b2d61d257a3e023b\"},\"headline\":\"inovall\u00e9e a re\u00e7u la mission French Tech le 23 septembre dernier\",\"datePublished\":\"2014-10-02T07:42:00+00:00\",\"mainEntityOfPage\":{\"@id\":\"https:\\\/\\\/www.inovallee.com\\\/inovallee-a-recu-la-mission-french-tech-le-23-septembre-dernier\\\/\"},\"wordCount\":164,\"publisher\":{\"@id\":\"https:\\\/\\\/www.inovallee.com\\\/#organization\"},\"image\":{\"@id\":\"https:\\\/\\\/www.inovallee.com\\\/inovallee-a-recu-la-mission-french-tech-le-23-septembre-dernier\\\/#primaryimage\"},\"thumbnailUrl\":\"http:\\\/\\\/3.bp.blogspot.com\\\/-KvxIqV-JWCs\\\/VC0BO_Z35hI\\\/AAAAAAAANA4\\\/LTULVedK3-4\\\/s1600\\\/IMG_3029.JPG\",\"articleSection\":[\"Technopole inovall\u00e9e\"],\"inLanguage\":\"en-GB\"},{\"@type\":\"WebPage\",\"@id\":\"https:\\\/\\\/www.inovallee.com\\\/inovallee-a-recu-la-mission-french-tech-le-23-septembre-dernier\\\/\",\"url\":\"https:\\\/\\\/www.inovallee.com\\\/inovallee-a-recu-la-mission-french-tech-le-23-septembre-dernier\\\/\",\"name\":\"inovall\u00e9e a re\u00e7u la mission French Tech le 23 septembre dernier - inovall\u00e9e\",\"isPartOf\":{\"@id\":\"https:\\\/\\\/www.inovallee.com\\\/#website\"},\"primaryImageOfPage\":{\"@id\":\"https:\\\/\\\/www.inovallee.com\\\/inovallee-a-recu-la-mission-french-tech-le-23-septembre-dernier\\\/#primaryimage\"},\"image\":{\"@id\":\"https:\\\/\\\/www.inovallee.com\\\/inovallee-a-recu-la-mission-french-tech-le-23-septembre-dernier\\\/#primaryimage\"},\"thumbnailUrl\":\"http:\\\/\\\/3.bp.blogspot.com\\\/-KvxIqV-JWCs\\\/VC0BO_Z35hI\\\/AAAAAAAANA4\\\/LTULVedK3-4\\\/s1600\\\/IMG_3029.JPG\",\"datePublished\":\"2014-10-02T07:42:00+00:00\",\"breadcrumb\":{\"@id\":\"https:\\\/\\\/www.inovallee.com\\\/inovallee-a-recu-la-mission-french-tech-le-23-septembre-dernier\\\/#breadcrumb\"},\"inLanguage\":\"en-GB\",\"potentialAction\":[{\"@type\":\"ReadAction\",\"target\":[\"https:\\\/\\\/www.inovallee.com\\\/inovallee-a-recu-la-mission-french-tech-le-23-septembre-dernier\\\/\"]}]},{\"@type\":\"ImageObject\",\"inLanguage\":\"en-GB\",\"@id\":\"https:\\\/\\\/www.inovallee.com\\\/inovallee-a-recu-la-mission-french-tech-le-23-septembre-dernier\\\/#primaryimage\",\"url\":\"http:\\\/\\\/3.bp.blogspot.com\\\/-KvxIqV-JWCs\\\/VC0BO_Z35hI\\\/AAAAAAAANA4\\\/LTULVedK3-4\\\/s1600\\\/IMG_3029.JPG\",\"contentUrl\":\"http:\\\/\\\/3.bp.blogspot.com\\\/-KvxIqV-JWCs\\\/VC0BO_Z35hI\\\/AAAAAAAANA4\\\/LTULVedK3-4\\\/s1600\\\/IMG_3029.JPG\"},{\"@type\":\"BreadcrumbList\",\"@id\":\"https:\\\/\\\/www.inovallee.com\\\/inovallee-a-recu-la-mission-french-tech-le-23-septembre-dernier\\\/#breadcrumb\",\"itemListElement\":[{\"@type\":\"ListItem\",\"position\":1,\"name\":\"Accueil\",\"item\":\"https:\\\/\\\/www.inovallee.com\\\/\"},{\"@type\":\"ListItem\",\"position\":2,\"name\":\"inovall\u00e9e a re\u00e7u la mission French Tech le 23 septembre dernier\"}]},{\"@type\":\"WebSite\",\"@id\":\"https:\\\/\\\/www.inovallee.com\\\/#website\",\"url\":\"https:\\\/\\\/www.inovallee.com\\\/\",\"name\":\"inovall\u00e9e technopole, Home to software & smart technologies\",\"description\":\"Home to software &amp; smart technologies\",\"publisher\":{\"@id\":\"https:\\\/\\\/www.inovallee.com\\\/#organization\"},\"potentialAction\":[{\"@type\":\"SearchAction\",\"target\":{\"@type\":\"EntryPoint\",\"urlTemplate\":\"https:\\\/\\\/www.inovallee.com\\\/?s={search_term_string}\"},\"query-input\":{\"@type\":\"PropertyValueSpecification\",\"valueRequired\":true,\"valueName\":\"search_term_string\"}}],\"inLanguage\":\"en-GB\"},{\"@type\":\"Organization\",\"@id\":\"https:\\\/\\\/www.inovallee.com\\\/#organization\",\"name\":\"inovall\u00e9e\",\"url\":\"https:\\\/\\\/www.inovallee.com\\\/\",\"logo\":{\"@type\":\"ImageObject\",\"inLanguage\":\"en-GB\",\"@id\":\"https:\\\/\\\/www.inovallee.com\\\/#\\\/schema\\\/logo\\\/image\\\/\",\"url\":\"https:\\\/\\\/www.inovallee.com\\\/wp-content\\\/uploads\\\/2023\\\/08\\\/inovallee_2022_GrenobleAlpes.png\",\"contentUrl\":\"https:\\\/\\\/www.inovallee.com\\\/wp-content\\\/uploads\\\/2023\\\/08\\\/inovallee_2022_GrenobleAlpes.png\",\"width\":945,\"height\":369,\"caption\":\"inovall\u00e9e\"},\"image\":{\"@id\":\"https:\\\/\\\/www.inovallee.com\\\/#\\\/schema\\\/logo\\\/image\\\/\"},\"sameAs\":[\"https:\\\/\\\/www.facebook.com\\\/technopoleinovallee\\\/\",\"https:\\\/\\\/x.com\\\/inovallee\",\"https:\\\/\\\/www.linkedin.com\\\/company\\\/inovall-e\\\/\",\"https:\\\/\\\/www.youtube.com\\\/user\\\/inovallee?reload=9\"]},{\"@type\":\"Person\",\"@id\":\"https:\\\/\\\/www.inovallee.com\\\/#\\\/schema\\\/person\\\/a45b15518aad3111b2d61d257a3e023b\",\"name\":\"Inovallee\"}]}<\/script>\n<!-- \/ Yoast SEO plugin. -->","yoast_head_json":{"title":"inovall\u00e9e a re\u00e7u la mission French Tech le 23 septembre dernier - inovall\u00e9e","robots":{"index":"index","follow":"follow","max-snippet":"max-snippet:-1","max-image-preview":"max-image-preview:large","max-video-preview":"max-video-preview:-1"},"canonical":"https:\/\/www.inovallee.com\/en\/inovallee-a-recu-la-mission-french-tech-le-23-septembre-dernier\/","og_locale":"en_GB","og_type":"article","og_title":"inovall\u00e9e a re\u00e7u la mission French Tech le 23 septembre dernier - inovall\u00e9e","og_description":"Fortement impliqu\u00e9e dans la candidature de Grenoble \u00e0 l&rsquo;appel \u00e0 projets national French Tech, l&rsquo;\u00e9tape d&rsquo;inovall\u00e9e, acteur majeur de l&rsquo;\u00e9cosyst\u00e8me avec ses 350 entreprises et ses 12000 emplois num\u00e9riques (dont 8000 dans le num\u00e9rique), \u00e9tait incontournable dans le programme de David Monteau de la mission French Tech. Ce dernier, responsable du projet au minist\u00e8re, \u00e9tait [&hellip;]","og_url":"https:\/\/www.inovallee.com\/en\/inovallee-a-recu-la-mission-french-tech-le-23-septembre-dernier\/","og_site_name":"inovall\u00e9e","article_publisher":"https:\/\/www.facebook.com\/technopoleinovallee\/","article_published_time":"2014-10-02T07:42:00+00:00","og_image":[{"url":"http:\/\/3.bp.blogspot.com\/-KvxIqV-JWCs\/VC0BO_Z35hI\/AAAAAAAANA4\/LTULVedK3-4\/s1600\/IMG_3029.JPG","type":"","width":"","height":""}],"author":"Inovallee","twitter_card":"summary_large_image","twitter_creator":"@inovallee","twitter_site":"@inovallee","twitter_misc":{"Written by":"Inovallee","Estimated reading time":"1 minute"},"schema":{"@context":"https:\/\/schema.org","@graph":[{"@type":"Article","@id":"https:\/\/www.inovallee.com\/inovallee-a-recu-la-mission-french-tech-le-23-septembre-dernier\/#article","isPartOf":{"@id":"https:\/\/www.inovallee.com\/inovallee-a-recu-la-mission-french-tech-le-23-septembre-dernier\/"},"author":{"name":"Inovallee","@id":"https:\/\/www.inovallee.com\/#\/schema\/person\/a45b15518aad3111b2d61d257a3e023b"},"headline":"inovall\u00e9e a re\u00e7u la mission French Tech le 23 septembre dernier","datePublished":"2014-10-02T07:42:00+00:00","mainEntityOfPage":{"@id":"https:\/\/www.inovallee.com\/inovallee-a-recu-la-mission-french-tech-le-23-septembre-dernier\/"},"wordCount":164,"publisher":{"@id":"https:\/\/www.inovallee.com\/#organization"},"image":{"@id":"https:\/\/www.inovallee.com\/inovallee-a-recu-la-mission-french-tech-le-23-septembre-dernier\/#primaryimage"},"thumbnailUrl":"http:\/\/3.bp.blogspot.com\/-KvxIqV-JWCs\/VC0BO_Z35hI\/AAAAAAAANA4\/LTULVedK3-4\/s1600\/IMG_3029.JPG","articleSection":["Technopole inovall\u00e9e"],"inLanguage":"en-GB"},{"@type":"WebPage","@id":"https:\/\/www.inovallee.com\/inovallee-a-recu-la-mission-french-tech-le-23-septembre-dernier\/","url":"https:\/\/www.inovallee.com\/inovallee-a-recu-la-mission-french-tech-le-23-septembre-dernier\/","name":"inovall\u00e9e a re\u00e7u la mission French Tech le 23 septembre dernier - inovall\u00e9e","isPartOf":{"@id":"https:\/\/www.inovallee.com\/#website"},"primaryImageOfPage":{"@id":"https:\/\/www.inovallee.com\/inovallee-a-recu-la-mission-french-tech-le-23-septembre-dernier\/#primaryimage"},"image":{"@id":"https:\/\/www.inovallee.com\/inovallee-a-recu-la-mission-french-tech-le-23-septembre-dernier\/#primaryimage"},"thumbnailUrl":"http:\/\/3.bp.blogspot.com\/-KvxIqV-JWCs\/VC0BO_Z35hI\/AAAAAAAANA4\/LTULVedK3-4\/s1600\/IMG_3029.JPG","datePublished":"2014-10-02T07:42:00+00:00","breadcrumb":{"@id":"https:\/\/www.inovallee.com\/inovallee-a-recu-la-mission-french-tech-le-23-septembre-dernier\/#breadcrumb"},"inLanguage":"en-GB","potentialAction":[{"@type":"ReadAction","target":["https:\/\/www.inovallee.com\/inovallee-a-recu-la-mission-french-tech-le-23-septembre-dernier\/"]}]},{"@type":"ImageObject","inLanguage":"en-GB","@id":"https:\/\/www.inovallee.com\/inovallee-a-recu-la-mission-french-tech-le-23-septembre-dernier\/#primaryimage","url":"http:\/\/3.bp.blogspot.com\/-KvxIqV-JWCs\/VC0BO_Z35hI\/AAAAAAAANA4\/LTULVedK3-4\/s1600\/IMG_3029.JPG","contentUrl":"http:\/\/3.bp.blogspot.com\/-KvxIqV-JWCs\/VC0BO_Z35hI\/AAAAAAAANA4\/LTULVedK3-4\/s1600\/IMG_3029.JPG"},{"@type":"BreadcrumbList","@id":"https:\/\/www.inovallee.com\/inovallee-a-recu-la-mission-french-tech-le-23-septembre-dernier\/#breadcrumb","itemListElement":[{"@type":"ListItem","position":1,"name":"Accueil","item":"https:\/\/www.inovallee.com\/"},{"@type":"ListItem","position":2,"name":"inovall\u00e9e a re\u00e7u la mission French Tech le 23 septembre dernier"}]},{"@type":"WebSite","@id":"https:\/\/www.inovallee.com\/#website","url":"https:\/\/www.inovallee.com\/","name":"inovall\u00e9e technopole, Home to software & smart technologies","description":"Home to software &amp; smart technologies","publisher":{"@id":"https:\/\/www.inovallee.com\/#organization"},"potentialAction":[{"@type":"SearchAction","target":{"@type":"EntryPoint","urlTemplate":"https:\/\/www.inovallee.com\/?s={search_term_string}"},"query-input":{"@type":"PropertyValueSpecification","valueRequired":true,"valueName":"search_term_string"}}],"inLanguage":"en-GB"},{"@type":"Organization","@id":"https:\/\/www.inovallee.com\/#organization","name":"inovall\u00e9e","url":"https:\/\/www.inovallee.com\/","logo":{"@type":"ImageObject","inLanguage":"en-GB","@id":"https:\/\/www.inovallee.com\/#\/schema\/logo\/image\/","url":"https:\/\/www.inovallee.com\/wp-content\/uploads\/2023\/08\/inovallee_2022_GrenobleAlpes.png","contentUrl":"https:\/\/www.inovallee.com\/wp-content\/uploads\/2023\/08\/inovallee_2022_GrenobleAlpes.png","width":945,"height":369,"caption":"inovall\u00e9e"},"image":{"@id":"https:\/\/www.inovallee.com\/#\/schema\/logo\/image\/"},"sameAs":["https:\/\/www.facebook.com\/technopoleinovallee\/","https:\/\/x.com\/inovallee","https:\/\/www.linkedin.com\/company\/inovall-e\/","https:\/\/www.youtube.com\/user\/inovallee?reload=9"]},{"@type":"Person","@id":"https:\/\/www.inovallee.com\/#\/schema\/person\/a45b15518aad3111b2d61d257a3e023b","name":"Inovallee"}]}},"_links":{"self":[{"href":"https:\/\/www.inovallee.com\/en\/wp-json\/wp\/v2\/posts\/2135","targetHints":{"allow":["GET"]}}],"collection":[{"href":"https:\/\/www.inovallee.com\/en\/wp-json\/wp\/v2\/posts"}],"about":[{"href":"https:\/\/www.inovallee.com\/en\/wp-json\/wp\/v2\/types\/post"}],"author":[{"embeddable":true,"href":"https:\/\/www.inovallee.com\/en\/wp-json\/wp\/v2\/users\/6"}],"replies":[{"embeddable":true,"href":"https:\/\/www.inovallee.com\/en\/wp-json\/wp\/v2\/comments?post=2135"}],"version-history":[{"count":0,"href":"https:\/\/www.inovallee.com\/en\/wp-json\/wp\/v2\/posts\/2135\/revisions"}],"wp:attachment":[{"href":"https:\/\/www.inovallee.com\/en\/wp-json\/wp\/v2\/media?parent=2135"}],"wp:term":[{"taxonomy":"category","embeddable":true,"href":"https:\/\/www.inovallee.com\/en\/wp-json\/wp\/v2\/categories?post=2135"},{"taxonomy":"post_tag","embeddable":true,"href":"https:\/\/www.inovallee.com\/en\/wp-json\/wp\/v2\/tags?post=2135"}],"curies":[{"name":"wp","href":"https:\/\/api.w.org\/{rel}","templated":true}]}}