{"id":22024,"date":"2019-07-02T16:10:26","date_gmt":"2019-07-02T15:10:26","guid":{"rendered":"https:\/\/www.inovallee.com\/?p=22024"},"modified":"2019-07-02T16:10:26","modified_gmt":"2019-07-02T15:10:26","slug":"et-si-vous-partagiez-votre-vehicule-pour-venir-travailler-sur-inovallee","status":"publish","type":"post","link":"https:\/\/www.inovallee.com\/en\/et-si-vous-partagiez-votre-vehicule-pour-venir-travailler-sur-inovallee\/","title":{"rendered":"Et si vous partagiez votre v\u00e9hicule pour venir travailler sur inovall\u00e9e ?"},"content":{"rendered":"<p>Aujourd&rsquo;hui , <strong>63 millions de personnes pratiquent le covoiturage<\/strong> en France.  Apparu dans les ann\u00e9es 1980, il existe d\u00e9sormais  plus de 200 services de covoiturages organis\u00e9s. <\/p>\n\n\n<p>Chaque jour, ce sont pr\u00e8s de <strong>10 000 salari\u00e9s qui se rendent sur inovall\u00e9e<\/strong> (entre Meylan et Montbonnot)&#8230; il est donc dans l&rsquo;int\u00e9r\u00eat de tous de prendre conscience des avantages li\u00e9s au covoiturage :<\/p>\n\n\n<figure class=\"wp-block-image\"><img fetchpriority=\"high\" decoding=\"async\" width=\"502\" height=\"472\" src=\"https:\/\/www.inovallee.com\/wp-content\/uploads\/2019\/07\/covoiturage_infographie.png\" alt=\"\" class=\"wp-image-22028\"\/><\/figure>\n\n\n<p>Parce que les enjeux li\u00e9s \u00e0 la mobilit\u00e9 sont au c\u0153ur des pr\u00e9occupations d&rsquo;inovall\u00e9e, l&rsquo;association a ouvert sa <a href=\"https:\/\/movici.auvergnerhonealpes.fr\/communautes\/covoiturages\/inovallee\" target=\"_blank\" rel=\"noreferrer noopener\" aria-label=\"communaut\u00e9 sur le site Mov'ici (s\u2019ouvre dans un nouvel onglet)\">communaut\u00e9 sur le site Mov&rsquo;ici<\/a> il y a quelques mois.<\/p>\n\n\n<p><strong>Alors, que diriez vous de rejoindre Marion, Claire, Erik, Benoit, Henri, Adrien, Alain&#8230; qui adh\u00e9rent \u00e0 notre communaut\u00e9 et qui proposent d\u00e9j\u00e0 une place dans leurs voitures ?&nbsp;&#8230;&nbsp;<em><a href=\"https:\/\/movici.auvergnerhonealpes.fr\/communautes\/covoiturages\/inovallee\" target=\"_blank\" rel=\"noreferrer noopener\" aria-label=\"Voir&nbsp;la&nbsp;communaut\u00e9&nbsp;Mov'ici&nbsp;inovall\u00e9e (s\u2019ouvre dans un nouvel onglet)\">Voir&nbsp;la&nbsp;communaut\u00e9&nbsp;Mov&rsquo;ici&nbsp;inovall\u00e9e<\/a><\/em><\/strong><\/p>\n\n\n<p>Une solution, qui, \u00e0 quelques mois du r\u00e9am\u00e9nagement de l\u2019A48 et de l\u2019\u00e9changeur du Rondeau, pourrait contribuer aussi \u00e0 fluidifier le trafic.  <\/p>\n\n\n<figure class=\"wp-block-video\"><video controls src=\"https:\/\/admin.covivo.eu\/images\/communication\/video_movici_courte.mp4\"><\/video><\/figure>\n\n\n<h2 class=\"wp-block-heading\">Au plus pr\u00e8s des utilisateurs&#8230;<\/h2>\n\n\n<p>Le 25 juin dernier, le <a href=\"http:\/\/www.smtc-grenoble.org\/\">Syndicat Mixte des Transports en Commun de l&rsquo;agglom\u00e9ration grenobloihse (SMTC)<\/a> et <a href=\"https:\/\/www.le-gresivaudan.fr\/38-deplacements.htm\">La Communaut\u00e9 de Communes Le Gr\u00e9sivaudan<\/a> ont anim\u00e9, en partenariat avec les principaux \u00e9tablissements d\u2019inovall\u00e9e \/ Pr\u00e9 Millet, une animation covoiturage gratuite, cl\u00e9 en main et sans engagement&nbsp;!<\/p>\n\n\n<figure class=\"wp-block-image\"><a href=\"https:\/\/www.metromobilite.fr\/pages\/VoiturePartagee.html#speedating\" target=\"_blank\" rel=\"noreferrer noopener\"><img decoding=\"async\" src=\"https:\/\/www.inovallee.com\/wp-content\/uploads\/2019\/07\/speed-dating-covoiturage-900x1038.jpg\" alt=\"\" class=\"wp-image-22034\"\/><\/a><\/figure>\n\n\n<p>L\u2019objectif de cette animation \u00e9tait d\u2019organiser un temps d\u2019\u00e9change et d\u2019information sur le covoiturage afin d\u2019inciter les collaborateurs habitant dans un m\u00eame secteur \u00e0 <strong>\u00e9changer ensemble pour cr\u00e9er des \u00e9quipages<\/strong>. <\/p>\n\n\n<p>Cette rencontre a permis d\u2019apporter aux salari\u00e9s d&rsquo;inovall\u00e9e des informations sur la pratique du covoiturage, en particulier en ce qui concerne les <strong>plateformes num\u00e9riques de mise en relation<\/strong>.<\/p>\n\n\n<p>Pour aller plus loin :<\/p>\n\n\n<ul class=\"wp-block-list\"><li><a href=\"https:\/\/www.metromobilite.fr\/pages\/VoiturePartagee.html\">covoiturage.metromobilite.fr<\/a>&nbsp; <\/li><li><a href=\"https:\/\/www.le-gresivaudan.fr\/408-utiliser-la-voiture-autrement.htm\">https<\/a><a href=\"https:\/\/www.le-gresivaudan.fr\/408-utiliser-la-voiture-autrement.htm\">:\/\/<\/a><a href=\"https:\/\/www.le-gresivaudan.fr\/408-utiliser-la-voiture-autrement.htm\">www.le-gresivaudan.fr\/408-utiliser-la-voiture-autrement.htm<\/a><\/li><\/ul>\n\n\n<p><strong>Et n\u2019oubliez pas&nbsp;: le covoiturage, \u00e7a n\u2019est pas forc\u00e9ment tous les jours de la semaine&nbsp;!<\/strong><\/p>","protected":false},"excerpt":{"rendered":"<p>Aujourd&rsquo;hui , 63 millions de personnes pratiquent le covoiturage en France. Apparu dans les ann\u00e9es 1980, il existe d\u00e9sormais plus de 200 services de covoiturages organis\u00e9s. Chaque jour, ce sont pr\u00e8s de 10 000 salari\u00e9s qui se rendent sur inovall\u00e9e (entre Meylan et Montbonnot)&#8230; il est donc dans l&rsquo;int\u00e9r\u00eat de tous de prendre conscience des [&hellip;]<\/p>\n","protected":false},"author":6,"featured_media":22038,"comment_status":"closed","ping_status":"open","sticky":false,"template":"","format":"standard","meta":{"footnotes":""},"categories":[37,33],"tags":[],"class_list":["post-22024","post","type-post","status-publish","format-standard","has-post-thumbnail","hentry","category-my-ino","category-transport-mobilite-durable"],"yoast_head":"<!-- This site is optimized with the Yoast SEO plugin v27.4 - https:\/\/yoast.com\/product\/yoast-seo-wordpress\/ -->\n<title>Et si vous partagiez votre v\u00e9hicule pour venir travailler sur inovall\u00e9e ? - inovall\u00e9e<\/title>\n<meta name=\"description\" content=\"Parce que les enjeux li\u00e9s \u00e0 la mobilit\u00e9 sont au c\u0153ur des pr\u00e9occupations d&#039;inovall\u00e9e, l&#039;association a ouvert sa communaut\u00e9 sur le site Mov&#039;ici il y a quelques mois...\" \/>\n<meta name=\"robots\" content=\"index, follow, max-snippet:-1, max-image-preview:large, max-video-preview:-1\" \/>\n<link rel=\"canonical\" href=\"https:\/\/www.inovallee.com\/en\/et-si-vous-partagiez-votre-vehicule-pour-venir-travailler-sur-inovallee\/\" \/>\n<meta property=\"og:locale\" content=\"en_GB\" \/>\n<meta property=\"og:type\" content=\"article\" \/>\n<meta property=\"og:title\" content=\"Et si vous partagiez votre v\u00e9hicule pour venir travailler sur inovall\u00e9e ? - inovall\u00e9e\" \/>\n<meta property=\"og:description\" content=\"Parce que les enjeux li\u00e9s \u00e0 la mobilit\u00e9 sont au c\u0153ur des pr\u00e9occupations d&#039;inovall\u00e9e, l&#039;association a ouvert sa communaut\u00e9 sur le site Mov&#039;ici il y a quelques mois...\" \/>\n<meta property=\"og:url\" content=\"https:\/\/www.inovallee.com\/en\/et-si-vous-partagiez-votre-vehicule-pour-venir-travailler-sur-inovallee\/\" \/>\n<meta property=\"og:site_name\" content=\"inovall\u00e9e\" \/>\n<meta property=\"article:publisher\" content=\"https:\/\/www.facebook.com\/technopoleinovallee\/\" \/>\n<meta property=\"article:published_time\" content=\"2019-07-02T15:10:26+00:00\" \/>\n<meta property=\"og:image\" content=\"https:\/\/www.inovallee.com\/wp-content\/uploads\/2019\/07\/blog_une_covoiturage.png\" \/>\n\t<meta property=\"og:image:width\" content=\"800\" \/>\n\t<meta property=\"og:image:height\" content=\"538\" \/>\n\t<meta property=\"og:image:type\" content=\"image\/png\" \/>\n<meta name=\"author\" content=\"Inovallee\" \/>\n<meta name=\"twitter:card\" content=\"summary_large_image\" \/>\n<meta name=\"twitter:creator\" content=\"@inovallee\" \/>\n<meta name=\"twitter:site\" content=\"@inovallee\" \/>\n<meta name=\"twitter:label1\" content=\"Written by\" \/>\n\t<meta name=\"twitter:data1\" content=\"Inovallee\" \/>\n\t<meta name=\"twitter:label2\" content=\"Estimated reading time\" \/>\n\t<meta name=\"twitter:data2\" content=\"2 minutes\" \/>\n<script type=\"application\/ld+json\" class=\"yoast-schema-graph\">{\"@context\":\"https:\\\/\\\/schema.org\",\"@graph\":[{\"@type\":\"Article\",\"@id\":\"https:\\\/\\\/www.inovallee.com\\\/et-si-vous-partagiez-votre-vehicule-pour-venir-travailler-sur-inovallee\\\/#article\",\"isPartOf\":{\"@id\":\"https:\\\/\\\/www.inovallee.com\\\/et-si-vous-partagiez-votre-vehicule-pour-venir-travailler-sur-inovallee\\\/\"},\"author\":{\"name\":\"Inovallee\",\"@id\":\"https:\\\/\\\/www.inovallee.com\\\/#\\\/schema\\\/person\\\/a45b15518aad3111b2d61d257a3e023b\"},\"headline\":\"Et si vous partagiez votre v\u00e9hicule pour venir travailler sur inovall\u00e9e ?\",\"datePublished\":\"2019-07-02T15:10:26+00:00\",\"mainEntityOfPage\":{\"@id\":\"https:\\\/\\\/www.inovallee.com\\\/et-si-vous-partagiez-votre-vehicule-pour-venir-travailler-sur-inovallee\\\/\"},\"wordCount\":333,\"publisher\":{\"@id\":\"https:\\\/\\\/www.inovallee.com\\\/#organization\"},\"image\":{\"@id\":\"https:\\\/\\\/www.inovallee.com\\\/et-si-vous-partagiez-votre-vehicule-pour-venir-travailler-sur-inovallee\\\/#primaryimage\"},\"thumbnailUrl\":\"https:\\\/\\\/www.inovallee.com\\\/wp-content\\\/uploads\\\/2019\\\/07\\\/blog_une_covoiturage.png\",\"articleSection\":[\"My Ino : Vivre &amp; travailler sur inovall\u00e9e\",\"Transport et mobilit\u00e9 durable\"],\"inLanguage\":\"en-GB\"},{\"@type\":\"WebPage\",\"@id\":\"https:\\\/\\\/www.inovallee.com\\\/et-si-vous-partagiez-votre-vehicule-pour-venir-travailler-sur-inovallee\\\/\",\"url\":\"https:\\\/\\\/www.inovallee.com\\\/et-si-vous-partagiez-votre-vehicule-pour-venir-travailler-sur-inovallee\\\/\",\"name\":\"Et si vous partagiez votre v\u00e9hicule pour venir travailler sur inovall\u00e9e ? - inovall\u00e9e\",\"isPartOf\":{\"@id\":\"https:\\\/\\\/www.inovallee.com\\\/#website\"},\"primaryImageOfPage\":{\"@id\":\"https:\\\/\\\/www.inovallee.com\\\/et-si-vous-partagiez-votre-vehicule-pour-venir-travailler-sur-inovallee\\\/#primaryimage\"},\"image\":{\"@id\":\"https:\\\/\\\/www.inovallee.com\\\/et-si-vous-partagiez-votre-vehicule-pour-venir-travailler-sur-inovallee\\\/#primaryimage\"},\"thumbnailUrl\":\"https:\\\/\\\/www.inovallee.com\\\/wp-content\\\/uploads\\\/2019\\\/07\\\/blog_une_covoiturage.png\",\"datePublished\":\"2019-07-02T15:10:26+00:00\",\"description\":\"Parce que les enjeux li\u00e9s \u00e0 la mobilit\u00e9 sont au c\u0153ur des pr\u00e9occupations d'inovall\u00e9e, l'association a ouvert sa communaut\u00e9 sur le site Mov'ici il y a quelques mois...\",\"breadcrumb\":{\"@id\":\"https:\\\/\\\/www.inovallee.com\\\/et-si-vous-partagiez-votre-vehicule-pour-venir-travailler-sur-inovallee\\\/#breadcrumb\"},\"inLanguage\":\"en-GB\",\"potentialAction\":[{\"@type\":\"ReadAction\",\"target\":[\"https:\\\/\\\/www.inovallee.com\\\/et-si-vous-partagiez-votre-vehicule-pour-venir-travailler-sur-inovallee\\\/\"]}]},{\"@type\":\"ImageObject\",\"inLanguage\":\"en-GB\",\"@id\":\"https:\\\/\\\/www.inovallee.com\\\/et-si-vous-partagiez-votre-vehicule-pour-venir-travailler-sur-inovallee\\\/#primaryimage\",\"url\":\"https:\\\/\\\/www.inovallee.com\\\/wp-content\\\/uploads\\\/2019\\\/07\\\/blog_une_covoiturage.png\",\"contentUrl\":\"https:\\\/\\\/www.inovallee.com\\\/wp-content\\\/uploads\\\/2019\\\/07\\\/blog_une_covoiturage.png\",\"width\":800,\"height\":538},{\"@type\":\"BreadcrumbList\",\"@id\":\"https:\\\/\\\/www.inovallee.com\\\/et-si-vous-partagiez-votre-vehicule-pour-venir-travailler-sur-inovallee\\\/#breadcrumb\",\"itemListElement\":[{\"@type\":\"ListItem\",\"position\":1,\"name\":\"Accueil\",\"item\":\"https:\\\/\\\/www.inovallee.com\\\/\"},{\"@type\":\"ListItem\",\"position\":2,\"name\":\"Et si vous partagiez votre v\u00e9hicule pour venir travailler sur inovall\u00e9e ?\"}]},{\"@type\":\"WebSite\",\"@id\":\"https:\\\/\\\/www.inovallee.com\\\/#website\",\"url\":\"https:\\\/\\\/www.inovallee.com\\\/\",\"name\":\"inovall\u00e9e technopole, Home to software & smart technologies\",\"description\":\"Home to software &amp; smart technologies\",\"publisher\":{\"@id\":\"https:\\\/\\\/www.inovallee.com\\\/#organization\"},\"potentialAction\":[{\"@type\":\"SearchAction\",\"target\":{\"@type\":\"EntryPoint\",\"urlTemplate\":\"https:\\\/\\\/www.inovallee.com\\\/?s={search_term_string}\"},\"query-input\":{\"@type\":\"PropertyValueSpecification\",\"valueRequired\":true,\"valueName\":\"search_term_string\"}}],\"inLanguage\":\"en-GB\"},{\"@type\":\"Organization\",\"@id\":\"https:\\\/\\\/www.inovallee.com\\\/#organization\",\"name\":\"inovall\u00e9e\",\"url\":\"https:\\\/\\\/www.inovallee.com\\\/\",\"logo\":{\"@type\":\"ImageObject\",\"inLanguage\":\"en-GB\",\"@id\":\"https:\\\/\\\/www.inovallee.com\\\/#\\\/schema\\\/logo\\\/image\\\/\",\"url\":\"https:\\\/\\\/www.inovallee.com\\\/wp-content\\\/uploads\\\/2023\\\/08\\\/inovallee_2022_GrenobleAlpes.png\",\"contentUrl\":\"https:\\\/\\\/www.inovallee.com\\\/wp-content\\\/uploads\\\/2023\\\/08\\\/inovallee_2022_GrenobleAlpes.png\",\"width\":945,\"height\":369,\"caption\":\"inovall\u00e9e\"},\"image\":{\"@id\":\"https:\\\/\\\/www.inovallee.com\\\/#\\\/schema\\\/logo\\\/image\\\/\"},\"sameAs\":[\"https:\\\/\\\/www.facebook.com\\\/technopoleinovallee\\\/\",\"https:\\\/\\\/x.com\\\/inovallee\",\"https:\\\/\\\/www.linkedin.com\\\/company\\\/inovall-e\\\/\",\"https:\\\/\\\/www.youtube.com\\\/user\\\/inovallee?reload=9\"]},{\"@type\":\"Person\",\"@id\":\"https:\\\/\\\/www.inovallee.com\\\/#\\\/schema\\\/person\\\/a45b15518aad3111b2d61d257a3e023b\",\"name\":\"Inovallee\"}]}<\/script>\n<!-- \/ Yoast SEO plugin. -->","yoast_head_json":{"title":"Et si vous partagiez votre v\u00e9hicule pour venir travailler sur inovall\u00e9e ? - inovall\u00e9e","description":"Parce que les enjeux li\u00e9s \u00e0 la mobilit\u00e9 sont au c\u0153ur des pr\u00e9occupations d'inovall\u00e9e, l'association a ouvert sa communaut\u00e9 sur le site Mov'ici il y a quelques mois...","robots":{"index":"index","follow":"follow","max-snippet":"max-snippet:-1","max-image-preview":"max-image-preview:large","max-video-preview":"max-video-preview:-1"},"canonical":"https:\/\/www.inovallee.com\/en\/et-si-vous-partagiez-votre-vehicule-pour-venir-travailler-sur-inovallee\/","og_locale":"en_GB","og_type":"article","og_title":"Et si vous partagiez votre v\u00e9hicule pour venir travailler sur inovall\u00e9e ? - inovall\u00e9e","og_description":"Parce que les enjeux li\u00e9s \u00e0 la mobilit\u00e9 sont au c\u0153ur des pr\u00e9occupations d'inovall\u00e9e, l'association a ouvert sa communaut\u00e9 sur le site Mov'ici il y a quelques mois...","og_url":"https:\/\/www.inovallee.com\/en\/et-si-vous-partagiez-votre-vehicule-pour-venir-travailler-sur-inovallee\/","og_site_name":"inovall\u00e9e","article_publisher":"https:\/\/www.facebook.com\/technopoleinovallee\/","article_published_time":"2019-07-02T15:10:26+00:00","og_image":[{"width":800,"height":538,"url":"https:\/\/www.inovallee.com\/wp-content\/uploads\/2019\/07\/blog_une_covoiturage.png","type":"image\/png"}],"author":"Inovallee","twitter_card":"summary_large_image","twitter_creator":"@inovallee","twitter_site":"@inovallee","twitter_misc":{"Written by":"Inovallee","Estimated reading time":"2 minutes"},"schema":{"@context":"https:\/\/schema.org","@graph":[{"@type":"Article","@id":"https:\/\/www.inovallee.com\/et-si-vous-partagiez-votre-vehicule-pour-venir-travailler-sur-inovallee\/#article","isPartOf":{"@id":"https:\/\/www.inovallee.com\/et-si-vous-partagiez-votre-vehicule-pour-venir-travailler-sur-inovallee\/"},"author":{"name":"Inovallee","@id":"https:\/\/www.inovallee.com\/#\/schema\/person\/a45b15518aad3111b2d61d257a3e023b"},"headline":"Et si vous partagiez votre v\u00e9hicule pour venir travailler sur inovall\u00e9e ?","datePublished":"2019-07-02T15:10:26+00:00","mainEntityOfPage":{"@id":"https:\/\/www.inovallee.com\/et-si-vous-partagiez-votre-vehicule-pour-venir-travailler-sur-inovallee\/"},"wordCount":333,"publisher":{"@id":"https:\/\/www.inovallee.com\/#organization"},"image":{"@id":"https:\/\/www.inovallee.com\/et-si-vous-partagiez-votre-vehicule-pour-venir-travailler-sur-inovallee\/#primaryimage"},"thumbnailUrl":"https:\/\/www.inovallee.com\/wp-content\/uploads\/2019\/07\/blog_une_covoiturage.png","articleSection":["My Ino : Vivre &amp; travailler sur inovall\u00e9e","Transport et mobilit\u00e9 durable"],"inLanguage":"en-GB"},{"@type":"WebPage","@id":"https:\/\/www.inovallee.com\/et-si-vous-partagiez-votre-vehicule-pour-venir-travailler-sur-inovallee\/","url":"https:\/\/www.inovallee.com\/et-si-vous-partagiez-votre-vehicule-pour-venir-travailler-sur-inovallee\/","name":"Et si vous partagiez votre v\u00e9hicule pour venir travailler sur inovall\u00e9e ? - inovall\u00e9e","isPartOf":{"@id":"https:\/\/www.inovallee.com\/#website"},"primaryImageOfPage":{"@id":"https:\/\/www.inovallee.com\/et-si-vous-partagiez-votre-vehicule-pour-venir-travailler-sur-inovallee\/#primaryimage"},"image":{"@id":"https:\/\/www.inovallee.com\/et-si-vous-partagiez-votre-vehicule-pour-venir-travailler-sur-inovallee\/#primaryimage"},"thumbnailUrl":"https:\/\/www.inovallee.com\/wp-content\/uploads\/2019\/07\/blog_une_covoiturage.png","datePublished":"2019-07-02T15:10:26+00:00","description":"Parce que les enjeux li\u00e9s \u00e0 la mobilit\u00e9 sont au c\u0153ur des pr\u00e9occupations d'inovall\u00e9e, l'association a ouvert sa communaut\u00e9 sur le site Mov'ici il y a quelques mois...","breadcrumb":{"@id":"https:\/\/www.inovallee.com\/et-si-vous-partagiez-votre-vehicule-pour-venir-travailler-sur-inovallee\/#breadcrumb"},"inLanguage":"en-GB","potentialAction":[{"@type":"ReadAction","target":["https:\/\/www.inovallee.com\/et-si-vous-partagiez-votre-vehicule-pour-venir-travailler-sur-inovallee\/"]}]},{"@type":"ImageObject","inLanguage":"en-GB","@id":"https:\/\/www.inovallee.com\/et-si-vous-partagiez-votre-vehicule-pour-venir-travailler-sur-inovallee\/#primaryimage","url":"https:\/\/www.inovallee.com\/wp-content\/uploads\/2019\/07\/blog_une_covoiturage.png","contentUrl":"https:\/\/www.inovallee.com\/wp-content\/uploads\/2019\/07\/blog_une_covoiturage.png","width":800,"height":538},{"@type":"BreadcrumbList","@id":"https:\/\/www.inovallee.com\/et-si-vous-partagiez-votre-vehicule-pour-venir-travailler-sur-inovallee\/#breadcrumb","itemListElement":[{"@type":"ListItem","position":1,"name":"Accueil","item":"https:\/\/www.inovallee.com\/"},{"@type":"ListItem","position":2,"name":"Et si vous partagiez votre v\u00e9hicule pour venir travailler sur inovall\u00e9e ?"}]},{"@type":"WebSite","@id":"https:\/\/www.inovallee.com\/#website","url":"https:\/\/www.inovallee.com\/","name":"inovall\u00e9e technopole, Home to software & smart technologies","description":"Home to software &amp; smart technologies","publisher":{"@id":"https:\/\/www.inovallee.com\/#organization"},"potentialAction":[{"@type":"SearchAction","target":{"@type":"EntryPoint","urlTemplate":"https:\/\/www.inovallee.com\/?s={search_term_string}"},"query-input":{"@type":"PropertyValueSpecification","valueRequired":true,"valueName":"search_term_string"}}],"inLanguage":"en-GB"},{"@type":"Organization","@id":"https:\/\/www.inovallee.com\/#organization","name":"inovall\u00e9e","url":"https:\/\/www.inovallee.com\/","logo":{"@type":"ImageObject","inLanguage":"en-GB","@id":"https:\/\/www.inovallee.com\/#\/schema\/logo\/image\/","url":"https:\/\/www.inovallee.com\/wp-content\/uploads\/2023\/08\/inovallee_2022_GrenobleAlpes.png","contentUrl":"https:\/\/www.inovallee.com\/wp-content\/uploads\/2023\/08\/inovallee_2022_GrenobleAlpes.png","width":945,"height":369,"caption":"inovall\u00e9e"},"image":{"@id":"https:\/\/www.inovallee.com\/#\/schema\/logo\/image\/"},"sameAs":["https:\/\/www.facebook.com\/technopoleinovallee\/","https:\/\/x.com\/inovallee","https:\/\/www.linkedin.com\/company\/inovall-e\/","https:\/\/www.youtube.com\/user\/inovallee?reload=9"]},{"@type":"Person","@id":"https:\/\/www.inovallee.com\/#\/schema\/person\/a45b15518aad3111b2d61d257a3e023b","name":"Inovallee"}]}},"_links":{"self":[{"href":"https:\/\/www.inovallee.com\/en\/wp-json\/wp\/v2\/posts\/22024","targetHints":{"allow":["GET"]}}],"collection":[{"href":"https:\/\/www.inovallee.com\/en\/wp-json\/wp\/v2\/posts"}],"about":[{"href":"https:\/\/www.inovallee.com\/en\/wp-json\/wp\/v2\/types\/post"}],"author":[{"embeddable":true,"href":"https:\/\/www.inovallee.com\/en\/wp-json\/wp\/v2\/users\/6"}],"replies":[{"embeddable":true,"href":"https:\/\/www.inovallee.com\/en\/wp-json\/wp\/v2\/comments?post=22024"}],"version-history":[{"count":0,"href":"https:\/\/www.inovallee.com\/en\/wp-json\/wp\/v2\/posts\/22024\/revisions"}],"wp:featuredmedia":[{"embeddable":true,"href":"https:\/\/www.inovallee.com\/en\/wp-json\/wp\/v2\/media\/22038"}],"wp:attachment":[{"href":"https:\/\/www.inovallee.com\/en\/wp-json\/wp\/v2\/media?parent=22024"}],"wp:term":[{"taxonomy":"category","embeddable":true,"href":"https:\/\/www.inovallee.com\/en\/wp-json\/wp\/v2\/categories?post=22024"},{"taxonomy":"post_tag","embeddable":true,"href":"https:\/\/www.inovallee.com\/en\/wp-json\/wp\/v2\/tags?post=22024"}],"curies":[{"name":"wp","href":"https:\/\/api.w.org\/{rel}","templated":true}]}}