{"id":2228,"date":"2014-05-22T07:43:00","date_gmt":"2014-05-22T06:43:00","guid":{"rendered":"https:\/\/www.inovallee.com\/imaginons-le-futur-organise-par-minalogic-17-juin\/"},"modified":"2014-05-22T07:43:00","modified_gmt":"2014-05-22T06:43:00","slug":"imaginons-le-futur-organise-par-minalogic-17-juin","status":"publish","type":"post","link":"https:\/\/www.inovallee.com\/en\/imaginons-le-futur-organise-par-minalogic-17-juin\/","title":{"rendered":"&quot;Imaginons le futur&quot; organis\u00e9 par Minalogic 17 juin"},"content":{"rendered":"<div dir=\"ltr\" style=\"text-align: left;\">\n<div style=\"clear: both; text-align: center;\"><a href=\"http:\/\/2.bp.blogspot.com\/-iaJJDjaV9kc\/U32dOMztrhI\/AAAAAAAAKYo\/s34HbQvfSQE\/s1600\/minalogic.jpg\" style=\"clear: left; float: left; margin-bottom: 1em; margin-right: 1em;\"><img decoding=\"async\" border=\"0\" src=\"http:\/\/2.bp.blogspot.com\/-iaJJDjaV9kc\/U32dOMztrhI\/AAAAAAAAKYo\/s34HbQvfSQE\/s1600\/minalogic.jpg\" height=\"197\" width=\"200\" \/><\/a><\/div>\n<p><span style=\"font-family: Arial,Helvetica,sans-serif;\"><span style=\"font-size: x-small;\">Minalogic  P\u00f4le de comp\u00e9titivit\u00e9 du num\u00e9rique alliant la micro-nano\u00e9lectronique et le logiciel   vous invite \u00e0 sa grande journ\u00e9e annuelle <b><span style=\"color: #3d85c6;\">IMAGINONS LE FUTUR<\/span><\/b><\/span><\/span><\/p>\n<p><b><span style=\"font-family: Arial,Helvetica,sans-serif;\"><span style=\"font-size: x-small;\">&nbsp;Les nouveaut\u00e9s cette ann\u00e9e :&nbsp;<\/span><\/span><\/b><br \/><span style=\"font-family: Arial,Helvetica,sans-serif;\"><span style=\"font-size: x-small;\">&#8211; Une Vitrine des Produits issus des projets innovants labellis\u00e9s par Minalogic&nbsp;<\/span><\/span><br \/><span style=\"font-family: Arial,Helvetica,sans-serif;\"><span style=\"font-size: x-small;\">&#8211; Une Session Collaborative pour \u00e9changer ensemble sur l&rsquo;avenir de l&rsquo;\u00e9cosyst\u00e8me<\/span><\/span><\/p>\n<p><span style=\"font-family: Arial,Helvetica,sans-serif;\"><span style=\"font-size: x-small;\"><b>Programme :<\/b>&nbsp; <\/span><\/span><br \/><span style=\"font-family: Arial,Helvetica,sans-serif;\"><span style=\"font-size: x-small;\">&#8211; Minalogic, une vision collective par Isabelle Guillaume, D\u00e9l\u00e9gu\u00e9e g\u00e9n\u00e9rale de Minalogic <\/span><\/span><br \/><span style=\"font-family: Arial,Helvetica,sans-serif;\"><span style=\"font-size: x-small;\">&#8211; T\u00e9moignage du \u00ab serial-entrepreneur \u00bb Thierry Rouquet : Une aventure personnelle et industrielle&nbsp;<\/span><\/span><br \/><span style=\"font-family: Arial,Helvetica,sans-serif;\"><span style=\"font-size: x-small;\">&#8211; Les fruits de la R&amp;D collaborative<\/span><\/span><br \/><span style=\"font-family: Arial,Helvetica,sans-serif;\"><span style=\"font-size: x-small;\">&#8211; Brainstorming g\u00e9ant \u00ab Imaginons le futur \u00bb&nbsp;<\/span><\/span><\/p>\n<p><span style=\"font-family: Arial,Helvetica,sans-serif;\"><span style=\"font-size: x-small;\"><b>Quand?<\/b> <\/span><\/span><span style=\"font-family: Arial,Helvetica,sans-serif;\"><span style=\"font-size: x-small;\"> Mardi 17 juin 2014 de 9h30 \u00e0 17h00 <\/span><\/span><br \/><span style=\"font-family: Arial,Helvetica,sans-serif;\"><span style=\"font-size: x-small;\"><b>O\u00f9 ?<\/b> <\/span><\/span><span style=\"font-family: Arial,Helvetica,sans-serif;\"><span style=\"font-size: x-small;\">au World Trade Center, Grenoble<\/span><\/span><br \/><span style=\"font-family: Arial,Helvetica,sans-serif;\"><span style=\"font-size: x-small;\"><b>Inscription pr\u00e9alable obligatoire<\/b> : <\/span><\/span><span style=\"font-family: Arial,Helvetica,sans-serif;\"><span style=\"font-size: x-small;\">Attention : Places limit\u00e9es \u00e0 100 personnes: <\/span><\/span><br \/><a href=\"http:\/\/minalogic.insight-outside.fr\/inscriptions\/\">http:\/\/minalogic.insight-outside.fr\/inscriptions\/<\/a><\/p>\n<p><a href=\"http:\/\/www.minalogic.com\/Actualites\/1281\/Journ%C3%A9e+annuelle+%22Imaginons+le+futur%22\/18-l-agenda.htm#.U32ZUmdkpD-\" target=\"_blank\" rel=\"noopener noreferrer\">Plus d&rsquo;informations <\/a><\/div>","protected":false},"excerpt":{"rendered":"<p>Minalogic P\u00f4le de comp\u00e9titivit\u00e9 du num\u00e9rique alliant la micro-nano\u00e9lectronique et le logiciel vous invite \u00e0 sa grande journ\u00e9e annuelle IMAGINONS LE FUTUR &nbsp;Les nouveaut\u00e9s cette ann\u00e9e :&nbsp;&#8211; Une Vitrine des Produits issus des projets innovants labellis\u00e9s par Minalogic&nbsp;&#8211; Une Session Collaborative pour \u00e9changer ensemble sur l&rsquo;avenir de l&rsquo;\u00e9cosyst\u00e8me Programme :&nbsp; &#8211; Minalogic, une vision collective [&hellip;]<\/p>\n","protected":false},"author":6,"featured_media":0,"comment_status":"closed","ping_status":"open","sticky":false,"template":"","format":"standard","meta":{"footnotes":""},"categories":[51],"tags":[],"class_list":["post-2228","post","type-post","status-publish","format-standard","hentry","category-ecosysteme-innovation"],"yoast_head":"<!-- This site is optimized with the Yoast SEO plugin v27.4 - https:\/\/yoast.com\/product\/yoast-seo-wordpress\/ -->\n<title>&quot;Imaginons le futur&quot; organis\u00e9 par Minalogic 17 juin - inovall\u00e9e<\/title>\n<meta name=\"robots\" content=\"index, follow, max-snippet:-1, max-image-preview:large, max-video-preview:-1\" \/>\n<link rel=\"canonical\" href=\"https:\/\/www.inovallee.com\/en\/imaginons-le-futur-organise-par-minalogic-17-juin\/\" \/>\n<meta property=\"og:locale\" content=\"en_GB\" \/>\n<meta property=\"og:type\" content=\"article\" \/>\n<meta property=\"og:title\" content=\"&quot;Imaginons le futur&quot; organis\u00e9 par Minalogic 17 juin - inovall\u00e9e\" \/>\n<meta property=\"og:description\" content=\"Minalogic P\u00f4le de comp\u00e9titivit\u00e9 du num\u00e9rique alliant la micro-nano\u00e9lectronique et le logiciel vous invite \u00e0 sa grande journ\u00e9e annuelle IMAGINONS LE FUTUR &nbsp;Les nouveaut\u00e9s cette ann\u00e9e :&nbsp;&#8211; Une Vitrine des Produits issus des projets innovants labellis\u00e9s par Minalogic&nbsp;&#8211; Une Session Collaborative pour \u00e9changer ensemble sur l&rsquo;avenir de l&rsquo;\u00e9cosyst\u00e8me Programme :&nbsp; &#8211; Minalogic, une vision collective [&hellip;]\" \/>\n<meta property=\"og:url\" content=\"https:\/\/www.inovallee.com\/en\/imaginons-le-futur-organise-par-minalogic-17-juin\/\" \/>\n<meta property=\"og:site_name\" content=\"inovall\u00e9e\" \/>\n<meta property=\"article:publisher\" content=\"https:\/\/www.facebook.com\/technopoleinovallee\/\" \/>\n<meta property=\"article:published_time\" content=\"2014-05-22T06:43:00+00:00\" \/>\n<meta property=\"og:image\" content=\"http:\/\/2.bp.blogspot.com\/-iaJJDjaV9kc\/U32dOMztrhI\/AAAAAAAAKYo\/s34HbQvfSQE\/s1600\/minalogic.jpg\" \/>\n<meta name=\"author\" content=\"Inovallee\" \/>\n<meta name=\"twitter:card\" content=\"summary_large_image\" \/>\n<meta name=\"twitter:creator\" content=\"@inovallee\" \/>\n<meta name=\"twitter:site\" content=\"@inovallee\" \/>\n<meta name=\"twitter:label1\" content=\"Written by\" \/>\n\t<meta name=\"twitter:data1\" content=\"Inovallee\" \/>\n\t<meta name=\"twitter:label2\" content=\"Estimated reading time\" \/>\n\t<meta name=\"twitter:data2\" content=\"1 minute\" \/>\n<script type=\"application\/ld+json\" class=\"yoast-schema-graph\">{\"@context\":\"https:\\\/\\\/schema.org\",\"@graph\":[{\"@type\":\"Article\",\"@id\":\"https:\\\/\\\/www.inovallee.com\\\/imaginons-le-futur-organise-par-minalogic-17-juin\\\/#article\",\"isPartOf\":{\"@id\":\"https:\\\/\\\/www.inovallee.com\\\/imaginons-le-futur-organise-par-minalogic-17-juin\\\/\"},\"author\":{\"name\":\"Inovallee\",\"@id\":\"https:\\\/\\\/www.inovallee.com\\\/#\\\/schema\\\/person\\\/a45b15518aad3111b2d61d257a3e023b\"},\"headline\":\"&quot;Imaginons le futur&quot; organis\u00e9 par Minalogic 17 juin\",\"datePublished\":\"2014-05-22T06:43:00+00:00\",\"mainEntityOfPage\":{\"@id\":\"https:\\\/\\\/www.inovallee.com\\\/imaginons-le-futur-organise-par-minalogic-17-juin\\\/\"},\"wordCount\":149,\"publisher\":{\"@id\":\"https:\\\/\\\/www.inovallee.com\\\/#organization\"},\"image\":{\"@id\":\"https:\\\/\\\/www.inovallee.com\\\/imaginons-le-futur-organise-par-minalogic-17-juin\\\/#primaryimage\"},\"thumbnailUrl\":\"http:\\\/\\\/2.bp.blogspot.com\\\/-iaJJDjaV9kc\\\/U32dOMztrhI\\\/AAAAAAAAKYo\\\/s34HbQvfSQE\\\/s1600\\\/minalogic.jpg\",\"articleSection\":[\"Ecosyst\u00e8me de l'innovation\"],\"inLanguage\":\"en-GB\"},{\"@type\":\"WebPage\",\"@id\":\"https:\\\/\\\/www.inovallee.com\\\/imaginons-le-futur-organise-par-minalogic-17-juin\\\/\",\"url\":\"https:\\\/\\\/www.inovallee.com\\\/imaginons-le-futur-organise-par-minalogic-17-juin\\\/\",\"name\":\"&quot;Imaginons le futur&quot; organis\u00e9 par Minalogic 17 juin - inovall\u00e9e\",\"isPartOf\":{\"@id\":\"https:\\\/\\\/www.inovallee.com\\\/#website\"},\"primaryImageOfPage\":{\"@id\":\"https:\\\/\\\/www.inovallee.com\\\/imaginons-le-futur-organise-par-minalogic-17-juin\\\/#primaryimage\"},\"image\":{\"@id\":\"https:\\\/\\\/www.inovallee.com\\\/imaginons-le-futur-organise-par-minalogic-17-juin\\\/#primaryimage\"},\"thumbnailUrl\":\"http:\\\/\\\/2.bp.blogspot.com\\\/-iaJJDjaV9kc\\\/U32dOMztrhI\\\/AAAAAAAAKYo\\\/s34HbQvfSQE\\\/s1600\\\/minalogic.jpg\",\"datePublished\":\"2014-05-22T06:43:00+00:00\",\"breadcrumb\":{\"@id\":\"https:\\\/\\\/www.inovallee.com\\\/imaginons-le-futur-organise-par-minalogic-17-juin\\\/#breadcrumb\"},\"inLanguage\":\"en-GB\",\"potentialAction\":[{\"@type\":\"ReadAction\",\"target\":[\"https:\\\/\\\/www.inovallee.com\\\/imaginons-le-futur-organise-par-minalogic-17-juin\\\/\"]}]},{\"@type\":\"ImageObject\",\"inLanguage\":\"en-GB\",\"@id\":\"https:\\\/\\\/www.inovallee.com\\\/imaginons-le-futur-organise-par-minalogic-17-juin\\\/#primaryimage\",\"url\":\"http:\\\/\\\/2.bp.blogspot.com\\\/-iaJJDjaV9kc\\\/U32dOMztrhI\\\/AAAAAAAAKYo\\\/s34HbQvfSQE\\\/s1600\\\/minalogic.jpg\",\"contentUrl\":\"http:\\\/\\\/2.bp.blogspot.com\\\/-iaJJDjaV9kc\\\/U32dOMztrhI\\\/AAAAAAAAKYo\\\/s34HbQvfSQE\\\/s1600\\\/minalogic.jpg\"},{\"@type\":\"BreadcrumbList\",\"@id\":\"https:\\\/\\\/www.inovallee.com\\\/imaginons-le-futur-organise-par-minalogic-17-juin\\\/#breadcrumb\",\"itemListElement\":[{\"@type\":\"ListItem\",\"position\":1,\"name\":\"Accueil\",\"item\":\"https:\\\/\\\/www.inovallee.com\\\/\"},{\"@type\":\"ListItem\",\"position\":2,\"name\":\"&quot;Imaginons le futur&quot; organis\u00e9 par Minalogic 17 juin\"}]},{\"@type\":\"WebSite\",\"@id\":\"https:\\\/\\\/www.inovallee.com\\\/#website\",\"url\":\"https:\\\/\\\/www.inovallee.com\\\/\",\"name\":\"inovall\u00e9e technopole, Home to software & smart technologies\",\"description\":\"Home to software &amp; smart technologies\",\"publisher\":{\"@id\":\"https:\\\/\\\/www.inovallee.com\\\/#organization\"},\"potentialAction\":[{\"@type\":\"SearchAction\",\"target\":{\"@type\":\"EntryPoint\",\"urlTemplate\":\"https:\\\/\\\/www.inovallee.com\\\/?s={search_term_string}\"},\"query-input\":{\"@type\":\"PropertyValueSpecification\",\"valueRequired\":true,\"valueName\":\"search_term_string\"}}],\"inLanguage\":\"en-GB\"},{\"@type\":\"Organization\",\"@id\":\"https:\\\/\\\/www.inovallee.com\\\/#organization\",\"name\":\"inovall\u00e9e\",\"url\":\"https:\\\/\\\/www.inovallee.com\\\/\",\"logo\":{\"@type\":\"ImageObject\",\"inLanguage\":\"en-GB\",\"@id\":\"https:\\\/\\\/www.inovallee.com\\\/#\\\/schema\\\/logo\\\/image\\\/\",\"url\":\"https:\\\/\\\/www.inovallee.com\\\/wp-content\\\/uploads\\\/2023\\\/08\\\/inovallee_2022_GrenobleAlpes.png\",\"contentUrl\":\"https:\\\/\\\/www.inovallee.com\\\/wp-content\\\/uploads\\\/2023\\\/08\\\/inovallee_2022_GrenobleAlpes.png\",\"width\":945,\"height\":369,\"caption\":\"inovall\u00e9e\"},\"image\":{\"@id\":\"https:\\\/\\\/www.inovallee.com\\\/#\\\/schema\\\/logo\\\/image\\\/\"},\"sameAs\":[\"https:\\\/\\\/www.facebook.com\\\/technopoleinovallee\\\/\",\"https:\\\/\\\/x.com\\\/inovallee\",\"https:\\\/\\\/www.linkedin.com\\\/company\\\/inovall-e\\\/\",\"https:\\\/\\\/www.youtube.com\\\/user\\\/inovallee?reload=9\"]},{\"@type\":\"Person\",\"@id\":\"https:\\\/\\\/www.inovallee.com\\\/#\\\/schema\\\/person\\\/a45b15518aad3111b2d61d257a3e023b\",\"name\":\"Inovallee\"}]}<\/script>\n<!-- \/ Yoast SEO plugin. -->","yoast_head_json":{"title":"&quot;Imaginons le futur&quot; organis\u00e9 par Minalogic 17 juin - inovall\u00e9e","robots":{"index":"index","follow":"follow","max-snippet":"max-snippet:-1","max-image-preview":"max-image-preview:large","max-video-preview":"max-video-preview:-1"},"canonical":"https:\/\/www.inovallee.com\/en\/imaginons-le-futur-organise-par-minalogic-17-juin\/","og_locale":"en_GB","og_type":"article","og_title":"&quot;Imaginons le futur&quot; organis\u00e9 par Minalogic 17 juin - inovall\u00e9e","og_description":"Minalogic P\u00f4le de comp\u00e9titivit\u00e9 du num\u00e9rique alliant la micro-nano\u00e9lectronique et le logiciel vous invite \u00e0 sa grande journ\u00e9e annuelle IMAGINONS LE FUTUR &nbsp;Les nouveaut\u00e9s cette ann\u00e9e :&nbsp;&#8211; Une Vitrine des Produits issus des projets innovants labellis\u00e9s par Minalogic&nbsp;&#8211; Une Session Collaborative pour \u00e9changer ensemble sur l&rsquo;avenir de l&rsquo;\u00e9cosyst\u00e8me Programme :&nbsp; &#8211; Minalogic, une vision collective [&hellip;]","og_url":"https:\/\/www.inovallee.com\/en\/imaginons-le-futur-organise-par-minalogic-17-juin\/","og_site_name":"inovall\u00e9e","article_publisher":"https:\/\/www.facebook.com\/technopoleinovallee\/","article_published_time":"2014-05-22T06:43:00+00:00","og_image":[{"url":"http:\/\/2.bp.blogspot.com\/-iaJJDjaV9kc\/U32dOMztrhI\/AAAAAAAAKYo\/s34HbQvfSQE\/s1600\/minalogic.jpg","type":"","width":"","height":""}],"author":"Inovallee","twitter_card":"summary_large_image","twitter_creator":"@inovallee","twitter_site":"@inovallee","twitter_misc":{"Written by":"Inovallee","Estimated reading time":"1 minute"},"schema":{"@context":"https:\/\/schema.org","@graph":[{"@type":"Article","@id":"https:\/\/www.inovallee.com\/imaginons-le-futur-organise-par-minalogic-17-juin\/#article","isPartOf":{"@id":"https:\/\/www.inovallee.com\/imaginons-le-futur-organise-par-minalogic-17-juin\/"},"author":{"name":"Inovallee","@id":"https:\/\/www.inovallee.com\/#\/schema\/person\/a45b15518aad3111b2d61d257a3e023b"},"headline":"&quot;Imaginons le futur&quot; organis\u00e9 par Minalogic 17 juin","datePublished":"2014-05-22T06:43:00+00:00","mainEntityOfPage":{"@id":"https:\/\/www.inovallee.com\/imaginons-le-futur-organise-par-minalogic-17-juin\/"},"wordCount":149,"publisher":{"@id":"https:\/\/www.inovallee.com\/#organization"},"image":{"@id":"https:\/\/www.inovallee.com\/imaginons-le-futur-organise-par-minalogic-17-juin\/#primaryimage"},"thumbnailUrl":"http:\/\/2.bp.blogspot.com\/-iaJJDjaV9kc\/U32dOMztrhI\/AAAAAAAAKYo\/s34HbQvfSQE\/s1600\/minalogic.jpg","articleSection":["Ecosyst\u00e8me de l'innovation"],"inLanguage":"en-GB"},{"@type":"WebPage","@id":"https:\/\/www.inovallee.com\/imaginons-le-futur-organise-par-minalogic-17-juin\/","url":"https:\/\/www.inovallee.com\/imaginons-le-futur-organise-par-minalogic-17-juin\/","name":"&quot;Imaginons le futur&quot; organis\u00e9 par Minalogic 17 juin - inovall\u00e9e","isPartOf":{"@id":"https:\/\/www.inovallee.com\/#website"},"primaryImageOfPage":{"@id":"https:\/\/www.inovallee.com\/imaginons-le-futur-organise-par-minalogic-17-juin\/#primaryimage"},"image":{"@id":"https:\/\/www.inovallee.com\/imaginons-le-futur-organise-par-minalogic-17-juin\/#primaryimage"},"thumbnailUrl":"http:\/\/2.bp.blogspot.com\/-iaJJDjaV9kc\/U32dOMztrhI\/AAAAAAAAKYo\/s34HbQvfSQE\/s1600\/minalogic.jpg","datePublished":"2014-05-22T06:43:00+00:00","breadcrumb":{"@id":"https:\/\/www.inovallee.com\/imaginons-le-futur-organise-par-minalogic-17-juin\/#breadcrumb"},"inLanguage":"en-GB","potentialAction":[{"@type":"ReadAction","target":["https:\/\/www.inovallee.com\/imaginons-le-futur-organise-par-minalogic-17-juin\/"]}]},{"@type":"ImageObject","inLanguage":"en-GB","@id":"https:\/\/www.inovallee.com\/imaginons-le-futur-organise-par-minalogic-17-juin\/#primaryimage","url":"http:\/\/2.bp.blogspot.com\/-iaJJDjaV9kc\/U32dOMztrhI\/AAAAAAAAKYo\/s34HbQvfSQE\/s1600\/minalogic.jpg","contentUrl":"http:\/\/2.bp.blogspot.com\/-iaJJDjaV9kc\/U32dOMztrhI\/AAAAAAAAKYo\/s34HbQvfSQE\/s1600\/minalogic.jpg"},{"@type":"BreadcrumbList","@id":"https:\/\/www.inovallee.com\/imaginons-le-futur-organise-par-minalogic-17-juin\/#breadcrumb","itemListElement":[{"@type":"ListItem","position":1,"name":"Accueil","item":"https:\/\/www.inovallee.com\/"},{"@type":"ListItem","position":2,"name":"&quot;Imaginons le futur&quot; organis\u00e9 par Minalogic 17 juin"}]},{"@type":"WebSite","@id":"https:\/\/www.inovallee.com\/#website","url":"https:\/\/www.inovallee.com\/","name":"inovall\u00e9e technopole, Home to software & smart technologies","description":"Home to software &amp; smart technologies","publisher":{"@id":"https:\/\/www.inovallee.com\/#organization"},"potentialAction":[{"@type":"SearchAction","target":{"@type":"EntryPoint","urlTemplate":"https:\/\/www.inovallee.com\/?s={search_term_string}"},"query-input":{"@type":"PropertyValueSpecification","valueRequired":true,"valueName":"search_term_string"}}],"inLanguage":"en-GB"},{"@type":"Organization","@id":"https:\/\/www.inovallee.com\/#organization","name":"inovall\u00e9e","url":"https:\/\/www.inovallee.com\/","logo":{"@type":"ImageObject","inLanguage":"en-GB","@id":"https:\/\/www.inovallee.com\/#\/schema\/logo\/image\/","url":"https:\/\/www.inovallee.com\/wp-content\/uploads\/2023\/08\/inovallee_2022_GrenobleAlpes.png","contentUrl":"https:\/\/www.inovallee.com\/wp-content\/uploads\/2023\/08\/inovallee_2022_GrenobleAlpes.png","width":945,"height":369,"caption":"inovall\u00e9e"},"image":{"@id":"https:\/\/www.inovallee.com\/#\/schema\/logo\/image\/"},"sameAs":["https:\/\/www.facebook.com\/technopoleinovallee\/","https:\/\/x.com\/inovallee","https:\/\/www.linkedin.com\/company\/inovall-e\/","https:\/\/www.youtube.com\/user\/inovallee?reload=9"]},{"@type":"Person","@id":"https:\/\/www.inovallee.com\/#\/schema\/person\/a45b15518aad3111b2d61d257a3e023b","name":"Inovallee"}]}},"_links":{"self":[{"href":"https:\/\/www.inovallee.com\/en\/wp-json\/wp\/v2\/posts\/2228","targetHints":{"allow":["GET"]}}],"collection":[{"href":"https:\/\/www.inovallee.com\/en\/wp-json\/wp\/v2\/posts"}],"about":[{"href":"https:\/\/www.inovallee.com\/en\/wp-json\/wp\/v2\/types\/post"}],"author":[{"embeddable":true,"href":"https:\/\/www.inovallee.com\/en\/wp-json\/wp\/v2\/users\/6"}],"replies":[{"embeddable":true,"href":"https:\/\/www.inovallee.com\/en\/wp-json\/wp\/v2\/comments?post=2228"}],"version-history":[{"count":0,"href":"https:\/\/www.inovallee.com\/en\/wp-json\/wp\/v2\/posts\/2228\/revisions"}],"wp:attachment":[{"href":"https:\/\/www.inovallee.com\/en\/wp-json\/wp\/v2\/media?parent=2228"}],"wp:term":[{"taxonomy":"category","embeddable":true,"href":"https:\/\/www.inovallee.com\/en\/wp-json\/wp\/v2\/categories?post=2228"},{"taxonomy":"post_tag","embeddable":true,"href":"https:\/\/www.inovallee.com\/en\/wp-json\/wp\/v2\/tags?post=2228"}],"curies":[{"name":"wp","href":"https:\/\/api.w.org\/{rel}","templated":true}]}}