{"id":23756,"date":"2019-11-08T13:20:49","date_gmt":"2019-11-08T12:20:49","guid":{"rendered":"https:\/\/www.inovallee.com\/?p=23756"},"modified":"2019-11-08T13:20:49","modified_gmt":"2019-11-08T12:20:49","slug":"venir-travailler-sur-inovallee-sans-sa-voiture","status":"publish","type":"post","link":"http:\/\/www.inovallee.com\/en\/venir-travailler-sur-inovallee-sans-sa-voiture\/","title":{"rendered":"Nouveaux am\u00e9nagements de la Chrono 1, tarification unique\u2026 enfin une offre alternative performante pour venir travailler sur inovall\u00e9e sans sa voiture !"},"content":{"rendered":"<p><em><strong>Le SMTC, qui regroupe d\u00e9sormais le D\u00e9partement de l\u2019Is\u00e8re, Grenoble-Alpes M\u00e9tropole et le Gr\u00e9sivaudan, a entrepris d\u00e8s ce mois de septembre une d\u00e9marche progressive d\u2019am\u00e9lioration de la desserte, et notamment d\u2019inovall\u00e9e, par la ligne Chrono 1.<\/strong><\/em><\/p>\n\n\n<p>En septembre 2020, <strong>la Chrono 1 desservira inovall\u00e9e Montbonnot jusqu\u2019au Pr\u00e9 de l\u2019Eau<\/strong>. A ce jour, cette ligne transporte 10 800 voyageurs par jour (v\/j)*. Le prolongement vers Montbonnot devrait amener 2000 v\/j suppl\u00e9mentaires**. <\/p>\n\n\n<p>Ce n&rsquo;est qu&rsquo;\u00e0 horizon 2023, que <strong>cette ligne se transformera en BHNS<\/strong> (Bus \u00e0 Haut Niveau de Service), devenant ainsi l\u2019\u00e9quivalent d\u2019un tram sur roues en termes de cadencement, de rapidit\u00e9 ou de nombre de voyageurs par jour (80\u00a0000).<\/p>\n\n\n<p>Pour l&rsquo;heure, une partie de la flotte sera chang\u00e9e, avec des bus plus confortables, plus grands et plus propres (bio GNV).<\/p>\n\n\n<div style=\"height:40px\" aria-hidden=\"true\" class=\"wp-block-spacer\"><\/div>\n\n\n<h3 class=\"wp-block-heading\"><strong>Les usagers ont droit \u00e0 la parole&nbsp;! <\/strong><\/h3>\n\n\n<div style=\"height:40px\" aria-hidden=\"true\" class=\"wp-block-spacer\"><\/div>\n\n\n<p>De nombreux <strong>ateliers de concertation<\/strong> ont eu lieu, du 16.09 au 31.10, afin de pr\u00e9senter les futurs am\u00e9nagements pr\u00e9vus et surtout de r\u00e9colter les avis des <strong>principaux usagers de la ligne<\/strong> (riverains Meylan, Montbonnot, La Tronche ainsi que des salari\u00e9s d\u2019inovall\u00e9e). Cette concertation portait essentiellement sur trois points\u00a0:<\/p>\n\n\n<div class=\"wp-block-columns has-2-columns is-layout-flex wp-container-core-columns-is-layout-9d6595d7 wp-block-columns-is-layout-flex\">\n<div class=\"wp-block-column is-layout-flow wp-block-column-is-layout-flow\">\n<figure class=\"wp-block-image\"><a href=\"http:\/\/www.smtc-grenoble.org\/projet-de-bhns-grenoble-montbonnot-la-concertation-prealable\" target=\"_blank\" rel=\"noreferrer noopener\"><img fetchpriority=\"high\" decoding=\"async\" width=\"600\" height=\"343\" src=\"https:\/\/www.inovallee.com\/wp-content\/uploads\/2019\/11\/actu_bhns_light.png\" alt=\"\" class=\"wp-image-23761\"\/><\/a><\/figure>\n<\/div>\n\n\n<div class=\"wp-block-column is-layout-flow wp-block-column-is-layout-flow\">\n<ul class=\"wp-block-list\"><li><strong>Le trac\u00e9\u00a0de la C1<\/strong> : avec 2 options de terminus c\u00f4t\u00e9 Grenoble (Jean Mac\u00e9 ou Presqu\u2019\u00eele), et 2 options de trac\u00e9 c\u00f4t\u00e9 la Tronche-Meylan (trac\u00e9 actuel, ou trac\u00e9 par la facult\u00e9 de m\u00e9decine, qui permettrait la cr\u00e9ation d\u2019un parking relais).<\/li><li><strong>La fr\u00e9quence de la C1<\/strong>, avec 2 options\u00a0: une option, plus clairement orient\u00e9e \u00ab\u00a0riverains\u00a0\u00bb, avec une fr\u00e9quence moindre, un bus sur deux seulement vers Montbonnot, et une desserte en soir\u00e9e et le week-end. Une seconde option, plus clairement orient\u00e9e \u00ab\u00a0salari\u00e9s\u00a0\u00bb, avec une desserte fr\u00e9quente en semaine et tous les bus jusqu\u2019\u00e0 Montbonnot. Cependant, l\u2019amplitude horaire jusqu\u2019\u00e0 19h pourra poser probl\u00e8me.<\/li><\/ul>\n<\/div>\n<\/div>\n\n\n<ul class=\"wp-block-list\"><li><strong>La cr\u00e9ation potentielle d\u2019un p\u00f4le d\u2019\u00e9change \u00e0 Charmeyran<\/strong> (la Tronche), pour faciliter la liaison avec le tram et donc connecter \u00e0 la fois Grenoble, inovall\u00e9e, le campus, le CHU et Gi\u00e8res. Avec l\u00e0 encore une option a minima et une option plus co\u00fbteuse, mais clairement plus ambitieuse, qui pr\u00e9voit la cr\u00e9ation d\u2019une station de tram sur le viaduc, accessible par un ascenseur.<\/li><\/ul>\n\n\n<div style=\"height:40px\" aria-hidden=\"true\" class=\"wp-block-spacer\"><\/div>\n\n\n<figure class=\"wp-block-image\"><img decoding=\"async\" width=\"600\" height=\"420\" src=\"https:\/\/www.inovallee.com\/wp-content\/uploads\/2019\/11\/ChronoBus-2.png\" alt=\"\" class=\"wp-image-23763\"\/><\/figure>\n\n\n<p>Les r\u00e9sultats de la concertation seront publi\u00e9s en d\u00e9but d\u2019ann\u00e9e 2020.<\/p>\n\n\n<div style=\"height:40px\" aria-hidden=\"true\" class=\"wp-block-spacer\"><\/div>\n\n\n<p>C\u00f4t\u00e9 stationnement, <strong>40 places de parking suppl\u00e9mentaires seront cr\u00e9\u00e9es au Pr\u00e9 de l\u2019Eau<\/strong> (un parking en silo pourrait \u00eatre envisag\u00e9 en cas de saturation). De la m\u00eame fa\u00e7on des places de parking seront \u00e9galement pr\u00e9vues tout au long des diff\u00e9rents trac\u00e9s pour faciliter le rabattement des automobilistes vers la C1. A noter \u00e9galement que c&rsquo;est l\u2019ensemble du r\u00e9seau qui sera repens\u00e9, avec notamment la <strong>cr\u00e9ation d&rsquo;une ligne Dom\u00e8ne-Meylan<\/strong>, en vue d\u2019optimiser le maillage global du territoire. <\/p>\n\n\n<div style=\"height:40px\" aria-hidden=\"true\" class=\"wp-block-spacer\"><\/div>\n\n\n<h3 class=\"wp-block-heading\"><strong>Enfin une tarification unique\u2026 un changement historique&nbsp;!<\/strong><\/h3>\n\n\n<div style=\"height:40px\" aria-hidden=\"true\" class=\"wp-block-spacer\"><\/div>\n\n\n<p>La mise en place d\u2019une <strong>AOT unique<\/strong> sur le territoire permettra \u00e9galement de proposer un <strong>tarif unitaire unique \u00e0 3,9 \u20ac pour tout le territoire m\u00e9tropolitain et Gr\u00e9sivaudan<\/strong>, et ce d\u00e8s janvier 2020, ce qui repr\u00e9sente un changement historique en mati\u00e8re d\u2019organisation des transports.<\/p>\n\n\n<p>Autre nouveaut\u00e9, depuis le 30 septembre, Trans<em>is\u00e8re<\/em> propose <strong>d\u2019acqu\u00e9rir son titre de transport via son t\u00e9l\u00e9phone mobile<\/strong>. Comment faire\u00a0? envoyer un code au num\u00e9ro 93038 (1z pour 1 zone, 2z pour 2 zones, 3z pour 3 zones, 4z pour 4 zones, 5z pour 5 zones et 6z pour 6 zones\u00a0\/\/ <a rel=\"noreferrer noopener\" aria-label=\"voir ICI le d\u00e9coupage des zones (s\u2019ouvre dans un nouvel onglet)\" href=\"https:\/\/www.transisere.fr\/ftp\/document\/carte-reseau-affiche-2019-2020-3009.pdf\" target=\"_blank\">voir ICI le d\u00e9coupage des zones<\/a>). Vous recevez alors votre titre de transport par SMS, le montant \u00e9tant pr\u00e9lev\u00e9 sur votre facture mobile \u00e0 la fin du mois ou d\u00e9bit\u00e9 du compte pr\u00e9pay\u00e9 mobile. <a href=\"https:\/\/www.transisere.fr\/fr\/actualites\/3\/nouveautes-sur-le-reseau-transisere-des-le-4-novem\/19\/108\" target=\"_blank\" rel=\"noreferrer noopener\" aria-label=\"En savoir + (s\u2019ouvre dans un nouvel onglet)\">Learn more<\/a> <\/p>\n\n\n<div style=\"height:40px\" aria-hidden=\"true\" class=\"wp-block-spacer\"><\/div>\n\n\n<h3 class=\"wp-block-heading\"><strong>Les modes doux ne sont pas en reste dans le vaste programme des transports<\/strong><\/h3>\n\n\n<div style=\"height:40px\" aria-hidden=\"true\" class=\"wp-block-spacer\"><\/div>\n\n\n<ul class=\"wp-block-list\"><li>Ainsi la <strong>Chrono v\u00e9lo<\/strong> relie d\u00e9j\u00e0 la Tronche \u00e0 Meylan, et les travaux vont d\u00e9marrer pour relier <strong>Meylan \u00e0 Grenoble<\/strong>.<\/li><li>Un appel \u00e0 manifestation d\u2019int\u00e9r\u00eat a \u00e9t\u00e9 lanc\u00e9 pour la mise en place d\u2019une exp\u00e9rimentation de <strong>trottinettes en libre-service sur inovall\u00e9e<\/strong>.<\/li><li>La <strong>flotte de v\u00e9los de M\u00e9trov\u00e9lo va \u00eatre doubl\u00e9e<\/strong>, et les points de locations et d\u2019entretiens d\u00e9multipli\u00e9s sur le territoire (avec la possibilit\u00e9 pour les cyclistes d\u2019y garer et faire entretenir leur v\u00e9lo personnel).<\/li><li>Le <strong>forfait mobilit\u00e9 durable<\/strong> permet aux employeurs volontaires d\u2019indemniser les salari\u00e9s qui viennent \u00e0 v\u00e9los ou qui covoiturent.<\/li><li>Une <strong>voie de covoiturage<\/strong> va \u00eatre mise en place en septembre 2020 entre Voreppe et Grenoble. <\/li><\/ul>\n\n\n<div style=\"height:40px\" aria-hidden=\"true\" class=\"wp-block-spacer\"><\/div>\n\n\n<h3 class=\"wp-block-heading\"><strong>La m\u00e9tropole fait le pari de la transition \u00e9nerg\u00e9tique des v\u00e9hicules <\/strong><\/h3>\n\n\n<div style=\"height:40px\" aria-hidden=\"true\" class=\"wp-block-spacer\"><\/div>\n\n\n<p>L&rsquo;objectif \u00e9tant de <strong>supprimer toute consommation diesel d\u2019ici 2025<\/strong>\u00a0! Les v\u00e9hicules class\u00e9s 5 ne sont d\u00e9j\u00e0 plus autoris\u00e9s \u00e0 circuler, et ce sera progressivement le tour des 4, 3 et 2 de se voir interdire la circulation dans plus de 18 communes dont Meylan. En contrepartie, des <strong>stations GNV<\/strong> sont en cours d\u2019installation\u00a0: une a d\u00e9j\u00e0 ouvert ses portes vers Burger King, et Total s\u2019est engag\u00e9 \u00e0 \u00e9quiper toutes ses stations-services, dont celle de Meylan.<\/p>\n\n\n<p>Sur les lignes de transports en commun aussi \u00e7a bouge car d\u2019ici fin 2019, d\u00e9but 2020, de <strong>nouveaux bus articul\u00e9s au bio GNV<\/strong> seront mis en service.<\/p>\n\n\n<div style=\"height:40px\" aria-hidden=\"true\" class=\"wp-block-spacer\"><\/div>\n\n\n<hr class=\"wp-block-separator\"\/>\n\n\n<div style=\"height:40px\" aria-hidden=\"true\" class=\"wp-block-spacer\"><\/div>\n\n\n<p><strong>LES AUTRES MOYENS DE TRANSPORT POUR VENIR SUR INOVALLEE\u2026 <\/strong><\/p>\n\n\n<p><strong>COVOITURAGE <\/strong>: Dispositif d\u00e9ploy\u00e9 par le SMTC &#8211; La M\u00e9tro et la Communaut\u00e9 de communes Le Gr\u00e9sivaudan. Une communaut\u00e9 inovall\u00e9e existante sur <a href=\"https:\/\/movici.auvergnerhonealpes.fr\/communautes\/covoiturages\/inovallee\" target=\"_blank\" rel=\"noreferrer noopener\" aria-label=\"plateforme M0V'ICI (s\u2019ouvre dans un nouvel onglet)\">plateforme M0V&rsquo;ICI<\/a> <\/p>\n\n\n<p><strong>AUTOPARTAGE <\/strong>: V\u00e9hicules disponibles via <a href=\"https:\/\/citiz.coop\/stations#\" target=\"_blank\" rel=\"noreferrer noopener\" aria-label=\"ClTIZ (s\u2019ouvre dans un nouvel onglet)\">ClTIZ<\/a> (2 places sur Meylan et 1 sur Montbonnot).<\/p>\n\n\n<p><strong>AUTOSTOP <\/strong>: Dispositif d\u00e9ploy\u00e9 par la Communaut\u00e9 de communes Le Gr\u00e9sivaudan (<a href=\"https:\/\/www.rezopouce.fr\/territoire\/Gresivaudan\" target=\"_blank\" rel=\"noreferrer noopener\" aria-label=\"via REZO POUCE (s\u2019ouvre dans un nouvel onglet)\">via REZO POUCE<\/a>).<\/p>\n\n\n<div style=\"height:40px\" aria-hidden=\"true\" class=\"wp-block-spacer\"><\/div>\n\n\n<hr class=\"wp-block-separator\"\/>\n\n\n<div style=\"height:40px\" aria-hidden=\"true\" class=\"wp-block-spacer\"><\/div>\n\n\n<div class=\"wp-block-columns has-2-columns is-layout-flex wp-container-core-columns-is-layout-9d6595d7 wp-block-columns-is-layout-flex\">\n<div class=\"wp-block-column is-layout-flow wp-block-column-is-layout-flow\">\n<figure class=\"wp-block-image\"><img decoding=\"async\" width=\"410\" height=\"242\" src=\"https:\/\/www.inovallee.com\/wp-content\/uploads\/2019\/11\/image_atelier.png\" alt=\"\" class=\"wp-image-23760\"\/><\/figure>\n<\/div>\n\n\n<div class=\"wp-block-column is-layout-flow wp-block-column-is-layout-flow\">\n<h4 class=\"wp-block-heading\">Vous \u00eates r\u00e9f\u00e9rents PDE \/ PDM dans votre entreprise ? La mobilit\u00e9 est un sujet qui vous tient \u00e0 c\u0153ur ? <\/h4>\n\n\n<p>Alors faites comme EATON, TECHNIDATA, WRIGHT, CAPGEMINI, KAYENTIS&#8230; rejoignez les rangs du <strong>\u00ab\u00a0Groupe Experts Mobilit\u00e9\u00a0\u00bb<\/strong>, pilot\u00e9 par inovall\u00e9e.  <\/p>\n<\/div>\n<\/div>\n\n\n<p><strong>Objectifs<\/strong> : partager votre exp\u00e9rience, \u00eatre pro-actif pour v\u00e9hiculer les bonnes informations au sein de votre entreprise, donner vos id\u00e9es et contribuer \u00e0 faire aboutir de nouveaux projets ! Faites vous conna\u00eetre aupr\u00e8s de La\u00efka : <a href=\"mailto:accueil@inovallee.com\">accueil@inovallee.com<\/a> \/\/ 04.76.90.41.57<\/p>\n\n\n<div style=\"height:100px\" aria-hidden=\"true\" class=\"wp-block-spacer\"><\/div>\n\n\n<hr class=\"wp-block-separator\"\/>\n\n\n<p>*<em>source comit\u00e9 de d\u00e9placements 2019 du SMTC<\/em><\/p>\n\n\n<p>** <em>source r\u00e9union publique de pr\u00e9sentation du prolongement de la ligne C1 \u00e0 Meylan en 2018<\/em> <\/p>","protected":false},"excerpt":{"rendered":"<p>Le SMTC, qui regroupe d\u00e9sormais le D\u00e9partement de l\u2019Is\u00e8re, Grenoble-Alpes M\u00e9tropole et le Gr\u00e9sivaudan, a entrepris d\u00e8s ce mois de septembre une d\u00e9marche progressive d\u2019am\u00e9lioration de la desserte, et notamment d\u2019inovall\u00e9e, par la ligne Chrono 1. En septembre 2020, la Chrono 1 desservira inovall\u00e9e Montbonnot jusqu\u2019au Pr\u00e9 de l\u2019Eau. A ce jour, cette ligne transporte [&hellip;]<\/p>\n","protected":false},"author":6,"featured_media":23762,"comment_status":"closed","ping_status":"open","sticky":false,"template":"","format":"standard","meta":{"footnotes":""},"categories":[185,37,33],"tags":[],"class_list":["post-23756","post","type-post","status-publish","format-standard","has-post-thumbnail","hentry","category-developpement-durable","category-my-ino","category-transport-mobilite-durable"],"yoast_head":"<!-- This site is optimized with the Yoast SEO plugin v27.4 - https:\/\/yoast.com\/product\/yoast-seo-wordpress\/ -->\n<title>Nouveaux am\u00e9nagements de la Chrono 1, tarification unique\u2026 enfin une offre alternative performante pour venir travailler sur inovall\u00e9e sans sa voiture ! - inovall\u00e9e<\/title>\n<meta name=\"description\" content=\"Am\u00e9liorer la desserte en transports en commun et combiner tous les modes de d\u00e9placements pour venir travailler sur inovall\u00e9e, telles sont les objectifs...\" \/>\n<meta name=\"robots\" content=\"index, follow, max-snippet:-1, max-image-preview:large, max-video-preview:-1\" \/>\n<link rel=\"canonical\" href=\"https:\/\/www.inovallee.com\/en\/venir-travailler-sur-inovallee-sans-sa-voiture\/\" \/>\n<meta property=\"og:locale\" content=\"en_GB\" \/>\n<meta property=\"og:type\" content=\"article\" \/>\n<meta property=\"og:title\" content=\"Nouveaux am\u00e9nagements de la Chrono 1, tarification unique\u2026 enfin une offre alternative performante pour venir travailler sur inovall\u00e9e sans sa voiture ! - inovall\u00e9e\" \/>\n<meta property=\"og:description\" content=\"Am\u00e9liorer la desserte en transports en commun et combiner tous les modes de d\u00e9placements pour venir travailler sur inovall\u00e9e, telles sont les objectifs...\" \/>\n<meta property=\"og:url\" content=\"https:\/\/www.inovallee.com\/en\/venir-travailler-sur-inovallee-sans-sa-voiture\/\" \/>\n<meta property=\"og:site_name\" content=\"inovall\u00e9e\" \/>\n<meta property=\"article:publisher\" content=\"https:\/\/www.facebook.com\/technopoleinovallee\/\" \/>\n<meta property=\"article:published_time\" content=\"2019-11-08T12:20:49+00:00\" \/>\n<meta property=\"og:image\" content=\"https:\/\/www.inovallee.com\/wp-content\/uploads\/2019\/11\/Chrono-1.png\" \/>\n\t<meta property=\"og:image:width\" content=\"600\" \/>\n\t<meta property=\"og:image:height\" content=\"400\" \/>\n\t<meta property=\"og:image:type\" content=\"image\/png\" \/>\n<meta name=\"author\" content=\"Inovallee\" \/>\n<meta name=\"twitter:card\" content=\"summary_large_image\" \/>\n<meta name=\"twitter:creator\" content=\"@inovallee\" \/>\n<meta name=\"twitter:site\" content=\"@inovallee\" \/>\n<meta name=\"twitter:label1\" content=\"Written by\" \/>\n\t<meta name=\"twitter:data1\" content=\"Inovallee\" \/>\n\t<meta name=\"twitter:label2\" content=\"Estimated reading time\" \/>\n\t<meta name=\"twitter:data2\" content=\"5 minutes\" \/>\n<script type=\"application\/ld+json\" class=\"yoast-schema-graph\">{\"@context\":\"https:\\\/\\\/schema.org\",\"@graph\":[{\"@type\":\"Article\",\"@id\":\"https:\\\/\\\/www.inovallee.com\\\/venir-travailler-sur-inovallee-sans-sa-voiture\\\/#article\",\"isPartOf\":{\"@id\":\"https:\\\/\\\/www.inovallee.com\\\/venir-travailler-sur-inovallee-sans-sa-voiture\\\/\"},\"author\":{\"name\":\"Inovallee\",\"@id\":\"https:\\\/\\\/www.inovallee.com\\\/#\\\/schema\\\/person\\\/a45b15518aad3111b2d61d257a3e023b\"},\"headline\":\"Nouveaux am\u00e9nagements de la Chrono 1, tarification unique\u2026 enfin une offre alternative performante pour venir travailler sur inovall\u00e9e sans sa voiture !\",\"datePublished\":\"2019-11-08T12:20:49+00:00\",\"mainEntityOfPage\":{\"@id\":\"https:\\\/\\\/www.inovallee.com\\\/venir-travailler-sur-inovallee-sans-sa-voiture\\\/\"},\"wordCount\":1080,\"publisher\":{\"@id\":\"https:\\\/\\\/www.inovallee.com\\\/#organization\"},\"image\":{\"@id\":\"https:\\\/\\\/www.inovallee.com\\\/venir-travailler-sur-inovallee-sans-sa-voiture\\\/#primaryimage\"},\"thumbnailUrl\":\"https:\\\/\\\/www.inovallee.com\\\/wp-content\\\/uploads\\\/2019\\\/11\\\/Chrono-1.png\",\"articleSection\":[\"D\u00e9veloppement durable\",\"My Ino : Vivre &amp; travailler sur inovall\u00e9e\",\"Transport et mobilit\u00e9 durable\"],\"inLanguage\":\"en-GB\"},{\"@type\":\"WebPage\",\"@id\":\"https:\\\/\\\/www.inovallee.com\\\/venir-travailler-sur-inovallee-sans-sa-voiture\\\/\",\"url\":\"https:\\\/\\\/www.inovallee.com\\\/venir-travailler-sur-inovallee-sans-sa-voiture\\\/\",\"name\":\"Nouveaux am\u00e9nagements de la Chrono 1, tarification unique\u2026 enfin une offre alternative performante pour venir travailler sur inovall\u00e9e sans sa voiture ! - inovall\u00e9e\",\"isPartOf\":{\"@id\":\"https:\\\/\\\/www.inovallee.com\\\/#website\"},\"primaryImageOfPage\":{\"@id\":\"https:\\\/\\\/www.inovallee.com\\\/venir-travailler-sur-inovallee-sans-sa-voiture\\\/#primaryimage\"},\"image\":{\"@id\":\"https:\\\/\\\/www.inovallee.com\\\/venir-travailler-sur-inovallee-sans-sa-voiture\\\/#primaryimage\"},\"thumbnailUrl\":\"https:\\\/\\\/www.inovallee.com\\\/wp-content\\\/uploads\\\/2019\\\/11\\\/Chrono-1.png\",\"datePublished\":\"2019-11-08T12:20:49+00:00\",\"description\":\"Am\u00e9liorer la desserte en transports en commun et combiner tous les modes de d\u00e9placements pour venir travailler sur inovall\u00e9e, telles sont les objectifs...\",\"breadcrumb\":{\"@id\":\"https:\\\/\\\/www.inovallee.com\\\/venir-travailler-sur-inovallee-sans-sa-voiture\\\/#breadcrumb\"},\"inLanguage\":\"en-GB\",\"potentialAction\":[{\"@type\":\"ReadAction\",\"target\":[\"https:\\\/\\\/www.inovallee.com\\\/venir-travailler-sur-inovallee-sans-sa-voiture\\\/\"]}]},{\"@type\":\"ImageObject\",\"inLanguage\":\"en-GB\",\"@id\":\"https:\\\/\\\/www.inovallee.com\\\/venir-travailler-sur-inovallee-sans-sa-voiture\\\/#primaryimage\",\"url\":\"https:\\\/\\\/www.inovallee.com\\\/wp-content\\\/uploads\\\/2019\\\/11\\\/Chrono-1.png\",\"contentUrl\":\"https:\\\/\\\/www.inovallee.com\\\/wp-content\\\/uploads\\\/2019\\\/11\\\/Chrono-1.png\",\"width\":600,\"height\":400},{\"@type\":\"BreadcrumbList\",\"@id\":\"https:\\\/\\\/www.inovallee.com\\\/venir-travailler-sur-inovallee-sans-sa-voiture\\\/#breadcrumb\",\"itemListElement\":[{\"@type\":\"ListItem\",\"position\":1,\"name\":\"Accueil\",\"item\":\"https:\\\/\\\/www.inovallee.com\\\/\"},{\"@type\":\"ListItem\",\"position\":2,\"name\":\"Nouveaux am\u00e9nagements de la Chrono 1, tarification unique\u2026 enfin une offre alternative performante pour venir travailler sur inovall\u00e9e sans sa voiture !\"}]},{\"@type\":\"WebSite\",\"@id\":\"https:\\\/\\\/www.inovallee.com\\\/#website\",\"url\":\"https:\\\/\\\/www.inovallee.com\\\/\",\"name\":\"inovall\u00e9e technopole, Home to software & smart technologies\",\"description\":\"Home to software &amp; smart technologies\",\"publisher\":{\"@id\":\"https:\\\/\\\/www.inovallee.com\\\/#organization\"},\"potentialAction\":[{\"@type\":\"SearchAction\",\"target\":{\"@type\":\"EntryPoint\",\"urlTemplate\":\"https:\\\/\\\/www.inovallee.com\\\/?s={search_term_string}\"},\"query-input\":{\"@type\":\"PropertyValueSpecification\",\"valueRequired\":true,\"valueName\":\"search_term_string\"}}],\"inLanguage\":\"en-GB\"},{\"@type\":\"Organization\",\"@id\":\"https:\\\/\\\/www.inovallee.com\\\/#organization\",\"name\":\"inovall\u00e9e\",\"url\":\"https:\\\/\\\/www.inovallee.com\\\/\",\"logo\":{\"@type\":\"ImageObject\",\"inLanguage\":\"en-GB\",\"@id\":\"https:\\\/\\\/www.inovallee.com\\\/#\\\/schema\\\/logo\\\/image\\\/\",\"url\":\"https:\\\/\\\/www.inovallee.com\\\/wp-content\\\/uploads\\\/2023\\\/08\\\/inovallee_2022_GrenobleAlpes.png\",\"contentUrl\":\"https:\\\/\\\/www.inovallee.com\\\/wp-content\\\/uploads\\\/2023\\\/08\\\/inovallee_2022_GrenobleAlpes.png\",\"width\":945,\"height\":369,\"caption\":\"inovall\u00e9e\"},\"image\":{\"@id\":\"https:\\\/\\\/www.inovallee.com\\\/#\\\/schema\\\/logo\\\/image\\\/\"},\"sameAs\":[\"https:\\\/\\\/www.facebook.com\\\/technopoleinovallee\\\/\",\"https:\\\/\\\/x.com\\\/inovallee\",\"https:\\\/\\\/www.linkedin.com\\\/company\\\/inovall-e\\\/\",\"https:\\\/\\\/www.youtube.com\\\/user\\\/inovallee?reload=9\"]},{\"@type\":\"Person\",\"@id\":\"https:\\\/\\\/www.inovallee.com\\\/#\\\/schema\\\/person\\\/a45b15518aad3111b2d61d257a3e023b\",\"name\":\"Inovallee\"}]}<\/script>\n<!-- \/ Yoast SEO plugin. -->","yoast_head_json":{"title":"Nouveaux am\u00e9nagements de la Chrono 1, tarification unique\u2026 enfin une offre alternative performante pour venir travailler sur inovall\u00e9e sans sa voiture ! - inovall\u00e9e","description":"Am\u00e9liorer la desserte en transports en commun et combiner tous les modes de d\u00e9placements pour venir travailler sur inovall\u00e9e, telles sont les objectifs...","robots":{"index":"index","follow":"follow","max-snippet":"max-snippet:-1","max-image-preview":"max-image-preview:large","max-video-preview":"max-video-preview:-1"},"canonical":"https:\/\/www.inovallee.com\/en\/venir-travailler-sur-inovallee-sans-sa-voiture\/","og_locale":"en_GB","og_type":"article","og_title":"Nouveaux am\u00e9nagements de la Chrono 1, tarification unique\u2026 enfin une offre alternative performante pour venir travailler sur inovall\u00e9e sans sa voiture ! - inovall\u00e9e","og_description":"Am\u00e9liorer la desserte en transports en commun et combiner tous les modes de d\u00e9placements pour venir travailler sur inovall\u00e9e, telles sont les objectifs...","og_url":"https:\/\/www.inovallee.com\/en\/venir-travailler-sur-inovallee-sans-sa-voiture\/","og_site_name":"inovall\u00e9e","article_publisher":"https:\/\/www.facebook.com\/technopoleinovallee\/","article_published_time":"2019-11-08T12:20:49+00:00","og_image":[{"width":600,"height":400,"url":"https:\/\/www.inovallee.com\/wp-content\/uploads\/2019\/11\/Chrono-1.png","type":"image\/png"}],"author":"Inovallee","twitter_card":"summary_large_image","twitter_creator":"@inovallee","twitter_site":"@inovallee","twitter_misc":{"Written by":"Inovallee","Estimated reading time":"5 minutes"},"schema":{"@context":"https:\/\/schema.org","@graph":[{"@type":"Article","@id":"https:\/\/www.inovallee.com\/venir-travailler-sur-inovallee-sans-sa-voiture\/#article","isPartOf":{"@id":"https:\/\/www.inovallee.com\/venir-travailler-sur-inovallee-sans-sa-voiture\/"},"author":{"name":"Inovallee","@id":"https:\/\/www.inovallee.com\/#\/schema\/person\/a45b15518aad3111b2d61d257a3e023b"},"headline":"Nouveaux am\u00e9nagements de la Chrono 1, tarification unique\u2026 enfin une offre alternative performante pour venir travailler sur inovall\u00e9e sans sa voiture !","datePublished":"2019-11-08T12:20:49+00:00","mainEntityOfPage":{"@id":"https:\/\/www.inovallee.com\/venir-travailler-sur-inovallee-sans-sa-voiture\/"},"wordCount":1080,"publisher":{"@id":"https:\/\/www.inovallee.com\/#organization"},"image":{"@id":"https:\/\/www.inovallee.com\/venir-travailler-sur-inovallee-sans-sa-voiture\/#primaryimage"},"thumbnailUrl":"https:\/\/www.inovallee.com\/wp-content\/uploads\/2019\/11\/Chrono-1.png","articleSection":["D\u00e9veloppement durable","My Ino : Vivre &amp; travailler sur inovall\u00e9e","Transport et mobilit\u00e9 durable"],"inLanguage":"en-GB"},{"@type":"WebPage","@id":"https:\/\/www.inovallee.com\/venir-travailler-sur-inovallee-sans-sa-voiture\/","url":"https:\/\/www.inovallee.com\/venir-travailler-sur-inovallee-sans-sa-voiture\/","name":"Nouveaux am\u00e9nagements de la Chrono 1, tarification unique\u2026 enfin une offre alternative performante pour venir travailler sur inovall\u00e9e sans sa voiture ! - inovall\u00e9e","isPartOf":{"@id":"https:\/\/www.inovallee.com\/#website"},"primaryImageOfPage":{"@id":"https:\/\/www.inovallee.com\/venir-travailler-sur-inovallee-sans-sa-voiture\/#primaryimage"},"image":{"@id":"https:\/\/www.inovallee.com\/venir-travailler-sur-inovallee-sans-sa-voiture\/#primaryimage"},"thumbnailUrl":"https:\/\/www.inovallee.com\/wp-content\/uploads\/2019\/11\/Chrono-1.png","datePublished":"2019-11-08T12:20:49+00:00","description":"Am\u00e9liorer la desserte en transports en commun et combiner tous les modes de d\u00e9placements pour venir travailler sur inovall\u00e9e, telles sont les objectifs...","breadcrumb":{"@id":"https:\/\/www.inovallee.com\/venir-travailler-sur-inovallee-sans-sa-voiture\/#breadcrumb"},"inLanguage":"en-GB","potentialAction":[{"@type":"ReadAction","target":["https:\/\/www.inovallee.com\/venir-travailler-sur-inovallee-sans-sa-voiture\/"]}]},{"@type":"ImageObject","inLanguage":"en-GB","@id":"https:\/\/www.inovallee.com\/venir-travailler-sur-inovallee-sans-sa-voiture\/#primaryimage","url":"https:\/\/www.inovallee.com\/wp-content\/uploads\/2019\/11\/Chrono-1.png","contentUrl":"https:\/\/www.inovallee.com\/wp-content\/uploads\/2019\/11\/Chrono-1.png","width":600,"height":400},{"@type":"BreadcrumbList","@id":"https:\/\/www.inovallee.com\/venir-travailler-sur-inovallee-sans-sa-voiture\/#breadcrumb","itemListElement":[{"@type":"ListItem","position":1,"name":"Accueil","item":"https:\/\/www.inovallee.com\/"},{"@type":"ListItem","position":2,"name":"Nouveaux am\u00e9nagements de la Chrono 1, tarification unique\u2026 enfin une offre alternative performante pour venir travailler sur inovall\u00e9e sans sa voiture !"}]},{"@type":"WebSite","@id":"https:\/\/www.inovallee.com\/#website","url":"https:\/\/www.inovallee.com\/","name":"inovall\u00e9e technopole, Home to software & smart technologies","description":"Home to software &amp; smart technologies","publisher":{"@id":"https:\/\/www.inovallee.com\/#organization"},"potentialAction":[{"@type":"SearchAction","target":{"@type":"EntryPoint","urlTemplate":"https:\/\/www.inovallee.com\/?s={search_term_string}"},"query-input":{"@type":"PropertyValueSpecification","valueRequired":true,"valueName":"search_term_string"}}],"inLanguage":"en-GB"},{"@type":"Organization","@id":"https:\/\/www.inovallee.com\/#organization","name":"inovall\u00e9e","url":"https:\/\/www.inovallee.com\/","logo":{"@type":"ImageObject","inLanguage":"en-GB","@id":"https:\/\/www.inovallee.com\/#\/schema\/logo\/image\/","url":"https:\/\/www.inovallee.com\/wp-content\/uploads\/2023\/08\/inovallee_2022_GrenobleAlpes.png","contentUrl":"https:\/\/www.inovallee.com\/wp-content\/uploads\/2023\/08\/inovallee_2022_GrenobleAlpes.png","width":945,"height":369,"caption":"inovall\u00e9e"},"image":{"@id":"https:\/\/www.inovallee.com\/#\/schema\/logo\/image\/"},"sameAs":["https:\/\/www.facebook.com\/technopoleinovallee\/","https:\/\/x.com\/inovallee","https:\/\/www.linkedin.com\/company\/inovall-e\/","https:\/\/www.youtube.com\/user\/inovallee?reload=9"]},{"@type":"Person","@id":"https:\/\/www.inovallee.com\/#\/schema\/person\/a45b15518aad3111b2d61d257a3e023b","name":"Inovallee"}]}},"_links":{"self":[{"href":"http:\/\/www.inovallee.com\/en\/wp-json\/wp\/v2\/posts\/23756","targetHints":{"allow":["GET"]}}],"collection":[{"href":"http:\/\/www.inovallee.com\/en\/wp-json\/wp\/v2\/posts"}],"about":[{"href":"http:\/\/www.inovallee.com\/en\/wp-json\/wp\/v2\/types\/post"}],"author":[{"embeddable":true,"href":"http:\/\/www.inovallee.com\/en\/wp-json\/wp\/v2\/users\/6"}],"replies":[{"embeddable":true,"href":"http:\/\/www.inovallee.com\/en\/wp-json\/wp\/v2\/comments?post=23756"}],"version-history":[{"count":0,"href":"http:\/\/www.inovallee.com\/en\/wp-json\/wp\/v2\/posts\/23756\/revisions"}],"wp:featuredmedia":[{"embeddable":true,"href":"http:\/\/www.inovallee.com\/en\/wp-json\/wp\/v2\/media\/23762"}],"wp:attachment":[{"href":"http:\/\/www.inovallee.com\/en\/wp-json\/wp\/v2\/media?parent=23756"}],"wp:term":[{"taxonomy":"category","embeddable":true,"href":"http:\/\/www.inovallee.com\/en\/wp-json\/wp\/v2\/categories?post=23756"},{"taxonomy":"post_tag","embeddable":true,"href":"http:\/\/www.inovallee.com\/en\/wp-json\/wp\/v2\/tags?post=23756"}],"curies":[{"name":"wp","href":"https:\/\/api.w.org\/{rel}","templated":true}]}}