{"id":24067,"date":"2020-01-20T20:44:45","date_gmt":"2020-01-20T19:44:45","guid":{"rendered":"https:\/\/www.inovallee.com\/?p=24067"},"modified":"2022-01-04T11:52:15","modified_gmt":"2022-01-04T10:52:15","slug":"450-de-croissance-pour-apparence-qui-fete-son-2eme-anniversaire-au-tarmac","status":"publish","type":"post","link":"https:\/\/www.inovallee.com\/en\/450-de-croissance-pour-apparence-qui-fete-son-2eme-anniversaire-au-tarmac\/","title":{"rendered":"450 % de croissance pour Apparence qui f\u00eate son 2\u00e8me anniversaire au Tarmac !"},"content":{"rendered":"<figure class=\"wp-block-image\"><img decoding=\"async\" src=\"https:\/\/www.inovallee.com\/wp-content\/uploads\/2019\/02\/apparence-1-900x675.jpg\" alt=\"\" class=\"wp-image-24068\"\/><\/figure>\n\n\n<p>Agence digitale sp\u00e9cialis\u00e9e dans le design, la conception et le d\u00e9veloppement d\u2019applications mobiles natives (IOS et Android), <a href=\"https:\/\/apparence.io\/\">Apparence.io<\/a> vient d\u2019achever une tr\u00e8s belle deuxi\u00e8me ann\u00e9e d\u2019existence.<\/p>\n\n\n<p>Et les chiffres parlent d\u2019eux-m\u00eames&nbsp;:<\/p>\n\n\n<p>? 450% de croissance <br \/>? 2 nouveaux collaborateurs <br \/>? 7 applications Android <br \/>? 7 applications iOS <br \/>? 3 applications macOS <br \/>? 3 plateformes web<br \/>? 4 \u00e9tudes UX\/UI design <br \/>?\u200d? 2 formations <br \/>\u267b 3 updates<\/p>\n\n\n<p>Une ann\u00e9e qui marque donc r\u00e9solument\nle d\u00e9marrage commercial r\u00e9ussi d\u2019Apparence.io sur le march\u00e9 pourtant tr\u00e8s\nconcurrentiel du d\u00e9veloppement mobile, o\u00f9 agences digitales, ESN et freelance\nse disputent \u00e2prement les projets.<\/p>\n\n\n<h2 class=\"wp-block-heading\">Leurs atouts pour se faire une place&nbsp;? Hard skills \/ soft skills <\/h2>\n\n\n<p>C\u00f4t\u00e9 hard skills, la jeune agence digitale offre des comp\u00e9tences techniques pointues en d\u00e9veloppement web et mobile bas\u00e9es sur les derniers frameworks et langages (Flutter, Java, Swift, Angular, Spring Boot\u2026), associ\u00e9es \u00e0 une approche UX \/ UI centrique. <\/p>\n\n\n<p>Et pour s\u2019assurer que l\u2019\u00e9quipe garde intact son enthousiasme cr\u00e9atif et reste au fait des derni\u00e8res \u00e9volutions technologiques, <a href=\"https:\/\/www.linkedin.com\/company\/apparence-io\/\">Apparence.io<\/a> s\u2019offre le luxe des grands&nbsp;: une demi-journ\u00e9e hebdomadaire de temps libre, qui permet \u00e0 chacun de se plonger dans un livre technique, de tester un nouveau langage de programmation, de travailler en \u00e9quipe sur un side project ou tout simplement laisser libre cours \u00e0 son imagination et sa cr\u00e9ativit\u00e9. <\/p>\n\n\n<p>Les fondateurs d&rsquo;Apparence.io accordent en effet une grande importance \u00e0 suivre la constante \u00e9volution technologique des langages de programmation, afin de garantir la <strong>cr\u00e9ation d\u2019applications de haute qualit\u00e9<\/strong>.  D\u2019ailleurs une partie de l\u2019\u00e9quipe s&rsquo;est rendue \u00e0 Varsovie  les 23 et 24  janvier dernier pour assister \u00e0 <strong>l\u2019\u00e9v\u00e9nement <a href=\"https:\/\/fluttereurope.dev\/\">Flutter Europe<\/a><\/strong>, qui  rassemblait toutes les pointures et les cr\u00e9ateurs de Flutter afin  d\u2019annoncer et de pr\u00e9senter les nouveaut\u00e9s \u00e0 venir en termes de\u00a0  programmation et de technologies. <\/p>\n\n\n<p>C\u00f4t\u00e9 soft skills : un m\u00e9tier choisi par passion, un sens aigu de l&rsquo;\u00e9coute clients, et des m\u00e9thodes agiles au service de projets choisis en \u00e9quipe.<\/p>\n\n\n<p>Autant d\u2019atouts qui ont su en 2019 faire\nla diff\u00e9rence aupr\u00e8s de ses clients, sur des projets aussi divers que&nbsp;: <\/p>\n\n\n<ul class=\"wp-block-list\"><li>L\u2019appli <a href=\"https:\/\/www.monsuividiet.com\">MonSuiviDiet<\/a>, qui permet aux patients des di\u00e9t\u00e9ticiens lib\u00e9raux de b\u00e9n\u00e9ficier d\u2019un suivi      nutritionnel personnalis\u00e9 pour faciliter la mise en place de leur      programme alimentaire et de rester motiv\u00e9 pour d&rsquo;atteindre leurs      objectifs.<\/li><li><a href=\"https:\/\/www.iskn.co\/fr\/yukti\/%20\">Yukti pour Iskn,<\/a> une solution compl\u00e8te permettant aux \u00e9ducateurs      sportifs professionnels de structurer et de cr\u00e9er rapidement des s\u00e9ances      d\u2019entra\u00eenement avec une application desktop macOS \/ Windows ainsi qu\u2019une      application mobile. <\/li><li>Un POC de r\u00e9alit\u00e9 augment\u00e9e sous iOS avec ARKit pour la soci\u00e9t\u00e9 <a href=\"https:\/\/apparence.io\/portfolio\/graffiti\">Graffiti<\/a>,      qui vient de finaliser sa premi\u00e8re lev\u00e9e de fonds pour d\u00e9velopper la V1.      Le projet consiste \u00e0 partager une vid\u00e9o\u2026 visible uniquement en r\u00e9alit\u00e9      augment\u00e9e, en scannant le lieu o\u00f9 la vid\u00e9o a \u00e9t\u00e9 d\u00e9pos\u00e9e. \u00a0<a rel=\"noreferrer noopener\" href=\"https:\/\/graffiti.ai\" target=\"_blank\">https:\/\/graffiti.ai<\/a><\/li><li>Ytak, l\u2019application macOS \u00e0      destination des utilisateurs de GitLab, leur permettant d&rsquo;acc\u00e9der      rapidement \u00e0 leurs issues de projets, depuis la menu bar de leur mac. Pour      les int\u00e9ress\u00e9s\u00a0?<a rel=\"noreferrer noopener\" href=\"https:\/\/apps.apple.com\/us\/app\/ytak\/id1488457296?l=fr&amp;ls=1&amp;mt=12\" target=\"_blank\">https:\/\/apps.apple.com\/us\/app\/ytak\/id1488457296?l=fr&amp;ls=1&amp;mt=12<\/a><\/li><\/ul>\n\n\n<p>On ne peut que souhaiter \u00e0 toute la nouvelle \u00e9quipe une aussi\nprometteuse troisi\u00e8me ann\u00e9e&nbsp;!<\/p>\n\n\n<p><br \/><\/p>","protected":false},"excerpt":{"rendered":"<p>Agence digitale sp\u00e9cialis\u00e9e dans le design, la conception et le d\u00e9veloppement d\u2019applications mobiles natives (IOS et Android), Apparence.io vient d\u2019achever une tr\u00e8s belle deuxi\u00e8me ann\u00e9e d\u2019existence. Et les chiffres parlent d\u2019eux-m\u00eames&nbsp;: ? 450% de croissance ? 2 nouveaux collaborateurs ? 7 applications Android ? 7 applications iOS ? 3 applications macOS ? 3 plateformes web? [&hellip;]<\/p>\n","protected":false},"author":6,"featured_media":24068,"comment_status":"closed","ping_status":"open","sticky":false,"template":"","format":"standard","meta":{"footnotes":""},"categories":[45,44],"tags":[1097,77],"class_list":["post-24067","post","type-post","status-publish","format-standard","has-post-thumbnail","hentry","category-startup-tarmac","category-tarmac-incubator","tag-apparence","tag-developpement"],"yoast_head":"<!-- This site is optimized with the Yoast SEO plugin v27.4 - https:\/\/yoast.com\/product\/yoast-seo-wordpress\/ -->\n<title>450 % de croissance pour Apparence qui f\u00eate son 2\u00e8me anniversaire au Tarmac ! - inovall\u00e9e<\/title>\n<meta name=\"description\" content=\"Deux ans apr\u00e8s sa cr\u00e9ation au Tarmac, Apparence.io fait r\u00e9solument sa place dans le monde concurrentiel des agences digitales avec 450% de croissance !\" \/>\n<meta name=\"robots\" content=\"index, follow, max-snippet:-1, max-image-preview:large, max-video-preview:-1\" \/>\n<link rel=\"canonical\" href=\"https:\/\/www.inovallee.com\/en\/450-de-croissance-pour-apparence-qui-fete-son-2eme-anniversaire-au-tarmac\/\" \/>\n<meta property=\"og:locale\" content=\"en_GB\" \/>\n<meta property=\"og:type\" content=\"article\" \/>\n<meta property=\"og:title\" content=\"450 % de croissance pour Apparence qui f\u00eate son 2\u00e8me anniversaire au Tarmac ! - inovall\u00e9e\" \/>\n<meta property=\"og:description\" content=\"Deux ans apr\u00e8s sa cr\u00e9ation au Tarmac, Apparence.io fait r\u00e9solument sa place dans le monde concurrentiel des agences digitales avec 450% de croissance !\" \/>\n<meta property=\"og:url\" content=\"https:\/\/www.inovallee.com\/en\/450-de-croissance-pour-apparence-qui-fete-son-2eme-anniversaire-au-tarmac\/\" \/>\n<meta property=\"og:site_name\" content=\"inovall\u00e9e\" \/>\n<meta property=\"article:publisher\" content=\"https:\/\/www.facebook.com\/technopoleinovallee\/\" \/>\n<meta property=\"article:published_time\" content=\"2020-01-20T19:44:45+00:00\" \/>\n<meta property=\"article:modified_time\" content=\"2022-01-04T10:52:15+00:00\" \/>\n<meta property=\"og:image\" content=\"https:\/\/www.inovallee.com\/wp-content\/uploads\/2020\/01\/apparence-1.jpg\" \/>\n\t<meta property=\"og:image:width\" content=\"1536\" \/>\n\t<meta property=\"og:image:height\" content=\"1152\" \/>\n\t<meta property=\"og:image:type\" content=\"image\/jpeg\" \/>\n<meta name=\"author\" content=\"Inovallee\" \/>\n<meta name=\"twitter:card\" content=\"summary_large_image\" \/>\n<meta name=\"twitter:creator\" content=\"@inovallee\" \/>\n<meta name=\"twitter:site\" content=\"@inovallee\" \/>\n<meta name=\"twitter:label1\" content=\"Written by\" \/>\n\t<meta name=\"twitter:data1\" content=\"Inovallee\" \/>\n\t<meta name=\"twitter:label2\" content=\"Estimated reading time\" \/>\n\t<meta name=\"twitter:data2\" content=\"3 minutes\" \/>\n<script type=\"application\/ld+json\" class=\"yoast-schema-graph\">{\"@context\":\"https:\\\/\\\/schema.org\",\"@graph\":[{\"@type\":\"Article\",\"@id\":\"https:\\\/\\\/www.inovallee.com\\\/450-de-croissance-pour-apparence-qui-fete-son-2eme-anniversaire-au-tarmac\\\/#article\",\"isPartOf\":{\"@id\":\"https:\\\/\\\/www.inovallee.com\\\/450-de-croissance-pour-apparence-qui-fete-son-2eme-anniversaire-au-tarmac\\\/\"},\"author\":{\"name\":\"Inovallee\",\"@id\":\"https:\\\/\\\/www.inovallee.com\\\/#\\\/schema\\\/person\\\/a45b15518aad3111b2d61d257a3e023b\"},\"headline\":\"450 % de croissance pour Apparence qui f\u00eate son 2\u00e8me anniversaire au Tarmac !\",\"datePublished\":\"2020-01-20T19:44:45+00:00\",\"dateModified\":\"2022-01-04T10:52:15+00:00\",\"mainEntityOfPage\":{\"@id\":\"https:\\\/\\\/www.inovallee.com\\\/450-de-croissance-pour-apparence-qui-fete-son-2eme-anniversaire-au-tarmac\\\/\"},\"wordCount\":576,\"publisher\":{\"@id\":\"https:\\\/\\\/www.inovallee.com\\\/#organization\"},\"image\":{\"@id\":\"https:\\\/\\\/www.inovallee.com\\\/450-de-croissance-pour-apparence-qui-fete-son-2eme-anniversaire-au-tarmac\\\/#primaryimage\"},\"thumbnailUrl\":\"https:\\\/\\\/www.inovallee.com\\\/wp-content\\\/uploads\\\/2020\\\/01\\\/apparence-1.jpg\",\"keywords\":[\"APPARENCE\",\"D\u00e9veloppement\"],\"articleSection\":[\"L'\u00e9cho des startups du Tarmac\",\"Tarmac incubator\"],\"inLanguage\":\"en-GB\"},{\"@type\":\"WebPage\",\"@id\":\"https:\\\/\\\/www.inovallee.com\\\/450-de-croissance-pour-apparence-qui-fete-son-2eme-anniversaire-au-tarmac\\\/\",\"url\":\"https:\\\/\\\/www.inovallee.com\\\/450-de-croissance-pour-apparence-qui-fete-son-2eme-anniversaire-au-tarmac\\\/\",\"name\":\"450 % de croissance pour Apparence qui f\u00eate son 2\u00e8me anniversaire au Tarmac ! - inovall\u00e9e\",\"isPartOf\":{\"@id\":\"https:\\\/\\\/www.inovallee.com\\\/#website\"},\"primaryImageOfPage\":{\"@id\":\"https:\\\/\\\/www.inovallee.com\\\/450-de-croissance-pour-apparence-qui-fete-son-2eme-anniversaire-au-tarmac\\\/#primaryimage\"},\"image\":{\"@id\":\"https:\\\/\\\/www.inovallee.com\\\/450-de-croissance-pour-apparence-qui-fete-son-2eme-anniversaire-au-tarmac\\\/#primaryimage\"},\"thumbnailUrl\":\"https:\\\/\\\/www.inovallee.com\\\/wp-content\\\/uploads\\\/2020\\\/01\\\/apparence-1.jpg\",\"datePublished\":\"2020-01-20T19:44:45+00:00\",\"dateModified\":\"2022-01-04T10:52:15+00:00\",\"description\":\"Deux ans apr\u00e8s sa cr\u00e9ation au Tarmac, Apparence.io fait r\u00e9solument sa place dans le monde concurrentiel des agences digitales avec 450% de croissance !\",\"breadcrumb\":{\"@id\":\"https:\\\/\\\/www.inovallee.com\\\/450-de-croissance-pour-apparence-qui-fete-son-2eme-anniversaire-au-tarmac\\\/#breadcrumb\"},\"inLanguage\":\"en-GB\",\"potentialAction\":[{\"@type\":\"ReadAction\",\"target\":[\"https:\\\/\\\/www.inovallee.com\\\/450-de-croissance-pour-apparence-qui-fete-son-2eme-anniversaire-au-tarmac\\\/\"]}]},{\"@type\":\"ImageObject\",\"inLanguage\":\"en-GB\",\"@id\":\"https:\\\/\\\/www.inovallee.com\\\/450-de-croissance-pour-apparence-qui-fete-son-2eme-anniversaire-au-tarmac\\\/#primaryimage\",\"url\":\"https:\\\/\\\/www.inovallee.com\\\/wp-content\\\/uploads\\\/2020\\\/01\\\/apparence-1.jpg\",\"contentUrl\":\"https:\\\/\\\/www.inovallee.com\\\/wp-content\\\/uploads\\\/2020\\\/01\\\/apparence-1.jpg\",\"width\":1536,\"height\":1152},{\"@type\":\"BreadcrumbList\",\"@id\":\"https:\\\/\\\/www.inovallee.com\\\/450-de-croissance-pour-apparence-qui-fete-son-2eme-anniversaire-au-tarmac\\\/#breadcrumb\",\"itemListElement\":[{\"@type\":\"ListItem\",\"position\":1,\"name\":\"Accueil\",\"item\":\"https:\\\/\\\/www.inovallee.com\\\/\"},{\"@type\":\"ListItem\",\"position\":2,\"name\":\"450 % de croissance pour Apparence qui f\u00eate son 2\u00e8me anniversaire au Tarmac !\"}]},{\"@type\":\"WebSite\",\"@id\":\"https:\\\/\\\/www.inovallee.com\\\/#website\",\"url\":\"https:\\\/\\\/www.inovallee.com\\\/\",\"name\":\"inovall\u00e9e technopole, Home to software & smart technologies\",\"description\":\"Home to software &amp; smart technologies\",\"publisher\":{\"@id\":\"https:\\\/\\\/www.inovallee.com\\\/#organization\"},\"potentialAction\":[{\"@type\":\"SearchAction\",\"target\":{\"@type\":\"EntryPoint\",\"urlTemplate\":\"https:\\\/\\\/www.inovallee.com\\\/?s={search_term_string}\"},\"query-input\":{\"@type\":\"PropertyValueSpecification\",\"valueRequired\":true,\"valueName\":\"search_term_string\"}}],\"inLanguage\":\"en-GB\"},{\"@type\":\"Organization\",\"@id\":\"https:\\\/\\\/www.inovallee.com\\\/#organization\",\"name\":\"inovall\u00e9e\",\"url\":\"https:\\\/\\\/www.inovallee.com\\\/\",\"logo\":{\"@type\":\"ImageObject\",\"inLanguage\":\"en-GB\",\"@id\":\"https:\\\/\\\/www.inovallee.com\\\/#\\\/schema\\\/logo\\\/image\\\/\",\"url\":\"https:\\\/\\\/www.inovallee.com\\\/wp-content\\\/uploads\\\/2023\\\/08\\\/inovallee_2022_GrenobleAlpes.png\",\"contentUrl\":\"https:\\\/\\\/www.inovallee.com\\\/wp-content\\\/uploads\\\/2023\\\/08\\\/inovallee_2022_GrenobleAlpes.png\",\"width\":945,\"height\":369,\"caption\":\"inovall\u00e9e\"},\"image\":{\"@id\":\"https:\\\/\\\/www.inovallee.com\\\/#\\\/schema\\\/logo\\\/image\\\/\"},\"sameAs\":[\"https:\\\/\\\/www.facebook.com\\\/technopoleinovallee\\\/\",\"https:\\\/\\\/x.com\\\/inovallee\",\"https:\\\/\\\/www.linkedin.com\\\/company\\\/inovall-e\\\/\",\"https:\\\/\\\/www.youtube.com\\\/user\\\/inovallee?reload=9\"]},{\"@type\":\"Person\",\"@id\":\"https:\\\/\\\/www.inovallee.com\\\/#\\\/schema\\\/person\\\/a45b15518aad3111b2d61d257a3e023b\",\"name\":\"Inovallee\"}]}<\/script>\n<!-- \/ Yoast SEO plugin. -->","yoast_head_json":{"title":"450 % de croissance pour Apparence qui f\u00eate son 2\u00e8me anniversaire au Tarmac ! - inovall\u00e9e","description":"Deux ans apr\u00e8s sa cr\u00e9ation au Tarmac, Apparence.io fait r\u00e9solument sa place dans le monde concurrentiel des agences digitales avec 450% de croissance !","robots":{"index":"index","follow":"follow","max-snippet":"max-snippet:-1","max-image-preview":"max-image-preview:large","max-video-preview":"max-video-preview:-1"},"canonical":"https:\/\/www.inovallee.com\/en\/450-de-croissance-pour-apparence-qui-fete-son-2eme-anniversaire-au-tarmac\/","og_locale":"en_GB","og_type":"article","og_title":"450 % de croissance pour Apparence qui f\u00eate son 2\u00e8me anniversaire au Tarmac ! - inovall\u00e9e","og_description":"Deux ans apr\u00e8s sa cr\u00e9ation au Tarmac, Apparence.io fait r\u00e9solument sa place dans le monde concurrentiel des agences digitales avec 450% de croissance !","og_url":"https:\/\/www.inovallee.com\/en\/450-de-croissance-pour-apparence-qui-fete-son-2eme-anniversaire-au-tarmac\/","og_site_name":"inovall\u00e9e","article_publisher":"https:\/\/www.facebook.com\/technopoleinovallee\/","article_published_time":"2020-01-20T19:44:45+00:00","article_modified_time":"2022-01-04T10:52:15+00:00","og_image":[{"width":1536,"height":1152,"url":"https:\/\/www.inovallee.com\/wp-content\/uploads\/2020\/01\/apparence-1.jpg","type":"image\/jpeg"}],"author":"Inovallee","twitter_card":"summary_large_image","twitter_creator":"@inovallee","twitter_site":"@inovallee","twitter_misc":{"Written by":"Inovallee","Estimated reading time":"3 minutes"},"schema":{"@context":"https:\/\/schema.org","@graph":[{"@type":"Article","@id":"https:\/\/www.inovallee.com\/450-de-croissance-pour-apparence-qui-fete-son-2eme-anniversaire-au-tarmac\/#article","isPartOf":{"@id":"https:\/\/www.inovallee.com\/450-de-croissance-pour-apparence-qui-fete-son-2eme-anniversaire-au-tarmac\/"},"author":{"name":"Inovallee","@id":"https:\/\/www.inovallee.com\/#\/schema\/person\/a45b15518aad3111b2d61d257a3e023b"},"headline":"450 % de croissance pour Apparence qui f\u00eate son 2\u00e8me anniversaire au Tarmac !","datePublished":"2020-01-20T19:44:45+00:00","dateModified":"2022-01-04T10:52:15+00:00","mainEntityOfPage":{"@id":"https:\/\/www.inovallee.com\/450-de-croissance-pour-apparence-qui-fete-son-2eme-anniversaire-au-tarmac\/"},"wordCount":576,"publisher":{"@id":"https:\/\/www.inovallee.com\/#organization"},"image":{"@id":"https:\/\/www.inovallee.com\/450-de-croissance-pour-apparence-qui-fete-son-2eme-anniversaire-au-tarmac\/#primaryimage"},"thumbnailUrl":"https:\/\/www.inovallee.com\/wp-content\/uploads\/2020\/01\/apparence-1.jpg","keywords":["APPARENCE","D\u00e9veloppement"],"articleSection":["L'\u00e9cho des startups du Tarmac","Tarmac incubator"],"inLanguage":"en-GB"},{"@type":"WebPage","@id":"https:\/\/www.inovallee.com\/450-de-croissance-pour-apparence-qui-fete-son-2eme-anniversaire-au-tarmac\/","url":"https:\/\/www.inovallee.com\/450-de-croissance-pour-apparence-qui-fete-son-2eme-anniversaire-au-tarmac\/","name":"450 % de croissance pour Apparence qui f\u00eate son 2\u00e8me anniversaire au Tarmac ! - inovall\u00e9e","isPartOf":{"@id":"https:\/\/www.inovallee.com\/#website"},"primaryImageOfPage":{"@id":"https:\/\/www.inovallee.com\/450-de-croissance-pour-apparence-qui-fete-son-2eme-anniversaire-au-tarmac\/#primaryimage"},"image":{"@id":"https:\/\/www.inovallee.com\/450-de-croissance-pour-apparence-qui-fete-son-2eme-anniversaire-au-tarmac\/#primaryimage"},"thumbnailUrl":"https:\/\/www.inovallee.com\/wp-content\/uploads\/2020\/01\/apparence-1.jpg","datePublished":"2020-01-20T19:44:45+00:00","dateModified":"2022-01-04T10:52:15+00:00","description":"Deux ans apr\u00e8s sa cr\u00e9ation au Tarmac, Apparence.io fait r\u00e9solument sa place dans le monde concurrentiel des agences digitales avec 450% de croissance !","breadcrumb":{"@id":"https:\/\/www.inovallee.com\/450-de-croissance-pour-apparence-qui-fete-son-2eme-anniversaire-au-tarmac\/#breadcrumb"},"inLanguage":"en-GB","potentialAction":[{"@type":"ReadAction","target":["https:\/\/www.inovallee.com\/450-de-croissance-pour-apparence-qui-fete-son-2eme-anniversaire-au-tarmac\/"]}]},{"@type":"ImageObject","inLanguage":"en-GB","@id":"https:\/\/www.inovallee.com\/450-de-croissance-pour-apparence-qui-fete-son-2eme-anniversaire-au-tarmac\/#primaryimage","url":"https:\/\/www.inovallee.com\/wp-content\/uploads\/2020\/01\/apparence-1.jpg","contentUrl":"https:\/\/www.inovallee.com\/wp-content\/uploads\/2020\/01\/apparence-1.jpg","width":1536,"height":1152},{"@type":"BreadcrumbList","@id":"https:\/\/www.inovallee.com\/450-de-croissance-pour-apparence-qui-fete-son-2eme-anniversaire-au-tarmac\/#breadcrumb","itemListElement":[{"@type":"ListItem","position":1,"name":"Accueil","item":"https:\/\/www.inovallee.com\/"},{"@type":"ListItem","position":2,"name":"450 % de croissance pour Apparence qui f\u00eate son 2\u00e8me anniversaire au Tarmac !"}]},{"@type":"WebSite","@id":"https:\/\/www.inovallee.com\/#website","url":"https:\/\/www.inovallee.com\/","name":"inovall\u00e9e technopole, Home to software & smart technologies","description":"Home to software &amp; smart technologies","publisher":{"@id":"https:\/\/www.inovallee.com\/#organization"},"potentialAction":[{"@type":"SearchAction","target":{"@type":"EntryPoint","urlTemplate":"https:\/\/www.inovallee.com\/?s={search_term_string}"},"query-input":{"@type":"PropertyValueSpecification","valueRequired":true,"valueName":"search_term_string"}}],"inLanguage":"en-GB"},{"@type":"Organization","@id":"https:\/\/www.inovallee.com\/#organization","name":"inovall\u00e9e","url":"https:\/\/www.inovallee.com\/","logo":{"@type":"ImageObject","inLanguage":"en-GB","@id":"https:\/\/www.inovallee.com\/#\/schema\/logo\/image\/","url":"https:\/\/www.inovallee.com\/wp-content\/uploads\/2023\/08\/inovallee_2022_GrenobleAlpes.png","contentUrl":"https:\/\/www.inovallee.com\/wp-content\/uploads\/2023\/08\/inovallee_2022_GrenobleAlpes.png","width":945,"height":369,"caption":"inovall\u00e9e"},"image":{"@id":"https:\/\/www.inovallee.com\/#\/schema\/logo\/image\/"},"sameAs":["https:\/\/www.facebook.com\/technopoleinovallee\/","https:\/\/x.com\/inovallee","https:\/\/www.linkedin.com\/company\/inovall-e\/","https:\/\/www.youtube.com\/user\/inovallee?reload=9"]},{"@type":"Person","@id":"https:\/\/www.inovallee.com\/#\/schema\/person\/a45b15518aad3111b2d61d257a3e023b","name":"Inovallee"}]}},"_links":{"self":[{"href":"https:\/\/www.inovallee.com\/en\/wp-json\/wp\/v2\/posts\/24067","targetHints":{"allow":["GET"]}}],"collection":[{"href":"https:\/\/www.inovallee.com\/en\/wp-json\/wp\/v2\/posts"}],"about":[{"href":"https:\/\/www.inovallee.com\/en\/wp-json\/wp\/v2\/types\/post"}],"author":[{"embeddable":true,"href":"https:\/\/www.inovallee.com\/en\/wp-json\/wp\/v2\/users\/6"}],"replies":[{"embeddable":true,"href":"https:\/\/www.inovallee.com\/en\/wp-json\/wp\/v2\/comments?post=24067"}],"version-history":[{"count":0,"href":"https:\/\/www.inovallee.com\/en\/wp-json\/wp\/v2\/posts\/24067\/revisions"}],"wp:featuredmedia":[{"embeddable":true,"href":"https:\/\/www.inovallee.com\/en\/wp-json\/wp\/v2\/media\/24068"}],"wp:attachment":[{"href":"https:\/\/www.inovallee.com\/en\/wp-json\/wp\/v2\/media?parent=24067"}],"wp:term":[{"taxonomy":"category","embeddable":true,"href":"https:\/\/www.inovallee.com\/en\/wp-json\/wp\/v2\/categories?post=24067"},{"taxonomy":"post_tag","embeddable":true,"href":"https:\/\/www.inovallee.com\/en\/wp-json\/wp\/v2\/tags?post=24067"}],"curies":[{"name":"wp","href":"https:\/\/api.w.org\/{rel}","templated":true}]}}