{"id":2662,"date":"2012-10-30T13:22:00","date_gmt":"2012-10-30T12:22:00","guid":{"rendered":"https:\/\/www.inovallee.com\/seminaire-intech-inria-sur-les-deplacements-du-futur-29-novembre\/"},"modified":"2020-06-23T18:40:47","modified_gmt":"2020-06-23T16:40:47","slug":"seminaire-intech-inria-sur-les-deplacements-du-futur-29-novembre","status":"publish","type":"post","link":"https:\/\/www.inovallee.com\/en\/seminaire-intech-inria-sur-les-deplacements-du-futur-29-novembre\/","title":{"rendered":"S\u00e9minaire Intech Inria sur les d\u00e9placements du futur : 29 novembre"},"content":{"rendered":"<div dir=\"ltr\" style=\"text-align: left;\">\n<div style=\"clear: both; text-align: center;\"><a href=\"http:\/\/www.inria.fr\/var\/inria\/storage\/images\/medias\/grenoble\/actualites-images\/chapo\/illustration-in-tech-its_vignette.jpg\/569815-1-fre-FR\/illustration-in-tech-its_vignette.jpg_vignette.jpg\" style=\"clear: left; float: left; margin-bottom: 1em; margin-right: 1em;\"><img decoding=\"async\" border=\"0\" src=\"http:\/\/www.inria.fr\/var\/inria\/storage\/images\/medias\/grenoble\/actualites-images\/chapo\/illustration-in-tech-its_vignette.jpg\/569815-1-fre-FR\/illustration-in-tech-its_vignette.jpg_vignette.jpg\" \/><\/a><\/div>\n<p><span style=\"font-family: Verdana, sans-serif; font-size: x-small;\">Le club de veille technologique In&rsquo; Tech, anim\u00e9 par Inria et le Cluster Is\u00e8re du logiciel et des services informatiques (GRILOG), organise une demi-journ\u00e9e de rencontres entre chercheurs et industriels sur le th\u00e8me \u00ab\u00a0Syst\u00e8mes de Transports Intelligents (ITS) : Algorithmes  et technologies\u00a0\u00bb, le jeudi 29 novembre 2012 de 13h45 \u00e0 18h, \u00e0 Inria Montbonnot. Le d\u00e9veloppement des r\u00e9seaux capteurs (magn\u00e9tom\u00e8tres, cam\u00e9ras, radars, tra\u00e7age GPS,  etc.) de mesures de donn\u00e9es offrent une opportunit\u00e9 pour l&rsquo;optimisation du trafic dans les villes, les voies p\u00e9riph\u00e9riques, et dans le transport public.Le but de ce s\u00e9minaire est de pr\u00e9senter les technologies et solutions utilis\u00e9es pour am\u00e9liorer le trafic routier. Des initiatives entreprises par les centres de recherche, les pouvoirs publics, les grands groupes industriels, et des SMEs, dans le domaine ITS, seront aussi pr\u00e9sent\u00e9es. <a href=\"http:\/\/www.inria.fr\/centre\/grenoble\/agenda\/seminaire-in-tech-systemes-de-transports-intelligents-its-algorithmes-et-technologies\" target=\"_blank\" rel=\"noopener noreferrer\">En savoir plus <\/a><\/span><\/div>","protected":false},"excerpt":{"rendered":"<p>Le club de veille technologique In&rsquo; Tech, anim\u00e9 par Inria et le Cluster Is\u00e8re du logiciel et des services informatiques (GRILOG), organise une demi-journ\u00e9e de rencontres entre chercheurs et industriels sur le th\u00e8me \u00ab\u00a0Syst\u00e8mes de Transports Intelligents (ITS) : Algorithmes et technologies\u00a0\u00bb, le jeudi 29 novembre 2012 de 13h45 \u00e0 18h, \u00e0 Inria Montbonnot. Le [&hellip;]<\/p>\n","protected":false},"author":6,"featured_media":0,"comment_status":"closed","ping_status":"open","sticky":false,"template":"","format":"standard","meta":{"footnotes":""},"categories":[38,37,28,33],"tags":[],"class_list":["post-2662","post","type-post","status-publish","format-standard","hentry","category-innovation-sociale","category-my-ino","category-actus-entreprises","category-transport-mobilite-durable"],"yoast_head":"<!-- This site is optimized with the Yoast SEO plugin v27.4 - https:\/\/yoast.com\/product\/yoast-seo-wordpress\/ -->\n<title>S\u00e9minaire Intech Inria sur les d\u00e9placements du futur : 29 novembre - inovall\u00e9e<\/title>\n<meta name=\"robots\" content=\"index, follow, max-snippet:-1, max-image-preview:large, max-video-preview:-1\" \/>\n<link rel=\"canonical\" href=\"https:\/\/www.inovallee.com\/en\/seminaire-intech-inria-sur-les-deplacements-du-futur-29-novembre\/\" \/>\n<meta property=\"og:locale\" content=\"en_GB\" \/>\n<meta property=\"og:type\" content=\"article\" \/>\n<meta property=\"og:title\" content=\"S\u00e9minaire Intech Inria sur les d\u00e9placements du futur : 29 novembre - inovall\u00e9e\" \/>\n<meta property=\"og:description\" content=\"Le club de veille technologique In&rsquo; Tech, anim\u00e9 par Inria et le Cluster Is\u00e8re du logiciel et des services informatiques (GRILOG), organise une demi-journ\u00e9e de rencontres entre chercheurs et industriels sur le th\u00e8me \u00ab\u00a0Syst\u00e8mes de Transports Intelligents (ITS) : Algorithmes et technologies\u00a0\u00bb, le jeudi 29 novembre 2012 de 13h45 \u00e0 18h, \u00e0 Inria Montbonnot. Le [&hellip;]\" \/>\n<meta property=\"og:url\" content=\"https:\/\/www.inovallee.com\/en\/seminaire-intech-inria-sur-les-deplacements-du-futur-29-novembre\/\" \/>\n<meta property=\"og:site_name\" content=\"inovall\u00e9e\" \/>\n<meta property=\"article:publisher\" content=\"https:\/\/www.facebook.com\/technopoleinovallee\/\" \/>\n<meta property=\"article:published_time\" content=\"2012-10-30T12:22:00+00:00\" \/>\n<meta property=\"article:modified_time\" content=\"2020-06-23T16:40:47+00:00\" \/>\n<meta property=\"og:image\" content=\"http:\/\/www.inria.fr\/var\/inria\/storage\/images\/medias\/grenoble\/actualites-images\/chapo\/illustration-in-tech-its_vignette.jpg\/569815-1-fre-FR\/illustration-in-tech-its_vignette.jpg_vignette.jpg\" \/>\n<meta name=\"author\" content=\"Inovallee\" \/>\n<meta name=\"twitter:card\" content=\"summary_large_image\" \/>\n<meta name=\"twitter:creator\" content=\"@inovallee\" \/>\n<meta name=\"twitter:site\" content=\"@inovallee\" \/>\n<meta name=\"twitter:label1\" content=\"Written by\" \/>\n\t<meta name=\"twitter:data1\" content=\"Inovallee\" \/>\n\t<meta name=\"twitter:label2\" content=\"Estimated reading time\" \/>\n\t<meta name=\"twitter:data2\" content=\"1 minute\" \/>\n<script type=\"application\/ld+json\" class=\"yoast-schema-graph\">{\"@context\":\"https:\\\/\\\/schema.org\",\"@graph\":[{\"@type\":\"Article\",\"@id\":\"https:\\\/\\\/www.inovallee.com\\\/seminaire-intech-inria-sur-les-deplacements-du-futur-29-novembre\\\/#article\",\"isPartOf\":{\"@id\":\"https:\\\/\\\/www.inovallee.com\\\/seminaire-intech-inria-sur-les-deplacements-du-futur-29-novembre\\\/\"},\"author\":{\"name\":\"Inovallee\",\"@id\":\"https:\\\/\\\/www.inovallee.com\\\/#\\\/schema\\\/person\\\/a45b15518aad3111b2d61d257a3e023b\"},\"headline\":\"S\u00e9minaire Intech Inria sur les d\u00e9placements du futur : 29 novembre\",\"datePublished\":\"2012-10-30T12:22:00+00:00\",\"dateModified\":\"2020-06-23T16:40:47+00:00\",\"mainEntityOfPage\":{\"@id\":\"https:\\\/\\\/www.inovallee.com\\\/seminaire-intech-inria-sur-les-deplacements-du-futur-29-novembre\\\/\"},\"wordCount\":159,\"publisher\":{\"@id\":\"https:\\\/\\\/www.inovallee.com\\\/#organization\"},\"image\":{\"@id\":\"https:\\\/\\\/www.inovallee.com\\\/seminaire-intech-inria-sur-les-deplacements-du-futur-29-novembre\\\/#primaryimage\"},\"thumbnailUrl\":\"http:\\\/\\\/www.inria.fr\\\/var\\\/inria\\\/storage\\\/images\\\/medias\\\/grenoble\\\/actualites-images\\\/chapo\\\/illustration-in-tech-its_vignette.jpg\\\/569815-1-fre-FR\\\/illustration-in-tech-its_vignette.jpg_vignette.jpg\",\"articleSection\":[\"Innovation sociale\",\"My Ino : Vivre &amp; travailler sur inovall\u00e9e\",\"Sucess stories des entreprises d'inovall\u00e9e\",\"Transport et mobilit\u00e9 durable\"],\"inLanguage\":\"en-GB\"},{\"@type\":\"WebPage\",\"@id\":\"https:\\\/\\\/www.inovallee.com\\\/seminaire-intech-inria-sur-les-deplacements-du-futur-29-novembre\\\/\",\"url\":\"https:\\\/\\\/www.inovallee.com\\\/seminaire-intech-inria-sur-les-deplacements-du-futur-29-novembre\\\/\",\"name\":\"S\u00e9minaire Intech Inria sur les d\u00e9placements du futur : 29 novembre - inovall\u00e9e\",\"isPartOf\":{\"@id\":\"https:\\\/\\\/www.inovallee.com\\\/#website\"},\"primaryImageOfPage\":{\"@id\":\"https:\\\/\\\/www.inovallee.com\\\/seminaire-intech-inria-sur-les-deplacements-du-futur-29-novembre\\\/#primaryimage\"},\"image\":{\"@id\":\"https:\\\/\\\/www.inovallee.com\\\/seminaire-intech-inria-sur-les-deplacements-du-futur-29-novembre\\\/#primaryimage\"},\"thumbnailUrl\":\"http:\\\/\\\/www.inria.fr\\\/var\\\/inria\\\/storage\\\/images\\\/medias\\\/grenoble\\\/actualites-images\\\/chapo\\\/illustration-in-tech-its_vignette.jpg\\\/569815-1-fre-FR\\\/illustration-in-tech-its_vignette.jpg_vignette.jpg\",\"datePublished\":\"2012-10-30T12:22:00+00:00\",\"dateModified\":\"2020-06-23T16:40:47+00:00\",\"breadcrumb\":{\"@id\":\"https:\\\/\\\/www.inovallee.com\\\/seminaire-intech-inria-sur-les-deplacements-du-futur-29-novembre\\\/#breadcrumb\"},\"inLanguage\":\"en-GB\",\"potentialAction\":[{\"@type\":\"ReadAction\",\"target\":[\"https:\\\/\\\/www.inovallee.com\\\/seminaire-intech-inria-sur-les-deplacements-du-futur-29-novembre\\\/\"]}]},{\"@type\":\"ImageObject\",\"inLanguage\":\"en-GB\",\"@id\":\"https:\\\/\\\/www.inovallee.com\\\/seminaire-intech-inria-sur-les-deplacements-du-futur-29-novembre\\\/#primaryimage\",\"url\":\"http:\\\/\\\/www.inria.fr\\\/var\\\/inria\\\/storage\\\/images\\\/medias\\\/grenoble\\\/actualites-images\\\/chapo\\\/illustration-in-tech-its_vignette.jpg\\\/569815-1-fre-FR\\\/illustration-in-tech-its_vignette.jpg_vignette.jpg\",\"contentUrl\":\"http:\\\/\\\/www.inria.fr\\\/var\\\/inria\\\/storage\\\/images\\\/medias\\\/grenoble\\\/actualites-images\\\/chapo\\\/illustration-in-tech-its_vignette.jpg\\\/569815-1-fre-FR\\\/illustration-in-tech-its_vignette.jpg_vignette.jpg\"},{\"@type\":\"BreadcrumbList\",\"@id\":\"https:\\\/\\\/www.inovallee.com\\\/seminaire-intech-inria-sur-les-deplacements-du-futur-29-novembre\\\/#breadcrumb\",\"itemListElement\":[{\"@type\":\"ListItem\",\"position\":1,\"name\":\"Accueil\",\"item\":\"https:\\\/\\\/www.inovallee.com\\\/\"},{\"@type\":\"ListItem\",\"position\":2,\"name\":\"S\u00e9minaire Intech Inria sur les d\u00e9placements du futur : 29 novembre\"}]},{\"@type\":\"WebSite\",\"@id\":\"https:\\\/\\\/www.inovallee.com\\\/#website\",\"url\":\"https:\\\/\\\/www.inovallee.com\\\/\",\"name\":\"inovall\u00e9e technopole, Home to software & smart technologies\",\"description\":\"Home to software &amp; smart technologies\",\"publisher\":{\"@id\":\"https:\\\/\\\/www.inovallee.com\\\/#organization\"},\"potentialAction\":[{\"@type\":\"SearchAction\",\"target\":{\"@type\":\"EntryPoint\",\"urlTemplate\":\"https:\\\/\\\/www.inovallee.com\\\/?s={search_term_string}\"},\"query-input\":{\"@type\":\"PropertyValueSpecification\",\"valueRequired\":true,\"valueName\":\"search_term_string\"}}],\"inLanguage\":\"en-GB\"},{\"@type\":\"Organization\",\"@id\":\"https:\\\/\\\/www.inovallee.com\\\/#organization\",\"name\":\"inovall\u00e9e\",\"url\":\"https:\\\/\\\/www.inovallee.com\\\/\",\"logo\":{\"@type\":\"ImageObject\",\"inLanguage\":\"en-GB\",\"@id\":\"https:\\\/\\\/www.inovallee.com\\\/#\\\/schema\\\/logo\\\/image\\\/\",\"url\":\"https:\\\/\\\/www.inovallee.com\\\/wp-content\\\/uploads\\\/2023\\\/08\\\/inovallee_2022_GrenobleAlpes.png\",\"contentUrl\":\"https:\\\/\\\/www.inovallee.com\\\/wp-content\\\/uploads\\\/2023\\\/08\\\/inovallee_2022_GrenobleAlpes.png\",\"width\":945,\"height\":369,\"caption\":\"inovall\u00e9e\"},\"image\":{\"@id\":\"https:\\\/\\\/www.inovallee.com\\\/#\\\/schema\\\/logo\\\/image\\\/\"},\"sameAs\":[\"https:\\\/\\\/www.facebook.com\\\/technopoleinovallee\\\/\",\"https:\\\/\\\/x.com\\\/inovallee\",\"https:\\\/\\\/www.linkedin.com\\\/company\\\/inovall-e\\\/\",\"https:\\\/\\\/www.youtube.com\\\/user\\\/inovallee?reload=9\"]},{\"@type\":\"Person\",\"@id\":\"https:\\\/\\\/www.inovallee.com\\\/#\\\/schema\\\/person\\\/a45b15518aad3111b2d61d257a3e023b\",\"name\":\"Inovallee\"}]}<\/script>\n<!-- \/ Yoast SEO plugin. -->","yoast_head_json":{"title":"S\u00e9minaire Intech Inria sur les d\u00e9placements du futur : 29 novembre - inovall\u00e9e","robots":{"index":"index","follow":"follow","max-snippet":"max-snippet:-1","max-image-preview":"max-image-preview:large","max-video-preview":"max-video-preview:-1"},"canonical":"https:\/\/www.inovallee.com\/en\/seminaire-intech-inria-sur-les-deplacements-du-futur-29-novembre\/","og_locale":"en_GB","og_type":"article","og_title":"S\u00e9minaire Intech Inria sur les d\u00e9placements du futur : 29 novembre - inovall\u00e9e","og_description":"Le club de veille technologique In&rsquo; Tech, anim\u00e9 par Inria et le Cluster Is\u00e8re du logiciel et des services informatiques (GRILOG), organise une demi-journ\u00e9e de rencontres entre chercheurs et industriels sur le th\u00e8me \u00ab\u00a0Syst\u00e8mes de Transports Intelligents (ITS) : Algorithmes et technologies\u00a0\u00bb, le jeudi 29 novembre 2012 de 13h45 \u00e0 18h, \u00e0 Inria Montbonnot. Le [&hellip;]","og_url":"https:\/\/www.inovallee.com\/en\/seminaire-intech-inria-sur-les-deplacements-du-futur-29-novembre\/","og_site_name":"inovall\u00e9e","article_publisher":"https:\/\/www.facebook.com\/technopoleinovallee\/","article_published_time":"2012-10-30T12:22:00+00:00","article_modified_time":"2020-06-23T16:40:47+00:00","og_image":[{"url":"http:\/\/www.inria.fr\/var\/inria\/storage\/images\/medias\/grenoble\/actualites-images\/chapo\/illustration-in-tech-its_vignette.jpg\/569815-1-fre-FR\/illustration-in-tech-its_vignette.jpg_vignette.jpg","type":"","width":"","height":""}],"author":"Inovallee","twitter_card":"summary_large_image","twitter_creator":"@inovallee","twitter_site":"@inovallee","twitter_misc":{"Written by":"Inovallee","Estimated reading time":"1 minute"},"schema":{"@context":"https:\/\/schema.org","@graph":[{"@type":"Article","@id":"https:\/\/www.inovallee.com\/seminaire-intech-inria-sur-les-deplacements-du-futur-29-novembre\/#article","isPartOf":{"@id":"https:\/\/www.inovallee.com\/seminaire-intech-inria-sur-les-deplacements-du-futur-29-novembre\/"},"author":{"name":"Inovallee","@id":"https:\/\/www.inovallee.com\/#\/schema\/person\/a45b15518aad3111b2d61d257a3e023b"},"headline":"S\u00e9minaire Intech Inria sur les d\u00e9placements du futur : 29 novembre","datePublished":"2012-10-30T12:22:00+00:00","dateModified":"2020-06-23T16:40:47+00:00","mainEntityOfPage":{"@id":"https:\/\/www.inovallee.com\/seminaire-intech-inria-sur-les-deplacements-du-futur-29-novembre\/"},"wordCount":159,"publisher":{"@id":"https:\/\/www.inovallee.com\/#organization"},"image":{"@id":"https:\/\/www.inovallee.com\/seminaire-intech-inria-sur-les-deplacements-du-futur-29-novembre\/#primaryimage"},"thumbnailUrl":"http:\/\/www.inria.fr\/var\/inria\/storage\/images\/medias\/grenoble\/actualites-images\/chapo\/illustration-in-tech-its_vignette.jpg\/569815-1-fre-FR\/illustration-in-tech-its_vignette.jpg_vignette.jpg","articleSection":["Innovation sociale","My Ino : Vivre &amp; travailler sur inovall\u00e9e","Sucess stories des entreprises d'inovall\u00e9e","Transport et mobilit\u00e9 durable"],"inLanguage":"en-GB"},{"@type":"WebPage","@id":"https:\/\/www.inovallee.com\/seminaire-intech-inria-sur-les-deplacements-du-futur-29-novembre\/","url":"https:\/\/www.inovallee.com\/seminaire-intech-inria-sur-les-deplacements-du-futur-29-novembre\/","name":"S\u00e9minaire Intech Inria sur les d\u00e9placements du futur : 29 novembre - inovall\u00e9e","isPartOf":{"@id":"https:\/\/www.inovallee.com\/#website"},"primaryImageOfPage":{"@id":"https:\/\/www.inovallee.com\/seminaire-intech-inria-sur-les-deplacements-du-futur-29-novembre\/#primaryimage"},"image":{"@id":"https:\/\/www.inovallee.com\/seminaire-intech-inria-sur-les-deplacements-du-futur-29-novembre\/#primaryimage"},"thumbnailUrl":"http:\/\/www.inria.fr\/var\/inria\/storage\/images\/medias\/grenoble\/actualites-images\/chapo\/illustration-in-tech-its_vignette.jpg\/569815-1-fre-FR\/illustration-in-tech-its_vignette.jpg_vignette.jpg","datePublished":"2012-10-30T12:22:00+00:00","dateModified":"2020-06-23T16:40:47+00:00","breadcrumb":{"@id":"https:\/\/www.inovallee.com\/seminaire-intech-inria-sur-les-deplacements-du-futur-29-novembre\/#breadcrumb"},"inLanguage":"en-GB","potentialAction":[{"@type":"ReadAction","target":["https:\/\/www.inovallee.com\/seminaire-intech-inria-sur-les-deplacements-du-futur-29-novembre\/"]}]},{"@type":"ImageObject","inLanguage":"en-GB","@id":"https:\/\/www.inovallee.com\/seminaire-intech-inria-sur-les-deplacements-du-futur-29-novembre\/#primaryimage","url":"http:\/\/www.inria.fr\/var\/inria\/storage\/images\/medias\/grenoble\/actualites-images\/chapo\/illustration-in-tech-its_vignette.jpg\/569815-1-fre-FR\/illustration-in-tech-its_vignette.jpg_vignette.jpg","contentUrl":"http:\/\/www.inria.fr\/var\/inria\/storage\/images\/medias\/grenoble\/actualites-images\/chapo\/illustration-in-tech-its_vignette.jpg\/569815-1-fre-FR\/illustration-in-tech-its_vignette.jpg_vignette.jpg"},{"@type":"BreadcrumbList","@id":"https:\/\/www.inovallee.com\/seminaire-intech-inria-sur-les-deplacements-du-futur-29-novembre\/#breadcrumb","itemListElement":[{"@type":"ListItem","position":1,"name":"Accueil","item":"https:\/\/www.inovallee.com\/"},{"@type":"ListItem","position":2,"name":"S\u00e9minaire Intech Inria sur les d\u00e9placements du futur : 29 novembre"}]},{"@type":"WebSite","@id":"https:\/\/www.inovallee.com\/#website","url":"https:\/\/www.inovallee.com\/","name":"inovall\u00e9e technopole, Home to software & smart technologies","description":"Home to software &amp; smart technologies","publisher":{"@id":"https:\/\/www.inovallee.com\/#organization"},"potentialAction":[{"@type":"SearchAction","target":{"@type":"EntryPoint","urlTemplate":"https:\/\/www.inovallee.com\/?s={search_term_string}"},"query-input":{"@type":"PropertyValueSpecification","valueRequired":true,"valueName":"search_term_string"}}],"inLanguage":"en-GB"},{"@type":"Organization","@id":"https:\/\/www.inovallee.com\/#organization","name":"inovall\u00e9e","url":"https:\/\/www.inovallee.com\/","logo":{"@type":"ImageObject","inLanguage":"en-GB","@id":"https:\/\/www.inovallee.com\/#\/schema\/logo\/image\/","url":"https:\/\/www.inovallee.com\/wp-content\/uploads\/2023\/08\/inovallee_2022_GrenobleAlpes.png","contentUrl":"https:\/\/www.inovallee.com\/wp-content\/uploads\/2023\/08\/inovallee_2022_GrenobleAlpes.png","width":945,"height":369,"caption":"inovall\u00e9e"},"image":{"@id":"https:\/\/www.inovallee.com\/#\/schema\/logo\/image\/"},"sameAs":["https:\/\/www.facebook.com\/technopoleinovallee\/","https:\/\/x.com\/inovallee","https:\/\/www.linkedin.com\/company\/inovall-e\/","https:\/\/www.youtube.com\/user\/inovallee?reload=9"]},{"@type":"Person","@id":"https:\/\/www.inovallee.com\/#\/schema\/person\/a45b15518aad3111b2d61d257a3e023b","name":"Inovallee"}]}},"_links":{"self":[{"href":"https:\/\/www.inovallee.com\/en\/wp-json\/wp\/v2\/posts\/2662","targetHints":{"allow":["GET"]}}],"collection":[{"href":"https:\/\/www.inovallee.com\/en\/wp-json\/wp\/v2\/posts"}],"about":[{"href":"https:\/\/www.inovallee.com\/en\/wp-json\/wp\/v2\/types\/post"}],"author":[{"embeddable":true,"href":"https:\/\/www.inovallee.com\/en\/wp-json\/wp\/v2\/users\/6"}],"replies":[{"embeddable":true,"href":"https:\/\/www.inovallee.com\/en\/wp-json\/wp\/v2\/comments?post=2662"}],"version-history":[{"count":0,"href":"https:\/\/www.inovallee.com\/en\/wp-json\/wp\/v2\/posts\/2662\/revisions"}],"wp:attachment":[{"href":"https:\/\/www.inovallee.com\/en\/wp-json\/wp\/v2\/media?parent=2662"}],"wp:term":[{"taxonomy":"category","embeddable":true,"href":"https:\/\/www.inovallee.com\/en\/wp-json\/wp\/v2\/categories?post=2662"},{"taxonomy":"post_tag","embeddable":true,"href":"https:\/\/www.inovallee.com\/en\/wp-json\/wp\/v2\/tags?post=2662"}],"curies":[{"name":"wp","href":"https:\/\/api.w.org\/{rel}","templated":true}]}}