{"id":28173,"date":"2013-02-20T16:13:00","date_gmt":"2013-02-20T15:13:00","guid":{"rendered":"https:\/\/www.inovallee.com\/partez-en-voyage-au-pays-des-masques-avec-guida-bulha-safari-vocal-18-fevrier\/"},"modified":"2013-02-20T16:13:00","modified_gmt":"2013-02-20T15:13:00","slug":"partez-en-voyage-au-pays-des-masques-avec-guida-bulha-safari-vocal-18-fevrier","status":"publish","type":"post","link":"https:\/\/www.inovallee.com\/en\/partez-en-voyage-au-pays-des-masques-avec-guida-bulha-safari-vocal-18-fevrier\/","title":{"rendered":"Partez en voyage au pays des masques avec Guida Bulha Safari Vocal : 18 f\u00e9vrier"},"content":{"rendered":"<div dir=\"ltr\" style=\"text-align: left;\">\n<div style=\"clear: both; text-align: center;\"><a href=\"http:\/\/2.bp.blogspot.com\/-ni3TrKHXl-0\/USTmtrjcMtI\/AAAAAAAAGKc\/4MPrcGelCVI\/s1600\/masques_safari_vocal.PNG\" style=\"clear: left; float: left; margin-bottom: 1em; margin-right: 1em;\"><img decoding=\"async\" border=\"0\" height=\"192\" src=\"http:\/\/2.bp.blogspot.com\/-ni3TrKHXl-0\/USTmtrjcMtI\/AAAAAAAAGKc\/4MPrcGelCVI\/s200\/masques_safari_vocal.PNG\" width=\"200\" \/><\/a><\/div>\n<p><span style=\"font-size: x-small;\"><span style=\"font-family: Verdana,sans-serif;\"><\/span><span style=\"font-family: Verdana,sans-serif;\">8 masques de la Commedia dell\u2019arte \u00e0 d\u00e9couvrir autrement. Du masque logique au masque cr\u00e9atif, une palette de personnages qui nous touchent par leur humanit\u00e9 et nous aident \u00e0 explorer nos ressources et \u00e0 communiquer autrement. Biblioth\u00e8que du haut-Meylan \u00e0 16h30.&nbsp;<\/span><\/span><br \/><span style=\"font-size: x-small;\"><span style=\"font-family: Verdana,sans-serif;\">Entr\u00e9e libre<\/span><\/span><\/p>\n<p><span style=\"font-size: x-small;\"><span style=\"font-family: Verdana,sans-serif;\"><a href=\"https:\/\/www.inovallee.com\/en\/pdf\/newsletter\/news_19.02.13\/affiche_masques_safari_vocal.pdf\/\" target=\"_blank\" rel=\"noopener noreferrer\">&gt;&gt;&gt;&nbsp; En savoir plus<\/a>&nbsp; <\/span><\/span><\/div>","protected":false},"excerpt":{"rendered":"<p>8 masques de la Commedia dell\u2019arte \u00e0 d\u00e9couvrir autrement. Du masque logique au masque cr\u00e9atif, une palette de personnages qui nous touchent par leur humanit\u00e9 et nous aident \u00e0 explorer nos ressources et \u00e0 communiquer autrement. Biblioth\u00e8que du haut-Meylan \u00e0 16h30.&nbsp;Entr\u00e9e libre &gt;&gt;&gt;&nbsp; En savoir plus&nbsp;<\/p>","protected":false},"author":6,"featured_media":0,"comment_status":"closed","ping_status":"open","sticky":false,"template":"","format":"standard","meta":{"footnotes":""},"categories":[28],"tags":[],"class_list":["post-28173","post","type-post","status-publish","format-standard","hentry","category-actus-entreprises"],"yoast_head":"<!-- This site is optimized with the Yoast SEO plugin v27.4 - https:\/\/yoast.com\/product\/yoast-seo-wordpress\/ -->\n<title>Partez en voyage au pays des masques avec Guida Bulha Safari Vocal : 18 f\u00e9vrier - inovall\u00e9e<\/title>\n<meta name=\"robots\" content=\"index, follow, max-snippet:-1, max-image-preview:large, max-video-preview:-1\" \/>\n<link rel=\"canonical\" href=\"https:\/\/www.inovallee.com\/en\/partez-en-voyage-au-pays-des-masques-avec-guida-bulha-safari-vocal-18-fevrier\/\" \/>\n<meta property=\"og:locale\" content=\"en_GB\" \/>\n<meta property=\"og:type\" content=\"article\" \/>\n<meta property=\"og:title\" content=\"Partez en voyage au pays des masques avec Guida Bulha Safari Vocal : 18 f\u00e9vrier - inovall\u00e9e\" \/>\n<meta property=\"og:description\" content=\"8 masques de la Commedia dell\u2019arte \u00e0 d\u00e9couvrir autrement. Du masque logique au masque cr\u00e9atif, une palette de personnages qui nous touchent par leur humanit\u00e9 et nous aident \u00e0 explorer nos ressources et \u00e0 communiquer autrement. Biblioth\u00e8que du haut-Meylan \u00e0 16h30.&nbsp;Entr\u00e9e libre &gt;&gt;&gt;&nbsp; En savoir plus&nbsp;\" \/>\n<meta property=\"og:url\" content=\"https:\/\/www.inovallee.com\/en\/partez-en-voyage-au-pays-des-masques-avec-guida-bulha-safari-vocal-18-fevrier\/\" \/>\n<meta property=\"og:site_name\" content=\"inovall\u00e9e\" \/>\n<meta property=\"article:publisher\" content=\"https:\/\/www.facebook.com\/technopoleinovallee\/\" \/>\n<meta property=\"article:published_time\" content=\"2013-02-20T15:13:00+00:00\" \/>\n<meta property=\"og:image\" content=\"http:\/\/2.bp.blogspot.com\/-ni3TrKHXl-0\/USTmtrjcMtI\/AAAAAAAAGKc\/4MPrcGelCVI\/s200\/masques_safari_vocal.PNG\" \/>\n<meta name=\"author\" content=\"Inovallee\" \/>\n<meta name=\"twitter:card\" content=\"summary_large_image\" \/>\n<meta name=\"twitter:creator\" content=\"@inovallee\" \/>\n<meta name=\"twitter:site\" content=\"@inovallee\" \/>\n<meta name=\"twitter:label1\" content=\"Written by\" \/>\n\t<meta name=\"twitter:data1\" content=\"Inovallee\" \/>\n<script type=\"application\/ld+json\" class=\"yoast-schema-graph\">{\"@context\":\"https:\\\/\\\/schema.org\",\"@graph\":[{\"@type\":\"Article\",\"@id\":\"https:\\\/\\\/www.inovallee.com\\\/partez-en-voyage-au-pays-des-masques-avec-guida-bulha-safari-vocal-18-fevrier\\\/#article\",\"isPartOf\":{\"@id\":\"https:\\\/\\\/www.inovallee.com\\\/partez-en-voyage-au-pays-des-masques-avec-guida-bulha-safari-vocal-18-fevrier\\\/\"},\"author\":{\"name\":\"Inovallee\",\"@id\":\"https:\\\/\\\/www.inovallee.com\\\/#\\\/schema\\\/person\\\/a45b15518aad3111b2d61d257a3e023b\"},\"headline\":\"Partez en voyage au pays des masques avec Guida Bulha Safari Vocal : 18 f\u00e9vrier\",\"datePublished\":\"2013-02-20T15:13:00+00:00\",\"mainEntityOfPage\":{\"@id\":\"https:\\\/\\\/www.inovallee.com\\\/partez-en-voyage-au-pays-des-masques-avec-guida-bulha-safari-vocal-18-fevrier\\\/\"},\"wordCount\":66,\"publisher\":{\"@id\":\"https:\\\/\\\/www.inovallee.com\\\/#organization\"},\"image\":{\"@id\":\"https:\\\/\\\/www.inovallee.com\\\/partez-en-voyage-au-pays-des-masques-avec-guida-bulha-safari-vocal-18-fevrier\\\/#primaryimage\"},\"thumbnailUrl\":\"http:\\\/\\\/2.bp.blogspot.com\\\/-ni3TrKHXl-0\\\/USTmtrjcMtI\\\/AAAAAAAAGKc\\\/4MPrcGelCVI\\\/s200\\\/masques_safari_vocal.PNG\",\"articleSection\":[\"Sucess stories des entreprises d'inovall\u00e9e\"],\"inLanguage\":\"en-GB\"},{\"@type\":\"WebPage\",\"@id\":\"https:\\\/\\\/www.inovallee.com\\\/partez-en-voyage-au-pays-des-masques-avec-guida-bulha-safari-vocal-18-fevrier\\\/\",\"url\":\"https:\\\/\\\/www.inovallee.com\\\/partez-en-voyage-au-pays-des-masques-avec-guida-bulha-safari-vocal-18-fevrier\\\/\",\"name\":\"Partez en voyage au pays des masques avec Guida Bulha Safari Vocal : 18 f\u00e9vrier - inovall\u00e9e\",\"isPartOf\":{\"@id\":\"https:\\\/\\\/www.inovallee.com\\\/#website\"},\"primaryImageOfPage\":{\"@id\":\"https:\\\/\\\/www.inovallee.com\\\/partez-en-voyage-au-pays-des-masques-avec-guida-bulha-safari-vocal-18-fevrier\\\/#primaryimage\"},\"image\":{\"@id\":\"https:\\\/\\\/www.inovallee.com\\\/partez-en-voyage-au-pays-des-masques-avec-guida-bulha-safari-vocal-18-fevrier\\\/#primaryimage\"},\"thumbnailUrl\":\"http:\\\/\\\/2.bp.blogspot.com\\\/-ni3TrKHXl-0\\\/USTmtrjcMtI\\\/AAAAAAAAGKc\\\/4MPrcGelCVI\\\/s200\\\/masques_safari_vocal.PNG\",\"datePublished\":\"2013-02-20T15:13:00+00:00\",\"breadcrumb\":{\"@id\":\"https:\\\/\\\/www.inovallee.com\\\/partez-en-voyage-au-pays-des-masques-avec-guida-bulha-safari-vocal-18-fevrier\\\/#breadcrumb\"},\"inLanguage\":\"en-GB\",\"potentialAction\":[{\"@type\":\"ReadAction\",\"target\":[\"https:\\\/\\\/www.inovallee.com\\\/partez-en-voyage-au-pays-des-masques-avec-guida-bulha-safari-vocal-18-fevrier\\\/\"]}]},{\"@type\":\"ImageObject\",\"inLanguage\":\"en-GB\",\"@id\":\"https:\\\/\\\/www.inovallee.com\\\/partez-en-voyage-au-pays-des-masques-avec-guida-bulha-safari-vocal-18-fevrier\\\/#primaryimage\",\"url\":\"http:\\\/\\\/2.bp.blogspot.com\\\/-ni3TrKHXl-0\\\/USTmtrjcMtI\\\/AAAAAAAAGKc\\\/4MPrcGelCVI\\\/s200\\\/masques_safari_vocal.PNG\",\"contentUrl\":\"http:\\\/\\\/2.bp.blogspot.com\\\/-ni3TrKHXl-0\\\/USTmtrjcMtI\\\/AAAAAAAAGKc\\\/4MPrcGelCVI\\\/s200\\\/masques_safari_vocal.PNG\"},{\"@type\":\"BreadcrumbList\",\"@id\":\"https:\\\/\\\/www.inovallee.com\\\/partez-en-voyage-au-pays-des-masques-avec-guida-bulha-safari-vocal-18-fevrier\\\/#breadcrumb\",\"itemListElement\":[{\"@type\":\"ListItem\",\"position\":1,\"name\":\"Accueil\",\"item\":\"https:\\\/\\\/www.inovallee.com\\\/\"},{\"@type\":\"ListItem\",\"position\":2,\"name\":\"Partez en voyage au pays des masques avec Guida Bulha Safari Vocal : 18 f\u00e9vrier\"}]},{\"@type\":\"WebSite\",\"@id\":\"https:\\\/\\\/www.inovallee.com\\\/#website\",\"url\":\"https:\\\/\\\/www.inovallee.com\\\/\",\"name\":\"inovall\u00e9e technopole, Home to software & smart technologies\",\"description\":\"Home to software &amp; smart technologies\",\"publisher\":{\"@id\":\"https:\\\/\\\/www.inovallee.com\\\/#organization\"},\"potentialAction\":[{\"@type\":\"SearchAction\",\"target\":{\"@type\":\"EntryPoint\",\"urlTemplate\":\"https:\\\/\\\/www.inovallee.com\\\/?s={search_term_string}\"},\"query-input\":{\"@type\":\"PropertyValueSpecification\",\"valueRequired\":true,\"valueName\":\"search_term_string\"}}],\"inLanguage\":\"en-GB\"},{\"@type\":\"Organization\",\"@id\":\"https:\\\/\\\/www.inovallee.com\\\/#organization\",\"name\":\"inovall\u00e9e\",\"url\":\"https:\\\/\\\/www.inovallee.com\\\/\",\"logo\":{\"@type\":\"ImageObject\",\"inLanguage\":\"en-GB\",\"@id\":\"https:\\\/\\\/www.inovallee.com\\\/#\\\/schema\\\/logo\\\/image\\\/\",\"url\":\"https:\\\/\\\/www.inovallee.com\\\/wp-content\\\/uploads\\\/2023\\\/08\\\/inovallee_2022_GrenobleAlpes.png\",\"contentUrl\":\"https:\\\/\\\/www.inovallee.com\\\/wp-content\\\/uploads\\\/2023\\\/08\\\/inovallee_2022_GrenobleAlpes.png\",\"width\":945,\"height\":369,\"caption\":\"inovall\u00e9e\"},\"image\":{\"@id\":\"https:\\\/\\\/www.inovallee.com\\\/#\\\/schema\\\/logo\\\/image\\\/\"},\"sameAs\":[\"https:\\\/\\\/www.facebook.com\\\/technopoleinovallee\\\/\",\"https:\\\/\\\/x.com\\\/inovallee\",\"https:\\\/\\\/www.linkedin.com\\\/company\\\/inovall-e\\\/\",\"https:\\\/\\\/www.youtube.com\\\/user\\\/inovallee?reload=9\"]},{\"@type\":\"Person\",\"@id\":\"https:\\\/\\\/www.inovallee.com\\\/#\\\/schema\\\/person\\\/a45b15518aad3111b2d61d257a3e023b\",\"name\":\"Inovallee\"}]}<\/script>\n<!-- \/ Yoast SEO plugin. -->","yoast_head_json":{"title":"Partez en voyage au pays des masques avec Guida Bulha Safari Vocal : 18 f\u00e9vrier - inovall\u00e9e","robots":{"index":"index","follow":"follow","max-snippet":"max-snippet:-1","max-image-preview":"max-image-preview:large","max-video-preview":"max-video-preview:-1"},"canonical":"https:\/\/www.inovallee.com\/en\/partez-en-voyage-au-pays-des-masques-avec-guida-bulha-safari-vocal-18-fevrier\/","og_locale":"en_GB","og_type":"article","og_title":"Partez en voyage au pays des masques avec Guida Bulha Safari Vocal : 18 f\u00e9vrier - inovall\u00e9e","og_description":"8 masques de la Commedia dell\u2019arte \u00e0 d\u00e9couvrir autrement. Du masque logique au masque cr\u00e9atif, une palette de personnages qui nous touchent par leur humanit\u00e9 et nous aident \u00e0 explorer nos ressources et \u00e0 communiquer autrement. Biblioth\u00e8que du haut-Meylan \u00e0 16h30.&nbsp;Entr\u00e9e libre &gt;&gt;&gt;&nbsp; En savoir plus&nbsp;","og_url":"https:\/\/www.inovallee.com\/en\/partez-en-voyage-au-pays-des-masques-avec-guida-bulha-safari-vocal-18-fevrier\/","og_site_name":"inovall\u00e9e","article_publisher":"https:\/\/www.facebook.com\/technopoleinovallee\/","article_published_time":"2013-02-20T15:13:00+00:00","og_image":[{"url":"http:\/\/2.bp.blogspot.com\/-ni3TrKHXl-0\/USTmtrjcMtI\/AAAAAAAAGKc\/4MPrcGelCVI\/s200\/masques_safari_vocal.PNG","type":"","width":"","height":""}],"author":"Inovallee","twitter_card":"summary_large_image","twitter_creator":"@inovallee","twitter_site":"@inovallee","twitter_misc":{"Written by":"Inovallee"},"schema":{"@context":"https:\/\/schema.org","@graph":[{"@type":"Article","@id":"https:\/\/www.inovallee.com\/partez-en-voyage-au-pays-des-masques-avec-guida-bulha-safari-vocal-18-fevrier\/#article","isPartOf":{"@id":"https:\/\/www.inovallee.com\/partez-en-voyage-au-pays-des-masques-avec-guida-bulha-safari-vocal-18-fevrier\/"},"author":{"name":"Inovallee","@id":"https:\/\/www.inovallee.com\/#\/schema\/person\/a45b15518aad3111b2d61d257a3e023b"},"headline":"Partez en voyage au pays des masques avec Guida Bulha Safari Vocal : 18 f\u00e9vrier","datePublished":"2013-02-20T15:13:00+00:00","mainEntityOfPage":{"@id":"https:\/\/www.inovallee.com\/partez-en-voyage-au-pays-des-masques-avec-guida-bulha-safari-vocal-18-fevrier\/"},"wordCount":66,"publisher":{"@id":"https:\/\/www.inovallee.com\/#organization"},"image":{"@id":"https:\/\/www.inovallee.com\/partez-en-voyage-au-pays-des-masques-avec-guida-bulha-safari-vocal-18-fevrier\/#primaryimage"},"thumbnailUrl":"http:\/\/2.bp.blogspot.com\/-ni3TrKHXl-0\/USTmtrjcMtI\/AAAAAAAAGKc\/4MPrcGelCVI\/s200\/masques_safari_vocal.PNG","articleSection":["Sucess stories des entreprises d'inovall\u00e9e"],"inLanguage":"en-GB"},{"@type":"WebPage","@id":"https:\/\/www.inovallee.com\/partez-en-voyage-au-pays-des-masques-avec-guida-bulha-safari-vocal-18-fevrier\/","url":"https:\/\/www.inovallee.com\/partez-en-voyage-au-pays-des-masques-avec-guida-bulha-safari-vocal-18-fevrier\/","name":"Partez en voyage au pays des masques avec Guida Bulha Safari Vocal : 18 f\u00e9vrier - inovall\u00e9e","isPartOf":{"@id":"https:\/\/www.inovallee.com\/#website"},"primaryImageOfPage":{"@id":"https:\/\/www.inovallee.com\/partez-en-voyage-au-pays-des-masques-avec-guida-bulha-safari-vocal-18-fevrier\/#primaryimage"},"image":{"@id":"https:\/\/www.inovallee.com\/partez-en-voyage-au-pays-des-masques-avec-guida-bulha-safari-vocal-18-fevrier\/#primaryimage"},"thumbnailUrl":"http:\/\/2.bp.blogspot.com\/-ni3TrKHXl-0\/USTmtrjcMtI\/AAAAAAAAGKc\/4MPrcGelCVI\/s200\/masques_safari_vocal.PNG","datePublished":"2013-02-20T15:13:00+00:00","breadcrumb":{"@id":"https:\/\/www.inovallee.com\/partez-en-voyage-au-pays-des-masques-avec-guida-bulha-safari-vocal-18-fevrier\/#breadcrumb"},"inLanguage":"en-GB","potentialAction":[{"@type":"ReadAction","target":["https:\/\/www.inovallee.com\/partez-en-voyage-au-pays-des-masques-avec-guida-bulha-safari-vocal-18-fevrier\/"]}]},{"@type":"ImageObject","inLanguage":"en-GB","@id":"https:\/\/www.inovallee.com\/partez-en-voyage-au-pays-des-masques-avec-guida-bulha-safari-vocal-18-fevrier\/#primaryimage","url":"http:\/\/2.bp.blogspot.com\/-ni3TrKHXl-0\/USTmtrjcMtI\/AAAAAAAAGKc\/4MPrcGelCVI\/s200\/masques_safari_vocal.PNG","contentUrl":"http:\/\/2.bp.blogspot.com\/-ni3TrKHXl-0\/USTmtrjcMtI\/AAAAAAAAGKc\/4MPrcGelCVI\/s200\/masques_safari_vocal.PNG"},{"@type":"BreadcrumbList","@id":"https:\/\/www.inovallee.com\/partez-en-voyage-au-pays-des-masques-avec-guida-bulha-safari-vocal-18-fevrier\/#breadcrumb","itemListElement":[{"@type":"ListItem","position":1,"name":"Accueil","item":"https:\/\/www.inovallee.com\/"},{"@type":"ListItem","position":2,"name":"Partez en voyage au pays des masques avec Guida Bulha Safari Vocal : 18 f\u00e9vrier"}]},{"@type":"WebSite","@id":"https:\/\/www.inovallee.com\/#website","url":"https:\/\/www.inovallee.com\/","name":"inovall\u00e9e technopole, Home to software & smart technologies","description":"Home to software &amp; smart technologies","publisher":{"@id":"https:\/\/www.inovallee.com\/#organization"},"potentialAction":[{"@type":"SearchAction","target":{"@type":"EntryPoint","urlTemplate":"https:\/\/www.inovallee.com\/?s={search_term_string}"},"query-input":{"@type":"PropertyValueSpecification","valueRequired":true,"valueName":"search_term_string"}}],"inLanguage":"en-GB"},{"@type":"Organization","@id":"https:\/\/www.inovallee.com\/#organization","name":"inovall\u00e9e","url":"https:\/\/www.inovallee.com\/","logo":{"@type":"ImageObject","inLanguage":"en-GB","@id":"https:\/\/www.inovallee.com\/#\/schema\/logo\/image\/","url":"https:\/\/www.inovallee.com\/wp-content\/uploads\/2023\/08\/inovallee_2022_GrenobleAlpes.png","contentUrl":"https:\/\/www.inovallee.com\/wp-content\/uploads\/2023\/08\/inovallee_2022_GrenobleAlpes.png","width":945,"height":369,"caption":"inovall\u00e9e"},"image":{"@id":"https:\/\/www.inovallee.com\/#\/schema\/logo\/image\/"},"sameAs":["https:\/\/www.facebook.com\/technopoleinovallee\/","https:\/\/x.com\/inovallee","https:\/\/www.linkedin.com\/company\/inovall-e\/","https:\/\/www.youtube.com\/user\/inovallee?reload=9"]},{"@type":"Person","@id":"https:\/\/www.inovallee.com\/#\/schema\/person\/a45b15518aad3111b2d61d257a3e023b","name":"Inovallee"}]}},"_links":{"self":[{"href":"https:\/\/www.inovallee.com\/en\/wp-json\/wp\/v2\/posts\/28173","targetHints":{"allow":["GET"]}}],"collection":[{"href":"https:\/\/www.inovallee.com\/en\/wp-json\/wp\/v2\/posts"}],"about":[{"href":"https:\/\/www.inovallee.com\/en\/wp-json\/wp\/v2\/types\/post"}],"author":[{"embeddable":true,"href":"https:\/\/www.inovallee.com\/en\/wp-json\/wp\/v2\/users\/6"}],"replies":[{"embeddable":true,"href":"https:\/\/www.inovallee.com\/en\/wp-json\/wp\/v2\/comments?post=28173"}],"version-history":[{"count":0,"href":"https:\/\/www.inovallee.com\/en\/wp-json\/wp\/v2\/posts\/28173\/revisions"}],"wp:attachment":[{"href":"https:\/\/www.inovallee.com\/en\/wp-json\/wp\/v2\/media?parent=28173"}],"wp:term":[{"taxonomy":"category","embeddable":true,"href":"https:\/\/www.inovallee.com\/en\/wp-json\/wp\/v2\/categories?post=28173"},{"taxonomy":"post_tag","embeddable":true,"href":"https:\/\/www.inovallee.com\/en\/wp-json\/wp\/v2\/tags?post=28173"}],"curies":[{"name":"wp","href":"https:\/\/api.w.org\/{rel}","templated":true}]}}