{"id":28411,"date":"2014-09-05T14:53:00","date_gmt":"2014-09-05T13:53:00","guid":{"rendered":"https:\/\/www.inovallee.com\/irlynx-selectionnee-pour-le-village-de-linnovation-sur-semicon-europa-2014\/"},"modified":"2014-09-05T14:53:00","modified_gmt":"2014-09-05T13:53:00","slug":"irlynx-selectionnee-pour-le-village-de-linnovation-sur-semicon-europa-2014","status":"publish","type":"post","link":"https:\/\/www.inovallee.com\/en\/irlynx-selectionnee-pour-le-village-de-linnovation-sur-semicon-europa-2014\/","title":{"rendered":"Irlynx s\u00e9lectionn\u00e9e pour le village de l&#039;innovation sur Semicon Europa 2014 !"},"content":{"rendered":"<div dir=\"ltr\" style=\"text-align: left;\">\n<div style=\"clear: both; text-align: center;\"><a href=\"http:\/\/1.bp.blogspot.com\/-Fq0mUUU_Fts\/U_sA_Lm-iJI\/AAAAAAAAMrw\/u2zG9embJ5s\/s1600\/irlynx.jpg\" style=\"clear: left; float: left; margin-bottom: 1em; margin-right: 1em;\"><img fetchpriority=\"high\" decoding=\"async\" border=\"0\" src=\"http:\/\/1.bp.blogspot.com\/-Fq0mUUU_Fts\/U_sA_Lm-iJI\/AAAAAAAAMrw\/u2zG9embJ5s\/s1600\/irlynx.jpg\" height=\"203\" width=\"320\" \/><\/a><\/div>\n<p>Grenoble accueille du 7 au 9 octobre prochain le salon international Semicon Europa 201, qui rassemblera sur 3 jours plus de 400 entreprises de l&rsquo;industrie du semi-conducteur. Parmi elles, 30 start-up prometteuses pr\u00e9senteront des innovations de rupture sur le village de l&rsquo;innovation, dont la start-up Irlynx, qui a \u00e9t\u00e9 retenue \u00e0 l&rsquo;issue d&rsquo;un processus de s\u00e9lection draconien compos\u00e9 des plus grands fonds d&rsquo;investissement. Elle y pr\u00e9sentera son module opto-\u00e9lectronique \u00e0 infra-rouge lointain destin\u00e9 \u00e0 la d\u00e9tection et la caract\u00e9risation de l&rsquo;activit\u00e9 humaine, pour des applications aussi diverses que la s\u00e9curit\u00e9, le b\u00e2timent intelligent ou le maintien des personnes \u00e2g\u00e9es \u00e0 domicile. Plus de 6000 visiteurs sont attendus sur le salon.<br \/><a href=\"http:\/\/irlynx.com\/blog\/2014\/09\/05\/come-and-visit-irlynx-at-semicon-europa-2014-exhibition-in-grenoble-oct-7-9th\/\" target=\"_blank\" rel=\"noopener noreferrer\">En savoir plus<\/a><\/div>","protected":false},"excerpt":{"rendered":"<p>Grenoble accueille du 7 au 9 octobre prochain le salon international Semicon Europa 201, qui rassemblera sur 3 jours plus de 400 entreprises de l&rsquo;industrie du semi-conducteur. Parmi elles, 30 start-up prometteuses pr\u00e9senteront des innovations de rupture sur le village de l&rsquo;innovation, dont la start-up Irlynx, qui a \u00e9t\u00e9 retenue \u00e0 l&rsquo;issue d&rsquo;un processus de [&hellip;]<\/p>\n","protected":false},"author":6,"featured_media":0,"comment_status":"closed","ping_status":"open","sticky":false,"template":"","format":"standard","meta":{"footnotes":""},"categories":[45],"tags":[],"class_list":["post-28411","post","type-post","status-publish","format-standard","hentry","category-startup-tarmac"],"yoast_head":"<!-- This site is optimized with the Yoast SEO plugin v27.4 - https:\/\/yoast.com\/product\/yoast-seo-wordpress\/ -->\n<title>Irlynx s\u00e9lectionn\u00e9e pour le village de l&#039;innovation sur Semicon Europa 2014 ! - inovall\u00e9e<\/title>\n<meta name=\"robots\" content=\"index, follow, max-snippet:-1, max-image-preview:large, max-video-preview:-1\" \/>\n<link rel=\"canonical\" href=\"https:\/\/www.inovallee.com\/en\/irlynx-selectionnee-pour-le-village-de-linnovation-sur-semicon-europa-2014\/\" \/>\n<meta property=\"og:locale\" content=\"en_GB\" \/>\n<meta property=\"og:type\" content=\"article\" \/>\n<meta property=\"og:title\" content=\"Irlynx s\u00e9lectionn\u00e9e pour le village de l&#039;innovation sur Semicon Europa 2014 ! - inovall\u00e9e\" \/>\n<meta property=\"og:description\" content=\"Grenoble accueille du 7 au 9 octobre prochain le salon international Semicon Europa 201, qui rassemblera sur 3 jours plus de 400 entreprises de l&rsquo;industrie du semi-conducteur. Parmi elles, 30 start-up prometteuses pr\u00e9senteront des innovations de rupture sur le village de l&rsquo;innovation, dont la start-up Irlynx, qui a \u00e9t\u00e9 retenue \u00e0 l&rsquo;issue d&rsquo;un processus de [&hellip;]\" \/>\n<meta property=\"og:url\" content=\"https:\/\/www.inovallee.com\/en\/irlynx-selectionnee-pour-le-village-de-linnovation-sur-semicon-europa-2014\/\" \/>\n<meta property=\"og:site_name\" content=\"inovall\u00e9e\" \/>\n<meta property=\"article:publisher\" content=\"https:\/\/www.facebook.com\/technopoleinovallee\/\" \/>\n<meta property=\"article:published_time\" content=\"2014-09-05T13:53:00+00:00\" \/>\n<meta property=\"og:image\" content=\"http:\/\/1.bp.blogspot.com\/-Fq0mUUU_Fts\/U_sA_Lm-iJI\/AAAAAAAAMrw\/u2zG9embJ5s\/s1600\/irlynx.jpg\" \/>\n<meta name=\"author\" content=\"Inovallee\" \/>\n<meta name=\"twitter:card\" content=\"summary_large_image\" \/>\n<meta name=\"twitter:creator\" content=\"@inovallee\" \/>\n<meta name=\"twitter:site\" content=\"@inovallee\" \/>\n<meta name=\"twitter:label1\" content=\"Written by\" \/>\n\t<meta name=\"twitter:data1\" content=\"Inovallee\" \/>\n\t<meta name=\"twitter:label2\" content=\"Estimated reading time\" \/>\n\t<meta name=\"twitter:data2\" content=\"1 minute\" \/>\n<script type=\"application\/ld+json\" class=\"yoast-schema-graph\">{\"@context\":\"https:\\\/\\\/schema.org\",\"@graph\":[{\"@type\":\"Article\",\"@id\":\"https:\\\/\\\/www.inovallee.com\\\/irlynx-selectionnee-pour-le-village-de-linnovation-sur-semicon-europa-2014\\\/#article\",\"isPartOf\":{\"@id\":\"https:\\\/\\\/www.inovallee.com\\\/irlynx-selectionnee-pour-le-village-de-linnovation-sur-semicon-europa-2014\\\/\"},\"author\":{\"name\":\"Inovallee\",\"@id\":\"https:\\\/\\\/www.inovallee.com\\\/#\\\/schema\\\/person\\\/a45b15518aad3111b2d61d257a3e023b\"},\"headline\":\"Irlynx s\u00e9lectionn\u00e9e pour le village de l&#039;innovation sur Semicon Europa 2014 !\",\"datePublished\":\"2014-09-05T13:53:00+00:00\",\"mainEntityOfPage\":{\"@id\":\"https:\\\/\\\/www.inovallee.com\\\/irlynx-selectionnee-pour-le-village-de-linnovation-sur-semicon-europa-2014\\\/\"},\"wordCount\":130,\"publisher\":{\"@id\":\"https:\\\/\\\/www.inovallee.com\\\/#organization\"},\"image\":{\"@id\":\"https:\\\/\\\/www.inovallee.com\\\/irlynx-selectionnee-pour-le-village-de-linnovation-sur-semicon-europa-2014\\\/#primaryimage\"},\"thumbnailUrl\":\"http:\\\/\\\/1.bp.blogspot.com\\\/-Fq0mUUU_Fts\\\/U_sA_Lm-iJI\\\/AAAAAAAAMrw\\\/u2zG9embJ5s\\\/s1600\\\/irlynx.jpg\",\"articleSection\":[\"L'\u00e9cho des startups du Tarmac\"],\"inLanguage\":\"en-GB\"},{\"@type\":\"WebPage\",\"@id\":\"https:\\\/\\\/www.inovallee.com\\\/irlynx-selectionnee-pour-le-village-de-linnovation-sur-semicon-europa-2014\\\/\",\"url\":\"https:\\\/\\\/www.inovallee.com\\\/irlynx-selectionnee-pour-le-village-de-linnovation-sur-semicon-europa-2014\\\/\",\"name\":\"Irlynx s\u00e9lectionn\u00e9e pour le village de l&#039;innovation sur Semicon Europa 2014 ! - inovall\u00e9e\",\"isPartOf\":{\"@id\":\"https:\\\/\\\/www.inovallee.com\\\/#website\"},\"primaryImageOfPage\":{\"@id\":\"https:\\\/\\\/www.inovallee.com\\\/irlynx-selectionnee-pour-le-village-de-linnovation-sur-semicon-europa-2014\\\/#primaryimage\"},\"image\":{\"@id\":\"https:\\\/\\\/www.inovallee.com\\\/irlynx-selectionnee-pour-le-village-de-linnovation-sur-semicon-europa-2014\\\/#primaryimage\"},\"thumbnailUrl\":\"http:\\\/\\\/1.bp.blogspot.com\\\/-Fq0mUUU_Fts\\\/U_sA_Lm-iJI\\\/AAAAAAAAMrw\\\/u2zG9embJ5s\\\/s1600\\\/irlynx.jpg\",\"datePublished\":\"2014-09-05T13:53:00+00:00\",\"breadcrumb\":{\"@id\":\"https:\\\/\\\/www.inovallee.com\\\/irlynx-selectionnee-pour-le-village-de-linnovation-sur-semicon-europa-2014\\\/#breadcrumb\"},\"inLanguage\":\"en-GB\",\"potentialAction\":[{\"@type\":\"ReadAction\",\"target\":[\"https:\\\/\\\/www.inovallee.com\\\/irlynx-selectionnee-pour-le-village-de-linnovation-sur-semicon-europa-2014\\\/\"]}]},{\"@type\":\"ImageObject\",\"inLanguage\":\"en-GB\",\"@id\":\"https:\\\/\\\/www.inovallee.com\\\/irlynx-selectionnee-pour-le-village-de-linnovation-sur-semicon-europa-2014\\\/#primaryimage\",\"url\":\"http:\\\/\\\/1.bp.blogspot.com\\\/-Fq0mUUU_Fts\\\/U_sA_Lm-iJI\\\/AAAAAAAAMrw\\\/u2zG9embJ5s\\\/s1600\\\/irlynx.jpg\",\"contentUrl\":\"http:\\\/\\\/1.bp.blogspot.com\\\/-Fq0mUUU_Fts\\\/U_sA_Lm-iJI\\\/AAAAAAAAMrw\\\/u2zG9embJ5s\\\/s1600\\\/irlynx.jpg\"},{\"@type\":\"BreadcrumbList\",\"@id\":\"https:\\\/\\\/www.inovallee.com\\\/irlynx-selectionnee-pour-le-village-de-linnovation-sur-semicon-europa-2014\\\/#breadcrumb\",\"itemListElement\":[{\"@type\":\"ListItem\",\"position\":1,\"name\":\"Accueil\",\"item\":\"https:\\\/\\\/www.inovallee.com\\\/\"},{\"@type\":\"ListItem\",\"position\":2,\"name\":\"Irlynx s\u00e9lectionn\u00e9e pour le village de l&#039;innovation sur Semicon Europa 2014 !\"}]},{\"@type\":\"WebSite\",\"@id\":\"https:\\\/\\\/www.inovallee.com\\\/#website\",\"url\":\"https:\\\/\\\/www.inovallee.com\\\/\",\"name\":\"inovall\u00e9e technopole, Home to software & smart technologies\",\"description\":\"Home to software &amp; smart technologies\",\"publisher\":{\"@id\":\"https:\\\/\\\/www.inovallee.com\\\/#organization\"},\"potentialAction\":[{\"@type\":\"SearchAction\",\"target\":{\"@type\":\"EntryPoint\",\"urlTemplate\":\"https:\\\/\\\/www.inovallee.com\\\/?s={search_term_string}\"},\"query-input\":{\"@type\":\"PropertyValueSpecification\",\"valueRequired\":true,\"valueName\":\"search_term_string\"}}],\"inLanguage\":\"en-GB\"},{\"@type\":\"Organization\",\"@id\":\"https:\\\/\\\/www.inovallee.com\\\/#organization\",\"name\":\"inovall\u00e9e\",\"url\":\"https:\\\/\\\/www.inovallee.com\\\/\",\"logo\":{\"@type\":\"ImageObject\",\"inLanguage\":\"en-GB\",\"@id\":\"https:\\\/\\\/www.inovallee.com\\\/#\\\/schema\\\/logo\\\/image\\\/\",\"url\":\"https:\\\/\\\/www.inovallee.com\\\/wp-content\\\/uploads\\\/2023\\\/08\\\/inovallee_2022_GrenobleAlpes.png\",\"contentUrl\":\"https:\\\/\\\/www.inovallee.com\\\/wp-content\\\/uploads\\\/2023\\\/08\\\/inovallee_2022_GrenobleAlpes.png\",\"width\":945,\"height\":369,\"caption\":\"inovall\u00e9e\"},\"image\":{\"@id\":\"https:\\\/\\\/www.inovallee.com\\\/#\\\/schema\\\/logo\\\/image\\\/\"},\"sameAs\":[\"https:\\\/\\\/www.facebook.com\\\/technopoleinovallee\\\/\",\"https:\\\/\\\/x.com\\\/inovallee\",\"https:\\\/\\\/www.linkedin.com\\\/company\\\/inovall-e\\\/\",\"https:\\\/\\\/www.youtube.com\\\/user\\\/inovallee?reload=9\"]},{\"@type\":\"Person\",\"@id\":\"https:\\\/\\\/www.inovallee.com\\\/#\\\/schema\\\/person\\\/a45b15518aad3111b2d61d257a3e023b\",\"name\":\"Inovallee\"}]}<\/script>\n<!-- \/ Yoast SEO plugin. -->","yoast_head_json":{"title":"Irlynx s\u00e9lectionn\u00e9e pour le village de l&#039;innovation sur Semicon Europa 2014 ! - inovall\u00e9e","robots":{"index":"index","follow":"follow","max-snippet":"max-snippet:-1","max-image-preview":"max-image-preview:large","max-video-preview":"max-video-preview:-1"},"canonical":"https:\/\/www.inovallee.com\/en\/irlynx-selectionnee-pour-le-village-de-linnovation-sur-semicon-europa-2014\/","og_locale":"en_GB","og_type":"article","og_title":"Irlynx s\u00e9lectionn\u00e9e pour le village de l&#039;innovation sur Semicon Europa 2014 ! - inovall\u00e9e","og_description":"Grenoble accueille du 7 au 9 octobre prochain le salon international Semicon Europa 201, qui rassemblera sur 3 jours plus de 400 entreprises de l&rsquo;industrie du semi-conducteur. Parmi elles, 30 start-up prometteuses pr\u00e9senteront des innovations de rupture sur le village de l&rsquo;innovation, dont la start-up Irlynx, qui a \u00e9t\u00e9 retenue \u00e0 l&rsquo;issue d&rsquo;un processus de [&hellip;]","og_url":"https:\/\/www.inovallee.com\/en\/irlynx-selectionnee-pour-le-village-de-linnovation-sur-semicon-europa-2014\/","og_site_name":"inovall\u00e9e","article_publisher":"https:\/\/www.facebook.com\/technopoleinovallee\/","article_published_time":"2014-09-05T13:53:00+00:00","og_image":[{"url":"http:\/\/1.bp.blogspot.com\/-Fq0mUUU_Fts\/U_sA_Lm-iJI\/AAAAAAAAMrw\/u2zG9embJ5s\/s1600\/irlynx.jpg","type":"","width":"","height":""}],"author":"Inovallee","twitter_card":"summary_large_image","twitter_creator":"@inovallee","twitter_site":"@inovallee","twitter_misc":{"Written by":"Inovallee","Estimated reading time":"1 minute"},"schema":{"@context":"https:\/\/schema.org","@graph":[{"@type":"Article","@id":"https:\/\/www.inovallee.com\/irlynx-selectionnee-pour-le-village-de-linnovation-sur-semicon-europa-2014\/#article","isPartOf":{"@id":"https:\/\/www.inovallee.com\/irlynx-selectionnee-pour-le-village-de-linnovation-sur-semicon-europa-2014\/"},"author":{"name":"Inovallee","@id":"https:\/\/www.inovallee.com\/#\/schema\/person\/a45b15518aad3111b2d61d257a3e023b"},"headline":"Irlynx s\u00e9lectionn\u00e9e pour le village de l&#039;innovation sur Semicon Europa 2014 !","datePublished":"2014-09-05T13:53:00+00:00","mainEntityOfPage":{"@id":"https:\/\/www.inovallee.com\/irlynx-selectionnee-pour-le-village-de-linnovation-sur-semicon-europa-2014\/"},"wordCount":130,"publisher":{"@id":"https:\/\/www.inovallee.com\/#organization"},"image":{"@id":"https:\/\/www.inovallee.com\/irlynx-selectionnee-pour-le-village-de-linnovation-sur-semicon-europa-2014\/#primaryimage"},"thumbnailUrl":"http:\/\/1.bp.blogspot.com\/-Fq0mUUU_Fts\/U_sA_Lm-iJI\/AAAAAAAAMrw\/u2zG9embJ5s\/s1600\/irlynx.jpg","articleSection":["L'\u00e9cho des startups du Tarmac"],"inLanguage":"en-GB"},{"@type":"WebPage","@id":"https:\/\/www.inovallee.com\/irlynx-selectionnee-pour-le-village-de-linnovation-sur-semicon-europa-2014\/","url":"https:\/\/www.inovallee.com\/irlynx-selectionnee-pour-le-village-de-linnovation-sur-semicon-europa-2014\/","name":"Irlynx s\u00e9lectionn\u00e9e pour le village de l&#039;innovation sur Semicon Europa 2014 ! - inovall\u00e9e","isPartOf":{"@id":"https:\/\/www.inovallee.com\/#website"},"primaryImageOfPage":{"@id":"https:\/\/www.inovallee.com\/irlynx-selectionnee-pour-le-village-de-linnovation-sur-semicon-europa-2014\/#primaryimage"},"image":{"@id":"https:\/\/www.inovallee.com\/irlynx-selectionnee-pour-le-village-de-linnovation-sur-semicon-europa-2014\/#primaryimage"},"thumbnailUrl":"http:\/\/1.bp.blogspot.com\/-Fq0mUUU_Fts\/U_sA_Lm-iJI\/AAAAAAAAMrw\/u2zG9embJ5s\/s1600\/irlynx.jpg","datePublished":"2014-09-05T13:53:00+00:00","breadcrumb":{"@id":"https:\/\/www.inovallee.com\/irlynx-selectionnee-pour-le-village-de-linnovation-sur-semicon-europa-2014\/#breadcrumb"},"inLanguage":"en-GB","potentialAction":[{"@type":"ReadAction","target":["https:\/\/www.inovallee.com\/irlynx-selectionnee-pour-le-village-de-linnovation-sur-semicon-europa-2014\/"]}]},{"@type":"ImageObject","inLanguage":"en-GB","@id":"https:\/\/www.inovallee.com\/irlynx-selectionnee-pour-le-village-de-linnovation-sur-semicon-europa-2014\/#primaryimage","url":"http:\/\/1.bp.blogspot.com\/-Fq0mUUU_Fts\/U_sA_Lm-iJI\/AAAAAAAAMrw\/u2zG9embJ5s\/s1600\/irlynx.jpg","contentUrl":"http:\/\/1.bp.blogspot.com\/-Fq0mUUU_Fts\/U_sA_Lm-iJI\/AAAAAAAAMrw\/u2zG9embJ5s\/s1600\/irlynx.jpg"},{"@type":"BreadcrumbList","@id":"https:\/\/www.inovallee.com\/irlynx-selectionnee-pour-le-village-de-linnovation-sur-semicon-europa-2014\/#breadcrumb","itemListElement":[{"@type":"ListItem","position":1,"name":"Accueil","item":"https:\/\/www.inovallee.com\/"},{"@type":"ListItem","position":2,"name":"Irlynx s\u00e9lectionn\u00e9e pour le village de l&#039;innovation sur Semicon Europa 2014 !"}]},{"@type":"WebSite","@id":"https:\/\/www.inovallee.com\/#website","url":"https:\/\/www.inovallee.com\/","name":"inovall\u00e9e technopole, Home to software & smart technologies","description":"Home to software &amp; smart technologies","publisher":{"@id":"https:\/\/www.inovallee.com\/#organization"},"potentialAction":[{"@type":"SearchAction","target":{"@type":"EntryPoint","urlTemplate":"https:\/\/www.inovallee.com\/?s={search_term_string}"},"query-input":{"@type":"PropertyValueSpecification","valueRequired":true,"valueName":"search_term_string"}}],"inLanguage":"en-GB"},{"@type":"Organization","@id":"https:\/\/www.inovallee.com\/#organization","name":"inovall\u00e9e","url":"https:\/\/www.inovallee.com\/","logo":{"@type":"ImageObject","inLanguage":"en-GB","@id":"https:\/\/www.inovallee.com\/#\/schema\/logo\/image\/","url":"https:\/\/www.inovallee.com\/wp-content\/uploads\/2023\/08\/inovallee_2022_GrenobleAlpes.png","contentUrl":"https:\/\/www.inovallee.com\/wp-content\/uploads\/2023\/08\/inovallee_2022_GrenobleAlpes.png","width":945,"height":369,"caption":"inovall\u00e9e"},"image":{"@id":"https:\/\/www.inovallee.com\/#\/schema\/logo\/image\/"},"sameAs":["https:\/\/www.facebook.com\/technopoleinovallee\/","https:\/\/x.com\/inovallee","https:\/\/www.linkedin.com\/company\/inovall-e\/","https:\/\/www.youtube.com\/user\/inovallee?reload=9"]},{"@type":"Person","@id":"https:\/\/www.inovallee.com\/#\/schema\/person\/a45b15518aad3111b2d61d257a3e023b","name":"Inovallee"}]}},"_links":{"self":[{"href":"https:\/\/www.inovallee.com\/en\/wp-json\/wp\/v2\/posts\/28411","targetHints":{"allow":["GET"]}}],"collection":[{"href":"https:\/\/www.inovallee.com\/en\/wp-json\/wp\/v2\/posts"}],"about":[{"href":"https:\/\/www.inovallee.com\/en\/wp-json\/wp\/v2\/types\/post"}],"author":[{"embeddable":true,"href":"https:\/\/www.inovallee.com\/en\/wp-json\/wp\/v2\/users\/6"}],"replies":[{"embeddable":true,"href":"https:\/\/www.inovallee.com\/en\/wp-json\/wp\/v2\/comments?post=28411"}],"version-history":[{"count":0,"href":"https:\/\/www.inovallee.com\/en\/wp-json\/wp\/v2\/posts\/28411\/revisions"}],"wp:attachment":[{"href":"https:\/\/www.inovallee.com\/en\/wp-json\/wp\/v2\/media?parent=28411"}],"wp:term":[{"taxonomy":"category","embeddable":true,"href":"https:\/\/www.inovallee.com\/en\/wp-json\/wp\/v2\/categories?post=28411"},{"taxonomy":"post_tag","embeddable":true,"href":"https:\/\/www.inovallee.com\/en\/wp-json\/wp\/v2\/tags?post=28411"}],"curies":[{"name":"wp","href":"https:\/\/api.w.org\/{rel}","templated":true}]}}