{"id":28413,"date":"2014-08-28T18:56:00","date_gmt":"2014-08-28T17:56:00","guid":{"rendered":"https:\/\/www.inovallee.com\/faire-un-studio-un-bureau-et-une-mini-creche-dans-23-m%c2%b2-elementesque-ne-savait-pas-que-cetait-impossible-alors-elle-la-fait\/"},"modified":"2014-08-28T18:56:00","modified_gmt":"2014-08-28T17:56:00","slug":"faire-un-studio-un-bureau-et-une-mini-creche-dans-23-m%c2%b2-elementesque-ne-savait-pas-que-cetait-impossible-alors-elle-la-fait","status":"publish","type":"post","link":"https:\/\/www.inovallee.com\/en\/faire-un-studio-un-bureau-et-une-mini-creche-dans-23-m%c2%b2-elementesque-ne-savait-pas-que-cetait-impossible-alors-elle-la-fait\/","title":{"rendered":"Faire un studio, un bureau et une mini-cr\u00e8che dans 23 m\u00b2 ? Elementesque ne savait pas que c&#039;\u00e9tait impossible, alors elle l&#039;a fait !"},"content":{"rendered":"<div dir=\"ltr\" style=\"text-align: left;\">\n<div style=\"clear: both; text-align: center;\"><a href=\"http:\/\/blog.elementesque.fr\/wordpress\/wp-content\/uploads\/2014\/07\/Vue_en_3D_des_amenagements_bureau_studio_cabane3.png\" style=\"clear: left; float: left; margin-bottom: 1em; margin-right: 1em;\"><img fetchpriority=\"high\" decoding=\"async\" border=\"0\" src=\"http:\/\/blog.elementesque.fr\/wordpress\/wp-content\/uploads\/2014\/07\/Vue_en_3D_des_amenagements_bureau_studio_cabane3.png\" height=\"204\" width=\"320\" \/><\/a><\/div>\n<p>Actuellement, l\u2019agence du Tarmac Elementesque finalise les travaux d\u2019un studio un peu sp\u00e9cial.  Situ\u00e9 pr\u00e8s de Grenoble, sur le plateau des Petites Roches, cet espace est une d\u00e9pendance d\u2019une r\u00e9sidence particuli\u00e8re. Ce studio, qui n\u2019\u00e9tait jusqu\u2019\u00e0 aujourd\u2019hui pas utilis\u00e9, va proposer \u00e0 terme trois fonctions sur 23m\u00b2 de surface : un bureau de travail, un espacve de vill\u00e9giature et, petit bonus, une mini cr\u00e8che d&rsquo;entreprise !<br \/>La propri\u00e9taire, qui exerce une activit\u00e9 professionnelle en lib\u00e9ral, avait besoin d\u2019un espace d\u00e9di\u00e9 qui lui permette de travailler en dehors de la maison, sans pour autant s\u2019en \u00e9loigner. Il fallait donc am\u00e9nager un v\u00e9ritable espace de travail, agr\u00e9able, fonctionnel o\u00f9 elle pourrait enfin ranger ses dossiers.Les propri\u00e9taires souhaitaient pouvoir leur famille pendant les vacances dans les meilleurs conditions. Il fallait donc que l\u2019espace puisse accueillir une famille de trois \u00e0 cinq personnes sans remettre en cause l\u2019am\u00e9nagement de l\u2019espace bureau.<\/p>\n<div style=\"clear: both; text-align: center;\"><a href=\"http:\/\/blog.elementesque.fr\/wordpress\/wp-content\/uploads\/2014\/07\/bois-et-mat%C3%A9riaux-clair-290x290.png\" style=\"clear: left; float: left; margin-bottom: 1em; margin-right: 1em;\"><img decoding=\"async\" border=\"0\" src=\"http:\/\/blog.elementesque.fr\/wordpress\/wp-content\/uploads\/2014\/07\/bois-et-mat%C3%A9riaux-clair-290x290.png\" \/><\/a><\/div>\n<p>\u00ab\u00a0A l\u2019origine, nos clients nous avaient demand\u00e9 d\u2019am\u00e9nager l\u2019espace en bureau pouvant servir \u00e0 l\u2019occasion d\u2019espace pour la famille en vacances. Mais apr\u00e8s notre premier entretien avec la petite famille, un autre besoin nous est apparu comme une \u00e9vidence.  En les \u00e9coutant parler de leur quotidien, mais aussi de leur histoire, il nous est venu \u00e0 l\u2019id\u00e9e que l\u2019espace de la mezzanine pourrait \u00eatre occup\u00e9 de mani\u00e8re plus fonctionnelle et surtout bien plus facilitante au quotidien.  Nous avons vu que la jeune propri\u00e9taire, \u00e9galement maman d\u2019un b\u00e9b\u00e9, avait besoin d\u2019un espace \u00e0 part pour exercer son activit\u00e9 ind\u00e9pendante. Une des raisons qui a motiv\u00e9 ce mode d\u2019exercice, c\u2019est la possibilit\u00e9 d\u2019adapter son activit\u00e9 professionnelle \u00e0 sa vie familiale sur le long terme. Un enfant malade? Les vacances scolaires qui se profilent? C\u2019est plus facile d\u2019adapter sa fa\u00e7on de travailler si Maman est son propre patron et qu\u2019elle travaille \u00e0 la maison. D\u00e8s lors, nous avons propos\u00e9 \u00e0 la petite famille une nouvelle fonction pour le studio : une mini-cr\u00e8che d\u2019entreprise!\u00a0\u00bb, souligne Mallory Sperandio.<br \/>Et hop, la mezzanine devient une petite cabane en hauteur, o\u00f9 l\u2019enfant peut jouer au calme, faire une sieste\u2026 Un espace de jeu et de vie, s\u00e9curis\u00e9 et prot\u00e9g\u00e9 pour les enfants de la famille, qui pourront s\u2019y r\u00e9fugier lorsqu\u2019ils auront besoin de rester \u00e0 la maison tandis que Maman doit travailler. La famille, et notamment la maman, a tout de suite adopt\u00e9 ce nouveau concept, au point qu\u2019il devienne prioritaire sur la liste des am\u00e9nagements !<\/p>\n<p>Et voil\u00e0 le travail :<br \/><a href=\"http:\/\/blog.elementesque.fr\/wordpress\/wp-content\/uploads\/2014\/07\/P7050718-290x290.jpg\" style=\"clear: left; float: left; margin-bottom: 1em; margin-right: 1em;\"><img decoding=\"async\" border=\"0\" src=\"http:\/\/blog.elementesque.fr\/wordpress\/wp-content\/uploads\/2014\/07\/P7050718-290x290.jpg\" \/><\/a> <br \/>&nbsp; <\/div>","protected":false},"excerpt":{"rendered":"<p>Actuellement, l\u2019agence du Tarmac Elementesque finalise les travaux d\u2019un studio un peu sp\u00e9cial. Situ\u00e9 pr\u00e8s de Grenoble, sur le plateau des Petites Roches, cet espace est une d\u00e9pendance d\u2019une r\u00e9sidence particuli\u00e8re. Ce studio, qui n\u2019\u00e9tait jusqu\u2019\u00e0 aujourd\u2019hui pas utilis\u00e9, va proposer \u00e0 terme trois fonctions sur 23m\u00b2 de surface : un bureau de travail, un [&hellip;]<\/p>\n","protected":false},"author":6,"featured_media":0,"comment_status":"closed","ping_status":"open","sticky":false,"template":"","format":"standard","meta":{"footnotes":""},"categories":[45],"tags":[],"class_list":["post-28413","post","type-post","status-publish","format-standard","hentry","category-startup-tarmac"],"yoast_head":"<!-- This site is optimized with the Yoast SEO plugin v27.4 - https:\/\/yoast.com\/product\/yoast-seo-wordpress\/ -->\n<title>Faire un studio, un bureau et une mini-cr\u00e8che dans 23 m\u00b2 ? Elementesque ne savait pas que c&#039;\u00e9tait impossible, alors elle l&#039;a fait ! - inovall\u00e9e<\/title>\n<meta name=\"robots\" content=\"index, follow, max-snippet:-1, max-image-preview:large, max-video-preview:-1\" \/>\n<link rel=\"canonical\" href=\"https:\/\/www.inovallee.com\/en\/faire-un-studio-un-bureau-et-une-mini-creche-dans-23-m\u00b2-elementesque-ne-savait-pas-que-cetait-impossible-alors-elle-la-fait\/\" \/>\n<meta property=\"og:locale\" content=\"en_GB\" \/>\n<meta property=\"og:type\" content=\"article\" \/>\n<meta property=\"og:title\" content=\"Faire un studio, un bureau et une mini-cr\u00e8che dans 23 m\u00b2 ? Elementesque ne savait pas que c&#039;\u00e9tait impossible, alors elle l&#039;a fait ! - inovall\u00e9e\" \/>\n<meta property=\"og:description\" content=\"Actuellement, l\u2019agence du Tarmac Elementesque finalise les travaux d\u2019un studio un peu sp\u00e9cial. Situ\u00e9 pr\u00e8s de Grenoble, sur le plateau des Petites Roches, cet espace est une d\u00e9pendance d\u2019une r\u00e9sidence particuli\u00e8re. Ce studio, qui n\u2019\u00e9tait jusqu\u2019\u00e0 aujourd\u2019hui pas utilis\u00e9, va proposer \u00e0 terme trois fonctions sur 23m\u00b2 de surface : un bureau de travail, un [&hellip;]\" \/>\n<meta property=\"og:url\" content=\"https:\/\/www.inovallee.com\/en\/faire-un-studio-un-bureau-et-une-mini-creche-dans-23-m\u00b2-elementesque-ne-savait-pas-que-cetait-impossible-alors-elle-la-fait\/\" \/>\n<meta property=\"og:site_name\" content=\"inovall\u00e9e\" \/>\n<meta property=\"article:publisher\" content=\"https:\/\/www.facebook.com\/technopoleinovallee\/\" \/>\n<meta property=\"article:published_time\" content=\"2014-08-28T17:56:00+00:00\" \/>\n<meta property=\"og:image\" content=\"http:\/\/blog.elementesque.fr\/wordpress\/wp-content\/uploads\/2014\/07\/Vue_en_3D_des_amenagements_bureau_studio_cabane3.png\" \/>\n<meta name=\"author\" content=\"Inovallee\" \/>\n<meta name=\"twitter:card\" content=\"summary_large_image\" \/>\n<meta name=\"twitter:creator\" content=\"@inovallee\" \/>\n<meta name=\"twitter:site\" content=\"@inovallee\" \/>\n<meta name=\"twitter:label1\" content=\"Written by\" \/>\n\t<meta name=\"twitter:data1\" content=\"Inovallee\" \/>\n\t<meta name=\"twitter:label2\" content=\"Estimated reading time\" \/>\n\t<meta name=\"twitter:data2\" content=\"2 minutes\" \/>\n<script type=\"application\/ld+json\" class=\"yoast-schema-graph\">{\"@context\":\"https:\\\/\\\/schema.org\",\"@graph\":[{\"@type\":\"Article\",\"@id\":\"https:\\\/\\\/www.inovallee.com\\\/faire-un-studio-un-bureau-et-une-mini-creche-dans-23-m%c2%b2-elementesque-ne-savait-pas-que-cetait-impossible-alors-elle-la-fait\\\/#article\",\"isPartOf\":{\"@id\":\"https:\\\/\\\/www.inovallee.com\\\/faire-un-studio-un-bureau-et-une-mini-creche-dans-23-m%c2%b2-elementesque-ne-savait-pas-que-cetait-impossible-alors-elle-la-fait\\\/\"},\"author\":{\"name\":\"Inovallee\",\"@id\":\"https:\\\/\\\/www.inovallee.com\\\/#\\\/schema\\\/person\\\/a45b15518aad3111b2d61d257a3e023b\"},\"headline\":\"Faire un studio, un bureau et une mini-cr\u00e8che dans 23 m\u00b2 ? Elementesque ne savait pas que c&#039;\u00e9tait impossible, alors elle l&#039;a fait !\",\"datePublished\":\"2014-08-28T17:56:00+00:00\",\"mainEntityOfPage\":{\"@id\":\"https:\\\/\\\/www.inovallee.com\\\/faire-un-studio-un-bureau-et-une-mini-creche-dans-23-m%c2%b2-elementesque-ne-savait-pas-que-cetait-impossible-alors-elle-la-fait\\\/\"},\"wordCount\":474,\"publisher\":{\"@id\":\"https:\\\/\\\/www.inovallee.com\\\/#organization\"},\"image\":{\"@id\":\"https:\\\/\\\/www.inovallee.com\\\/faire-un-studio-un-bureau-et-une-mini-creche-dans-23-m%c2%b2-elementesque-ne-savait-pas-que-cetait-impossible-alors-elle-la-fait\\\/#primaryimage\"},\"thumbnailUrl\":\"http:\\\/\\\/blog.elementesque.fr\\\/wordpress\\\/wp-content\\\/uploads\\\/2014\\\/07\\\/Vue_en_3D_des_amenagements_bureau_studio_cabane3.png\",\"articleSection\":[\"L'\u00e9cho des startups du Tarmac\"],\"inLanguage\":\"en-GB\"},{\"@type\":\"WebPage\",\"@id\":\"https:\\\/\\\/www.inovallee.com\\\/faire-un-studio-un-bureau-et-une-mini-creche-dans-23-m%c2%b2-elementesque-ne-savait-pas-que-cetait-impossible-alors-elle-la-fait\\\/\",\"url\":\"https:\\\/\\\/www.inovallee.com\\\/faire-un-studio-un-bureau-et-une-mini-creche-dans-23-m%c2%b2-elementesque-ne-savait-pas-que-cetait-impossible-alors-elle-la-fait\\\/\",\"name\":\"Faire un studio, un bureau et une mini-cr\u00e8che dans 23 m\u00b2 ? Elementesque ne savait pas que c&#039;\u00e9tait impossible, alors elle l&#039;a fait ! - inovall\u00e9e\",\"isPartOf\":{\"@id\":\"https:\\\/\\\/www.inovallee.com\\\/#website\"},\"primaryImageOfPage\":{\"@id\":\"https:\\\/\\\/www.inovallee.com\\\/faire-un-studio-un-bureau-et-une-mini-creche-dans-23-m%c2%b2-elementesque-ne-savait-pas-que-cetait-impossible-alors-elle-la-fait\\\/#primaryimage\"},\"image\":{\"@id\":\"https:\\\/\\\/www.inovallee.com\\\/faire-un-studio-un-bureau-et-une-mini-creche-dans-23-m%c2%b2-elementesque-ne-savait-pas-que-cetait-impossible-alors-elle-la-fait\\\/#primaryimage\"},\"thumbnailUrl\":\"http:\\\/\\\/blog.elementesque.fr\\\/wordpress\\\/wp-content\\\/uploads\\\/2014\\\/07\\\/Vue_en_3D_des_amenagements_bureau_studio_cabane3.png\",\"datePublished\":\"2014-08-28T17:56:00+00:00\",\"breadcrumb\":{\"@id\":\"https:\\\/\\\/www.inovallee.com\\\/faire-un-studio-un-bureau-et-une-mini-creche-dans-23-m%c2%b2-elementesque-ne-savait-pas-que-cetait-impossible-alors-elle-la-fait\\\/#breadcrumb\"},\"inLanguage\":\"en-GB\",\"potentialAction\":[{\"@type\":\"ReadAction\",\"target\":[\"https:\\\/\\\/www.inovallee.com\\\/faire-un-studio-un-bureau-et-une-mini-creche-dans-23-m%c2%b2-elementesque-ne-savait-pas-que-cetait-impossible-alors-elle-la-fait\\\/\"]}]},{\"@type\":\"ImageObject\",\"inLanguage\":\"en-GB\",\"@id\":\"https:\\\/\\\/www.inovallee.com\\\/faire-un-studio-un-bureau-et-une-mini-creche-dans-23-m%c2%b2-elementesque-ne-savait-pas-que-cetait-impossible-alors-elle-la-fait\\\/#primaryimage\",\"url\":\"http:\\\/\\\/blog.elementesque.fr\\\/wordpress\\\/wp-content\\\/uploads\\\/2014\\\/07\\\/Vue_en_3D_des_amenagements_bureau_studio_cabane3.png\",\"contentUrl\":\"http:\\\/\\\/blog.elementesque.fr\\\/wordpress\\\/wp-content\\\/uploads\\\/2014\\\/07\\\/Vue_en_3D_des_amenagements_bureau_studio_cabane3.png\"},{\"@type\":\"BreadcrumbList\",\"@id\":\"https:\\\/\\\/www.inovallee.com\\\/faire-un-studio-un-bureau-et-une-mini-creche-dans-23-m%c2%b2-elementesque-ne-savait-pas-que-cetait-impossible-alors-elle-la-fait\\\/#breadcrumb\",\"itemListElement\":[{\"@type\":\"ListItem\",\"position\":1,\"name\":\"Accueil\",\"item\":\"https:\\\/\\\/www.inovallee.com\\\/\"},{\"@type\":\"ListItem\",\"position\":2,\"name\":\"Faire un studio, un bureau et une mini-cr\u00e8che dans 23 m\u00b2 ? Elementesque ne savait pas que c&#039;\u00e9tait impossible, alors elle l&#039;a fait !\"}]},{\"@type\":\"WebSite\",\"@id\":\"https:\\\/\\\/www.inovallee.com\\\/#website\",\"url\":\"https:\\\/\\\/www.inovallee.com\\\/\",\"name\":\"inovall\u00e9e technopole, Home to software & smart technologies\",\"description\":\"Home to software &amp; smart technologies\",\"publisher\":{\"@id\":\"https:\\\/\\\/www.inovallee.com\\\/#organization\"},\"potentialAction\":[{\"@type\":\"SearchAction\",\"target\":{\"@type\":\"EntryPoint\",\"urlTemplate\":\"https:\\\/\\\/www.inovallee.com\\\/?s={search_term_string}\"},\"query-input\":{\"@type\":\"PropertyValueSpecification\",\"valueRequired\":true,\"valueName\":\"search_term_string\"}}],\"inLanguage\":\"en-GB\"},{\"@type\":\"Organization\",\"@id\":\"https:\\\/\\\/www.inovallee.com\\\/#organization\",\"name\":\"inovall\u00e9e\",\"url\":\"https:\\\/\\\/www.inovallee.com\\\/\",\"logo\":{\"@type\":\"ImageObject\",\"inLanguage\":\"en-GB\",\"@id\":\"https:\\\/\\\/www.inovallee.com\\\/#\\\/schema\\\/logo\\\/image\\\/\",\"url\":\"https:\\\/\\\/www.inovallee.com\\\/wp-content\\\/uploads\\\/2023\\\/08\\\/inovallee_2022_GrenobleAlpes.png\",\"contentUrl\":\"https:\\\/\\\/www.inovallee.com\\\/wp-content\\\/uploads\\\/2023\\\/08\\\/inovallee_2022_GrenobleAlpes.png\",\"width\":945,\"height\":369,\"caption\":\"inovall\u00e9e\"},\"image\":{\"@id\":\"https:\\\/\\\/www.inovallee.com\\\/#\\\/schema\\\/logo\\\/image\\\/\"},\"sameAs\":[\"https:\\\/\\\/www.facebook.com\\\/technopoleinovallee\\\/\",\"https:\\\/\\\/x.com\\\/inovallee\",\"https:\\\/\\\/www.linkedin.com\\\/company\\\/inovall-e\\\/\",\"https:\\\/\\\/www.youtube.com\\\/user\\\/inovallee?reload=9\"]},{\"@type\":\"Person\",\"@id\":\"https:\\\/\\\/www.inovallee.com\\\/#\\\/schema\\\/person\\\/a45b15518aad3111b2d61d257a3e023b\",\"name\":\"Inovallee\"}]}<\/script>\n<!-- \/ Yoast SEO plugin. -->","yoast_head_json":{"title":"Faire un studio, un bureau et une mini-cr\u00e8che dans 23 m\u00b2 ? Elementesque ne savait pas que c&#039;\u00e9tait impossible, alors elle l&#039;a fait ! - inovall\u00e9e","robots":{"index":"index","follow":"follow","max-snippet":"max-snippet:-1","max-image-preview":"max-image-preview:large","max-video-preview":"max-video-preview:-1"},"canonical":"https:\/\/www.inovallee.com\/en\/faire-un-studio-un-bureau-et-une-mini-creche-dans-23-m\u00b2-elementesque-ne-savait-pas-que-cetait-impossible-alors-elle-la-fait\/","og_locale":"en_GB","og_type":"article","og_title":"Faire un studio, un bureau et une mini-cr\u00e8che dans 23 m\u00b2 ? Elementesque ne savait pas que c&#039;\u00e9tait impossible, alors elle l&#039;a fait ! - inovall\u00e9e","og_description":"Actuellement, l\u2019agence du Tarmac Elementesque finalise les travaux d\u2019un studio un peu sp\u00e9cial. Situ\u00e9 pr\u00e8s de Grenoble, sur le plateau des Petites Roches, cet espace est une d\u00e9pendance d\u2019une r\u00e9sidence particuli\u00e8re. Ce studio, qui n\u2019\u00e9tait jusqu\u2019\u00e0 aujourd\u2019hui pas utilis\u00e9, va proposer \u00e0 terme trois fonctions sur 23m\u00b2 de surface : un bureau de travail, un [&hellip;]","og_url":"https:\/\/www.inovallee.com\/en\/faire-un-studio-un-bureau-et-une-mini-creche-dans-23-m\u00b2-elementesque-ne-savait-pas-que-cetait-impossible-alors-elle-la-fait\/","og_site_name":"inovall\u00e9e","article_publisher":"https:\/\/www.facebook.com\/technopoleinovallee\/","article_published_time":"2014-08-28T17:56:00+00:00","og_image":[{"url":"http:\/\/blog.elementesque.fr\/wordpress\/wp-content\/uploads\/2014\/07\/Vue_en_3D_des_amenagements_bureau_studio_cabane3.png","type":"","width":"","height":""}],"author":"Inovallee","twitter_card":"summary_large_image","twitter_creator":"@inovallee","twitter_site":"@inovallee","twitter_misc":{"Written by":"Inovallee","Estimated reading time":"2 minutes"},"schema":{"@context":"https:\/\/schema.org","@graph":[{"@type":"Article","@id":"https:\/\/www.inovallee.com\/faire-un-studio-un-bureau-et-une-mini-creche-dans-23-m%c2%b2-elementesque-ne-savait-pas-que-cetait-impossible-alors-elle-la-fait\/#article","isPartOf":{"@id":"https:\/\/www.inovallee.com\/faire-un-studio-un-bureau-et-une-mini-creche-dans-23-m%c2%b2-elementesque-ne-savait-pas-que-cetait-impossible-alors-elle-la-fait\/"},"author":{"name":"Inovallee","@id":"https:\/\/www.inovallee.com\/#\/schema\/person\/a45b15518aad3111b2d61d257a3e023b"},"headline":"Faire un studio, un bureau et une mini-cr\u00e8che dans 23 m\u00b2 ? Elementesque ne savait pas que c&#039;\u00e9tait impossible, alors elle l&#039;a fait !","datePublished":"2014-08-28T17:56:00+00:00","mainEntityOfPage":{"@id":"https:\/\/www.inovallee.com\/faire-un-studio-un-bureau-et-une-mini-creche-dans-23-m%c2%b2-elementesque-ne-savait-pas-que-cetait-impossible-alors-elle-la-fait\/"},"wordCount":474,"publisher":{"@id":"https:\/\/www.inovallee.com\/#organization"},"image":{"@id":"https:\/\/www.inovallee.com\/faire-un-studio-un-bureau-et-une-mini-creche-dans-23-m%c2%b2-elementesque-ne-savait-pas-que-cetait-impossible-alors-elle-la-fait\/#primaryimage"},"thumbnailUrl":"http:\/\/blog.elementesque.fr\/wordpress\/wp-content\/uploads\/2014\/07\/Vue_en_3D_des_amenagements_bureau_studio_cabane3.png","articleSection":["L'\u00e9cho des startups du Tarmac"],"inLanguage":"en-GB"},{"@type":"WebPage","@id":"https:\/\/www.inovallee.com\/faire-un-studio-un-bureau-et-une-mini-creche-dans-23-m%c2%b2-elementesque-ne-savait-pas-que-cetait-impossible-alors-elle-la-fait\/","url":"https:\/\/www.inovallee.com\/faire-un-studio-un-bureau-et-une-mini-creche-dans-23-m%c2%b2-elementesque-ne-savait-pas-que-cetait-impossible-alors-elle-la-fait\/","name":"Faire un studio, un bureau et une mini-cr\u00e8che dans 23 m\u00b2 ? Elementesque ne savait pas que c&#039;\u00e9tait impossible, alors elle l&#039;a fait ! - inovall\u00e9e","isPartOf":{"@id":"https:\/\/www.inovallee.com\/#website"},"primaryImageOfPage":{"@id":"https:\/\/www.inovallee.com\/faire-un-studio-un-bureau-et-une-mini-creche-dans-23-m%c2%b2-elementesque-ne-savait-pas-que-cetait-impossible-alors-elle-la-fait\/#primaryimage"},"image":{"@id":"https:\/\/www.inovallee.com\/faire-un-studio-un-bureau-et-une-mini-creche-dans-23-m%c2%b2-elementesque-ne-savait-pas-que-cetait-impossible-alors-elle-la-fait\/#primaryimage"},"thumbnailUrl":"http:\/\/blog.elementesque.fr\/wordpress\/wp-content\/uploads\/2014\/07\/Vue_en_3D_des_amenagements_bureau_studio_cabane3.png","datePublished":"2014-08-28T17:56:00+00:00","breadcrumb":{"@id":"https:\/\/www.inovallee.com\/faire-un-studio-un-bureau-et-une-mini-creche-dans-23-m%c2%b2-elementesque-ne-savait-pas-que-cetait-impossible-alors-elle-la-fait\/#breadcrumb"},"inLanguage":"en-GB","potentialAction":[{"@type":"ReadAction","target":["https:\/\/www.inovallee.com\/faire-un-studio-un-bureau-et-une-mini-creche-dans-23-m%c2%b2-elementesque-ne-savait-pas-que-cetait-impossible-alors-elle-la-fait\/"]}]},{"@type":"ImageObject","inLanguage":"en-GB","@id":"https:\/\/www.inovallee.com\/faire-un-studio-un-bureau-et-une-mini-creche-dans-23-m%c2%b2-elementesque-ne-savait-pas-que-cetait-impossible-alors-elle-la-fait\/#primaryimage","url":"http:\/\/blog.elementesque.fr\/wordpress\/wp-content\/uploads\/2014\/07\/Vue_en_3D_des_amenagements_bureau_studio_cabane3.png","contentUrl":"http:\/\/blog.elementesque.fr\/wordpress\/wp-content\/uploads\/2014\/07\/Vue_en_3D_des_amenagements_bureau_studio_cabane3.png"},{"@type":"BreadcrumbList","@id":"https:\/\/www.inovallee.com\/faire-un-studio-un-bureau-et-une-mini-creche-dans-23-m%c2%b2-elementesque-ne-savait-pas-que-cetait-impossible-alors-elle-la-fait\/#breadcrumb","itemListElement":[{"@type":"ListItem","position":1,"name":"Accueil","item":"https:\/\/www.inovallee.com\/"},{"@type":"ListItem","position":2,"name":"Faire un studio, un bureau et une mini-cr\u00e8che dans 23 m\u00b2 ? Elementesque ne savait pas que c&#039;\u00e9tait impossible, alors elle l&#039;a fait !"}]},{"@type":"WebSite","@id":"https:\/\/www.inovallee.com\/#website","url":"https:\/\/www.inovallee.com\/","name":"inovall\u00e9e technopole, Home to software & smart technologies","description":"Home to software &amp; smart technologies","publisher":{"@id":"https:\/\/www.inovallee.com\/#organization"},"potentialAction":[{"@type":"SearchAction","target":{"@type":"EntryPoint","urlTemplate":"https:\/\/www.inovallee.com\/?s={search_term_string}"},"query-input":{"@type":"PropertyValueSpecification","valueRequired":true,"valueName":"search_term_string"}}],"inLanguage":"en-GB"},{"@type":"Organization","@id":"https:\/\/www.inovallee.com\/#organization","name":"inovall\u00e9e","url":"https:\/\/www.inovallee.com\/","logo":{"@type":"ImageObject","inLanguage":"en-GB","@id":"https:\/\/www.inovallee.com\/#\/schema\/logo\/image\/","url":"https:\/\/www.inovallee.com\/wp-content\/uploads\/2023\/08\/inovallee_2022_GrenobleAlpes.png","contentUrl":"https:\/\/www.inovallee.com\/wp-content\/uploads\/2023\/08\/inovallee_2022_GrenobleAlpes.png","width":945,"height":369,"caption":"inovall\u00e9e"},"image":{"@id":"https:\/\/www.inovallee.com\/#\/schema\/logo\/image\/"},"sameAs":["https:\/\/www.facebook.com\/technopoleinovallee\/","https:\/\/x.com\/inovallee","https:\/\/www.linkedin.com\/company\/inovall-e\/","https:\/\/www.youtube.com\/user\/inovallee?reload=9"]},{"@type":"Person","@id":"https:\/\/www.inovallee.com\/#\/schema\/person\/a45b15518aad3111b2d61d257a3e023b","name":"Inovallee"}]}},"_links":{"self":[{"href":"https:\/\/www.inovallee.com\/en\/wp-json\/wp\/v2\/posts\/28413","targetHints":{"allow":["GET"]}}],"collection":[{"href":"https:\/\/www.inovallee.com\/en\/wp-json\/wp\/v2\/posts"}],"about":[{"href":"https:\/\/www.inovallee.com\/en\/wp-json\/wp\/v2\/types\/post"}],"author":[{"embeddable":true,"href":"https:\/\/www.inovallee.com\/en\/wp-json\/wp\/v2\/users\/6"}],"replies":[{"embeddable":true,"href":"https:\/\/www.inovallee.com\/en\/wp-json\/wp\/v2\/comments?post=28413"}],"version-history":[{"count":0,"href":"https:\/\/www.inovallee.com\/en\/wp-json\/wp\/v2\/posts\/28413\/revisions"}],"wp:attachment":[{"href":"https:\/\/www.inovallee.com\/en\/wp-json\/wp\/v2\/media?parent=28413"}],"wp:term":[{"taxonomy":"category","embeddable":true,"href":"https:\/\/www.inovallee.com\/en\/wp-json\/wp\/v2\/categories?post=28413"},{"taxonomy":"post_tag","embeddable":true,"href":"https:\/\/www.inovallee.com\/en\/wp-json\/wp\/v2\/tags?post=28413"}],"curies":[{"name":"wp","href":"https:\/\/api.w.org\/{rel}","templated":true}]}}