{"id":28414,"date":"2014-08-25T13:04:00","date_gmt":"2014-08-25T11:04:00","guid":{"rendered":"https:\/\/www.inovallee.com\/rentree-des-classes-au-tarmac-les-rdv-de-septembre\/"},"modified":"2020-06-23T15:25:07","modified_gmt":"2020-06-23T13:25:07","slug":"rentree-des-classes-au-tarmac-les-rdv-de-septembre","status":"publish","type":"post","link":"https:\/\/www.inovallee.com\/en\/rentree-des-classes-au-tarmac-les-rdv-de-septembre\/","title":{"rendered":"Rentr\u00e9e des classes au Tarmac : les RDV de septembre"},"content":{"rendered":"<div dir=\"ltr\" style=\"text-align: left;\">\n<div style=\"clear: both; text-align: center;\"><span style=\"font-family: Verdana,sans-serif;\"><a href=\"http:\/\/1.bp.blogspot.com\/-vFNlocdm63o\/U61s-9wy-CI\/AAAAAAAAMTA\/N3FUsSNP3I8\/s1600\/IMG_2557.JPG\" style=\"clear: left; float: left; margin-bottom: 1em; margin-right: 1em;\"><img fetchpriority=\"high\" decoding=\"async\" border=\"0\" src=\"http:\/\/1.bp.blogspot.com\/-vFNlocdm63o\/U61s-9wy-CI\/AAAAAAAAMTA\/N3FUsSNP3I8\/s1600\/IMG_2557.JPG\" height=\"213\" width=\"320\" \/><\/a><\/span><\/div>\n<p><span style=\"font-family: Verdana,sans-serif;\">\u00c7a y est, les vacances sont termin\u00e9es et il est temps de rependre le chemin sinueux mais passionnant de l&rsquo;entrepreneuriat.<\/span><br \/><span style=\"font-family: Verdana,sans-serif;\"><br \/><\/span><span style=\"font-family: Verdana,sans-serif;\">Au programme du mois de septembre :<\/span><\/p>\n<ul style=\"text-align: left;\">\n<li><span style=\"font-family: Verdana,sans-serif;\"><b>jeudi 27 ao\u00fbt<\/b> : think drink \u00ab\u00a0centrifugeuse \u00e0 id\u00e9es\u00a0\u00bb. \u00c9nigmes et casse-t\u00eates pour remettre son cerveau et sa cr\u00e9ativit\u00e9 en route dans la bonne humeur collective.<\/span><\/li>\n<li><span style=\"font-family: Verdana,sans-serif;\"><b>jeudi 4 septembre<\/b> : think drink \u00ab\u00a0la protection sociale du dirigeant\u00a0\u00bb, anim\u00e9 par Generali<\/span><\/li>\n<li><span style=\"font-family: Verdana,sans-serif;\"><b>vendredi 5 septembre<\/b>, 11h30-14h30 : atelier Tarmac \u00ab\u00a0Profils de personnalit\u00e9, n\u00e9gociation et management\u00a0\u00bb. Mieux comprendre le fonctionnement de son interlocuteur pour adapter sa communication. Anim\u00e9 par Annie Soufi.<\/span><\/li>\n<li><span style=\"font-family: Verdana,sans-serif;\"><b>Mardi 9 septembre<\/b>, 12h-14h : permanence RH (recrutement, contrats de travail, management, etc), RDV individuel \u00e0 prendre \u00e0 l&rsquo;accueil<\/span><\/li>\n<li><span style=\"font-family: Verdana,sans-serif;\"><b>jeudi 11 septembre<\/b> : think drink \u00ab\u00a0exporter, pourquoi, comment et avec quelles aides\u00a0\u00bb, anim\u00e9 par le Grex<\/span><\/li>\n<li><span style=\"font-family: Verdana,sans-serif;\"><b>mardi 16 septembre<\/b>, 12h-14h : permanence avocats (droit des affaires, droit commercial)<\/span><\/li>\n<li><span style=\"font-family: Verdana,sans-serif;\"><b>jeudi 18 septembre : journ\u00e9e investissement Digital Grenoble<\/b><\/span><\/li>\n<ul>\n<li><span style=\"font-family: Verdana,sans-serif;\">14h-17h : rencontre Digital Grenoble avec Mathias Flattin, Investment Director chez Siparex (pr\u00e9sentation des acteurs de l&rsquo;\u00e9cosyst\u00e8me, dont le Tarmac, et pitch entreprises pour des lev\u00e9es de fonds 1M\u20ac et plus)<\/span><\/li>\n<li><span style=\"font-family: Verdana,sans-serif;\">17h-19h : think drink \u00ab\u00a0ap\u00e9ro pitch\u00a0\u00bb amor\u00e7age sp\u00e9cial start-up, toujours devant Siparex, exceptionnellement d\u00e9port\u00e9 \u00e0 Cowork.<\/span><\/li>\n<\/ul>\n<li><span style=\"font-family: Verdana,sans-serif;\"><b>mardi 23 septembre<\/b>, 12h-14h : permanence financement (FUI, CIR, JEI, feder &#8230;.)<\/span><\/li>\n<li><span style=\"font-family: Verdana,sans-serif;\"><b>jeudi 25 septembre<\/b> : think drink \u00ab\u00a0master entrepreneuriat\u00a0\u00bb, anim\u00e9 par GEM<\/span><\/li>\n<li><span style=\"font-family: Verdana,sans-serif;\"><b>lundi 29 et mardi 30 septembre<\/b> : formation \u00ab\u00a0gestion du temps\u00a0\u00bb<\/span><\/li>\n<li><b><span style=\"font-family: Verdana,sans-serif;\">mardi 30 septembre<\/span><\/b><span style=\"font-family: Verdana,sans-serif;\">:<\/span><\/li>\n<ul>\n<li><\/li>\n<li><span style=\"font-family: Verdana,sans-serif;\">12h-14h : atelier r\u00e9novation \/ am\u00e9nagement, anim\u00e9 par Mallory<\/span><\/li>\n<\/ul>\n<li><span style=\"font-family: Verdana,sans-serif;\"><b>jeudi 2 octobre<\/b> :&nbsp;<\/span><\/li>\n<ul>\n<li><span style=\"font-family: Verdana,sans-serif;\">11h30-14h30 : Atelier r\u00e9f\u00e9rencement (augmenter le trafic de votre site)<\/span><\/li>\n<li><span style=\"font-family: Verdana,sans-serif;\">17h-19h : Think drink \u00ab\u00a0la protection non privative de l&rsquo;innovation\u00a0\u00bb, anim\u00e9 par Jean-Philippe Leclere<\/span><\/li>\n<\/ul>\n<li><span style=\"font-family: Verdana,sans-serif;\"><b>lundi 6 octobre<\/b> : 12h-14h : conf\u00e9rence \u00ab\u00a0innovation sociale\u00a0\u00bb<\/span><\/li>\n<li><span style=\"font-family: Verdana,sans-serif;\"><b>jeudi 9 octobre<\/b> :<\/span><\/li>\n<ul>\n<li><span style=\"font-family: Verdana,sans-serif;\">11h30-14h30 : atelier tarmac \u00ab\u00a0d\u00e9finir son prix de vente\u00a0\u00bb, anim\u00e9 par Ivan poinard<\/span><\/li>\n<li><span style=\"font-family: Verdana,sans-serif;\">17h-19h : think drink \u00ab\u00a0road maps de l&rsquo;innovation de rupture\u00a0\u00bb, anim\u00e9 par Auvalie, avec le t\u00e9moignage de Christophe Ebro, start-uper (fondateur de Clapfeeder) <\/span><\/li>\n<\/ul>\n<li><span style=\"font-family: Verdana,sans-serif;\"><b>mardi 14 octobre<\/b>, 16h-21h : project booster Imaginove<\/span><\/li>\n<li><span style=\"font-family: Verdana,sans-serif;\"><b>jeudi 16 octobre<\/b> :&nbsp;<\/span><\/li>\n<ul>\n<li><span style=\"font-family: Verdana,sans-serif;\"><span style=\"font-family: Verdana,sans-serif;\">10h-30-15h : atelier tableaux de bords \/ gestion<\/span> <\/span><\/li>\n<li><span style=\"font-family: Verdana,sans-serif;\">17h-19h : think drink \u00ab\u00a0arts, sciences et innovation\u00a0\u00bb, avec l&rsquo;atelier Arts sciences&nbsp;<\/span><span style=\"font-family: Verdana,sans-serif;\"> <\/span><\/li>\n<\/ul>\n<\/ul>\n<p><span style=\"font-family: Verdana,sans-serif;\">Et vous pouvez \u00e0 tout moment consulter notre <a href=\"http:\/\/inovallee.blogspot.fr\/p\/agenda.html\" target=\"_blank\" rel=\"noopener noreferrer\">agenda <\/a>pour retrouver tous les RDV d&rsquo;inovall\u00e9e. <\/span><\/div>","protected":false},"excerpt":{"rendered":"<p>\u00c7a y est, les vacances sont termin\u00e9es et il est temps de rependre le chemin sinueux mais passionnant de l&rsquo;entrepreneuriat.Au programme du mois de septembre : jeudi 27 ao\u00fbt : think drink \u00ab\u00a0centrifugeuse \u00e0 id\u00e9es\u00a0\u00bb. \u00c9nigmes et casse-t\u00eates pour remettre son cerveau et sa cr\u00e9ativit\u00e9 en route dans la bonne humeur collective. jeudi 4 septembre [&hellip;]<\/p>\n","protected":false},"author":6,"featured_media":0,"comment_status":"closed","ping_status":"open","sticky":false,"template":"","format":"standard","meta":{"footnotes":""},"categories":[46],"tags":[],"class_list":["post-28414","post","type-post","status-publish","format-standard","hentry","category-vie-du-tarmac"],"yoast_head":"<!-- This site is optimized with the Yoast SEO plugin v27.4 - https:\/\/yoast.com\/product\/yoast-seo-wordpress\/ -->\n<title>Rentr\u00e9e des classes au Tarmac : les RDV de septembre - inovall\u00e9e<\/title>\n<meta name=\"robots\" content=\"index, follow, max-snippet:-1, max-image-preview:large, max-video-preview:-1\" \/>\n<link rel=\"canonical\" href=\"https:\/\/www.inovallee.com\/en\/rentree-des-classes-au-tarmac-les-rdv-de-septembre\/\" \/>\n<meta property=\"og:locale\" content=\"en_GB\" \/>\n<meta property=\"og:type\" content=\"article\" \/>\n<meta property=\"og:title\" content=\"Rentr\u00e9e des classes au Tarmac : les RDV de septembre - inovall\u00e9e\" \/>\n<meta property=\"og:description\" content=\"\u00c7a y est, les vacances sont termin\u00e9es et il est temps de rependre le chemin sinueux mais passionnant de l&rsquo;entrepreneuriat.Au programme du mois de septembre : jeudi 27 ao\u00fbt : think drink \u00ab\u00a0centrifugeuse \u00e0 id\u00e9es\u00a0\u00bb. \u00c9nigmes et casse-t\u00eates pour remettre son cerveau et sa cr\u00e9ativit\u00e9 en route dans la bonne humeur collective. jeudi 4 septembre [&hellip;]\" \/>\n<meta property=\"og:url\" content=\"https:\/\/www.inovallee.com\/en\/rentree-des-classes-au-tarmac-les-rdv-de-septembre\/\" \/>\n<meta property=\"og:site_name\" content=\"inovall\u00e9e\" \/>\n<meta property=\"article:publisher\" content=\"https:\/\/www.facebook.com\/technopoleinovallee\/\" \/>\n<meta property=\"article:published_time\" content=\"2014-08-25T11:04:00+00:00\" \/>\n<meta property=\"article:modified_time\" content=\"2020-06-23T13:25:07+00:00\" \/>\n<meta property=\"og:image\" content=\"http:\/\/1.bp.blogspot.com\/-vFNlocdm63o\/U61s-9wy-CI\/AAAAAAAAMTA\/N3FUsSNP3I8\/s1600\/IMG_2557.JPG\" \/>\n<meta name=\"author\" content=\"Inovallee\" \/>\n<meta name=\"twitter:card\" content=\"summary_large_image\" \/>\n<meta name=\"twitter:creator\" content=\"@inovallee\" \/>\n<meta name=\"twitter:site\" content=\"@inovallee\" \/>\n<meta name=\"twitter:label1\" content=\"Written by\" \/>\n\t<meta name=\"twitter:data1\" content=\"Inovallee\" \/>\n\t<meta name=\"twitter:label2\" content=\"Estimated reading time\" \/>\n\t<meta name=\"twitter:data2\" content=\"2 minutes\" \/>\n<script type=\"application\/ld+json\" class=\"yoast-schema-graph\">{\"@context\":\"https:\\\/\\\/schema.org\",\"@graph\":[{\"@type\":\"Article\",\"@id\":\"https:\\\/\\\/www.inovallee.com\\\/rentree-des-classes-au-tarmac-les-rdv-de-septembre\\\/#article\",\"isPartOf\":{\"@id\":\"https:\\\/\\\/www.inovallee.com\\\/rentree-des-classes-au-tarmac-les-rdv-de-septembre\\\/\"},\"author\":{\"name\":\"Inovallee\",\"@id\":\"https:\\\/\\\/www.inovallee.com\\\/#\\\/schema\\\/person\\\/a45b15518aad3111b2d61d257a3e023b\"},\"headline\":\"Rentr\u00e9e des classes au Tarmac : les RDV de septembre\",\"datePublished\":\"2014-08-25T11:04:00+00:00\",\"dateModified\":\"2020-06-23T13:25:07+00:00\",\"mainEntityOfPage\":{\"@id\":\"https:\\\/\\\/www.inovallee.com\\\/rentree-des-classes-au-tarmac-les-rdv-de-septembre\\\/\"},\"wordCount\":378,\"publisher\":{\"@id\":\"https:\\\/\\\/www.inovallee.com\\\/#organization\"},\"image\":{\"@id\":\"https:\\\/\\\/www.inovallee.com\\\/rentree-des-classes-au-tarmac-les-rdv-de-septembre\\\/#primaryimage\"},\"thumbnailUrl\":\"http:\\\/\\\/1.bp.blogspot.com\\\/-vFNlocdm63o\\\/U61s-9wy-CI\\\/AAAAAAAAMTA\\\/N3FUsSNP3I8\\\/s1600\\\/IMG_2557.JPG\",\"articleSection\":[\"La vie du Tarmac\"],\"inLanguage\":\"en-GB\"},{\"@type\":\"WebPage\",\"@id\":\"https:\\\/\\\/www.inovallee.com\\\/rentree-des-classes-au-tarmac-les-rdv-de-septembre\\\/\",\"url\":\"https:\\\/\\\/www.inovallee.com\\\/rentree-des-classes-au-tarmac-les-rdv-de-septembre\\\/\",\"name\":\"Rentr\u00e9e des classes au Tarmac : les RDV de septembre - inovall\u00e9e\",\"isPartOf\":{\"@id\":\"https:\\\/\\\/www.inovallee.com\\\/#website\"},\"primaryImageOfPage\":{\"@id\":\"https:\\\/\\\/www.inovallee.com\\\/rentree-des-classes-au-tarmac-les-rdv-de-septembre\\\/#primaryimage\"},\"image\":{\"@id\":\"https:\\\/\\\/www.inovallee.com\\\/rentree-des-classes-au-tarmac-les-rdv-de-septembre\\\/#primaryimage\"},\"thumbnailUrl\":\"http:\\\/\\\/1.bp.blogspot.com\\\/-vFNlocdm63o\\\/U61s-9wy-CI\\\/AAAAAAAAMTA\\\/N3FUsSNP3I8\\\/s1600\\\/IMG_2557.JPG\",\"datePublished\":\"2014-08-25T11:04:00+00:00\",\"dateModified\":\"2020-06-23T13:25:07+00:00\",\"breadcrumb\":{\"@id\":\"https:\\\/\\\/www.inovallee.com\\\/rentree-des-classes-au-tarmac-les-rdv-de-septembre\\\/#breadcrumb\"},\"inLanguage\":\"en-GB\",\"potentialAction\":[{\"@type\":\"ReadAction\",\"target\":[\"https:\\\/\\\/www.inovallee.com\\\/rentree-des-classes-au-tarmac-les-rdv-de-septembre\\\/\"]}]},{\"@type\":\"ImageObject\",\"inLanguage\":\"en-GB\",\"@id\":\"https:\\\/\\\/www.inovallee.com\\\/rentree-des-classes-au-tarmac-les-rdv-de-septembre\\\/#primaryimage\",\"url\":\"http:\\\/\\\/1.bp.blogspot.com\\\/-vFNlocdm63o\\\/U61s-9wy-CI\\\/AAAAAAAAMTA\\\/N3FUsSNP3I8\\\/s1600\\\/IMG_2557.JPG\",\"contentUrl\":\"http:\\\/\\\/1.bp.blogspot.com\\\/-vFNlocdm63o\\\/U61s-9wy-CI\\\/AAAAAAAAMTA\\\/N3FUsSNP3I8\\\/s1600\\\/IMG_2557.JPG\"},{\"@type\":\"BreadcrumbList\",\"@id\":\"https:\\\/\\\/www.inovallee.com\\\/rentree-des-classes-au-tarmac-les-rdv-de-septembre\\\/#breadcrumb\",\"itemListElement\":[{\"@type\":\"ListItem\",\"position\":1,\"name\":\"Accueil\",\"item\":\"https:\\\/\\\/www.inovallee.com\\\/\"},{\"@type\":\"ListItem\",\"position\":2,\"name\":\"Rentr\u00e9e des classes au Tarmac : les RDV de septembre\"}]},{\"@type\":\"WebSite\",\"@id\":\"https:\\\/\\\/www.inovallee.com\\\/#website\",\"url\":\"https:\\\/\\\/www.inovallee.com\\\/\",\"name\":\"inovall\u00e9e technopole, Home to software & smart technologies\",\"description\":\"Home to software &amp; smart technologies\",\"publisher\":{\"@id\":\"https:\\\/\\\/www.inovallee.com\\\/#organization\"},\"potentialAction\":[{\"@type\":\"SearchAction\",\"target\":{\"@type\":\"EntryPoint\",\"urlTemplate\":\"https:\\\/\\\/www.inovallee.com\\\/?s={search_term_string}\"},\"query-input\":{\"@type\":\"PropertyValueSpecification\",\"valueRequired\":true,\"valueName\":\"search_term_string\"}}],\"inLanguage\":\"en-GB\"},{\"@type\":\"Organization\",\"@id\":\"https:\\\/\\\/www.inovallee.com\\\/#organization\",\"name\":\"inovall\u00e9e\",\"url\":\"https:\\\/\\\/www.inovallee.com\\\/\",\"logo\":{\"@type\":\"ImageObject\",\"inLanguage\":\"en-GB\",\"@id\":\"https:\\\/\\\/www.inovallee.com\\\/#\\\/schema\\\/logo\\\/image\\\/\",\"url\":\"https:\\\/\\\/www.inovallee.com\\\/wp-content\\\/uploads\\\/2023\\\/08\\\/inovallee_2022_GrenobleAlpes.png\",\"contentUrl\":\"https:\\\/\\\/www.inovallee.com\\\/wp-content\\\/uploads\\\/2023\\\/08\\\/inovallee_2022_GrenobleAlpes.png\",\"width\":945,\"height\":369,\"caption\":\"inovall\u00e9e\"},\"image\":{\"@id\":\"https:\\\/\\\/www.inovallee.com\\\/#\\\/schema\\\/logo\\\/image\\\/\"},\"sameAs\":[\"https:\\\/\\\/www.facebook.com\\\/technopoleinovallee\\\/\",\"https:\\\/\\\/x.com\\\/inovallee\",\"https:\\\/\\\/www.linkedin.com\\\/company\\\/inovall-e\\\/\",\"https:\\\/\\\/www.youtube.com\\\/user\\\/inovallee?reload=9\"]},{\"@type\":\"Person\",\"@id\":\"https:\\\/\\\/www.inovallee.com\\\/#\\\/schema\\\/person\\\/a45b15518aad3111b2d61d257a3e023b\",\"name\":\"Inovallee\"}]}<\/script>\n<!-- \/ Yoast SEO plugin. -->","yoast_head_json":{"title":"Rentr\u00e9e des classes au Tarmac : les RDV de septembre - inovall\u00e9e","robots":{"index":"index","follow":"follow","max-snippet":"max-snippet:-1","max-image-preview":"max-image-preview:large","max-video-preview":"max-video-preview:-1"},"canonical":"https:\/\/www.inovallee.com\/en\/rentree-des-classes-au-tarmac-les-rdv-de-septembre\/","og_locale":"en_GB","og_type":"article","og_title":"Rentr\u00e9e des classes au Tarmac : les RDV de septembre - inovall\u00e9e","og_description":"\u00c7a y est, les vacances sont termin\u00e9es et il est temps de rependre le chemin sinueux mais passionnant de l&rsquo;entrepreneuriat.Au programme du mois de septembre : jeudi 27 ao\u00fbt : think drink \u00ab\u00a0centrifugeuse \u00e0 id\u00e9es\u00a0\u00bb. \u00c9nigmes et casse-t\u00eates pour remettre son cerveau et sa cr\u00e9ativit\u00e9 en route dans la bonne humeur collective. jeudi 4 septembre [&hellip;]","og_url":"https:\/\/www.inovallee.com\/en\/rentree-des-classes-au-tarmac-les-rdv-de-septembre\/","og_site_name":"inovall\u00e9e","article_publisher":"https:\/\/www.facebook.com\/technopoleinovallee\/","article_published_time":"2014-08-25T11:04:00+00:00","article_modified_time":"2020-06-23T13:25:07+00:00","og_image":[{"url":"http:\/\/1.bp.blogspot.com\/-vFNlocdm63o\/U61s-9wy-CI\/AAAAAAAAMTA\/N3FUsSNP3I8\/s1600\/IMG_2557.JPG","type":"","width":"","height":""}],"author":"Inovallee","twitter_card":"summary_large_image","twitter_creator":"@inovallee","twitter_site":"@inovallee","twitter_misc":{"Written by":"Inovallee","Estimated reading time":"2 minutes"},"schema":{"@context":"https:\/\/schema.org","@graph":[{"@type":"Article","@id":"https:\/\/www.inovallee.com\/rentree-des-classes-au-tarmac-les-rdv-de-septembre\/#article","isPartOf":{"@id":"https:\/\/www.inovallee.com\/rentree-des-classes-au-tarmac-les-rdv-de-septembre\/"},"author":{"name":"Inovallee","@id":"https:\/\/www.inovallee.com\/#\/schema\/person\/a45b15518aad3111b2d61d257a3e023b"},"headline":"Rentr\u00e9e des classes au Tarmac : les RDV de septembre","datePublished":"2014-08-25T11:04:00+00:00","dateModified":"2020-06-23T13:25:07+00:00","mainEntityOfPage":{"@id":"https:\/\/www.inovallee.com\/rentree-des-classes-au-tarmac-les-rdv-de-septembre\/"},"wordCount":378,"publisher":{"@id":"https:\/\/www.inovallee.com\/#organization"},"image":{"@id":"https:\/\/www.inovallee.com\/rentree-des-classes-au-tarmac-les-rdv-de-septembre\/#primaryimage"},"thumbnailUrl":"http:\/\/1.bp.blogspot.com\/-vFNlocdm63o\/U61s-9wy-CI\/AAAAAAAAMTA\/N3FUsSNP3I8\/s1600\/IMG_2557.JPG","articleSection":["La vie du Tarmac"],"inLanguage":"en-GB"},{"@type":"WebPage","@id":"https:\/\/www.inovallee.com\/rentree-des-classes-au-tarmac-les-rdv-de-septembre\/","url":"https:\/\/www.inovallee.com\/rentree-des-classes-au-tarmac-les-rdv-de-septembre\/","name":"Rentr\u00e9e des classes au Tarmac : les RDV de septembre - inovall\u00e9e","isPartOf":{"@id":"https:\/\/www.inovallee.com\/#website"},"primaryImageOfPage":{"@id":"https:\/\/www.inovallee.com\/rentree-des-classes-au-tarmac-les-rdv-de-septembre\/#primaryimage"},"image":{"@id":"https:\/\/www.inovallee.com\/rentree-des-classes-au-tarmac-les-rdv-de-septembre\/#primaryimage"},"thumbnailUrl":"http:\/\/1.bp.blogspot.com\/-vFNlocdm63o\/U61s-9wy-CI\/AAAAAAAAMTA\/N3FUsSNP3I8\/s1600\/IMG_2557.JPG","datePublished":"2014-08-25T11:04:00+00:00","dateModified":"2020-06-23T13:25:07+00:00","breadcrumb":{"@id":"https:\/\/www.inovallee.com\/rentree-des-classes-au-tarmac-les-rdv-de-septembre\/#breadcrumb"},"inLanguage":"en-GB","potentialAction":[{"@type":"ReadAction","target":["https:\/\/www.inovallee.com\/rentree-des-classes-au-tarmac-les-rdv-de-septembre\/"]}]},{"@type":"ImageObject","inLanguage":"en-GB","@id":"https:\/\/www.inovallee.com\/rentree-des-classes-au-tarmac-les-rdv-de-septembre\/#primaryimage","url":"http:\/\/1.bp.blogspot.com\/-vFNlocdm63o\/U61s-9wy-CI\/AAAAAAAAMTA\/N3FUsSNP3I8\/s1600\/IMG_2557.JPG","contentUrl":"http:\/\/1.bp.blogspot.com\/-vFNlocdm63o\/U61s-9wy-CI\/AAAAAAAAMTA\/N3FUsSNP3I8\/s1600\/IMG_2557.JPG"},{"@type":"BreadcrumbList","@id":"https:\/\/www.inovallee.com\/rentree-des-classes-au-tarmac-les-rdv-de-septembre\/#breadcrumb","itemListElement":[{"@type":"ListItem","position":1,"name":"Accueil","item":"https:\/\/www.inovallee.com\/"},{"@type":"ListItem","position":2,"name":"Rentr\u00e9e des classes au Tarmac : les RDV de septembre"}]},{"@type":"WebSite","@id":"https:\/\/www.inovallee.com\/#website","url":"https:\/\/www.inovallee.com\/","name":"inovall\u00e9e technopole, Home to software & smart technologies","description":"Home to software &amp; smart technologies","publisher":{"@id":"https:\/\/www.inovallee.com\/#organization"},"potentialAction":[{"@type":"SearchAction","target":{"@type":"EntryPoint","urlTemplate":"https:\/\/www.inovallee.com\/?s={search_term_string}"},"query-input":{"@type":"PropertyValueSpecification","valueRequired":true,"valueName":"search_term_string"}}],"inLanguage":"en-GB"},{"@type":"Organization","@id":"https:\/\/www.inovallee.com\/#organization","name":"inovall\u00e9e","url":"https:\/\/www.inovallee.com\/","logo":{"@type":"ImageObject","inLanguage":"en-GB","@id":"https:\/\/www.inovallee.com\/#\/schema\/logo\/image\/","url":"https:\/\/www.inovallee.com\/wp-content\/uploads\/2023\/08\/inovallee_2022_GrenobleAlpes.png","contentUrl":"https:\/\/www.inovallee.com\/wp-content\/uploads\/2023\/08\/inovallee_2022_GrenobleAlpes.png","width":945,"height":369,"caption":"inovall\u00e9e"},"image":{"@id":"https:\/\/www.inovallee.com\/#\/schema\/logo\/image\/"},"sameAs":["https:\/\/www.facebook.com\/technopoleinovallee\/","https:\/\/x.com\/inovallee","https:\/\/www.linkedin.com\/company\/inovall-e\/","https:\/\/www.youtube.com\/user\/inovallee?reload=9"]},{"@type":"Person","@id":"https:\/\/www.inovallee.com\/#\/schema\/person\/a45b15518aad3111b2d61d257a3e023b","name":"Inovallee"}]}},"_links":{"self":[{"href":"https:\/\/www.inovallee.com\/en\/wp-json\/wp\/v2\/posts\/28414","targetHints":{"allow":["GET"]}}],"collection":[{"href":"https:\/\/www.inovallee.com\/en\/wp-json\/wp\/v2\/posts"}],"about":[{"href":"https:\/\/www.inovallee.com\/en\/wp-json\/wp\/v2\/types\/post"}],"author":[{"embeddable":true,"href":"https:\/\/www.inovallee.com\/en\/wp-json\/wp\/v2\/users\/6"}],"replies":[{"embeddable":true,"href":"https:\/\/www.inovallee.com\/en\/wp-json\/wp\/v2\/comments?post=28414"}],"version-history":[{"count":0,"href":"https:\/\/www.inovallee.com\/en\/wp-json\/wp\/v2\/posts\/28414\/revisions"}],"wp:attachment":[{"href":"https:\/\/www.inovallee.com\/en\/wp-json\/wp\/v2\/media?parent=28414"}],"wp:term":[{"taxonomy":"category","embeddable":true,"href":"https:\/\/www.inovallee.com\/en\/wp-json\/wp\/v2\/categories?post=28414"},{"taxonomy":"post_tag","embeddable":true,"href":"https:\/\/www.inovallee.com\/en\/wp-json\/wp\/v2\/tags?post=28414"}],"curies":[{"name":"wp","href":"https:\/\/api.w.org\/{rel}","templated":true}]}}