{"id":28477,"date":"2014-10-17T08:33:00","date_gmt":"2014-10-17T07:33:00","guid":{"rendered":"https:\/\/www.inovallee.com\/workfriendly-et-insight-outside-concoivent-le-stand-minalogic-a-semicon-europa\/"},"modified":"2014-10-17T08:33:00","modified_gmt":"2014-10-17T07:33:00","slug":"workfriendly-et-insight-outside-concoivent-le-stand-minalogic-a-semicon-europa","status":"publish","type":"post","link":"https:\/\/www.inovallee.com\/en\/workfriendly-et-insight-outside-concoivent-le-stand-minalogic-a-semicon-europa\/","title":{"rendered":"Workfriendly et Insight Outside con\u00e7oivent le stand Minalogic \u00e0 semicon Europa"},"content":{"rendered":"<div dir=\"ltr\" style=\"text-align: left;\">\n<div style=\"clear: both; text-align: center;\"><a href=\"http:\/\/4.bp.blogspot.com\/-xFSlKKO95vQ\/VEDGGrgAuwI\/AAAAAAAAO6E\/BBYSpzrEiGc\/s1600\/IMG_3971.JPG\" style=\"clear: left; float: left; margin-bottom: 1em; margin-right: 1em;\"><img decoding=\"async\" border=\"0\" src=\"http:\/\/4.bp.blogspot.com\/-xFSlKKO95vQ\/VEDGGrgAuwI\/AAAAAAAAO6E\/BBYSpzrEiGc\/s1600\/IMG_3971.JPG\" height=\"133\" width=\"200\" \/><\/a><\/div>\n<p><span style=\"font-family: Arial,Helvetica,sans-serif;\"><span style=\"font-size: xx-small;\">Du 7 au 9 octobre dernier, le p\u00f4le de comp\u00e9titivit\u00e9 Minalogic \u00e9tait pr\u00e9sent au salon Semicon Europa avec une dizaine d&rsquo;entreprises. Ce sont deux entreprises d&rsquo;inovall\u00e9e, <a href=\"http:\/\/www.workfriendly.eu\/\" target=\"_blank\" rel=\"noopener noreferrer\">Workfriendly <\/a>et <a href=\"http:\/\/www.insight-outside.fr\/\" target=\"_blank\" rel=\"noopener noreferrer\">Insight Outside<\/a>, qui se sont charg\u00e9es de la gestion du projet, de la conception du stand jusqu&rsquo;\u00e0 sa commercialisation, en passant par la r\u00e9alisation des supports de communication et du mobilier. Une belle r\u00e9ussite pour Fr\u00e9d\u00e9ric Rochex et Nathalie Nathan, qui se positionnent plus que jamais comme des acteurs majeurs de l&rsquo;\u00e9v\u00e9nementiel d&rsquo;envergure &#8230;<\/span><\/span><\/div>","protected":false},"excerpt":{"rendered":"<p>Du 7 au 9 octobre dernier, le p\u00f4le de comp\u00e9titivit\u00e9 Minalogic \u00e9tait pr\u00e9sent au salon Semicon Europa avec une dizaine d&rsquo;entreprises. Ce sont deux entreprises d&rsquo;inovall\u00e9e, Workfriendly et Insight Outside, qui se sont charg\u00e9es de la gestion du projet, de la conception du stand jusqu&rsquo;\u00e0 sa commercialisation, en passant par la r\u00e9alisation des supports de [&hellip;]<\/p>\n","protected":false},"author":6,"featured_media":0,"comment_status":"closed","ping_status":"open","sticky":false,"template":"","format":"standard","meta":{"footnotes":""},"categories":[28],"tags":[],"class_list":["post-28477","post","type-post","status-publish","format-standard","hentry","category-actus-entreprises"],"yoast_head":"<!-- This site is optimized with the Yoast SEO plugin v27.4 - https:\/\/yoast.com\/product\/yoast-seo-wordpress\/ -->\n<title>Workfriendly et Insight Outside con\u00e7oivent le stand Minalogic \u00e0 semicon Europa - inovall\u00e9e<\/title>\n<meta name=\"robots\" content=\"index, follow, max-snippet:-1, max-image-preview:large, max-video-preview:-1\" \/>\n<link rel=\"canonical\" href=\"https:\/\/www.inovallee.com\/en\/workfriendly-et-insight-outside-concoivent-le-stand-minalogic-a-semicon-europa\/\" \/>\n<meta property=\"og:locale\" content=\"en_GB\" \/>\n<meta property=\"og:type\" content=\"article\" \/>\n<meta property=\"og:title\" content=\"Workfriendly et Insight Outside con\u00e7oivent le stand Minalogic \u00e0 semicon Europa - inovall\u00e9e\" \/>\n<meta property=\"og:description\" content=\"Du 7 au 9 octobre dernier, le p\u00f4le de comp\u00e9titivit\u00e9 Minalogic \u00e9tait pr\u00e9sent au salon Semicon Europa avec une dizaine d&rsquo;entreprises. Ce sont deux entreprises d&rsquo;inovall\u00e9e, Workfriendly et Insight Outside, qui se sont charg\u00e9es de la gestion du projet, de la conception du stand jusqu&rsquo;\u00e0 sa commercialisation, en passant par la r\u00e9alisation des supports de [&hellip;]\" \/>\n<meta property=\"og:url\" content=\"https:\/\/www.inovallee.com\/en\/workfriendly-et-insight-outside-concoivent-le-stand-minalogic-a-semicon-europa\/\" \/>\n<meta property=\"og:site_name\" content=\"inovall\u00e9e\" \/>\n<meta property=\"article:publisher\" content=\"https:\/\/www.facebook.com\/technopoleinovallee\/\" \/>\n<meta property=\"article:published_time\" content=\"2014-10-17T07:33:00+00:00\" \/>\n<meta property=\"og:image\" content=\"http:\/\/4.bp.blogspot.com\/-xFSlKKO95vQ\/VEDGGrgAuwI\/AAAAAAAAO6E\/BBYSpzrEiGc\/s1600\/IMG_3971.JPG\" \/>\n<meta name=\"author\" content=\"Inovallee\" \/>\n<meta name=\"twitter:card\" content=\"summary_large_image\" \/>\n<meta name=\"twitter:creator\" content=\"@inovallee\" \/>\n<meta name=\"twitter:site\" content=\"@inovallee\" \/>\n<meta name=\"twitter:label1\" content=\"Written by\" \/>\n\t<meta name=\"twitter:data1\" content=\"Inovallee\" \/>\n<script type=\"application\/ld+json\" class=\"yoast-schema-graph\">{\"@context\":\"https:\\\/\\\/schema.org\",\"@graph\":[{\"@type\":\"Article\",\"@id\":\"https:\\\/\\\/www.inovallee.com\\\/workfriendly-et-insight-outside-concoivent-le-stand-minalogic-a-semicon-europa\\\/#article\",\"isPartOf\":{\"@id\":\"https:\\\/\\\/www.inovallee.com\\\/workfriendly-et-insight-outside-concoivent-le-stand-minalogic-a-semicon-europa\\\/\"},\"author\":{\"name\":\"Inovallee\",\"@id\":\"https:\\\/\\\/www.inovallee.com\\\/#\\\/schema\\\/person\\\/a45b15518aad3111b2d61d257a3e023b\"},\"headline\":\"Workfriendly et Insight Outside con\u00e7oivent le stand Minalogic \u00e0 semicon Europa\",\"datePublished\":\"2014-10-17T07:33:00+00:00\",\"mainEntityOfPage\":{\"@id\":\"https:\\\/\\\/www.inovallee.com\\\/workfriendly-et-insight-outside-concoivent-le-stand-minalogic-a-semicon-europa\\\/\"},\"wordCount\":104,\"publisher\":{\"@id\":\"https:\\\/\\\/www.inovallee.com\\\/#organization\"},\"image\":{\"@id\":\"https:\\\/\\\/www.inovallee.com\\\/workfriendly-et-insight-outside-concoivent-le-stand-minalogic-a-semicon-europa\\\/#primaryimage\"},\"thumbnailUrl\":\"http:\\\/\\\/4.bp.blogspot.com\\\/-xFSlKKO95vQ\\\/VEDGGrgAuwI\\\/AAAAAAAAO6E\\\/BBYSpzrEiGc\\\/s1600\\\/IMG_3971.JPG\",\"articleSection\":[\"Sucess stories des entreprises d'inovall\u00e9e\"],\"inLanguage\":\"en-GB\"},{\"@type\":\"WebPage\",\"@id\":\"https:\\\/\\\/www.inovallee.com\\\/workfriendly-et-insight-outside-concoivent-le-stand-minalogic-a-semicon-europa\\\/\",\"url\":\"https:\\\/\\\/www.inovallee.com\\\/workfriendly-et-insight-outside-concoivent-le-stand-minalogic-a-semicon-europa\\\/\",\"name\":\"Workfriendly et Insight Outside con\u00e7oivent le stand Minalogic \u00e0 semicon Europa - inovall\u00e9e\",\"isPartOf\":{\"@id\":\"https:\\\/\\\/www.inovallee.com\\\/#website\"},\"primaryImageOfPage\":{\"@id\":\"https:\\\/\\\/www.inovallee.com\\\/workfriendly-et-insight-outside-concoivent-le-stand-minalogic-a-semicon-europa\\\/#primaryimage\"},\"image\":{\"@id\":\"https:\\\/\\\/www.inovallee.com\\\/workfriendly-et-insight-outside-concoivent-le-stand-minalogic-a-semicon-europa\\\/#primaryimage\"},\"thumbnailUrl\":\"http:\\\/\\\/4.bp.blogspot.com\\\/-xFSlKKO95vQ\\\/VEDGGrgAuwI\\\/AAAAAAAAO6E\\\/BBYSpzrEiGc\\\/s1600\\\/IMG_3971.JPG\",\"datePublished\":\"2014-10-17T07:33:00+00:00\",\"breadcrumb\":{\"@id\":\"https:\\\/\\\/www.inovallee.com\\\/workfriendly-et-insight-outside-concoivent-le-stand-minalogic-a-semicon-europa\\\/#breadcrumb\"},\"inLanguage\":\"en-GB\",\"potentialAction\":[{\"@type\":\"ReadAction\",\"target\":[\"https:\\\/\\\/www.inovallee.com\\\/workfriendly-et-insight-outside-concoivent-le-stand-minalogic-a-semicon-europa\\\/\"]}]},{\"@type\":\"ImageObject\",\"inLanguage\":\"en-GB\",\"@id\":\"https:\\\/\\\/www.inovallee.com\\\/workfriendly-et-insight-outside-concoivent-le-stand-minalogic-a-semicon-europa\\\/#primaryimage\",\"url\":\"http:\\\/\\\/4.bp.blogspot.com\\\/-xFSlKKO95vQ\\\/VEDGGrgAuwI\\\/AAAAAAAAO6E\\\/BBYSpzrEiGc\\\/s1600\\\/IMG_3971.JPG\",\"contentUrl\":\"http:\\\/\\\/4.bp.blogspot.com\\\/-xFSlKKO95vQ\\\/VEDGGrgAuwI\\\/AAAAAAAAO6E\\\/BBYSpzrEiGc\\\/s1600\\\/IMG_3971.JPG\"},{\"@type\":\"BreadcrumbList\",\"@id\":\"https:\\\/\\\/www.inovallee.com\\\/workfriendly-et-insight-outside-concoivent-le-stand-minalogic-a-semicon-europa\\\/#breadcrumb\",\"itemListElement\":[{\"@type\":\"ListItem\",\"position\":1,\"name\":\"Accueil\",\"item\":\"https:\\\/\\\/www.inovallee.com\\\/\"},{\"@type\":\"ListItem\",\"position\":2,\"name\":\"Workfriendly et Insight Outside con\u00e7oivent le stand Minalogic \u00e0 semicon Europa\"}]},{\"@type\":\"WebSite\",\"@id\":\"https:\\\/\\\/www.inovallee.com\\\/#website\",\"url\":\"https:\\\/\\\/www.inovallee.com\\\/\",\"name\":\"inovall\u00e9e technopole, Home to software & smart technologies\",\"description\":\"Home to software &amp; smart technologies\",\"publisher\":{\"@id\":\"https:\\\/\\\/www.inovallee.com\\\/#organization\"},\"potentialAction\":[{\"@type\":\"SearchAction\",\"target\":{\"@type\":\"EntryPoint\",\"urlTemplate\":\"https:\\\/\\\/www.inovallee.com\\\/?s={search_term_string}\"},\"query-input\":{\"@type\":\"PropertyValueSpecification\",\"valueRequired\":true,\"valueName\":\"search_term_string\"}}],\"inLanguage\":\"en-GB\"},{\"@type\":\"Organization\",\"@id\":\"https:\\\/\\\/www.inovallee.com\\\/#organization\",\"name\":\"inovall\u00e9e\",\"url\":\"https:\\\/\\\/www.inovallee.com\\\/\",\"logo\":{\"@type\":\"ImageObject\",\"inLanguage\":\"en-GB\",\"@id\":\"https:\\\/\\\/www.inovallee.com\\\/#\\\/schema\\\/logo\\\/image\\\/\",\"url\":\"https:\\\/\\\/www.inovallee.com\\\/wp-content\\\/uploads\\\/2023\\\/08\\\/inovallee_2022_GrenobleAlpes.png\",\"contentUrl\":\"https:\\\/\\\/www.inovallee.com\\\/wp-content\\\/uploads\\\/2023\\\/08\\\/inovallee_2022_GrenobleAlpes.png\",\"width\":945,\"height\":369,\"caption\":\"inovall\u00e9e\"},\"image\":{\"@id\":\"https:\\\/\\\/www.inovallee.com\\\/#\\\/schema\\\/logo\\\/image\\\/\"},\"sameAs\":[\"https:\\\/\\\/www.facebook.com\\\/technopoleinovallee\\\/\",\"https:\\\/\\\/x.com\\\/inovallee\",\"https:\\\/\\\/www.linkedin.com\\\/company\\\/inovall-e\\\/\",\"https:\\\/\\\/www.youtube.com\\\/user\\\/inovallee?reload=9\"]},{\"@type\":\"Person\",\"@id\":\"https:\\\/\\\/www.inovallee.com\\\/#\\\/schema\\\/person\\\/a45b15518aad3111b2d61d257a3e023b\",\"name\":\"Inovallee\"}]}<\/script>\n<!-- \/ Yoast SEO plugin. -->","yoast_head_json":{"title":"Workfriendly et Insight Outside con\u00e7oivent le stand Minalogic \u00e0 semicon Europa - inovall\u00e9e","robots":{"index":"index","follow":"follow","max-snippet":"max-snippet:-1","max-image-preview":"max-image-preview:large","max-video-preview":"max-video-preview:-1"},"canonical":"https:\/\/www.inovallee.com\/en\/workfriendly-et-insight-outside-concoivent-le-stand-minalogic-a-semicon-europa\/","og_locale":"en_GB","og_type":"article","og_title":"Workfriendly et Insight Outside con\u00e7oivent le stand Minalogic \u00e0 semicon Europa - inovall\u00e9e","og_description":"Du 7 au 9 octobre dernier, le p\u00f4le de comp\u00e9titivit\u00e9 Minalogic \u00e9tait pr\u00e9sent au salon Semicon Europa avec une dizaine d&rsquo;entreprises. Ce sont deux entreprises d&rsquo;inovall\u00e9e, Workfriendly et Insight Outside, qui se sont charg\u00e9es de la gestion du projet, de la conception du stand jusqu&rsquo;\u00e0 sa commercialisation, en passant par la r\u00e9alisation des supports de [&hellip;]","og_url":"https:\/\/www.inovallee.com\/en\/workfriendly-et-insight-outside-concoivent-le-stand-minalogic-a-semicon-europa\/","og_site_name":"inovall\u00e9e","article_publisher":"https:\/\/www.facebook.com\/technopoleinovallee\/","article_published_time":"2014-10-17T07:33:00+00:00","og_image":[{"url":"http:\/\/4.bp.blogspot.com\/-xFSlKKO95vQ\/VEDGGrgAuwI\/AAAAAAAAO6E\/BBYSpzrEiGc\/s1600\/IMG_3971.JPG","type":"","width":"","height":""}],"author":"Inovallee","twitter_card":"summary_large_image","twitter_creator":"@inovallee","twitter_site":"@inovallee","twitter_misc":{"Written by":"Inovallee"},"schema":{"@context":"https:\/\/schema.org","@graph":[{"@type":"Article","@id":"https:\/\/www.inovallee.com\/workfriendly-et-insight-outside-concoivent-le-stand-minalogic-a-semicon-europa\/#article","isPartOf":{"@id":"https:\/\/www.inovallee.com\/workfriendly-et-insight-outside-concoivent-le-stand-minalogic-a-semicon-europa\/"},"author":{"name":"Inovallee","@id":"https:\/\/www.inovallee.com\/#\/schema\/person\/a45b15518aad3111b2d61d257a3e023b"},"headline":"Workfriendly et Insight Outside con\u00e7oivent le stand Minalogic \u00e0 semicon Europa","datePublished":"2014-10-17T07:33:00+00:00","mainEntityOfPage":{"@id":"https:\/\/www.inovallee.com\/workfriendly-et-insight-outside-concoivent-le-stand-minalogic-a-semicon-europa\/"},"wordCount":104,"publisher":{"@id":"https:\/\/www.inovallee.com\/#organization"},"image":{"@id":"https:\/\/www.inovallee.com\/workfriendly-et-insight-outside-concoivent-le-stand-minalogic-a-semicon-europa\/#primaryimage"},"thumbnailUrl":"http:\/\/4.bp.blogspot.com\/-xFSlKKO95vQ\/VEDGGrgAuwI\/AAAAAAAAO6E\/BBYSpzrEiGc\/s1600\/IMG_3971.JPG","articleSection":["Sucess stories des entreprises d'inovall\u00e9e"],"inLanguage":"en-GB"},{"@type":"WebPage","@id":"https:\/\/www.inovallee.com\/workfriendly-et-insight-outside-concoivent-le-stand-minalogic-a-semicon-europa\/","url":"https:\/\/www.inovallee.com\/workfriendly-et-insight-outside-concoivent-le-stand-minalogic-a-semicon-europa\/","name":"Workfriendly et Insight Outside con\u00e7oivent le stand Minalogic \u00e0 semicon Europa - inovall\u00e9e","isPartOf":{"@id":"https:\/\/www.inovallee.com\/#website"},"primaryImageOfPage":{"@id":"https:\/\/www.inovallee.com\/workfriendly-et-insight-outside-concoivent-le-stand-minalogic-a-semicon-europa\/#primaryimage"},"image":{"@id":"https:\/\/www.inovallee.com\/workfriendly-et-insight-outside-concoivent-le-stand-minalogic-a-semicon-europa\/#primaryimage"},"thumbnailUrl":"http:\/\/4.bp.blogspot.com\/-xFSlKKO95vQ\/VEDGGrgAuwI\/AAAAAAAAO6E\/BBYSpzrEiGc\/s1600\/IMG_3971.JPG","datePublished":"2014-10-17T07:33:00+00:00","breadcrumb":{"@id":"https:\/\/www.inovallee.com\/workfriendly-et-insight-outside-concoivent-le-stand-minalogic-a-semicon-europa\/#breadcrumb"},"inLanguage":"en-GB","potentialAction":[{"@type":"ReadAction","target":["https:\/\/www.inovallee.com\/workfriendly-et-insight-outside-concoivent-le-stand-minalogic-a-semicon-europa\/"]}]},{"@type":"ImageObject","inLanguage":"en-GB","@id":"https:\/\/www.inovallee.com\/workfriendly-et-insight-outside-concoivent-le-stand-minalogic-a-semicon-europa\/#primaryimage","url":"http:\/\/4.bp.blogspot.com\/-xFSlKKO95vQ\/VEDGGrgAuwI\/AAAAAAAAO6E\/BBYSpzrEiGc\/s1600\/IMG_3971.JPG","contentUrl":"http:\/\/4.bp.blogspot.com\/-xFSlKKO95vQ\/VEDGGrgAuwI\/AAAAAAAAO6E\/BBYSpzrEiGc\/s1600\/IMG_3971.JPG"},{"@type":"BreadcrumbList","@id":"https:\/\/www.inovallee.com\/workfriendly-et-insight-outside-concoivent-le-stand-minalogic-a-semicon-europa\/#breadcrumb","itemListElement":[{"@type":"ListItem","position":1,"name":"Accueil","item":"https:\/\/www.inovallee.com\/"},{"@type":"ListItem","position":2,"name":"Workfriendly et Insight Outside con\u00e7oivent le stand Minalogic \u00e0 semicon Europa"}]},{"@type":"WebSite","@id":"https:\/\/www.inovallee.com\/#website","url":"https:\/\/www.inovallee.com\/","name":"inovall\u00e9e technopole, Home to software & smart technologies","description":"Home to software &amp; smart technologies","publisher":{"@id":"https:\/\/www.inovallee.com\/#organization"},"potentialAction":[{"@type":"SearchAction","target":{"@type":"EntryPoint","urlTemplate":"https:\/\/www.inovallee.com\/?s={search_term_string}"},"query-input":{"@type":"PropertyValueSpecification","valueRequired":true,"valueName":"search_term_string"}}],"inLanguage":"en-GB"},{"@type":"Organization","@id":"https:\/\/www.inovallee.com\/#organization","name":"inovall\u00e9e","url":"https:\/\/www.inovallee.com\/","logo":{"@type":"ImageObject","inLanguage":"en-GB","@id":"https:\/\/www.inovallee.com\/#\/schema\/logo\/image\/","url":"https:\/\/www.inovallee.com\/wp-content\/uploads\/2023\/08\/inovallee_2022_GrenobleAlpes.png","contentUrl":"https:\/\/www.inovallee.com\/wp-content\/uploads\/2023\/08\/inovallee_2022_GrenobleAlpes.png","width":945,"height":369,"caption":"inovall\u00e9e"},"image":{"@id":"https:\/\/www.inovallee.com\/#\/schema\/logo\/image\/"},"sameAs":["https:\/\/www.facebook.com\/technopoleinovallee\/","https:\/\/x.com\/inovallee","https:\/\/www.linkedin.com\/company\/inovall-e\/","https:\/\/www.youtube.com\/user\/inovallee?reload=9"]},{"@type":"Person","@id":"https:\/\/www.inovallee.com\/#\/schema\/person\/a45b15518aad3111b2d61d257a3e023b","name":"Inovallee"}]}},"_links":{"self":[{"href":"https:\/\/www.inovallee.com\/en\/wp-json\/wp\/v2\/posts\/28477","targetHints":{"allow":["GET"]}}],"collection":[{"href":"https:\/\/www.inovallee.com\/en\/wp-json\/wp\/v2\/posts"}],"about":[{"href":"https:\/\/www.inovallee.com\/en\/wp-json\/wp\/v2\/types\/post"}],"author":[{"embeddable":true,"href":"https:\/\/www.inovallee.com\/en\/wp-json\/wp\/v2\/users\/6"}],"replies":[{"embeddable":true,"href":"https:\/\/www.inovallee.com\/en\/wp-json\/wp\/v2\/comments?post=28477"}],"version-history":[{"count":0,"href":"https:\/\/www.inovallee.com\/en\/wp-json\/wp\/v2\/posts\/28477\/revisions"}],"wp:attachment":[{"href":"https:\/\/www.inovallee.com\/en\/wp-json\/wp\/v2\/media?parent=28477"}],"wp:term":[{"taxonomy":"category","embeddable":true,"href":"https:\/\/www.inovallee.com\/en\/wp-json\/wp\/v2\/categories?post=28477"},{"taxonomy":"post_tag","embeddable":true,"href":"https:\/\/www.inovallee.com\/en\/wp-json\/wp\/v2\/tags?post=28477"}],"curies":[{"name":"wp","href":"https:\/\/api.w.org\/{rel}","templated":true}]}}