{"id":28534,"date":"2014-05-22T09:58:00","date_gmt":"2014-05-22T08:58:00","guid":{"rendered":"https:\/\/www.inovallee.com\/fete-des-laureats-2013-du-reseau-entreprendre-isere-3-entreprises-dinovallee-recompensees\/"},"modified":"2014-05-22T09:58:00","modified_gmt":"2014-05-22T08:58:00","slug":"fete-des-laureats-2013-du-reseau-entreprendre-isere-3-entreprises-dinovallee-recompensees","status":"publish","type":"post","link":"https:\/\/www.inovallee.com\/en\/fete-des-laureats-2013-du-reseau-entreprendre-isere-3-entreprises-dinovallee-recompensees\/","title":{"rendered":"F\u00eate des laur\u00e9ats 2013 du r\u00e9seau Entreprendre Is\u00e8re : 3 entreprises d&#039;inovall\u00e9e r\u00e9compens\u00e9es"},"content":{"rendered":"<div dir=\"ltr\" style=\"text-align: left;\"><span style=\"font-size: x-small;\"><span style=\"font-family: Arial,Helvetica,sans-serif;\">Le 19 mai dernier, le world trade center accueillait la f\u00eate annuelle des laur\u00e9ats du r\u00e9seau Entreprendre Is\u00e8re, parrain\u00e9e cette ann\u00e9e par Laurence de la Ferri\u00e8re, alpiniste et aventuri\u00e8re aux nombreux exploits en conditions extr\u00eames. <br \/>Philippe Mattia, pr\u00e9sident du R\u00e9seau entreprendre Is\u00e8re et Suzy Cazzaro, sa directrice ont rappel\u00e9 que si le courage, la d\u00e9termination et le soutien de l&rsquo;\u00e9quipe sont des qualit\u00e9s primordiales pour mener de telles aventures, elles sont \u00e9galement indispensables dans le domaine de l&rsquo;entrepreunariat.<\/span><\/span><br \/><span style=\"font-size: x-small;\"><span style=\"font-family: Arial,Helvetica,sans-serif;\">C&rsquo;est face \u00e0 400 invit\u00e9s attentifs que les 18 entreprises laur\u00e9ates 2013 (sur 232 candidatures) ont pr\u00e9sent\u00e9 en moins de 2 minutes leurs parcours et leur projet, et parmi elles, 4 entreprises d&rsquo;inovall\u00e9e (dont 2 de la p\u00e9pini\u00e8re le Tarmac) : <\/span><\/span><\/p>\n<p><span style=\"font-size: x-small;\"><span style=\"font-family: Arial,Helvetica,sans-serif;\"><b>B&rsquo;Dis, <\/b>qui propose des produits techniques innovants dans le domaine du mat\u00e9riel \u00e9lectrique et qui est \u00e9galement sp\u00e9cialiste en gravure industrielle, m\u00e9canique ou laser. <a href=\"http:\/\/www.bdis.fr\/\">www.bdis.fr<\/a><\/span><\/span><\/p>\n<p><span style=\"font-size: x-small;\"><span style=\"font-family: Arial,Helvetica,sans-serif;\"><b>ButterflyEffect,<\/b> agence digitale sp\u00e9cialis\u00e9e sur le secteur du \u00ab\u00a0non-profit\u00a0\u00bb, <a href=\"http:\/\/www.butterflyeffect.fr\/\" target=\"_blank\" rel=\"noopener noreferrer\">www.butterflyeffect.fr <\/a><\/span><\/span><\/p>\n<p><span style=\"font-size: x-small;\"><span style=\"font-family: Arial,Helvetica,sans-serif;\"><b>Irlynx<\/b>, qui con\u00e7oit des d\u00e9tecteurs d&rsquo;activit\u00e9 humaine par infra-rouge lointain <a href=\"http:\/\/www.irlynx.com\/\">www.irlynx.com<\/a><\/span><\/span><\/div>","protected":false},"excerpt":{"rendered":"<p>Le 19 mai dernier, le world trade center accueillait la f\u00eate annuelle des laur\u00e9ats du r\u00e9seau Entreprendre Is\u00e8re, parrain\u00e9e cette ann\u00e9e par Laurence de la Ferri\u00e8re, alpiniste et aventuri\u00e8re aux nombreux exploits en conditions extr\u00eames. Philippe Mattia, pr\u00e9sident du R\u00e9seau entreprendre Is\u00e8re et Suzy Cazzaro, sa directrice ont rappel\u00e9 que si le courage, la d\u00e9termination [&hellip;]<\/p>\n","protected":false},"author":6,"featured_media":0,"comment_status":"closed","ping_status":"open","sticky":false,"template":"","format":"standard","meta":{"footnotes":""},"categories":[28],"tags":[],"class_list":["post-28534","post","type-post","status-publish","format-standard","hentry","category-actus-entreprises"],"yoast_head":"<!-- This site is optimized with the Yoast SEO plugin v27.4 - https:\/\/yoast.com\/product\/yoast-seo-wordpress\/ -->\n<title>F\u00eate des laur\u00e9ats 2013 du r\u00e9seau Entreprendre Is\u00e8re : 3 entreprises d&#039;inovall\u00e9e r\u00e9compens\u00e9es - inovall\u00e9e<\/title>\n<meta name=\"robots\" content=\"index, follow, max-snippet:-1, max-image-preview:large, max-video-preview:-1\" \/>\n<link rel=\"canonical\" href=\"https:\/\/www.inovallee.com\/en\/fete-des-laureats-2013-du-reseau-entreprendre-isere-3-entreprises-dinovallee-recompensees\/\" \/>\n<meta property=\"og:locale\" content=\"en_GB\" \/>\n<meta property=\"og:type\" content=\"article\" \/>\n<meta property=\"og:title\" content=\"F\u00eate des laur\u00e9ats 2013 du r\u00e9seau Entreprendre Is\u00e8re : 3 entreprises d&#039;inovall\u00e9e r\u00e9compens\u00e9es - inovall\u00e9e\" \/>\n<meta property=\"og:description\" content=\"Le 19 mai dernier, le world trade center accueillait la f\u00eate annuelle des laur\u00e9ats du r\u00e9seau Entreprendre Is\u00e8re, parrain\u00e9e cette ann\u00e9e par Laurence de la Ferri\u00e8re, alpiniste et aventuri\u00e8re aux nombreux exploits en conditions extr\u00eames. Philippe Mattia, pr\u00e9sident du R\u00e9seau entreprendre Is\u00e8re et Suzy Cazzaro, sa directrice ont rappel\u00e9 que si le courage, la d\u00e9termination [&hellip;]\" \/>\n<meta property=\"og:url\" content=\"https:\/\/www.inovallee.com\/en\/fete-des-laureats-2013-du-reseau-entreprendre-isere-3-entreprises-dinovallee-recompensees\/\" \/>\n<meta property=\"og:site_name\" content=\"inovall\u00e9e\" \/>\n<meta property=\"article:publisher\" content=\"https:\/\/www.facebook.com\/technopoleinovallee\/\" \/>\n<meta property=\"article:published_time\" content=\"2014-05-22T08:58:00+00:00\" \/>\n<meta name=\"author\" content=\"Inovallee\" \/>\n<meta name=\"twitter:card\" content=\"summary_large_image\" \/>\n<meta name=\"twitter:creator\" content=\"@inovallee\" \/>\n<meta name=\"twitter:site\" content=\"@inovallee\" \/>\n<meta name=\"twitter:label1\" content=\"Written by\" \/>\n\t<meta name=\"twitter:data1\" content=\"Inovallee\" \/>\n\t<meta name=\"twitter:label2\" content=\"Estimated reading time\" \/>\n\t<meta name=\"twitter:data2\" content=\"1 minute\" \/>\n<script type=\"application\/ld+json\" class=\"yoast-schema-graph\">{\"@context\":\"https:\\\/\\\/schema.org\",\"@graph\":[{\"@type\":\"Article\",\"@id\":\"https:\\\/\\\/www.inovallee.com\\\/fete-des-laureats-2013-du-reseau-entreprendre-isere-3-entreprises-dinovallee-recompensees\\\/#article\",\"isPartOf\":{\"@id\":\"https:\\\/\\\/www.inovallee.com\\\/fete-des-laureats-2013-du-reseau-entreprendre-isere-3-entreprises-dinovallee-recompensees\\\/\"},\"author\":{\"name\":\"Inovallee\",\"@id\":\"https:\\\/\\\/www.inovallee.com\\\/#\\\/schema\\\/person\\\/a45b15518aad3111b2d61d257a3e023b\"},\"headline\":\"F\u00eate des laur\u00e9ats 2013 du r\u00e9seau Entreprendre Is\u00e8re : 3 entreprises d&#039;inovall\u00e9e r\u00e9compens\u00e9es\",\"datePublished\":\"2014-05-22T08:58:00+00:00\",\"mainEntityOfPage\":{\"@id\":\"https:\\\/\\\/www.inovallee.com\\\/fete-des-laureats-2013-du-reseau-entreprendre-isere-3-entreprises-dinovallee-recompensees\\\/\"},\"wordCount\":212,\"publisher\":{\"@id\":\"https:\\\/\\\/www.inovallee.com\\\/#organization\"},\"articleSection\":[\"Sucess stories des entreprises d'inovall\u00e9e\"],\"inLanguage\":\"en-GB\"},{\"@type\":\"WebPage\",\"@id\":\"https:\\\/\\\/www.inovallee.com\\\/fete-des-laureats-2013-du-reseau-entreprendre-isere-3-entreprises-dinovallee-recompensees\\\/\",\"url\":\"https:\\\/\\\/www.inovallee.com\\\/fete-des-laureats-2013-du-reseau-entreprendre-isere-3-entreprises-dinovallee-recompensees\\\/\",\"name\":\"F\u00eate des laur\u00e9ats 2013 du r\u00e9seau Entreprendre Is\u00e8re : 3 entreprises d&#039;inovall\u00e9e r\u00e9compens\u00e9es - inovall\u00e9e\",\"isPartOf\":{\"@id\":\"https:\\\/\\\/www.inovallee.com\\\/#website\"},\"datePublished\":\"2014-05-22T08:58:00+00:00\",\"breadcrumb\":{\"@id\":\"https:\\\/\\\/www.inovallee.com\\\/fete-des-laureats-2013-du-reseau-entreprendre-isere-3-entreprises-dinovallee-recompensees\\\/#breadcrumb\"},\"inLanguage\":\"en-GB\",\"potentialAction\":[{\"@type\":\"ReadAction\",\"target\":[\"https:\\\/\\\/www.inovallee.com\\\/fete-des-laureats-2013-du-reseau-entreprendre-isere-3-entreprises-dinovallee-recompensees\\\/\"]}]},{\"@type\":\"BreadcrumbList\",\"@id\":\"https:\\\/\\\/www.inovallee.com\\\/fete-des-laureats-2013-du-reseau-entreprendre-isere-3-entreprises-dinovallee-recompensees\\\/#breadcrumb\",\"itemListElement\":[{\"@type\":\"ListItem\",\"position\":1,\"name\":\"Accueil\",\"item\":\"https:\\\/\\\/www.inovallee.com\\\/\"},{\"@type\":\"ListItem\",\"position\":2,\"name\":\"F\u00eate des laur\u00e9ats 2013 du r\u00e9seau Entreprendre Is\u00e8re : 3 entreprises d&#039;inovall\u00e9e r\u00e9compens\u00e9es\"}]},{\"@type\":\"WebSite\",\"@id\":\"https:\\\/\\\/www.inovallee.com\\\/#website\",\"url\":\"https:\\\/\\\/www.inovallee.com\\\/\",\"name\":\"inovall\u00e9e technopole, Home to software & smart technologies\",\"description\":\"Home to software &amp; smart technologies\",\"publisher\":{\"@id\":\"https:\\\/\\\/www.inovallee.com\\\/#organization\"},\"potentialAction\":[{\"@type\":\"SearchAction\",\"target\":{\"@type\":\"EntryPoint\",\"urlTemplate\":\"https:\\\/\\\/www.inovallee.com\\\/?s={search_term_string}\"},\"query-input\":{\"@type\":\"PropertyValueSpecification\",\"valueRequired\":true,\"valueName\":\"search_term_string\"}}],\"inLanguage\":\"en-GB\"},{\"@type\":\"Organization\",\"@id\":\"https:\\\/\\\/www.inovallee.com\\\/#organization\",\"name\":\"inovall\u00e9e\",\"url\":\"https:\\\/\\\/www.inovallee.com\\\/\",\"logo\":{\"@type\":\"ImageObject\",\"inLanguage\":\"en-GB\",\"@id\":\"https:\\\/\\\/www.inovallee.com\\\/#\\\/schema\\\/logo\\\/image\\\/\",\"url\":\"https:\\\/\\\/www.inovallee.com\\\/wp-content\\\/uploads\\\/2023\\\/08\\\/inovallee_2022_GrenobleAlpes.png\",\"contentUrl\":\"https:\\\/\\\/www.inovallee.com\\\/wp-content\\\/uploads\\\/2023\\\/08\\\/inovallee_2022_GrenobleAlpes.png\",\"width\":945,\"height\":369,\"caption\":\"inovall\u00e9e\"},\"image\":{\"@id\":\"https:\\\/\\\/www.inovallee.com\\\/#\\\/schema\\\/logo\\\/image\\\/\"},\"sameAs\":[\"https:\\\/\\\/www.facebook.com\\\/technopoleinovallee\\\/\",\"https:\\\/\\\/x.com\\\/inovallee\",\"https:\\\/\\\/www.linkedin.com\\\/company\\\/inovall-e\\\/\",\"https:\\\/\\\/www.youtube.com\\\/user\\\/inovallee?reload=9\"]},{\"@type\":\"Person\",\"@id\":\"https:\\\/\\\/www.inovallee.com\\\/#\\\/schema\\\/person\\\/a45b15518aad3111b2d61d257a3e023b\",\"name\":\"Inovallee\"}]}<\/script>\n<!-- \/ Yoast SEO plugin. -->","yoast_head_json":{"title":"F\u00eate des laur\u00e9ats 2013 du r\u00e9seau Entreprendre Is\u00e8re : 3 entreprises d&#039;inovall\u00e9e r\u00e9compens\u00e9es - inovall\u00e9e","robots":{"index":"index","follow":"follow","max-snippet":"max-snippet:-1","max-image-preview":"max-image-preview:large","max-video-preview":"max-video-preview:-1"},"canonical":"https:\/\/www.inovallee.com\/en\/fete-des-laureats-2013-du-reseau-entreprendre-isere-3-entreprises-dinovallee-recompensees\/","og_locale":"en_GB","og_type":"article","og_title":"F\u00eate des laur\u00e9ats 2013 du r\u00e9seau Entreprendre Is\u00e8re : 3 entreprises d&#039;inovall\u00e9e r\u00e9compens\u00e9es - inovall\u00e9e","og_description":"Le 19 mai dernier, le world trade center accueillait la f\u00eate annuelle des laur\u00e9ats du r\u00e9seau Entreprendre Is\u00e8re, parrain\u00e9e cette ann\u00e9e par Laurence de la Ferri\u00e8re, alpiniste et aventuri\u00e8re aux nombreux exploits en conditions extr\u00eames. Philippe Mattia, pr\u00e9sident du R\u00e9seau entreprendre Is\u00e8re et Suzy Cazzaro, sa directrice ont rappel\u00e9 que si le courage, la d\u00e9termination [&hellip;]","og_url":"https:\/\/www.inovallee.com\/en\/fete-des-laureats-2013-du-reseau-entreprendre-isere-3-entreprises-dinovallee-recompensees\/","og_site_name":"inovall\u00e9e","article_publisher":"https:\/\/www.facebook.com\/technopoleinovallee\/","article_published_time":"2014-05-22T08:58:00+00:00","author":"Inovallee","twitter_card":"summary_large_image","twitter_creator":"@inovallee","twitter_site":"@inovallee","twitter_misc":{"Written by":"Inovallee","Estimated reading time":"1 minute"},"schema":{"@context":"https:\/\/schema.org","@graph":[{"@type":"Article","@id":"https:\/\/www.inovallee.com\/fete-des-laureats-2013-du-reseau-entreprendre-isere-3-entreprises-dinovallee-recompensees\/#article","isPartOf":{"@id":"https:\/\/www.inovallee.com\/fete-des-laureats-2013-du-reseau-entreprendre-isere-3-entreprises-dinovallee-recompensees\/"},"author":{"name":"Inovallee","@id":"https:\/\/www.inovallee.com\/#\/schema\/person\/a45b15518aad3111b2d61d257a3e023b"},"headline":"F\u00eate des laur\u00e9ats 2013 du r\u00e9seau Entreprendre Is\u00e8re : 3 entreprises d&#039;inovall\u00e9e r\u00e9compens\u00e9es","datePublished":"2014-05-22T08:58:00+00:00","mainEntityOfPage":{"@id":"https:\/\/www.inovallee.com\/fete-des-laureats-2013-du-reseau-entreprendre-isere-3-entreprises-dinovallee-recompensees\/"},"wordCount":212,"publisher":{"@id":"https:\/\/www.inovallee.com\/#organization"},"articleSection":["Sucess stories des entreprises d'inovall\u00e9e"],"inLanguage":"en-GB"},{"@type":"WebPage","@id":"https:\/\/www.inovallee.com\/fete-des-laureats-2013-du-reseau-entreprendre-isere-3-entreprises-dinovallee-recompensees\/","url":"https:\/\/www.inovallee.com\/fete-des-laureats-2013-du-reseau-entreprendre-isere-3-entreprises-dinovallee-recompensees\/","name":"F\u00eate des laur\u00e9ats 2013 du r\u00e9seau Entreprendre Is\u00e8re : 3 entreprises d&#039;inovall\u00e9e r\u00e9compens\u00e9es - inovall\u00e9e","isPartOf":{"@id":"https:\/\/www.inovallee.com\/#website"},"datePublished":"2014-05-22T08:58:00+00:00","breadcrumb":{"@id":"https:\/\/www.inovallee.com\/fete-des-laureats-2013-du-reseau-entreprendre-isere-3-entreprises-dinovallee-recompensees\/#breadcrumb"},"inLanguage":"en-GB","potentialAction":[{"@type":"ReadAction","target":["https:\/\/www.inovallee.com\/fete-des-laureats-2013-du-reseau-entreprendre-isere-3-entreprises-dinovallee-recompensees\/"]}]},{"@type":"BreadcrumbList","@id":"https:\/\/www.inovallee.com\/fete-des-laureats-2013-du-reseau-entreprendre-isere-3-entreprises-dinovallee-recompensees\/#breadcrumb","itemListElement":[{"@type":"ListItem","position":1,"name":"Accueil","item":"https:\/\/www.inovallee.com\/"},{"@type":"ListItem","position":2,"name":"F\u00eate des laur\u00e9ats 2013 du r\u00e9seau Entreprendre Is\u00e8re : 3 entreprises d&#039;inovall\u00e9e r\u00e9compens\u00e9es"}]},{"@type":"WebSite","@id":"https:\/\/www.inovallee.com\/#website","url":"https:\/\/www.inovallee.com\/","name":"inovall\u00e9e technopole, Home to software & smart technologies","description":"Home to software &amp; smart technologies","publisher":{"@id":"https:\/\/www.inovallee.com\/#organization"},"potentialAction":[{"@type":"SearchAction","target":{"@type":"EntryPoint","urlTemplate":"https:\/\/www.inovallee.com\/?s={search_term_string}"},"query-input":{"@type":"PropertyValueSpecification","valueRequired":true,"valueName":"search_term_string"}}],"inLanguage":"en-GB"},{"@type":"Organization","@id":"https:\/\/www.inovallee.com\/#organization","name":"inovall\u00e9e","url":"https:\/\/www.inovallee.com\/","logo":{"@type":"ImageObject","inLanguage":"en-GB","@id":"https:\/\/www.inovallee.com\/#\/schema\/logo\/image\/","url":"https:\/\/www.inovallee.com\/wp-content\/uploads\/2023\/08\/inovallee_2022_GrenobleAlpes.png","contentUrl":"https:\/\/www.inovallee.com\/wp-content\/uploads\/2023\/08\/inovallee_2022_GrenobleAlpes.png","width":945,"height":369,"caption":"inovall\u00e9e"},"image":{"@id":"https:\/\/www.inovallee.com\/#\/schema\/logo\/image\/"},"sameAs":["https:\/\/www.facebook.com\/technopoleinovallee\/","https:\/\/x.com\/inovallee","https:\/\/www.linkedin.com\/company\/inovall-e\/","https:\/\/www.youtube.com\/user\/inovallee?reload=9"]},{"@type":"Person","@id":"https:\/\/www.inovallee.com\/#\/schema\/person\/a45b15518aad3111b2d61d257a3e023b","name":"Inovallee"}]}},"_links":{"self":[{"href":"https:\/\/www.inovallee.com\/en\/wp-json\/wp\/v2\/posts\/28534","targetHints":{"allow":["GET"]}}],"collection":[{"href":"https:\/\/www.inovallee.com\/en\/wp-json\/wp\/v2\/posts"}],"about":[{"href":"https:\/\/www.inovallee.com\/en\/wp-json\/wp\/v2\/types\/post"}],"author":[{"embeddable":true,"href":"https:\/\/www.inovallee.com\/en\/wp-json\/wp\/v2\/users\/6"}],"replies":[{"embeddable":true,"href":"https:\/\/www.inovallee.com\/en\/wp-json\/wp\/v2\/comments?post=28534"}],"version-history":[{"count":0,"href":"https:\/\/www.inovallee.com\/en\/wp-json\/wp\/v2\/posts\/28534\/revisions"}],"wp:attachment":[{"href":"https:\/\/www.inovallee.com\/en\/wp-json\/wp\/v2\/media?parent=28534"}],"wp:term":[{"taxonomy":"category","embeddable":true,"href":"https:\/\/www.inovallee.com\/en\/wp-json\/wp\/v2\/categories?post=28534"},{"taxonomy":"post_tag","embeddable":true,"href":"https:\/\/www.inovallee.com\/en\/wp-json\/wp\/v2\/tags?post=28534"}],"curies":[{"name":"wp","href":"https:\/\/api.w.org\/{rel}","templated":true}]}}