{"id":28547,"date":"2014-03-18T11:15:00","date_gmt":"2014-03-18T10:15:00","guid":{"rendered":"https:\/\/www.inovallee.com\/atn-groupe-organise-un-seminiare-sur-les-solutions-cloud-pour-lentreprise-le-22-avril\/"},"modified":"2014-03-18T11:15:00","modified_gmt":"2014-03-18T10:15:00","slug":"atn-groupe-organise-un-seminiare-sur-les-solutions-cloud-pour-lentreprise-le-22-avril","status":"publish","type":"post","link":"https:\/\/www.inovallee.com\/en\/atn-groupe-organise-un-seminiare-sur-les-solutions-cloud-pour-lentreprise-le-22-avril\/","title":{"rendered":"atn groupe organise un s\u00e9miniare sur les solutions Cloud pour l&#039;entreprise le 22 avril"},"content":{"rendered":"<div dir=\"ltr\" style=\"text-align: left;\">\n<div style=\"clear: both; text-align: center;\"><a href=\"http:\/\/2.bp.blogspot.com\/-7TN3Jj-YFVI\/UygcqELRB_I\/AAAAAAAAKNM\/gXQLp7ZVIQ4\/s1600\/ATN+Groupe+logo.jpg\" style=\"clear: left; float: left; margin-bottom: 1em; margin-right: 1em;\"><img decoding=\"async\" border=\"0\" src=\"http:\/\/2.bp.blogspot.com\/-7TN3Jj-YFVI\/UygcqELRB_I\/AAAAAAAAKNM\/gXQLp7ZVIQ4\/s1600\/ATN+Groupe+logo.jpg\" height=\"103\" width=\"200\" \/><\/a><\/div>\n<p><span style=\"font-family: Verdana,sans-serif;\"><span style=\"font-size: x-small;\">Dans le cadre d\u2019un partenariat \u00ab Marketing Premium \u00bb avec Microsoft, ATN Groupe organise un s\u00e9minaire, le 22 Avril 2014 \u00e0 H\u00f4tel Mercure de Meylan.<br \/>Une demi-journ\u00e9e, pour r\u00e9pondre aux questions comme : <br \/>&#8211; pourquoi migrer vers le Cloud ?<br \/>&#8211; Quel est l&rsquo;int\u00e9r\u00eat d&rsquo;une solution Cloud Office 365 dans une entreprise ? <br \/>&#8211; Comment le nouveau syst\u00e8me Windows 8 participe au Cloud ? <br \/>&#8211; Quels sont les usages\/avantages et les principales fonctionnalit\u00e9s de ces solutions ?&nbsp;<\/span><\/span><br \/><span style=\"font-family: Verdana,sans-serif;\"><span style=\"font-size: x-small;\">L\u2019essence des PME, c\u2019est leurs capacit\u00e9s \u00e0 r\u00e9agir vite gr\u00e2ce \u00e0 de l\u2019innovation permanente. En int\u00e9grant les solutions informatiques les plus adapt\u00e9es, l\u2019entreprise peut gagner en performance et s\u00e9curit\u00e9, faciliter le travail collaboratif et acqu\u00e9rir de nouveaux avantages comp\u00e9titifs. C\u2019est justement la promesse des solutions Office 365 et Windows 8. Un diagnostic gratuit est propos\u00e9 aux inscrits et leurs permettra de gagner la Tablette Microsoft Surface Pro 2 !<\/span><\/span><\/p>\n<p><span style=\"font-family: Verdana,sans-serif;\"><span style=\"font-size: x-small;\">A propos d\u2019ATN<br \/>Fond\u00e9e en 1997 \u00e0 Grenoble, ATN d\u00e9veloppe en permanence ses savoir-faire et ses m\u00e9thodes pour que les entreprises b\u00e9n\u00e9ficient au mieux des atouts des nouvelles technologies du num\u00e9rique. Aujourd\u2019hui, ATN intervient de mani\u00e8re transverse dans les domaines compl\u00e9mentaires du Cloud Computing, de l\u2019Informatique, des T\u00e9l\u00e9coms et des Applications E-Business, avec une organisation structur\u00e9e par services et par m\u00e9tiers.<br \/>Reconnue par les acteurs leaders du march\u00e9, ATN Groupe est notamment certifi\u00e9 Management System, Cloud et Infrastructure. La soci\u00e9t\u00e9 dispose de plus de 500 r\u00e9f\u00e9rences clients, entreprises et PME-PMI, dans les secteurs de l\u2019industrie, des services et de la sant\u00e9 dans la r\u00e9gion.<br \/>&nbsp;<\/span><\/span><br \/><span style=\"font-family: Verdana,sans-serif;\"><span style=\"font-size: x-small;\">Pour en savoir plus&nbsp;<\/span><\/span><br \/><span style=\"font-family: Verdana,sans-serif;\"><span style=\"font-size: x-small;\">Shruti SHARMA &#8211; 04 76 41 17 17 &#8211; <a href=\"mailto:s.sharma@atngroupe.fr\">s.sharma@atngroupe.fr<\/a><br \/><a href=\"http:\/\/www.atngroupe.fr\/\" target=\"_blank\" rel=\"noopener noreferrer\">www.atngroupe.fr <\/a><\/span><\/span><\/div>","protected":false},"excerpt":{"rendered":"<p>Dans le cadre d\u2019un partenariat \u00ab Marketing Premium \u00bb avec Microsoft, ATN Groupe organise un s\u00e9minaire, le 22 Avril 2014 \u00e0 H\u00f4tel Mercure de Meylan.Une demi-journ\u00e9e, pour r\u00e9pondre aux questions comme : &#8211; pourquoi migrer vers le Cloud ?&#8211; Quel est l&rsquo;int\u00e9r\u00eat d&rsquo;une solution Cloud Office 365 dans une entreprise ? &#8211; Comment le nouveau [&hellip;]<\/p>\n","protected":false},"author":6,"featured_media":0,"comment_status":"closed","ping_status":"open","sticky":false,"template":"","format":"standard","meta":{"footnotes":""},"categories":[28],"tags":[],"class_list":["post-28547","post","type-post","status-publish","format-standard","hentry","category-actus-entreprises"],"yoast_head":"<!-- This site is optimized with the Yoast SEO plugin v27.4 - https:\/\/yoast.com\/product\/yoast-seo-wordpress\/ -->\n<title>atn groupe organise un s\u00e9miniare sur les solutions Cloud pour l&#039;entreprise le 22 avril - inovall\u00e9e<\/title>\n<meta name=\"robots\" content=\"index, follow, max-snippet:-1, max-image-preview:large, max-video-preview:-1\" \/>\n<link rel=\"canonical\" href=\"https:\/\/www.inovallee.com\/en\/atn-groupe-organise-un-seminiare-sur-les-solutions-cloud-pour-lentreprise-le-22-avril\/\" \/>\n<meta property=\"og:locale\" content=\"en_GB\" \/>\n<meta property=\"og:type\" content=\"article\" \/>\n<meta property=\"og:title\" content=\"atn groupe organise un s\u00e9miniare sur les solutions Cloud pour l&#039;entreprise le 22 avril - inovall\u00e9e\" \/>\n<meta property=\"og:description\" content=\"Dans le cadre d\u2019un partenariat \u00ab Marketing Premium \u00bb avec Microsoft, ATN Groupe organise un s\u00e9minaire, le 22 Avril 2014 \u00e0 H\u00f4tel Mercure de Meylan.Une demi-journ\u00e9e, pour r\u00e9pondre aux questions comme : &#8211; pourquoi migrer vers le Cloud ?&#8211; Quel est l&rsquo;int\u00e9r\u00eat d&rsquo;une solution Cloud Office 365 dans une entreprise ? &#8211; Comment le nouveau [&hellip;]\" \/>\n<meta property=\"og:url\" content=\"https:\/\/www.inovallee.com\/en\/atn-groupe-organise-un-seminiare-sur-les-solutions-cloud-pour-lentreprise-le-22-avril\/\" \/>\n<meta property=\"og:site_name\" content=\"inovall\u00e9e\" \/>\n<meta property=\"article:publisher\" content=\"https:\/\/www.facebook.com\/technopoleinovallee\/\" \/>\n<meta property=\"article:published_time\" content=\"2014-03-18T10:15:00+00:00\" \/>\n<meta property=\"og:image\" content=\"http:\/\/2.bp.blogspot.com\/-7TN3Jj-YFVI\/UygcqELRB_I\/AAAAAAAAKNM\/gXQLp7ZVIQ4\/s1600\/ATN+Groupe+logo.jpg\" \/>\n<meta name=\"author\" content=\"Inovallee\" \/>\n<meta name=\"twitter:card\" content=\"summary_large_image\" \/>\n<meta name=\"twitter:creator\" content=\"@inovallee\" \/>\n<meta name=\"twitter:site\" content=\"@inovallee\" \/>\n<meta name=\"twitter:label1\" content=\"Written by\" \/>\n\t<meta name=\"twitter:data1\" content=\"Inovallee\" \/>\n\t<meta name=\"twitter:label2\" content=\"Estimated reading time\" \/>\n\t<meta name=\"twitter:data2\" content=\"1 minute\" \/>\n<script type=\"application\/ld+json\" class=\"yoast-schema-graph\">{\"@context\":\"https:\\\/\\\/schema.org\",\"@graph\":[{\"@type\":\"Article\",\"@id\":\"https:\\\/\\\/www.inovallee.com\\\/atn-groupe-organise-un-seminiare-sur-les-solutions-cloud-pour-lentreprise-le-22-avril\\\/#article\",\"isPartOf\":{\"@id\":\"https:\\\/\\\/www.inovallee.com\\\/atn-groupe-organise-un-seminiare-sur-les-solutions-cloud-pour-lentreprise-le-22-avril\\\/\"},\"author\":{\"name\":\"Inovallee\",\"@id\":\"https:\\\/\\\/www.inovallee.com\\\/#\\\/schema\\\/person\\\/a45b15518aad3111b2d61d257a3e023b\"},\"headline\":\"atn groupe organise un s\u00e9miniare sur les solutions Cloud pour l&#039;entreprise le 22 avril\",\"datePublished\":\"2014-03-18T10:15:00+00:00\",\"mainEntityOfPage\":{\"@id\":\"https:\\\/\\\/www.inovallee.com\\\/atn-groupe-organise-un-seminiare-sur-les-solutions-cloud-pour-lentreprise-le-22-avril\\\/\"},\"wordCount\":306,\"publisher\":{\"@id\":\"https:\\\/\\\/www.inovallee.com\\\/#organization\"},\"image\":{\"@id\":\"https:\\\/\\\/www.inovallee.com\\\/atn-groupe-organise-un-seminiare-sur-les-solutions-cloud-pour-lentreprise-le-22-avril\\\/#primaryimage\"},\"thumbnailUrl\":\"http:\\\/\\\/2.bp.blogspot.com\\\/-7TN3Jj-YFVI\\\/UygcqELRB_I\\\/AAAAAAAAKNM\\\/gXQLp7ZVIQ4\\\/s1600\\\/ATN+Groupe+logo.jpg\",\"articleSection\":[\"Sucess stories des entreprises d'inovall\u00e9e\"],\"inLanguage\":\"en-GB\"},{\"@type\":\"WebPage\",\"@id\":\"https:\\\/\\\/www.inovallee.com\\\/atn-groupe-organise-un-seminiare-sur-les-solutions-cloud-pour-lentreprise-le-22-avril\\\/\",\"url\":\"https:\\\/\\\/www.inovallee.com\\\/atn-groupe-organise-un-seminiare-sur-les-solutions-cloud-pour-lentreprise-le-22-avril\\\/\",\"name\":\"atn groupe organise un s\u00e9miniare sur les solutions Cloud pour l&#039;entreprise le 22 avril - inovall\u00e9e\",\"isPartOf\":{\"@id\":\"https:\\\/\\\/www.inovallee.com\\\/#website\"},\"primaryImageOfPage\":{\"@id\":\"https:\\\/\\\/www.inovallee.com\\\/atn-groupe-organise-un-seminiare-sur-les-solutions-cloud-pour-lentreprise-le-22-avril\\\/#primaryimage\"},\"image\":{\"@id\":\"https:\\\/\\\/www.inovallee.com\\\/atn-groupe-organise-un-seminiare-sur-les-solutions-cloud-pour-lentreprise-le-22-avril\\\/#primaryimage\"},\"thumbnailUrl\":\"http:\\\/\\\/2.bp.blogspot.com\\\/-7TN3Jj-YFVI\\\/UygcqELRB_I\\\/AAAAAAAAKNM\\\/gXQLp7ZVIQ4\\\/s1600\\\/ATN+Groupe+logo.jpg\",\"datePublished\":\"2014-03-18T10:15:00+00:00\",\"breadcrumb\":{\"@id\":\"https:\\\/\\\/www.inovallee.com\\\/atn-groupe-organise-un-seminiare-sur-les-solutions-cloud-pour-lentreprise-le-22-avril\\\/#breadcrumb\"},\"inLanguage\":\"en-GB\",\"potentialAction\":[{\"@type\":\"ReadAction\",\"target\":[\"https:\\\/\\\/www.inovallee.com\\\/atn-groupe-organise-un-seminiare-sur-les-solutions-cloud-pour-lentreprise-le-22-avril\\\/\"]}]},{\"@type\":\"ImageObject\",\"inLanguage\":\"en-GB\",\"@id\":\"https:\\\/\\\/www.inovallee.com\\\/atn-groupe-organise-un-seminiare-sur-les-solutions-cloud-pour-lentreprise-le-22-avril\\\/#primaryimage\",\"url\":\"http:\\\/\\\/2.bp.blogspot.com\\\/-7TN3Jj-YFVI\\\/UygcqELRB_I\\\/AAAAAAAAKNM\\\/gXQLp7ZVIQ4\\\/s1600\\\/ATN+Groupe+logo.jpg\",\"contentUrl\":\"http:\\\/\\\/2.bp.blogspot.com\\\/-7TN3Jj-YFVI\\\/UygcqELRB_I\\\/AAAAAAAAKNM\\\/gXQLp7ZVIQ4\\\/s1600\\\/ATN+Groupe+logo.jpg\"},{\"@type\":\"BreadcrumbList\",\"@id\":\"https:\\\/\\\/www.inovallee.com\\\/atn-groupe-organise-un-seminiare-sur-les-solutions-cloud-pour-lentreprise-le-22-avril\\\/#breadcrumb\",\"itemListElement\":[{\"@type\":\"ListItem\",\"position\":1,\"name\":\"Accueil\",\"item\":\"https:\\\/\\\/www.inovallee.com\\\/\"},{\"@type\":\"ListItem\",\"position\":2,\"name\":\"atn groupe organise un s\u00e9miniare sur les solutions Cloud pour l&#039;entreprise le 22 avril\"}]},{\"@type\":\"WebSite\",\"@id\":\"https:\\\/\\\/www.inovallee.com\\\/#website\",\"url\":\"https:\\\/\\\/www.inovallee.com\\\/\",\"name\":\"inovall\u00e9e technopole, Home to software & smart technologies\",\"description\":\"Home to software &amp; smart technologies\",\"publisher\":{\"@id\":\"https:\\\/\\\/www.inovallee.com\\\/#organization\"},\"potentialAction\":[{\"@type\":\"SearchAction\",\"target\":{\"@type\":\"EntryPoint\",\"urlTemplate\":\"https:\\\/\\\/www.inovallee.com\\\/?s={search_term_string}\"},\"query-input\":{\"@type\":\"PropertyValueSpecification\",\"valueRequired\":true,\"valueName\":\"search_term_string\"}}],\"inLanguage\":\"en-GB\"},{\"@type\":\"Organization\",\"@id\":\"https:\\\/\\\/www.inovallee.com\\\/#organization\",\"name\":\"inovall\u00e9e\",\"url\":\"https:\\\/\\\/www.inovallee.com\\\/\",\"logo\":{\"@type\":\"ImageObject\",\"inLanguage\":\"en-GB\",\"@id\":\"https:\\\/\\\/www.inovallee.com\\\/#\\\/schema\\\/logo\\\/image\\\/\",\"url\":\"https:\\\/\\\/www.inovallee.com\\\/wp-content\\\/uploads\\\/2023\\\/08\\\/inovallee_2022_GrenobleAlpes.png\",\"contentUrl\":\"https:\\\/\\\/www.inovallee.com\\\/wp-content\\\/uploads\\\/2023\\\/08\\\/inovallee_2022_GrenobleAlpes.png\",\"width\":945,\"height\":369,\"caption\":\"inovall\u00e9e\"},\"image\":{\"@id\":\"https:\\\/\\\/www.inovallee.com\\\/#\\\/schema\\\/logo\\\/image\\\/\"},\"sameAs\":[\"https:\\\/\\\/www.facebook.com\\\/technopoleinovallee\\\/\",\"https:\\\/\\\/x.com\\\/inovallee\",\"https:\\\/\\\/www.linkedin.com\\\/company\\\/inovall-e\\\/\",\"https:\\\/\\\/www.youtube.com\\\/user\\\/inovallee?reload=9\"]},{\"@type\":\"Person\",\"@id\":\"https:\\\/\\\/www.inovallee.com\\\/#\\\/schema\\\/person\\\/a45b15518aad3111b2d61d257a3e023b\",\"name\":\"Inovallee\"}]}<\/script>\n<!-- \/ Yoast SEO plugin. -->","yoast_head_json":{"title":"atn groupe organise un s\u00e9miniare sur les solutions Cloud pour l&#039;entreprise le 22 avril - inovall\u00e9e","robots":{"index":"index","follow":"follow","max-snippet":"max-snippet:-1","max-image-preview":"max-image-preview:large","max-video-preview":"max-video-preview:-1"},"canonical":"https:\/\/www.inovallee.com\/en\/atn-groupe-organise-un-seminiare-sur-les-solutions-cloud-pour-lentreprise-le-22-avril\/","og_locale":"en_GB","og_type":"article","og_title":"atn groupe organise un s\u00e9miniare sur les solutions Cloud pour l&#039;entreprise le 22 avril - inovall\u00e9e","og_description":"Dans le cadre d\u2019un partenariat \u00ab Marketing Premium \u00bb avec Microsoft, ATN Groupe organise un s\u00e9minaire, le 22 Avril 2014 \u00e0 H\u00f4tel Mercure de Meylan.Une demi-journ\u00e9e, pour r\u00e9pondre aux questions comme : &#8211; pourquoi migrer vers le Cloud ?&#8211; Quel est l&rsquo;int\u00e9r\u00eat d&rsquo;une solution Cloud Office 365 dans une entreprise ? &#8211; Comment le nouveau [&hellip;]","og_url":"https:\/\/www.inovallee.com\/en\/atn-groupe-organise-un-seminiare-sur-les-solutions-cloud-pour-lentreprise-le-22-avril\/","og_site_name":"inovall\u00e9e","article_publisher":"https:\/\/www.facebook.com\/technopoleinovallee\/","article_published_time":"2014-03-18T10:15:00+00:00","og_image":[{"url":"http:\/\/2.bp.blogspot.com\/-7TN3Jj-YFVI\/UygcqELRB_I\/AAAAAAAAKNM\/gXQLp7ZVIQ4\/s1600\/ATN+Groupe+logo.jpg","type":"","width":"","height":""}],"author":"Inovallee","twitter_card":"summary_large_image","twitter_creator":"@inovallee","twitter_site":"@inovallee","twitter_misc":{"Written by":"Inovallee","Estimated reading time":"1 minute"},"schema":{"@context":"https:\/\/schema.org","@graph":[{"@type":"Article","@id":"https:\/\/www.inovallee.com\/atn-groupe-organise-un-seminiare-sur-les-solutions-cloud-pour-lentreprise-le-22-avril\/#article","isPartOf":{"@id":"https:\/\/www.inovallee.com\/atn-groupe-organise-un-seminiare-sur-les-solutions-cloud-pour-lentreprise-le-22-avril\/"},"author":{"name":"Inovallee","@id":"https:\/\/www.inovallee.com\/#\/schema\/person\/a45b15518aad3111b2d61d257a3e023b"},"headline":"atn groupe organise un s\u00e9miniare sur les solutions Cloud pour l&#039;entreprise le 22 avril","datePublished":"2014-03-18T10:15:00+00:00","mainEntityOfPage":{"@id":"https:\/\/www.inovallee.com\/atn-groupe-organise-un-seminiare-sur-les-solutions-cloud-pour-lentreprise-le-22-avril\/"},"wordCount":306,"publisher":{"@id":"https:\/\/www.inovallee.com\/#organization"},"image":{"@id":"https:\/\/www.inovallee.com\/atn-groupe-organise-un-seminiare-sur-les-solutions-cloud-pour-lentreprise-le-22-avril\/#primaryimage"},"thumbnailUrl":"http:\/\/2.bp.blogspot.com\/-7TN3Jj-YFVI\/UygcqELRB_I\/AAAAAAAAKNM\/gXQLp7ZVIQ4\/s1600\/ATN+Groupe+logo.jpg","articleSection":["Sucess stories des entreprises d'inovall\u00e9e"],"inLanguage":"en-GB"},{"@type":"WebPage","@id":"https:\/\/www.inovallee.com\/atn-groupe-organise-un-seminiare-sur-les-solutions-cloud-pour-lentreprise-le-22-avril\/","url":"https:\/\/www.inovallee.com\/atn-groupe-organise-un-seminiare-sur-les-solutions-cloud-pour-lentreprise-le-22-avril\/","name":"atn groupe organise un s\u00e9miniare sur les solutions Cloud pour l&#039;entreprise le 22 avril - inovall\u00e9e","isPartOf":{"@id":"https:\/\/www.inovallee.com\/#website"},"primaryImageOfPage":{"@id":"https:\/\/www.inovallee.com\/atn-groupe-organise-un-seminiare-sur-les-solutions-cloud-pour-lentreprise-le-22-avril\/#primaryimage"},"image":{"@id":"https:\/\/www.inovallee.com\/atn-groupe-organise-un-seminiare-sur-les-solutions-cloud-pour-lentreprise-le-22-avril\/#primaryimage"},"thumbnailUrl":"http:\/\/2.bp.blogspot.com\/-7TN3Jj-YFVI\/UygcqELRB_I\/AAAAAAAAKNM\/gXQLp7ZVIQ4\/s1600\/ATN+Groupe+logo.jpg","datePublished":"2014-03-18T10:15:00+00:00","breadcrumb":{"@id":"https:\/\/www.inovallee.com\/atn-groupe-organise-un-seminiare-sur-les-solutions-cloud-pour-lentreprise-le-22-avril\/#breadcrumb"},"inLanguage":"en-GB","potentialAction":[{"@type":"ReadAction","target":["https:\/\/www.inovallee.com\/atn-groupe-organise-un-seminiare-sur-les-solutions-cloud-pour-lentreprise-le-22-avril\/"]}]},{"@type":"ImageObject","inLanguage":"en-GB","@id":"https:\/\/www.inovallee.com\/atn-groupe-organise-un-seminiare-sur-les-solutions-cloud-pour-lentreprise-le-22-avril\/#primaryimage","url":"http:\/\/2.bp.blogspot.com\/-7TN3Jj-YFVI\/UygcqELRB_I\/AAAAAAAAKNM\/gXQLp7ZVIQ4\/s1600\/ATN+Groupe+logo.jpg","contentUrl":"http:\/\/2.bp.blogspot.com\/-7TN3Jj-YFVI\/UygcqELRB_I\/AAAAAAAAKNM\/gXQLp7ZVIQ4\/s1600\/ATN+Groupe+logo.jpg"},{"@type":"BreadcrumbList","@id":"https:\/\/www.inovallee.com\/atn-groupe-organise-un-seminiare-sur-les-solutions-cloud-pour-lentreprise-le-22-avril\/#breadcrumb","itemListElement":[{"@type":"ListItem","position":1,"name":"Accueil","item":"https:\/\/www.inovallee.com\/"},{"@type":"ListItem","position":2,"name":"atn groupe organise un s\u00e9miniare sur les solutions Cloud pour l&#039;entreprise le 22 avril"}]},{"@type":"WebSite","@id":"https:\/\/www.inovallee.com\/#website","url":"https:\/\/www.inovallee.com\/","name":"inovall\u00e9e technopole, Home to software & smart technologies","description":"Home to software &amp; smart technologies","publisher":{"@id":"https:\/\/www.inovallee.com\/#organization"},"potentialAction":[{"@type":"SearchAction","target":{"@type":"EntryPoint","urlTemplate":"https:\/\/www.inovallee.com\/?s={search_term_string}"},"query-input":{"@type":"PropertyValueSpecification","valueRequired":true,"valueName":"search_term_string"}}],"inLanguage":"en-GB"},{"@type":"Organization","@id":"https:\/\/www.inovallee.com\/#organization","name":"inovall\u00e9e","url":"https:\/\/www.inovallee.com\/","logo":{"@type":"ImageObject","inLanguage":"en-GB","@id":"https:\/\/www.inovallee.com\/#\/schema\/logo\/image\/","url":"https:\/\/www.inovallee.com\/wp-content\/uploads\/2023\/08\/inovallee_2022_GrenobleAlpes.png","contentUrl":"https:\/\/www.inovallee.com\/wp-content\/uploads\/2023\/08\/inovallee_2022_GrenobleAlpes.png","width":945,"height":369,"caption":"inovall\u00e9e"},"image":{"@id":"https:\/\/www.inovallee.com\/#\/schema\/logo\/image\/"},"sameAs":["https:\/\/www.facebook.com\/technopoleinovallee\/","https:\/\/x.com\/inovallee","https:\/\/www.linkedin.com\/company\/inovall-e\/","https:\/\/www.youtube.com\/user\/inovallee?reload=9"]},{"@type":"Person","@id":"https:\/\/www.inovallee.com\/#\/schema\/person\/a45b15518aad3111b2d61d257a3e023b","name":"Inovallee"}]}},"_links":{"self":[{"href":"https:\/\/www.inovallee.com\/en\/wp-json\/wp\/v2\/posts\/28547","targetHints":{"allow":["GET"]}}],"collection":[{"href":"https:\/\/www.inovallee.com\/en\/wp-json\/wp\/v2\/posts"}],"about":[{"href":"https:\/\/www.inovallee.com\/en\/wp-json\/wp\/v2\/types\/post"}],"author":[{"embeddable":true,"href":"https:\/\/www.inovallee.com\/en\/wp-json\/wp\/v2\/users\/6"}],"replies":[{"embeddable":true,"href":"https:\/\/www.inovallee.com\/en\/wp-json\/wp\/v2\/comments?post=28547"}],"version-history":[{"count":0,"href":"https:\/\/www.inovallee.com\/en\/wp-json\/wp\/v2\/posts\/28547\/revisions"}],"wp:attachment":[{"href":"https:\/\/www.inovallee.com\/en\/wp-json\/wp\/v2\/media?parent=28547"}],"wp:term":[{"taxonomy":"category","embeddable":true,"href":"https:\/\/www.inovallee.com\/en\/wp-json\/wp\/v2\/categories?post=28547"},{"taxonomy":"post_tag","embeddable":true,"href":"https:\/\/www.inovallee.com\/en\/wp-json\/wp\/v2\/tags?post=28547"}],"curies":[{"name":"wp","href":"https:\/\/api.w.org\/{rel}","templated":true}]}}