{"id":28551,"date":"2014-02-28T16:08:00","date_gmt":"2014-02-28T15:08:00","guid":{"rendered":"https:\/\/www.inovallee.com\/atelier-levee-de-fonds-comment-pourquoi-et-avec-qui-le-11-mars-a-inovallee-2\/"},"modified":"2014-02-28T16:08:00","modified_gmt":"2014-02-28T15:08:00","slug":"atelier-levee-de-fonds-comment-pourquoi-et-avec-qui-le-11-mars-a-inovallee-2","status":"publish","type":"post","link":"https:\/\/www.inovallee.com\/en\/atelier-levee-de-fonds-comment-pourquoi-et-avec-qui-le-11-mars-a-inovallee-2\/","title":{"rendered":"Atelier lev\u00e9e de fonds : comment, pourquoi et avec qui ? Le 11 mars \u00e0 inovall\u00e9e."},"content":{"rendered":"<div dir=\"ltr\" style=\"text-align: left;\">\n<div style=\"clear: both; text-align: center;\"><span style=\"font-size: x-small;\"><a href=\"http:\/\/m1.menly.fr\/wp-content\/uploads\/2012\/10\/banquier.jpg\" style=\"clear: left; float: left; margin-bottom: 1em; margin-right: 1em;\"><img fetchpriority=\"high\" decoding=\"async\" border=\"0\" src=\"http:\/\/m1.menly.fr\/wp-content\/uploads\/2012\/10\/banquier.jpg\" height=\"255\" width=\"320\" \/><\/a><\/span><\/div>\n<p><span style=\"font-family: Verdana,sans-serif; font-size: x-small;\">Parce  que la lev\u00e9e de fonds est \u00e0 la fois un exercice incontournable pour la  plupart des start-up et un v\u00e9ritable casse t\u00eate face \u00e0 la multiplicit\u00e9  des acteurs et \u00e0 la s\u00e9lection drastique des investisseurs, inovall\u00e9e  organise un atelier pour faire le point sur la question, le mardi 11  mars prochain de 12h \u00e0 15h.<\/span><br \/><span style=\"font-family: Verdana,sans-serif; font-size: x-small;\"><br \/><\/span><span style=\"font-family: Verdana,sans-serif; font-size: x-small;\">Au programme :<\/span><br \/><span style=\"font-size: x-small;\"><br \/><\/span><span style=\"font-size: x-small;\"><b><span style=\"font-family: Verdana,sans-serif;\">Partie I (12h-12h30) : banque et BPI, partenaires de la lev\u00e9e de fonds&nbsp;<\/span><\/b><\/span><br \/><span style=\"font-family: Verdana,sans-serif; font-size: x-small;\">\u2022  Olivier Rollin (Banque Populaire des alpes) : le r\u00f4le des banques dans  la lev\u00e9e des fonds, les crit\u00e8res et les attentes, les montages, etc&nbsp;<\/span><br \/><span style=\"font-family: Verdana,sans-serif; font-size: x-small;\">\u2022 Isabelle Buys (BPI) : le r\u00f4le de la BPI, les leviers possibles, les relations avec les autres partenaires du financement \u2026&nbsp;<\/span><br \/><span style=\"font-size: x-small;\"><br \/><\/span><span style=\"font-family: Verdana,sans-serif; font-size: x-small;\"><b>Partie II (12h30-13h30) : table ronde : \u00ab investisseurs mode d\u2019emploi \u00bb<\/b>&nbsp;<\/span><br \/><span style=\"font-family: Verdana,sans-serif; font-size: x-small;\">Th\u00e8mes  abord\u00e9s : panorama des acteurs, fonctionnement et attentes de chacun,  proc\u00e9dures et crit\u00e8res de s\u00e9lection, etc  (3 ou 4 questions seront  pos\u00e9es par l\u2019animateur et seront envoy\u00e9es aux intervenants en amont   l\u2019objectif \u00e9tant que chacun puisse donner son propre \u00e9clairage sur la  question pos\u00e9e)&nbsp;<\/span><br \/><span style=\"font-size: x-small;\"><br \/><\/span><span style=\"font-family: Verdana,sans-serif; font-size: x-small;\">\u2022 Philippe Rase (Grenoble Angels)&nbsp;<\/span><br \/><span style=\"font-family: Verdana,sans-serif; font-size: x-small;\">\u2022 Hamid Sbai (Celertis Finance, strat\u00e9gie financi\u00e8re)&nbsp;<\/span><br \/><span style=\"font-family: Verdana,sans-serif; font-size: x-small;\">\u2022 Emmanuel Arnould (Innovafonds)<\/span><span style=\"font-size: x-small;\"><span style=\"font-family: Verdana,sans-serif;\">&nbsp;<\/span><\/span><br \/><span style=\"font-family: Verdana,sans-serif; font-size: x-small;\">\u2022 Mathieu Genty (Le Phare)&nbsp;<\/span><br \/><span style=\"font-size: x-small;\"><br \/><\/span><span style=\"font-size: x-small;\"><br \/><\/span><span style=\"font-size: x-small;\"><b><span style=\"font-family: Verdana,sans-serif;\">Partie III (13h30-14h) : t\u00e9moignages d\u2019entreprises&nbsp;<\/span><\/b><\/span><br \/><span style=\"font-family: Verdana,sans-serif; font-size: x-small;\"><span style=\"font-family: Verdana,sans-serif;\">\u2022 Benjamin Ducousso (Wizbii) : success story &#8211; \u00e0 confirmer&nbsp;<\/span><\/span><br \/><span style=\"font-family: Verdana,sans-serif; font-size: x-small;\"><span style=\"font-family: Verdana,sans-serif;\">&nbsp;<\/span>\u2022 Antoine Kevorkian (Teem Photonics) : quid apr\u00e8s le mariage ? &#8211; \u00e0 confirmer<\/span><br \/><span style=\"font-family: Verdana,sans-serif; font-size: x-small;\">\u2022 Jean-Jacques Hirsch (EDT) : avantages et limites du boostrapping&nbsp;<\/span><br \/><span style=\"font-size: x-small;\"><br \/><\/span><span style=\"font-size: x-small;\"><b><span style=\"font-family: Verdana,sans-serif;\">Partie IV (14h-15h) : \u00e9changes et d\u00e9bats entre les participants &#8211; questions \/ r\u00e9ponses  <\/span><\/b><\/span><\/div>","protected":false},"excerpt":{"rendered":"<p>Parce que la lev\u00e9e de fonds est \u00e0 la fois un exercice incontournable pour la plupart des start-up et un v\u00e9ritable casse t\u00eate face \u00e0 la multiplicit\u00e9 des acteurs et \u00e0 la s\u00e9lection drastique des investisseurs, inovall\u00e9e organise un atelier pour faire le point sur la question, le mardi 11 mars prochain de 12h \u00e0 [&hellip;]<\/p>\n","protected":false},"author":6,"featured_media":0,"comment_status":"closed","ping_status":"open","sticky":false,"template":"","format":"standard","meta":{"footnotes":""},"categories":[57],"tags":[],"class_list":["post-28551","post","type-post","status-publish","format-standard","hentry","category-services-mutualises"],"yoast_head":"<!-- This site is optimized with the Yoast SEO plugin v27.4 - https:\/\/yoast.com\/product\/yoast-seo-wordpress\/ -->\n<title>Atelier lev\u00e9e de fonds : comment, pourquoi et avec qui ? Le 11 mars \u00e0 inovall\u00e9e. - inovall\u00e9e<\/title>\n<meta name=\"robots\" content=\"index, follow, max-snippet:-1, max-image-preview:large, max-video-preview:-1\" \/>\n<link rel=\"canonical\" href=\"https:\/\/www.inovallee.com\/en\/atelier-levee-de-fonds-comment-pourquoi-et-avec-qui-le-11-mars-a-inovallee-2\/\" \/>\n<meta property=\"og:locale\" content=\"en_GB\" \/>\n<meta property=\"og:type\" content=\"article\" \/>\n<meta property=\"og:title\" content=\"Atelier lev\u00e9e de fonds : comment, pourquoi et avec qui ? Le 11 mars \u00e0 inovall\u00e9e. - inovall\u00e9e\" \/>\n<meta property=\"og:description\" content=\"Parce que la lev\u00e9e de fonds est \u00e0 la fois un exercice incontournable pour la plupart des start-up et un v\u00e9ritable casse t\u00eate face \u00e0 la multiplicit\u00e9 des acteurs et \u00e0 la s\u00e9lection drastique des investisseurs, inovall\u00e9e organise un atelier pour faire le point sur la question, le mardi 11 mars prochain de 12h \u00e0 [&hellip;]\" \/>\n<meta property=\"og:url\" content=\"https:\/\/www.inovallee.com\/en\/atelier-levee-de-fonds-comment-pourquoi-et-avec-qui-le-11-mars-a-inovallee-2\/\" \/>\n<meta property=\"og:site_name\" content=\"inovall\u00e9e\" \/>\n<meta property=\"article:publisher\" content=\"https:\/\/www.facebook.com\/technopoleinovallee\/\" \/>\n<meta property=\"article:published_time\" content=\"2014-02-28T15:08:00+00:00\" \/>\n<meta property=\"og:image\" content=\"http:\/\/m1.menly.fr\/wp-content\/uploads\/2012\/10\/banquier.jpg\" \/>\n<meta name=\"author\" content=\"Inovallee\" \/>\n<meta name=\"twitter:card\" content=\"summary_large_image\" \/>\n<meta name=\"twitter:creator\" content=\"@inovallee\" \/>\n<meta name=\"twitter:site\" content=\"@inovallee\" \/>\n<meta name=\"twitter:label1\" content=\"Written by\" \/>\n\t<meta name=\"twitter:data1\" content=\"Inovallee\" \/>\n\t<meta name=\"twitter:label2\" content=\"Estimated reading time\" \/>\n\t<meta name=\"twitter:data2\" content=\"1 minute\" \/>\n<script type=\"application\/ld+json\" class=\"yoast-schema-graph\">{\"@context\":\"https:\\\/\\\/schema.org\",\"@graph\":[{\"@type\":\"Article\",\"@id\":\"https:\\\/\\\/www.inovallee.com\\\/atelier-levee-de-fonds-comment-pourquoi-et-avec-qui-le-11-mars-a-inovallee-2\\\/#article\",\"isPartOf\":{\"@id\":\"https:\\\/\\\/www.inovallee.com\\\/atelier-levee-de-fonds-comment-pourquoi-et-avec-qui-le-11-mars-a-inovallee-2\\\/\"},\"author\":{\"name\":\"Inovallee\",\"@id\":\"https:\\\/\\\/www.inovallee.com\\\/#\\\/schema\\\/person\\\/a45b15518aad3111b2d61d257a3e023b\"},\"headline\":\"Atelier lev\u00e9e de fonds : comment, pourquoi et avec qui ? Le 11 mars \u00e0 inovall\u00e9e.\",\"datePublished\":\"2014-02-28T15:08:00+00:00\",\"mainEntityOfPage\":{\"@id\":\"https:\\\/\\\/www.inovallee.com\\\/atelier-levee-de-fonds-comment-pourquoi-et-avec-qui-le-11-mars-a-inovallee-2\\\/\"},\"wordCount\":277,\"publisher\":{\"@id\":\"https:\\\/\\\/www.inovallee.com\\\/#organization\"},\"image\":{\"@id\":\"https:\\\/\\\/www.inovallee.com\\\/atelier-levee-de-fonds-comment-pourquoi-et-avec-qui-le-11-mars-a-inovallee-2\\\/#primaryimage\"},\"thumbnailUrl\":\"http:\\\/\\\/m1.menly.fr\\\/wp-content\\\/uploads\\\/2012\\\/10\\\/banquier.jpg\",\"articleSection\":[\"Achats et services mutualis\u00e9s\"],\"inLanguage\":\"en-GB\"},{\"@type\":\"WebPage\",\"@id\":\"https:\\\/\\\/www.inovallee.com\\\/atelier-levee-de-fonds-comment-pourquoi-et-avec-qui-le-11-mars-a-inovallee-2\\\/\",\"url\":\"https:\\\/\\\/www.inovallee.com\\\/atelier-levee-de-fonds-comment-pourquoi-et-avec-qui-le-11-mars-a-inovallee-2\\\/\",\"name\":\"Atelier lev\u00e9e de fonds : comment, pourquoi et avec qui ? Le 11 mars \u00e0 inovall\u00e9e. - inovall\u00e9e\",\"isPartOf\":{\"@id\":\"https:\\\/\\\/www.inovallee.com\\\/#website\"},\"primaryImageOfPage\":{\"@id\":\"https:\\\/\\\/www.inovallee.com\\\/atelier-levee-de-fonds-comment-pourquoi-et-avec-qui-le-11-mars-a-inovallee-2\\\/#primaryimage\"},\"image\":{\"@id\":\"https:\\\/\\\/www.inovallee.com\\\/atelier-levee-de-fonds-comment-pourquoi-et-avec-qui-le-11-mars-a-inovallee-2\\\/#primaryimage\"},\"thumbnailUrl\":\"http:\\\/\\\/m1.menly.fr\\\/wp-content\\\/uploads\\\/2012\\\/10\\\/banquier.jpg\",\"datePublished\":\"2014-02-28T15:08:00+00:00\",\"breadcrumb\":{\"@id\":\"https:\\\/\\\/www.inovallee.com\\\/atelier-levee-de-fonds-comment-pourquoi-et-avec-qui-le-11-mars-a-inovallee-2\\\/#breadcrumb\"},\"inLanguage\":\"en-GB\",\"potentialAction\":[{\"@type\":\"ReadAction\",\"target\":[\"https:\\\/\\\/www.inovallee.com\\\/atelier-levee-de-fonds-comment-pourquoi-et-avec-qui-le-11-mars-a-inovallee-2\\\/\"]}]},{\"@type\":\"ImageObject\",\"inLanguage\":\"en-GB\",\"@id\":\"https:\\\/\\\/www.inovallee.com\\\/atelier-levee-de-fonds-comment-pourquoi-et-avec-qui-le-11-mars-a-inovallee-2\\\/#primaryimage\",\"url\":\"http:\\\/\\\/m1.menly.fr\\\/wp-content\\\/uploads\\\/2012\\\/10\\\/banquier.jpg\",\"contentUrl\":\"http:\\\/\\\/m1.menly.fr\\\/wp-content\\\/uploads\\\/2012\\\/10\\\/banquier.jpg\"},{\"@type\":\"BreadcrumbList\",\"@id\":\"https:\\\/\\\/www.inovallee.com\\\/atelier-levee-de-fonds-comment-pourquoi-et-avec-qui-le-11-mars-a-inovallee-2\\\/#breadcrumb\",\"itemListElement\":[{\"@type\":\"ListItem\",\"position\":1,\"name\":\"Accueil\",\"item\":\"https:\\\/\\\/www.inovallee.com\\\/\"},{\"@type\":\"ListItem\",\"position\":2,\"name\":\"Atelier lev\u00e9e de fonds : comment, pourquoi et avec qui ? Le 11 mars \u00e0 inovall\u00e9e.\"}]},{\"@type\":\"WebSite\",\"@id\":\"https:\\\/\\\/www.inovallee.com\\\/#website\",\"url\":\"https:\\\/\\\/www.inovallee.com\\\/\",\"name\":\"inovall\u00e9e technopole, Home to software & smart technologies\",\"description\":\"Home to software &amp; smart technologies\",\"publisher\":{\"@id\":\"https:\\\/\\\/www.inovallee.com\\\/#organization\"},\"potentialAction\":[{\"@type\":\"SearchAction\",\"target\":{\"@type\":\"EntryPoint\",\"urlTemplate\":\"https:\\\/\\\/www.inovallee.com\\\/?s={search_term_string}\"},\"query-input\":{\"@type\":\"PropertyValueSpecification\",\"valueRequired\":true,\"valueName\":\"search_term_string\"}}],\"inLanguage\":\"en-GB\"},{\"@type\":\"Organization\",\"@id\":\"https:\\\/\\\/www.inovallee.com\\\/#organization\",\"name\":\"inovall\u00e9e\",\"url\":\"https:\\\/\\\/www.inovallee.com\\\/\",\"logo\":{\"@type\":\"ImageObject\",\"inLanguage\":\"en-GB\",\"@id\":\"https:\\\/\\\/www.inovallee.com\\\/#\\\/schema\\\/logo\\\/image\\\/\",\"url\":\"https:\\\/\\\/www.inovallee.com\\\/wp-content\\\/uploads\\\/2023\\\/08\\\/inovallee_2022_GrenobleAlpes.png\",\"contentUrl\":\"https:\\\/\\\/www.inovallee.com\\\/wp-content\\\/uploads\\\/2023\\\/08\\\/inovallee_2022_GrenobleAlpes.png\",\"width\":945,\"height\":369,\"caption\":\"inovall\u00e9e\"},\"image\":{\"@id\":\"https:\\\/\\\/www.inovallee.com\\\/#\\\/schema\\\/logo\\\/image\\\/\"},\"sameAs\":[\"https:\\\/\\\/www.facebook.com\\\/technopoleinovallee\\\/\",\"https:\\\/\\\/x.com\\\/inovallee\",\"https:\\\/\\\/www.linkedin.com\\\/company\\\/inovall-e\\\/\",\"https:\\\/\\\/www.youtube.com\\\/user\\\/inovallee?reload=9\"]},{\"@type\":\"Person\",\"@id\":\"https:\\\/\\\/www.inovallee.com\\\/#\\\/schema\\\/person\\\/a45b15518aad3111b2d61d257a3e023b\",\"name\":\"Inovallee\"}]}<\/script>\n<!-- \/ Yoast SEO plugin. -->","yoast_head_json":{"title":"Atelier lev\u00e9e de fonds : comment, pourquoi et avec qui ? Le 11 mars \u00e0 inovall\u00e9e. - inovall\u00e9e","robots":{"index":"index","follow":"follow","max-snippet":"max-snippet:-1","max-image-preview":"max-image-preview:large","max-video-preview":"max-video-preview:-1"},"canonical":"https:\/\/www.inovallee.com\/en\/atelier-levee-de-fonds-comment-pourquoi-et-avec-qui-le-11-mars-a-inovallee-2\/","og_locale":"en_GB","og_type":"article","og_title":"Atelier lev\u00e9e de fonds : comment, pourquoi et avec qui ? Le 11 mars \u00e0 inovall\u00e9e. - inovall\u00e9e","og_description":"Parce que la lev\u00e9e de fonds est \u00e0 la fois un exercice incontournable pour la plupart des start-up et un v\u00e9ritable casse t\u00eate face \u00e0 la multiplicit\u00e9 des acteurs et \u00e0 la s\u00e9lection drastique des investisseurs, inovall\u00e9e organise un atelier pour faire le point sur la question, le mardi 11 mars prochain de 12h \u00e0 [&hellip;]","og_url":"https:\/\/www.inovallee.com\/en\/atelier-levee-de-fonds-comment-pourquoi-et-avec-qui-le-11-mars-a-inovallee-2\/","og_site_name":"inovall\u00e9e","article_publisher":"https:\/\/www.facebook.com\/technopoleinovallee\/","article_published_time":"2014-02-28T15:08:00+00:00","og_image":[{"url":"http:\/\/m1.menly.fr\/wp-content\/uploads\/2012\/10\/banquier.jpg","type":"","width":"","height":""}],"author":"Inovallee","twitter_card":"summary_large_image","twitter_creator":"@inovallee","twitter_site":"@inovallee","twitter_misc":{"Written by":"Inovallee","Estimated reading time":"1 minute"},"schema":{"@context":"https:\/\/schema.org","@graph":[{"@type":"Article","@id":"https:\/\/www.inovallee.com\/atelier-levee-de-fonds-comment-pourquoi-et-avec-qui-le-11-mars-a-inovallee-2\/#article","isPartOf":{"@id":"https:\/\/www.inovallee.com\/atelier-levee-de-fonds-comment-pourquoi-et-avec-qui-le-11-mars-a-inovallee-2\/"},"author":{"name":"Inovallee","@id":"https:\/\/www.inovallee.com\/#\/schema\/person\/a45b15518aad3111b2d61d257a3e023b"},"headline":"Atelier lev\u00e9e de fonds : comment, pourquoi et avec qui ? Le 11 mars \u00e0 inovall\u00e9e.","datePublished":"2014-02-28T15:08:00+00:00","mainEntityOfPage":{"@id":"https:\/\/www.inovallee.com\/atelier-levee-de-fonds-comment-pourquoi-et-avec-qui-le-11-mars-a-inovallee-2\/"},"wordCount":277,"publisher":{"@id":"https:\/\/www.inovallee.com\/#organization"},"image":{"@id":"https:\/\/www.inovallee.com\/atelier-levee-de-fonds-comment-pourquoi-et-avec-qui-le-11-mars-a-inovallee-2\/#primaryimage"},"thumbnailUrl":"http:\/\/m1.menly.fr\/wp-content\/uploads\/2012\/10\/banquier.jpg","articleSection":["Achats et services mutualis\u00e9s"],"inLanguage":"en-GB"},{"@type":"WebPage","@id":"https:\/\/www.inovallee.com\/atelier-levee-de-fonds-comment-pourquoi-et-avec-qui-le-11-mars-a-inovallee-2\/","url":"https:\/\/www.inovallee.com\/atelier-levee-de-fonds-comment-pourquoi-et-avec-qui-le-11-mars-a-inovallee-2\/","name":"Atelier lev\u00e9e de fonds : comment, pourquoi et avec qui ? Le 11 mars \u00e0 inovall\u00e9e. - inovall\u00e9e","isPartOf":{"@id":"https:\/\/www.inovallee.com\/#website"},"primaryImageOfPage":{"@id":"https:\/\/www.inovallee.com\/atelier-levee-de-fonds-comment-pourquoi-et-avec-qui-le-11-mars-a-inovallee-2\/#primaryimage"},"image":{"@id":"https:\/\/www.inovallee.com\/atelier-levee-de-fonds-comment-pourquoi-et-avec-qui-le-11-mars-a-inovallee-2\/#primaryimage"},"thumbnailUrl":"http:\/\/m1.menly.fr\/wp-content\/uploads\/2012\/10\/banquier.jpg","datePublished":"2014-02-28T15:08:00+00:00","breadcrumb":{"@id":"https:\/\/www.inovallee.com\/atelier-levee-de-fonds-comment-pourquoi-et-avec-qui-le-11-mars-a-inovallee-2\/#breadcrumb"},"inLanguage":"en-GB","potentialAction":[{"@type":"ReadAction","target":["https:\/\/www.inovallee.com\/atelier-levee-de-fonds-comment-pourquoi-et-avec-qui-le-11-mars-a-inovallee-2\/"]}]},{"@type":"ImageObject","inLanguage":"en-GB","@id":"https:\/\/www.inovallee.com\/atelier-levee-de-fonds-comment-pourquoi-et-avec-qui-le-11-mars-a-inovallee-2\/#primaryimage","url":"http:\/\/m1.menly.fr\/wp-content\/uploads\/2012\/10\/banquier.jpg","contentUrl":"http:\/\/m1.menly.fr\/wp-content\/uploads\/2012\/10\/banquier.jpg"},{"@type":"BreadcrumbList","@id":"https:\/\/www.inovallee.com\/atelier-levee-de-fonds-comment-pourquoi-et-avec-qui-le-11-mars-a-inovallee-2\/#breadcrumb","itemListElement":[{"@type":"ListItem","position":1,"name":"Accueil","item":"https:\/\/www.inovallee.com\/"},{"@type":"ListItem","position":2,"name":"Atelier lev\u00e9e de fonds : comment, pourquoi et avec qui ? Le 11 mars \u00e0 inovall\u00e9e."}]},{"@type":"WebSite","@id":"https:\/\/www.inovallee.com\/#website","url":"https:\/\/www.inovallee.com\/","name":"inovall\u00e9e technopole, Home to software & smart technologies","description":"Home to software &amp; smart technologies","publisher":{"@id":"https:\/\/www.inovallee.com\/#organization"},"potentialAction":[{"@type":"SearchAction","target":{"@type":"EntryPoint","urlTemplate":"https:\/\/www.inovallee.com\/?s={search_term_string}"},"query-input":{"@type":"PropertyValueSpecification","valueRequired":true,"valueName":"search_term_string"}}],"inLanguage":"en-GB"},{"@type":"Organization","@id":"https:\/\/www.inovallee.com\/#organization","name":"inovall\u00e9e","url":"https:\/\/www.inovallee.com\/","logo":{"@type":"ImageObject","inLanguage":"en-GB","@id":"https:\/\/www.inovallee.com\/#\/schema\/logo\/image\/","url":"https:\/\/www.inovallee.com\/wp-content\/uploads\/2023\/08\/inovallee_2022_GrenobleAlpes.png","contentUrl":"https:\/\/www.inovallee.com\/wp-content\/uploads\/2023\/08\/inovallee_2022_GrenobleAlpes.png","width":945,"height":369,"caption":"inovall\u00e9e"},"image":{"@id":"https:\/\/www.inovallee.com\/#\/schema\/logo\/image\/"},"sameAs":["https:\/\/www.facebook.com\/technopoleinovallee\/","https:\/\/x.com\/inovallee","https:\/\/www.linkedin.com\/company\/inovall-e\/","https:\/\/www.youtube.com\/user\/inovallee?reload=9"]},{"@type":"Person","@id":"https:\/\/www.inovallee.com\/#\/schema\/person\/a45b15518aad3111b2d61d257a3e023b","name":"Inovallee"}]}},"_links":{"self":[{"href":"https:\/\/www.inovallee.com\/en\/wp-json\/wp\/v2\/posts\/28551","targetHints":{"allow":["GET"]}}],"collection":[{"href":"https:\/\/www.inovallee.com\/en\/wp-json\/wp\/v2\/posts"}],"about":[{"href":"https:\/\/www.inovallee.com\/en\/wp-json\/wp\/v2\/types\/post"}],"author":[{"embeddable":true,"href":"https:\/\/www.inovallee.com\/en\/wp-json\/wp\/v2\/users\/6"}],"replies":[{"embeddable":true,"href":"https:\/\/www.inovallee.com\/en\/wp-json\/wp\/v2\/comments?post=28551"}],"version-history":[{"count":0,"href":"https:\/\/www.inovallee.com\/en\/wp-json\/wp\/v2\/posts\/28551\/revisions"}],"wp:attachment":[{"href":"https:\/\/www.inovallee.com\/en\/wp-json\/wp\/v2\/media?parent=28551"}],"wp:term":[{"taxonomy":"category","embeddable":true,"href":"https:\/\/www.inovallee.com\/en\/wp-json\/wp\/v2\/categories?post=28551"},{"taxonomy":"post_tag","embeddable":true,"href":"https:\/\/www.inovallee.com\/en\/wp-json\/wp\/v2\/tags?post=28551"}],"curies":[{"name":"wp","href":"https:\/\/api.w.org\/{rel}","templated":true}]}}