{"id":28556,"date":"2014-02-24T13:34:00","date_gmt":"2014-02-24T12:34:00","guid":{"rendered":"https:\/\/www.inovallee.com\/la-securite-dans-votre-entreprise-vous-preoccupe-participez-au-petit-dejeuner-organise-par-inovallee-et-la-gendarmerie-le-jeudi-20-mars\/"},"modified":"2020-06-23T18:35:35","modified_gmt":"2020-06-23T16:35:35","slug":"la-securite-dans-votre-entreprise-vous-preoccupe-participez-au-petit-dejeuner-organise-par-inovallee-et-la-gendarmerie-le-jeudi-20-mars","status":"publish","type":"post","link":"https:\/\/www.inovallee.com\/en\/la-securite-dans-votre-entreprise-vous-preoccupe-participez-au-petit-dejeuner-organise-par-inovallee-et-la-gendarmerie-le-jeudi-20-mars\/","title":{"rendered":"La s\u00e9curit\u00e9 dans votre entreprise vous pr\u00e9occupe ? Participez au petit d\u00e9jeuner organis\u00e9 par inovall\u00e9e et la gendarmerie le jeudi 20 mars."},"content":{"rendered":"<div dir=\"ltr\" style=\"text-align: left;\"><span style=\"font-size: x-small;\"><span style=\"font-family: Verdana,sans-serif;\">La gendarmerie, en collaboration avec inovall\u00e9e,  vous invite \u00e0 participer \u00e0 un petit d\u00e9jeuner d\u2019information sur la probl\u00e9matique de la s\u00e9curit\u00e9 et la pr\u00e9vention des vols dans l&rsquo;entreprise.&nbsp;<\/span><\/span><\/p>\n<p><span style=\"font-size: x-small;\"><span style=\"font-family: Verdana,sans-serif;\">Le capitaine Plateau et le Major Vlaminck de la gendarmerie de Meylan aborderont les points suivants :&nbsp;<\/span><\/span><\/p>\n<ul style=\"text-align: left;\">\n<li><span style=\"font-size: x-small;\"><span style=\"font-family: Verdana,sans-serif;\">Statistiques enregistr\u00e9es sur les 3 derni\u00e8res ann\u00e9es concernant les vols dans les soci\u00e9t\u00e9s<\/span><\/span><\/li>\n<li><span style=\"font-size: x-small;\"><span style=\"font-family: Verdana,sans-serif;\">La probl\u00e9matique des cambriolages<\/span><\/span><\/li>\n<li><span style=\"font-size: x-small;\"><span style=\"font-family: Verdana,sans-serif;\">Les mesures de pr\u00e9vention<\/span><\/span><span style=\"font-size: x-small;\"><span style=\"font-family: Verdana,sans-serif;\"><\/span><\/span><\/li>\n<\/ul>\n<p><span style=\"font-size: x-small;\"><span style=\"font-family: Verdana,sans-serif;\">&nbsp;Un temps d&rsquo;\u00e9change vous permettra de poser toutes vos questions.<\/span><\/span><\/p>\n<p><span style=\"font-size: x-small;\"><span style=\"font-family: Verdana,sans-serif;\">Jeudi 20 mars de 9h \u00e0 10h30 dans les locaux d&rsquo;inovall\u00e9e <\/span><\/span><br \/><span style=\"font-size: x-small;\"><span style=\"font-family: Verdana,sans-serif;\"><br \/><\/span><\/span><span style=\"font-size: x-small;\"><span style=\"font-family: Verdana,sans-serif;\">Inscription gratuite mais obligatoire :<a href=\"mailto:accueil@inovallee.com\">accueil@inovallee.com<\/a><\/span><\/span><\/div>","protected":false},"excerpt":{"rendered":"<p>La gendarmerie, en collaboration avec inovall\u00e9e, vous invite \u00e0 participer \u00e0 un petit d\u00e9jeuner d\u2019information sur la probl\u00e9matique de la s\u00e9curit\u00e9 et la pr\u00e9vention des vols dans l&rsquo;entreprise.&nbsp; Le capitaine Plateau et le Major Vlaminck de la gendarmerie de Meylan aborderont les points suivants :&nbsp; Statistiques enregistr\u00e9es sur les 3 derni\u00e8res ann\u00e9es concernant les vols [&hellip;]<\/p>\n","protected":false},"author":6,"featured_media":0,"comment_status":"closed","ping_status":"open","sticky":false,"template":"","format":"standard","meta":{"footnotes":""},"categories":[29,31],"tags":[],"class_list":["post-28556","post","type-post","status-publish","format-standard","hentry","category-evenements","category-vie-technopole-inovallee"],"yoast_head":"<!-- This site is optimized with the Yoast SEO plugin v27.4 - https:\/\/yoast.com\/product\/yoast-seo-wordpress\/ -->\n<title>La s\u00e9curit\u00e9 dans votre entreprise vous pr\u00e9occupe ? Participez au petit d\u00e9jeuner organis\u00e9 par inovall\u00e9e et la gendarmerie le jeudi 20 mars. - inovall\u00e9e<\/title>\n<meta name=\"robots\" content=\"index, follow, max-snippet:-1, max-image-preview:large, max-video-preview:-1\" \/>\n<link rel=\"canonical\" href=\"https:\/\/www.inovallee.com\/en\/la-securite-dans-votre-entreprise-vous-preoccupe-participez-au-petit-dejeuner-organise-par-inovallee-et-la-gendarmerie-le-jeudi-20-mars\/\" \/>\n<meta property=\"og:locale\" content=\"en_GB\" \/>\n<meta property=\"og:type\" content=\"article\" \/>\n<meta property=\"og:title\" content=\"La s\u00e9curit\u00e9 dans votre entreprise vous pr\u00e9occupe ? Participez au petit d\u00e9jeuner organis\u00e9 par inovall\u00e9e et la gendarmerie le jeudi 20 mars. - inovall\u00e9e\" \/>\n<meta property=\"og:description\" content=\"La gendarmerie, en collaboration avec inovall\u00e9e, vous invite \u00e0 participer \u00e0 un petit d\u00e9jeuner d\u2019information sur la probl\u00e9matique de la s\u00e9curit\u00e9 et la pr\u00e9vention des vols dans l&rsquo;entreprise.&nbsp; Le capitaine Plateau et le Major Vlaminck de la gendarmerie de Meylan aborderont les points suivants :&nbsp; Statistiques enregistr\u00e9es sur les 3 derni\u00e8res ann\u00e9es concernant les vols [&hellip;]\" \/>\n<meta property=\"og:url\" content=\"https:\/\/www.inovallee.com\/en\/la-securite-dans-votre-entreprise-vous-preoccupe-participez-au-petit-dejeuner-organise-par-inovallee-et-la-gendarmerie-le-jeudi-20-mars\/\" \/>\n<meta property=\"og:site_name\" content=\"inovall\u00e9e\" \/>\n<meta property=\"article:publisher\" content=\"https:\/\/www.facebook.com\/technopoleinovallee\/\" \/>\n<meta property=\"article:published_time\" content=\"2014-02-24T12:34:00+00:00\" \/>\n<meta property=\"article:modified_time\" content=\"2020-06-23T16:35:35+00:00\" \/>\n<meta name=\"author\" content=\"Inovallee\" \/>\n<meta name=\"twitter:card\" content=\"summary_large_image\" \/>\n<meta name=\"twitter:creator\" content=\"@inovallee\" \/>\n<meta name=\"twitter:site\" content=\"@inovallee\" \/>\n<meta name=\"twitter:label1\" content=\"Written by\" \/>\n\t<meta name=\"twitter:data1\" content=\"Inovallee\" \/>\n\t<meta name=\"twitter:label2\" content=\"Estimated reading time\" \/>\n\t<meta name=\"twitter:data2\" content=\"1 minute\" \/>\n<script type=\"application\/ld+json\" class=\"yoast-schema-graph\">{\"@context\":\"https:\\\/\\\/schema.org\",\"@graph\":[{\"@type\":\"Article\",\"@id\":\"https:\\\/\\\/www.inovallee.com\\\/la-securite-dans-votre-entreprise-vous-preoccupe-participez-au-petit-dejeuner-organise-par-inovallee-et-la-gendarmerie-le-jeudi-20-mars\\\/#article\",\"isPartOf\":{\"@id\":\"https:\\\/\\\/www.inovallee.com\\\/la-securite-dans-votre-entreprise-vous-preoccupe-participez-au-petit-dejeuner-organise-par-inovallee-et-la-gendarmerie-le-jeudi-20-mars\\\/\"},\"author\":{\"name\":\"Inovallee\",\"@id\":\"https:\\\/\\\/www.inovallee.com\\\/#\\\/schema\\\/person\\\/a45b15518aad3111b2d61d257a3e023b\"},\"headline\":\"La s\u00e9curit\u00e9 dans votre entreprise vous pr\u00e9occupe ? Participez au petit d\u00e9jeuner organis\u00e9 par inovall\u00e9e et la gendarmerie le jeudi 20 mars.\",\"datePublished\":\"2014-02-24T12:34:00+00:00\",\"dateModified\":\"2020-06-23T16:35:35+00:00\",\"mainEntityOfPage\":{\"@id\":\"https:\\\/\\\/www.inovallee.com\\\/la-securite-dans-votre-entreprise-vous-preoccupe-participez-au-petit-dejeuner-organise-par-inovallee-et-la-gendarmerie-le-jeudi-20-mars\\\/\"},\"wordCount\":132,\"publisher\":{\"@id\":\"https:\\\/\\\/www.inovallee.com\\\/#organization\"},\"articleSection\":[\"Technopole inovall\u00e9e\",\"Vie de la technopole inovall\u00e9e\"],\"inLanguage\":\"en-GB\"},{\"@type\":\"WebPage\",\"@id\":\"https:\\\/\\\/www.inovallee.com\\\/la-securite-dans-votre-entreprise-vous-preoccupe-participez-au-petit-dejeuner-organise-par-inovallee-et-la-gendarmerie-le-jeudi-20-mars\\\/\",\"url\":\"https:\\\/\\\/www.inovallee.com\\\/la-securite-dans-votre-entreprise-vous-preoccupe-participez-au-petit-dejeuner-organise-par-inovallee-et-la-gendarmerie-le-jeudi-20-mars\\\/\",\"name\":\"La s\u00e9curit\u00e9 dans votre entreprise vous pr\u00e9occupe ? Participez au petit d\u00e9jeuner organis\u00e9 par inovall\u00e9e et la gendarmerie le jeudi 20 mars. - inovall\u00e9e\",\"isPartOf\":{\"@id\":\"https:\\\/\\\/www.inovallee.com\\\/#website\"},\"datePublished\":\"2014-02-24T12:34:00+00:00\",\"dateModified\":\"2020-06-23T16:35:35+00:00\",\"breadcrumb\":{\"@id\":\"https:\\\/\\\/www.inovallee.com\\\/la-securite-dans-votre-entreprise-vous-preoccupe-participez-au-petit-dejeuner-organise-par-inovallee-et-la-gendarmerie-le-jeudi-20-mars\\\/#breadcrumb\"},\"inLanguage\":\"en-GB\",\"potentialAction\":[{\"@type\":\"ReadAction\",\"target\":[\"https:\\\/\\\/www.inovallee.com\\\/la-securite-dans-votre-entreprise-vous-preoccupe-participez-au-petit-dejeuner-organise-par-inovallee-et-la-gendarmerie-le-jeudi-20-mars\\\/\"]}]},{\"@type\":\"BreadcrumbList\",\"@id\":\"https:\\\/\\\/www.inovallee.com\\\/la-securite-dans-votre-entreprise-vous-preoccupe-participez-au-petit-dejeuner-organise-par-inovallee-et-la-gendarmerie-le-jeudi-20-mars\\\/#breadcrumb\",\"itemListElement\":[{\"@type\":\"ListItem\",\"position\":1,\"name\":\"Accueil\",\"item\":\"https:\\\/\\\/www.inovallee.com\\\/\"},{\"@type\":\"ListItem\",\"position\":2,\"name\":\"La s\u00e9curit\u00e9 dans votre entreprise vous pr\u00e9occupe ? Participez au petit d\u00e9jeuner organis\u00e9 par inovall\u00e9e et la gendarmerie le jeudi 20 mars.\"}]},{\"@type\":\"WebSite\",\"@id\":\"https:\\\/\\\/www.inovallee.com\\\/#website\",\"url\":\"https:\\\/\\\/www.inovallee.com\\\/\",\"name\":\"inovall\u00e9e technopole, Home to software & smart technologies\",\"description\":\"Home to software &amp; smart technologies\",\"publisher\":{\"@id\":\"https:\\\/\\\/www.inovallee.com\\\/#organization\"},\"potentialAction\":[{\"@type\":\"SearchAction\",\"target\":{\"@type\":\"EntryPoint\",\"urlTemplate\":\"https:\\\/\\\/www.inovallee.com\\\/?s={search_term_string}\"},\"query-input\":{\"@type\":\"PropertyValueSpecification\",\"valueRequired\":true,\"valueName\":\"search_term_string\"}}],\"inLanguage\":\"en-GB\"},{\"@type\":\"Organization\",\"@id\":\"https:\\\/\\\/www.inovallee.com\\\/#organization\",\"name\":\"inovall\u00e9e\",\"url\":\"https:\\\/\\\/www.inovallee.com\\\/\",\"logo\":{\"@type\":\"ImageObject\",\"inLanguage\":\"en-GB\",\"@id\":\"https:\\\/\\\/www.inovallee.com\\\/#\\\/schema\\\/logo\\\/image\\\/\",\"url\":\"https:\\\/\\\/www.inovallee.com\\\/wp-content\\\/uploads\\\/2023\\\/08\\\/inovallee_2022_GrenobleAlpes.png\",\"contentUrl\":\"https:\\\/\\\/www.inovallee.com\\\/wp-content\\\/uploads\\\/2023\\\/08\\\/inovallee_2022_GrenobleAlpes.png\",\"width\":945,\"height\":369,\"caption\":\"inovall\u00e9e\"},\"image\":{\"@id\":\"https:\\\/\\\/www.inovallee.com\\\/#\\\/schema\\\/logo\\\/image\\\/\"},\"sameAs\":[\"https:\\\/\\\/www.facebook.com\\\/technopoleinovallee\\\/\",\"https:\\\/\\\/x.com\\\/inovallee\",\"https:\\\/\\\/www.linkedin.com\\\/company\\\/inovall-e\\\/\",\"https:\\\/\\\/www.youtube.com\\\/user\\\/inovallee?reload=9\"]},{\"@type\":\"Person\",\"@id\":\"https:\\\/\\\/www.inovallee.com\\\/#\\\/schema\\\/person\\\/a45b15518aad3111b2d61d257a3e023b\",\"name\":\"Inovallee\"}]}<\/script>\n<!-- \/ Yoast SEO plugin. -->","yoast_head_json":{"title":"La s\u00e9curit\u00e9 dans votre entreprise vous pr\u00e9occupe ? Participez au petit d\u00e9jeuner organis\u00e9 par inovall\u00e9e et la gendarmerie le jeudi 20 mars. - inovall\u00e9e","robots":{"index":"index","follow":"follow","max-snippet":"max-snippet:-1","max-image-preview":"max-image-preview:large","max-video-preview":"max-video-preview:-1"},"canonical":"https:\/\/www.inovallee.com\/en\/la-securite-dans-votre-entreprise-vous-preoccupe-participez-au-petit-dejeuner-organise-par-inovallee-et-la-gendarmerie-le-jeudi-20-mars\/","og_locale":"en_GB","og_type":"article","og_title":"La s\u00e9curit\u00e9 dans votre entreprise vous pr\u00e9occupe ? Participez au petit d\u00e9jeuner organis\u00e9 par inovall\u00e9e et la gendarmerie le jeudi 20 mars. - inovall\u00e9e","og_description":"La gendarmerie, en collaboration avec inovall\u00e9e, vous invite \u00e0 participer \u00e0 un petit d\u00e9jeuner d\u2019information sur la probl\u00e9matique de la s\u00e9curit\u00e9 et la pr\u00e9vention des vols dans l&rsquo;entreprise.&nbsp; Le capitaine Plateau et le Major Vlaminck de la gendarmerie de Meylan aborderont les points suivants :&nbsp; Statistiques enregistr\u00e9es sur les 3 derni\u00e8res ann\u00e9es concernant les vols [&hellip;]","og_url":"https:\/\/www.inovallee.com\/en\/la-securite-dans-votre-entreprise-vous-preoccupe-participez-au-petit-dejeuner-organise-par-inovallee-et-la-gendarmerie-le-jeudi-20-mars\/","og_site_name":"inovall\u00e9e","article_publisher":"https:\/\/www.facebook.com\/technopoleinovallee\/","article_published_time":"2014-02-24T12:34:00+00:00","article_modified_time":"2020-06-23T16:35:35+00:00","author":"Inovallee","twitter_card":"summary_large_image","twitter_creator":"@inovallee","twitter_site":"@inovallee","twitter_misc":{"Written by":"Inovallee","Estimated reading time":"1 minute"},"schema":{"@context":"https:\/\/schema.org","@graph":[{"@type":"Article","@id":"https:\/\/www.inovallee.com\/la-securite-dans-votre-entreprise-vous-preoccupe-participez-au-petit-dejeuner-organise-par-inovallee-et-la-gendarmerie-le-jeudi-20-mars\/#article","isPartOf":{"@id":"https:\/\/www.inovallee.com\/la-securite-dans-votre-entreprise-vous-preoccupe-participez-au-petit-dejeuner-organise-par-inovallee-et-la-gendarmerie-le-jeudi-20-mars\/"},"author":{"name":"Inovallee","@id":"https:\/\/www.inovallee.com\/#\/schema\/person\/a45b15518aad3111b2d61d257a3e023b"},"headline":"La s\u00e9curit\u00e9 dans votre entreprise vous pr\u00e9occupe ? Participez au petit d\u00e9jeuner organis\u00e9 par inovall\u00e9e et la gendarmerie le jeudi 20 mars.","datePublished":"2014-02-24T12:34:00+00:00","dateModified":"2020-06-23T16:35:35+00:00","mainEntityOfPage":{"@id":"https:\/\/www.inovallee.com\/la-securite-dans-votre-entreprise-vous-preoccupe-participez-au-petit-dejeuner-organise-par-inovallee-et-la-gendarmerie-le-jeudi-20-mars\/"},"wordCount":132,"publisher":{"@id":"https:\/\/www.inovallee.com\/#organization"},"articleSection":["Technopole inovall\u00e9e","Vie de la technopole inovall\u00e9e"],"inLanguage":"en-GB"},{"@type":"WebPage","@id":"https:\/\/www.inovallee.com\/la-securite-dans-votre-entreprise-vous-preoccupe-participez-au-petit-dejeuner-organise-par-inovallee-et-la-gendarmerie-le-jeudi-20-mars\/","url":"https:\/\/www.inovallee.com\/la-securite-dans-votre-entreprise-vous-preoccupe-participez-au-petit-dejeuner-organise-par-inovallee-et-la-gendarmerie-le-jeudi-20-mars\/","name":"La s\u00e9curit\u00e9 dans votre entreprise vous pr\u00e9occupe ? Participez au petit d\u00e9jeuner organis\u00e9 par inovall\u00e9e et la gendarmerie le jeudi 20 mars. - inovall\u00e9e","isPartOf":{"@id":"https:\/\/www.inovallee.com\/#website"},"datePublished":"2014-02-24T12:34:00+00:00","dateModified":"2020-06-23T16:35:35+00:00","breadcrumb":{"@id":"https:\/\/www.inovallee.com\/la-securite-dans-votre-entreprise-vous-preoccupe-participez-au-petit-dejeuner-organise-par-inovallee-et-la-gendarmerie-le-jeudi-20-mars\/#breadcrumb"},"inLanguage":"en-GB","potentialAction":[{"@type":"ReadAction","target":["https:\/\/www.inovallee.com\/la-securite-dans-votre-entreprise-vous-preoccupe-participez-au-petit-dejeuner-organise-par-inovallee-et-la-gendarmerie-le-jeudi-20-mars\/"]}]},{"@type":"BreadcrumbList","@id":"https:\/\/www.inovallee.com\/la-securite-dans-votre-entreprise-vous-preoccupe-participez-au-petit-dejeuner-organise-par-inovallee-et-la-gendarmerie-le-jeudi-20-mars\/#breadcrumb","itemListElement":[{"@type":"ListItem","position":1,"name":"Accueil","item":"https:\/\/www.inovallee.com\/"},{"@type":"ListItem","position":2,"name":"La s\u00e9curit\u00e9 dans votre entreprise vous pr\u00e9occupe ? Participez au petit d\u00e9jeuner organis\u00e9 par inovall\u00e9e et la gendarmerie le jeudi 20 mars."}]},{"@type":"WebSite","@id":"https:\/\/www.inovallee.com\/#website","url":"https:\/\/www.inovallee.com\/","name":"inovall\u00e9e technopole, Home to software & smart technologies","description":"Home to software &amp; smart technologies","publisher":{"@id":"https:\/\/www.inovallee.com\/#organization"},"potentialAction":[{"@type":"SearchAction","target":{"@type":"EntryPoint","urlTemplate":"https:\/\/www.inovallee.com\/?s={search_term_string}"},"query-input":{"@type":"PropertyValueSpecification","valueRequired":true,"valueName":"search_term_string"}}],"inLanguage":"en-GB"},{"@type":"Organization","@id":"https:\/\/www.inovallee.com\/#organization","name":"inovall\u00e9e","url":"https:\/\/www.inovallee.com\/","logo":{"@type":"ImageObject","inLanguage":"en-GB","@id":"https:\/\/www.inovallee.com\/#\/schema\/logo\/image\/","url":"https:\/\/www.inovallee.com\/wp-content\/uploads\/2023\/08\/inovallee_2022_GrenobleAlpes.png","contentUrl":"https:\/\/www.inovallee.com\/wp-content\/uploads\/2023\/08\/inovallee_2022_GrenobleAlpes.png","width":945,"height":369,"caption":"inovall\u00e9e"},"image":{"@id":"https:\/\/www.inovallee.com\/#\/schema\/logo\/image\/"},"sameAs":["https:\/\/www.facebook.com\/technopoleinovallee\/","https:\/\/x.com\/inovallee","https:\/\/www.linkedin.com\/company\/inovall-e\/","https:\/\/www.youtube.com\/user\/inovallee?reload=9"]},{"@type":"Person","@id":"https:\/\/www.inovallee.com\/#\/schema\/person\/a45b15518aad3111b2d61d257a3e023b","name":"Inovallee"}]}},"_links":{"self":[{"href":"https:\/\/www.inovallee.com\/en\/wp-json\/wp\/v2\/posts\/28556","targetHints":{"allow":["GET"]}}],"collection":[{"href":"https:\/\/www.inovallee.com\/en\/wp-json\/wp\/v2\/posts"}],"about":[{"href":"https:\/\/www.inovallee.com\/en\/wp-json\/wp\/v2\/types\/post"}],"author":[{"embeddable":true,"href":"https:\/\/www.inovallee.com\/en\/wp-json\/wp\/v2\/users\/6"}],"replies":[{"embeddable":true,"href":"https:\/\/www.inovallee.com\/en\/wp-json\/wp\/v2\/comments?post=28556"}],"version-history":[{"count":0,"href":"https:\/\/www.inovallee.com\/en\/wp-json\/wp\/v2\/posts\/28556\/revisions"}],"wp:attachment":[{"href":"https:\/\/www.inovallee.com\/en\/wp-json\/wp\/v2\/media?parent=28556"}],"wp:term":[{"taxonomy":"category","embeddable":true,"href":"https:\/\/www.inovallee.com\/en\/wp-json\/wp\/v2\/categories?post=28556"},{"taxonomy":"post_tag","embeddable":true,"href":"https:\/\/www.inovallee.com\/en\/wp-json\/wp\/v2\/tags?post=28556"}],"curies":[{"name":"wp","href":"https:\/\/api.w.org\/{rel}","templated":true}]}}