{"id":28664,"date":"2015-09-14T14:19:00","date_gmt":"2015-09-14T13:19:00","guid":{"rendered":"https:\/\/www.inovallee.com\/collibris-et-livre-de-lire-lancent-un-concours-de-critiques-litteraires-321-critiquez\/"},"modified":"2015-09-14T14:19:00","modified_gmt":"2015-09-14T13:19:00","slug":"collibris-et-livre-de-lire-lancent-un-concours-de-critiques-litteraires-321-critiquez","status":"publish","type":"post","link":"https:\/\/www.inovallee.com\/en\/collibris-et-livre-de-lire-lancent-un-concours-de-critiques-litteraires-321-critiquez\/","title":{"rendered":"Collibris et L\u2019Ivre de Lire lancent un concours de critiques litt\u00e9raires : 3,2,1 Critiquez !"},"content":{"rendered":"<div dir=\"ltr\" style=\"text-align: left;\">\n<div style=\"clear: both; text-align: center;\"><a href=\"http:\/\/4.bp.blogspot.com\/-ClIFgA1rBJ8\/VfbACQkkpFI\/AAAAAAAASn4\/f8ajZLFt7XQ\/s1600\/CONCOURS%2BDE%2BCRITIQUES%2BLITTERAIRES%2B2015.jpg\" style=\"clear: right; float: right; margin-bottom: 1em; margin-left: 1em;\"><img fetchpriority=\"high\" decoding=\"async\" border=\"0\" height=\"268\" src=\"http:\/\/4.bp.blogspot.com\/-ClIFgA1rBJ8\/VfbACQkkpFI\/AAAAAAAASn4\/f8ajZLFt7XQ\/s320\/CONCOURS%2BDE%2BCRITIQUES%2BLITTERAIRES%2B2015.jpg\" width=\"320\" \/><\/a><\/div>\n<p><span style=\"font-family: Verdana,sans-serif;\">En partenariat avec les \u00e9ditions Albin Michel et les \u00e9ditions Charleston, <a href=\"http:\/\/www.collibris-app.com\/\" target=\"_blank\" rel=\"noopener noreferrer\">Collibris <\/a>et son webzine litt\u00e9raire L\u2019Ivre de Lire organisent un concours de critiques litt\u00e9raires. Le top d\u00e9part a \u00e9t\u00e9 donn\u00e9 le 9 septembre et ce concours se prolongera <b>jusqu&rsquo;au 26 octobre minuit<\/b>. Un tirage au sort aura lieu le mercredi 28 octobre et d\u00e9signera les 10 gagnants, qui remporteront chacun <a href=\"http:\/\/livredelire.com\/10-gagnants-3-livres-chacun-2\/\" target=\"_blank\" rel=\"noopener noreferrer\">un pack de 3 livres<\/a>.&nbsp;&nbsp;<\/span><\/p>\n<p><span style=\"font-family: Verdana,sans-serif;\">Alors chers passionn\u00e9s de la litt\u00e9rature, ne perdez plus une seconde : lisez, \u00e9crivez, lisez, \u00e9crivez\u2026  Plus vous \u00e9crirez de critiques (de qualit\u00e9), plus vos chances d\u2019\u00eatre tir\u00e9 au sort seront grandes ! Nul doute que parmi vos critiques, nous d\u00e9couvrirons de v\u00e9ritables p\u00e9pites !  Mais avant de vous lancer, veillez \u00e0 bien lire et respecter les conditions de participation sur le site de <a href=\"http:\/\/livredelire.com\/c-est-parti\/\" target=\"_blank\" rel=\"noopener noreferrer\">L&rsquo;ivre de Lire<\/a>. C&rsquo;est parti, tous \u00e0 vos plumes ! <\/span><\/p>\n<div style=\"clear: both; text-align: center;\"><a href=\"http:\/\/2.bp.blogspot.com\/-kWYi3SuYHgA\/VfbABgQ70TI\/AAAAAAAASn0\/puhT6UvlGNg\/s1600\/2%2Bpacks%2Bde%2B3%2Blivres%2B%2521%2B10%2Bgagnants%2B%2521.jpg\" style=\"margin-left: 1em; margin-right: 1em;\"><img decoding=\"async\" border=\"0\" height=\"536\" src=\"http:\/\/2.bp.blogspot.com\/-kWYi3SuYHgA\/VfbABgQ70TI\/AAAAAAAASn0\/puhT6UvlGNg\/s640\/2%2Bpacks%2Bde%2B3%2Blivres%2B%2521%2B10%2Bgagnants%2B%2521.jpg\" width=\"640\" \/><\/a><\/div>\n<\/div>","protected":false},"excerpt":{"rendered":"<p>En partenariat avec les \u00e9ditions Albin Michel et les \u00e9ditions Charleston, Collibris et son webzine litt\u00e9raire L\u2019Ivre de Lire organisent un concours de critiques litt\u00e9raires. Le top d\u00e9part a \u00e9t\u00e9 donn\u00e9 le 9 septembre et ce concours se prolongera jusqu&rsquo;au 26 octobre minuit. Un tirage au sort aura lieu le mercredi 28 octobre et d\u00e9signera [&hellip;]<\/p>\n","protected":false},"author":6,"featured_media":0,"comment_status":"closed","ping_status":"open","sticky":false,"template":"","format":"standard","meta":{"footnotes":""},"categories":[45,60,44],"tags":[],"class_list":["post-28664","post","type-post","status-publish","format-standard","hentry","category-startup-tarmac","category-shopping-bons-plans","category-tarmac-incubator"],"yoast_head":"<!-- This site is optimized with the Yoast SEO plugin v27.4 - https:\/\/yoast.com\/product\/yoast-seo-wordpress\/ -->\n<title>Collibris et L\u2019Ivre de Lire lancent un concours de critiques litt\u00e9raires : 3,2,1 Critiquez ! - inovall\u00e9e<\/title>\n<meta name=\"robots\" content=\"index, follow, max-snippet:-1, max-image-preview:large, max-video-preview:-1\" \/>\n<link rel=\"canonical\" href=\"https:\/\/www.inovallee.com\/en\/collibris-et-livre-de-lire-lancent-un-concours-de-critiques-litteraires-321-critiquez\/\" \/>\n<meta property=\"og:locale\" content=\"en_GB\" \/>\n<meta property=\"og:type\" content=\"article\" \/>\n<meta property=\"og:title\" content=\"Collibris et L\u2019Ivre de Lire lancent un concours de critiques litt\u00e9raires : 3,2,1 Critiquez ! - inovall\u00e9e\" \/>\n<meta property=\"og:description\" content=\"En partenariat avec les \u00e9ditions Albin Michel et les \u00e9ditions Charleston, Collibris et son webzine litt\u00e9raire L\u2019Ivre de Lire organisent un concours de critiques litt\u00e9raires. Le top d\u00e9part a \u00e9t\u00e9 donn\u00e9 le 9 septembre et ce concours se prolongera jusqu&rsquo;au 26 octobre minuit. Un tirage au sort aura lieu le mercredi 28 octobre et d\u00e9signera [&hellip;]\" \/>\n<meta property=\"og:url\" content=\"https:\/\/www.inovallee.com\/en\/collibris-et-livre-de-lire-lancent-un-concours-de-critiques-litteraires-321-critiquez\/\" \/>\n<meta property=\"og:site_name\" content=\"inovall\u00e9e\" \/>\n<meta property=\"article:publisher\" content=\"https:\/\/www.facebook.com\/technopoleinovallee\/\" \/>\n<meta property=\"article:published_time\" content=\"2015-09-14T13:19:00+00:00\" \/>\n<meta property=\"og:image\" content=\"http:\/\/4.bp.blogspot.com\/-ClIFgA1rBJ8\/VfbACQkkpFI\/AAAAAAAASn4\/f8ajZLFt7XQ\/s320\/CONCOURS%2BDE%2BCRITIQUES%2BLITTERAIRES%2B2015.jpg\" \/>\n<meta name=\"author\" content=\"Inovallee\" \/>\n<meta name=\"twitter:card\" content=\"summary_large_image\" \/>\n<meta name=\"twitter:creator\" content=\"@inovallee\" \/>\n<meta name=\"twitter:site\" content=\"@inovallee\" \/>\n<meta name=\"twitter:label1\" content=\"Written by\" \/>\n\t<meta name=\"twitter:data1\" content=\"Inovallee\" \/>\n\t<meta name=\"twitter:label2\" content=\"Estimated reading time\" \/>\n\t<meta name=\"twitter:data2\" content=\"1 minute\" \/>\n<script type=\"application\/ld+json\" class=\"yoast-schema-graph\">{\"@context\":\"https:\\\/\\\/schema.org\",\"@graph\":[{\"@type\":\"Article\",\"@id\":\"https:\\\/\\\/www.inovallee.com\\\/collibris-et-livre-de-lire-lancent-un-concours-de-critiques-litteraires-321-critiquez\\\/#article\",\"isPartOf\":{\"@id\":\"https:\\\/\\\/www.inovallee.com\\\/collibris-et-livre-de-lire-lancent-un-concours-de-critiques-litteraires-321-critiquez\\\/\"},\"author\":{\"name\":\"Inovallee\",\"@id\":\"https:\\\/\\\/www.inovallee.com\\\/#\\\/schema\\\/person\\\/a45b15518aad3111b2d61d257a3e023b\"},\"headline\":\"Collibris et L\u2019Ivre de Lire lancent un concours de critiques litt\u00e9raires : 3,2,1 Critiquez !\",\"datePublished\":\"2015-09-14T13:19:00+00:00\",\"mainEntityOfPage\":{\"@id\":\"https:\\\/\\\/www.inovallee.com\\\/collibris-et-livre-de-lire-lancent-un-concours-de-critiques-litteraires-321-critiquez\\\/\"},\"wordCount\":159,\"publisher\":{\"@id\":\"https:\\\/\\\/www.inovallee.com\\\/#organization\"},\"image\":{\"@id\":\"https:\\\/\\\/www.inovallee.com\\\/collibris-et-livre-de-lire-lancent-un-concours-de-critiques-litteraires-321-critiquez\\\/#primaryimage\"},\"thumbnailUrl\":\"http:\\\/\\\/4.bp.blogspot.com\\\/-ClIFgA1rBJ8\\\/VfbACQkkpFI\\\/AAAAAAAASn4\\\/f8ajZLFt7XQ\\\/s320\\\/CONCOURS%2BDE%2BCRITIQUES%2BLITTERAIRES%2B2015.jpg\",\"articleSection\":[\"L'\u00e9cho des startups du Tarmac\",\"Shopping \\\/ Bons plans\",\"Tarmac incubator\"],\"inLanguage\":\"en-GB\"},{\"@type\":\"WebPage\",\"@id\":\"https:\\\/\\\/www.inovallee.com\\\/collibris-et-livre-de-lire-lancent-un-concours-de-critiques-litteraires-321-critiquez\\\/\",\"url\":\"https:\\\/\\\/www.inovallee.com\\\/collibris-et-livre-de-lire-lancent-un-concours-de-critiques-litteraires-321-critiquez\\\/\",\"name\":\"Collibris et L\u2019Ivre de Lire lancent un concours de critiques litt\u00e9raires : 3,2,1 Critiquez ! - inovall\u00e9e\",\"isPartOf\":{\"@id\":\"https:\\\/\\\/www.inovallee.com\\\/#website\"},\"primaryImageOfPage\":{\"@id\":\"https:\\\/\\\/www.inovallee.com\\\/collibris-et-livre-de-lire-lancent-un-concours-de-critiques-litteraires-321-critiquez\\\/#primaryimage\"},\"image\":{\"@id\":\"https:\\\/\\\/www.inovallee.com\\\/collibris-et-livre-de-lire-lancent-un-concours-de-critiques-litteraires-321-critiquez\\\/#primaryimage\"},\"thumbnailUrl\":\"http:\\\/\\\/4.bp.blogspot.com\\\/-ClIFgA1rBJ8\\\/VfbACQkkpFI\\\/AAAAAAAASn4\\\/f8ajZLFt7XQ\\\/s320\\\/CONCOURS%2BDE%2BCRITIQUES%2BLITTERAIRES%2B2015.jpg\",\"datePublished\":\"2015-09-14T13:19:00+00:00\",\"breadcrumb\":{\"@id\":\"https:\\\/\\\/www.inovallee.com\\\/collibris-et-livre-de-lire-lancent-un-concours-de-critiques-litteraires-321-critiquez\\\/#breadcrumb\"},\"inLanguage\":\"en-GB\",\"potentialAction\":[{\"@type\":\"ReadAction\",\"target\":[\"https:\\\/\\\/www.inovallee.com\\\/collibris-et-livre-de-lire-lancent-un-concours-de-critiques-litteraires-321-critiquez\\\/\"]}]},{\"@type\":\"ImageObject\",\"inLanguage\":\"en-GB\",\"@id\":\"https:\\\/\\\/www.inovallee.com\\\/collibris-et-livre-de-lire-lancent-un-concours-de-critiques-litteraires-321-critiquez\\\/#primaryimage\",\"url\":\"http:\\\/\\\/4.bp.blogspot.com\\\/-ClIFgA1rBJ8\\\/VfbACQkkpFI\\\/AAAAAAAASn4\\\/f8ajZLFt7XQ\\\/s320\\\/CONCOURS%2BDE%2BCRITIQUES%2BLITTERAIRES%2B2015.jpg\",\"contentUrl\":\"http:\\\/\\\/4.bp.blogspot.com\\\/-ClIFgA1rBJ8\\\/VfbACQkkpFI\\\/AAAAAAAASn4\\\/f8ajZLFt7XQ\\\/s320\\\/CONCOURS%2BDE%2BCRITIQUES%2BLITTERAIRES%2B2015.jpg\"},{\"@type\":\"BreadcrumbList\",\"@id\":\"https:\\\/\\\/www.inovallee.com\\\/collibris-et-livre-de-lire-lancent-un-concours-de-critiques-litteraires-321-critiquez\\\/#breadcrumb\",\"itemListElement\":[{\"@type\":\"ListItem\",\"position\":1,\"name\":\"Accueil\",\"item\":\"https:\\\/\\\/www.inovallee.com\\\/\"},{\"@type\":\"ListItem\",\"position\":2,\"name\":\"Collibris et L\u2019Ivre de Lire lancent un concours de critiques litt\u00e9raires : 3,2,1 Critiquez !\"}]},{\"@type\":\"WebSite\",\"@id\":\"https:\\\/\\\/www.inovallee.com\\\/#website\",\"url\":\"https:\\\/\\\/www.inovallee.com\\\/\",\"name\":\"inovall\u00e9e technopole, Home to software & smart technologies\",\"description\":\"Home to software &amp; smart technologies\",\"publisher\":{\"@id\":\"https:\\\/\\\/www.inovallee.com\\\/#organization\"},\"potentialAction\":[{\"@type\":\"SearchAction\",\"target\":{\"@type\":\"EntryPoint\",\"urlTemplate\":\"https:\\\/\\\/www.inovallee.com\\\/?s={search_term_string}\"},\"query-input\":{\"@type\":\"PropertyValueSpecification\",\"valueRequired\":true,\"valueName\":\"search_term_string\"}}],\"inLanguage\":\"en-GB\"},{\"@type\":\"Organization\",\"@id\":\"https:\\\/\\\/www.inovallee.com\\\/#organization\",\"name\":\"inovall\u00e9e\",\"url\":\"https:\\\/\\\/www.inovallee.com\\\/\",\"logo\":{\"@type\":\"ImageObject\",\"inLanguage\":\"en-GB\",\"@id\":\"https:\\\/\\\/www.inovallee.com\\\/#\\\/schema\\\/logo\\\/image\\\/\",\"url\":\"https:\\\/\\\/www.inovallee.com\\\/wp-content\\\/uploads\\\/2023\\\/08\\\/inovallee_2022_GrenobleAlpes.png\",\"contentUrl\":\"https:\\\/\\\/www.inovallee.com\\\/wp-content\\\/uploads\\\/2023\\\/08\\\/inovallee_2022_GrenobleAlpes.png\",\"width\":945,\"height\":369,\"caption\":\"inovall\u00e9e\"},\"image\":{\"@id\":\"https:\\\/\\\/www.inovallee.com\\\/#\\\/schema\\\/logo\\\/image\\\/\"},\"sameAs\":[\"https:\\\/\\\/www.facebook.com\\\/technopoleinovallee\\\/\",\"https:\\\/\\\/x.com\\\/inovallee\",\"https:\\\/\\\/www.linkedin.com\\\/company\\\/inovall-e\\\/\",\"https:\\\/\\\/www.youtube.com\\\/user\\\/inovallee?reload=9\"]},{\"@type\":\"Person\",\"@id\":\"https:\\\/\\\/www.inovallee.com\\\/#\\\/schema\\\/person\\\/a45b15518aad3111b2d61d257a3e023b\",\"name\":\"Inovallee\"}]}<\/script>\n<!-- \/ Yoast SEO plugin. -->","yoast_head_json":{"title":"Collibris et L\u2019Ivre de Lire lancent un concours de critiques litt\u00e9raires : 3,2,1 Critiquez ! - inovall\u00e9e","robots":{"index":"index","follow":"follow","max-snippet":"max-snippet:-1","max-image-preview":"max-image-preview:large","max-video-preview":"max-video-preview:-1"},"canonical":"https:\/\/www.inovallee.com\/en\/collibris-et-livre-de-lire-lancent-un-concours-de-critiques-litteraires-321-critiquez\/","og_locale":"en_GB","og_type":"article","og_title":"Collibris et L\u2019Ivre de Lire lancent un concours de critiques litt\u00e9raires : 3,2,1 Critiquez ! - inovall\u00e9e","og_description":"En partenariat avec les \u00e9ditions Albin Michel et les \u00e9ditions Charleston, Collibris et son webzine litt\u00e9raire L\u2019Ivre de Lire organisent un concours de critiques litt\u00e9raires. Le top d\u00e9part a \u00e9t\u00e9 donn\u00e9 le 9 septembre et ce concours se prolongera jusqu&rsquo;au 26 octobre minuit. Un tirage au sort aura lieu le mercredi 28 octobre et d\u00e9signera [&hellip;]","og_url":"https:\/\/www.inovallee.com\/en\/collibris-et-livre-de-lire-lancent-un-concours-de-critiques-litteraires-321-critiquez\/","og_site_name":"inovall\u00e9e","article_publisher":"https:\/\/www.facebook.com\/technopoleinovallee\/","article_published_time":"2015-09-14T13:19:00+00:00","og_image":[{"url":"http:\/\/4.bp.blogspot.com\/-ClIFgA1rBJ8\/VfbACQkkpFI\/AAAAAAAASn4\/f8ajZLFt7XQ\/s320\/CONCOURS%2BDE%2BCRITIQUES%2BLITTERAIRES%2B2015.jpg","type":"","width":"","height":""}],"author":"Inovallee","twitter_card":"summary_large_image","twitter_creator":"@inovallee","twitter_site":"@inovallee","twitter_misc":{"Written by":"Inovallee","Estimated reading time":"1 minute"},"schema":{"@context":"https:\/\/schema.org","@graph":[{"@type":"Article","@id":"https:\/\/www.inovallee.com\/collibris-et-livre-de-lire-lancent-un-concours-de-critiques-litteraires-321-critiquez\/#article","isPartOf":{"@id":"https:\/\/www.inovallee.com\/collibris-et-livre-de-lire-lancent-un-concours-de-critiques-litteraires-321-critiquez\/"},"author":{"name":"Inovallee","@id":"https:\/\/www.inovallee.com\/#\/schema\/person\/a45b15518aad3111b2d61d257a3e023b"},"headline":"Collibris et L\u2019Ivre de Lire lancent un concours de critiques litt\u00e9raires : 3,2,1 Critiquez !","datePublished":"2015-09-14T13:19:00+00:00","mainEntityOfPage":{"@id":"https:\/\/www.inovallee.com\/collibris-et-livre-de-lire-lancent-un-concours-de-critiques-litteraires-321-critiquez\/"},"wordCount":159,"publisher":{"@id":"https:\/\/www.inovallee.com\/#organization"},"image":{"@id":"https:\/\/www.inovallee.com\/collibris-et-livre-de-lire-lancent-un-concours-de-critiques-litteraires-321-critiquez\/#primaryimage"},"thumbnailUrl":"http:\/\/4.bp.blogspot.com\/-ClIFgA1rBJ8\/VfbACQkkpFI\/AAAAAAAASn4\/f8ajZLFt7XQ\/s320\/CONCOURS%2BDE%2BCRITIQUES%2BLITTERAIRES%2B2015.jpg","articleSection":["L'\u00e9cho des startups du Tarmac","Shopping \/ Bons plans","Tarmac incubator"],"inLanguage":"en-GB"},{"@type":"WebPage","@id":"https:\/\/www.inovallee.com\/collibris-et-livre-de-lire-lancent-un-concours-de-critiques-litteraires-321-critiquez\/","url":"https:\/\/www.inovallee.com\/collibris-et-livre-de-lire-lancent-un-concours-de-critiques-litteraires-321-critiquez\/","name":"Collibris et L\u2019Ivre de Lire lancent un concours de critiques litt\u00e9raires : 3,2,1 Critiquez ! - inovall\u00e9e","isPartOf":{"@id":"https:\/\/www.inovallee.com\/#website"},"primaryImageOfPage":{"@id":"https:\/\/www.inovallee.com\/collibris-et-livre-de-lire-lancent-un-concours-de-critiques-litteraires-321-critiquez\/#primaryimage"},"image":{"@id":"https:\/\/www.inovallee.com\/collibris-et-livre-de-lire-lancent-un-concours-de-critiques-litteraires-321-critiquez\/#primaryimage"},"thumbnailUrl":"http:\/\/4.bp.blogspot.com\/-ClIFgA1rBJ8\/VfbACQkkpFI\/AAAAAAAASn4\/f8ajZLFt7XQ\/s320\/CONCOURS%2BDE%2BCRITIQUES%2BLITTERAIRES%2B2015.jpg","datePublished":"2015-09-14T13:19:00+00:00","breadcrumb":{"@id":"https:\/\/www.inovallee.com\/collibris-et-livre-de-lire-lancent-un-concours-de-critiques-litteraires-321-critiquez\/#breadcrumb"},"inLanguage":"en-GB","potentialAction":[{"@type":"ReadAction","target":["https:\/\/www.inovallee.com\/collibris-et-livre-de-lire-lancent-un-concours-de-critiques-litteraires-321-critiquez\/"]}]},{"@type":"ImageObject","inLanguage":"en-GB","@id":"https:\/\/www.inovallee.com\/collibris-et-livre-de-lire-lancent-un-concours-de-critiques-litteraires-321-critiquez\/#primaryimage","url":"http:\/\/4.bp.blogspot.com\/-ClIFgA1rBJ8\/VfbACQkkpFI\/AAAAAAAASn4\/f8ajZLFt7XQ\/s320\/CONCOURS%2BDE%2BCRITIQUES%2BLITTERAIRES%2B2015.jpg","contentUrl":"http:\/\/4.bp.blogspot.com\/-ClIFgA1rBJ8\/VfbACQkkpFI\/AAAAAAAASn4\/f8ajZLFt7XQ\/s320\/CONCOURS%2BDE%2BCRITIQUES%2BLITTERAIRES%2B2015.jpg"},{"@type":"BreadcrumbList","@id":"https:\/\/www.inovallee.com\/collibris-et-livre-de-lire-lancent-un-concours-de-critiques-litteraires-321-critiquez\/#breadcrumb","itemListElement":[{"@type":"ListItem","position":1,"name":"Accueil","item":"https:\/\/www.inovallee.com\/"},{"@type":"ListItem","position":2,"name":"Collibris et L\u2019Ivre de Lire lancent un concours de critiques litt\u00e9raires : 3,2,1 Critiquez !"}]},{"@type":"WebSite","@id":"https:\/\/www.inovallee.com\/#website","url":"https:\/\/www.inovallee.com\/","name":"inovall\u00e9e technopole, Home to software & smart technologies","description":"Home to software &amp; smart technologies","publisher":{"@id":"https:\/\/www.inovallee.com\/#organization"},"potentialAction":[{"@type":"SearchAction","target":{"@type":"EntryPoint","urlTemplate":"https:\/\/www.inovallee.com\/?s={search_term_string}"},"query-input":{"@type":"PropertyValueSpecification","valueRequired":true,"valueName":"search_term_string"}}],"inLanguage":"en-GB"},{"@type":"Organization","@id":"https:\/\/www.inovallee.com\/#organization","name":"inovall\u00e9e","url":"https:\/\/www.inovallee.com\/","logo":{"@type":"ImageObject","inLanguage":"en-GB","@id":"https:\/\/www.inovallee.com\/#\/schema\/logo\/image\/","url":"https:\/\/www.inovallee.com\/wp-content\/uploads\/2023\/08\/inovallee_2022_GrenobleAlpes.png","contentUrl":"https:\/\/www.inovallee.com\/wp-content\/uploads\/2023\/08\/inovallee_2022_GrenobleAlpes.png","width":945,"height":369,"caption":"inovall\u00e9e"},"image":{"@id":"https:\/\/www.inovallee.com\/#\/schema\/logo\/image\/"},"sameAs":["https:\/\/www.facebook.com\/technopoleinovallee\/","https:\/\/x.com\/inovallee","https:\/\/www.linkedin.com\/company\/inovall-e\/","https:\/\/www.youtube.com\/user\/inovallee?reload=9"]},{"@type":"Person","@id":"https:\/\/www.inovallee.com\/#\/schema\/person\/a45b15518aad3111b2d61d257a3e023b","name":"Inovallee"}]}},"_links":{"self":[{"href":"https:\/\/www.inovallee.com\/en\/wp-json\/wp\/v2\/posts\/28664","targetHints":{"allow":["GET"]}}],"collection":[{"href":"https:\/\/www.inovallee.com\/en\/wp-json\/wp\/v2\/posts"}],"about":[{"href":"https:\/\/www.inovallee.com\/en\/wp-json\/wp\/v2\/types\/post"}],"author":[{"embeddable":true,"href":"https:\/\/www.inovallee.com\/en\/wp-json\/wp\/v2\/users\/6"}],"replies":[{"embeddable":true,"href":"https:\/\/www.inovallee.com\/en\/wp-json\/wp\/v2\/comments?post=28664"}],"version-history":[{"count":0,"href":"https:\/\/www.inovallee.com\/en\/wp-json\/wp\/v2\/posts\/28664\/revisions"}],"wp:attachment":[{"href":"https:\/\/www.inovallee.com\/en\/wp-json\/wp\/v2\/media?parent=28664"}],"wp:term":[{"taxonomy":"category","embeddable":true,"href":"https:\/\/www.inovallee.com\/en\/wp-json\/wp\/v2\/categories?post=28664"},{"taxonomy":"post_tag","embeddable":true,"href":"https:\/\/www.inovallee.com\/en\/wp-json\/wp\/v2\/tags?post=28664"}],"curies":[{"name":"wp","href":"https:\/\/api.w.org\/{rel}","templated":true}]}}