{"id":28667,"date":"2015-08-31T15:29:00","date_gmt":"2015-08-31T14:29:00","guid":{"rendered":"https:\/\/www.inovallee.com\/agenda-tarmac-les-rdv-entrepreneuriaux-de-septembre-2015\/"},"modified":"2015-08-31T15:29:00","modified_gmt":"2015-08-31T14:29:00","slug":"agenda-tarmac-les-rdv-entrepreneuriaux-de-septembre-2015","status":"publish","type":"post","link":"https:\/\/www.inovallee.com\/en\/agenda-tarmac-les-rdv-entrepreneuriaux-de-septembre-2015\/","title":{"rendered":"Agenda Tarmac : les RDV entrepreneuriaux de septembre 2015"},"content":{"rendered":"<div dir=\"ltr\" style=\"text-align: left;\">\n<div style=\"clear: both; text-align: center;\"><a href=\"http:\/\/2.bp.blogspot.com\/-peeEtoJD8AM\/VV2u9CmawfI\/AAAAAAAAQrg\/XoZPNsz6tmk\/s1600\/IMG_7517.JPG\" style=\"clear: left; float: left; margin-bottom: 1em; margin-right: 1em;\"><img fetchpriority=\"high\" decoding=\"async\" border=\"0\" height=\"213\" src=\"http:\/\/2.bp.blogspot.com\/-peeEtoJD8AM\/VV2u9CmawfI\/AAAAAAAAQrg\/XoZPNsz6tmk\/s320\/IMG_7517.JPG\" width=\"320\" \/><\/a><\/div>\n<h1>C&rsquo;est la rentr\u00e9e au Tarmac ! &#8230; <\/h1>\n<p><span style=\"font-family: Verdana,sans-serif;\">Inscrivez-vous en cliquant sur les liens ou aupr\u00e8s de l&rsquo;accueil pour les permanences conseil (<a href=\"mailto:accueil@inovallee.com\">accueil@inovallee.com<\/a> ou 04 76 90 41 57) ! <\/span><\/p>\n<p><span style=\"font-family: Verdana,sans-serif;\"><span style=\"font-family: Verdana,sans-serif;\">\u2022 jeudi 3 septembre &#8211; 17h-19h : <a href=\"http:\/\/doodle.com\/smg6p4q7xub254c2\" target=\"_blank\" rel=\"noopener noreferrer\">Think drink<\/a> \u00ab\u00a0team building\u00a0\u00bb<\/span><\/span><span style=\"font-family: Verdana,sans-serif;\"><span style=\"font-family: Verdana,sans-serif;\"><span style=\"font-family: Verdana,sans-serif;\"><br \/>\u2022 Jeudi 10 septembre &#8211; 12h-14h : permanence RH et FCG (billetterie et infos rugby)<\/span><span style=\"font-family: Verdana,sans-serif;\"><\/span><\/span><br \/>\u2022 Jeudi 10 septembre &#8211; 11h30-14h : <\/span><span style=\"font-family: Verdana,sans-serif;\">forum des activit\u00e9s sportives<br \/>\u2022 Jeudi <\/span><span style=\"font-family: Verdana,sans-serif;\"><span style=\"font-family: Verdana,sans-serif;\">10 septembre<\/span> &#8211; 17h-19h : <a href=\"http:\/\/doodle.com\/dwsirm46pv95bvw9\" target=\"_blank\" rel=\"noopener noreferrer\">Think drink <\/a>\u00ab\u00a0rencontre avec Airia\u00a0\u00bb<\/span><br \/><span style=\"font-family: Verdana,sans-serif;\">\u2022 Lundi 14<\/span><span style=\"font-family: Verdana,sans-serif;\"><span style=\"font-family: Verdana,sans-serif;\"> septembre<\/span> &#8211; 16h-18h : comit\u00e9 de s\u00e9lection Tarmac<\/span><br \/><span style=\"font-family: Verdana,sans-serif;\">\u2022 Mardi 15 septembre &#8211; 11h30-14h30 :<\/span><span style=\"font-family: Verdana,sans-serif;\"> <a href=\"http:\/\/doodle.com\/uuwzbx9bwkqy2d27\" target=\"_blank\" rel=\"noopener noreferrer\">Atelier Tarmac <\/a>\u00ab\u00a0Ma\u00eetriser la prise de RDV au t\u00e9l\u00e9phone\u00a0\u00bb<\/span><br \/><span style=\"font-family: Verdana,sans-serif;\"><span style=\"font-family: Verdana,sans-serif;\"><span style=\"font-family: Verdana,sans-serif;\">\u2022 Jeudi 17 septembre <\/span>&#8211; 12h-14h : <\/span><\/span><span style=\"font-family: Verdana,sans-serif;\"><span style=\"font-family: Verdana,sans-serif;\">permanence avocat<\/span><\/span><br \/><span style=\"font-family: Verdana,sans-serif;\"><span style=\"font-family: Verdana,sans-serif;\"><span style=\"font-family: Verdana,sans-serif;\">\u2022 Jeudi 17 septembre <\/span>&#8211; 17h-19h : <\/span><\/span><span style=\"font-family: Verdana,sans-serif;\"><span style=\"font-family: Verdana,sans-serif;\"><a href=\"http:\/\/doodle.com\/ga8wut4u4z98eh27\" target=\"_blank\" rel=\"noopener noreferrer\">Think drink <\/a>\u00ab\u00a0un coach, pour quoi faire ?\u00a0\u00bb<\/span><\/span><span style=\"font-family: Verdana,sans-serif;\"><span style=\"font-family: Verdana,sans-serif;\"><span style=\"font-family: Verdana,sans-serif;\"><span style=\"font-family: Verdana,sans-serif;\"><span style=\"font-family: Verdana,sans-serif;\">&nbsp;<\/span><\/span><\/span><\/span><\/span><br \/><span style=\"font-family: Verdana,sans-serif;\"><span style=\"font-family: Verdana,sans-serif;\"><span style=\"font-family: Verdana,sans-serif;\"><span style=\"font-family: Verdana,sans-serif;\"><span style=\"font-family: Verdana,sans-serif;\">\u2022 Jeudi 24 septembre <\/span>&#8211; 9h-17h : <\/span><\/span><span style=\"font-family: Verdana,sans-serif;\"><span style=\"font-family: Verdana,sans-serif;\">formation \u00ab\u00a0mener un entretien professionnel\u00a0\u00bb (renseignements \u00e0 l&rsquo;accueil)<\/span><\/span><\/span><\/span><br \/><span style=\"font-family: Verdana,sans-serif;\"><span style=\"font-family: Verdana,sans-serif;\"><span style=\"font-family: Verdana,sans-serif;\"><span style=\"font-family: Verdana,sans-serif;\"><span style=\"font-family: Verdana,sans-serif;\">\u2022 Jeudi 24 septembre <\/span>&#8211; 12h-14h : <\/span><\/span><span style=\"font-family: Verdana,sans-serif;\"><span style=\"font-family: Verdana,sans-serif;\">permanence financement public et FCG<\/span><\/span><br \/>\u2022 Jeudi 24 septembre &#8211; 18h-20h : Ap\u00e9ro \u00ab\u00a0webmarketing\u00a0\u00bb \u00e0 Cowork dans le b\u00e2timent Frenchtech <\/span><\/span><br \/><span style=\"font-family: Verdana,sans-serif;\"><span style=\"font-family: Verdana,sans-serif;\"><br \/><\/span><\/span><\/p>\n<\/div>","protected":false},"excerpt":{"rendered":"<p>C&rsquo;est la rentr\u00e9e au Tarmac ! &#8230; Inscrivez-vous en cliquant sur les liens ou aupr\u00e8s de l&rsquo;accueil pour les permanences conseil (accueil@inovallee.com ou 04 76 90 41 57) ! \u2022 jeudi 3 septembre &#8211; 17h-19h : Think drink \u00ab\u00a0team building\u00a0\u00bb\u2022 Jeudi 10 septembre &#8211; 12h-14h : permanence RH et FCG (billetterie et infos rugby)\u2022 Jeudi [&hellip;]<\/p>\n","protected":false},"author":6,"featured_media":0,"comment_status":"closed","ping_status":"open","sticky":false,"template":"","format":"standard","meta":{"footnotes":""},"categories":[46],"tags":[],"class_list":["post-28667","post","type-post","status-publish","format-standard","hentry","category-vie-du-tarmac"],"yoast_head":"<!-- This site is optimized with the Yoast SEO plugin v27.4 - https:\/\/yoast.com\/product\/yoast-seo-wordpress\/ -->\n<title>Agenda Tarmac : les RDV entrepreneuriaux de septembre 2015 - inovall\u00e9e<\/title>\n<meta name=\"robots\" content=\"index, follow, max-snippet:-1, max-image-preview:large, max-video-preview:-1\" \/>\n<link rel=\"canonical\" href=\"https:\/\/www.inovallee.com\/en\/agenda-tarmac-les-rdv-entrepreneuriaux-de-septembre-2015\/\" \/>\n<meta property=\"og:locale\" content=\"en_GB\" \/>\n<meta property=\"og:type\" content=\"article\" \/>\n<meta property=\"og:title\" content=\"Agenda Tarmac : les RDV entrepreneuriaux de septembre 2015 - inovall\u00e9e\" \/>\n<meta property=\"og:description\" content=\"C&rsquo;est la rentr\u00e9e au Tarmac ! &#8230; Inscrivez-vous en cliquant sur les liens ou aupr\u00e8s de l&rsquo;accueil pour les permanences conseil (accueil@inovallee.com ou 04 76 90 41 57) ! \u2022 jeudi 3 septembre &#8211; 17h-19h : Think drink \u00ab\u00a0team building\u00a0\u00bb\u2022 Jeudi 10 septembre &#8211; 12h-14h : permanence RH et FCG (billetterie et infos rugby)\u2022 Jeudi [&hellip;]\" \/>\n<meta property=\"og:url\" content=\"https:\/\/www.inovallee.com\/en\/agenda-tarmac-les-rdv-entrepreneuriaux-de-septembre-2015\/\" \/>\n<meta property=\"og:site_name\" content=\"inovall\u00e9e\" \/>\n<meta property=\"article:publisher\" content=\"https:\/\/www.facebook.com\/technopoleinovallee\/\" \/>\n<meta property=\"article:published_time\" content=\"2015-08-31T14:29:00+00:00\" \/>\n<meta property=\"og:image\" content=\"http:\/\/2.bp.blogspot.com\/-peeEtoJD8AM\/VV2u9CmawfI\/AAAAAAAAQrg\/XoZPNsz6tmk\/s320\/IMG_7517.JPG\" \/>\n<meta name=\"author\" content=\"Inovallee\" \/>\n<meta name=\"twitter:card\" content=\"summary_large_image\" \/>\n<meta name=\"twitter:creator\" content=\"@inovallee\" \/>\n<meta name=\"twitter:site\" content=\"@inovallee\" \/>\n<meta name=\"twitter:label1\" content=\"Written by\" \/>\n\t<meta name=\"twitter:data1\" content=\"Inovallee\" \/>\n\t<meta name=\"twitter:label2\" content=\"Estimated reading time\" \/>\n\t<meta name=\"twitter:data2\" content=\"1 minute\" \/>\n<script type=\"application\/ld+json\" class=\"yoast-schema-graph\">{\"@context\":\"https:\\\/\\\/schema.org\",\"@graph\":[{\"@type\":\"Article\",\"@id\":\"https:\\\/\\\/www.inovallee.com\\\/agenda-tarmac-les-rdv-entrepreneuriaux-de-septembre-2015\\\/#article\",\"isPartOf\":{\"@id\":\"https:\\\/\\\/www.inovallee.com\\\/agenda-tarmac-les-rdv-entrepreneuriaux-de-septembre-2015\\\/\"},\"author\":{\"name\":\"Inovallee\",\"@id\":\"https:\\\/\\\/www.inovallee.com\\\/#\\\/schema\\\/person\\\/a45b15518aad3111b2d61d257a3e023b\"},\"headline\":\"Agenda Tarmac : les RDV entrepreneuriaux de septembre 2015\",\"datePublished\":\"2015-08-31T14:29:00+00:00\",\"mainEntityOfPage\":{\"@id\":\"https:\\\/\\\/www.inovallee.com\\\/agenda-tarmac-les-rdv-entrepreneuriaux-de-septembre-2015\\\/\"},\"wordCount\":162,\"publisher\":{\"@id\":\"https:\\\/\\\/www.inovallee.com\\\/#organization\"},\"image\":{\"@id\":\"https:\\\/\\\/www.inovallee.com\\\/agenda-tarmac-les-rdv-entrepreneuriaux-de-septembre-2015\\\/#primaryimage\"},\"thumbnailUrl\":\"http:\\\/\\\/2.bp.blogspot.com\\\/-peeEtoJD8AM\\\/VV2u9CmawfI\\\/AAAAAAAAQrg\\\/XoZPNsz6tmk\\\/s320\\\/IMG_7517.JPG\",\"articleSection\":[\"La vie du Tarmac\"],\"inLanguage\":\"en-GB\"},{\"@type\":\"WebPage\",\"@id\":\"https:\\\/\\\/www.inovallee.com\\\/agenda-tarmac-les-rdv-entrepreneuriaux-de-septembre-2015\\\/\",\"url\":\"https:\\\/\\\/www.inovallee.com\\\/agenda-tarmac-les-rdv-entrepreneuriaux-de-septembre-2015\\\/\",\"name\":\"Agenda Tarmac : les RDV entrepreneuriaux de septembre 2015 - inovall\u00e9e\",\"isPartOf\":{\"@id\":\"https:\\\/\\\/www.inovallee.com\\\/#website\"},\"primaryImageOfPage\":{\"@id\":\"https:\\\/\\\/www.inovallee.com\\\/agenda-tarmac-les-rdv-entrepreneuriaux-de-septembre-2015\\\/#primaryimage\"},\"image\":{\"@id\":\"https:\\\/\\\/www.inovallee.com\\\/agenda-tarmac-les-rdv-entrepreneuriaux-de-septembre-2015\\\/#primaryimage\"},\"thumbnailUrl\":\"http:\\\/\\\/2.bp.blogspot.com\\\/-peeEtoJD8AM\\\/VV2u9CmawfI\\\/AAAAAAAAQrg\\\/XoZPNsz6tmk\\\/s320\\\/IMG_7517.JPG\",\"datePublished\":\"2015-08-31T14:29:00+00:00\",\"breadcrumb\":{\"@id\":\"https:\\\/\\\/www.inovallee.com\\\/agenda-tarmac-les-rdv-entrepreneuriaux-de-septembre-2015\\\/#breadcrumb\"},\"inLanguage\":\"en-GB\",\"potentialAction\":[{\"@type\":\"ReadAction\",\"target\":[\"https:\\\/\\\/www.inovallee.com\\\/agenda-tarmac-les-rdv-entrepreneuriaux-de-septembre-2015\\\/\"]}]},{\"@type\":\"ImageObject\",\"inLanguage\":\"en-GB\",\"@id\":\"https:\\\/\\\/www.inovallee.com\\\/agenda-tarmac-les-rdv-entrepreneuriaux-de-septembre-2015\\\/#primaryimage\",\"url\":\"http:\\\/\\\/2.bp.blogspot.com\\\/-peeEtoJD8AM\\\/VV2u9CmawfI\\\/AAAAAAAAQrg\\\/XoZPNsz6tmk\\\/s320\\\/IMG_7517.JPG\",\"contentUrl\":\"http:\\\/\\\/2.bp.blogspot.com\\\/-peeEtoJD8AM\\\/VV2u9CmawfI\\\/AAAAAAAAQrg\\\/XoZPNsz6tmk\\\/s320\\\/IMG_7517.JPG\"},{\"@type\":\"BreadcrumbList\",\"@id\":\"https:\\\/\\\/www.inovallee.com\\\/agenda-tarmac-les-rdv-entrepreneuriaux-de-septembre-2015\\\/#breadcrumb\",\"itemListElement\":[{\"@type\":\"ListItem\",\"position\":1,\"name\":\"Accueil\",\"item\":\"https:\\\/\\\/www.inovallee.com\\\/\"},{\"@type\":\"ListItem\",\"position\":2,\"name\":\"Agenda Tarmac : les RDV entrepreneuriaux de septembre 2015\"}]},{\"@type\":\"WebSite\",\"@id\":\"https:\\\/\\\/www.inovallee.com\\\/#website\",\"url\":\"https:\\\/\\\/www.inovallee.com\\\/\",\"name\":\"inovall\u00e9e technopole, Home to software & smart technologies\",\"description\":\"Home to software &amp; smart technologies\",\"publisher\":{\"@id\":\"https:\\\/\\\/www.inovallee.com\\\/#organization\"},\"potentialAction\":[{\"@type\":\"SearchAction\",\"target\":{\"@type\":\"EntryPoint\",\"urlTemplate\":\"https:\\\/\\\/www.inovallee.com\\\/?s={search_term_string}\"},\"query-input\":{\"@type\":\"PropertyValueSpecification\",\"valueRequired\":true,\"valueName\":\"search_term_string\"}}],\"inLanguage\":\"en-GB\"},{\"@type\":\"Organization\",\"@id\":\"https:\\\/\\\/www.inovallee.com\\\/#organization\",\"name\":\"inovall\u00e9e\",\"url\":\"https:\\\/\\\/www.inovallee.com\\\/\",\"logo\":{\"@type\":\"ImageObject\",\"inLanguage\":\"en-GB\",\"@id\":\"https:\\\/\\\/www.inovallee.com\\\/#\\\/schema\\\/logo\\\/image\\\/\",\"url\":\"https:\\\/\\\/www.inovallee.com\\\/wp-content\\\/uploads\\\/2023\\\/08\\\/inovallee_2022_GrenobleAlpes.png\",\"contentUrl\":\"https:\\\/\\\/www.inovallee.com\\\/wp-content\\\/uploads\\\/2023\\\/08\\\/inovallee_2022_GrenobleAlpes.png\",\"width\":945,\"height\":369,\"caption\":\"inovall\u00e9e\"},\"image\":{\"@id\":\"https:\\\/\\\/www.inovallee.com\\\/#\\\/schema\\\/logo\\\/image\\\/\"},\"sameAs\":[\"https:\\\/\\\/www.facebook.com\\\/technopoleinovallee\\\/\",\"https:\\\/\\\/x.com\\\/inovallee\",\"https:\\\/\\\/www.linkedin.com\\\/company\\\/inovall-e\\\/\",\"https:\\\/\\\/www.youtube.com\\\/user\\\/inovallee?reload=9\"]},{\"@type\":\"Person\",\"@id\":\"https:\\\/\\\/www.inovallee.com\\\/#\\\/schema\\\/person\\\/a45b15518aad3111b2d61d257a3e023b\",\"name\":\"Inovallee\"}]}<\/script>\n<!-- \/ Yoast SEO plugin. -->","yoast_head_json":{"title":"Agenda Tarmac : les RDV entrepreneuriaux de septembre 2015 - inovall\u00e9e","robots":{"index":"index","follow":"follow","max-snippet":"max-snippet:-1","max-image-preview":"max-image-preview:large","max-video-preview":"max-video-preview:-1"},"canonical":"https:\/\/www.inovallee.com\/en\/agenda-tarmac-les-rdv-entrepreneuriaux-de-septembre-2015\/","og_locale":"en_GB","og_type":"article","og_title":"Agenda Tarmac : les RDV entrepreneuriaux de septembre 2015 - inovall\u00e9e","og_description":"C&rsquo;est la rentr\u00e9e au Tarmac ! &#8230; Inscrivez-vous en cliquant sur les liens ou aupr\u00e8s de l&rsquo;accueil pour les permanences conseil (accueil@inovallee.com ou 04 76 90 41 57) ! \u2022 jeudi 3 septembre &#8211; 17h-19h : Think drink \u00ab\u00a0team building\u00a0\u00bb\u2022 Jeudi 10 septembre &#8211; 12h-14h : permanence RH et FCG (billetterie et infos rugby)\u2022 Jeudi [&hellip;]","og_url":"https:\/\/www.inovallee.com\/en\/agenda-tarmac-les-rdv-entrepreneuriaux-de-septembre-2015\/","og_site_name":"inovall\u00e9e","article_publisher":"https:\/\/www.facebook.com\/technopoleinovallee\/","article_published_time":"2015-08-31T14:29:00+00:00","og_image":[{"url":"http:\/\/2.bp.blogspot.com\/-peeEtoJD8AM\/VV2u9CmawfI\/AAAAAAAAQrg\/XoZPNsz6tmk\/s320\/IMG_7517.JPG","type":"","width":"","height":""}],"author":"Inovallee","twitter_card":"summary_large_image","twitter_creator":"@inovallee","twitter_site":"@inovallee","twitter_misc":{"Written by":"Inovallee","Estimated reading time":"1 minute"},"schema":{"@context":"https:\/\/schema.org","@graph":[{"@type":"Article","@id":"https:\/\/www.inovallee.com\/agenda-tarmac-les-rdv-entrepreneuriaux-de-septembre-2015\/#article","isPartOf":{"@id":"https:\/\/www.inovallee.com\/agenda-tarmac-les-rdv-entrepreneuriaux-de-septembre-2015\/"},"author":{"name":"Inovallee","@id":"https:\/\/www.inovallee.com\/#\/schema\/person\/a45b15518aad3111b2d61d257a3e023b"},"headline":"Agenda Tarmac : les RDV entrepreneuriaux de septembre 2015","datePublished":"2015-08-31T14:29:00+00:00","mainEntityOfPage":{"@id":"https:\/\/www.inovallee.com\/agenda-tarmac-les-rdv-entrepreneuriaux-de-septembre-2015\/"},"wordCount":162,"publisher":{"@id":"https:\/\/www.inovallee.com\/#organization"},"image":{"@id":"https:\/\/www.inovallee.com\/agenda-tarmac-les-rdv-entrepreneuriaux-de-septembre-2015\/#primaryimage"},"thumbnailUrl":"http:\/\/2.bp.blogspot.com\/-peeEtoJD8AM\/VV2u9CmawfI\/AAAAAAAAQrg\/XoZPNsz6tmk\/s320\/IMG_7517.JPG","articleSection":["La vie du Tarmac"],"inLanguage":"en-GB"},{"@type":"WebPage","@id":"https:\/\/www.inovallee.com\/agenda-tarmac-les-rdv-entrepreneuriaux-de-septembre-2015\/","url":"https:\/\/www.inovallee.com\/agenda-tarmac-les-rdv-entrepreneuriaux-de-septembre-2015\/","name":"Agenda Tarmac : les RDV entrepreneuriaux de septembre 2015 - inovall\u00e9e","isPartOf":{"@id":"https:\/\/www.inovallee.com\/#website"},"primaryImageOfPage":{"@id":"https:\/\/www.inovallee.com\/agenda-tarmac-les-rdv-entrepreneuriaux-de-septembre-2015\/#primaryimage"},"image":{"@id":"https:\/\/www.inovallee.com\/agenda-tarmac-les-rdv-entrepreneuriaux-de-septembre-2015\/#primaryimage"},"thumbnailUrl":"http:\/\/2.bp.blogspot.com\/-peeEtoJD8AM\/VV2u9CmawfI\/AAAAAAAAQrg\/XoZPNsz6tmk\/s320\/IMG_7517.JPG","datePublished":"2015-08-31T14:29:00+00:00","breadcrumb":{"@id":"https:\/\/www.inovallee.com\/agenda-tarmac-les-rdv-entrepreneuriaux-de-septembre-2015\/#breadcrumb"},"inLanguage":"en-GB","potentialAction":[{"@type":"ReadAction","target":["https:\/\/www.inovallee.com\/agenda-tarmac-les-rdv-entrepreneuriaux-de-septembre-2015\/"]}]},{"@type":"ImageObject","inLanguage":"en-GB","@id":"https:\/\/www.inovallee.com\/agenda-tarmac-les-rdv-entrepreneuriaux-de-septembre-2015\/#primaryimage","url":"http:\/\/2.bp.blogspot.com\/-peeEtoJD8AM\/VV2u9CmawfI\/AAAAAAAAQrg\/XoZPNsz6tmk\/s320\/IMG_7517.JPG","contentUrl":"http:\/\/2.bp.blogspot.com\/-peeEtoJD8AM\/VV2u9CmawfI\/AAAAAAAAQrg\/XoZPNsz6tmk\/s320\/IMG_7517.JPG"},{"@type":"BreadcrumbList","@id":"https:\/\/www.inovallee.com\/agenda-tarmac-les-rdv-entrepreneuriaux-de-septembre-2015\/#breadcrumb","itemListElement":[{"@type":"ListItem","position":1,"name":"Accueil","item":"https:\/\/www.inovallee.com\/"},{"@type":"ListItem","position":2,"name":"Agenda Tarmac : les RDV entrepreneuriaux de septembre 2015"}]},{"@type":"WebSite","@id":"https:\/\/www.inovallee.com\/#website","url":"https:\/\/www.inovallee.com\/","name":"inovall\u00e9e technopole, Home to software & smart technologies","description":"Home to software &amp; smart technologies","publisher":{"@id":"https:\/\/www.inovallee.com\/#organization"},"potentialAction":[{"@type":"SearchAction","target":{"@type":"EntryPoint","urlTemplate":"https:\/\/www.inovallee.com\/?s={search_term_string}"},"query-input":{"@type":"PropertyValueSpecification","valueRequired":true,"valueName":"search_term_string"}}],"inLanguage":"en-GB"},{"@type":"Organization","@id":"https:\/\/www.inovallee.com\/#organization","name":"inovall\u00e9e","url":"https:\/\/www.inovallee.com\/","logo":{"@type":"ImageObject","inLanguage":"en-GB","@id":"https:\/\/www.inovallee.com\/#\/schema\/logo\/image\/","url":"https:\/\/www.inovallee.com\/wp-content\/uploads\/2023\/08\/inovallee_2022_GrenobleAlpes.png","contentUrl":"https:\/\/www.inovallee.com\/wp-content\/uploads\/2023\/08\/inovallee_2022_GrenobleAlpes.png","width":945,"height":369,"caption":"inovall\u00e9e"},"image":{"@id":"https:\/\/www.inovallee.com\/#\/schema\/logo\/image\/"},"sameAs":["https:\/\/www.facebook.com\/technopoleinovallee\/","https:\/\/x.com\/inovallee","https:\/\/www.linkedin.com\/company\/inovall-e\/","https:\/\/www.youtube.com\/user\/inovallee?reload=9"]},{"@type":"Person","@id":"https:\/\/www.inovallee.com\/#\/schema\/person\/a45b15518aad3111b2d61d257a3e023b","name":"Inovallee"}]}},"_links":{"self":[{"href":"https:\/\/www.inovallee.com\/en\/wp-json\/wp\/v2\/posts\/28667","targetHints":{"allow":["GET"]}}],"collection":[{"href":"https:\/\/www.inovallee.com\/en\/wp-json\/wp\/v2\/posts"}],"about":[{"href":"https:\/\/www.inovallee.com\/en\/wp-json\/wp\/v2\/types\/post"}],"author":[{"embeddable":true,"href":"https:\/\/www.inovallee.com\/en\/wp-json\/wp\/v2\/users\/6"}],"replies":[{"embeddable":true,"href":"https:\/\/www.inovallee.com\/en\/wp-json\/wp\/v2\/comments?post=28667"}],"version-history":[{"count":0,"href":"https:\/\/www.inovallee.com\/en\/wp-json\/wp\/v2\/posts\/28667\/revisions"}],"wp:attachment":[{"href":"https:\/\/www.inovallee.com\/en\/wp-json\/wp\/v2\/media?parent=28667"}],"wp:term":[{"taxonomy":"category","embeddable":true,"href":"https:\/\/www.inovallee.com\/en\/wp-json\/wp\/v2\/categories?post=28667"},{"taxonomy":"post_tag","embeddable":true,"href":"https:\/\/www.inovallee.com\/en\/wp-json\/wp\/v2\/tags?post=28667"}],"curies":[{"name":"wp","href":"https:\/\/api.w.org\/{rel}","templated":true}]}}