{"id":28716,"date":"2015-03-02T13:23:00","date_gmt":"2015-03-02T12:23:00","guid":{"rendered":"https:\/\/www.inovallee.com\/agenda-tarmac-mars-2015-les-rdv-entrepreneuriaux-de-la-pepiniere-technologique-dinovallee\/"},"modified":"2020-06-23T15:13:27","modified_gmt":"2020-06-23T13:13:27","slug":"agenda-tarmac-mars-2015-les-rdv-entrepreneuriaux-de-la-pepiniere-technologique-dinovallee","status":"publish","type":"post","link":"https:\/\/www.inovallee.com\/en\/agenda-tarmac-mars-2015-les-rdv-entrepreneuriaux-de-la-pepiniere-technologique-dinovallee\/","title":{"rendered":"Agenda Tarmac mars 2015 : les RDV entrepreneuriaux de la p\u00e9pini\u00e8re technologique d&rsquo;inovall\u00e9e"},"content":{"rendered":"<div dir=\"ltr\" style=\"text-align: left;\">\n<div style=\"clear: both; text-align: center;\"><a style=\"clear: left; float: left; margin-bottom: 1em; margin-right: 1em;\" href=\"http:\/\/2.bp.blogspot.com\/-GfodgWh4nMI\/VMpYKYrB9ZI\/AAAAAAAAPdQ\/fonnWuEgmFo\/s1600\/DSC00281.JPG\"><img fetchpriority=\"high\" decoding=\"async\" src=\"http:\/\/2.bp.blogspot.com\/-GfodgWh4nMI\/VMpYKYrB9ZI\/AAAAAAAAPdQ\/fonnWuEgmFo\/s1600\/DSC00281.JPG\" width=\"320\" height=\"213\" border=\"0\" \/><\/a><\/div>\n<h1>\u00c7a se passe en mars au Tarmac !<\/h1>\n<p><span style=\"font-family: Verdana,sans-serif;\">Inscrivez-vous en cliquant sur les liens ! <\/span><\/p>\n<p><span style=\"font-family: Verdana,sans-serif;\">\u2022 Lundi 2 mars- 11h &#8211; 13h : Atelier \u00ab\u00a0mener un entretien professionnel\u00a0\u00bb<\/span><br \/>\n<span style=\"font-family: Verdana,sans-serif;\">\u2022 Jeudi 5 mars &#8211; 8h30-10h30 : <a href=\"http:\/\/inovallee.blogspot.fr\/2015\/02\/lactualite-des-entreprises-dinovallee_24.html\" target=\"_blank\" rel=\"noopener noreferrer\">Petit d\u00e9jeuner<\/a> Equoranda \u00ab\u00a0\u00catre manager aujourd&rsquo;hui\u00a0\u00bb<\/span><span style=\"font-family: Verdana,sans-serif;\"><span style=\"font-family: Verdana,sans-serif;\"><br \/>\n\u2022 <\/span>Jeudi 5 mars &#8211; 17h-19h : <a href=\"http:\/\/doodle.com\/zhsc5xapf8g6u8k7\" target=\"_blank\" rel=\"noopener noreferrer\">think drink<\/a>\u00ab\u00a0Se pr\u00e9senter efficacement\u00a0\u00bb, anim\u00e9 par Guida Bulha<\/span><br \/>\n<span style=\"font-family: Verdana,sans-serif;\"><span style=\"font-family: Verdana,sans-serif;\"><span style=\"font-family: Verdana,sans-serif;\">\u2022 Lundi 9 mars<\/span> &#8211; 12h-14h : <a href=\"http:\/\/inovallee.blogspot.fr\/2015\/02\/lactualite-dinovallee-mini-conference.html\" target=\"_blank\" rel=\"noopener noreferrer\">mini conf\u00e9rence GEM<\/a> \u00ab\u00a0la transformation digitale des entreprises\u00a0\u00bb<\/span><br \/>\n\u2022 Jeudi 12 mars &#8211; 12h-14h :\u00a0 <\/span><span style=\"font-family: Verdana,sans-serif;\"><span style=\"font-family: Verdana,sans-serif;\">permanence financement (subventions, CIR, etc) <\/span><\/span><br \/>\n<span style=\"font-family: Verdana,sans-serif;\"><span style=\"font-family: Verdana,sans-serif;\"><span style=\"font-family: Verdana,sans-serif;\"> inscription : <a href=\"mailto:accueil@inovallee.com\">accueil@inovallee.com<\/a> \/ <span dir=\"ltr\" tabindex=\"-1\" data-isfreecall=\"false\" data-ismobile=\"false\" data-isrtl=\"false\" data-numbertocall=\"+33476904157\"><span dir=\"ltr\"><img decoding=\"async\" class=\"skype_c2c_logo_img\" src=\"resource:\/\/skype_ff_extension-at-jetpack\/skype_ff_extension\/data\/call_skype_logo.png\" width=\"0\" height=\"0\" \/>04 76 90 41 57<\/span><\/span><\/span><\/span><\/span><\/p>\n<p><span style=\"font-family: Verdana,sans-serif;\"><span style=\"font-family: Verdana,sans-serif;\">\u2022 Jeudi 12 mars &#8211; 11h30 -14h30 : <a href=\"http:\/\/doodle.com\/hfc9k24p97x25768\" target=\"_blank\" rel=\"noopener noreferrer\">atelier marketing<\/a> \u00ab\u00a0mon avantage concurrentiel\u00a0\u00bb<\/span><\/span><br \/>\n<span style=\"font-family: Verdana,sans-serif;\">\u2022 <\/span><span style=\"font-family: Verdana,sans-serif;\"><span style=\"font-family: Verdana,sans-serif;\"><span style=\"font-family: Verdana,sans-serif;\">Jeudi 12 mars<\/span><\/span> &#8211; 17h-19h : <a href=\"http:\/\/doodle.com\/2c9a9acc5fnp3cv5\" target=\"_blank\" rel=\"noopener noreferrer\">Think drink\u00a0<\/a> \u00ab\u00a0ap\u00e9ro pitch Altamendi\u00a0\u00bb<\/span><br \/>\n<span style=\"font-family: Verdana,sans-serif;\">\u2022 Lundi 16 mars<\/span><span style=\"font-family: Verdana,sans-serif;\"><span style=\"font-family: Verdana,sans-serif;\"> &#8211; 9h-17h<\/span> : Formation gestion du temps, jour 1 &#8211; <\/span><span style=\"font-family: Verdana,sans-serif;\"><span style=\"font-family: Verdana,sans-serif;\"><span style=\"font-family: Verdana,sans-serif;\">inscription : <a href=\"mailto:accueil@inovallee.com\">accueil@inovallee.com<\/a> \/ <span dir=\"ltr\" tabindex=\"-1\" data-isfreecall=\"false\" data-ismobile=\"false\" data-isrtl=\"false\" data-numbertocall=\"+33476904157\"><span dir=\"ltr\"><img decoding=\"async\" class=\"skype_c2c_logo_img\" src=\"resource:\/\/skype_ff_extension-at-jetpack\/skype_ff_extension\/data\/call_skype_logo.png\" width=\"0\" height=\"0\" \/>04 76 90 41 57 <\/span><\/span><\/span><\/span><\/span><span style=\"font-family: Verdana,sans-serif;\"><br \/>\n\u2022 Mardi 17 mars <\/span><span style=\"font-family: Verdana,sans-serif;\"><span style=\"font-family: Verdana,sans-serif;\">&#8211; 8h30-10h30 : Petit d\u00e9jeuner Grenoble INP \u00ab\u00a0L&rsquo;apprentissage\u00a0\u00bb<\/span><\/span><span style=\"font-family: Verdana,sans-serif;\"><span style=\"font-family: Verdana,sans-serif;\"><span style=\"font-family: Verdana,sans-serif;\">inscription : <a href=\"mailto:accueil@inovallee.com\">accueil@inovallee.com<\/a> \/ <span dir=\"ltr\" tabindex=\"-1\" data-isfreecall=\"false\" data-ismobile=\"false\" data-isrtl=\"false\" data-numbertocall=\"+33476904157\"><span dir=\"ltr\"><img decoding=\"async\" class=\"skype_c2c_logo_img\" src=\"resource:\/\/skype_ff_extension-at-jetpack\/skype_ff_extension\/data\/call_skype_logo.png\" width=\"0\" height=\"0\" \/>04 76 90 41 57<\/span><\/span><\/span><\/span><\/span><br \/>\n<span style=\"font-family: Verdana,sans-serif;\">\u2022 Mardi 17 mars<\/span><span style=\"font-family: Verdana,sans-serif;\"><span style=\"font-family: Verdana,sans-serif;\"> &#8211; 12h-14h : <\/span><\/span><span style=\"font-family: Verdana,sans-serif;\">permanence sociale<\/span><span style=\"font-family: Verdana,sans-serif;\"> et permanence RH<\/span><br \/>\n<span style=\"font-family: Verdana,sans-serif;\"><span style=\"font-family: Verdana,sans-serif;\"><span style=\"font-family: Verdana,sans-serif;\">inscription : <a href=\"mailto:accueil@inovallee.com\">accueil@inovallee.com<\/a> \/ <span dir=\"ltr\" tabindex=\"-1\" data-isfreecall=\"false\" data-ismobile=\"false\" data-isrtl=\"false\" data-numbertocall=\"+33476904157\"><span dir=\"ltr\"><img decoding=\"async\" class=\"skype_c2c_logo_img\" src=\"resource:\/\/skype_ff_extension-at-jetpack\/skype_ff_extension\/data\/call_skype_logo.png\" width=\"0\" height=\"0\" \/>04 76 90 41 57<\/span><\/span><\/span><\/span><\/span><br \/>\n<span style=\"font-family: Verdana,sans-serif;\">\u2022 Jeudi 19 mars<\/span><span style=\"font-family: Verdana,sans-serif;\"><span style=\"font-family: Verdana,sans-serif;\"> &#8211; 17h-19h : <\/span><\/span><span style=\"font-family: Verdana,sans-serif;\"><a href=\"http:\/\/doodle.com\/fdx3e8dyi5adh8yx\" target=\"_blank\" rel=\"noopener noreferrer\">Think drink<\/a> \u00ab\u00a0la vente en B to B\u00a0\u00bb, anim\u00e9 par Fonction Support<\/span><br \/>\n<span style=\"font-family: Verdana,sans-serif;\"><span style=\"font-family: Verdana,sans-serif;\">\u2022 Mardi 24 mars<\/span><span style=\"font-family: Verdana,sans-serif;\"><span style=\"font-family: Verdana,sans-serif;\"> &#8211; 17h-20h : <\/span><\/span><span style=\"font-family: Verdana,sans-serif;\">Assembl\u00e9e G\u00e9n\u00e9rale d&rsquo;inovall\u00e9e<\/span><\/span><br \/>\n<span style=\"font-family: Verdana,sans-serif;\"><span style=\"font-family: Verdana,sans-serif;\"><span style=\"font-family: Verdana,sans-serif;\">\u2022 Jeudi <\/span><span style=\"font-family: Verdana,sans-serif;\"><span style=\"font-family: Verdana,sans-serif;\">26 mars- 12h-14h : <a href=\"http:\/\/doodle.com\/4b2nfe3gh9i7r8ny\" target=\"_blank\" rel=\"noopener noreferrer\">Atelier Tarmac<\/a> \u00ab\u00a0segmenter son march\u00e9\u00a0\u00bb, anim\u00e9 par Philippe Claveau<\/span><\/span> <\/span><\/span><br \/>\n<span style=\"font-family: Verdana,sans-serif;\"><span style=\"font-family: Verdana,sans-serif;\"><span style=\"font-family: Verdana,sans-serif;\">\u2022 Jeudi <\/span><span style=\"font-family: Verdana,sans-serif;\"><span style=\"font-family: Verdana,sans-serif;\">26 mars- 12h-14h : Permanence juridique (droit du travail, droit familial, droit des affaires) &#8211; <\/span><\/span><\/span><\/span><span style=\"font-family: Verdana,sans-serif;\"><span style=\"font-family: Verdana,sans-serif;\"><span style=\"font-family: Verdana,sans-serif;\"><span style=\"font-family: Verdana,sans-serif;\"><span style=\"font-family: Verdana,sans-serif;\"><span style=\"font-family: Verdana,sans-serif;\"><span style=\"font-family: Verdana,sans-serif;\">inscription : <a href=\"mailto:accueil@inovallee.com\">accueil@inovallee.com<\/a> \/ <span dir=\"ltr\" tabindex=\"-1\" data-isfreecall=\"false\" data-ismobile=\"false\" data-isrtl=\"false\" data-numbertocall=\"+33476904157\"><span dir=\"ltr\"><img decoding=\"async\" class=\"skype_c2c_logo_img\" src=\"resource:\/\/skype_ff_extension-at-jetpack\/skype_ff_extension\/data\/call_skype_logo.png\" width=\"0\" height=\"0\" \/>04 76 90 41 57<\/span><\/span><\/span><\/span><\/span><\/span><\/span><\/span><span style=\"font-family: Verdana,sans-seri f;\"><br \/>\n<\/span>\u2022 Jeudi <\/span><span style=\"font-family: Verdana,sans-serif;\"><span style=\"font-family: Verdana,sans-serif;\">26 mars- 17h-19h : <a href=\"http:\/\/doodle.com\/brubcbp8nk7xuc77\" target=\"_blank\" rel=\"noopener noreferrer\">Think drink<\/a> \u00ab\u00a0\u00e9changes avec Sogilis et start-up maker sur l&rsquo;accompagnement des start-up\u00a0\u00bb<\/span><\/span><br \/>\n<span style=\"font-family: Verdana,sans-serif;\">\u2022 Vendredi <\/span><span style=\"font-family: Verdana,sans-serif;\"><span style=\"font-family: Verdana,sans-serif;\">27 mars- 8h30-10h30 : <a href=\"http:\/\/doodle.com\/uay6ngxmizihcxw7\" target=\"_blank\" rel=\"noopener noreferrer\">Petit d\u00e9jeuner<\/a> \u00ab\u00a0Rencontre avec le Syntec num\u00e9rique\u00a0\u00bb<\/span><\/span><\/p>\n<\/div>","protected":false},"excerpt":{"rendered":"<p>\u00c7a se passe en mars au Tarmac ! Inscrivez-vous en cliquant sur les liens ! \u2022 Lundi 2 mars- 11h &#8211; 13h : Atelier \u00ab\u00a0mener un entretien professionnel\u00a0\u00bb \u2022 Jeudi 5 mars &#8211; 8h30-10h30 : Petit d\u00e9jeuner Equoranda \u00ab\u00a0\u00catre manager aujourd&rsquo;hui\u00a0\u00bb \u2022 Jeudi 5 mars &#8211; 17h-19h : think drink\u00ab\u00a0Se pr\u00e9senter efficacement\u00a0\u00bb, anim\u00e9 par Guida [&hellip;]<\/p>\n","protected":false},"author":6,"featured_media":0,"comment_status":"closed","ping_status":"open","sticky":false,"template":"","format":"standard","meta":{"footnotes":""},"categories":[46],"tags":[],"class_list":["post-28716","post","type-post","status-publish","format-standard","hentry","category-vie-du-tarmac"],"yoast_head":"<!-- This site is optimized with the Yoast SEO plugin v27.4 - https:\/\/yoast.com\/product\/yoast-seo-wordpress\/ -->\n<title>Agenda Tarmac mars 2015 : les RDV entrepreneuriaux de la p\u00e9pini\u00e8re technologique d&#039;inovall\u00e9e - inovall\u00e9e<\/title>\n<meta name=\"robots\" content=\"index, follow, max-snippet:-1, max-image-preview:large, max-video-preview:-1\" \/>\n<link rel=\"canonical\" href=\"https:\/\/www.inovallee.com\/en\/agenda-tarmac-mars-2015-les-rdv-entrepreneuriaux-de-la-pepiniere-technologique-dinovallee\/\" \/>\n<meta property=\"og:locale\" content=\"en_GB\" \/>\n<meta property=\"og:type\" content=\"article\" \/>\n<meta property=\"og:title\" content=\"Agenda Tarmac mars 2015 : les RDV entrepreneuriaux de la p\u00e9pini\u00e8re technologique d&#039;inovall\u00e9e - inovall\u00e9e\" \/>\n<meta property=\"og:description\" content=\"\u00c7a se passe en mars au Tarmac ! Inscrivez-vous en cliquant sur les liens ! \u2022 Lundi 2 mars- 11h &#8211; 13h : Atelier \u00ab\u00a0mener un entretien professionnel\u00a0\u00bb \u2022 Jeudi 5 mars &#8211; 8h30-10h30 : Petit d\u00e9jeuner Equoranda \u00ab\u00a0\u00catre manager aujourd&rsquo;hui\u00a0\u00bb \u2022 Jeudi 5 mars &#8211; 17h-19h : think drink\u00ab\u00a0Se pr\u00e9senter efficacement\u00a0\u00bb, anim\u00e9 par Guida [&hellip;]\" \/>\n<meta property=\"og:url\" content=\"https:\/\/www.inovallee.com\/en\/agenda-tarmac-mars-2015-les-rdv-entrepreneuriaux-de-la-pepiniere-technologique-dinovallee\/\" \/>\n<meta property=\"og:site_name\" content=\"inovall\u00e9e\" \/>\n<meta property=\"article:publisher\" content=\"https:\/\/www.facebook.com\/technopoleinovallee\/\" \/>\n<meta property=\"article:published_time\" content=\"2015-03-02T12:23:00+00:00\" \/>\n<meta property=\"article:modified_time\" content=\"2020-06-23T13:13:27+00:00\" \/>\n<meta property=\"og:image\" content=\"http:\/\/2.bp.blogspot.com\/-GfodgWh4nMI\/VMpYKYrB9ZI\/AAAAAAAAPdQ\/fonnWuEgmFo\/s1600\/DSC00281.JPG\" \/>\n<meta name=\"author\" content=\"Inovallee\" \/>\n<meta name=\"twitter:card\" content=\"summary_large_image\" \/>\n<meta name=\"twitter:creator\" content=\"@inovallee\" \/>\n<meta name=\"twitter:site\" content=\"@inovallee\" \/>\n<meta name=\"twitter:label1\" content=\"Written by\" \/>\n\t<meta name=\"twitter:data1\" content=\"Inovallee\" \/>\n\t<meta name=\"twitter:label2\" content=\"Estimated reading time\" \/>\n\t<meta name=\"twitter:data2\" content=\"1 minute\" \/>\n<script type=\"application\/ld+json\" class=\"yoast-schema-graph\">{\"@context\":\"https:\\\/\\\/schema.org\",\"@graph\":[{\"@type\":\"Article\",\"@id\":\"https:\\\/\\\/www.inovallee.com\\\/agenda-tarmac-mars-2015-les-rdv-entrepreneuriaux-de-la-pepiniere-technologique-dinovallee\\\/#article\",\"isPartOf\":{\"@id\":\"https:\\\/\\\/www.inovallee.com\\\/agenda-tarmac-mars-2015-les-rdv-entrepreneuriaux-de-la-pepiniere-technologique-dinovallee\\\/\"},\"author\":{\"name\":\"Inovallee\",\"@id\":\"https:\\\/\\\/www.inovallee.com\\\/#\\\/schema\\\/person\\\/a45b15518aad3111b2d61d257a3e023b\"},\"headline\":\"Agenda Tarmac mars 2015 : les RDV entrepreneuriaux de la p\u00e9pini\u00e8re technologique d&rsquo;inovall\u00e9e\",\"datePublished\":\"2015-03-02T12:23:00+00:00\",\"dateModified\":\"2020-06-23T13:13:27+00:00\",\"mainEntityOfPage\":{\"@id\":\"https:\\\/\\\/www.inovallee.com\\\/agenda-tarmac-mars-2015-les-rdv-entrepreneuriaux-de-la-pepiniere-technologique-dinovallee\\\/\"},\"wordCount\":256,\"publisher\":{\"@id\":\"https:\\\/\\\/www.inovallee.com\\\/#organization\"},\"image\":{\"@id\":\"https:\\\/\\\/www.inovallee.com\\\/agenda-tarmac-mars-2015-les-rdv-entrepreneuriaux-de-la-pepiniere-technologique-dinovallee\\\/#primaryimage\"},\"thumbnailUrl\":\"http:\\\/\\\/2.bp.blogspot.com\\\/-GfodgWh4nMI\\\/VMpYKYrB9ZI\\\/AAAAAAAAPdQ\\\/fonnWuEgmFo\\\/s1600\\\/DSC00281.JPG\",\"articleSection\":[\"La vie du Tarmac\"],\"inLanguage\":\"en-GB\"},{\"@type\":\"WebPage\",\"@id\":\"https:\\\/\\\/www.inovallee.com\\\/agenda-tarmac-mars-2015-les-rdv-entrepreneuriaux-de-la-pepiniere-technologique-dinovallee\\\/\",\"url\":\"https:\\\/\\\/www.inovallee.com\\\/agenda-tarmac-mars-2015-les-rdv-entrepreneuriaux-de-la-pepiniere-technologique-dinovallee\\\/\",\"name\":\"Agenda Tarmac mars 2015 : les RDV entrepreneuriaux de la p\u00e9pini\u00e8re technologique d'inovall\u00e9e - inovall\u00e9e\",\"isPartOf\":{\"@id\":\"https:\\\/\\\/www.inovallee.com\\\/#website\"},\"primaryImageOfPage\":{\"@id\":\"https:\\\/\\\/www.inovallee.com\\\/agenda-tarmac-mars-2015-les-rdv-entrepreneuriaux-de-la-pepiniere-technologique-dinovallee\\\/#primaryimage\"},\"image\":{\"@id\":\"https:\\\/\\\/www.inovallee.com\\\/agenda-tarmac-mars-2015-les-rdv-entrepreneuriaux-de-la-pepiniere-technologique-dinovallee\\\/#primaryimage\"},\"thumbnailUrl\":\"http:\\\/\\\/2.bp.blogspot.com\\\/-GfodgWh4nMI\\\/VMpYKYrB9ZI\\\/AAAAAAAAPdQ\\\/fonnWuEgmFo\\\/s1600\\\/DSC00281.JPG\",\"datePublished\":\"2015-03-02T12:23:00+00:00\",\"dateModified\":\"2020-06-23T13:13:27+00:00\",\"breadcrumb\":{\"@id\":\"https:\\\/\\\/www.inovallee.com\\\/agenda-tarmac-mars-2015-les-rdv-entrepreneuriaux-de-la-pepiniere-technologique-dinovallee\\\/#breadcrumb\"},\"inLanguage\":\"en-GB\",\"potentialAction\":[{\"@type\":\"ReadAction\",\"target\":[\"https:\\\/\\\/www.inovallee.com\\\/agenda-tarmac-mars-2015-les-rdv-entrepreneuriaux-de-la-pepiniere-technologique-dinovallee\\\/\"]}]},{\"@type\":\"ImageObject\",\"inLanguage\":\"en-GB\",\"@id\":\"https:\\\/\\\/www.inovallee.com\\\/agenda-tarmac-mars-2015-les-rdv-entrepreneuriaux-de-la-pepiniere-technologique-dinovallee\\\/#primaryimage\",\"url\":\"http:\\\/\\\/2.bp.blogspot.com\\\/-GfodgWh4nMI\\\/VMpYKYrB9ZI\\\/AAAAAAAAPdQ\\\/fonnWuEgmFo\\\/s1600\\\/DSC00281.JPG\",\"contentUrl\":\"http:\\\/\\\/2.bp.blogspot.com\\\/-GfodgWh4nMI\\\/VMpYKYrB9ZI\\\/AAAAAAAAPdQ\\\/fonnWuEgmFo\\\/s1600\\\/DSC00281.JPG\"},{\"@type\":\"BreadcrumbList\",\"@id\":\"https:\\\/\\\/www.inovallee.com\\\/agenda-tarmac-mars-2015-les-rdv-entrepreneuriaux-de-la-pepiniere-technologique-dinovallee\\\/#breadcrumb\",\"itemListElement\":[{\"@type\":\"ListItem\",\"position\":1,\"name\":\"Accueil\",\"item\":\"https:\\\/\\\/www.inovallee.com\\\/\"},{\"@type\":\"ListItem\",\"position\":2,\"name\":\"Agenda Tarmac mars 2015 : les RDV entrepreneuriaux de la p\u00e9pini\u00e8re technologique d&rsquo;inovall\u00e9e\"}]},{\"@type\":\"WebSite\",\"@id\":\"https:\\\/\\\/www.inovallee.com\\\/#website\",\"url\":\"https:\\\/\\\/www.inovallee.com\\\/\",\"name\":\"inovall\u00e9e technopole, Home to software & smart technologies\",\"description\":\"Home to software &amp; smart technologies\",\"publisher\":{\"@id\":\"https:\\\/\\\/www.inovallee.com\\\/#organization\"},\"potentialAction\":[{\"@type\":\"SearchAction\",\"target\":{\"@type\":\"EntryPoint\",\"urlTemplate\":\"https:\\\/\\\/www.inovallee.com\\\/?s={search_term_string}\"},\"query-input\":{\"@type\":\"PropertyValueSpecification\",\"valueRequired\":true,\"valueName\":\"search_term_string\"}}],\"inLanguage\":\"en-GB\"},{\"@type\":\"Organization\",\"@id\":\"https:\\\/\\\/www.inovallee.com\\\/#organization\",\"name\":\"inovall\u00e9e\",\"url\":\"https:\\\/\\\/www.inovallee.com\\\/\",\"logo\":{\"@type\":\"ImageObject\",\"inLanguage\":\"en-GB\",\"@id\":\"https:\\\/\\\/www.inovallee.com\\\/#\\\/schema\\\/logo\\\/image\\\/\",\"url\":\"https:\\\/\\\/www.inovallee.com\\\/wp-content\\\/uploads\\\/2023\\\/08\\\/inovallee_2022_GrenobleAlpes.png\",\"contentUrl\":\"https:\\\/\\\/www.inovallee.com\\\/wp-content\\\/uploads\\\/2023\\\/08\\\/inovallee_2022_GrenobleAlpes.png\",\"width\":945,\"height\":369,\"caption\":\"inovall\u00e9e\"},\"image\":{\"@id\":\"https:\\\/\\\/www.inovallee.com\\\/#\\\/schema\\\/logo\\\/image\\\/\"},\"sameAs\":[\"https:\\\/\\\/www.facebook.com\\\/technopoleinovallee\\\/\",\"https:\\\/\\\/x.com\\\/inovallee\",\"https:\\\/\\\/www.linkedin.com\\\/company\\\/inovall-e\\\/\",\"https:\\\/\\\/www.youtube.com\\\/user\\\/inovallee?reload=9\"]},{\"@type\":\"Person\",\"@id\":\"https:\\\/\\\/www.inovallee.com\\\/#\\\/schema\\\/person\\\/a45b15518aad3111b2d61d257a3e023b\",\"name\":\"Inovallee\"}]}<\/script>\n<!-- \/ Yoast SEO plugin. -->","yoast_head_json":{"title":"Agenda Tarmac mars 2015 : les RDV entrepreneuriaux de la p\u00e9pini\u00e8re technologique d'inovall\u00e9e - inovall\u00e9e","robots":{"index":"index","follow":"follow","max-snippet":"max-snippet:-1","max-image-preview":"max-image-preview:large","max-video-preview":"max-video-preview:-1"},"canonical":"https:\/\/www.inovallee.com\/en\/agenda-tarmac-mars-2015-les-rdv-entrepreneuriaux-de-la-pepiniere-technologique-dinovallee\/","og_locale":"en_GB","og_type":"article","og_title":"Agenda Tarmac mars 2015 : les RDV entrepreneuriaux de la p\u00e9pini\u00e8re technologique d'inovall\u00e9e - inovall\u00e9e","og_description":"\u00c7a se passe en mars au Tarmac ! Inscrivez-vous en cliquant sur les liens ! \u2022 Lundi 2 mars- 11h &#8211; 13h : Atelier \u00ab\u00a0mener un entretien professionnel\u00a0\u00bb \u2022 Jeudi 5 mars &#8211; 8h30-10h30 : Petit d\u00e9jeuner Equoranda \u00ab\u00a0\u00catre manager aujourd&rsquo;hui\u00a0\u00bb \u2022 Jeudi 5 mars &#8211; 17h-19h : think drink\u00ab\u00a0Se pr\u00e9senter efficacement\u00a0\u00bb, anim\u00e9 par Guida [&hellip;]","og_url":"https:\/\/www.inovallee.com\/en\/agenda-tarmac-mars-2015-les-rdv-entrepreneuriaux-de-la-pepiniere-technologique-dinovallee\/","og_site_name":"inovall\u00e9e","article_publisher":"https:\/\/www.facebook.com\/technopoleinovallee\/","article_published_time":"2015-03-02T12:23:00+00:00","article_modified_time":"2020-06-23T13:13:27+00:00","og_image":[{"url":"http:\/\/2.bp.blogspot.com\/-GfodgWh4nMI\/VMpYKYrB9ZI\/AAAAAAAAPdQ\/fonnWuEgmFo\/s1600\/DSC00281.JPG","type":"","width":"","height":""}],"author":"Inovallee","twitter_card":"summary_large_image","twitter_creator":"@inovallee","twitter_site":"@inovallee","twitter_misc":{"Written by":"Inovallee","Estimated reading time":"1 minute"},"schema":{"@context":"https:\/\/schema.org","@graph":[{"@type":"Article","@id":"https:\/\/www.inovallee.com\/agenda-tarmac-mars-2015-les-rdv-entrepreneuriaux-de-la-pepiniere-technologique-dinovallee\/#article","isPartOf":{"@id":"https:\/\/www.inovallee.com\/agenda-tarmac-mars-2015-les-rdv-entrepreneuriaux-de-la-pepiniere-technologique-dinovallee\/"},"author":{"name":"Inovallee","@id":"https:\/\/www.inovallee.com\/#\/schema\/person\/a45b15518aad3111b2d61d257a3e023b"},"headline":"Agenda Tarmac mars 2015 : les RDV entrepreneuriaux de la p\u00e9pini\u00e8re technologique d&rsquo;inovall\u00e9e","datePublished":"2015-03-02T12:23:00+00:00","dateModified":"2020-06-23T13:13:27+00:00","mainEntityOfPage":{"@id":"https:\/\/www.inovallee.com\/agenda-tarmac-mars-2015-les-rdv-entrepreneuriaux-de-la-pepiniere-technologique-dinovallee\/"},"wordCount":256,"publisher":{"@id":"https:\/\/www.inovallee.com\/#organization"},"image":{"@id":"https:\/\/www.inovallee.com\/agenda-tarmac-mars-2015-les-rdv-entrepreneuriaux-de-la-pepiniere-technologique-dinovallee\/#primaryimage"},"thumbnailUrl":"http:\/\/2.bp.blogspot.com\/-GfodgWh4nMI\/VMpYKYrB9ZI\/AAAAAAAAPdQ\/fonnWuEgmFo\/s1600\/DSC00281.JPG","articleSection":["La vie du Tarmac"],"inLanguage":"en-GB"},{"@type":"WebPage","@id":"https:\/\/www.inovallee.com\/agenda-tarmac-mars-2015-les-rdv-entrepreneuriaux-de-la-pepiniere-technologique-dinovallee\/","url":"https:\/\/www.inovallee.com\/agenda-tarmac-mars-2015-les-rdv-entrepreneuriaux-de-la-pepiniere-technologique-dinovallee\/","name":"Agenda Tarmac mars 2015 : les RDV entrepreneuriaux de la p\u00e9pini\u00e8re technologique d'inovall\u00e9e - inovall\u00e9e","isPartOf":{"@id":"https:\/\/www.inovallee.com\/#website"},"primaryImageOfPage":{"@id":"https:\/\/www.inovallee.com\/agenda-tarmac-mars-2015-les-rdv-entrepreneuriaux-de-la-pepiniere-technologique-dinovallee\/#primaryimage"},"image":{"@id":"https:\/\/www.inovallee.com\/agenda-tarmac-mars-2015-les-rdv-entrepreneuriaux-de-la-pepiniere-technologique-dinovallee\/#primaryimage"},"thumbnailUrl":"http:\/\/2.bp.blogspot.com\/-GfodgWh4nMI\/VMpYKYrB9ZI\/AAAAAAAAPdQ\/fonnWuEgmFo\/s1600\/DSC00281.JPG","datePublished":"2015-03-02T12:23:00+00:00","dateModified":"2020-06-23T13:13:27+00:00","breadcrumb":{"@id":"https:\/\/www.inovallee.com\/agenda-tarmac-mars-2015-les-rdv-entrepreneuriaux-de-la-pepiniere-technologique-dinovallee\/#breadcrumb"},"inLanguage":"en-GB","potentialAction":[{"@type":"ReadAction","target":["https:\/\/www.inovallee.com\/agenda-tarmac-mars-2015-les-rdv-entrepreneuriaux-de-la-pepiniere-technologique-dinovallee\/"]}]},{"@type":"ImageObject","inLanguage":"en-GB","@id":"https:\/\/www.inovallee.com\/agenda-tarmac-mars-2015-les-rdv-entrepreneuriaux-de-la-pepiniere-technologique-dinovallee\/#primaryimage","url":"http:\/\/2.bp.blogspot.com\/-GfodgWh4nMI\/VMpYKYrB9ZI\/AAAAAAAAPdQ\/fonnWuEgmFo\/s1600\/DSC00281.JPG","contentUrl":"http:\/\/2.bp.blogspot.com\/-GfodgWh4nMI\/VMpYKYrB9ZI\/AAAAAAAAPdQ\/fonnWuEgmFo\/s1600\/DSC00281.JPG"},{"@type":"BreadcrumbList","@id":"https:\/\/www.inovallee.com\/agenda-tarmac-mars-2015-les-rdv-entrepreneuriaux-de-la-pepiniere-technologique-dinovallee\/#breadcrumb","itemListElement":[{"@type":"ListItem","position":1,"name":"Accueil","item":"https:\/\/www.inovallee.com\/"},{"@type":"ListItem","position":2,"name":"Agenda Tarmac mars 2015 : les RDV entrepreneuriaux de la p\u00e9pini\u00e8re technologique d&rsquo;inovall\u00e9e"}]},{"@type":"WebSite","@id":"https:\/\/www.inovallee.com\/#website","url":"https:\/\/www.inovallee.com\/","name":"inovall\u00e9e technopole, Home to software & smart technologies","description":"Home to software &amp; smart technologies","publisher":{"@id":"https:\/\/www.inovallee.com\/#organization"},"potentialAction":[{"@type":"SearchAction","target":{"@type":"EntryPoint","urlTemplate":"https:\/\/www.inovallee.com\/?s={search_term_string}"},"query-input":{"@type":"PropertyValueSpecification","valueRequired":true,"valueName":"search_term_string"}}],"inLanguage":"en-GB"},{"@type":"Organization","@id":"https:\/\/www.inovallee.com\/#organization","name":"inovall\u00e9e","url":"https:\/\/www.inovallee.com\/","logo":{"@type":"ImageObject","inLanguage":"en-GB","@id":"https:\/\/www.inovallee.com\/#\/schema\/logo\/image\/","url":"https:\/\/www.inovallee.com\/wp-content\/uploads\/2023\/08\/inovallee_2022_GrenobleAlpes.png","contentUrl":"https:\/\/www.inovallee.com\/wp-content\/uploads\/2023\/08\/inovallee_2022_GrenobleAlpes.png","width":945,"height":369,"caption":"inovall\u00e9e"},"image":{"@id":"https:\/\/www.inovallee.com\/#\/schema\/logo\/image\/"},"sameAs":["https:\/\/www.facebook.com\/technopoleinovallee\/","https:\/\/x.com\/inovallee","https:\/\/www.linkedin.com\/company\/inovall-e\/","https:\/\/www.youtube.com\/user\/inovallee?reload=9"]},{"@type":"Person","@id":"https:\/\/www.inovallee.com\/#\/schema\/person\/a45b15518aad3111b2d61d257a3e023b","name":"Inovallee"}]}},"_links":{"self":[{"href":"https:\/\/www.inovallee.com\/en\/wp-json\/wp\/v2\/posts\/28716","targetHints":{"allow":["GET"]}}],"collection":[{"href":"https:\/\/www.inovallee.com\/en\/wp-json\/wp\/v2\/posts"}],"about":[{"href":"https:\/\/www.inovallee.com\/en\/wp-json\/wp\/v2\/types\/post"}],"author":[{"embeddable":true,"href":"https:\/\/www.inovallee.com\/en\/wp-json\/wp\/v2\/users\/6"}],"replies":[{"embeddable":true,"href":"https:\/\/www.inovallee.com\/en\/wp-json\/wp\/v2\/comments?post=28716"}],"version-history":[{"count":0,"href":"https:\/\/www.inovallee.com\/en\/wp-json\/wp\/v2\/posts\/28716\/revisions"}],"wp:attachment":[{"href":"https:\/\/www.inovallee.com\/en\/wp-json\/wp\/v2\/media?parent=28716"}],"wp:term":[{"taxonomy":"category","embeddable":true,"href":"https:\/\/www.inovallee.com\/en\/wp-json\/wp\/v2\/categories?post=28716"},{"taxonomy":"post_tag","embeddable":true,"href":"https:\/\/www.inovallee.com\/en\/wp-json\/wp\/v2\/tags?post=28716"}],"curies":[{"name":"wp","href":"https:\/\/api.w.org\/{rel}","templated":true}]}}