{"id":28728,"date":"2015-01-26T09:58:00","date_gmt":"2015-01-26T08:58:00","guid":{"rendered":"https:\/\/www.inovallee.com\/agenda-tarmac-les-rdv-entrepreneuriaux-de-fevrier-de-la-pepiniere-technologique-dinovallee\/"},"modified":"2015-01-26T09:58:00","modified_gmt":"2015-01-26T08:58:00","slug":"agenda-tarmac-les-rdv-entrepreneuriaux-de-fevrier-de-la-pepiniere-technologique-dinovallee","status":"publish","type":"post","link":"https:\/\/www.inovallee.com\/en\/agenda-tarmac-les-rdv-entrepreneuriaux-de-fevrier-de-la-pepiniere-technologique-dinovallee\/","title":{"rendered":"Agenda Tarmac : les RDV entrepreneuriaux de f\u00e9vrier de la p\u00e9pini\u00e8re technologique d&#039;inovall\u00e9e"},"content":{"rendered":"<div dir=\"ltr\" style=\"text-align: left;\">\n<h1>\n<div style=\"clear: both; text-align: center;\"><a href=\"http:\/\/4.bp.blogspot.com\/-g4x7qJeou_w\/U1jYZYqH7YI\/AAAAAAAAKVQ\/cT1fEmbWg64\/s1600\/IMG_1907.JPG\" style=\"clear: left; float: left; margin-bottom: 1em; margin-right: 1em;\"><img fetchpriority=\"high\" decoding=\"async\" border=\"0\" src=\"http:\/\/4.bp.blogspot.com\/-g4x7qJeou_w\/U1jYZYqH7YI\/AAAAAAAAKVQ\/cT1fEmbWg64\/s1600\/IMG_1907.JPG\" height=\"213\" width=\"320\" \/><\/a><\/div>\n<p>\u00c7a se passe en f\u00e9vrier au Tarmac !<\/h1>\n<p><span style=\"font-family: Verdana,sans-serif;\">Inscrivez-vous en cliquant sur les liens !&nbsp;<\/span><br \/><span style=\"font-family: Verdana,sans-serif;\">&nbsp; <\/span><\/p>\n<p><span style=\"font-family: Verdana,sans-serif;\">\u2022 Mardi 3 f\u00e9vrier &#8211; 8h30 &#8211; 10h30 : <\/span><span style=\"font-family: Verdana,sans-serif;\"><a href=\"http:\/\/inovallee-letarmac.blogspot.fr\/2015\/01\/competences-contre-capital-rencontre.html\" target=\"_blank\" rel=\"noopener noreferrer\">Petit d\u00e9jeuner d&rsquo;\u00e9change<\/a> avec l&rsquo;acc\u00e9l\u00e9rateur Pentalabbs sur leur mod\u00e8le \u00ab\u00a0services for equity\u00a0\u00bb <\/span><br \/><span style=\"font-family: Verdana,sans-serif;\">\u2022 Jeudi 5 f\u00e9vrier &#8211; 12h-14h : <a href=\"https:\/\/www.inovallee.com\/en\/mailing\/2015.01.15.mailing-signature-partenariat-generali.htm\/\" target=\"_blank\" rel=\"noopener noreferrer\">Conf\u00e9rence Generali<\/a> avec trois th\u00e9matiques \u00ab\u00a0De l&rsquo;importance de la RC Pro, la sant\u00e9 des salari\u00e9s au travail, et les principes de la d\u00e9marche de performance globale ?\u00a0\u00bb<\/span><span style=\"font-family: Verdana,sans-serif;\"><br \/>\u2022 Jeudi 5 f\u00e9vrier &#8211; 18h-20h30 : <a href=\"http:\/\/www.forum5i.insight-outside.fr\/\" target=\"_blank\" rel=\"noopener noreferrer\">atelier du forum 5i <\/a>\u00e0 la CCI \u00ab\u00a0crowdfunding, entr\u00e9e en bourse &#8230; quels nouveaux outils pour financer ma start-up\u00a0\u00bb<\/span><span style=\"font-family: Verdana,sans-serif;\"><span style=\"font-family: Verdana,sans-serif;\"><span style=\"font-family: Verdana,sans-serif;\"><span style=\"font-family: Verdana,sans-serif;\"><span style=\"font-family: Verdana,sans-serif;\"><\/span><\/span><\/span> <br \/>\u2022 <\/span>Jeudi 5 f\u00e9vrier &#8211; 17h-19h : <a href=\"http:\/\/doodle.com\/d37biru2pvwyzswe\" target=\"_blank\" rel=\"noopener noreferrer\">think drink<\/a> rencontre avec Demeter, fonds d&rsquo;amor\u00e7age et de d\u00e9veloppement<\/span><br \/><span style=\"font-family: Verdana,sans-serif;\"><span style=\"font-family: Verdana,sans-serif;\"><span style=\"font-family: Verdana,sans-serif;\">\u2022 Vendredi <\/span>6 f\u00e9vrier &#8211; 8h30-10h30 : <a href=\"http:\/\/inovallee-letarmac.blogspot.fr\/2015\/01\/petit-dejeuner-kpmg-loi-de-finances.html\" target=\"_blank\" rel=\"noopener noreferrer\">petit d\u00e9jeuner KPMG<\/a> \u00ab\u00a0la nouvelle loi de finance innovation\u00a0\u00bb<\/span><br \/>\u2022 jeudi 19 f\u00e9vrier &#8211; 17h-19h :&nbsp; <a href=\"http:\/\/doodle.com\/yyefz62z7zrrdrki\" target=\"_blank\" rel=\"noopener noreferrer\">Think drink<\/a><\/span><span style=\"font-family: Verdana,sans-serif;\"> \u00ab\u00a0pr\u00e9sentation \/ d\u00e9mo de Wepic, la nouvelle start-up du Tarmac et son application mobile<\/span><br \/><span style=\"font-family: Verdana,sans-serif;\"><span style=\"font-family: Verdana,sans-serif;\">\u2022 Mardi 24 f\u00e9vrier &#8211; 12h &#8211; 14h : permanence Grex aides \u00e0 l&rsquo;export <\/span><\/span><br \/><span style=\"font-family: Verdana,sans-serif;\"><span style=\"font-family: Verdana,sans-serif;\"><span style=\"font-family: Verdana,sans-serif;\"> (inscription : <a href=\"mailto:accueil@inovallee.com\">accueil@inovallee.com<\/a> \/ <span data-isfreecall=\"false\" data-ismobile=\"false\" data-isrtl=\"false\" data-numbertocall=\"+33476904157\" dir=\"ltr\" tabindex=\"-1\"><span dir=\"ltr\"><span><img decoding=\"async\" class=\"skype_c2c_logo_img\" height=\"0\" src=\"resource:\/\/skype_ff_extension-at-jetpack\/skype_ff_extension\/data\/call_skype_logo.png\" width=\"0\" \/><span>04 76 90 41 57<\/span><\/span><\/span><\/span>) <\/span><\/span><\/span><span style=\"font-family: Verdana,sans-serif;\">\u2022 <\/span><span style=\"font-family: Verdana,sans-serif;\"><span style=\"font-family: Verdana,sans-serif;\"><span style=\"font-family: Verdana,sans-serif;\">Jeudi 26 f\u00e9vrier<\/span><\/span> &#8211; 9h-12h : <a href=\"http:\/\/inovallee.blogspot.fr\/2014\/12\/vous-avez-des-projets-de-recrutement-en.html\" target=\"_blank\" rel=\"noopener noreferrer\">Atelier Apec<\/a> \u00ab\u00a0questionner efficacement en entretien de recrutement\u00a0\u00bb<\/span><span style=\"font-family: Verdana,sans-serif;\"><\/span><span style=\"font-family: Verdana,sans-serif;\"> <\/span><br \/><span style=\"font-family: Verdana,sans-serif;\">\u2022 Jeudi <\/span><span style=\"font-family: Verdana,sans-serif;\"><span style=\"font-family: Verdana,sans-serif;\">26 f\u00e9vrier &#8211; 11h30-14h30<\/span> : <a href=\"http:\/\/doodle.com\/3t2saxn94syimfcf\" target=\"_blank\" rel=\"noopener noreferrer\">Atelier Tarmac marketing<\/a> \u00ab\u00a0optimiser mon positionnement concurrentiel\u00a0\u00bb <\/span><span style=\"font-family: Verdana,sans-serif;\"><br \/>\u2022 Jeudi <\/span><span style=\"font-family: Verdana,sans-serif;\"><span style=\"font-family: Verdana,sans-serif;\">26 f\u00e9vrier &#8211; 12h-14h : permanence RH<\/span><\/span> <span style=\"font-family: Verdana,sans-serif;\"><span style=\"font-family: Verdana,sans-serif;\"><span style=\"font-family: Verdana,sans-serif;\"><span style=\"font-family: Verdana,sans-serif;\"><span style=\"font-family: Verdana,sans-serif;\">(inscription : <a href=\"mailto:accueil@inovallee.com\">accueil@inovallee.com<\/a> \/ <span data-isfreecall=\"false\" data-ismobile=\"false\" data-isrtl=\"false\" data-numbertocall=\"+33476904157\" dir=\"ltr\" tabindex=\"-1\"><span dir=\"ltr\"><span><img decoding=\"async\" class=\"skype_c2c_logo_img\" height=\"0\" src=\"resource:\/\/skype_ff_extension-at-jetpack\/skype_ff_extension\/data\/call_skype_logo.png\" width=\"0\" \/><span>04 76 90 41 57<\/span><span><\/span><\/span><\/span><\/span>)<\/span><\/span><\/span><\/span><\/span><br \/><span style=\"font-family: Verdana,sans-serif;\">\u2022 Jeudi <\/span><span style=\"font-family: Verdana,sans-serif;\"><span style=\"font-family: Verdana,sans-serif;\">26 f\u00e9vrier &#8211; 12h-14h : permanence expert comptable<\/span><\/span> <span style=\"font-family: Verdana,sans-serif;\"><span style=\"font-family: Verdana,sans-serif;\"><span style=\"font-family: Verdana,sans-serif;\"><span style=\"font-family: Verdana,sans-serif;\"><span style=\"font-family: Verdana,sans-serif;\">(inscription : <a href=\"mailto:accueil@inovallee.com\">accueil@inovallee.com<\/a> \/ <span data-isfreecall=\"false\" data-ismobile=\"false\" data-isrtl=\"false\" data-numbertocall=\"+33476904157\" dir=\"ltr\" tabindex=\"-1\"><span dir=\"ltr\"><span><img decoding=\"async\" class=\"skype_c2c_logo_img\" height=\"0\" src=\"resource:\/\/skype_ff_extension-at-jetpack\/skype_ff_extension\/data\/call_skype_logo.png\" width=\"0\" \/><span>04 76 90 41 57<\/span><span><\/span><\/span><\/span><\/span>)<\/span><\/span><\/span><\/span><\/span><span style=\"font-family: Verdana,sans-serif;\"><br \/>\u2022 Jeudi <\/span><span style=\"font-family: Verdana,sans-serif;\"><span style=\"font-family: Verdana,sans-serif;\">26 f\u00e9vrier &#8211; 17h-19h : <a href=\"http:\/\/doodle.com\/dpd2bhiqv8bk7aav\" target=\"_blank\" rel=\"noopener noreferrer\">Think drink<\/a> Neovision : pr\u00e9sentation \/ test de l&rsquo;appli Wineadvisor et retour d&rsquo;exp\u00e9rience sur le projet<\/span><\/span><br \/><span style=\"font-family: Verdana,sans-serif;\"><\/span><\/div>","protected":false},"excerpt":{"rendered":"<p>\u00c7a se passe en f\u00e9vrier au Tarmac ! Inscrivez-vous en cliquant sur les liens !&nbsp;&nbsp; \u2022 Mardi 3 f\u00e9vrier &#8211; 8h30 &#8211; 10h30 : Petit d\u00e9jeuner d&rsquo;\u00e9change avec l&rsquo;acc\u00e9l\u00e9rateur Pentalabbs sur leur mod\u00e8le \u00ab\u00a0services for equity\u00a0\u00bb \u2022 Jeudi 5 f\u00e9vrier &#8211; 12h-14h : Conf\u00e9rence Generali avec trois th\u00e9matiques \u00ab\u00a0De l&rsquo;importance de la RC Pro, la [&hellip;]<\/p>\n","protected":false},"author":6,"featured_media":0,"comment_status":"closed","ping_status":"open","sticky":false,"template":"","format":"standard","meta":{"footnotes":""},"categories":[42,46,44],"tags":[],"class_list":["post-28728","post","type-post","status-publish","format-standard","hentry","category-entrepreneur-strategie-innovation","category-vie-du-tarmac","category-tarmac-incubator"],"yoast_head":"<!-- This site is optimized with the Yoast SEO plugin v27.4 - https:\/\/yoast.com\/product\/yoast-seo-wordpress\/ -->\n<title>Agenda Tarmac : les RDV entrepreneuriaux de f\u00e9vrier de la p\u00e9pini\u00e8re technologique d&#039;inovall\u00e9e - inovall\u00e9e<\/title>\n<meta name=\"robots\" content=\"index, follow, max-snippet:-1, max-image-preview:large, max-video-preview:-1\" \/>\n<link rel=\"canonical\" href=\"https:\/\/www.inovallee.com\/en\/agenda-tarmac-les-rdv-entrepreneuriaux-de-fevrier-de-la-pepiniere-technologique-dinovallee\/\" \/>\n<meta property=\"og:locale\" content=\"en_GB\" \/>\n<meta property=\"og:type\" content=\"article\" \/>\n<meta property=\"og:title\" content=\"Agenda Tarmac : les RDV entrepreneuriaux de f\u00e9vrier de la p\u00e9pini\u00e8re technologique d&#039;inovall\u00e9e - inovall\u00e9e\" \/>\n<meta property=\"og:description\" content=\"\u00c7a se passe en f\u00e9vrier au Tarmac ! Inscrivez-vous en cliquant sur les liens !&nbsp;&nbsp; \u2022 Mardi 3 f\u00e9vrier &#8211; 8h30 &#8211; 10h30 : Petit d\u00e9jeuner d&rsquo;\u00e9change avec l&rsquo;acc\u00e9l\u00e9rateur Pentalabbs sur leur mod\u00e8le \u00ab\u00a0services for equity\u00a0\u00bb \u2022 Jeudi 5 f\u00e9vrier &#8211; 12h-14h : Conf\u00e9rence Generali avec trois th\u00e9matiques \u00ab\u00a0De l&rsquo;importance de la RC Pro, la [&hellip;]\" \/>\n<meta property=\"og:url\" content=\"https:\/\/www.inovallee.com\/en\/agenda-tarmac-les-rdv-entrepreneuriaux-de-fevrier-de-la-pepiniere-technologique-dinovallee\/\" \/>\n<meta property=\"og:site_name\" content=\"inovall\u00e9e\" \/>\n<meta property=\"article:publisher\" content=\"https:\/\/www.facebook.com\/technopoleinovallee\/\" \/>\n<meta property=\"article:published_time\" content=\"2015-01-26T08:58:00+00:00\" \/>\n<meta property=\"og:image\" content=\"http:\/\/4.bp.blogspot.com\/-g4x7qJeou_w\/U1jYZYqH7YI\/AAAAAAAAKVQ\/cT1fEmbWg64\/s1600\/IMG_1907.JPG\" \/>\n<meta name=\"author\" content=\"Inovallee\" \/>\n<meta name=\"twitter:card\" content=\"summary_large_image\" \/>\n<meta name=\"twitter:creator\" content=\"@inovallee\" \/>\n<meta name=\"twitter:site\" content=\"@inovallee\" \/>\n<meta name=\"twitter:label1\" content=\"Written by\" \/>\n\t<meta name=\"twitter:data1\" content=\"Inovallee\" \/>\n\t<meta name=\"twitter:label2\" content=\"Estimated reading time\" \/>\n\t<meta name=\"twitter:data2\" content=\"1 minute\" \/>\n<script type=\"application\/ld+json\" class=\"yoast-schema-graph\">{\"@context\":\"https:\\\/\\\/schema.org\",\"@graph\":[{\"@type\":\"Article\",\"@id\":\"https:\\\/\\\/www.inovallee.com\\\/agenda-tarmac-les-rdv-entrepreneuriaux-de-fevrier-de-la-pepiniere-technologique-dinovallee\\\/#article\",\"isPartOf\":{\"@id\":\"https:\\\/\\\/www.inovallee.com\\\/agenda-tarmac-les-rdv-entrepreneuriaux-de-fevrier-de-la-pepiniere-technologique-dinovallee\\\/\"},\"author\":{\"name\":\"Inovallee\",\"@id\":\"https:\\\/\\\/www.inovallee.com\\\/#\\\/schema\\\/person\\\/a45b15518aad3111b2d61d257a3e023b\"},\"headline\":\"Agenda Tarmac : les RDV entrepreneuriaux de f\u00e9vrier de la p\u00e9pini\u00e8re technologique d&#039;inovall\u00e9e\",\"datePublished\":\"2015-01-26T08:58:00+00:00\",\"mainEntityOfPage\":{\"@id\":\"https:\\\/\\\/www.inovallee.com\\\/agenda-tarmac-les-rdv-entrepreneuriaux-de-fevrier-de-la-pepiniere-technologique-dinovallee\\\/\"},\"wordCount\":272,\"publisher\":{\"@id\":\"https:\\\/\\\/www.inovallee.com\\\/#organization\"},\"image\":{\"@id\":\"https:\\\/\\\/www.inovallee.com\\\/agenda-tarmac-les-rdv-entrepreneuriaux-de-fevrier-de-la-pepiniere-technologique-dinovallee\\\/#primaryimage\"},\"thumbnailUrl\":\"http:\\\/\\\/4.bp.blogspot.com\\\/-g4x7qJeou_w\\\/U1jYZYqH7YI\\\/AAAAAAAAKVQ\\\/cT1fEmbWg64\\\/s1600\\\/IMG_1907.JPG\",\"articleSection\":[\"Entrepreneuriat et strat\u00e9gie d'innovation\",\"La vie du Tarmac\",\"Tarmac incubator\"],\"inLanguage\":\"en-GB\"},{\"@type\":\"WebPage\",\"@id\":\"https:\\\/\\\/www.inovallee.com\\\/agenda-tarmac-les-rdv-entrepreneuriaux-de-fevrier-de-la-pepiniere-technologique-dinovallee\\\/\",\"url\":\"https:\\\/\\\/www.inovallee.com\\\/agenda-tarmac-les-rdv-entrepreneuriaux-de-fevrier-de-la-pepiniere-technologique-dinovallee\\\/\",\"name\":\"Agenda Tarmac : les RDV entrepreneuriaux de f\u00e9vrier de la p\u00e9pini\u00e8re technologique d&#039;inovall\u00e9e - inovall\u00e9e\",\"isPartOf\":{\"@id\":\"https:\\\/\\\/www.inovallee.com\\\/#website\"},\"primaryImageOfPage\":{\"@id\":\"https:\\\/\\\/www.inovallee.com\\\/agenda-tarmac-les-rdv-entrepreneuriaux-de-fevrier-de-la-pepiniere-technologique-dinovallee\\\/#primaryimage\"},\"image\":{\"@id\":\"https:\\\/\\\/www.inovallee.com\\\/agenda-tarmac-les-rdv-entrepreneuriaux-de-fevrier-de-la-pepiniere-technologique-dinovallee\\\/#primaryimage\"},\"thumbnailUrl\":\"http:\\\/\\\/4.bp.blogspot.com\\\/-g4x7qJeou_w\\\/U1jYZYqH7YI\\\/AAAAAAAAKVQ\\\/cT1fEmbWg64\\\/s1600\\\/IMG_1907.JPG\",\"datePublished\":\"2015-01-26T08:58:00+00:00\",\"breadcrumb\":{\"@id\":\"https:\\\/\\\/www.inovallee.com\\\/agenda-tarmac-les-rdv-entrepreneuriaux-de-fevrier-de-la-pepiniere-technologique-dinovallee\\\/#breadcrumb\"},\"inLanguage\":\"en-GB\",\"potentialAction\":[{\"@type\":\"ReadAction\",\"target\":[\"https:\\\/\\\/www.inovallee.com\\\/agenda-tarmac-les-rdv-entrepreneuriaux-de-fevrier-de-la-pepiniere-technologique-dinovallee\\\/\"]}]},{\"@type\":\"ImageObject\",\"inLanguage\":\"en-GB\",\"@id\":\"https:\\\/\\\/www.inovallee.com\\\/agenda-tarmac-les-rdv-entrepreneuriaux-de-fevrier-de-la-pepiniere-technologique-dinovallee\\\/#primaryimage\",\"url\":\"http:\\\/\\\/4.bp.blogspot.com\\\/-g4x7qJeou_w\\\/U1jYZYqH7YI\\\/AAAAAAAAKVQ\\\/cT1fEmbWg64\\\/s1600\\\/IMG_1907.JPG\",\"contentUrl\":\"http:\\\/\\\/4.bp.blogspot.com\\\/-g4x7qJeou_w\\\/U1jYZYqH7YI\\\/AAAAAAAAKVQ\\\/cT1fEmbWg64\\\/s1600\\\/IMG_1907.JPG\"},{\"@type\":\"BreadcrumbList\",\"@id\":\"https:\\\/\\\/www.inovallee.com\\\/agenda-tarmac-les-rdv-entrepreneuriaux-de-fevrier-de-la-pepiniere-technologique-dinovallee\\\/#breadcrumb\",\"itemListElement\":[{\"@type\":\"ListItem\",\"position\":1,\"name\":\"Accueil\",\"item\":\"https:\\\/\\\/www.inovallee.com\\\/\"},{\"@type\":\"ListItem\",\"position\":2,\"name\":\"Agenda Tarmac : les RDV entrepreneuriaux de f\u00e9vrier de la p\u00e9pini\u00e8re technologique d&#039;inovall\u00e9e\"}]},{\"@type\":\"WebSite\",\"@id\":\"https:\\\/\\\/www.inovallee.com\\\/#website\",\"url\":\"https:\\\/\\\/www.inovallee.com\\\/\",\"name\":\"inovall\u00e9e technopole, Home to software & smart technologies\",\"description\":\"Home to software &amp; smart technologies\",\"publisher\":{\"@id\":\"https:\\\/\\\/www.inovallee.com\\\/#organization\"},\"potentialAction\":[{\"@type\":\"SearchAction\",\"target\":{\"@type\":\"EntryPoint\",\"urlTemplate\":\"https:\\\/\\\/www.inovallee.com\\\/?s={search_term_string}\"},\"query-input\":{\"@type\":\"PropertyValueSpecification\",\"valueRequired\":true,\"valueName\":\"search_term_string\"}}],\"inLanguage\":\"en-GB\"},{\"@type\":\"Organization\",\"@id\":\"https:\\\/\\\/www.inovallee.com\\\/#organization\",\"name\":\"inovall\u00e9e\",\"url\":\"https:\\\/\\\/www.inovallee.com\\\/\",\"logo\":{\"@type\":\"ImageObject\",\"inLanguage\":\"en-GB\",\"@id\":\"https:\\\/\\\/www.inovallee.com\\\/#\\\/schema\\\/logo\\\/image\\\/\",\"url\":\"https:\\\/\\\/www.inovallee.com\\\/wp-content\\\/uploads\\\/2023\\\/08\\\/inovallee_2022_GrenobleAlpes.png\",\"contentUrl\":\"https:\\\/\\\/www.inovallee.com\\\/wp-content\\\/uploads\\\/2023\\\/08\\\/inovallee_2022_GrenobleAlpes.png\",\"width\":945,\"height\":369,\"caption\":\"inovall\u00e9e\"},\"image\":{\"@id\":\"https:\\\/\\\/www.inovallee.com\\\/#\\\/schema\\\/logo\\\/image\\\/\"},\"sameAs\":[\"https:\\\/\\\/www.facebook.com\\\/technopoleinovallee\\\/\",\"https:\\\/\\\/x.com\\\/inovallee\",\"https:\\\/\\\/www.linkedin.com\\\/company\\\/inovall-e\\\/\",\"https:\\\/\\\/www.youtube.com\\\/user\\\/inovallee?reload=9\"]},{\"@type\":\"Person\",\"@id\":\"https:\\\/\\\/www.inovallee.com\\\/#\\\/schema\\\/person\\\/a45b15518aad3111b2d61d257a3e023b\",\"name\":\"Inovallee\"}]}<\/script>\n<!-- \/ Yoast SEO plugin. -->","yoast_head_json":{"title":"Agenda Tarmac : les RDV entrepreneuriaux de f\u00e9vrier de la p\u00e9pini\u00e8re technologique d&#039;inovall\u00e9e - inovall\u00e9e","robots":{"index":"index","follow":"follow","max-snippet":"max-snippet:-1","max-image-preview":"max-image-preview:large","max-video-preview":"max-video-preview:-1"},"canonical":"https:\/\/www.inovallee.com\/en\/agenda-tarmac-les-rdv-entrepreneuriaux-de-fevrier-de-la-pepiniere-technologique-dinovallee\/","og_locale":"en_GB","og_type":"article","og_title":"Agenda Tarmac : les RDV entrepreneuriaux de f\u00e9vrier de la p\u00e9pini\u00e8re technologique d&#039;inovall\u00e9e - inovall\u00e9e","og_description":"\u00c7a se passe en f\u00e9vrier au Tarmac ! Inscrivez-vous en cliquant sur les liens !&nbsp;&nbsp; \u2022 Mardi 3 f\u00e9vrier &#8211; 8h30 &#8211; 10h30 : Petit d\u00e9jeuner d&rsquo;\u00e9change avec l&rsquo;acc\u00e9l\u00e9rateur Pentalabbs sur leur mod\u00e8le \u00ab\u00a0services for equity\u00a0\u00bb \u2022 Jeudi 5 f\u00e9vrier &#8211; 12h-14h : Conf\u00e9rence Generali avec trois th\u00e9matiques \u00ab\u00a0De l&rsquo;importance de la RC Pro, la [&hellip;]","og_url":"https:\/\/www.inovallee.com\/en\/agenda-tarmac-les-rdv-entrepreneuriaux-de-fevrier-de-la-pepiniere-technologique-dinovallee\/","og_site_name":"inovall\u00e9e","article_publisher":"https:\/\/www.facebook.com\/technopoleinovallee\/","article_published_time":"2015-01-26T08:58:00+00:00","og_image":[{"url":"http:\/\/4.bp.blogspot.com\/-g4x7qJeou_w\/U1jYZYqH7YI\/AAAAAAAAKVQ\/cT1fEmbWg64\/s1600\/IMG_1907.JPG","type":"","width":"","height":""}],"author":"Inovallee","twitter_card":"summary_large_image","twitter_creator":"@inovallee","twitter_site":"@inovallee","twitter_misc":{"Written by":"Inovallee","Estimated reading time":"1 minute"},"schema":{"@context":"https:\/\/schema.org","@graph":[{"@type":"Article","@id":"https:\/\/www.inovallee.com\/agenda-tarmac-les-rdv-entrepreneuriaux-de-fevrier-de-la-pepiniere-technologique-dinovallee\/#article","isPartOf":{"@id":"https:\/\/www.inovallee.com\/agenda-tarmac-les-rdv-entrepreneuriaux-de-fevrier-de-la-pepiniere-technologique-dinovallee\/"},"author":{"name":"Inovallee","@id":"https:\/\/www.inovallee.com\/#\/schema\/person\/a45b15518aad3111b2d61d257a3e023b"},"headline":"Agenda Tarmac : les RDV entrepreneuriaux de f\u00e9vrier de la p\u00e9pini\u00e8re technologique d&#039;inovall\u00e9e","datePublished":"2015-01-26T08:58:00+00:00","mainEntityOfPage":{"@id":"https:\/\/www.inovallee.com\/agenda-tarmac-les-rdv-entrepreneuriaux-de-fevrier-de-la-pepiniere-technologique-dinovallee\/"},"wordCount":272,"publisher":{"@id":"https:\/\/www.inovallee.com\/#organization"},"image":{"@id":"https:\/\/www.inovallee.com\/agenda-tarmac-les-rdv-entrepreneuriaux-de-fevrier-de-la-pepiniere-technologique-dinovallee\/#primaryimage"},"thumbnailUrl":"http:\/\/4.bp.blogspot.com\/-g4x7qJeou_w\/U1jYZYqH7YI\/AAAAAAAAKVQ\/cT1fEmbWg64\/s1600\/IMG_1907.JPG","articleSection":["Entrepreneuriat et strat\u00e9gie d'innovation","La vie du Tarmac","Tarmac incubator"],"inLanguage":"en-GB"},{"@type":"WebPage","@id":"https:\/\/www.inovallee.com\/agenda-tarmac-les-rdv-entrepreneuriaux-de-fevrier-de-la-pepiniere-technologique-dinovallee\/","url":"https:\/\/www.inovallee.com\/agenda-tarmac-les-rdv-entrepreneuriaux-de-fevrier-de-la-pepiniere-technologique-dinovallee\/","name":"Agenda Tarmac : les RDV entrepreneuriaux de f\u00e9vrier de la p\u00e9pini\u00e8re technologique d&#039;inovall\u00e9e - inovall\u00e9e","isPartOf":{"@id":"https:\/\/www.inovallee.com\/#website"},"primaryImageOfPage":{"@id":"https:\/\/www.inovallee.com\/agenda-tarmac-les-rdv-entrepreneuriaux-de-fevrier-de-la-pepiniere-technologique-dinovallee\/#primaryimage"},"image":{"@id":"https:\/\/www.inovallee.com\/agenda-tarmac-les-rdv-entrepreneuriaux-de-fevrier-de-la-pepiniere-technologique-dinovallee\/#primaryimage"},"thumbnailUrl":"http:\/\/4.bp.blogspot.com\/-g4x7qJeou_w\/U1jYZYqH7YI\/AAAAAAAAKVQ\/cT1fEmbWg64\/s1600\/IMG_1907.JPG","datePublished":"2015-01-26T08:58:00+00:00","breadcrumb":{"@id":"https:\/\/www.inovallee.com\/agenda-tarmac-les-rdv-entrepreneuriaux-de-fevrier-de-la-pepiniere-technologique-dinovallee\/#breadcrumb"},"inLanguage":"en-GB","potentialAction":[{"@type":"ReadAction","target":["https:\/\/www.inovallee.com\/agenda-tarmac-les-rdv-entrepreneuriaux-de-fevrier-de-la-pepiniere-technologique-dinovallee\/"]}]},{"@type":"ImageObject","inLanguage":"en-GB","@id":"https:\/\/www.inovallee.com\/agenda-tarmac-les-rdv-entrepreneuriaux-de-fevrier-de-la-pepiniere-technologique-dinovallee\/#primaryimage","url":"http:\/\/4.bp.blogspot.com\/-g4x7qJeou_w\/U1jYZYqH7YI\/AAAAAAAAKVQ\/cT1fEmbWg64\/s1600\/IMG_1907.JPG","contentUrl":"http:\/\/4.bp.blogspot.com\/-g4x7qJeou_w\/U1jYZYqH7YI\/AAAAAAAAKVQ\/cT1fEmbWg64\/s1600\/IMG_1907.JPG"},{"@type":"BreadcrumbList","@id":"https:\/\/www.inovallee.com\/agenda-tarmac-les-rdv-entrepreneuriaux-de-fevrier-de-la-pepiniere-technologique-dinovallee\/#breadcrumb","itemListElement":[{"@type":"ListItem","position":1,"name":"Accueil","item":"https:\/\/www.inovallee.com\/"},{"@type":"ListItem","position":2,"name":"Agenda Tarmac : les RDV entrepreneuriaux de f\u00e9vrier de la p\u00e9pini\u00e8re technologique d&#039;inovall\u00e9e"}]},{"@type":"WebSite","@id":"https:\/\/www.inovallee.com\/#website","url":"https:\/\/www.inovallee.com\/","name":"inovall\u00e9e technopole, Home to software & smart technologies","description":"Home to software &amp; smart technologies","publisher":{"@id":"https:\/\/www.inovallee.com\/#organization"},"potentialAction":[{"@type":"SearchAction","target":{"@type":"EntryPoint","urlTemplate":"https:\/\/www.inovallee.com\/?s={search_term_string}"},"query-input":{"@type":"PropertyValueSpecification","valueRequired":true,"valueName":"search_term_string"}}],"inLanguage":"en-GB"},{"@type":"Organization","@id":"https:\/\/www.inovallee.com\/#organization","name":"inovall\u00e9e","url":"https:\/\/www.inovallee.com\/","logo":{"@type":"ImageObject","inLanguage":"en-GB","@id":"https:\/\/www.inovallee.com\/#\/schema\/logo\/image\/","url":"https:\/\/www.inovallee.com\/wp-content\/uploads\/2023\/08\/inovallee_2022_GrenobleAlpes.png","contentUrl":"https:\/\/www.inovallee.com\/wp-content\/uploads\/2023\/08\/inovallee_2022_GrenobleAlpes.png","width":945,"height":369,"caption":"inovall\u00e9e"},"image":{"@id":"https:\/\/www.inovallee.com\/#\/schema\/logo\/image\/"},"sameAs":["https:\/\/www.facebook.com\/technopoleinovallee\/","https:\/\/x.com\/inovallee","https:\/\/www.linkedin.com\/company\/inovall-e\/","https:\/\/www.youtube.com\/user\/inovallee?reload=9"]},{"@type":"Person","@id":"https:\/\/www.inovallee.com\/#\/schema\/person\/a45b15518aad3111b2d61d257a3e023b","name":"Inovallee"}]}},"_links":{"self":[{"href":"https:\/\/www.inovallee.com\/en\/wp-json\/wp\/v2\/posts\/28728","targetHints":{"allow":["GET"]}}],"collection":[{"href":"https:\/\/www.inovallee.com\/en\/wp-json\/wp\/v2\/posts"}],"about":[{"href":"https:\/\/www.inovallee.com\/en\/wp-json\/wp\/v2\/types\/post"}],"author":[{"embeddable":true,"href":"https:\/\/www.inovallee.com\/en\/wp-json\/wp\/v2\/users\/6"}],"replies":[{"embeddable":true,"href":"https:\/\/www.inovallee.com\/en\/wp-json\/wp\/v2\/comments?post=28728"}],"version-history":[{"count":0,"href":"https:\/\/www.inovallee.com\/en\/wp-json\/wp\/v2\/posts\/28728\/revisions"}],"wp:attachment":[{"href":"https:\/\/www.inovallee.com\/en\/wp-json\/wp\/v2\/media?parent=28728"}],"wp:term":[{"taxonomy":"category","embeddable":true,"href":"https:\/\/www.inovallee.com\/en\/wp-json\/wp\/v2\/categories?post=28728"},{"taxonomy":"post_tag","embeddable":true,"href":"https:\/\/www.inovallee.com\/en\/wp-json\/wp\/v2\/tags?post=28728"}],"curies":[{"name":"wp","href":"https:\/\/api.w.org\/{rel}","templated":true}]}}