{"id":28769,"date":"2015-09-15T18:45:00","date_gmt":"2015-09-15T17:45:00","guid":{"rendered":"https:\/\/www.inovallee.com\/lactualite-du-territoire-dinovallee-latelier-arts-et-sciences-vous-invite-a-decouvrir-le-salon-experimenta-en-avant-premiere-le-mercredi-7-octobre\/"},"modified":"2015-09-15T18:45:00","modified_gmt":"2015-09-15T17:45:00","slug":"lactualite-du-territoire-dinovallee-latelier-arts-et-sciences-vous-invite-a-decouvrir-le-salon-experimenta-en-avant-premiere-le-mercredi-7-octobre","status":"publish","type":"post","link":"https:\/\/www.inovallee.com\/en\/lactualite-du-territoire-dinovallee-latelier-arts-et-sciences-vous-invite-a-decouvrir-le-salon-experimenta-en-avant-premiere-le-mercredi-7-octobre\/","title":{"rendered":"L&#039;actualit\u00e9 du territoire d&#039;inovall\u00e9e : L&#039;atelier Arts et Sciences vous invite \u00e0 d\u00e9couvrir le salon Experimenta en avant premi\u00e8re le mercredi 7 octobre"},"content":{"rendered":"<div dir=\"ltr\" style=\"text-align: left;\">\n<div style=\"clear: both; text-align: center;\"><a href=\"http:\/\/2.bp.blogspot.com\/-ZPVeXvooekE\/VfgeOaL-_CI\/AAAAAAAASoY\/ycYpVma2b9Y\/s1600\/AtelierArtsSciences.jpg\" style=\"clear: left; float: left; margin-bottom: 1em; margin-right: 1em;\"><img decoding=\"async\" border=\"0\" height=\"200\" src=\"http:\/\/2.bp.blogspot.com\/-ZPVeXvooekE\/VfgeOaL-_CI\/AAAAAAAASoY\/ycYpVma2b9Y\/s200\/AtelierArtsSciences.jpg\" width=\"172\" \/><\/a><\/div>\n<p><span style=\"font-family: Arial, Helvetica, sans-serif; font-size: x-small;\"><b>L&rsquo;atelier Arts et Sciences vous invite \u00e0 vivre une soir\u00e9e \u00e0 la rencontre de l&rsquo;art et de la science lors de la cinqui\u00e8me \u00e9dition du salon Arts Sciences Technologies Experimenta.&nbsp;<\/b><\/span><br \/><span style=\"font-family: Arial, Helvetica, sans-serif; font-size: x-small;\"><br \/><\/span><span style=\"font-family: Arial, Helvetica, sans-serif; font-size: x-small;\"><\/span><\/p>\n<div><span style=\"font-family: Arial, Helvetica, sans-serif; font-size: x-small;\">Cette soir\u00e9e est l\u2019occasion de vous immerger dans la recherche, la cr\u00e9ation et l\u2019innovation au croisement entre l\u2019art et la science et de d\u00e9couvrir en avant-premi\u00e8re des prototypes, des maquettes de projets futurs, des performances artistiques tous issus de collaboration entre artistes et scientifiques&nbsp;! L\u2019ensemble des porteurs de projets seront pr\u00e9sents pour vous accueillir et \u00e9changer avec vous sur leurs cr\u00e9ations en cours. <o:p><\/o:p><\/span><\/div>\n<p><span style=\"font-family: Arial, Helvetica, sans-serif; font-size: x-small;\"><br \/><\/span><\/p>\n<div><span style=\"font-family: Arial, Helvetica, sans-serif; font-size: x-small;\">Experimenta est une mise en public de ce que l&rsquo;association fructueuse entre arts, sciences et technologies peut produire : il propose des dispositifs, oeuvre interactives ou immersives, des maquettes, des performances artistiques, des prototypes en avant-premi\u00e8re&#8230;&nbsp;<\/span><br \/><span style=\"font-family: Arial, Helvetica, sans-serif; font-size: x-small;\"><br \/><\/span><span style=\"font-family: Arial, Helvetica, sans-serif; font-size: x-small;\"><b>DATE :&nbsp;<\/b><\/span><br \/><span style=\"font-family: Arial, Helvetica, sans-serif; font-size: x-small;\">Mercredi 7 octobre \u00e0 partir de 19h&nbsp;<\/span><br \/><span style=\"font-family: Arial, Helvetica, sans-serif; font-size: x-small;\"><br \/><\/span><span style=\"font-family: Arial, Helvetica, sans-serif; font-size: x-small;\"><b>LIEU :&nbsp;<\/b><\/span><br \/><span style=\"font-family: Arial, Helvetica, sans-serif; font-size: x-small;\">CEA-MINATEC<br \/>3, parvis Louis N\u00e9el<\/span><br \/><span style=\"font-family: Arial, Helvetica, sans-serif; font-size: x-small;\">38000 GRENOBLE<\/span><br \/><span style=\"font-family: Arial, Helvetica, sans-serif; font-size: x-small;\"><br \/><\/span><span style=\"font-family: Arial, Helvetica, sans-serif; font-size: x-small;\"><b>POUR CONFIRMER VOTRE&nbsp;PR\u00c9SENCE&nbsp;:&nbsp;<\/b><\/span><br \/><span style=\"font-family: Arial, Helvetica, sans-serif; font-size: x-small;\">Merci de contacter <a href=\"mailto:marie.brocca@cea.fr\">marie.brocca@cea.fr<\/a><\/span><br \/><span style=\"font-family: Arial, Helvetica, sans-serif; font-size: x-small;\"><br \/><\/span><span style=\"font-family: Arial, Helvetica, sans-serif; font-size: x-small;\"><b>POUR CONSULTER L&rsquo;INVITATION :<\/b><\/span><br \/><span style=\"font-family: Arial, Helvetica, sans-serif; font-size: x-small;\">Cliquez <a href=\"https:\/\/www.inovallee.com\/en\/pdf\/INVITATION-atelier.pdf\/\" target=\"_blank\" rel=\"noopener noreferrer\">ici<\/a><\/span><\/p>\n<div><\/div>\n<\/div>\n<\/div>","protected":false},"excerpt":{"rendered":"<p>L&rsquo;atelier Arts et Sciences vous invite \u00e0 vivre une soir\u00e9e \u00e0 la rencontre de l&rsquo;art et de la science lors de la cinqui\u00e8me \u00e9dition du salon Arts Sciences Technologies Experimenta.&nbsp; Cette soir\u00e9e est l\u2019occasion de vous immerger dans la recherche, la cr\u00e9ation et l\u2019innovation au croisement entre l\u2019art et la science et de d\u00e9couvrir en [&hellip;]<\/p>\n","protected":false},"author":6,"featured_media":0,"comment_status":"closed","ping_status":"open","sticky":false,"template":"","format":"standard","meta":{"footnotes":""},"categories":[35],"tags":[],"class_list":["post-28769","post","type-post","status-publish","format-standard","hentry","category-sports-loisirs-culture-inovallee"],"yoast_head":"<!-- This site is optimized with the Yoast SEO plugin v27.4 - https:\/\/yoast.com\/product\/yoast-seo-wordpress\/ -->\n<title>L&#039;actualit\u00e9 du territoire d&#039;inovall\u00e9e : L&#039;atelier Arts et Sciences vous invite \u00e0 d\u00e9couvrir le salon Experimenta en avant premi\u00e8re le mercredi 7 octobre - inovall\u00e9e<\/title>\n<meta name=\"robots\" content=\"index, follow, max-snippet:-1, max-image-preview:large, max-video-preview:-1\" \/>\n<link rel=\"canonical\" href=\"https:\/\/www.inovallee.com\/en\/lactualite-du-territoire-dinovallee-latelier-arts-et-sciences-vous-invite-a-decouvrir-le-salon-experimenta-en-avant-premiere-le-mercredi-7-octobre\/\" \/>\n<meta property=\"og:locale\" content=\"en_GB\" \/>\n<meta property=\"og:type\" content=\"article\" \/>\n<meta property=\"og:title\" content=\"L&#039;actualit\u00e9 du territoire d&#039;inovall\u00e9e : L&#039;atelier Arts et Sciences vous invite \u00e0 d\u00e9couvrir le salon Experimenta en avant premi\u00e8re le mercredi 7 octobre - inovall\u00e9e\" \/>\n<meta property=\"og:description\" content=\"L&rsquo;atelier Arts et Sciences vous invite \u00e0 vivre une soir\u00e9e \u00e0 la rencontre de l&rsquo;art et de la science lors de la cinqui\u00e8me \u00e9dition du salon Arts Sciences Technologies Experimenta.&nbsp; Cette soir\u00e9e est l\u2019occasion de vous immerger dans la recherche, la cr\u00e9ation et l\u2019innovation au croisement entre l\u2019art et la science et de d\u00e9couvrir en [&hellip;]\" \/>\n<meta property=\"og:url\" content=\"https:\/\/www.inovallee.com\/en\/lactualite-du-territoire-dinovallee-latelier-arts-et-sciences-vous-invite-a-decouvrir-le-salon-experimenta-en-avant-premiere-le-mercredi-7-octobre\/\" \/>\n<meta property=\"og:site_name\" content=\"inovall\u00e9e\" \/>\n<meta property=\"article:publisher\" content=\"https:\/\/www.facebook.com\/technopoleinovallee\/\" \/>\n<meta property=\"article:published_time\" content=\"2015-09-15T17:45:00+00:00\" \/>\n<meta property=\"og:image\" content=\"http:\/\/2.bp.blogspot.com\/-ZPVeXvooekE\/VfgeOaL-_CI\/AAAAAAAASoY\/ycYpVma2b9Y\/s200\/AtelierArtsSciences.jpg\" \/>\n<meta name=\"author\" content=\"Inovallee\" \/>\n<meta name=\"twitter:card\" content=\"summary_large_image\" \/>\n<meta name=\"twitter:creator\" content=\"@inovallee\" \/>\n<meta name=\"twitter:site\" content=\"@inovallee\" \/>\n<meta name=\"twitter:label1\" content=\"Written by\" \/>\n\t<meta name=\"twitter:data1\" content=\"Inovallee\" \/>\n\t<meta name=\"twitter:label2\" content=\"Estimated reading time\" \/>\n\t<meta name=\"twitter:data2\" content=\"1 minute\" \/>\n<script type=\"application\/ld+json\" class=\"yoast-schema-graph\">{\"@context\":\"https:\\\/\\\/schema.org\",\"@graph\":[{\"@type\":\"Article\",\"@id\":\"https:\\\/\\\/www.inovallee.com\\\/lactualite-du-territoire-dinovallee-latelier-arts-et-sciences-vous-invite-a-decouvrir-le-salon-experimenta-en-avant-premiere-le-mercredi-7-octobre\\\/#article\",\"isPartOf\":{\"@id\":\"https:\\\/\\\/www.inovallee.com\\\/lactualite-du-territoire-dinovallee-latelier-arts-et-sciences-vous-invite-a-decouvrir-le-salon-experimenta-en-avant-premiere-le-mercredi-7-octobre\\\/\"},\"author\":{\"name\":\"Inovallee\",\"@id\":\"https:\\\/\\\/www.inovallee.com\\\/#\\\/schema\\\/person\\\/a45b15518aad3111b2d61d257a3e023b\"},\"headline\":\"L&#039;actualit\u00e9 du territoire d&#039;inovall\u00e9e : L&#039;atelier Arts et Sciences vous invite \u00e0 d\u00e9couvrir le salon Experimenta en avant premi\u00e8re le mercredi 7 octobre\",\"datePublished\":\"2015-09-15T17:45:00+00:00\",\"mainEntityOfPage\":{\"@id\":\"https:\\\/\\\/www.inovallee.com\\\/lactualite-du-territoire-dinovallee-latelier-arts-et-sciences-vous-invite-a-decouvrir-le-salon-experimenta-en-avant-premiere-le-mercredi-7-octobre\\\/\"},\"wordCount\":208,\"publisher\":{\"@id\":\"https:\\\/\\\/www.inovallee.com\\\/#organization\"},\"image\":{\"@id\":\"https:\\\/\\\/www.inovallee.com\\\/lactualite-du-territoire-dinovallee-latelier-arts-et-sciences-vous-invite-a-decouvrir-le-salon-experimenta-en-avant-premiere-le-mercredi-7-octobre\\\/#primaryimage\"},\"thumbnailUrl\":\"http:\\\/\\\/2.bp.blogspot.com\\\/-ZPVeXvooekE\\\/VfgeOaL-_CI\\\/AAAAAAAASoY\\\/ycYpVma2b9Y\\\/s200\\\/AtelierArtsSciences.jpg\",\"articleSection\":[\"Sports &amp; Loisirs\"],\"inLanguage\":\"en-GB\"},{\"@type\":\"WebPage\",\"@id\":\"https:\\\/\\\/www.inovallee.com\\\/lactualite-du-territoire-dinovallee-latelier-arts-et-sciences-vous-invite-a-decouvrir-le-salon-experimenta-en-avant-premiere-le-mercredi-7-octobre\\\/\",\"url\":\"https:\\\/\\\/www.inovallee.com\\\/lactualite-du-territoire-dinovallee-latelier-arts-et-sciences-vous-invite-a-decouvrir-le-salon-experimenta-en-avant-premiere-le-mercredi-7-octobre\\\/\",\"name\":\"L&#039;actualit\u00e9 du territoire d&#039;inovall\u00e9e : L&#039;atelier Arts et Sciences vous invite \u00e0 d\u00e9couvrir le salon Experimenta en avant premi\u00e8re le mercredi 7 octobre - inovall\u00e9e\",\"isPartOf\":{\"@id\":\"https:\\\/\\\/www.inovallee.com\\\/#website\"},\"primaryImageOfPage\":{\"@id\":\"https:\\\/\\\/www.inovallee.com\\\/lactualite-du-territoire-dinovallee-latelier-arts-et-sciences-vous-invite-a-decouvrir-le-salon-experimenta-en-avant-premiere-le-mercredi-7-octobre\\\/#primaryimage\"},\"image\":{\"@id\":\"https:\\\/\\\/www.inovallee.com\\\/lactualite-du-territoire-dinovallee-latelier-arts-et-sciences-vous-invite-a-decouvrir-le-salon-experimenta-en-avant-premiere-le-mercredi-7-octobre\\\/#primaryimage\"},\"thumbnailUrl\":\"http:\\\/\\\/2.bp.blogspot.com\\\/-ZPVeXvooekE\\\/VfgeOaL-_CI\\\/AAAAAAAASoY\\\/ycYpVma2b9Y\\\/s200\\\/AtelierArtsSciences.jpg\",\"datePublished\":\"2015-09-15T17:45:00+00:00\",\"breadcrumb\":{\"@id\":\"https:\\\/\\\/www.inovallee.com\\\/lactualite-du-territoire-dinovallee-latelier-arts-et-sciences-vous-invite-a-decouvrir-le-salon-experimenta-en-avant-premiere-le-mercredi-7-octobre\\\/#breadcrumb\"},\"inLanguage\":\"en-GB\",\"potentialAction\":[{\"@type\":\"ReadAction\",\"target\":[\"https:\\\/\\\/www.inovallee.com\\\/lactualite-du-territoire-dinovallee-latelier-arts-et-sciences-vous-invite-a-decouvrir-le-salon-experimenta-en-avant-premiere-le-mercredi-7-octobre\\\/\"]}]},{\"@type\":\"ImageObject\",\"inLanguage\":\"en-GB\",\"@id\":\"https:\\\/\\\/www.inovallee.com\\\/lactualite-du-territoire-dinovallee-latelier-arts-et-sciences-vous-invite-a-decouvrir-le-salon-experimenta-en-avant-premiere-le-mercredi-7-octobre\\\/#primaryimage\",\"url\":\"http:\\\/\\\/2.bp.blogspot.com\\\/-ZPVeXvooekE\\\/VfgeOaL-_CI\\\/AAAAAAAASoY\\\/ycYpVma2b9Y\\\/s200\\\/AtelierArtsSciences.jpg\",\"contentUrl\":\"http:\\\/\\\/2.bp.blogspot.com\\\/-ZPVeXvooekE\\\/VfgeOaL-_CI\\\/AAAAAAAASoY\\\/ycYpVma2b9Y\\\/s200\\\/AtelierArtsSciences.jpg\"},{\"@type\":\"BreadcrumbList\",\"@id\":\"https:\\\/\\\/www.inovallee.com\\\/lactualite-du-territoire-dinovallee-latelier-arts-et-sciences-vous-invite-a-decouvrir-le-salon-experimenta-en-avant-premiere-le-mercredi-7-octobre\\\/#breadcrumb\",\"itemListElement\":[{\"@type\":\"ListItem\",\"position\":1,\"name\":\"Accueil\",\"item\":\"https:\\\/\\\/www.inovallee.com\\\/\"},{\"@type\":\"ListItem\",\"position\":2,\"name\":\"L&#039;actualit\u00e9 du territoire d&#039;inovall\u00e9e : L&#039;atelier Arts et Sciences vous invite \u00e0 d\u00e9couvrir le salon Experimenta en avant premi\u00e8re le mercredi 7 octobre\"}]},{\"@type\":\"WebSite\",\"@id\":\"https:\\\/\\\/www.inovallee.com\\\/#website\",\"url\":\"https:\\\/\\\/www.inovallee.com\\\/\",\"name\":\"inovall\u00e9e technopole, Home to software & smart technologies\",\"description\":\"Home to software &amp; smart technologies\",\"publisher\":{\"@id\":\"https:\\\/\\\/www.inovallee.com\\\/#organization\"},\"potentialAction\":[{\"@type\":\"SearchAction\",\"target\":{\"@type\":\"EntryPoint\",\"urlTemplate\":\"https:\\\/\\\/www.inovallee.com\\\/?s={search_term_string}\"},\"query-input\":{\"@type\":\"PropertyValueSpecification\",\"valueRequired\":true,\"valueName\":\"search_term_string\"}}],\"inLanguage\":\"en-GB\"},{\"@type\":\"Organization\",\"@id\":\"https:\\\/\\\/www.inovallee.com\\\/#organization\",\"name\":\"inovall\u00e9e\",\"url\":\"https:\\\/\\\/www.inovallee.com\\\/\",\"logo\":{\"@type\":\"ImageObject\",\"inLanguage\":\"en-GB\",\"@id\":\"https:\\\/\\\/www.inovallee.com\\\/#\\\/schema\\\/logo\\\/image\\\/\",\"url\":\"https:\\\/\\\/www.inovallee.com\\\/wp-content\\\/uploads\\\/2023\\\/08\\\/inovallee_2022_GrenobleAlpes.png\",\"contentUrl\":\"https:\\\/\\\/www.inovallee.com\\\/wp-content\\\/uploads\\\/2023\\\/08\\\/inovallee_2022_GrenobleAlpes.png\",\"width\":945,\"height\":369,\"caption\":\"inovall\u00e9e\"},\"image\":{\"@id\":\"https:\\\/\\\/www.inovallee.com\\\/#\\\/schema\\\/logo\\\/image\\\/\"},\"sameAs\":[\"https:\\\/\\\/www.facebook.com\\\/technopoleinovallee\\\/\",\"https:\\\/\\\/x.com\\\/inovallee\",\"https:\\\/\\\/www.linkedin.com\\\/company\\\/inovall-e\\\/\",\"https:\\\/\\\/www.youtube.com\\\/user\\\/inovallee?reload=9\"]},{\"@type\":\"Person\",\"@id\":\"https:\\\/\\\/www.inovallee.com\\\/#\\\/schema\\\/person\\\/a45b15518aad3111b2d61d257a3e023b\",\"name\":\"Inovallee\"}]}<\/script>\n<!-- \/ Yoast SEO plugin. -->","yoast_head_json":{"title":"L&#039;actualit\u00e9 du territoire d&#039;inovall\u00e9e : L&#039;atelier Arts et Sciences vous invite \u00e0 d\u00e9couvrir le salon Experimenta en avant premi\u00e8re le mercredi 7 octobre - inovall\u00e9e","robots":{"index":"index","follow":"follow","max-snippet":"max-snippet:-1","max-image-preview":"max-image-preview:large","max-video-preview":"max-video-preview:-1"},"canonical":"https:\/\/www.inovallee.com\/en\/lactualite-du-territoire-dinovallee-latelier-arts-et-sciences-vous-invite-a-decouvrir-le-salon-experimenta-en-avant-premiere-le-mercredi-7-octobre\/","og_locale":"en_GB","og_type":"article","og_title":"L&#039;actualit\u00e9 du territoire d&#039;inovall\u00e9e : L&#039;atelier Arts et Sciences vous invite \u00e0 d\u00e9couvrir le salon Experimenta en avant premi\u00e8re le mercredi 7 octobre - inovall\u00e9e","og_description":"L&rsquo;atelier Arts et Sciences vous invite \u00e0 vivre une soir\u00e9e \u00e0 la rencontre de l&rsquo;art et de la science lors de la cinqui\u00e8me \u00e9dition du salon Arts Sciences Technologies Experimenta.&nbsp; Cette soir\u00e9e est l\u2019occasion de vous immerger dans la recherche, la cr\u00e9ation et l\u2019innovation au croisement entre l\u2019art et la science et de d\u00e9couvrir en [&hellip;]","og_url":"https:\/\/www.inovallee.com\/en\/lactualite-du-territoire-dinovallee-latelier-arts-et-sciences-vous-invite-a-decouvrir-le-salon-experimenta-en-avant-premiere-le-mercredi-7-octobre\/","og_site_name":"inovall\u00e9e","article_publisher":"https:\/\/www.facebook.com\/technopoleinovallee\/","article_published_time":"2015-09-15T17:45:00+00:00","og_image":[{"url":"http:\/\/2.bp.blogspot.com\/-ZPVeXvooekE\/VfgeOaL-_CI\/AAAAAAAASoY\/ycYpVma2b9Y\/s200\/AtelierArtsSciences.jpg","type":"","width":"","height":""}],"author":"Inovallee","twitter_card":"summary_large_image","twitter_creator":"@inovallee","twitter_site":"@inovallee","twitter_misc":{"Written by":"Inovallee","Estimated reading time":"1 minute"},"schema":{"@context":"https:\/\/schema.org","@graph":[{"@type":"Article","@id":"https:\/\/www.inovallee.com\/lactualite-du-territoire-dinovallee-latelier-arts-et-sciences-vous-invite-a-decouvrir-le-salon-experimenta-en-avant-premiere-le-mercredi-7-octobre\/#article","isPartOf":{"@id":"https:\/\/www.inovallee.com\/lactualite-du-territoire-dinovallee-latelier-arts-et-sciences-vous-invite-a-decouvrir-le-salon-experimenta-en-avant-premiere-le-mercredi-7-octobre\/"},"author":{"name":"Inovallee","@id":"https:\/\/www.inovallee.com\/#\/schema\/person\/a45b15518aad3111b2d61d257a3e023b"},"headline":"L&#039;actualit\u00e9 du territoire d&#039;inovall\u00e9e : L&#039;atelier Arts et Sciences vous invite \u00e0 d\u00e9couvrir le salon Experimenta en avant premi\u00e8re le mercredi 7 octobre","datePublished":"2015-09-15T17:45:00+00:00","mainEntityOfPage":{"@id":"https:\/\/www.inovallee.com\/lactualite-du-territoire-dinovallee-latelier-arts-et-sciences-vous-invite-a-decouvrir-le-salon-experimenta-en-avant-premiere-le-mercredi-7-octobre\/"},"wordCount":208,"publisher":{"@id":"https:\/\/www.inovallee.com\/#organization"},"image":{"@id":"https:\/\/www.inovallee.com\/lactualite-du-territoire-dinovallee-latelier-arts-et-sciences-vous-invite-a-decouvrir-le-salon-experimenta-en-avant-premiere-le-mercredi-7-octobre\/#primaryimage"},"thumbnailUrl":"http:\/\/2.bp.blogspot.com\/-ZPVeXvooekE\/VfgeOaL-_CI\/AAAAAAAASoY\/ycYpVma2b9Y\/s200\/AtelierArtsSciences.jpg","articleSection":["Sports &amp; Loisirs"],"inLanguage":"en-GB"},{"@type":"WebPage","@id":"https:\/\/www.inovallee.com\/lactualite-du-territoire-dinovallee-latelier-arts-et-sciences-vous-invite-a-decouvrir-le-salon-experimenta-en-avant-premiere-le-mercredi-7-octobre\/","url":"https:\/\/www.inovallee.com\/lactualite-du-territoire-dinovallee-latelier-arts-et-sciences-vous-invite-a-decouvrir-le-salon-experimenta-en-avant-premiere-le-mercredi-7-octobre\/","name":"L&#039;actualit\u00e9 du territoire d&#039;inovall\u00e9e : L&#039;atelier Arts et Sciences vous invite \u00e0 d\u00e9couvrir le salon Experimenta en avant premi\u00e8re le mercredi 7 octobre - inovall\u00e9e","isPartOf":{"@id":"https:\/\/www.inovallee.com\/#website"},"primaryImageOfPage":{"@id":"https:\/\/www.inovallee.com\/lactualite-du-territoire-dinovallee-latelier-arts-et-sciences-vous-invite-a-decouvrir-le-salon-experimenta-en-avant-premiere-le-mercredi-7-octobre\/#primaryimage"},"image":{"@id":"https:\/\/www.inovallee.com\/lactualite-du-territoire-dinovallee-latelier-arts-et-sciences-vous-invite-a-decouvrir-le-salon-experimenta-en-avant-premiere-le-mercredi-7-octobre\/#primaryimage"},"thumbnailUrl":"http:\/\/2.bp.blogspot.com\/-ZPVeXvooekE\/VfgeOaL-_CI\/AAAAAAAASoY\/ycYpVma2b9Y\/s200\/AtelierArtsSciences.jpg","datePublished":"2015-09-15T17:45:00+00:00","breadcrumb":{"@id":"https:\/\/www.inovallee.com\/lactualite-du-territoire-dinovallee-latelier-arts-et-sciences-vous-invite-a-decouvrir-le-salon-experimenta-en-avant-premiere-le-mercredi-7-octobre\/#breadcrumb"},"inLanguage":"en-GB","potentialAction":[{"@type":"ReadAction","target":["https:\/\/www.inovallee.com\/lactualite-du-territoire-dinovallee-latelier-arts-et-sciences-vous-invite-a-decouvrir-le-salon-experimenta-en-avant-premiere-le-mercredi-7-octobre\/"]}]},{"@type":"ImageObject","inLanguage":"en-GB","@id":"https:\/\/www.inovallee.com\/lactualite-du-territoire-dinovallee-latelier-arts-et-sciences-vous-invite-a-decouvrir-le-salon-experimenta-en-avant-premiere-le-mercredi-7-octobre\/#primaryimage","url":"http:\/\/2.bp.blogspot.com\/-ZPVeXvooekE\/VfgeOaL-_CI\/AAAAAAAASoY\/ycYpVma2b9Y\/s200\/AtelierArtsSciences.jpg","contentUrl":"http:\/\/2.bp.blogspot.com\/-ZPVeXvooekE\/VfgeOaL-_CI\/AAAAAAAASoY\/ycYpVma2b9Y\/s200\/AtelierArtsSciences.jpg"},{"@type":"BreadcrumbList","@id":"https:\/\/www.inovallee.com\/lactualite-du-territoire-dinovallee-latelier-arts-et-sciences-vous-invite-a-decouvrir-le-salon-experimenta-en-avant-premiere-le-mercredi-7-octobre\/#breadcrumb","itemListElement":[{"@type":"ListItem","position":1,"name":"Accueil","item":"https:\/\/www.inovallee.com\/"},{"@type":"ListItem","position":2,"name":"L&#039;actualit\u00e9 du territoire d&#039;inovall\u00e9e : L&#039;atelier Arts et Sciences vous invite \u00e0 d\u00e9couvrir le salon Experimenta en avant premi\u00e8re le mercredi 7 octobre"}]},{"@type":"WebSite","@id":"https:\/\/www.inovallee.com\/#website","url":"https:\/\/www.inovallee.com\/","name":"inovall\u00e9e technopole, Home to software & smart technologies","description":"Home to software &amp; smart technologies","publisher":{"@id":"https:\/\/www.inovallee.com\/#organization"},"potentialAction":[{"@type":"SearchAction","target":{"@type":"EntryPoint","urlTemplate":"https:\/\/www.inovallee.com\/?s={search_term_string}"},"query-input":{"@type":"PropertyValueSpecification","valueRequired":true,"valueName":"search_term_string"}}],"inLanguage":"en-GB"},{"@type":"Organization","@id":"https:\/\/www.inovallee.com\/#organization","name":"inovall\u00e9e","url":"https:\/\/www.inovallee.com\/","logo":{"@type":"ImageObject","inLanguage":"en-GB","@id":"https:\/\/www.inovallee.com\/#\/schema\/logo\/image\/","url":"https:\/\/www.inovallee.com\/wp-content\/uploads\/2023\/08\/inovallee_2022_GrenobleAlpes.png","contentUrl":"https:\/\/www.inovallee.com\/wp-content\/uploads\/2023\/08\/inovallee_2022_GrenobleAlpes.png","width":945,"height":369,"caption":"inovall\u00e9e"},"image":{"@id":"https:\/\/www.inovallee.com\/#\/schema\/logo\/image\/"},"sameAs":["https:\/\/www.facebook.com\/technopoleinovallee\/","https:\/\/x.com\/inovallee","https:\/\/www.linkedin.com\/company\/inovall-e\/","https:\/\/www.youtube.com\/user\/inovallee?reload=9"]},{"@type":"Person","@id":"https:\/\/www.inovallee.com\/#\/schema\/person\/a45b15518aad3111b2d61d257a3e023b","name":"Inovallee"}]}},"_links":{"self":[{"href":"https:\/\/www.inovallee.com\/en\/wp-json\/wp\/v2\/posts\/28769","targetHints":{"allow":["GET"]}}],"collection":[{"href":"https:\/\/www.inovallee.com\/en\/wp-json\/wp\/v2\/posts"}],"about":[{"href":"https:\/\/www.inovallee.com\/en\/wp-json\/wp\/v2\/types\/post"}],"author":[{"embeddable":true,"href":"https:\/\/www.inovallee.com\/en\/wp-json\/wp\/v2\/users\/6"}],"replies":[{"embeddable":true,"href":"https:\/\/www.inovallee.com\/en\/wp-json\/wp\/v2\/comments?post=28769"}],"version-history":[{"count":0,"href":"https:\/\/www.inovallee.com\/en\/wp-json\/wp\/v2\/posts\/28769\/revisions"}],"wp:attachment":[{"href":"https:\/\/www.inovallee.com\/en\/wp-json\/wp\/v2\/media?parent=28769"}],"wp:term":[{"taxonomy":"category","embeddable":true,"href":"https:\/\/www.inovallee.com\/en\/wp-json\/wp\/v2\/categories?post=28769"},{"taxonomy":"post_tag","embeddable":true,"href":"https:\/\/www.inovallee.com\/en\/wp-json\/wp\/v2\/tags?post=28769"}],"curies":[{"name":"wp","href":"https:\/\/api.w.org\/{rel}","templated":true}]}}