{"id":28791,"date":"2015-06-09T08:15:00","date_gmt":"2015-06-09T07:15:00","guid":{"rendered":"https:\/\/www.inovallee.com\/lactualite-dinovallee-inauguration-de-latelier-numerique-de-montbonnot\/"},"modified":"2015-06-09T08:15:00","modified_gmt":"2015-06-09T07:15:00","slug":"lactualite-dinovallee-inauguration-de-latelier-numerique-de-montbonnot","status":"publish","type":"post","link":"https:\/\/www.inovallee.com\/en\/lactualite-dinovallee-inauguration-de-latelier-numerique-de-montbonnot\/","title":{"rendered":"L&#039;actualit\u00e9 d&#039;inovall\u00e9e : inauguration de l&#039;atelier num\u00e9rique de Montbonnot"},"content":{"rendered":"<div dir=\"ltr\" style=\"text-align: left;\"><\/p>\n<div style=\"clear: both; text-align: center;\"><a href=\"http:\/\/2.bp.blogspot.com\/-wRYOj_Ns3hY\/VXWMI5-KYbI\/AAAAAAAAQ6s\/p4O9RN-opVc\/s1600\/DSC_3816.jpg\" style=\"clear: left; float: left; margin-bottom: 1em; margin-right: 1em;\"><img decoding=\"async\" border=\"0\" height=\"132\" src=\"http:\/\/2.bp.blogspot.com\/-wRYOj_Ns3hY\/VXWMI5-KYbI\/AAAAAAAAQ6s\/p4O9RN-opVc\/s200\/DSC_3816.jpg\" width=\"200\" \/><\/a><\/div>\n<p><span style=\"font-family: Arial, Helvetica, sans-serif; font-size: x-small;\"><b>Le 5 juin dernier, la partie Bonimontaine d&rsquo;inovall\u00e9e \u00e9tait le th\u00e9\u00e2tre d&rsquo;une inauguration particuli\u00e8re : celle de l&rsquo;atelier num\u00e9rique.&nbsp;<\/b><\/span><br \/><span style=\"font-family: Arial, Helvetica, sans-serif; font-size: x-small;\"><b><br \/><\/b><\/span><span style=\"font-family: Arial, Helvetica, sans-serif; font-size: x-small;\">Le b\u00e2timent de 1 600 m2 de la rue Jean Kuntzmann, rachet\u00e9 par la communaut\u00e9 de communes du Gr\u00e9sivaudan et h\u00e9bergeant anciennement l&rsquo;INP-Ensimag, retrouve une nouvelle vie en devenant&nbsp;\u00ab\u00a0l&rsquo;atelier num\u00e9rique\u00a0\u00bb. Son objectif : cr\u00e9er un lieu d\u00e9di\u00e9 au d\u00e9veloppement de l&rsquo;\u00e9conomie num\u00e9rique gr\u00e2ce \u00e0 \u00ab\u00a0<i>une conjonction astrale qui a permis de cr\u00e9er \u00e0 la fois une p\u00e9pini\u00e8re et un p\u00f4le d&rsquo;expertise num\u00e9rique<\/i>\u00ab\u00a0, souligne Pierre Beguery, maire de Montbonnot.&nbsp;Son enjeu : pousser les portes de l&rsquo;innovation et s&rsquo;appuyer sur les smart-technologies avec toujours pour objectif d&rsquo;entretenir la dynamique de l&#8217;emploi sur le bassin grenoblois.&nbsp;<\/span><\/p>\n<p><span style=\"font-family: Arial, Helvetica, sans-serif; font-size: x-small;\"><b>Un projet qui favorise les synergies<\/b><\/span><br \/><span style=\"font-family: Arial, Helvetica, sans-serif; font-size: x-small;\">Genevi\u00e8ve Fioraso,&nbsp;<\/span><span style=\"font-family: Arial, Helvetica, sans-serif; font-size: x-small;\">D\u00e9put\u00e9e SRC de la 1ere circonscription de l&rsquo;Is\u00e8re, exprime la satisfaction de&nbsp;<\/span><span style=\"font-family: Arial, Helvetica, sans-serif; font-size: x-small;\">\u00ab\u00a0<i>voir les fronti\u00e8res entre la recherche, les universit\u00e9s et les entreprises tomber<\/i>\u00ab\u00a0. En unissant les forces du public et du priv\u00e9, l&rsquo;atelier num\u00e9rique est aussi un challenge qui prouve que les beaux projets ne sortent pas de terre par hasard, mais sont bien le fruit des synergies d&rsquo;acteurs qui souhaitent atteindre le m\u00eame objectif. C&rsquo;est d&rsquo;ailleurs cet axe que les nombreux intervenants pr\u00e9sentant cette nouvelle structure ont souhait\u00e9 rappeler : Pierre Beguery, Maire de Montbonnot, Jean-Pierre Verjus, pr\u00e9sident de Digital Grenoble, Christophe Mathevet, pr\u00e9sident d&rsquo;inovall\u00e9e, Jean-Pierre Verjus, pr\u00e9sident de Digital Grenoble, Patrick Gros, directeur de l&rsquo;INRIA, Francis Gimbert, pr\u00e9sident de la communaut\u00e9 de communes du Gr\u00e9sivaudan et Genevi\u00e8ve Fioraso, D\u00e9put\u00e9e SRC de la 1ere circonscription de l&rsquo;Is\u00e8re.&nbsp;<\/span><br \/><span style=\"font-family: Arial, Helvetica, sans-serif; font-size: x-small;\"><br \/><\/span><span style=\"font-family: Arial, Helvetica, sans-serif; font-size: x-small;\"><b>Tarmac G : un nouvel espace d&rsquo;envol<\/b><\/span><br \/><a href=\"http:\/\/1.bp.blogspot.com\/-MtXwWTO1gtM\/VXWH1i851QI\/AAAAAAAAQ5g\/eJS9ILe6nKM\/s1600\/DSC_3934.jpg\" style=\"clear: right; float: right; margin-bottom: 1em; margin-left: 1em;\"><span style=\"font-family: Arial, Helvetica, sans-serif; font-size: x-small;\"><img decoding=\"async\" border=\"0\" height=\"132\" src=\"http:\/\/1.bp.blogspot.com\/-MtXwWTO1gtM\/VXWH1i851QI\/AAAAAAAAQ5g\/eJS9ILe6nKM\/s200\/DSC_3934.jpg\" width=\"200\" \/><\/span><\/a><span style=\"font-family: Arial, Helvetica, sans-serif; font-size: x-small;\">Les visiteurs sont venus nombreux pour c\u00e9l\u00e9brer l&rsquo;ouverture de ce b\u00e2timent dont la mission num\u00e9rique a \u00e9t\u00e9 favoris\u00e9e par la mobilisation d&rsquo;acteurs locaux. Que ce soit l&rsquo;INRIA, qui occupe les 250 m2 du rez-de-chauss\u00e9e pour d\u00e9velopper sa plateforme de recherche \u00ab\u00a0Amiqual4home\u00a0\u00bb autour de l&rsquo;habitat intelligent, ou l&rsquo;h\u00f4tel d&rsquo;entreprises du 2e \u00e9tage destin\u00e9 aux entreprises innovantes de plus de trois ans, ou encore le 1er, qui comporte les 14 nouveaux bureaux de l&rsquo;aile G du Tarmac \u00e0 qui Christophe Mathevet pr\u00e9dit un avenir \u00e0 \u00ab\u00a0<i>la hauteur du succ\u00e8s qu&rsquo;a remport\u00e9 le Tarmac M en seulement quelques mois, alors qu&rsquo;on pr\u00e9voyait un remplissage maximal en deux ans<\/i>\u00ab\u00a0. 3 start-up ont d&rsquo;ailleurs d\u00e9j\u00e0 pris place : IRlynx, NDSystems et Rwigo. Une quatri\u00e8me est d\u00e9j\u00e0 dans les starting-blocks&#8230;&nbsp;<\/span><\/p>\n<div><span style=\"font-family: Arial, Helvetica, sans-serif; font-size: x-small;\"><br \/><\/span><\/div>\n<p><span style=\"font-family: Arial, Helvetica, sans-serif; font-size: x-small;\">L&rsquo;inauguration a \u00e9t\u00e9 suivie de d\u00e9monstrations mais aussi de la visite de l&rsquo;EquipEX Amiqual4home en fin d&rsquo;apr\u00e8s-midi.&nbsp;<\/span><br \/><span style=\"font-family: Arial, Helvetica, sans-serif; font-size: x-small;\"><br \/><\/span><span style=\"font-family: Arial, Helvetica, sans-serif; font-size: x-small;\">\u00ab\u00a0<i>Nul doute que cet atelier saura s&rsquo;inclure comme il se doit dans le vaste r\u00e9seau de lieux num\u00e9riques que nous sommes en train de constituer dans la grande agglom\u00e9ration grenobloise<\/i>\u00a0\u00bb souligne Jean-Pierre Verjus : voil\u00e0 le bel avenir auquel est promis l&rsquo;atelier num\u00e9rique&#8230;<\/span><br \/><span style=\"font-family: Arial, Helvetica, sans-serif; font-size: x-small;\"><br \/><\/span><span style=\"font-family: Arial, Helvetica, sans-serif; font-size: x-small;\"><br \/><\/span><\/p>\n<table align=\"center\" cellpadding=\"0\" cellspacing=\"0\" style=\"margin-left: auto; margin-right: auto; text-align: center;\">\n<tbody>\n<tr>\n<td style=\"text-align: center;\"><a href=\"http:\/\/2.bp.blogspot.com\/-JziM8baJYA4\/VXWLs1UW9SI\/AAAAAAAAQ5s\/v88URfcfSR0\/s1600\/DSC_3828.jpg\" style=\"margin-left: auto; margin-right: auto;\"><img fetchpriority=\"high\" decoding=\"async\" border=\"0\" height=\"265\" src=\"http:\/\/2.bp.blogspot.com\/-JziM8baJYA4\/VXWLs1UW9SI\/AAAAAAAAQ5s\/v88URfcfSR0\/s400\/DSC_3828.jpg\" width=\"400\" \/><\/a><\/td>\n<\/tr>\n<tr>\n<td style=\"text-align: center;\">Pierre Beguery, Maire de Montbonnot<\/td>\n<\/tr>\n<\/tbody>\n<\/table>\n<p><\/p>\n<div style=\"clear: both; text-align: center;\"><a href=\"http:\/\/1.bp.blogspot.com\/-sDQVOLGsp48\/VXWHdspFOLI\/AAAAAAAAQ5Y\/RIqKtzt7K8s\/s1600\/DSC_3899.jpg\" style=\"margin-left: 1em; margin-right: 1em;\"><img loading=\"lazy\" decoding=\"async\" border=\"0\" height=\"264\" src=\"http:\/\/1.bp.blogspot.com\/-sDQVOLGsp48\/VXWHdspFOLI\/AAAAAAAAQ5Y\/RIqKtzt7K8s\/s400\/DSC_3899.jpg\" width=\"400\" \/><\/a><\/div>\n<div style=\"clear: both; text-align: center;\"><\/div>\n<table align=\"center\" cellpadding=\"0\" cellspacing=\"0\" style=\"margin-left: auto; margin-right: auto; text-align: center;\">\n<tbody>\n<tr>\n<td style=\"text-align: center;\"><a href=\"http:\/\/3.bp.blogspot.com\/-PnAyrprIv5k\/VXWL6qx8QWI\/AAAAAAAAQ54\/mTQwJ9CIhyI\/s1600\/DSC_3837.jpg\" style=\"margin-left: auto; margin-right: auto;\"><img loading=\"lazy\" decoding=\"async\" border=\"0\" height=\"265\" src=\"http:\/\/3.bp.blogspot.com\/-PnAyrprIv5k\/VXWL6qx8QWI\/AAAAAAAAQ54\/mTQwJ9CIhyI\/s400\/DSC_3837.jpg\" width=\"400\" \/><\/a><\/td>\n<\/tr>\n<tr>\n<td style=\"text-align: center;\">De gauche \u00e0 droite : Fran\u00e7ois Brottes, Genevi\u00e8ve Fioraso, Francis Gimbert et Jean-Pierre verjus<\/td>\n<\/tr>\n<\/tbody>\n<\/table>\n<p><\/p>\n<table align=\"center\" cellpadding=\"0\" cellspacing=\"0\" style=\"margin-left: auto; margin-right: auto; text-align: center;\">\n<tbody>\n<tr>\n<td style=\"text-align: center;\"><a href=\"http:\/\/2.bp.blogspot.com\/-ZTGC-uZoX4o\/VXWL6YXnQfI\/AAAAAAAAQ50\/kgA18USYjcg\/s1600\/DSC_3868.jpg\" style=\"margin-left: auto; margin-right: auto;\"><img loading=\"lazy\" decoding=\"async\" border=\"0\" height=\"265\" src=\"http:\/\/2.bp.blogspot.com\/-ZTGC-uZoX4o\/VXWL6YXnQfI\/AAAAAAAAQ50\/kgA18USYjcg\/s400\/DSC_3868.jpg\" width=\"400\" \/><\/a><\/td>\n<\/tr>\n<tr>\n<td style=\"text-align: center;\">Jean-Pierre Verjus, pr\u00e9sident de Digital Grenoble<\/td>\n<\/tr>\n<\/tbody>\n<\/table>\n<p><\/p>\n<table align=\"center\" cellpadding=\"0\" cellspacing=\"0\" style=\"margin-left: auto; margin-right: auto; text-align: center;\">\n<tbody>\n<tr>\n<td style=\"text-align: center;\"><a href=\"http:\/\/3.bp.blogspot.com\/-XHWX4n_Cpf0\/VXWL6wp9W2I\/AAAAAAAAQ58\/BUktwEZrzE8\/s1600\/DSC_3869.jpg\" style=\"margin-left: auto; margin-right: auto;\"><img loading=\"lazy\" decoding=\"async\" border=\"0\" height=\"400\" src=\"http:\/\/3.bp.blogspot.com\/-XHWX4n_Cpf0\/VXWL6wp9W2I\/AAAAAAAAQ58\/BUktwEZrzE8\/s400\/DSC_3869.jpg\" width=\"263\" \/><\/a><\/td>\n<\/tr>\n<tr>\n<td style=\"text-align: center;\">Christophe Mathevet, pr\u00e9sident d&rsquo;inovall\u00e9e<\/td>\n<\/tr>\n<\/tbody>\n<\/table>\n<p><\/p>\n<table align=\"center\" cellpadding=\"0\" cellspacing=\"0\" style=\"margin-left: auto; margin-right: auto; text-align: center;\"><\/p>\n<tbody>\n<tr>\n<td style=\"text-align: center;\"><a href=\"http:\/\/3.bp.blogspot.com\/-Yvj5vSnNA6Q\/VXWL8fXaSHI\/AAAAAAAAQ6M\/THFwWcVwf8Y\/s1600\/DSC_3882.jpg\" style=\"margin-left: auto; margin-right: auto;\"><img loading=\"lazy\" decoding=\"async\" border=\"0\" height=\"265\" src=\"http:\/\/3.bp.blogspot.com\/-Yvj5vSnNA6Q\/VXWL8fXaSHI\/AAAAAAAAQ6M\/THFwWcVwf8Y\/s400\/DSC_3882.jpg\" width=\"400\" \/><\/a><\/td>\n<\/tr>\n<tr>\n<td style=\"text-align: center;\">Patrick Gros, directeur de l&rsquo;INRIA<\/td>\n<\/tr>\n<\/tbody>\n<\/table>\n<p><\/p>\n<table align=\"center\" cellpadding=\"0\" cellspacing=\"0\" style=\"margin-left: auto; margin-right: auto; text-align: center;\">\n<tbody>\n<tr>\n<td style=\"text-align: center;\"><a href=\"http:\/\/2.bp.blogspot.com\/-IVL4pnkWZ_A\/VXWL9_LqepI\/AAAAAAAAQ6Y\/6Zsr2VEfrW8\/s1600\/DSC_3887.jpg\" style=\"margin-left: auto; margin-right: auto;\"><img loading=\"lazy\" decoding=\"async\" border=\"0\" height=\"400\" src=\"http:\/\/2.bp.blogspot.com\/-IVL4pnkWZ_A\/VXWL9_LqepI\/AAAAAAAAQ6Y\/6Zsr2VEfrW8\/s400\/DSC_3887.jpg\" width=\"263\" \/><\/a><\/td>\n<\/tr>\n<tr>\n<td style=\"text-align: center;\">Francis Gimbert, Pr\u00e9sident du Gr\u00e9sivaudan<\/td>\n<\/tr>\n<\/tbody>\n<\/table>\n<p><\/p>\n<table align=\"center\" cellpadding=\"0\" cellspacing=\"0\" style=\"margin-left: auto; margin-right: auto; text-align: center;\">\n<tbody>\n<tr>\n<td style=\"text-align: center;\"><a href=\"http:\/\/4.bp.blogspot.com\/-nfcVys1JXdA\/VXWL9Uh125I\/AAAAAAAAQ6U\/PjH15M3LOfI\/s1600\/DSC_3895.jpg\" style=\"margin-left: auto; margin-right: auto;\"><img loading=\"lazy\" decoding=\"async\" border=\"0\" height=\"265\" src=\"http:\/\/4.bp.blogspot.com\/-nfcVys1JXdA\/VXWL9Uh125I\/AAAAAAAAQ6U\/PjH15M3LOfI\/s400\/DSC_3895.jpg\" width=\"400\" \/><\/a><\/td>\n<\/tr>\n<tr>\n<td style=\"text-align: center;\"><span style=\"font-family: Arial, Helvetica, sans-serif; font-size: x-small; text-align: left;\">Genevi\u00e8ve Fioraso, D\u00e9put\u00e9e SRC de la 1ere circonscription de l&rsquo;Is\u00e8re<\/span><\/td>\n<\/tr>\n<\/tbody>\n<\/table>\n<p><\/p>\n<div style=\"clear: both; text-align: center;\"><a href=\"http:\/\/1.bp.blogspot.com\/-tW-IKD_vrQI\/VXWL-Y2YfgI\/AAAAAAAAQ6g\/0IGwsKM8cRA\/s1600\/DSC_3913.jpg\" style=\"margin-left: 1em; margin-right: 1em;\"><img loading=\"lazy\" decoding=\"async\" border=\"0\" height=\"265\" src=\"http:\/\/1.bp.blogspot.com\/-tW-IKD_vrQI\/VXWL-Y2YfgI\/AAAAAAAAQ6g\/0IGwsKM8cRA\/s400\/DSC_3913.jpg\" width=\"400\" \/><\/a><\/div>\n<div style=\"clear: both; text-align: center;\"><\/div>\n<div style=\"clear: both; text-align: center;\"><\/div>\n<div style=\"clear: both; text-align: center;\"><\/div>\n<p><\/div>","protected":false},"excerpt":{"rendered":"<p>Le 5 juin dernier, la partie Bonimontaine d&rsquo;inovall\u00e9e \u00e9tait le th\u00e9\u00e2tre d&rsquo;une inauguration particuli\u00e8re : celle de l&rsquo;atelier num\u00e9rique.&nbsp;Le b\u00e2timent de 1 600 m2 de la rue Jean Kuntzmann, rachet\u00e9 par la communaut\u00e9 de communes du Gr\u00e9sivaudan et h\u00e9bergeant anciennement l&rsquo;INP-Ensimag, retrouve une nouvelle vie en devenant&nbsp;\u00ab\u00a0l&rsquo;atelier num\u00e9rique\u00a0\u00bb. Son objectif : cr\u00e9er un lieu d\u00e9di\u00e9 [&hellip;]<\/p>\n","protected":false},"author":6,"featured_media":0,"comment_status":"closed","ping_status":"open","sticky":false,"template":"","format":"standard","meta":{"footnotes":""},"categories":[29],"tags":[],"class_list":["post-28791","post","type-post","status-publish","format-standard","hentry","category-evenements"],"yoast_head":"<!-- This site is optimized with the Yoast SEO plugin v27.4 - https:\/\/yoast.com\/product\/yoast-seo-wordpress\/ -->\n<title>L&#039;actualit\u00e9 d&#039;inovall\u00e9e : inauguration de l&#039;atelier num\u00e9rique de Montbonnot - inovall\u00e9e<\/title>\n<meta name=\"robots\" content=\"index, follow, max-snippet:-1, max-image-preview:large, max-video-preview:-1\" \/>\n<link rel=\"canonical\" href=\"https:\/\/www.inovallee.com\/en\/lactualite-dinovallee-inauguration-de-latelier-numerique-de-montbonnot\/\" \/>\n<meta property=\"og:locale\" content=\"en_GB\" \/>\n<meta property=\"og:type\" content=\"article\" \/>\n<meta property=\"og:title\" content=\"L&#039;actualit\u00e9 d&#039;inovall\u00e9e : inauguration de l&#039;atelier num\u00e9rique de Montbonnot - inovall\u00e9e\" \/>\n<meta property=\"og:description\" content=\"Le 5 juin dernier, la partie Bonimontaine d&rsquo;inovall\u00e9e \u00e9tait le th\u00e9\u00e2tre d&rsquo;une inauguration particuli\u00e8re : celle de l&rsquo;atelier num\u00e9rique.&nbsp;Le b\u00e2timent de 1 600 m2 de la rue Jean Kuntzmann, rachet\u00e9 par la communaut\u00e9 de communes du Gr\u00e9sivaudan et h\u00e9bergeant anciennement l&rsquo;INP-Ensimag, retrouve une nouvelle vie en devenant&nbsp;\u00ab\u00a0l&rsquo;atelier num\u00e9rique\u00a0\u00bb. Son objectif : cr\u00e9er un lieu d\u00e9di\u00e9 [&hellip;]\" \/>\n<meta property=\"og:url\" content=\"https:\/\/www.inovallee.com\/en\/lactualite-dinovallee-inauguration-de-latelier-numerique-de-montbonnot\/\" \/>\n<meta property=\"og:site_name\" content=\"inovall\u00e9e\" \/>\n<meta property=\"article:publisher\" content=\"https:\/\/www.facebook.com\/technopoleinovallee\/\" \/>\n<meta property=\"article:published_time\" content=\"2015-06-09T07:15:00+00:00\" \/>\n<meta property=\"og:image\" content=\"http:\/\/2.bp.blogspot.com\/-wRYOj_Ns3hY\/VXWMI5-KYbI\/AAAAAAAAQ6s\/p4O9RN-opVc\/s200\/DSC_3816.jpg\" \/>\n<meta name=\"author\" content=\"Inovallee\" \/>\n<meta name=\"twitter:card\" content=\"summary_large_image\" \/>\n<meta name=\"twitter:creator\" content=\"@inovallee\" \/>\n<meta name=\"twitter:site\" content=\"@inovallee\" \/>\n<meta name=\"twitter:label1\" content=\"Written by\" \/>\n\t<meta name=\"twitter:data1\" content=\"Inovallee\" \/>\n\t<meta name=\"twitter:label2\" content=\"Estimated reading time\" \/>\n\t<meta name=\"twitter:data2\" content=\"3 minutes\" \/>\n<script type=\"application\/ld+json\" class=\"yoast-schema-graph\">{\"@context\":\"https:\\\/\\\/schema.org\",\"@graph\":[{\"@type\":\"Article\",\"@id\":\"https:\\\/\\\/www.inovallee.com\\\/lactualite-dinovallee-inauguration-de-latelier-numerique-de-montbonnot\\\/#article\",\"isPartOf\":{\"@id\":\"https:\\\/\\\/www.inovallee.com\\\/lactualite-dinovallee-inauguration-de-latelier-numerique-de-montbonnot\\\/\"},\"author\":{\"name\":\"Inovallee\",\"@id\":\"https:\\\/\\\/www.inovallee.com\\\/#\\\/schema\\\/person\\\/a45b15518aad3111b2d61d257a3e023b\"},\"headline\":\"L&#039;actualit\u00e9 d&#039;inovall\u00e9e : inauguration de l&#039;atelier num\u00e9rique de Montbonnot\",\"datePublished\":\"2015-06-09T07:15:00+00:00\",\"mainEntityOfPage\":{\"@id\":\"https:\\\/\\\/www.inovallee.com\\\/lactualite-dinovallee-inauguration-de-latelier-numerique-de-montbonnot\\\/\"},\"wordCount\":602,\"publisher\":{\"@id\":\"https:\\\/\\\/www.inovallee.com\\\/#organization\"},\"image\":{\"@id\":\"https:\\\/\\\/www.inovallee.com\\\/lactualite-dinovallee-inauguration-de-latelier-numerique-de-montbonnot\\\/#primaryimage\"},\"thumbnailUrl\":\"http:\\\/\\\/2.bp.blogspot.com\\\/-wRYOj_Ns3hY\\\/VXWMI5-KYbI\\\/AAAAAAAAQ6s\\\/p4O9RN-opVc\\\/s200\\\/DSC_3816.jpg\",\"articleSection\":[\"Technopole inovall\u00e9e\"],\"inLanguage\":\"en-GB\"},{\"@type\":\"WebPage\",\"@id\":\"https:\\\/\\\/www.inovallee.com\\\/lactualite-dinovallee-inauguration-de-latelier-numerique-de-montbonnot\\\/\",\"url\":\"https:\\\/\\\/www.inovallee.com\\\/lactualite-dinovallee-inauguration-de-latelier-numerique-de-montbonnot\\\/\",\"name\":\"L&#039;actualit\u00e9 d&#039;inovall\u00e9e : inauguration de l&#039;atelier num\u00e9rique de Montbonnot - inovall\u00e9e\",\"isPartOf\":{\"@id\":\"https:\\\/\\\/www.inovallee.com\\\/#website\"},\"primaryImageOfPage\":{\"@id\":\"https:\\\/\\\/www.inovallee.com\\\/lactualite-dinovallee-inauguration-de-latelier-numerique-de-montbonnot\\\/#primaryimage\"},\"image\":{\"@id\":\"https:\\\/\\\/www.inovallee.com\\\/lactualite-dinovallee-inauguration-de-latelier-numerique-de-montbonnot\\\/#primaryimage\"},\"thumbnailUrl\":\"http:\\\/\\\/2.bp.blogspot.com\\\/-wRYOj_Ns3hY\\\/VXWMI5-KYbI\\\/AAAAAAAAQ6s\\\/p4O9RN-opVc\\\/s200\\\/DSC_3816.jpg\",\"datePublished\":\"2015-06-09T07:15:00+00:00\",\"breadcrumb\":{\"@id\":\"https:\\\/\\\/www.inovallee.com\\\/lactualite-dinovallee-inauguration-de-latelier-numerique-de-montbonnot\\\/#breadcrumb\"},\"inLanguage\":\"en-GB\",\"potentialAction\":[{\"@type\":\"ReadAction\",\"target\":[\"https:\\\/\\\/www.inovallee.com\\\/lactualite-dinovallee-inauguration-de-latelier-numerique-de-montbonnot\\\/\"]}]},{\"@type\":\"ImageObject\",\"inLanguage\":\"en-GB\",\"@id\":\"https:\\\/\\\/www.inovallee.com\\\/lactualite-dinovallee-inauguration-de-latelier-numerique-de-montbonnot\\\/#primaryimage\",\"url\":\"http:\\\/\\\/2.bp.blogspot.com\\\/-wRYOj_Ns3hY\\\/VXWMI5-KYbI\\\/AAAAAAAAQ6s\\\/p4O9RN-opVc\\\/s200\\\/DSC_3816.jpg\",\"contentUrl\":\"http:\\\/\\\/2.bp.blogspot.com\\\/-wRYOj_Ns3hY\\\/VXWMI5-KYbI\\\/AAAAAAAAQ6s\\\/p4O9RN-opVc\\\/s200\\\/DSC_3816.jpg\"},{\"@type\":\"BreadcrumbList\",\"@id\":\"https:\\\/\\\/www.inovallee.com\\\/lactualite-dinovallee-inauguration-de-latelier-numerique-de-montbonnot\\\/#breadcrumb\",\"itemListElement\":[{\"@type\":\"ListItem\",\"position\":1,\"name\":\"Accueil\",\"item\":\"https:\\\/\\\/www.inovallee.com\\\/\"},{\"@type\":\"ListItem\",\"position\":2,\"name\":\"L&#039;actualit\u00e9 d&#039;inovall\u00e9e : inauguration de l&#039;atelier num\u00e9rique de Montbonnot\"}]},{\"@type\":\"WebSite\",\"@id\":\"https:\\\/\\\/www.inovallee.com\\\/#website\",\"url\":\"https:\\\/\\\/www.inovallee.com\\\/\",\"name\":\"inovall\u00e9e technopole, Home to software & smart technologies\",\"description\":\"Home to software &amp; smart technologies\",\"publisher\":{\"@id\":\"https:\\\/\\\/www.inovallee.com\\\/#organization\"},\"potentialAction\":[{\"@type\":\"SearchAction\",\"target\":{\"@type\":\"EntryPoint\",\"urlTemplate\":\"https:\\\/\\\/www.inovallee.com\\\/?s={search_term_string}\"},\"query-input\":{\"@type\":\"PropertyValueSpecification\",\"valueRequired\":true,\"valueName\":\"search_term_string\"}}],\"inLanguage\":\"en-GB\"},{\"@type\":\"Organization\",\"@id\":\"https:\\\/\\\/www.inovallee.com\\\/#organization\",\"name\":\"inovall\u00e9e\",\"url\":\"https:\\\/\\\/www.inovallee.com\\\/\",\"logo\":{\"@type\":\"ImageObject\",\"inLanguage\":\"en-GB\",\"@id\":\"https:\\\/\\\/www.inovallee.com\\\/#\\\/schema\\\/logo\\\/image\\\/\",\"url\":\"https:\\\/\\\/www.inovallee.com\\\/wp-content\\\/uploads\\\/2023\\\/08\\\/inovallee_2022_GrenobleAlpes.png\",\"contentUrl\":\"https:\\\/\\\/www.inovallee.com\\\/wp-content\\\/uploads\\\/2023\\\/08\\\/inovallee_2022_GrenobleAlpes.png\",\"width\":945,\"height\":369,\"caption\":\"inovall\u00e9e\"},\"image\":{\"@id\":\"https:\\\/\\\/www.inovallee.com\\\/#\\\/schema\\\/logo\\\/image\\\/\"},\"sameAs\":[\"https:\\\/\\\/www.facebook.com\\\/technopoleinovallee\\\/\",\"https:\\\/\\\/x.com\\\/inovallee\",\"https:\\\/\\\/www.linkedin.com\\\/company\\\/inovall-e\\\/\",\"https:\\\/\\\/www.youtube.com\\\/user\\\/inovallee?reload=9\"]},{\"@type\":\"Person\",\"@id\":\"https:\\\/\\\/www.inovallee.com\\\/#\\\/schema\\\/person\\\/a45b15518aad3111b2d61d257a3e023b\",\"name\":\"Inovallee\"}]}<\/script>\n<!-- \/ Yoast SEO plugin. -->","yoast_head_json":{"title":"L&#039;actualit\u00e9 d&#039;inovall\u00e9e : inauguration de l&#039;atelier num\u00e9rique de Montbonnot - inovall\u00e9e","robots":{"index":"index","follow":"follow","max-snippet":"max-snippet:-1","max-image-preview":"max-image-preview:large","max-video-preview":"max-video-preview:-1"},"canonical":"https:\/\/www.inovallee.com\/en\/lactualite-dinovallee-inauguration-de-latelier-numerique-de-montbonnot\/","og_locale":"en_GB","og_type":"article","og_title":"L&#039;actualit\u00e9 d&#039;inovall\u00e9e : inauguration de l&#039;atelier num\u00e9rique de Montbonnot - inovall\u00e9e","og_description":"Le 5 juin dernier, la partie Bonimontaine d&rsquo;inovall\u00e9e \u00e9tait le th\u00e9\u00e2tre d&rsquo;une inauguration particuli\u00e8re : celle de l&rsquo;atelier num\u00e9rique.&nbsp;Le b\u00e2timent de 1 600 m2 de la rue Jean Kuntzmann, rachet\u00e9 par la communaut\u00e9 de communes du Gr\u00e9sivaudan et h\u00e9bergeant anciennement l&rsquo;INP-Ensimag, retrouve une nouvelle vie en devenant&nbsp;\u00ab\u00a0l&rsquo;atelier num\u00e9rique\u00a0\u00bb. Son objectif : cr\u00e9er un lieu d\u00e9di\u00e9 [&hellip;]","og_url":"https:\/\/www.inovallee.com\/en\/lactualite-dinovallee-inauguration-de-latelier-numerique-de-montbonnot\/","og_site_name":"inovall\u00e9e","article_publisher":"https:\/\/www.facebook.com\/technopoleinovallee\/","article_published_time":"2015-06-09T07:15:00+00:00","og_image":[{"url":"http:\/\/2.bp.blogspot.com\/-wRYOj_Ns3hY\/VXWMI5-KYbI\/AAAAAAAAQ6s\/p4O9RN-opVc\/s200\/DSC_3816.jpg","type":"","width":"","height":""}],"author":"Inovallee","twitter_card":"summary_large_image","twitter_creator":"@inovallee","twitter_site":"@inovallee","twitter_misc":{"Written by":"Inovallee","Estimated reading time":"3 minutes"},"schema":{"@context":"https:\/\/schema.org","@graph":[{"@type":"Article","@id":"https:\/\/www.inovallee.com\/lactualite-dinovallee-inauguration-de-latelier-numerique-de-montbonnot\/#article","isPartOf":{"@id":"https:\/\/www.inovallee.com\/lactualite-dinovallee-inauguration-de-latelier-numerique-de-montbonnot\/"},"author":{"name":"Inovallee","@id":"https:\/\/www.inovallee.com\/#\/schema\/person\/a45b15518aad3111b2d61d257a3e023b"},"headline":"L&#039;actualit\u00e9 d&#039;inovall\u00e9e : inauguration de l&#039;atelier num\u00e9rique de Montbonnot","datePublished":"2015-06-09T07:15:00+00:00","mainEntityOfPage":{"@id":"https:\/\/www.inovallee.com\/lactualite-dinovallee-inauguration-de-latelier-numerique-de-montbonnot\/"},"wordCount":602,"publisher":{"@id":"https:\/\/www.inovallee.com\/#organization"},"image":{"@id":"https:\/\/www.inovallee.com\/lactualite-dinovallee-inauguration-de-latelier-numerique-de-montbonnot\/#primaryimage"},"thumbnailUrl":"http:\/\/2.bp.blogspot.com\/-wRYOj_Ns3hY\/VXWMI5-KYbI\/AAAAAAAAQ6s\/p4O9RN-opVc\/s200\/DSC_3816.jpg","articleSection":["Technopole inovall\u00e9e"],"inLanguage":"en-GB"},{"@type":"WebPage","@id":"https:\/\/www.inovallee.com\/lactualite-dinovallee-inauguration-de-latelier-numerique-de-montbonnot\/","url":"https:\/\/www.inovallee.com\/lactualite-dinovallee-inauguration-de-latelier-numerique-de-montbonnot\/","name":"L&#039;actualit\u00e9 d&#039;inovall\u00e9e : inauguration de l&#039;atelier num\u00e9rique de Montbonnot - inovall\u00e9e","isPartOf":{"@id":"https:\/\/www.inovallee.com\/#website"},"primaryImageOfPage":{"@id":"https:\/\/www.inovallee.com\/lactualite-dinovallee-inauguration-de-latelier-numerique-de-montbonnot\/#primaryimage"},"image":{"@id":"https:\/\/www.inovallee.com\/lactualite-dinovallee-inauguration-de-latelier-numerique-de-montbonnot\/#primaryimage"},"thumbnailUrl":"http:\/\/2.bp.blogspot.com\/-wRYOj_Ns3hY\/VXWMI5-KYbI\/AAAAAAAAQ6s\/p4O9RN-opVc\/s200\/DSC_3816.jpg","datePublished":"2015-06-09T07:15:00+00:00","breadcrumb":{"@id":"https:\/\/www.inovallee.com\/lactualite-dinovallee-inauguration-de-latelier-numerique-de-montbonnot\/#breadcrumb"},"inLanguage":"en-GB","potentialAction":[{"@type":"ReadAction","target":["https:\/\/www.inovallee.com\/lactualite-dinovallee-inauguration-de-latelier-numerique-de-montbonnot\/"]}]},{"@type":"ImageObject","inLanguage":"en-GB","@id":"https:\/\/www.inovallee.com\/lactualite-dinovallee-inauguration-de-latelier-numerique-de-montbonnot\/#primaryimage","url":"http:\/\/2.bp.blogspot.com\/-wRYOj_Ns3hY\/VXWMI5-KYbI\/AAAAAAAAQ6s\/p4O9RN-opVc\/s200\/DSC_3816.jpg","contentUrl":"http:\/\/2.bp.blogspot.com\/-wRYOj_Ns3hY\/VXWMI5-KYbI\/AAAAAAAAQ6s\/p4O9RN-opVc\/s200\/DSC_3816.jpg"},{"@type":"BreadcrumbList","@id":"https:\/\/www.inovallee.com\/lactualite-dinovallee-inauguration-de-latelier-numerique-de-montbonnot\/#breadcrumb","itemListElement":[{"@type":"ListItem","position":1,"name":"Accueil","item":"https:\/\/www.inovallee.com\/"},{"@type":"ListItem","position":2,"name":"L&#039;actualit\u00e9 d&#039;inovall\u00e9e : inauguration de l&#039;atelier num\u00e9rique de Montbonnot"}]},{"@type":"WebSite","@id":"https:\/\/www.inovallee.com\/#website","url":"https:\/\/www.inovallee.com\/","name":"inovall\u00e9e technopole, Home to software & smart technologies","description":"Home to software &amp; smart technologies","publisher":{"@id":"https:\/\/www.inovallee.com\/#organization"},"potentialAction":[{"@type":"SearchAction","target":{"@type":"EntryPoint","urlTemplate":"https:\/\/www.inovallee.com\/?s={search_term_string}"},"query-input":{"@type":"PropertyValueSpecification","valueRequired":true,"valueName":"search_term_string"}}],"inLanguage":"en-GB"},{"@type":"Organization","@id":"https:\/\/www.inovallee.com\/#organization","name":"inovall\u00e9e","url":"https:\/\/www.inovallee.com\/","logo":{"@type":"ImageObject","inLanguage":"en-GB","@id":"https:\/\/www.inovallee.com\/#\/schema\/logo\/image\/","url":"https:\/\/www.inovallee.com\/wp-content\/uploads\/2023\/08\/inovallee_2022_GrenobleAlpes.png","contentUrl":"https:\/\/www.inovallee.com\/wp-content\/uploads\/2023\/08\/inovallee_2022_GrenobleAlpes.png","width":945,"height":369,"caption":"inovall\u00e9e"},"image":{"@id":"https:\/\/www.inovallee.com\/#\/schema\/logo\/image\/"},"sameAs":["https:\/\/www.facebook.com\/technopoleinovallee\/","https:\/\/x.com\/inovallee","https:\/\/www.linkedin.com\/company\/inovall-e\/","https:\/\/www.youtube.com\/user\/inovallee?reload=9"]},{"@type":"Person","@id":"https:\/\/www.inovallee.com\/#\/schema\/person\/a45b15518aad3111b2d61d257a3e023b","name":"Inovallee"}]}},"_links":{"self":[{"href":"https:\/\/www.inovallee.com\/en\/wp-json\/wp\/v2\/posts\/28791","targetHints":{"allow":["GET"]}}],"collection":[{"href":"https:\/\/www.inovallee.com\/en\/wp-json\/wp\/v2\/posts"}],"about":[{"href":"https:\/\/www.inovallee.com\/en\/wp-json\/wp\/v2\/types\/post"}],"author":[{"embeddable":true,"href":"https:\/\/www.inovallee.com\/en\/wp-json\/wp\/v2\/users\/6"}],"replies":[{"embeddable":true,"href":"https:\/\/www.inovallee.com\/en\/wp-json\/wp\/v2\/comments?post=28791"}],"version-history":[{"count":0,"href":"https:\/\/www.inovallee.com\/en\/wp-json\/wp\/v2\/posts\/28791\/revisions"}],"wp:attachment":[{"href":"https:\/\/www.inovallee.com\/en\/wp-json\/wp\/v2\/media?parent=28791"}],"wp:term":[{"taxonomy":"category","embeddable":true,"href":"https:\/\/www.inovallee.com\/en\/wp-json\/wp\/v2\/categories?post=28791"},{"taxonomy":"post_tag","embeddable":true,"href":"https:\/\/www.inovallee.com\/en\/wp-json\/wp\/v2\/tags?post=28791"}],"curies":[{"name":"wp","href":"https:\/\/api.w.org\/{rel}","templated":true}]}}