{"id":28797,"date":"2015-05-15T16:08:00","date_gmt":"2015-05-15T15:08:00","guid":{"rendered":"https:\/\/www.inovallee.com\/lactualite-dinovallee-retour-sur-le-passage-de-la-saas-academy-a-inovallee\/"},"modified":"2015-05-15T16:08:00","modified_gmt":"2015-05-15T15:08:00","slug":"lactualite-dinovallee-retour-sur-le-passage-de-la-saas-academy-a-inovallee","status":"publish","type":"post","link":"https:\/\/www.inovallee.com\/en\/lactualite-dinovallee-retour-sur-le-passage-de-la-saas-academy-a-inovallee\/","title":{"rendered":"L&#039;actualit\u00e9 d&#039;inovall\u00e9e : retour sur le passage de la SaaS Academy \u00e0 inovall\u00e9e !"},"content":{"rendered":"<div dir=\"ltr\" style=\"text-align: left;\">\n<div style=\"clear: both; text-align: center;\"><a href=\"http:\/\/3.bp.blogspot.com\/-kZSlLOUr808\/VUtim0gz5QI\/AAAAAAAAQhc\/QDQNxgqpAXg\/s1600\/DSC_3298.jpg\" style=\"clear: left; float: left; margin-bottom: 1em; margin-right: 1em;\"><img fetchpriority=\"high\" decoding=\"async\" border=\"0\" height=\"212\" src=\"http:\/\/3.bp.blogspot.com\/-kZSlLOUr808\/VUtim0gz5QI\/AAAAAAAAQhc\/QDQNxgqpAXg\/s320\/DSC_3298.jpg\" width=\"320\" \/><\/a><\/div>\n<p><span style=\"font-family: Arial, Helvetica, sans-serif; font-size: x-small;\"><b>Mardi 6 mai, Jean-Marie Davesnes, chef de projet de la SaaS Academy, a sensibilis\u00e9 une dizaine d&rsquo;\u00e9diteurs de logiciels d\u00e9sireux de s&rsquo;informer sur le passage au SaaS (<i style=\"background-color: white; color: #303030; line-height: 25.5px;\">Software as a Service)<\/i>.<\/b><\/span><br \/><span style=\"font-family: Arial, Helvetica, sans-serif; font-size: x-small;\"><br \/><\/span><span style=\"font-family: Arial, Helvetica, sans-serif; font-size: x-small;\">Accompagner les \u00e9diteurs de logiciels dans leur transformation vers le mode SaaS et le cloud, les guider dans leur d\u00e9marche, les informer le plus justement possible en fonction de leurs besoins sp\u00e9cifiques et les guider pas \u00e0 pas pour que cette \u00e9volution se fasse en douceur, tels sont les objectifs de la&nbsp;SaaS Academy.&nbsp;<\/span><br \/><span style=\"font-family: Arial, Helvetica, sans-serif; font-size: x-small;\"><br \/><\/span><span style=\"font-family: Arial, Helvetica, sans-serif; font-size: x-small;\">Issue du \u00ab\u00a0plan cloud\u00a0\u00bb, coordonn\u00e9e par Atos et OVH et op\u00e9r\u00e9e par IRT SystemX, la SaaS Academy \u00ab\u00a0parcourt les routes de France\u00a0\u00bb depuis janvier 2015, date de mise en place des premi\u00e8res sessions de sensibilisation.&nbsp;<\/span><br \/><span style=\"font-family: Arial, Helvetica, sans-serif; font-size: x-small;\"><br \/><\/span><span style=\"font-family: Arial, Helvetica, sans-serif; font-size: x-small;\">Pourquoi certains \u00e9diteurs demeurent-ils r\u00e9ticents \u00e0 passer au SaaS ? Quelles sont les contraintes, mais surtout les possibilit\u00e9s offertes par le SaaS ? Comment d\u00e9jouer les pi\u00e8ges et r\u00e9ussir sa transformation dans un monde aux apparences plut\u00f4t hostiles, o\u00f9 les r\u00e8gles semblent difficiles ?&nbsp;<\/span><br \/><span style=\"font-family: Arial, Helvetica, sans-serif; font-size: x-small;\"><br \/><\/span><span style=\"font-family: Arial, Helvetica, sans-serif; font-size: x-small;\">D&rsquo;une dur\u00e9e de 4 heures, les sessions de sensibilisation sont l&rsquo;occasion de rappeler les multiples avantages du passage au mode SaaS : de l&rsquo;\u00e9volution des usages et de l&rsquo;objet, qui impliquent de nouveaux besoins en terme de logiciels, \u00e0 la possibilit\u00e9 de d\u00e9velopper internationalement sa soci\u00e9t\u00e9 avec beaucoup plus de facilit\u00e9, en passant par l&rsquo;ind\u00e9niable fait que le march\u00e9 est en pleine croissance (+30 % \/ an)&#8230; Jean-Marie Davesnes a pu souligner tous ces points primordiaux.&nbsp;<\/span><br \/><span style=\"font-family: Arial, Helvetica, sans-serif; font-size: x-small;\"><br \/><\/span><span style=\"font-family: Arial, Helvetica, sans-serif; font-size: x-small;\">Pour en savoir plus sur la SaaS Academy, cliquez <a href=\"http:\/\/saasacademy.fr\/\" target=\"_blank\" rel=\"noopener noreferrer\">ici.<\/a><\/span><\/p>\n<p><\/p>\n<div style=\"clear: both; text-align: center;\"><a href=\"http:\/\/3.bp.blogspot.com\/-exVQET9YSWc\/VUtjmCRObrI\/AAAAAAAAQho\/bovMo83n1jU\/s1600\/DSC_3289.jpg\" style=\"margin-left: 1em; margin-right: 1em;\"><img decoding=\"async\" border=\"0\" height=\"212\" src=\"http:\/\/3.bp.blogspot.com\/-exVQET9YSWc\/VUtjmCRObrI\/AAAAAAAAQho\/bovMo83n1jU\/s320\/DSC_3289.jpg\" width=\"320\" \/><\/a><\/div>\n<div style=\"clear: both; text-align: center;\"><a href=\"http:\/\/1.bp.blogspot.com\/-C1skRrEpoVU\/VUtjl0Qqr5I\/AAAAAAAAQhs\/M_DOkGl8dxQ\/s1600\/DSC_3293.jpg\" style=\"margin-left: 1em; margin-right: 1em;\"><img decoding=\"async\" border=\"0\" height=\"212\" src=\"http:\/\/1.bp.blogspot.com\/-C1skRrEpoVU\/VUtjl0Qqr5I\/AAAAAAAAQhs\/M_DOkGl8dxQ\/s320\/DSC_3293.jpg\" width=\"320\" \/><\/a><\/div>\n<p><\/p>\n<div style=\"clear: both; text-align: center;\"><a href=\"http:\/\/2.bp.blogspot.com\/-63CdAkpHLW8\/VUtjoPQRJBI\/AAAAAAAAQh8\/YEfGtqaaIWQ\/s1600\/DSC_3301.jpg\" style=\"margin-left: 1em; margin-right: 1em;\"><img loading=\"lazy\" decoding=\"async\" border=\"0\" height=\"212\" src=\"http:\/\/2.bp.blogspot.com\/-63CdAkpHLW8\/VUtjoPQRJBI\/AAAAAAAAQh8\/YEfGtqaaIWQ\/s320\/DSC_3301.jpg\" width=\"320\" \/><\/a><\/div>\n<div style=\"clear: both; text-align: center;\"><\/div>\n<div style=\"clear: both; text-align: center;\"><a href=\"http:\/\/3.bp.blogspot.com\/-GE9J5grcUtw\/VUtjl9yPOnI\/AAAAAAAAQhk\/4SyJL56Iq0Y\/s1600\/DSC_3290.jpg\" style=\"margin-left: 1em; margin-right: 1em;\"><img loading=\"lazy\" decoding=\"async\" border=\"0\" height=\"212\" src=\"http:\/\/3.bp.blogspot.com\/-GE9J5grcUtw\/VUtjl9yPOnI\/AAAAAAAAQhk\/4SyJL56Iq0Y\/s320\/DSC_3290.jpg\" width=\"320\" \/><\/a><\/div>\n<p><\/div>","protected":false},"excerpt":{"rendered":"<p>Mardi 6 mai, Jean-Marie Davesnes, chef de projet de la SaaS Academy, a sensibilis\u00e9 une dizaine d&rsquo;\u00e9diteurs de logiciels d\u00e9sireux de s&rsquo;informer sur le passage au SaaS (Software as a Service).Accompagner les \u00e9diteurs de logiciels dans leur transformation vers le mode SaaS et le cloud, les guider dans leur d\u00e9marche, les informer le plus justement [&hellip;]<\/p>\n","protected":false},"author":6,"featured_media":0,"comment_status":"closed","ping_status":"open","sticky":false,"template":"","format":"standard","meta":{"footnotes":""},"categories":[29],"tags":[],"class_list":["post-28797","post","type-post","status-publish","format-standard","hentry","category-evenements"],"yoast_head":"<!-- This site is optimized with the Yoast SEO plugin v27.4 - https:\/\/yoast.com\/product\/yoast-seo-wordpress\/ -->\n<title>L&#039;actualit\u00e9 d&#039;inovall\u00e9e : retour sur le passage de la SaaS Academy \u00e0 inovall\u00e9e ! - inovall\u00e9e<\/title>\n<meta name=\"robots\" content=\"index, follow, max-snippet:-1, max-image-preview:large, max-video-preview:-1\" \/>\n<link rel=\"canonical\" href=\"https:\/\/www.inovallee.com\/en\/lactualite-dinovallee-retour-sur-le-passage-de-la-saas-academy-a-inovallee\/\" \/>\n<meta property=\"og:locale\" content=\"en_GB\" \/>\n<meta property=\"og:type\" content=\"article\" \/>\n<meta property=\"og:title\" content=\"L&#039;actualit\u00e9 d&#039;inovall\u00e9e : retour sur le passage de la SaaS Academy \u00e0 inovall\u00e9e ! - inovall\u00e9e\" \/>\n<meta property=\"og:description\" content=\"Mardi 6 mai, Jean-Marie Davesnes, chef de projet de la SaaS Academy, a sensibilis\u00e9 une dizaine d&rsquo;\u00e9diteurs de logiciels d\u00e9sireux de s&rsquo;informer sur le passage au SaaS (Software as a Service).Accompagner les \u00e9diteurs de logiciels dans leur transformation vers le mode SaaS et le cloud, les guider dans leur d\u00e9marche, les informer le plus justement [&hellip;]\" \/>\n<meta property=\"og:url\" content=\"https:\/\/www.inovallee.com\/en\/lactualite-dinovallee-retour-sur-le-passage-de-la-saas-academy-a-inovallee\/\" \/>\n<meta property=\"og:site_name\" content=\"inovall\u00e9e\" \/>\n<meta property=\"article:publisher\" content=\"https:\/\/www.facebook.com\/technopoleinovallee\/\" \/>\n<meta property=\"article:published_time\" content=\"2015-05-15T15:08:00+00:00\" \/>\n<meta property=\"og:image\" content=\"http:\/\/3.bp.blogspot.com\/-kZSlLOUr808\/VUtim0gz5QI\/AAAAAAAAQhc\/QDQNxgqpAXg\/s320\/DSC_3298.jpg\" \/>\n<meta name=\"author\" content=\"Inovallee\" \/>\n<meta name=\"twitter:card\" content=\"summary_large_image\" \/>\n<meta name=\"twitter:creator\" content=\"@inovallee\" \/>\n<meta name=\"twitter:site\" content=\"@inovallee\" \/>\n<meta name=\"twitter:label1\" content=\"Written by\" \/>\n\t<meta name=\"twitter:data1\" content=\"Inovallee\" \/>\n\t<meta name=\"twitter:label2\" content=\"Estimated reading time\" \/>\n\t<meta name=\"twitter:data2\" content=\"1 minute\" \/>\n<script type=\"application\/ld+json\" class=\"yoast-schema-graph\">{\"@context\":\"https:\\\/\\\/schema.org\",\"@graph\":[{\"@type\":\"Article\",\"@id\":\"https:\\\/\\\/www.inovallee.com\\\/lactualite-dinovallee-retour-sur-le-passage-de-la-saas-academy-a-inovallee\\\/#article\",\"isPartOf\":{\"@id\":\"https:\\\/\\\/www.inovallee.com\\\/lactualite-dinovallee-retour-sur-le-passage-de-la-saas-academy-a-inovallee\\\/\"},\"author\":{\"name\":\"Inovallee\",\"@id\":\"https:\\\/\\\/www.inovallee.com\\\/#\\\/schema\\\/person\\\/a45b15518aad3111b2d61d257a3e023b\"},\"headline\":\"L&#039;actualit\u00e9 d&#039;inovall\u00e9e : retour sur le passage de la SaaS Academy \u00e0 inovall\u00e9e !\",\"datePublished\":\"2015-05-15T15:08:00+00:00\",\"mainEntityOfPage\":{\"@id\":\"https:\\\/\\\/www.inovallee.com\\\/lactualite-dinovallee-retour-sur-le-passage-de-la-saas-academy-a-inovallee\\\/\"},\"wordCount\":282,\"publisher\":{\"@id\":\"https:\\\/\\\/www.inovallee.com\\\/#organization\"},\"image\":{\"@id\":\"https:\\\/\\\/www.inovallee.com\\\/lactualite-dinovallee-retour-sur-le-passage-de-la-saas-academy-a-inovallee\\\/#primaryimage\"},\"thumbnailUrl\":\"http:\\\/\\\/3.bp.blogspot.com\\\/-kZSlLOUr808\\\/VUtim0gz5QI\\\/AAAAAAAAQhc\\\/QDQNxgqpAXg\\\/s320\\\/DSC_3298.jpg\",\"articleSection\":[\"Technopole inovall\u00e9e\"],\"inLanguage\":\"en-GB\"},{\"@type\":\"WebPage\",\"@id\":\"https:\\\/\\\/www.inovallee.com\\\/lactualite-dinovallee-retour-sur-le-passage-de-la-saas-academy-a-inovallee\\\/\",\"url\":\"https:\\\/\\\/www.inovallee.com\\\/lactualite-dinovallee-retour-sur-le-passage-de-la-saas-academy-a-inovallee\\\/\",\"name\":\"L&#039;actualit\u00e9 d&#039;inovall\u00e9e : retour sur le passage de la SaaS Academy \u00e0 inovall\u00e9e ! - inovall\u00e9e\",\"isPartOf\":{\"@id\":\"https:\\\/\\\/www.inovallee.com\\\/#website\"},\"primaryImageOfPage\":{\"@id\":\"https:\\\/\\\/www.inovallee.com\\\/lactualite-dinovallee-retour-sur-le-passage-de-la-saas-academy-a-inovallee\\\/#primaryimage\"},\"image\":{\"@id\":\"https:\\\/\\\/www.inovallee.com\\\/lactualite-dinovallee-retour-sur-le-passage-de-la-saas-academy-a-inovallee\\\/#primaryimage\"},\"thumbnailUrl\":\"http:\\\/\\\/3.bp.blogspot.com\\\/-kZSlLOUr808\\\/VUtim0gz5QI\\\/AAAAAAAAQhc\\\/QDQNxgqpAXg\\\/s320\\\/DSC_3298.jpg\",\"datePublished\":\"2015-05-15T15:08:00+00:00\",\"breadcrumb\":{\"@id\":\"https:\\\/\\\/www.inovallee.com\\\/lactualite-dinovallee-retour-sur-le-passage-de-la-saas-academy-a-inovallee\\\/#breadcrumb\"},\"inLanguage\":\"en-GB\",\"potentialAction\":[{\"@type\":\"ReadAction\",\"target\":[\"https:\\\/\\\/www.inovallee.com\\\/lactualite-dinovallee-retour-sur-le-passage-de-la-saas-academy-a-inovallee\\\/\"]}]},{\"@type\":\"ImageObject\",\"inLanguage\":\"en-GB\",\"@id\":\"https:\\\/\\\/www.inovallee.com\\\/lactualite-dinovallee-retour-sur-le-passage-de-la-saas-academy-a-inovallee\\\/#primaryimage\",\"url\":\"http:\\\/\\\/3.bp.blogspot.com\\\/-kZSlLOUr808\\\/VUtim0gz5QI\\\/AAAAAAAAQhc\\\/QDQNxgqpAXg\\\/s320\\\/DSC_3298.jpg\",\"contentUrl\":\"http:\\\/\\\/3.bp.blogspot.com\\\/-kZSlLOUr808\\\/VUtim0gz5QI\\\/AAAAAAAAQhc\\\/QDQNxgqpAXg\\\/s320\\\/DSC_3298.jpg\"},{\"@type\":\"BreadcrumbList\",\"@id\":\"https:\\\/\\\/www.inovallee.com\\\/lactualite-dinovallee-retour-sur-le-passage-de-la-saas-academy-a-inovallee\\\/#breadcrumb\",\"itemListElement\":[{\"@type\":\"ListItem\",\"position\":1,\"name\":\"Accueil\",\"item\":\"https:\\\/\\\/www.inovallee.com\\\/\"},{\"@type\":\"ListItem\",\"position\":2,\"name\":\"L&#039;actualit\u00e9 d&#039;inovall\u00e9e : retour sur le passage de la SaaS Academy \u00e0 inovall\u00e9e !\"}]},{\"@type\":\"WebSite\",\"@id\":\"https:\\\/\\\/www.inovallee.com\\\/#website\",\"url\":\"https:\\\/\\\/www.inovallee.com\\\/\",\"name\":\"inovall\u00e9e technopole, Home to software & smart technologies\",\"description\":\"Home to software &amp; smart technologies\",\"publisher\":{\"@id\":\"https:\\\/\\\/www.inovallee.com\\\/#organization\"},\"potentialAction\":[{\"@type\":\"SearchAction\",\"target\":{\"@type\":\"EntryPoint\",\"urlTemplate\":\"https:\\\/\\\/www.inovallee.com\\\/?s={search_term_string}\"},\"query-input\":{\"@type\":\"PropertyValueSpecification\",\"valueRequired\":true,\"valueName\":\"search_term_string\"}}],\"inLanguage\":\"en-GB\"},{\"@type\":\"Organization\",\"@id\":\"https:\\\/\\\/www.inovallee.com\\\/#organization\",\"name\":\"inovall\u00e9e\",\"url\":\"https:\\\/\\\/www.inovallee.com\\\/\",\"logo\":{\"@type\":\"ImageObject\",\"inLanguage\":\"en-GB\",\"@id\":\"https:\\\/\\\/www.inovallee.com\\\/#\\\/schema\\\/logo\\\/image\\\/\",\"url\":\"https:\\\/\\\/www.inovallee.com\\\/wp-content\\\/uploads\\\/2023\\\/08\\\/inovallee_2022_GrenobleAlpes.png\",\"contentUrl\":\"https:\\\/\\\/www.inovallee.com\\\/wp-content\\\/uploads\\\/2023\\\/08\\\/inovallee_2022_GrenobleAlpes.png\",\"width\":945,\"height\":369,\"caption\":\"inovall\u00e9e\"},\"image\":{\"@id\":\"https:\\\/\\\/www.inovallee.com\\\/#\\\/schema\\\/logo\\\/image\\\/\"},\"sameAs\":[\"https:\\\/\\\/www.facebook.com\\\/technopoleinovallee\\\/\",\"https:\\\/\\\/x.com\\\/inovallee\",\"https:\\\/\\\/www.linkedin.com\\\/company\\\/inovall-e\\\/\",\"https:\\\/\\\/www.youtube.com\\\/user\\\/inovallee?reload=9\"]},{\"@type\":\"Person\",\"@id\":\"https:\\\/\\\/www.inovallee.com\\\/#\\\/schema\\\/person\\\/a45b15518aad3111b2d61d257a3e023b\",\"name\":\"Inovallee\"}]}<\/script>\n<!-- \/ Yoast SEO plugin. -->","yoast_head_json":{"title":"L&#039;actualit\u00e9 d&#039;inovall\u00e9e : retour sur le passage de la SaaS Academy \u00e0 inovall\u00e9e ! - inovall\u00e9e","robots":{"index":"index","follow":"follow","max-snippet":"max-snippet:-1","max-image-preview":"max-image-preview:large","max-video-preview":"max-video-preview:-1"},"canonical":"https:\/\/www.inovallee.com\/en\/lactualite-dinovallee-retour-sur-le-passage-de-la-saas-academy-a-inovallee\/","og_locale":"en_GB","og_type":"article","og_title":"L&#039;actualit\u00e9 d&#039;inovall\u00e9e : retour sur le passage de la SaaS Academy \u00e0 inovall\u00e9e ! - inovall\u00e9e","og_description":"Mardi 6 mai, Jean-Marie Davesnes, chef de projet de la SaaS Academy, a sensibilis\u00e9 une dizaine d&rsquo;\u00e9diteurs de logiciels d\u00e9sireux de s&rsquo;informer sur le passage au SaaS (Software as a Service).Accompagner les \u00e9diteurs de logiciels dans leur transformation vers le mode SaaS et le cloud, les guider dans leur d\u00e9marche, les informer le plus justement [&hellip;]","og_url":"https:\/\/www.inovallee.com\/en\/lactualite-dinovallee-retour-sur-le-passage-de-la-saas-academy-a-inovallee\/","og_site_name":"inovall\u00e9e","article_publisher":"https:\/\/www.facebook.com\/technopoleinovallee\/","article_published_time":"2015-05-15T15:08:00+00:00","og_image":[{"url":"http:\/\/3.bp.blogspot.com\/-kZSlLOUr808\/VUtim0gz5QI\/AAAAAAAAQhc\/QDQNxgqpAXg\/s320\/DSC_3298.jpg","type":"","width":"","height":""}],"author":"Inovallee","twitter_card":"summary_large_image","twitter_creator":"@inovallee","twitter_site":"@inovallee","twitter_misc":{"Written by":"Inovallee","Estimated reading time":"1 minute"},"schema":{"@context":"https:\/\/schema.org","@graph":[{"@type":"Article","@id":"https:\/\/www.inovallee.com\/lactualite-dinovallee-retour-sur-le-passage-de-la-saas-academy-a-inovallee\/#article","isPartOf":{"@id":"https:\/\/www.inovallee.com\/lactualite-dinovallee-retour-sur-le-passage-de-la-saas-academy-a-inovallee\/"},"author":{"name":"Inovallee","@id":"https:\/\/www.inovallee.com\/#\/schema\/person\/a45b15518aad3111b2d61d257a3e023b"},"headline":"L&#039;actualit\u00e9 d&#039;inovall\u00e9e : retour sur le passage de la SaaS Academy \u00e0 inovall\u00e9e !","datePublished":"2015-05-15T15:08:00+00:00","mainEntityOfPage":{"@id":"https:\/\/www.inovallee.com\/lactualite-dinovallee-retour-sur-le-passage-de-la-saas-academy-a-inovallee\/"},"wordCount":282,"publisher":{"@id":"https:\/\/www.inovallee.com\/#organization"},"image":{"@id":"https:\/\/www.inovallee.com\/lactualite-dinovallee-retour-sur-le-passage-de-la-saas-academy-a-inovallee\/#primaryimage"},"thumbnailUrl":"http:\/\/3.bp.blogspot.com\/-kZSlLOUr808\/VUtim0gz5QI\/AAAAAAAAQhc\/QDQNxgqpAXg\/s320\/DSC_3298.jpg","articleSection":["Technopole inovall\u00e9e"],"inLanguage":"en-GB"},{"@type":"WebPage","@id":"https:\/\/www.inovallee.com\/lactualite-dinovallee-retour-sur-le-passage-de-la-saas-academy-a-inovallee\/","url":"https:\/\/www.inovallee.com\/lactualite-dinovallee-retour-sur-le-passage-de-la-saas-academy-a-inovallee\/","name":"L&#039;actualit\u00e9 d&#039;inovall\u00e9e : retour sur le passage de la SaaS Academy \u00e0 inovall\u00e9e ! - inovall\u00e9e","isPartOf":{"@id":"https:\/\/www.inovallee.com\/#website"},"primaryImageOfPage":{"@id":"https:\/\/www.inovallee.com\/lactualite-dinovallee-retour-sur-le-passage-de-la-saas-academy-a-inovallee\/#primaryimage"},"image":{"@id":"https:\/\/www.inovallee.com\/lactualite-dinovallee-retour-sur-le-passage-de-la-saas-academy-a-inovallee\/#primaryimage"},"thumbnailUrl":"http:\/\/3.bp.blogspot.com\/-kZSlLOUr808\/VUtim0gz5QI\/AAAAAAAAQhc\/QDQNxgqpAXg\/s320\/DSC_3298.jpg","datePublished":"2015-05-15T15:08:00+00:00","breadcrumb":{"@id":"https:\/\/www.inovallee.com\/lactualite-dinovallee-retour-sur-le-passage-de-la-saas-academy-a-inovallee\/#breadcrumb"},"inLanguage":"en-GB","potentialAction":[{"@type":"ReadAction","target":["https:\/\/www.inovallee.com\/lactualite-dinovallee-retour-sur-le-passage-de-la-saas-academy-a-inovallee\/"]}]},{"@type":"ImageObject","inLanguage":"en-GB","@id":"https:\/\/www.inovallee.com\/lactualite-dinovallee-retour-sur-le-passage-de-la-saas-academy-a-inovallee\/#primaryimage","url":"http:\/\/3.bp.blogspot.com\/-kZSlLOUr808\/VUtim0gz5QI\/AAAAAAAAQhc\/QDQNxgqpAXg\/s320\/DSC_3298.jpg","contentUrl":"http:\/\/3.bp.blogspot.com\/-kZSlLOUr808\/VUtim0gz5QI\/AAAAAAAAQhc\/QDQNxgqpAXg\/s320\/DSC_3298.jpg"},{"@type":"BreadcrumbList","@id":"https:\/\/www.inovallee.com\/lactualite-dinovallee-retour-sur-le-passage-de-la-saas-academy-a-inovallee\/#breadcrumb","itemListElement":[{"@type":"ListItem","position":1,"name":"Accueil","item":"https:\/\/www.inovallee.com\/"},{"@type":"ListItem","position":2,"name":"L&#039;actualit\u00e9 d&#039;inovall\u00e9e : retour sur le passage de la SaaS Academy \u00e0 inovall\u00e9e !"}]},{"@type":"WebSite","@id":"https:\/\/www.inovallee.com\/#website","url":"https:\/\/www.inovallee.com\/","name":"inovall\u00e9e technopole, Home to software & smart technologies","description":"Home to software &amp; smart technologies","publisher":{"@id":"https:\/\/www.inovallee.com\/#organization"},"potentialAction":[{"@type":"SearchAction","target":{"@type":"EntryPoint","urlTemplate":"https:\/\/www.inovallee.com\/?s={search_term_string}"},"query-input":{"@type":"PropertyValueSpecification","valueRequired":true,"valueName":"search_term_string"}}],"inLanguage":"en-GB"},{"@type":"Organization","@id":"https:\/\/www.inovallee.com\/#organization","name":"inovall\u00e9e","url":"https:\/\/www.inovallee.com\/","logo":{"@type":"ImageObject","inLanguage":"en-GB","@id":"https:\/\/www.inovallee.com\/#\/schema\/logo\/image\/","url":"https:\/\/www.inovallee.com\/wp-content\/uploads\/2023\/08\/inovallee_2022_GrenobleAlpes.png","contentUrl":"https:\/\/www.inovallee.com\/wp-content\/uploads\/2023\/08\/inovallee_2022_GrenobleAlpes.png","width":945,"height":369,"caption":"inovall\u00e9e"},"image":{"@id":"https:\/\/www.inovallee.com\/#\/schema\/logo\/image\/"},"sameAs":["https:\/\/www.facebook.com\/technopoleinovallee\/","https:\/\/x.com\/inovallee","https:\/\/www.linkedin.com\/company\/inovall-e\/","https:\/\/www.youtube.com\/user\/inovallee?reload=9"]},{"@type":"Person","@id":"https:\/\/www.inovallee.com\/#\/schema\/person\/a45b15518aad3111b2d61d257a3e023b","name":"Inovallee"}]}},"_links":{"self":[{"href":"https:\/\/www.inovallee.com\/en\/wp-json\/wp\/v2\/posts\/28797","targetHints":{"allow":["GET"]}}],"collection":[{"href":"https:\/\/www.inovallee.com\/en\/wp-json\/wp\/v2\/posts"}],"about":[{"href":"https:\/\/www.inovallee.com\/en\/wp-json\/wp\/v2\/types\/post"}],"author":[{"embeddable":true,"href":"https:\/\/www.inovallee.com\/en\/wp-json\/wp\/v2\/users\/6"}],"replies":[{"embeddable":true,"href":"https:\/\/www.inovallee.com\/en\/wp-json\/wp\/v2\/comments?post=28797"}],"version-history":[{"count":0,"href":"https:\/\/www.inovallee.com\/en\/wp-json\/wp\/v2\/posts\/28797\/revisions"}],"wp:attachment":[{"href":"https:\/\/www.inovallee.com\/en\/wp-json\/wp\/v2\/media?parent=28797"}],"wp:term":[{"taxonomy":"category","embeddable":true,"href":"https:\/\/www.inovallee.com\/en\/wp-json\/wp\/v2\/categories?post=28797"},{"taxonomy":"post_tag","embeddable":true,"href":"https:\/\/www.inovallee.com\/en\/wp-json\/wp\/v2\/tags?post=28797"}],"curies":[{"name":"wp","href":"https:\/\/api.w.org\/{rel}","templated":true}]}}