{"id":28801,"date":"2015-05-12T14:09:00","date_gmt":"2015-05-12T13:09:00","guid":{"rendered":"https:\/\/www.inovallee.com\/participez-au-forum-des-docteurs-le-mardi-9-juin-au-stade-des-alpes\/"},"modified":"2015-05-12T14:09:00","modified_gmt":"2015-05-12T13:09:00","slug":"participez-au-forum-des-docteurs-le-mardi-9-juin-au-stade-des-alpes","status":"publish","type":"post","link":"https:\/\/www.inovallee.com\/en\/participez-au-forum-des-docteurs-le-mardi-9-juin-au-stade-des-alpes\/","title":{"rendered":"Participez au forum des docteurs le mardi 9 juin au stade des Alpes"},"content":{"rendered":"<div dir=\"ltr\" style=\"text-align: left;\">\n<div style=\"clear: both; text-align: center;\"><a href=\"http:\/\/2.bp.blogspot.com\/-ZLsK6Vrv5LI\/VVHqypuSZDI\/AAAAAAAAQlQ\/cTNYf33O0-4\/s1600\/logos-journee-docteur.jpg\" style=\"clear: left; float: left; margin-bottom: 1em; margin-right: 1em;\"><img decoding=\"async\" border=\"0\" height=\"93\" src=\"http:\/\/2.bp.blogspot.com\/-ZLsK6Vrv5LI\/VVHqypuSZDI\/AAAAAAAAQlQ\/cTNYf33O0-4\/s200\/logos-journee-docteur.jpg\" width=\"200\" \/><\/a><\/div>\n<div><span style=\"font-family: Arial, Helvetica, sans-serif; font-size: x-small;\">Suite au succ\u00e8s de l&rsquo;\u00e9dition 2014, le CNRS et le P\u00f4le Emploi, en partenariat avec l&rsquo;Inserm et l\u2019universit\u00e9 Grenoble Alpes, organisent, pour la deuxi\u00e8me ann\u00e9e cons\u00e9cutive, un grand forum de recrutement d\u00e9di\u00e9 aux titulaires d\u2019un doctorat. Vous \u00eates doctorant ou titulaire d&rsquo;un doctorat et \u00e0 la recherche d&rsquo;un emploi ? Rencontrez-les en direct les entreprises dans vos secteurs d&rsquo;activit\u00e9 !&nbsp;<\/span><\/div>\n<div><span style=\"font-family: Arial, Helvetica, sans-serif; font-size: x-small;\"><br \/><\/span><\/div>\n<div><span style=\"font-family: Arial, Helvetica, sans-serif; font-size: x-small;\"><b>AU PROGRAMME :&nbsp;<\/b><\/span><\/div>\n<div><span style=\"font-family: Arial, Helvetica, sans-serif; font-size: x-small;\">&#8211; Job dating<\/span><\/div>\n<div><span style=\"font-family: Arial, Helvetica, sans-serif; font-size: x-small;\">&#8211; Conf\u00e9rences (entr\u00e9e libre)<\/span><\/div>\n<div><span style=\"font-family: Arial, Helvetica, sans-serif; font-size: x-small;\">&#8211; Tables rondes (entr\u00e9e libre)<\/span><\/div>\n<div><span style=\"font-family: Arial, Helvetica, sans-serif; font-size: x-small;\"><br \/><\/span><\/div>\n<div><span style=\"font-family: Arial, Helvetica, sans-serif; font-size: x-small;\"><b>HORAIRES :<\/b><\/span><\/div>\n<div><span style=\"font-family: Arial, Helvetica, sans-serif; font-size: x-small;\">Mardi 9 juin de 9h15 \u00e0 12h et de 13h30 \u00e0 17h30<\/span><\/div>\n<div><span style=\"font-family: Arial, Helvetica, sans-serif; font-size: x-small;\"><br \/><\/span><\/div>\n<div><span style=\"font-family: Arial, Helvetica, sans-serif; font-size: x-small;\"><b>LIEU :&nbsp;<\/b><\/span><\/div>\n<div><span style=\"font-family: Arial, Helvetica, sans-serif; font-size: x-small;\">Stade des Alpes, Grenoble<\/span><br \/><span style=\"font-family: Arial, Helvetica, sans-serif; font-size: x-small;\"><br \/><\/span><span style=\"font-family: Arial, Helvetica, sans-serif; font-size: x-small;\"><b>PLUS D&rsquo;INFOS<\/b> <a href=\"http:\/\/www.pole-emploi-evenements.fr\/index.php?\/Evenements\/9087-forum-de-recrutement-docteurs.html\" target=\"_blank\" rel=\"noopener noreferrer\">ici<\/a><\/span><\/div>\n<div><span style=\"font-family: Arial, Helvetica, sans-serif;\"><br \/><\/span><\/div>\n<div><span style=\"font-family: Arial, Helvetica, sans-serif;\"><span style=\"color: #ed7f06; font-weight: bold; line-height: 1em;\">Atelier \u00ab\u00a05 mn pour convaincre\u00a0\u00bb<\/span><br style=\"line-height: 17.2799987792969px;\" \/><span style=\"font-size: x-small;\"><b style=\"line-height: 17.2799987792969px;\">Vous souhaitez vous pr\u00e9parer en amont&nbsp;du forum ? Des ateliers de pr\u00e9paration peuvent vous aider \u00e0 \u00eatre pr\u00eat le jour J !<\/b><span style=\"background-color: white; line-height: 17.2799987792969px;\">Se pr\u00e9senter sur un forum de recrutement n\u00e9cessite de savoir exposer dans un temps limit\u00e9 quelques points forts de votre exp\u00e9rience, faire ressortir vos comp\u00e9tences, exposer votre projet professionnel.&nbsp;<\/span><br style=\"line-height: 17.2799987792969px;\" \/><span style=\"background-color: white; line-height: 17.2799987792969px;\">Vous avez besoin de conseils ? Inscrivez-vous \u00e0 l&rsquo;atelier d&rsquo;une 1\/2 journ\u00e9e&nbsp;<\/span><b style=\"line-height: 17.2799987792969px;\">\u00ab\u00a05 minutes pour convaincre\u00a0\u00bb&nbsp;<\/b><span style=\"background-color: white; line-height: 17.2799987792969px;\">!&nbsp;<\/span><span style=\"background-color: white; line-height: 17.2799987792969px;\">programm\u00e9 entre le 1er et le 5 juin :&nbsp;<\/span><\/span><\/span><\/div>\n<div><span style=\"font-family: Arial, Helvetica, sans-serif; font-size: x-small;\"><span style=\"color: #ed7f06; line-height: 17.2799987792969px;\">\u25ba<\/span><span style=\"background-color: white; line-height: 17.2799987792969px;\">&nbsp;Pour vous inscrire merci de contacter votre conseiller P\u00f4le emploi.<\/span><\/span><\/div>\n<div><span style=\"background-color: white; line-height: 17.2799987792969px;\"><span style=\"font-family: Arial, Helvetica, sans-serif; font-size: x-small;\"><br \/><\/span><\/span><\/div>\n<div style=\"line-height: 17.2799987792969px;\"><span style=\"font-family: Arial, Helvetica, sans-serif; font-size: x-small;\"><span style=\"color: #ed7f06; font-weight: 700;\">Astuces pour le jour J<\/span><br \/><span style=\"color: #ed7f06;\">\u25ba<\/span>&nbsp;Pensez \u00e0 apporter un nombre suffisant de CV mis \u00e0 jour.<br \/><span style=\"color: #ed7f06;\">\u25ba<\/span>&nbsp;Consultez&nbsp;&nbsp;les conseils de pr\u00e9paration sur&nbsp;<a href=\"http:\/\/www.pole-emploi-evenements.fr\/index.php?\/Evenements\/9087-forum-de-recrutement-docteurs.html\" target=\"_blank\" rel=\"noopener noreferrer\">pole-emploi-evenements.fr<\/a><\/span><\/div>\n<div><span style=\"font-family: Arial, Helvetica, sans-serif; font-size: x-small;\"><br \/><\/span><\/div>\n<div><span style=\"font-family: Arial, Helvetica, sans-serif; font-size: x-small;\"><br \/><\/span><\/div>\n<\/div>","protected":false},"excerpt":{"rendered":"<p>Suite au succ\u00e8s de l&rsquo;\u00e9dition 2014, le CNRS et le P\u00f4le Emploi, en partenariat avec l&rsquo;Inserm et l\u2019universit\u00e9 Grenoble Alpes, organisent, pour la deuxi\u00e8me ann\u00e9e cons\u00e9cutive, un grand forum de recrutement d\u00e9di\u00e9 aux titulaires d\u2019un doctorat. Vous \u00eates doctorant ou titulaire d&rsquo;un doctorat et \u00e0 la recherche d&rsquo;un emploi ? Rencontrez-les en direct les entreprises [&hellip;]<\/p>\n","protected":false},"author":6,"featured_media":0,"comment_status":"closed","ping_status":"open","sticky":false,"template":"","format":"standard","meta":{"footnotes":""},"categories":[35],"tags":[],"class_list":["post-28801","post","type-post","status-publish","format-standard","hentry","category-sports-loisirs-culture-inovallee"],"yoast_head":"<!-- This site is optimized with the Yoast SEO plugin v27.4 - https:\/\/yoast.com\/product\/yoast-seo-wordpress\/ -->\n<title>Participez au forum des docteurs le mardi 9 juin au stade des Alpes - inovall\u00e9e<\/title>\n<meta name=\"robots\" content=\"index, follow, max-snippet:-1, max-image-preview:large, max-video-preview:-1\" \/>\n<link rel=\"canonical\" href=\"https:\/\/www.inovallee.com\/en\/participez-au-forum-des-docteurs-le-mardi-9-juin-au-stade-des-alpes\/\" \/>\n<meta property=\"og:locale\" content=\"en_GB\" \/>\n<meta property=\"og:type\" content=\"article\" \/>\n<meta property=\"og:title\" content=\"Participez au forum des docteurs le mardi 9 juin au stade des Alpes - inovall\u00e9e\" \/>\n<meta property=\"og:description\" content=\"Suite au succ\u00e8s de l&rsquo;\u00e9dition 2014, le CNRS et le P\u00f4le Emploi, en partenariat avec l&rsquo;Inserm et l\u2019universit\u00e9 Grenoble Alpes, organisent, pour la deuxi\u00e8me ann\u00e9e cons\u00e9cutive, un grand forum de recrutement d\u00e9di\u00e9 aux titulaires d\u2019un doctorat. Vous \u00eates doctorant ou titulaire d&rsquo;un doctorat et \u00e0 la recherche d&rsquo;un emploi ? Rencontrez-les en direct les entreprises [&hellip;]\" \/>\n<meta property=\"og:url\" content=\"https:\/\/www.inovallee.com\/en\/participez-au-forum-des-docteurs-le-mardi-9-juin-au-stade-des-alpes\/\" \/>\n<meta property=\"og:site_name\" content=\"inovall\u00e9e\" \/>\n<meta property=\"article:publisher\" content=\"https:\/\/www.facebook.com\/technopoleinovallee\/\" \/>\n<meta property=\"article:published_time\" content=\"2015-05-12T13:09:00+00:00\" \/>\n<meta property=\"og:image\" content=\"http:\/\/2.bp.blogspot.com\/-ZLsK6Vrv5LI\/VVHqypuSZDI\/AAAAAAAAQlQ\/cTNYf33O0-4\/s200\/logos-journee-docteur.jpg\" \/>\n<meta name=\"author\" content=\"Inovallee\" \/>\n<meta name=\"twitter:card\" content=\"summary_large_image\" \/>\n<meta name=\"twitter:creator\" content=\"@inovallee\" \/>\n<meta name=\"twitter:site\" content=\"@inovallee\" \/>\n<meta name=\"twitter:label1\" content=\"Written by\" \/>\n\t<meta name=\"twitter:data1\" content=\"Inovallee\" \/>\n\t<meta name=\"twitter:label2\" content=\"Estimated reading time\" \/>\n\t<meta name=\"twitter:data2\" content=\"1 minute\" \/>\n<script type=\"application\/ld+json\" class=\"yoast-schema-graph\">{\"@context\":\"https:\\\/\\\/schema.org\",\"@graph\":[{\"@type\":\"Article\",\"@id\":\"https:\\\/\\\/www.inovallee.com\\\/participez-au-forum-des-docteurs-le-mardi-9-juin-au-stade-des-alpes\\\/#article\",\"isPartOf\":{\"@id\":\"https:\\\/\\\/www.inovallee.com\\\/participez-au-forum-des-docteurs-le-mardi-9-juin-au-stade-des-alpes\\\/\"},\"author\":{\"name\":\"Inovallee\",\"@id\":\"https:\\\/\\\/www.inovallee.com\\\/#\\\/schema\\\/person\\\/a45b15518aad3111b2d61d257a3e023b\"},\"headline\":\"Participez au forum des docteurs le mardi 9 juin au stade des Alpes\",\"datePublished\":\"2015-05-12T13:09:00+00:00\",\"mainEntityOfPage\":{\"@id\":\"https:\\\/\\\/www.inovallee.com\\\/participez-au-forum-des-docteurs-le-mardi-9-juin-au-stade-des-alpes\\\/\"},\"wordCount\":248,\"publisher\":{\"@id\":\"https:\\\/\\\/www.inovallee.com\\\/#organization\"},\"image\":{\"@id\":\"https:\\\/\\\/www.inovallee.com\\\/participez-au-forum-des-docteurs-le-mardi-9-juin-au-stade-des-alpes\\\/#primaryimage\"},\"thumbnailUrl\":\"http:\\\/\\\/2.bp.blogspot.com\\\/-ZLsK6Vrv5LI\\\/VVHqypuSZDI\\\/AAAAAAAAQlQ\\\/cTNYf33O0-4\\\/s200\\\/logos-journee-docteur.jpg\",\"articleSection\":[\"Sports &amp; Loisirs\"],\"inLanguage\":\"en-GB\"},{\"@type\":\"WebPage\",\"@id\":\"https:\\\/\\\/www.inovallee.com\\\/participez-au-forum-des-docteurs-le-mardi-9-juin-au-stade-des-alpes\\\/\",\"url\":\"https:\\\/\\\/www.inovallee.com\\\/participez-au-forum-des-docteurs-le-mardi-9-juin-au-stade-des-alpes\\\/\",\"name\":\"Participez au forum des docteurs le mardi 9 juin au stade des Alpes - inovall\u00e9e\",\"isPartOf\":{\"@id\":\"https:\\\/\\\/www.inovallee.com\\\/#website\"},\"primaryImageOfPage\":{\"@id\":\"https:\\\/\\\/www.inovallee.com\\\/participez-au-forum-des-docteurs-le-mardi-9-juin-au-stade-des-alpes\\\/#primaryimage\"},\"image\":{\"@id\":\"https:\\\/\\\/www.inovallee.com\\\/participez-au-forum-des-docteurs-le-mardi-9-juin-au-stade-des-alpes\\\/#primaryimage\"},\"thumbnailUrl\":\"http:\\\/\\\/2.bp.blogspot.com\\\/-ZLsK6Vrv5LI\\\/VVHqypuSZDI\\\/AAAAAAAAQlQ\\\/cTNYf33O0-4\\\/s200\\\/logos-journee-docteur.jpg\",\"datePublished\":\"2015-05-12T13:09:00+00:00\",\"breadcrumb\":{\"@id\":\"https:\\\/\\\/www.inovallee.com\\\/participez-au-forum-des-docteurs-le-mardi-9-juin-au-stade-des-alpes\\\/#breadcrumb\"},\"inLanguage\":\"en-GB\",\"potentialAction\":[{\"@type\":\"ReadAction\",\"target\":[\"https:\\\/\\\/www.inovallee.com\\\/participez-au-forum-des-docteurs-le-mardi-9-juin-au-stade-des-alpes\\\/\"]}]},{\"@type\":\"ImageObject\",\"inLanguage\":\"en-GB\",\"@id\":\"https:\\\/\\\/www.inovallee.com\\\/participez-au-forum-des-docteurs-le-mardi-9-juin-au-stade-des-alpes\\\/#primaryimage\",\"url\":\"http:\\\/\\\/2.bp.blogspot.com\\\/-ZLsK6Vrv5LI\\\/VVHqypuSZDI\\\/AAAAAAAAQlQ\\\/cTNYf33O0-4\\\/s200\\\/logos-journee-docteur.jpg\",\"contentUrl\":\"http:\\\/\\\/2.bp.blogspot.com\\\/-ZLsK6Vrv5LI\\\/VVHqypuSZDI\\\/AAAAAAAAQlQ\\\/cTNYf33O0-4\\\/s200\\\/logos-journee-docteur.jpg\"},{\"@type\":\"BreadcrumbList\",\"@id\":\"https:\\\/\\\/www.inovallee.com\\\/participez-au-forum-des-docteurs-le-mardi-9-juin-au-stade-des-alpes\\\/#breadcrumb\",\"itemListElement\":[{\"@type\":\"ListItem\",\"position\":1,\"name\":\"Accueil\",\"item\":\"https:\\\/\\\/www.inovallee.com\\\/\"},{\"@type\":\"ListItem\",\"position\":2,\"name\":\"Participez au forum des docteurs le mardi 9 juin au stade des Alpes\"}]},{\"@type\":\"WebSite\",\"@id\":\"https:\\\/\\\/www.inovallee.com\\\/#website\",\"url\":\"https:\\\/\\\/www.inovallee.com\\\/\",\"name\":\"inovall\u00e9e technopole, Home to software & smart technologies\",\"description\":\"Home to software &amp; smart technologies\",\"publisher\":{\"@id\":\"https:\\\/\\\/www.inovallee.com\\\/#organization\"},\"potentialAction\":[{\"@type\":\"SearchAction\",\"target\":{\"@type\":\"EntryPoint\",\"urlTemplate\":\"https:\\\/\\\/www.inovallee.com\\\/?s={search_term_string}\"},\"query-input\":{\"@type\":\"PropertyValueSpecification\",\"valueRequired\":true,\"valueName\":\"search_term_string\"}}],\"inLanguage\":\"en-GB\"},{\"@type\":\"Organization\",\"@id\":\"https:\\\/\\\/www.inovallee.com\\\/#organization\",\"name\":\"inovall\u00e9e\",\"url\":\"https:\\\/\\\/www.inovallee.com\\\/\",\"logo\":{\"@type\":\"ImageObject\",\"inLanguage\":\"en-GB\",\"@id\":\"https:\\\/\\\/www.inovallee.com\\\/#\\\/schema\\\/logo\\\/image\\\/\",\"url\":\"https:\\\/\\\/www.inovallee.com\\\/wp-content\\\/uploads\\\/2023\\\/08\\\/inovallee_2022_GrenobleAlpes.png\",\"contentUrl\":\"https:\\\/\\\/www.inovallee.com\\\/wp-content\\\/uploads\\\/2023\\\/08\\\/inovallee_2022_GrenobleAlpes.png\",\"width\":945,\"height\":369,\"caption\":\"inovall\u00e9e\"},\"image\":{\"@id\":\"https:\\\/\\\/www.inovallee.com\\\/#\\\/schema\\\/logo\\\/image\\\/\"},\"sameAs\":[\"https:\\\/\\\/www.facebook.com\\\/technopoleinovallee\\\/\",\"https:\\\/\\\/x.com\\\/inovallee\",\"https:\\\/\\\/www.linkedin.com\\\/company\\\/inovall-e\\\/\",\"https:\\\/\\\/www.youtube.com\\\/user\\\/inovallee?reload=9\"]},{\"@type\":\"Person\",\"@id\":\"https:\\\/\\\/www.inovallee.com\\\/#\\\/schema\\\/person\\\/a45b15518aad3111b2d61d257a3e023b\",\"name\":\"Inovallee\"}]}<\/script>\n<!-- \/ Yoast SEO plugin. -->","yoast_head_json":{"title":"Participez au forum des docteurs le mardi 9 juin au stade des Alpes - inovall\u00e9e","robots":{"index":"index","follow":"follow","max-snippet":"max-snippet:-1","max-image-preview":"max-image-preview:large","max-video-preview":"max-video-preview:-1"},"canonical":"https:\/\/www.inovallee.com\/en\/participez-au-forum-des-docteurs-le-mardi-9-juin-au-stade-des-alpes\/","og_locale":"en_GB","og_type":"article","og_title":"Participez au forum des docteurs le mardi 9 juin au stade des Alpes - inovall\u00e9e","og_description":"Suite au succ\u00e8s de l&rsquo;\u00e9dition 2014, le CNRS et le P\u00f4le Emploi, en partenariat avec l&rsquo;Inserm et l\u2019universit\u00e9 Grenoble Alpes, organisent, pour la deuxi\u00e8me ann\u00e9e cons\u00e9cutive, un grand forum de recrutement d\u00e9di\u00e9 aux titulaires d\u2019un doctorat. Vous \u00eates doctorant ou titulaire d&rsquo;un doctorat et \u00e0 la recherche d&rsquo;un emploi ? Rencontrez-les en direct les entreprises [&hellip;]","og_url":"https:\/\/www.inovallee.com\/en\/participez-au-forum-des-docteurs-le-mardi-9-juin-au-stade-des-alpes\/","og_site_name":"inovall\u00e9e","article_publisher":"https:\/\/www.facebook.com\/technopoleinovallee\/","article_published_time":"2015-05-12T13:09:00+00:00","og_image":[{"url":"http:\/\/2.bp.blogspot.com\/-ZLsK6Vrv5LI\/VVHqypuSZDI\/AAAAAAAAQlQ\/cTNYf33O0-4\/s200\/logos-journee-docteur.jpg","type":"","width":"","height":""}],"author":"Inovallee","twitter_card":"summary_large_image","twitter_creator":"@inovallee","twitter_site":"@inovallee","twitter_misc":{"Written by":"Inovallee","Estimated reading time":"1 minute"},"schema":{"@context":"https:\/\/schema.org","@graph":[{"@type":"Article","@id":"https:\/\/www.inovallee.com\/participez-au-forum-des-docteurs-le-mardi-9-juin-au-stade-des-alpes\/#article","isPartOf":{"@id":"https:\/\/www.inovallee.com\/participez-au-forum-des-docteurs-le-mardi-9-juin-au-stade-des-alpes\/"},"author":{"name":"Inovallee","@id":"https:\/\/www.inovallee.com\/#\/schema\/person\/a45b15518aad3111b2d61d257a3e023b"},"headline":"Participez au forum des docteurs le mardi 9 juin au stade des Alpes","datePublished":"2015-05-12T13:09:00+00:00","mainEntityOfPage":{"@id":"https:\/\/www.inovallee.com\/participez-au-forum-des-docteurs-le-mardi-9-juin-au-stade-des-alpes\/"},"wordCount":248,"publisher":{"@id":"https:\/\/www.inovallee.com\/#organization"},"image":{"@id":"https:\/\/www.inovallee.com\/participez-au-forum-des-docteurs-le-mardi-9-juin-au-stade-des-alpes\/#primaryimage"},"thumbnailUrl":"http:\/\/2.bp.blogspot.com\/-ZLsK6Vrv5LI\/VVHqypuSZDI\/AAAAAAAAQlQ\/cTNYf33O0-4\/s200\/logos-journee-docteur.jpg","articleSection":["Sports &amp; Loisirs"],"inLanguage":"en-GB"},{"@type":"WebPage","@id":"https:\/\/www.inovallee.com\/participez-au-forum-des-docteurs-le-mardi-9-juin-au-stade-des-alpes\/","url":"https:\/\/www.inovallee.com\/participez-au-forum-des-docteurs-le-mardi-9-juin-au-stade-des-alpes\/","name":"Participez au forum des docteurs le mardi 9 juin au stade des Alpes - inovall\u00e9e","isPartOf":{"@id":"https:\/\/www.inovallee.com\/#website"},"primaryImageOfPage":{"@id":"https:\/\/www.inovallee.com\/participez-au-forum-des-docteurs-le-mardi-9-juin-au-stade-des-alpes\/#primaryimage"},"image":{"@id":"https:\/\/www.inovallee.com\/participez-au-forum-des-docteurs-le-mardi-9-juin-au-stade-des-alpes\/#primaryimage"},"thumbnailUrl":"http:\/\/2.bp.blogspot.com\/-ZLsK6Vrv5LI\/VVHqypuSZDI\/AAAAAAAAQlQ\/cTNYf33O0-4\/s200\/logos-journee-docteur.jpg","datePublished":"2015-05-12T13:09:00+00:00","breadcrumb":{"@id":"https:\/\/www.inovallee.com\/participez-au-forum-des-docteurs-le-mardi-9-juin-au-stade-des-alpes\/#breadcrumb"},"inLanguage":"en-GB","potentialAction":[{"@type":"ReadAction","target":["https:\/\/www.inovallee.com\/participez-au-forum-des-docteurs-le-mardi-9-juin-au-stade-des-alpes\/"]}]},{"@type":"ImageObject","inLanguage":"en-GB","@id":"https:\/\/www.inovallee.com\/participez-au-forum-des-docteurs-le-mardi-9-juin-au-stade-des-alpes\/#primaryimage","url":"http:\/\/2.bp.blogspot.com\/-ZLsK6Vrv5LI\/VVHqypuSZDI\/AAAAAAAAQlQ\/cTNYf33O0-4\/s200\/logos-journee-docteur.jpg","contentUrl":"http:\/\/2.bp.blogspot.com\/-ZLsK6Vrv5LI\/VVHqypuSZDI\/AAAAAAAAQlQ\/cTNYf33O0-4\/s200\/logos-journee-docteur.jpg"},{"@type":"BreadcrumbList","@id":"https:\/\/www.inovallee.com\/participez-au-forum-des-docteurs-le-mardi-9-juin-au-stade-des-alpes\/#breadcrumb","itemListElement":[{"@type":"ListItem","position":1,"name":"Accueil","item":"https:\/\/www.inovallee.com\/"},{"@type":"ListItem","position":2,"name":"Participez au forum des docteurs le mardi 9 juin au stade des Alpes"}]},{"@type":"WebSite","@id":"https:\/\/www.inovallee.com\/#website","url":"https:\/\/www.inovallee.com\/","name":"inovall\u00e9e technopole, Home to software & smart technologies","description":"Home to software &amp; smart technologies","publisher":{"@id":"https:\/\/www.inovallee.com\/#organization"},"potentialAction":[{"@type":"SearchAction","target":{"@type":"EntryPoint","urlTemplate":"https:\/\/www.inovallee.com\/?s={search_term_string}"},"query-input":{"@type":"PropertyValueSpecification","valueRequired":true,"valueName":"search_term_string"}}],"inLanguage":"en-GB"},{"@type":"Organization","@id":"https:\/\/www.inovallee.com\/#organization","name":"inovall\u00e9e","url":"https:\/\/www.inovallee.com\/","logo":{"@type":"ImageObject","inLanguage":"en-GB","@id":"https:\/\/www.inovallee.com\/#\/schema\/logo\/image\/","url":"https:\/\/www.inovallee.com\/wp-content\/uploads\/2023\/08\/inovallee_2022_GrenobleAlpes.png","contentUrl":"https:\/\/www.inovallee.com\/wp-content\/uploads\/2023\/08\/inovallee_2022_GrenobleAlpes.png","width":945,"height":369,"caption":"inovall\u00e9e"},"image":{"@id":"https:\/\/www.inovallee.com\/#\/schema\/logo\/image\/"},"sameAs":["https:\/\/www.facebook.com\/technopoleinovallee\/","https:\/\/x.com\/inovallee","https:\/\/www.linkedin.com\/company\/inovall-e\/","https:\/\/www.youtube.com\/user\/inovallee?reload=9"]},{"@type":"Person","@id":"https:\/\/www.inovallee.com\/#\/schema\/person\/a45b15518aad3111b2d61d257a3e023b","name":"Inovallee"}]}},"_links":{"self":[{"href":"https:\/\/www.inovallee.com\/en\/wp-json\/wp\/v2\/posts\/28801","targetHints":{"allow":["GET"]}}],"collection":[{"href":"https:\/\/www.inovallee.com\/en\/wp-json\/wp\/v2\/posts"}],"about":[{"href":"https:\/\/www.inovallee.com\/en\/wp-json\/wp\/v2\/types\/post"}],"author":[{"embeddable":true,"href":"https:\/\/www.inovallee.com\/en\/wp-json\/wp\/v2\/users\/6"}],"replies":[{"embeddable":true,"href":"https:\/\/www.inovallee.com\/en\/wp-json\/wp\/v2\/comments?post=28801"}],"version-history":[{"count":0,"href":"https:\/\/www.inovallee.com\/en\/wp-json\/wp\/v2\/posts\/28801\/revisions"}],"wp:attachment":[{"href":"https:\/\/www.inovallee.com\/en\/wp-json\/wp\/v2\/media?parent=28801"}],"wp:term":[{"taxonomy":"category","embeddable":true,"href":"https:\/\/www.inovallee.com\/en\/wp-json\/wp\/v2\/categories?post=28801"},{"taxonomy":"post_tag","embeddable":true,"href":"https:\/\/www.inovallee.com\/en\/wp-json\/wp\/v2\/tags?post=28801"}],"curies":[{"name":"wp","href":"https:\/\/api.w.org\/{rel}","templated":true}]}}