{"id":28812,"date":"2015-03-11T15:12:00","date_gmt":"2015-03-11T14:12:00","guid":{"rendered":"https:\/\/www.inovallee.com\/le-26-mars-les-matinees-de-sensibilisation-dedt-la-dematerialisation-fiscale-de-factures-en-france-et-en-europe\/"},"modified":"2020-06-23T15:30:50","modified_gmt":"2020-06-23T13:30:50","slug":"le-26-mars-les-matinees-de-sensibilisation-dedt-la-dematerialisation-fiscale-de-factures-en-france-et-en-europe","status":"publish","type":"post","link":"https:\/\/www.inovallee.com\/en\/le-26-mars-les-matinees-de-sensibilisation-dedt-la-dematerialisation-fiscale-de-factures-en-france-et-en-europe\/","title":{"rendered":"Le 26 mars : &quot;les matin\u00e9es de sensibilisation d&#039;EDT&quot; : la d\u00e9mat\u00e9rialisation fiscale de factures en France et en Europe"},"content":{"rendered":"<div dir=\"ltr\" style=\"text-align: left;\">\n<div style=\"clear: both; text-align: center;\"><a href=\"http:\/\/1.bp.blogspot.com\/-g2Mh2J2t-1w\/VQBMfeSDWZI\/AAAAAAAAPzQ\/rQMzZ8Cxvwk\/s1600\/edt.jpg\" style=\"clear: left; float: left; margin-bottom: 1em; margin-right: 1em;\"><img decoding=\"async\" border=\"0\" src=\"http:\/\/1.bp.blogspot.com\/-g2Mh2J2t-1w\/VQBMfeSDWZI\/AAAAAAAAPzQ\/rQMzZ8Cxvwk\/s1600\/edt.jpg\" height=\"63\" width=\"200\" \/><\/a><\/div>\n<p><span style=\"font-family: Arial, Helvetica, sans-serif; font-size: x-small;\"><b>Le 26 mars, EDT vous invite \u00e0 une matin\u00e9e sur le th\u00e8me de la d\u00e9mat\u00e9rialisation fiscale de factures en France et en Europe.&nbsp;<\/b><\/span><br \/><span style=\"font-family: Arial, Helvetica, sans-serif; font-size: x-small;\"><br \/><\/span><span style=\"font-family: Arial, Helvetica, sans-serif; font-size: x-small;\"><span style=\"background-color: white; color: #545454; line-height: 16.8999996185303px;\">Acteur de r\u00e9f\u00e9rence sur le march\u00e9 des \u00c9changes Electroniques Professionnels (EDI, XML, Web-EDI, d\u00e9mat\u00e9rialisation fiscale des factures), <\/span><span style=\"background-color: white; color: #545454; line-height: 16.8999996185303px;\">op\u00e9rateur EDI depuis plus de 20 ans<\/span><span style=\"background-color: white; color: #545454; line-height: 16.8999996185303px;\">, EDT se positionne comme h\u00e9bergeur, distributeur et int\u00e9grateur de solutions EDI, EAI, B to B et de services d&rsquo;infog\u00e9rance associ\u00e9s. EDT propose un service complet d&rsquo;h\u00e9bergement (Saas) et de coffre-fort \u00e9lectronique \u00e0 valeur probante.<\/span><\/span><br \/><span style=\"font-family: Arial, Helvetica, sans-serif; font-size: x-small;\"><span style=\"background-color: white; color: #545454; line-height: 16.8999996185303px;\"><br \/><\/span><\/span><span style=\"font-family: Arial, Helvetica, sans-serif; font-size: x-small;\"><span style=\"background-color: white; color: #545454; line-height: 16.8999996185303px;\"><b>PROGRAMME :<\/b><\/span><\/span><\/p>\n<ul style=\"background-color: white; color: #545454; line-height: 1.5em;\">\n<li><span style=\"font-family: Arial, Helvetica, sans-serif; font-size: x-small;\">\u200b<span style=\"color: black;\">Les formats d&rsquo;\u00e9changes disponibles<\/span><\/span><\/li>\n<li><span style=\"color: black;\"><span style=\"font-family: Arial, Helvetica, sans-serif; font-size: x-small;\">Les modes d&rsquo;\u00e9changes<\/span><\/span><\/li>\n<li><span style=\"color: black;\"><span style=\"font-family: Arial, Helvetica, sans-serif; font-size: x-small;\">Le respect des contraintes l\u00e9gales<\/span><\/span><\/li>\n<li><span style=\"color: black;\"><span style=\"font-family: Arial, Helvetica, sans-serif; font-size: x-small;\">L&rsquo;acc\u00e8s aux factures<\/span><\/span><\/li>\n<li><span style=\"color: black;\"><span style=\"font-family: Arial, Helvetica, sans-serif; font-size: x-small;\">L&rsquo;archivage<\/span><\/span><\/li>\n<li><span style=\"color: black;\"><span style=\"font-family: Arial, Helvetica, sans-serif; font-size: x-small;\">Mode licence ou mode h\u00e9berg\u00e9 ?<\/span><\/span><\/li>\n<li><span style=\"color: black;\"><span style=\"font-family: Arial, Helvetica, sans-serif; font-size: x-small;\">\u200bGestion de la d\u00e9mat\u00e9rialisation \u00e0 l&rsquo;international<\/span><\/span><\/li>\n<\/ul>\n<div><span style=\"font-family: Arial, Helvetica, sans-serif; font-size: x-small;\"><span style=\"line-height: 19.5px;\"><b>HORAIRES :&nbsp;<\/b><\/span><\/span><\/div>\n<div><span style=\"font-family: Arial, Helvetica, sans-serif; font-size: x-small;\"><span style=\"line-height: 19.5px;\">Jeudi 26 mars&nbsp;<\/span><\/span><\/div>\n<div><span style=\"font-family: Arial, Helvetica, sans-serif; font-size: x-small;\"><span style=\"line-height: 19.5px;\">de 9h00 \u00e0 12h30<br \/><b><br \/><\/b><\/span><\/span><\/div>\n<div><span style=\"font-family: Arial, Helvetica, sans-serif; font-size: x-small;\"><span style=\"line-height: 19.5px;\"><b>LIEU :&nbsp;<\/b><\/span><\/span><\/div>\n<div><span style=\"font-family: Arial, Helvetica, sans-serif; font-size: x-small;\"><span style=\"background-color: white; border-image-outset: initial; border-image-repeat: initial; border-image-slice: initial; border-image-source: initial; border-image-width: initial; border: 0px currentcolor; color: #545454; line-height: 16.8999996185303px; margin: 0px; outline: 0px; padding: 0px; vertical-align: baseline;\"><span style=\"border-image-outset: initial; border-image-repeat: initial; border-image-slice: initial; border-image-source: initial; border-image-width: initial; border: 0px currentcolor; margin: 0px; outline: 0px; padding: 0px; vertical-align: baseline;\">Chez Multiburo,<\/span><\/span><br style=\"background-color: white; color: #545454; line-height: 16.8999996185303px;\" \/><span style=\"background-color: white; border-image-outset: initial; border-image-repeat: initial; border-image-slice: initial; border-image-source: initial; border-image-width: initial; border: 0px currentcolor; color: #545454; line-height: 16.8999996185303px; margin: 0px; outline: 0px; padding: 0px; vertical-align: baseline;\"><span style=\"border: 0px currentcolor; margin: 0px; outline: 0px; padding: 0px; vertical-align: baseline;\">4, Place Louis Armand,<br \/>Tour de l&rsquo;Horloge<\/span><\/span><br style=\"background-color: white; color: #545454; line-height: 16.8999996185303px;\" \/><span style=\"background-color: white; border-image-outset: initial; border-image-repeat: initial; border-image-slice: initial; border-image-source: initial; border-image-width: initial; border: 0px currentcolor; color: #545454; line-height: 16.8999996185303px; margin: 0px; outline: 0px; padding: 0px; vertical-align: baseline;\"><span style=\"border-image-outset: initial; border-image-repeat: initial; border-image-slice: initial; border-image-source: initial; border-image-width: initial; border: 0px currentcolor; margin: 0px; outline: 0px; padding: 0px; vertical-align: baseline;\">75012 Paris<br \/><span style=\"border-image-outset: initial; border-image-repeat: initial; border-image-slice: initial; border-image-source: initial; border-image-width: initial; border: 0px currentcolor; margin: 0px; outline: 0px; padding: 0px; vertical-align: baseline;\"><span style=\"border-image-outset: initial; border-image-repeat: initial; border-image-slice: initial; border-image-source: initial; border-image-width: initial; border: 0px currentcolor; margin: 0px; outline: 0px; padding: 0px; vertical-align: baseline;\">(Metro-RER sortie Gare de Lyon)<\/span><\/span><\/span><\/span><\/span><\/div>\n<div><span style=\"font-family: Arial, Helvetica, sans-serif; font-size: x-small;\"><span style=\"line-height: 19.5px;\"><br \/><\/span><\/span><\/div>\n<div><span style=\"font-family: Arial, Helvetica, sans-serif; font-size: x-small;\"><span style=\"line-height: 19.5px;\"><a href=\"http:\/\/xnu8.mj.am\/nl\/xnu8\/s7g3l.html\" target=\"_blank\" rel=\"noopener noreferrer\">PLUS D&rsquo;INFOS<\/a><\/span><\/span><\/div>\n<\/div>","protected":false},"excerpt":{"rendered":"<p>Le 26 mars, EDT vous invite \u00e0 une matin\u00e9e sur le th\u00e8me de la d\u00e9mat\u00e9rialisation fiscale de factures en France et en Europe.&nbsp;Acteur de r\u00e9f\u00e9rence sur le march\u00e9 des \u00c9changes Electroniques Professionnels (EDI, XML, Web-EDI, d\u00e9mat\u00e9rialisation fiscale des factures), op\u00e9rateur EDI depuis plus de 20 ans, EDT se positionne comme h\u00e9bergeur, distributeur et int\u00e9grateur de [&hellip;]<\/p>\n","protected":false},"author":6,"featured_media":0,"comment_status":"closed","ping_status":"open","sticky":false,"template":"","format":"standard","meta":{"footnotes":""},"categories":[28],"tags":[],"class_list":["post-28812","post","type-post","status-publish","format-standard","hentry","category-actus-entreprises"],"yoast_head":"<!-- This site is optimized with the Yoast SEO plugin v27.4 - https:\/\/yoast.com\/product\/yoast-seo-wordpress\/ -->\n<title>Le 26 mars : &quot;les matin\u00e9es de sensibilisation d&#039;EDT&quot; : la d\u00e9mat\u00e9rialisation fiscale de factures en France et en Europe - inovall\u00e9e<\/title>\n<meta name=\"robots\" content=\"index, follow, max-snippet:-1, max-image-preview:large, max-video-preview:-1\" \/>\n<link rel=\"canonical\" href=\"https:\/\/www.inovallee.com\/en\/le-26-mars-les-matinees-de-sensibilisation-dedt-la-dematerialisation-fiscale-de-factures-en-france-et-en-europe\/\" \/>\n<meta property=\"og:locale\" content=\"en_GB\" \/>\n<meta property=\"og:type\" content=\"article\" \/>\n<meta property=\"og:title\" content=\"Le 26 mars : &quot;les matin\u00e9es de sensibilisation d&#039;EDT&quot; : la d\u00e9mat\u00e9rialisation fiscale de factures en France et en Europe - inovall\u00e9e\" \/>\n<meta property=\"og:description\" content=\"Le 26 mars, EDT vous invite \u00e0 une matin\u00e9e sur le th\u00e8me de la d\u00e9mat\u00e9rialisation fiscale de factures en France et en Europe.&nbsp;Acteur de r\u00e9f\u00e9rence sur le march\u00e9 des \u00c9changes Electroniques Professionnels (EDI, XML, Web-EDI, d\u00e9mat\u00e9rialisation fiscale des factures), op\u00e9rateur EDI depuis plus de 20 ans, EDT se positionne comme h\u00e9bergeur, distributeur et int\u00e9grateur de [&hellip;]\" \/>\n<meta property=\"og:url\" content=\"https:\/\/www.inovallee.com\/en\/le-26-mars-les-matinees-de-sensibilisation-dedt-la-dematerialisation-fiscale-de-factures-en-france-et-en-europe\/\" \/>\n<meta property=\"og:site_name\" content=\"inovall\u00e9e\" \/>\n<meta property=\"article:publisher\" content=\"https:\/\/www.facebook.com\/technopoleinovallee\/\" \/>\n<meta property=\"article:published_time\" content=\"2015-03-11T14:12:00+00:00\" \/>\n<meta property=\"article:modified_time\" content=\"2020-06-23T13:30:50+00:00\" \/>\n<meta property=\"og:image\" content=\"http:\/\/1.bp.blogspot.com\/-g2Mh2J2t-1w\/VQBMfeSDWZI\/AAAAAAAAPzQ\/rQMzZ8Cxvwk\/s1600\/edt.jpg\" \/>\n<meta name=\"author\" content=\"Inovallee\" \/>\n<meta name=\"twitter:card\" content=\"summary_large_image\" \/>\n<meta name=\"twitter:creator\" content=\"@inovallee\" \/>\n<meta name=\"twitter:site\" content=\"@inovallee\" \/>\n<meta name=\"twitter:label1\" content=\"Written by\" \/>\n\t<meta name=\"twitter:data1\" content=\"Inovallee\" \/>\n\t<meta name=\"twitter:label2\" content=\"Estimated reading time\" \/>\n\t<meta name=\"twitter:data2\" content=\"1 minute\" \/>\n<script type=\"application\/ld+json\" class=\"yoast-schema-graph\">{\"@context\":\"https:\\\/\\\/schema.org\",\"@graph\":[{\"@type\":\"Article\",\"@id\":\"https:\\\/\\\/www.inovallee.com\\\/le-26-mars-les-matinees-de-sensibilisation-dedt-la-dematerialisation-fiscale-de-factures-en-france-et-en-europe\\\/#article\",\"isPartOf\":{\"@id\":\"https:\\\/\\\/www.inovallee.com\\\/le-26-mars-les-matinees-de-sensibilisation-dedt-la-dematerialisation-fiscale-de-factures-en-france-et-en-europe\\\/\"},\"author\":{\"name\":\"Inovallee\",\"@id\":\"https:\\\/\\\/www.inovallee.com\\\/#\\\/schema\\\/person\\\/a45b15518aad3111b2d61d257a3e023b\"},\"headline\":\"Le 26 mars : &quot;les matin\u00e9es de sensibilisation d&#039;EDT&quot; : la d\u00e9mat\u00e9rialisation fiscale de factures en France et en Europe\",\"datePublished\":\"2015-03-11T14:12:00+00:00\",\"dateModified\":\"2020-06-23T13:30:50+00:00\",\"mainEntityOfPage\":{\"@id\":\"https:\\\/\\\/www.inovallee.com\\\/le-26-mars-les-matinees-de-sensibilisation-dedt-la-dematerialisation-fiscale-de-factures-en-france-et-en-europe\\\/\"},\"wordCount\":182,\"publisher\":{\"@id\":\"https:\\\/\\\/www.inovallee.com\\\/#organization\"},\"image\":{\"@id\":\"https:\\\/\\\/www.inovallee.com\\\/le-26-mars-les-matinees-de-sensibilisation-dedt-la-dematerialisation-fiscale-de-factures-en-france-et-en-europe\\\/#primaryimage\"},\"thumbnailUrl\":\"http:\\\/\\\/1.bp.blogspot.com\\\/-g2Mh2J2t-1w\\\/VQBMfeSDWZI\\\/AAAAAAAAPzQ\\\/rQMzZ8Cxvwk\\\/s1600\\\/edt.jpg\",\"articleSection\":[\"Sucess stories des entreprises d'inovall\u00e9e\"],\"inLanguage\":\"en-GB\"},{\"@type\":\"WebPage\",\"@id\":\"https:\\\/\\\/www.inovallee.com\\\/le-26-mars-les-matinees-de-sensibilisation-dedt-la-dematerialisation-fiscale-de-factures-en-france-et-en-europe\\\/\",\"url\":\"https:\\\/\\\/www.inovallee.com\\\/le-26-mars-les-matinees-de-sensibilisation-dedt-la-dematerialisation-fiscale-de-factures-en-france-et-en-europe\\\/\",\"name\":\"Le 26 mars : &quot;les matin\u00e9es de sensibilisation d&#039;EDT&quot; : la d\u00e9mat\u00e9rialisation fiscale de factures en France et en Europe - inovall\u00e9e\",\"isPartOf\":{\"@id\":\"https:\\\/\\\/www.inovallee.com\\\/#website\"},\"primaryImageOfPage\":{\"@id\":\"https:\\\/\\\/www.inovallee.com\\\/le-26-mars-les-matinees-de-sensibilisation-dedt-la-dematerialisation-fiscale-de-factures-en-france-et-en-europe\\\/#primaryimage\"},\"image\":{\"@id\":\"https:\\\/\\\/www.inovallee.com\\\/le-26-mars-les-matinees-de-sensibilisation-dedt-la-dematerialisation-fiscale-de-factures-en-france-et-en-europe\\\/#primaryimage\"},\"thumbnailUrl\":\"http:\\\/\\\/1.bp.blogspot.com\\\/-g2Mh2J2t-1w\\\/VQBMfeSDWZI\\\/AAAAAAAAPzQ\\\/rQMzZ8Cxvwk\\\/s1600\\\/edt.jpg\",\"datePublished\":\"2015-03-11T14:12:00+00:00\",\"dateModified\":\"2020-06-23T13:30:50+00:00\",\"breadcrumb\":{\"@id\":\"https:\\\/\\\/www.inovallee.com\\\/le-26-mars-les-matinees-de-sensibilisation-dedt-la-dematerialisation-fiscale-de-factures-en-france-et-en-europe\\\/#breadcrumb\"},\"inLanguage\":\"en-GB\",\"potentialAction\":[{\"@type\":\"ReadAction\",\"target\":[\"https:\\\/\\\/www.inovallee.com\\\/le-26-mars-les-matinees-de-sensibilisation-dedt-la-dematerialisation-fiscale-de-factures-en-france-et-en-europe\\\/\"]}]},{\"@type\":\"ImageObject\",\"inLanguage\":\"en-GB\",\"@id\":\"https:\\\/\\\/www.inovallee.com\\\/le-26-mars-les-matinees-de-sensibilisation-dedt-la-dematerialisation-fiscale-de-factures-en-france-et-en-europe\\\/#primaryimage\",\"url\":\"http:\\\/\\\/1.bp.blogspot.com\\\/-g2Mh2J2t-1w\\\/VQBMfeSDWZI\\\/AAAAAAAAPzQ\\\/rQMzZ8Cxvwk\\\/s1600\\\/edt.jpg\",\"contentUrl\":\"http:\\\/\\\/1.bp.blogspot.com\\\/-g2Mh2J2t-1w\\\/VQBMfeSDWZI\\\/AAAAAAAAPzQ\\\/rQMzZ8Cxvwk\\\/s1600\\\/edt.jpg\"},{\"@type\":\"BreadcrumbList\",\"@id\":\"https:\\\/\\\/www.inovallee.com\\\/le-26-mars-les-matinees-de-sensibilisation-dedt-la-dematerialisation-fiscale-de-factures-en-france-et-en-europe\\\/#breadcrumb\",\"itemListElement\":[{\"@type\":\"ListItem\",\"position\":1,\"name\":\"Accueil\",\"item\":\"https:\\\/\\\/www.inovallee.com\\\/\"},{\"@type\":\"ListItem\",\"position\":2,\"name\":\"Le 26 mars : &quot;les matin\u00e9es de sensibilisation d&#039;EDT&quot; : la d\u00e9mat\u00e9rialisation fiscale de factures en France et en Europe\"}]},{\"@type\":\"WebSite\",\"@id\":\"https:\\\/\\\/www.inovallee.com\\\/#website\",\"url\":\"https:\\\/\\\/www.inovallee.com\\\/\",\"name\":\"inovall\u00e9e technopole, Home to software & smart technologies\",\"description\":\"Home to software &amp; smart technologies\",\"publisher\":{\"@id\":\"https:\\\/\\\/www.inovallee.com\\\/#organization\"},\"potentialAction\":[{\"@type\":\"SearchAction\",\"target\":{\"@type\":\"EntryPoint\",\"urlTemplate\":\"https:\\\/\\\/www.inovallee.com\\\/?s={search_term_string}\"},\"query-input\":{\"@type\":\"PropertyValueSpecification\",\"valueRequired\":true,\"valueName\":\"search_term_string\"}}],\"inLanguage\":\"en-GB\"},{\"@type\":\"Organization\",\"@id\":\"https:\\\/\\\/www.inovallee.com\\\/#organization\",\"name\":\"inovall\u00e9e\",\"url\":\"https:\\\/\\\/www.inovallee.com\\\/\",\"logo\":{\"@type\":\"ImageObject\",\"inLanguage\":\"en-GB\",\"@id\":\"https:\\\/\\\/www.inovallee.com\\\/#\\\/schema\\\/logo\\\/image\\\/\",\"url\":\"https:\\\/\\\/www.inovallee.com\\\/wp-content\\\/uploads\\\/2023\\\/08\\\/inovallee_2022_GrenobleAlpes.png\",\"contentUrl\":\"https:\\\/\\\/www.inovallee.com\\\/wp-content\\\/uploads\\\/2023\\\/08\\\/inovallee_2022_GrenobleAlpes.png\",\"width\":945,\"height\":369,\"caption\":\"inovall\u00e9e\"},\"image\":{\"@id\":\"https:\\\/\\\/www.inovallee.com\\\/#\\\/schema\\\/logo\\\/image\\\/\"},\"sameAs\":[\"https:\\\/\\\/www.facebook.com\\\/technopoleinovallee\\\/\",\"https:\\\/\\\/x.com\\\/inovallee\",\"https:\\\/\\\/www.linkedin.com\\\/company\\\/inovall-e\\\/\",\"https:\\\/\\\/www.youtube.com\\\/user\\\/inovallee?reload=9\"]},{\"@type\":\"Person\",\"@id\":\"https:\\\/\\\/www.inovallee.com\\\/#\\\/schema\\\/person\\\/a45b15518aad3111b2d61d257a3e023b\",\"name\":\"Inovallee\"}]}<\/script>\n<!-- \/ Yoast SEO plugin. -->","yoast_head_json":{"title":"Le 26 mars : &quot;les matin\u00e9es de sensibilisation d&#039;EDT&quot; : la d\u00e9mat\u00e9rialisation fiscale de factures en France et en Europe - inovall\u00e9e","robots":{"index":"index","follow":"follow","max-snippet":"max-snippet:-1","max-image-preview":"max-image-preview:large","max-video-preview":"max-video-preview:-1"},"canonical":"https:\/\/www.inovallee.com\/en\/le-26-mars-les-matinees-de-sensibilisation-dedt-la-dematerialisation-fiscale-de-factures-en-france-et-en-europe\/","og_locale":"en_GB","og_type":"article","og_title":"Le 26 mars : &quot;les matin\u00e9es de sensibilisation d&#039;EDT&quot; : la d\u00e9mat\u00e9rialisation fiscale de factures en France et en Europe - inovall\u00e9e","og_description":"Le 26 mars, EDT vous invite \u00e0 une matin\u00e9e sur le th\u00e8me de la d\u00e9mat\u00e9rialisation fiscale de factures en France et en Europe.&nbsp;Acteur de r\u00e9f\u00e9rence sur le march\u00e9 des \u00c9changes Electroniques Professionnels (EDI, XML, Web-EDI, d\u00e9mat\u00e9rialisation fiscale des factures), op\u00e9rateur EDI depuis plus de 20 ans, EDT se positionne comme h\u00e9bergeur, distributeur et int\u00e9grateur de [&hellip;]","og_url":"https:\/\/www.inovallee.com\/en\/le-26-mars-les-matinees-de-sensibilisation-dedt-la-dematerialisation-fiscale-de-factures-en-france-et-en-europe\/","og_site_name":"inovall\u00e9e","article_publisher":"https:\/\/www.facebook.com\/technopoleinovallee\/","article_published_time":"2015-03-11T14:12:00+00:00","article_modified_time":"2020-06-23T13:30:50+00:00","og_image":[{"url":"http:\/\/1.bp.blogspot.com\/-g2Mh2J2t-1w\/VQBMfeSDWZI\/AAAAAAAAPzQ\/rQMzZ8Cxvwk\/s1600\/edt.jpg","type":"","width":"","height":""}],"author":"Inovallee","twitter_card":"summary_large_image","twitter_creator":"@inovallee","twitter_site":"@inovallee","twitter_misc":{"Written by":"Inovallee","Estimated reading time":"1 minute"},"schema":{"@context":"https:\/\/schema.org","@graph":[{"@type":"Article","@id":"https:\/\/www.inovallee.com\/le-26-mars-les-matinees-de-sensibilisation-dedt-la-dematerialisation-fiscale-de-factures-en-france-et-en-europe\/#article","isPartOf":{"@id":"https:\/\/www.inovallee.com\/le-26-mars-les-matinees-de-sensibilisation-dedt-la-dematerialisation-fiscale-de-factures-en-france-et-en-europe\/"},"author":{"name":"Inovallee","@id":"https:\/\/www.inovallee.com\/#\/schema\/person\/a45b15518aad3111b2d61d257a3e023b"},"headline":"Le 26 mars : &quot;les matin\u00e9es de sensibilisation d&#039;EDT&quot; : la d\u00e9mat\u00e9rialisation fiscale de factures en France et en Europe","datePublished":"2015-03-11T14:12:00+00:00","dateModified":"2020-06-23T13:30:50+00:00","mainEntityOfPage":{"@id":"https:\/\/www.inovallee.com\/le-26-mars-les-matinees-de-sensibilisation-dedt-la-dematerialisation-fiscale-de-factures-en-france-et-en-europe\/"},"wordCount":182,"publisher":{"@id":"https:\/\/www.inovallee.com\/#organization"},"image":{"@id":"https:\/\/www.inovallee.com\/le-26-mars-les-matinees-de-sensibilisation-dedt-la-dematerialisation-fiscale-de-factures-en-france-et-en-europe\/#primaryimage"},"thumbnailUrl":"http:\/\/1.bp.blogspot.com\/-g2Mh2J2t-1w\/VQBMfeSDWZI\/AAAAAAAAPzQ\/rQMzZ8Cxvwk\/s1600\/edt.jpg","articleSection":["Sucess stories des entreprises d'inovall\u00e9e"],"inLanguage":"en-GB"},{"@type":"WebPage","@id":"https:\/\/www.inovallee.com\/le-26-mars-les-matinees-de-sensibilisation-dedt-la-dematerialisation-fiscale-de-factures-en-france-et-en-europe\/","url":"https:\/\/www.inovallee.com\/le-26-mars-les-matinees-de-sensibilisation-dedt-la-dematerialisation-fiscale-de-factures-en-france-et-en-europe\/","name":"Le 26 mars : &quot;les matin\u00e9es de sensibilisation d&#039;EDT&quot; : la d\u00e9mat\u00e9rialisation fiscale de factures en France et en Europe - inovall\u00e9e","isPartOf":{"@id":"https:\/\/www.inovallee.com\/#website"},"primaryImageOfPage":{"@id":"https:\/\/www.inovallee.com\/le-26-mars-les-matinees-de-sensibilisation-dedt-la-dematerialisation-fiscale-de-factures-en-france-et-en-europe\/#primaryimage"},"image":{"@id":"https:\/\/www.inovallee.com\/le-26-mars-les-matinees-de-sensibilisation-dedt-la-dematerialisation-fiscale-de-factures-en-france-et-en-europe\/#primaryimage"},"thumbnailUrl":"http:\/\/1.bp.blogspot.com\/-g2Mh2J2t-1w\/VQBMfeSDWZI\/AAAAAAAAPzQ\/rQMzZ8Cxvwk\/s1600\/edt.jpg","datePublished":"2015-03-11T14:12:00+00:00","dateModified":"2020-06-23T13:30:50+00:00","breadcrumb":{"@id":"https:\/\/www.inovallee.com\/le-26-mars-les-matinees-de-sensibilisation-dedt-la-dematerialisation-fiscale-de-factures-en-france-et-en-europe\/#breadcrumb"},"inLanguage":"en-GB","potentialAction":[{"@type":"ReadAction","target":["https:\/\/www.inovallee.com\/le-26-mars-les-matinees-de-sensibilisation-dedt-la-dematerialisation-fiscale-de-factures-en-france-et-en-europe\/"]}]},{"@type":"ImageObject","inLanguage":"en-GB","@id":"https:\/\/www.inovallee.com\/le-26-mars-les-matinees-de-sensibilisation-dedt-la-dematerialisation-fiscale-de-factures-en-france-et-en-europe\/#primaryimage","url":"http:\/\/1.bp.blogspot.com\/-g2Mh2J2t-1w\/VQBMfeSDWZI\/AAAAAAAAPzQ\/rQMzZ8Cxvwk\/s1600\/edt.jpg","contentUrl":"http:\/\/1.bp.blogspot.com\/-g2Mh2J2t-1w\/VQBMfeSDWZI\/AAAAAAAAPzQ\/rQMzZ8Cxvwk\/s1600\/edt.jpg"},{"@type":"BreadcrumbList","@id":"https:\/\/www.inovallee.com\/le-26-mars-les-matinees-de-sensibilisation-dedt-la-dematerialisation-fiscale-de-factures-en-france-et-en-europe\/#breadcrumb","itemListElement":[{"@type":"ListItem","position":1,"name":"Accueil","item":"https:\/\/www.inovallee.com\/"},{"@type":"ListItem","position":2,"name":"Le 26 mars : &quot;les matin\u00e9es de sensibilisation d&#039;EDT&quot; : la d\u00e9mat\u00e9rialisation fiscale de factures en France et en Europe"}]},{"@type":"WebSite","@id":"https:\/\/www.inovallee.com\/#website","url":"https:\/\/www.inovallee.com\/","name":"inovall\u00e9e technopole, Home to software & smart technologies","description":"Home to software &amp; smart technologies","publisher":{"@id":"https:\/\/www.inovallee.com\/#organization"},"potentialAction":[{"@type":"SearchAction","target":{"@type":"EntryPoint","urlTemplate":"https:\/\/www.inovallee.com\/?s={search_term_string}"},"query-input":{"@type":"PropertyValueSpecification","valueRequired":true,"valueName":"search_term_string"}}],"inLanguage":"en-GB"},{"@type":"Organization","@id":"https:\/\/www.inovallee.com\/#organization","name":"inovall\u00e9e","url":"https:\/\/www.inovallee.com\/","logo":{"@type":"ImageObject","inLanguage":"en-GB","@id":"https:\/\/www.inovallee.com\/#\/schema\/logo\/image\/","url":"https:\/\/www.inovallee.com\/wp-content\/uploads\/2023\/08\/inovallee_2022_GrenobleAlpes.png","contentUrl":"https:\/\/www.inovallee.com\/wp-content\/uploads\/2023\/08\/inovallee_2022_GrenobleAlpes.png","width":945,"height":369,"caption":"inovall\u00e9e"},"image":{"@id":"https:\/\/www.inovallee.com\/#\/schema\/logo\/image\/"},"sameAs":["https:\/\/www.facebook.com\/technopoleinovallee\/","https:\/\/x.com\/inovallee","https:\/\/www.linkedin.com\/company\/inovall-e\/","https:\/\/www.youtube.com\/user\/inovallee?reload=9"]},{"@type":"Person","@id":"https:\/\/www.inovallee.com\/#\/schema\/person\/a45b15518aad3111b2d61d257a3e023b","name":"Inovallee"}]}},"_links":{"self":[{"href":"https:\/\/www.inovallee.com\/en\/wp-json\/wp\/v2\/posts\/28812","targetHints":{"allow":["GET"]}}],"collection":[{"href":"https:\/\/www.inovallee.com\/en\/wp-json\/wp\/v2\/posts"}],"about":[{"href":"https:\/\/www.inovallee.com\/en\/wp-json\/wp\/v2\/types\/post"}],"author":[{"embeddable":true,"href":"https:\/\/www.inovallee.com\/en\/wp-json\/wp\/v2\/users\/6"}],"replies":[{"embeddable":true,"href":"https:\/\/www.inovallee.com\/en\/wp-json\/wp\/v2\/comments?post=28812"}],"version-history":[{"count":0,"href":"https:\/\/www.inovallee.com\/en\/wp-json\/wp\/v2\/posts\/28812\/revisions"}],"wp:attachment":[{"href":"https:\/\/www.inovallee.com\/en\/wp-json\/wp\/v2\/media?parent=28812"}],"wp:term":[{"taxonomy":"category","embeddable":true,"href":"https:\/\/www.inovallee.com\/en\/wp-json\/wp\/v2\/categories?post=28812"},{"taxonomy":"post_tag","embeddable":true,"href":"https:\/\/www.inovallee.com\/en\/wp-json\/wp\/v2\/tags?post=28812"}],"curies":[{"name":"wp","href":"https:\/\/api.w.org\/{rel}","templated":true}]}}