{"id":28815,"date":"2015-03-11T14:28:00","date_gmt":"2015-03-11T13:28:00","guid":{"rendered":"https:\/\/www.inovallee.com\/vendredi-27-mars-petit-dejeuner-pour-decouvrir-syntec-numerique-syndicat-professionnel-des-metiers-du-numerique\/"},"modified":"2020-06-23T15:31:01","modified_gmt":"2020-06-23T13:31:01","slug":"vendredi-27-mars-petit-dejeuner-pour-decouvrir-syntec-numerique-syndicat-professionnel-des-metiers-du-numerique","status":"publish","type":"post","link":"https:\/\/www.inovallee.com\/en\/vendredi-27-mars-petit-dejeuner-pour-decouvrir-syntec-numerique-syndicat-professionnel-des-metiers-du-numerique\/","title":{"rendered":"Vendredi 27 mars : petit d\u00e9jeuner pour d\u00e9couvrir Syntec Num\u00e9rique, syndicat professionnel des m\u00e9tiers du num\u00e9rique"},"content":{"rendered":"<div dir=\"ltr\" style=\"text-align: left;\">\n<div style=\"clear: both; text-align: center;\"><\/div>\n<div>\n<div style=\"text-align: left;\">\n<div style=\"clear: both; text-align: center;\"><a href=\"http:\/\/4.bp.blogspot.com\/-oWzC5JK82x8\/VQgDhVORf6I\/AAAAAAAAP3U\/lHitOhMZS0s\/s1600\/logo_syntec_sans_baseline_CMJN-150dpi.jpg\" style=\"clear: left; float: left; margin-bottom: 1em; margin-right: 1em;\"><img decoding=\"async\" border=\"0\" src=\"http:\/\/4.bp.blogspot.com\/-oWzC5JK82x8\/VQgDhVORf6I\/AAAAAAAAP3U\/lHitOhMZS0s\/s1600\/logo_syntec_sans_baseline_CMJN-150dpi.jpg\" height=\"100\" width=\"200\" \/><\/a><\/div>\n<p><span style=\"font-size: x-small;\"><span style=\"font-family: Arial,Helvetica,sans-serif;\"><b>Vendredi 27 mars,&nbsp;Syntec Num\u00e9rique, <span style=\"background-color: white; letter-spacing: 0.42px; line-height: 28px;\">syndicat professionnel des m\u00e9tiers du num\u00e9rique,&nbsp;<\/span>vous&nbsp;invite \u00e0 d\u00e9couvrir son organisation, ses travaux, ses derni\u00e8res&nbsp;actualit\u00e9s ainsi que les services et avantages dont b\u00e9n\u00e9ficient au quotidien les entreprises adh\u00e9rentes autour d&rsquo;un caf\u00e9-croissant.&nbsp;<\/b><\/span><\/span><\/div>\n<p><span style=\"font-family: Arial, Helvetica, sans-serif; font-size: x-small;\"><b><br \/><\/b><\/span><span style=\"font-family: Arial, Helvetica, sans-serif; font-size: x-small;\">Depuis plus de 30 ans, Syntec Num\u00e9rique oeuvre pour la consolidation de l&rsquo;\u00e9cosyst\u00e8me num\u00e9rique, qui fait de la France une des grandes nations du secteur. Il d\u00e9veloppe les actions utiles pour soutenir la transformation industrielle par le num\u00e9rique, la transformation des services et le d\u00e9veloppement des usages qui concourent \u00e0 la transformation de la soci\u00e9t\u00e9.&nbsp;<\/span><\/div>\n<div><span style=\"font-family: Arial, Helvetica, sans-serif; font-size: x-small;\"><br \/><\/span><\/div>\n<div style=\"text-align: left;\"><span style=\"font-family: Arial, Helvetica, sans-serif; font-size: x-small;\"><b>&nbsp;Syntec Num\u00e9rique en quelques chiffres :&nbsp;<\/b><\/span><\/div>\n<div style=\"text-align: left;\"><span style=\"font-family: Arial, Helvetica, sans-serif; font-size: x-small;\">&#8211; 1 500 entreprises membres,<\/span><\/div>\n<div style=\"text-align: left;\"><span style=\"font-family: Arial, Helvetica, sans-serif; font-size: x-small;\"><span style=\"background-color: white; line-height: 22px; text-align: justify;\">&#8211;&nbsp;<\/span><span style=\"background-color: white; line-height: 22px; text-align: justify;\">900 PME<\/span><span style=\"background-color: white; line-height: 22px; text-align: justify;\">,&nbsp;<\/span><span style=\"background-color: white; line-height: 22px; text-align: justify;\">500 start-up<\/span><span style=\"background-color: white; line-height: 22px; text-align: justify;\">,&nbsp;<\/span><span style=\"background-color: white; line-height: 22px; text-align: justify;\">25 grands groupes<\/span><span style=\"background-color: white; line-height: 22px; text-align: justify;\">,&nbsp;<\/span><span style=\"background-color: white; line-height: 22px; text-align: justify;\">75 ETI<\/span><span style=\"background-color: white; line-height: 22px; text-align: justify;\">,<\/span><\/span><\/div>\n<div style=\"text-align: left;\"><span style=\"font-family: Arial, Helvetica, sans-serif; font-size: x-small;\"><span style=\"background-color: white; line-height: 22px; text-align: justify;\">&#8211;&nbsp;<\/span><span style=\"background-color: white; line-height: 22px; text-align: justify;\">800 b\u00e9n\u00e9voles actifs<\/span><span style=\"background-color: white; line-height: 22px; text-align: justify;\">&nbsp;participent aux travaux du Syndicat,<\/span><\/span><\/div>\n<div style=\"text-align: left;\"><span style=\"font-family: Arial, Helvetica, sans-serif; font-size: x-small;\"><span style=\"background-color: white; line-height: 22px; text-align: justify;\">&#8211;&nbsp;<\/span><span style=\"background-color: white; line-height: 22px; text-align: justify;\">45% des membres sont implant\u00e9s en r\u00e9gion.<\/span><\/span><\/div>\n<div><span style=\"font-family: Arial, Helvetica, sans-serif; font-size: x-small;\"><br \/><\/span><\/div>\n<div><span style=\"font-family: Arial, Helvetica, sans-serif; font-size: x-small;\">Nicolas Betz, D\u00e9l\u00e9gu\u00e9 au d\u00e9veloppement et relations adh\u00e9rents, viendra animer ce petit d\u00e9jeuner de pr\u00e9sentation.&nbsp;<\/span><span style=\"font-family: Arial, sans-serif; font-size: 10pt;\">Il effectuera notamment un focus d\u00e9taill\u00e9 sur les diff\u00e9rents services et avantages que Syntec Num\u00e9rique met \u00e0 disposition des membres de son organisation.&nbsp;<\/span><br \/><span style=\"color: #1f497d; font-family: Arial, sans-serif; font-size: 10pt;\"><b><br \/><\/b><\/span><span style=\"color: #3d85c6; font-family: Arial, Helvetica, sans-serif; font-size: x-small;\"><b>PROGRAMME :<\/b><\/span><\/div>\n<div><span style=\"font-family: Arial, Helvetica, sans-serif; font-size: x-small;\">&#8211; Fonctionnement et travaux des commissions et comit\u00e9s<\/span><\/div>\n<div><span style=\"font-family: Arial, Helvetica, sans-serif; font-size: x-small;\">&#8211; Pr\u00e9sentation du social et des travaux en cours<\/span><\/div>\n<div><span style=\"font-family: Arial, Helvetica, sans-serif; font-size: x-small;\">&#8211; Services et avantages \u00e0 disposition des adh\u00e9rents, informations pratiques<\/span><\/div>\n<div><span style=\"font-family: Arial, Helvetica, sans-serif; font-size: x-small;\"><br \/><\/span><\/div>\n<div><span style=\"color: #3d85c6;\"><span style=\"font-family: Arial, Helvetica, sans-serif; font-size: x-small;\"><b>HORAIRES :<\/b><\/span><\/span><\/div>\n<div><span style=\"font-family: Arial, Helvetica, sans-serif; font-size: x-small;\">Vendredi 27 mars<\/span><\/div>\n<div><span style=\"font-family: Arial, Helvetica, sans-serif; font-size: x-small;\">de 8h30 \u00e0 10h30<\/span><\/div>\n<div><span style=\"font-family: Arial, Helvetica, sans-serif; font-size: x-small;\"><br \/><\/span><\/div>\n<div><span style=\"color: #3d85c6;\"><span style=\"font-family: Arial, Helvetica, sans-serif; font-size: x-small;\"><b>LIEU :&nbsp;<\/b><\/span><\/span><\/div>\n<div><span style=\"font-family: Arial, Helvetica, sans-serif; font-size: x-small;\">Dans les locaux d&rsquo;inovall\u00e9e<\/span><\/div>\n<div><span style=\"font-family: Arial, Helvetica, sans-serif; font-size: x-small;\">29, chemin du Vieux Ch\u00eane<\/span><\/div>\n<div><span style=\"font-family: Arial, Helvetica, sans-serif; font-size: x-small;\">32840 Meylan<\/span><\/div>\n<div><span style=\"font-family: Arial, Helvetica, sans-serif; font-size: x-small;\"><b><br \/><\/b><\/span><\/div>\n<div><span style=\"color: #3d85c6;\"><span style=\"font-family: Arial, Helvetica, sans-serif; font-size: x-small;\"><b>S&rsquo;INSCRIRE :&nbsp;<\/b><\/span><\/span><\/div>\n<div><span style=\"font-family: Arial, Helvetica, sans-serif; font-size: x-small;\">Aupr\u00e8s de Christine Afonso<\/span><\/div>\n<div><span style=\"font-family: Arial, Helvetica, sans-serif; font-size: x-small;\"><a href=\"mailto:accueil@inovallee.com\">accueil@inovallee.com<\/a><\/span><\/div>\n<div><span style=\"font-family: Arial, Helvetica, sans-serif; font-size: x-small;\">04 76 90 41 57<\/span><\/div>\n<\/div>","protected":false},"excerpt":{"rendered":"<p>Vendredi 27 mars,&nbsp;Syntec Num\u00e9rique, syndicat professionnel des m\u00e9tiers du num\u00e9rique,&nbsp;vous&nbsp;invite \u00e0 d\u00e9couvrir son organisation, ses travaux, ses derni\u00e8res&nbsp;actualit\u00e9s ainsi que les services et avantages dont b\u00e9n\u00e9ficient au quotidien les entreprises adh\u00e9rentes autour d&rsquo;un caf\u00e9-croissant.&nbsp; Depuis plus de 30 ans, Syntec Num\u00e9rique oeuvre pour la consolidation de l&rsquo;\u00e9cosyst\u00e8me num\u00e9rique, qui fait de la France une des [&hellip;]<\/p>\n","protected":false},"author":6,"featured_media":0,"comment_status":"closed","ping_status":"open","sticky":false,"template":"","format":"standard","meta":{"footnotes":""},"categories":[29],"tags":[],"class_list":["post-28815","post","type-post","status-publish","format-standard","hentry","category-evenements"],"yoast_head":"<!-- This site is optimized with the Yoast SEO plugin v27.4 - https:\/\/yoast.com\/product\/yoast-seo-wordpress\/ -->\n<title>Vendredi 27 mars : petit d\u00e9jeuner pour d\u00e9couvrir Syntec Num\u00e9rique, syndicat professionnel des m\u00e9tiers du num\u00e9rique - inovall\u00e9e<\/title>\n<meta name=\"robots\" content=\"index, follow, max-snippet:-1, max-image-preview:large, max-video-preview:-1\" \/>\n<link rel=\"canonical\" href=\"https:\/\/www.inovallee.com\/en\/vendredi-27-mars-petit-dejeuner-pour-decouvrir-syntec-numerique-syndicat-professionnel-des-metiers-du-numerique\/\" \/>\n<meta property=\"og:locale\" content=\"en_GB\" \/>\n<meta property=\"og:type\" content=\"article\" \/>\n<meta property=\"og:title\" content=\"Vendredi 27 mars : petit d\u00e9jeuner pour d\u00e9couvrir Syntec Num\u00e9rique, syndicat professionnel des m\u00e9tiers du num\u00e9rique - inovall\u00e9e\" \/>\n<meta property=\"og:description\" content=\"Vendredi 27 mars,&nbsp;Syntec Num\u00e9rique, syndicat professionnel des m\u00e9tiers du num\u00e9rique,&nbsp;vous&nbsp;invite \u00e0 d\u00e9couvrir son organisation, ses travaux, ses derni\u00e8res&nbsp;actualit\u00e9s ainsi que les services et avantages dont b\u00e9n\u00e9ficient au quotidien les entreprises adh\u00e9rentes autour d&rsquo;un caf\u00e9-croissant.&nbsp; Depuis plus de 30 ans, Syntec Num\u00e9rique oeuvre pour la consolidation de l&rsquo;\u00e9cosyst\u00e8me num\u00e9rique, qui fait de la France une des [&hellip;]\" \/>\n<meta property=\"og:url\" content=\"https:\/\/www.inovallee.com\/en\/vendredi-27-mars-petit-dejeuner-pour-decouvrir-syntec-numerique-syndicat-professionnel-des-metiers-du-numerique\/\" \/>\n<meta property=\"og:site_name\" content=\"inovall\u00e9e\" \/>\n<meta property=\"article:publisher\" content=\"https:\/\/www.facebook.com\/technopoleinovallee\/\" \/>\n<meta property=\"article:published_time\" content=\"2015-03-11T13:28:00+00:00\" \/>\n<meta property=\"article:modified_time\" content=\"2020-06-23T13:31:01+00:00\" \/>\n<meta property=\"og:image\" content=\"http:\/\/4.bp.blogspot.com\/-oWzC5JK82x8\/VQgDhVORf6I\/AAAAAAAAP3U\/lHitOhMZS0s\/s1600\/logo_syntec_sans_baseline_CMJN-150dpi.jpg\" \/>\n<meta name=\"author\" content=\"Inovallee\" \/>\n<meta name=\"twitter:card\" content=\"summary_large_image\" \/>\n<meta name=\"twitter:creator\" content=\"@inovallee\" \/>\n<meta name=\"twitter:site\" content=\"@inovallee\" \/>\n<meta name=\"twitter:label1\" content=\"Written by\" \/>\n\t<meta name=\"twitter:data1\" content=\"Inovallee\" \/>\n\t<meta name=\"twitter:label2\" content=\"Estimated reading time\" \/>\n\t<meta name=\"twitter:data2\" content=\"1 minute\" \/>\n<script type=\"application\/ld+json\" class=\"yoast-schema-graph\">{\"@context\":\"https:\\\/\\\/schema.org\",\"@graph\":[{\"@type\":\"Article\",\"@id\":\"https:\\\/\\\/www.inovallee.com\\\/vendredi-27-mars-petit-dejeuner-pour-decouvrir-syntec-numerique-syndicat-professionnel-des-metiers-du-numerique\\\/#article\",\"isPartOf\":{\"@id\":\"https:\\\/\\\/www.inovallee.com\\\/vendredi-27-mars-petit-dejeuner-pour-decouvrir-syntec-numerique-syndicat-professionnel-des-metiers-du-numerique\\\/\"},\"author\":{\"name\":\"Inovallee\",\"@id\":\"https:\\\/\\\/www.inovallee.com\\\/#\\\/schema\\\/person\\\/a45b15518aad3111b2d61d257a3e023b\"},\"headline\":\"Vendredi 27 mars : petit d\u00e9jeuner pour d\u00e9couvrir Syntec Num\u00e9rique, syndicat professionnel des m\u00e9tiers du num\u00e9rique\",\"datePublished\":\"2015-03-11T13:28:00+00:00\",\"dateModified\":\"2020-06-23T13:31:01+00:00\",\"mainEntityOfPage\":{\"@id\":\"https:\\\/\\\/www.inovallee.com\\\/vendredi-27-mars-petit-dejeuner-pour-decouvrir-syntec-numerique-syndicat-professionnel-des-metiers-du-numerique\\\/\"},\"wordCount\":285,\"publisher\":{\"@id\":\"https:\\\/\\\/www.inovallee.com\\\/#organization\"},\"image\":{\"@id\":\"https:\\\/\\\/www.inovallee.com\\\/vendredi-27-mars-petit-dejeuner-pour-decouvrir-syntec-numerique-syndicat-professionnel-des-metiers-du-numerique\\\/#primaryimage\"},\"thumbnailUrl\":\"http:\\\/\\\/4.bp.blogspot.com\\\/-oWzC5JK82x8\\\/VQgDhVORf6I\\\/AAAAAAAAP3U\\\/lHitOhMZS0s\\\/s1600\\\/logo_syntec_sans_baseline_CMJN-150dpi.jpg\",\"articleSection\":[\"Technopole inovall\u00e9e\"],\"inLanguage\":\"en-GB\"},{\"@type\":\"WebPage\",\"@id\":\"https:\\\/\\\/www.inovallee.com\\\/vendredi-27-mars-petit-dejeuner-pour-decouvrir-syntec-numerique-syndicat-professionnel-des-metiers-du-numerique\\\/\",\"url\":\"https:\\\/\\\/www.inovallee.com\\\/vendredi-27-mars-petit-dejeuner-pour-decouvrir-syntec-numerique-syndicat-professionnel-des-metiers-du-numerique\\\/\",\"name\":\"Vendredi 27 mars : petit d\u00e9jeuner pour d\u00e9couvrir Syntec Num\u00e9rique, syndicat professionnel des m\u00e9tiers du num\u00e9rique - inovall\u00e9e\",\"isPartOf\":{\"@id\":\"https:\\\/\\\/www.inovallee.com\\\/#website\"},\"primaryImageOfPage\":{\"@id\":\"https:\\\/\\\/www.inovallee.com\\\/vendredi-27-mars-petit-dejeuner-pour-decouvrir-syntec-numerique-syndicat-professionnel-des-metiers-du-numerique\\\/#primaryimage\"},\"image\":{\"@id\":\"https:\\\/\\\/www.inovallee.com\\\/vendredi-27-mars-petit-dejeuner-pour-decouvrir-syntec-numerique-syndicat-professionnel-des-metiers-du-numerique\\\/#primaryimage\"},\"thumbnailUrl\":\"http:\\\/\\\/4.bp.blogspot.com\\\/-oWzC5JK82x8\\\/VQgDhVORf6I\\\/AAAAAAAAP3U\\\/lHitOhMZS0s\\\/s1600\\\/logo_syntec_sans_baseline_CMJN-150dpi.jpg\",\"datePublished\":\"2015-03-11T13:28:00+00:00\",\"dateModified\":\"2020-06-23T13:31:01+00:00\",\"breadcrumb\":{\"@id\":\"https:\\\/\\\/www.inovallee.com\\\/vendredi-27-mars-petit-dejeuner-pour-decouvrir-syntec-numerique-syndicat-professionnel-des-metiers-du-numerique\\\/#breadcrumb\"},\"inLanguage\":\"en-GB\",\"potentialAction\":[{\"@type\":\"ReadAction\",\"target\":[\"https:\\\/\\\/www.inovallee.com\\\/vendredi-27-mars-petit-dejeuner-pour-decouvrir-syntec-numerique-syndicat-professionnel-des-metiers-du-numerique\\\/\"]}]},{\"@type\":\"ImageObject\",\"inLanguage\":\"en-GB\",\"@id\":\"https:\\\/\\\/www.inovallee.com\\\/vendredi-27-mars-petit-dejeuner-pour-decouvrir-syntec-numerique-syndicat-professionnel-des-metiers-du-numerique\\\/#primaryimage\",\"url\":\"http:\\\/\\\/4.bp.blogspot.com\\\/-oWzC5JK82x8\\\/VQgDhVORf6I\\\/AAAAAAAAP3U\\\/lHitOhMZS0s\\\/s1600\\\/logo_syntec_sans_baseline_CMJN-150dpi.jpg\",\"contentUrl\":\"http:\\\/\\\/4.bp.blogspot.com\\\/-oWzC5JK82x8\\\/VQgDhVORf6I\\\/AAAAAAAAP3U\\\/lHitOhMZS0s\\\/s1600\\\/logo_syntec_sans_baseline_CMJN-150dpi.jpg\"},{\"@type\":\"BreadcrumbList\",\"@id\":\"https:\\\/\\\/www.inovallee.com\\\/vendredi-27-mars-petit-dejeuner-pour-decouvrir-syntec-numerique-syndicat-professionnel-des-metiers-du-numerique\\\/#breadcrumb\",\"itemListElement\":[{\"@type\":\"ListItem\",\"position\":1,\"name\":\"Accueil\",\"item\":\"https:\\\/\\\/www.inovallee.com\\\/\"},{\"@type\":\"ListItem\",\"position\":2,\"name\":\"Vendredi 27 mars : petit d\u00e9jeuner pour d\u00e9couvrir Syntec Num\u00e9rique, syndicat professionnel des m\u00e9tiers du num\u00e9rique\"}]},{\"@type\":\"WebSite\",\"@id\":\"https:\\\/\\\/www.inovallee.com\\\/#website\",\"url\":\"https:\\\/\\\/www.inovallee.com\\\/\",\"name\":\"inovall\u00e9e technopole, Home to software & smart technologies\",\"description\":\"Home to software &amp; smart technologies\",\"publisher\":{\"@id\":\"https:\\\/\\\/www.inovallee.com\\\/#organization\"},\"potentialAction\":[{\"@type\":\"SearchAction\",\"target\":{\"@type\":\"EntryPoint\",\"urlTemplate\":\"https:\\\/\\\/www.inovallee.com\\\/?s={search_term_string}\"},\"query-input\":{\"@type\":\"PropertyValueSpecification\",\"valueRequired\":true,\"valueName\":\"search_term_string\"}}],\"inLanguage\":\"en-GB\"},{\"@type\":\"Organization\",\"@id\":\"https:\\\/\\\/www.inovallee.com\\\/#organization\",\"name\":\"inovall\u00e9e\",\"url\":\"https:\\\/\\\/www.inovallee.com\\\/\",\"logo\":{\"@type\":\"ImageObject\",\"inLanguage\":\"en-GB\",\"@id\":\"https:\\\/\\\/www.inovallee.com\\\/#\\\/schema\\\/logo\\\/image\\\/\",\"url\":\"https:\\\/\\\/www.inovallee.com\\\/wp-content\\\/uploads\\\/2023\\\/08\\\/inovallee_2022_GrenobleAlpes.png\",\"contentUrl\":\"https:\\\/\\\/www.inovallee.com\\\/wp-content\\\/uploads\\\/2023\\\/08\\\/inovallee_2022_GrenobleAlpes.png\",\"width\":945,\"height\":369,\"caption\":\"inovall\u00e9e\"},\"image\":{\"@id\":\"https:\\\/\\\/www.inovallee.com\\\/#\\\/schema\\\/logo\\\/image\\\/\"},\"sameAs\":[\"https:\\\/\\\/www.facebook.com\\\/technopoleinovallee\\\/\",\"https:\\\/\\\/x.com\\\/inovallee\",\"https:\\\/\\\/www.linkedin.com\\\/company\\\/inovall-e\\\/\",\"https:\\\/\\\/www.youtube.com\\\/user\\\/inovallee?reload=9\"]},{\"@type\":\"Person\",\"@id\":\"https:\\\/\\\/www.inovallee.com\\\/#\\\/schema\\\/person\\\/a45b15518aad3111b2d61d257a3e023b\",\"name\":\"Inovallee\"}]}<\/script>\n<!-- \/ Yoast SEO plugin. -->","yoast_head_json":{"title":"Vendredi 27 mars : petit d\u00e9jeuner pour d\u00e9couvrir Syntec Num\u00e9rique, syndicat professionnel des m\u00e9tiers du num\u00e9rique - inovall\u00e9e","robots":{"index":"index","follow":"follow","max-snippet":"max-snippet:-1","max-image-preview":"max-image-preview:large","max-video-preview":"max-video-preview:-1"},"canonical":"https:\/\/www.inovallee.com\/en\/vendredi-27-mars-petit-dejeuner-pour-decouvrir-syntec-numerique-syndicat-professionnel-des-metiers-du-numerique\/","og_locale":"en_GB","og_type":"article","og_title":"Vendredi 27 mars : petit d\u00e9jeuner pour d\u00e9couvrir Syntec Num\u00e9rique, syndicat professionnel des m\u00e9tiers du num\u00e9rique - inovall\u00e9e","og_description":"Vendredi 27 mars,&nbsp;Syntec Num\u00e9rique, syndicat professionnel des m\u00e9tiers du num\u00e9rique,&nbsp;vous&nbsp;invite \u00e0 d\u00e9couvrir son organisation, ses travaux, ses derni\u00e8res&nbsp;actualit\u00e9s ainsi que les services et avantages dont b\u00e9n\u00e9ficient au quotidien les entreprises adh\u00e9rentes autour d&rsquo;un caf\u00e9-croissant.&nbsp; Depuis plus de 30 ans, Syntec Num\u00e9rique oeuvre pour la consolidation de l&rsquo;\u00e9cosyst\u00e8me num\u00e9rique, qui fait de la France une des [&hellip;]","og_url":"https:\/\/www.inovallee.com\/en\/vendredi-27-mars-petit-dejeuner-pour-decouvrir-syntec-numerique-syndicat-professionnel-des-metiers-du-numerique\/","og_site_name":"inovall\u00e9e","article_publisher":"https:\/\/www.facebook.com\/technopoleinovallee\/","article_published_time":"2015-03-11T13:28:00+00:00","article_modified_time":"2020-06-23T13:31:01+00:00","og_image":[{"url":"http:\/\/4.bp.blogspot.com\/-oWzC5JK82x8\/VQgDhVORf6I\/AAAAAAAAP3U\/lHitOhMZS0s\/s1600\/logo_syntec_sans_baseline_CMJN-150dpi.jpg","type":"","width":"","height":""}],"author":"Inovallee","twitter_card":"summary_large_image","twitter_creator":"@inovallee","twitter_site":"@inovallee","twitter_misc":{"Written by":"Inovallee","Estimated reading time":"1 minute"},"schema":{"@context":"https:\/\/schema.org","@graph":[{"@type":"Article","@id":"https:\/\/www.inovallee.com\/vendredi-27-mars-petit-dejeuner-pour-decouvrir-syntec-numerique-syndicat-professionnel-des-metiers-du-numerique\/#article","isPartOf":{"@id":"https:\/\/www.inovallee.com\/vendredi-27-mars-petit-dejeuner-pour-decouvrir-syntec-numerique-syndicat-professionnel-des-metiers-du-numerique\/"},"author":{"name":"Inovallee","@id":"https:\/\/www.inovallee.com\/#\/schema\/person\/a45b15518aad3111b2d61d257a3e023b"},"headline":"Vendredi 27 mars : petit d\u00e9jeuner pour d\u00e9couvrir Syntec Num\u00e9rique, syndicat professionnel des m\u00e9tiers du num\u00e9rique","datePublished":"2015-03-11T13:28:00+00:00","dateModified":"2020-06-23T13:31:01+00:00","mainEntityOfPage":{"@id":"https:\/\/www.inovallee.com\/vendredi-27-mars-petit-dejeuner-pour-decouvrir-syntec-numerique-syndicat-professionnel-des-metiers-du-numerique\/"},"wordCount":285,"publisher":{"@id":"https:\/\/www.inovallee.com\/#organization"},"image":{"@id":"https:\/\/www.inovallee.com\/vendredi-27-mars-petit-dejeuner-pour-decouvrir-syntec-numerique-syndicat-professionnel-des-metiers-du-numerique\/#primaryimage"},"thumbnailUrl":"http:\/\/4.bp.blogspot.com\/-oWzC5JK82x8\/VQgDhVORf6I\/AAAAAAAAP3U\/lHitOhMZS0s\/s1600\/logo_syntec_sans_baseline_CMJN-150dpi.jpg","articleSection":["Technopole inovall\u00e9e"],"inLanguage":"en-GB"},{"@type":"WebPage","@id":"https:\/\/www.inovallee.com\/vendredi-27-mars-petit-dejeuner-pour-decouvrir-syntec-numerique-syndicat-professionnel-des-metiers-du-numerique\/","url":"https:\/\/www.inovallee.com\/vendredi-27-mars-petit-dejeuner-pour-decouvrir-syntec-numerique-syndicat-professionnel-des-metiers-du-numerique\/","name":"Vendredi 27 mars : petit d\u00e9jeuner pour d\u00e9couvrir Syntec Num\u00e9rique, syndicat professionnel des m\u00e9tiers du num\u00e9rique - inovall\u00e9e","isPartOf":{"@id":"https:\/\/www.inovallee.com\/#website"},"primaryImageOfPage":{"@id":"https:\/\/www.inovallee.com\/vendredi-27-mars-petit-dejeuner-pour-decouvrir-syntec-numerique-syndicat-professionnel-des-metiers-du-numerique\/#primaryimage"},"image":{"@id":"https:\/\/www.inovallee.com\/vendredi-27-mars-petit-dejeuner-pour-decouvrir-syntec-numerique-syndicat-professionnel-des-metiers-du-numerique\/#primaryimage"},"thumbnailUrl":"http:\/\/4.bp.blogspot.com\/-oWzC5JK82x8\/VQgDhVORf6I\/AAAAAAAAP3U\/lHitOhMZS0s\/s1600\/logo_syntec_sans_baseline_CMJN-150dpi.jpg","datePublished":"2015-03-11T13:28:00+00:00","dateModified":"2020-06-23T13:31:01+00:00","breadcrumb":{"@id":"https:\/\/www.inovallee.com\/vendredi-27-mars-petit-dejeuner-pour-decouvrir-syntec-numerique-syndicat-professionnel-des-metiers-du-numerique\/#breadcrumb"},"inLanguage":"en-GB","potentialAction":[{"@type":"ReadAction","target":["https:\/\/www.inovallee.com\/vendredi-27-mars-petit-dejeuner-pour-decouvrir-syntec-numerique-syndicat-professionnel-des-metiers-du-numerique\/"]}]},{"@type":"ImageObject","inLanguage":"en-GB","@id":"https:\/\/www.inovallee.com\/vendredi-27-mars-petit-dejeuner-pour-decouvrir-syntec-numerique-syndicat-professionnel-des-metiers-du-numerique\/#primaryimage","url":"http:\/\/4.bp.blogspot.com\/-oWzC5JK82x8\/VQgDhVORf6I\/AAAAAAAAP3U\/lHitOhMZS0s\/s1600\/logo_syntec_sans_baseline_CMJN-150dpi.jpg","contentUrl":"http:\/\/4.bp.blogspot.com\/-oWzC5JK82x8\/VQgDhVORf6I\/AAAAAAAAP3U\/lHitOhMZS0s\/s1600\/logo_syntec_sans_baseline_CMJN-150dpi.jpg"},{"@type":"BreadcrumbList","@id":"https:\/\/www.inovallee.com\/vendredi-27-mars-petit-dejeuner-pour-decouvrir-syntec-numerique-syndicat-professionnel-des-metiers-du-numerique\/#breadcrumb","itemListElement":[{"@type":"ListItem","position":1,"name":"Accueil","item":"https:\/\/www.inovallee.com\/"},{"@type":"ListItem","position":2,"name":"Vendredi 27 mars : petit d\u00e9jeuner pour d\u00e9couvrir Syntec Num\u00e9rique, syndicat professionnel des m\u00e9tiers du num\u00e9rique"}]},{"@type":"WebSite","@id":"https:\/\/www.inovallee.com\/#website","url":"https:\/\/www.inovallee.com\/","name":"inovall\u00e9e technopole, Home to software & smart technologies","description":"Home to software &amp; smart technologies","publisher":{"@id":"https:\/\/www.inovallee.com\/#organization"},"potentialAction":[{"@type":"SearchAction","target":{"@type":"EntryPoint","urlTemplate":"https:\/\/www.inovallee.com\/?s={search_term_string}"},"query-input":{"@type":"PropertyValueSpecification","valueRequired":true,"valueName":"search_term_string"}}],"inLanguage":"en-GB"},{"@type":"Organization","@id":"https:\/\/www.inovallee.com\/#organization","name":"inovall\u00e9e","url":"https:\/\/www.inovallee.com\/","logo":{"@type":"ImageObject","inLanguage":"en-GB","@id":"https:\/\/www.inovallee.com\/#\/schema\/logo\/image\/","url":"https:\/\/www.inovallee.com\/wp-content\/uploads\/2023\/08\/inovallee_2022_GrenobleAlpes.png","contentUrl":"https:\/\/www.inovallee.com\/wp-content\/uploads\/2023\/08\/inovallee_2022_GrenobleAlpes.png","width":945,"height":369,"caption":"inovall\u00e9e"},"image":{"@id":"https:\/\/www.inovallee.com\/#\/schema\/logo\/image\/"},"sameAs":["https:\/\/www.facebook.com\/technopoleinovallee\/","https:\/\/x.com\/inovallee","https:\/\/www.linkedin.com\/company\/inovall-e\/","https:\/\/www.youtube.com\/user\/inovallee?reload=9"]},{"@type":"Person","@id":"https:\/\/www.inovallee.com\/#\/schema\/person\/a45b15518aad3111b2d61d257a3e023b","name":"Inovallee"}]}},"_links":{"self":[{"href":"https:\/\/www.inovallee.com\/en\/wp-json\/wp\/v2\/posts\/28815","targetHints":{"allow":["GET"]}}],"collection":[{"href":"https:\/\/www.inovallee.com\/en\/wp-json\/wp\/v2\/posts"}],"about":[{"href":"https:\/\/www.inovallee.com\/en\/wp-json\/wp\/v2\/types\/post"}],"author":[{"embeddable":true,"href":"https:\/\/www.inovallee.com\/en\/wp-json\/wp\/v2\/users\/6"}],"replies":[{"embeddable":true,"href":"https:\/\/www.inovallee.com\/en\/wp-json\/wp\/v2\/comments?post=28815"}],"version-history":[{"count":0,"href":"https:\/\/www.inovallee.com\/en\/wp-json\/wp\/v2\/posts\/28815\/revisions"}],"wp:attachment":[{"href":"https:\/\/www.inovallee.com\/en\/wp-json\/wp\/v2\/media?parent=28815"}],"wp:term":[{"taxonomy":"category","embeddable":true,"href":"https:\/\/www.inovallee.com\/en\/wp-json\/wp\/v2\/categories?post=28815"},{"taxonomy":"post_tag","embeddable":true,"href":"https:\/\/www.inovallee.com\/en\/wp-json\/wp\/v2\/tags?post=28815"}],"curies":[{"name":"wp","href":"https:\/\/api.w.org\/{rel}","templated":true}]}}