{"id":28817,"date":"2015-03-10T18:03:00","date_gmt":"2015-03-10T17:03:00","guid":{"rendered":"https:\/\/www.inovallee.com\/inovallee-partenaire-de-lunicef-participez-au-defi-de-leau-organise-par-lunicef-le-mardi-7-avril-de-12h-a-14h-a-la-piscine-de-lepa-a-montbonnot\/"},"modified":"2020-06-23T15:33:18","modified_gmt":"2020-06-23T13:33:18","slug":"inovallee-partenaire-de-lunicef-participez-au-defi-de-leau-organise-par-lunicef-le-mardi-7-avril-de-12h-a-14h-a-la-piscine-de-lepa-a-montbonnot","status":"publish","type":"post","link":"https:\/\/www.inovallee.com\/en\/inovallee-partenaire-de-lunicef-participez-au-defi-de-leau-organise-par-lunicef-le-mardi-7-avril-de-12h-a-14h-a-la-piscine-de-lepa-a-montbonnot\/","title":{"rendered":"Inovall\u00e9e partenaire de l\u2019UNICEF : Participez au \u00ab D\u00e9fi de l\u2019Eau \u00bb organis\u00e9 par l\u2019UNICEF le mardi 7 Avril de 12h \u00e0 14h \u00e0 la piscine de l\u2019EPA \u00e0 Montbonnot"},"content":{"rendered":"<div dir=\"ltr\" style=\"text-align: left;\">\n<div style=\"clear: both; text-align: center;\"><a href=\"http:\/\/2.bp.blogspot.com\/-5s98cj03XMY\/VP8inb9ME_I\/AAAAAAAAPx4\/i_dzzEbhl6U\/s1600\/UNICEF_defideleau_2015.jpg\" style=\"clear: left; float: left; margin-bottom: 1em; margin-right: 1em;\"><img fetchpriority=\"high\" decoding=\"async\" border=\"0\" src=\"http:\/\/2.bp.blogspot.com\/-5s98cj03XMY\/VP8inb9ME_I\/AAAAAAAAPx4\/i_dzzEbhl6U\/s1600\/UNICEF_defideleau_2015.jpg\" height=\"192\" width=\"320\" \/><\/a><\/div>\n<p><span style=\"font-family: Arial, Helvetica, sans-serif; font-size: x-small;\">L\u2019UNICEF et la f\u00e9d\u00e9ration fran\u00e7aise de natation, en partenariat avec inovall\u00e9e, vous proposent de participer le&nbsp;<b>mardi&nbsp;7 avril<\/b>&nbsp;au \u00ab&nbsp;D\u00e9fi de l\u2019Eau&nbsp;\u00bb organis\u00e9 \u00e0 la piscine de l\u2019Ecole des pupilles de l\u2019air de Montbonnot entre 12h et 14h et de 17h \u00e0 18h&#8230;<\/span><br \/><span style=\"font-family: Arial, Helvetica, sans-serif; font-size: x-small;\"><br \/><\/span><\/p>\n<div><b><span style=\"font-family: Arial, Helvetica, sans-serif; font-size: x-small;\">Le D\u00e9fi de l\u2019Eau est une magnifique opportunit\u00e9 pour une entreprise de f\u00e9d\u00e9rer ses collaborateurs autour d\u2019un projet ludique, solidaire et porteur de sens.<\/span><\/b><\/p>\n<p><span style=\"font-size: x-small;\"><span style=\"font-family: Arial,Helvetica,sans-serif;\"><b><br \/><\/b><\/span><\/span><span style=\"color: orange;\"><b><span style=\"font-family: Arial,Helvetica,sans-serif; font-size: x-small;\">Le principe est simple !<\/span><\/b><\/span><br \/><span style=\"font-size: x-small;\"><span style=\"font-family: Arial,Helvetica,sans-serif;\"><span style=\"color: orange;\"><b>1.<\/b><\/span>&nbsp;Vous proposez \u00e0 quelques coll\u00e8gues de votre entreprise ou d&rsquo;inovall\u00e9e d&rsquo;aller faire quelques longueurs de bassin \u00e0 la piscine de l&rsquo;Ecole des pupilles de l&rsquo;Air de Montbonnot sp\u00e9cialement r\u00e9serv\u00e9e pour cet \u00e9v\u00e8nement le mardi 7 avril de 12h \u00e0 14h et de 17h \u00e0 18h<\/span><\/span><br \/><span style=\"font-size: x-small;\"><span style=\"font-family: Arial,Helvetica,sans-serif;\"><span style=\"font-size: x-small;\"><span style=\"font-family: Arial,Helvetica,sans-serif;\"><span style=\"color: orange;\"><b>2.<\/b><\/span><\/span><\/span>Vous inscrivez votre \u00e9quipe sur le site de l&rsquo;UNICEF et cr\u00e9er votre page de collecte<\/span><\/span><br \/><span style=\"font-size: x-small;\"><span style=\"font-family: Arial,Helvetica,sans-serif;\"><span style=\"font-size: x-small;\"><span style=\"font-family: Arial,Helvetica,sans-serif;\"><span style=\"color: orange;\"><b>3.<\/b><\/span><\/span><\/span>&nbsp;Chaque membre de l&rsquo;\u00e9quipe parle de cet \u00e9v\u00e8nement \u00e0 ses amis, sa famille, ses voisins, ses coll\u00e8gues de travail afin qu&rsquo;ils sponsorisent les longueurs faites par l&rsquo;\u00e9quipe en versant le montant de leur choix sur la page de collecte que vous aurez cr\u00e9\u00e9e sur le site de l&rsquo;UNICEF pour votre \u00e9quipe.&nbsp;<\/span><\/span><span style=\"font-size: x-small;\"><span style=\"font-family: Arial,Helvetica,sans-serif;\">Pour cr\u00e9er votre page de collecte&nbsp;:&nbsp;<a href=\"http:\/\/team.unicef.fr\/projects\/new?event_id=6\">http:\/\/team.unicef.fr\/projects\/new?event_id=6<\/a><b><\/b><\/span><\/span><br \/><span style=\"font-family: Arial, Helvetica, sans-serif; font-size: x-small;\"><br \/><\/span><span style=\"font-size: x-small;\"><span style=\"font-family: Arial,Helvetica,sans-serif;\">Vous pourrez avoir plus d\u2019informations en surfant d\u00e8s maintenant sur&nbsp;<a href=\"http:\/\/team.unicef.fr\/\">http:\/\/team.unicef.fr\/&nbsp;<\/a><b>&nbsp;<\/b><\/span><\/span><br \/><span style=\"font-family: Arial, Helvetica, sans-serif; font-size: x-small;\"><br \/><\/span><span style=\"font-size: x-small;\"><span style=\"font-family: Arial,Helvetica,sans-serif;\">Ainsi vous pouvez engager votre entreprise aux c\u00f4t\u00e9s de l\u2019UNICEF et de la F\u00e9d\u00e9ration Fran\u00e7aise de Natation pour am\u00e9liorer l\u2019acc\u00e8s \u00e0 l\u2019eau potable dans les \u00e9coles du Togo.&nbsp;<b>Vous ferez b\u00e9n\u00e9ficier ainsi votre entreprise d\u2019un retour tr\u00e8s positif en terme d\u2019image, gr\u00e2ce \u00e0 cet \u00e9v\u00e9nement unique.&nbsp;<\/b><\/span><\/span><br \/><span style=\"font-family: Arial, Helvetica, sans-serif; font-size: x-small;\"><br \/><\/span><span style=\"font-size: x-small;\"><span style=\"font-family: Arial,Helvetica,sans-serif;\"><b>Deux Challenges r\u00e9compenseront les entreprises les plus mobilis\u00e9es :<\/b>&nbsp;<\/span><\/span><\/div>\n<div><span style=\"font-size: x-small;\"><span style=\"font-family: Arial,Helvetica,sans-serif;\">&#8211;&nbsp; Le challenge du nombre qui mettra \u00e0 l\u2019honneur les entreprises qui auront r\u00e9uni le plus de collaborateurs<\/span><\/span><\/div>\n<div><span style=\"font-size: x-small;\"><span style=\"font-family: Arial,Helvetica,sans-serif;\">&#8211; Le challenge de la collecte qui mettra \u00e0 l\u2019honneur les entreprises qui auront r\u00e9uni le plus de fonds pour les projets de l\u2019UNICEF<\/span><\/span><br \/><span style=\"font-family: Arial, Helvetica, sans-serif; font-size: x-small;\"><br \/><\/span><span style=\"font-size: x-small;\"><span style=\"font-family: Arial,Helvetica,sans-serif;\">Vous pouvez \u00e9galement faire un don en confiance directement en ligne pour soutenir l\u2019UNICEF et participer au financement du programme \u00ab Eau et Assainissement \u00bb en faveur des enfants togolais. La page collecte sur internet permet \u00e0 ceux qui ne pourront pas se d\u00e9placer le jour J d\u2019avoir la possibilit\u00e9 de contribuer au projet.<\/span><\/span><\/p>\n<p><span style=\"font-family: Arial, Helvetica, sans-serif; font-size: x-small;\"><b>Programme :<\/b><\/span><\/p>\n<div><span style=\"font-family: Arial, Helvetica, sans-serif; font-size: x-small;\">&#8211;&nbsp;<b>de 12h \u00e0 14h<\/b>&nbsp;un D\u00e9fi de l&rsquo;Eau s&rsquo;adressant sp\u00e9cifiquement aux&nbsp;<b>entreprises de&nbsp;la technopole de Meylan-Montbonno<span style=\"color: navy;\">t&nbsp;<\/span>et aux structures du secteur<\/b><o:p><\/o:p><\/span><\/div>\n<div><span style=\"font-family: Arial, Helvetica, sans-serif; font-size: x-small;\">&nbsp;&#8211;&nbsp;<b>de 17h \u00e0 18h<\/b>&nbsp;un D\u00e9fi de l&rsquo;Eau pour les<b>&nbsp;\u00e9l\u00e8ves des principaux coll\u00e8ges et Lyc\u00e9es du secteur<\/b><\/span><\/div>\n<div><span style=\"font-family: Arial, Helvetica, sans-serif; font-size: x-small;\"><b><br \/><\/b><\/span><\/div>\n<div><span style=\"font-family: Arial, Helvetica, sans-serif; font-size: x-small;\"><b><br \/><\/b><\/span><\/div>\n<p><b><span style=\"font-size: x-small;\"><span style=\"font-family: Arial,Helvetica,sans-serif;\">Pour plus d&rsquo;informations : vous pouvez t\u00e9l\u00e9charger&nbsp;<a href=\"https:\/\/www.inovallee.com\/en\/pdf\/blog\/2015.02.25.NDL_defideleau_2015.pdf\/\" target=\"_blank\" rel=\"noopener noreferrer\">la plaquette<\/a>&nbsp;ou contacter l&rsquo;UNICEF par mail :&nbsp;<span style=\"color: navy;\"><a href=\"mailto:unicef38@unicef.fr\">unicef38@unicef.fr<\/a>&nbsp;ou au 06 87 00 90 22&nbsp;<\/span><\/span><\/span><\/b><\/p>\n<div><b><span style=\"font-size: x-small;\"><span style=\"font-family: Arial,Helvetica,sans-serif;\"><span style=\"color: navy;\"><br \/><\/span><\/span><\/span><\/b><\/div>\n<p><b><span style=\"font-size: x-small;\"><span style=\"font-family: Arial,Helvetica,sans-serif;\"><span style=\"color: navy;\"><br \/><\/span><\/span><\/span><\/b><\/p>\n<div style=\"clear: both; text-align: center;\"><a href=\"http:\/\/1.bp.blogspot.com\/-L6qrTGXd5WE\/VO5WdXgTcPI\/AAAAAAAAPm8\/UluELf6q9hU\/s1600\/NDL_defideleau_2015.jpg\" style=\"margin-left: 1em; margin-right: 1em; text-align: center;\"><img decoding=\"async\" border=\"0\" src=\"http:\/\/1.bp.blogspot.com\/-L6qrTGXd5WE\/VO5WdXgTcPI\/AAAAAAAAPm8\/UluELf6q9hU\/s1600\/NDL_defideleau_2015.jpg\" height=\"122\" width=\"320\" \/><\/a><\/div>\n<\/div>\n<\/div>","protected":false},"excerpt":{"rendered":"<p>L\u2019UNICEF et la f\u00e9d\u00e9ration fran\u00e7aise de natation, en partenariat avec inovall\u00e9e, vous proposent de participer le&nbsp;mardi&nbsp;7 avril&nbsp;au \u00ab&nbsp;D\u00e9fi de l\u2019Eau&nbsp;\u00bb organis\u00e9 \u00e0 la piscine de l\u2019Ecole des pupilles de l\u2019air de Montbonnot entre 12h et 14h et de 17h \u00e0 18h&#8230; Le D\u00e9fi de l\u2019Eau est une magnifique opportunit\u00e9 pour une entreprise de f\u00e9d\u00e9rer ses [&hellip;]<\/p>\n","protected":false},"author":6,"featured_media":0,"comment_status":"closed","ping_status":"open","sticky":false,"template":"","format":"standard","meta":{"footnotes":""},"categories":[35,29],"tags":[],"class_list":["post-28817","post","type-post","status-publish","format-standard","hentry","category-sports-loisirs-culture-inovallee","category-evenements"],"yoast_head":"<!-- This site is optimized with the Yoast SEO plugin v27.4 - https:\/\/yoast.com\/product\/yoast-seo-wordpress\/ -->\n<title>Inovall\u00e9e partenaire de l\u2019UNICEF : Participez au \u00ab D\u00e9fi de l\u2019Eau \u00bb organis\u00e9 par l\u2019UNICEF le mardi 7 Avril de 12h \u00e0 14h \u00e0 la piscine de l\u2019EPA \u00e0 Montbonnot - inovall\u00e9e<\/title>\n<meta name=\"robots\" content=\"index, follow, max-snippet:-1, max-image-preview:large, max-video-preview:-1\" \/>\n<link rel=\"canonical\" href=\"https:\/\/www.inovallee.com\/en\/inovallee-partenaire-de-lunicef-participez-au-defi-de-leau-organise-par-lunicef-le-mardi-7-avril-de-12h-a-14h-a-la-piscine-de-lepa-a-montbonnot\/\" \/>\n<meta property=\"og:locale\" content=\"en_GB\" \/>\n<meta property=\"og:type\" content=\"article\" \/>\n<meta property=\"og:title\" content=\"Inovall\u00e9e partenaire de l\u2019UNICEF : Participez au \u00ab D\u00e9fi de l\u2019Eau \u00bb organis\u00e9 par l\u2019UNICEF le mardi 7 Avril de 12h \u00e0 14h \u00e0 la piscine de l\u2019EPA \u00e0 Montbonnot - inovall\u00e9e\" \/>\n<meta property=\"og:description\" content=\"L\u2019UNICEF et la f\u00e9d\u00e9ration fran\u00e7aise de natation, en partenariat avec inovall\u00e9e, vous proposent de participer le&nbsp;mardi&nbsp;7 avril&nbsp;au \u00ab&nbsp;D\u00e9fi de l\u2019Eau&nbsp;\u00bb organis\u00e9 \u00e0 la piscine de l\u2019Ecole des pupilles de l\u2019air de Montbonnot entre 12h et 14h et de 17h \u00e0 18h&#8230; Le D\u00e9fi de l\u2019Eau est une magnifique opportunit\u00e9 pour une entreprise de f\u00e9d\u00e9rer ses [&hellip;]\" \/>\n<meta property=\"og:url\" content=\"https:\/\/www.inovallee.com\/en\/inovallee-partenaire-de-lunicef-participez-au-defi-de-leau-organise-par-lunicef-le-mardi-7-avril-de-12h-a-14h-a-la-piscine-de-lepa-a-montbonnot\/\" \/>\n<meta property=\"og:site_name\" content=\"inovall\u00e9e\" \/>\n<meta property=\"article:publisher\" content=\"https:\/\/www.facebook.com\/technopoleinovallee\/\" \/>\n<meta property=\"article:published_time\" content=\"2015-03-10T17:03:00+00:00\" \/>\n<meta property=\"article:modified_time\" content=\"2020-06-23T13:33:18+00:00\" \/>\n<meta property=\"og:image\" content=\"http:\/\/2.bp.blogspot.com\/-5s98cj03XMY\/VP8inb9ME_I\/AAAAAAAAPx4\/i_dzzEbhl6U\/s1600\/UNICEF_defideleau_2015.jpg\" \/>\n<meta name=\"author\" content=\"Inovallee\" \/>\n<meta name=\"twitter:card\" content=\"summary_large_image\" \/>\n<meta name=\"twitter:creator\" content=\"@inovallee\" \/>\n<meta name=\"twitter:site\" content=\"@inovallee\" \/>\n<meta name=\"twitter:label1\" content=\"Written by\" \/>\n\t<meta name=\"twitter:data1\" content=\"Inovallee\" \/>\n\t<meta name=\"twitter:label2\" content=\"Estimated reading time\" \/>\n\t<meta name=\"twitter:data2\" content=\"2 minutes\" \/>\n<script type=\"application\/ld+json\" class=\"yoast-schema-graph\">{\"@context\":\"https:\\\/\\\/schema.org\",\"@graph\":[{\"@type\":\"Article\",\"@id\":\"https:\\\/\\\/www.inovallee.com\\\/inovallee-partenaire-de-lunicef-participez-au-defi-de-leau-organise-par-lunicef-le-mardi-7-avril-de-12h-a-14h-a-la-piscine-de-lepa-a-montbonnot\\\/#article\",\"isPartOf\":{\"@id\":\"https:\\\/\\\/www.inovallee.com\\\/inovallee-partenaire-de-lunicef-participez-au-defi-de-leau-organise-par-lunicef-le-mardi-7-avril-de-12h-a-14h-a-la-piscine-de-lepa-a-montbonnot\\\/\"},\"author\":{\"name\":\"Inovallee\",\"@id\":\"https:\\\/\\\/www.inovallee.com\\\/#\\\/schema\\\/person\\\/a45b15518aad3111b2d61d257a3e023b\"},\"headline\":\"Inovall\u00e9e partenaire de l\u2019UNICEF : Participez au \u00ab D\u00e9fi de l\u2019Eau \u00bb organis\u00e9 par l\u2019UNICEF le mardi 7 Avril de 12h \u00e0 14h \u00e0 la piscine de l\u2019EPA \u00e0 Montbonnot\",\"datePublished\":\"2015-03-10T17:03:00+00:00\",\"dateModified\":\"2020-06-23T13:33:18+00:00\",\"mainEntityOfPage\":{\"@id\":\"https:\\\/\\\/www.inovallee.com\\\/inovallee-partenaire-de-lunicef-participez-au-defi-de-leau-organise-par-lunicef-le-mardi-7-avril-de-12h-a-14h-a-la-piscine-de-lepa-a-montbonnot\\\/\"},\"wordCount\":540,\"publisher\":{\"@id\":\"https:\\\/\\\/www.inovallee.com\\\/#organization\"},\"image\":{\"@id\":\"https:\\\/\\\/www.inovallee.com\\\/inovallee-partenaire-de-lunicef-participez-au-defi-de-leau-organise-par-lunicef-le-mardi-7-avril-de-12h-a-14h-a-la-piscine-de-lepa-a-montbonnot\\\/#primaryimage\"},\"thumbnailUrl\":\"http:\\\/\\\/2.bp.blogspot.com\\\/-5s98cj03XMY\\\/VP8inb9ME_I\\\/AAAAAAAAPx4\\\/i_dzzEbhl6U\\\/s1600\\\/UNICEF_defideleau_2015.jpg\",\"articleSection\":[\"Sports &amp; Loisirs\",\"Technopole inovall\u00e9e\"],\"inLanguage\":\"en-GB\"},{\"@type\":\"WebPage\",\"@id\":\"https:\\\/\\\/www.inovallee.com\\\/inovallee-partenaire-de-lunicef-participez-au-defi-de-leau-organise-par-lunicef-le-mardi-7-avril-de-12h-a-14h-a-la-piscine-de-lepa-a-montbonnot\\\/\",\"url\":\"https:\\\/\\\/www.inovallee.com\\\/inovallee-partenaire-de-lunicef-participez-au-defi-de-leau-organise-par-lunicef-le-mardi-7-avril-de-12h-a-14h-a-la-piscine-de-lepa-a-montbonnot\\\/\",\"name\":\"Inovall\u00e9e partenaire de l\u2019UNICEF : Participez au \u00ab D\u00e9fi de l\u2019Eau \u00bb organis\u00e9 par l\u2019UNICEF le mardi 7 Avril de 12h \u00e0 14h \u00e0 la piscine de l\u2019EPA \u00e0 Montbonnot - inovall\u00e9e\",\"isPartOf\":{\"@id\":\"https:\\\/\\\/www.inovallee.com\\\/#website\"},\"primaryImageOfPage\":{\"@id\":\"https:\\\/\\\/www.inovallee.com\\\/inovallee-partenaire-de-lunicef-participez-au-defi-de-leau-organise-par-lunicef-le-mardi-7-avril-de-12h-a-14h-a-la-piscine-de-lepa-a-montbonnot\\\/#primaryimage\"},\"image\":{\"@id\":\"https:\\\/\\\/www.inovallee.com\\\/inovallee-partenaire-de-lunicef-participez-au-defi-de-leau-organise-par-lunicef-le-mardi-7-avril-de-12h-a-14h-a-la-piscine-de-lepa-a-montbonnot\\\/#primaryimage\"},\"thumbnailUrl\":\"http:\\\/\\\/2.bp.blogspot.com\\\/-5s98cj03XMY\\\/VP8inb9ME_I\\\/AAAAAAAAPx4\\\/i_dzzEbhl6U\\\/s1600\\\/UNICEF_defideleau_2015.jpg\",\"datePublished\":\"2015-03-10T17:03:00+00:00\",\"dateModified\":\"2020-06-23T13:33:18+00:00\",\"breadcrumb\":{\"@id\":\"https:\\\/\\\/www.inovallee.com\\\/inovallee-partenaire-de-lunicef-participez-au-defi-de-leau-organise-par-lunicef-le-mardi-7-avril-de-12h-a-14h-a-la-piscine-de-lepa-a-montbonnot\\\/#breadcrumb\"},\"inLanguage\":\"en-GB\",\"potentialAction\":[{\"@type\":\"ReadAction\",\"target\":[\"https:\\\/\\\/www.inovallee.com\\\/inovallee-partenaire-de-lunicef-participez-au-defi-de-leau-organise-par-lunicef-le-mardi-7-avril-de-12h-a-14h-a-la-piscine-de-lepa-a-montbonnot\\\/\"]}]},{\"@type\":\"ImageObject\",\"inLanguage\":\"en-GB\",\"@id\":\"https:\\\/\\\/www.inovallee.com\\\/inovallee-partenaire-de-lunicef-participez-au-defi-de-leau-organise-par-lunicef-le-mardi-7-avril-de-12h-a-14h-a-la-piscine-de-lepa-a-montbonnot\\\/#primaryimage\",\"url\":\"http:\\\/\\\/2.bp.blogspot.com\\\/-5s98cj03XMY\\\/VP8inb9ME_I\\\/AAAAAAAAPx4\\\/i_dzzEbhl6U\\\/s1600\\\/UNICEF_defideleau_2015.jpg\",\"contentUrl\":\"http:\\\/\\\/2.bp.blogspot.com\\\/-5s98cj03XMY\\\/VP8inb9ME_I\\\/AAAAAAAAPx4\\\/i_dzzEbhl6U\\\/s1600\\\/UNICEF_defideleau_2015.jpg\"},{\"@type\":\"BreadcrumbList\",\"@id\":\"https:\\\/\\\/www.inovallee.com\\\/inovallee-partenaire-de-lunicef-participez-au-defi-de-leau-organise-par-lunicef-le-mardi-7-avril-de-12h-a-14h-a-la-piscine-de-lepa-a-montbonnot\\\/#breadcrumb\",\"itemListElement\":[{\"@type\":\"ListItem\",\"position\":1,\"name\":\"Accueil\",\"item\":\"https:\\\/\\\/www.inovallee.com\\\/\"},{\"@type\":\"ListItem\",\"position\":2,\"name\":\"Inovall\u00e9e partenaire de l\u2019UNICEF : Participez au \u00ab D\u00e9fi de l\u2019Eau \u00bb organis\u00e9 par l\u2019UNICEF le mardi 7 Avril de 12h \u00e0 14h \u00e0 la piscine de l\u2019EPA \u00e0 Montbonnot\"}]},{\"@type\":\"WebSite\",\"@id\":\"https:\\\/\\\/www.inovallee.com\\\/#website\",\"url\":\"https:\\\/\\\/www.inovallee.com\\\/\",\"name\":\"inovall\u00e9e technopole, Home to software & smart technologies\",\"description\":\"Home to software &amp; smart technologies\",\"publisher\":{\"@id\":\"https:\\\/\\\/www.inovallee.com\\\/#organization\"},\"potentialAction\":[{\"@type\":\"SearchAction\",\"target\":{\"@type\":\"EntryPoint\",\"urlTemplate\":\"https:\\\/\\\/www.inovallee.com\\\/?s={search_term_string}\"},\"query-input\":{\"@type\":\"PropertyValueSpecification\",\"valueRequired\":true,\"valueName\":\"search_term_string\"}}],\"inLanguage\":\"en-GB\"},{\"@type\":\"Organization\",\"@id\":\"https:\\\/\\\/www.inovallee.com\\\/#organization\",\"name\":\"inovall\u00e9e\",\"url\":\"https:\\\/\\\/www.inovallee.com\\\/\",\"logo\":{\"@type\":\"ImageObject\",\"inLanguage\":\"en-GB\",\"@id\":\"https:\\\/\\\/www.inovallee.com\\\/#\\\/schema\\\/logo\\\/image\\\/\",\"url\":\"https:\\\/\\\/www.inovallee.com\\\/wp-content\\\/uploads\\\/2023\\\/08\\\/inovallee_2022_GrenobleAlpes.png\",\"contentUrl\":\"https:\\\/\\\/www.inovallee.com\\\/wp-content\\\/uploads\\\/2023\\\/08\\\/inovallee_2022_GrenobleAlpes.png\",\"width\":945,\"height\":369,\"caption\":\"inovall\u00e9e\"},\"image\":{\"@id\":\"https:\\\/\\\/www.inovallee.com\\\/#\\\/schema\\\/logo\\\/image\\\/\"},\"sameAs\":[\"https:\\\/\\\/www.facebook.com\\\/technopoleinovallee\\\/\",\"https:\\\/\\\/x.com\\\/inovallee\",\"https:\\\/\\\/www.linkedin.com\\\/company\\\/inovall-e\\\/\",\"https:\\\/\\\/www.youtube.com\\\/user\\\/inovallee?reload=9\"]},{\"@type\":\"Person\",\"@id\":\"https:\\\/\\\/www.inovallee.com\\\/#\\\/schema\\\/person\\\/a45b15518aad3111b2d61d257a3e023b\",\"name\":\"Inovallee\"}]}<\/script>\n<!-- \/ Yoast SEO plugin. -->","yoast_head_json":{"title":"Inovall\u00e9e partenaire de l\u2019UNICEF : Participez au \u00ab D\u00e9fi de l\u2019Eau \u00bb organis\u00e9 par l\u2019UNICEF le mardi 7 Avril de 12h \u00e0 14h \u00e0 la piscine de l\u2019EPA \u00e0 Montbonnot - inovall\u00e9e","robots":{"index":"index","follow":"follow","max-snippet":"max-snippet:-1","max-image-preview":"max-image-preview:large","max-video-preview":"max-video-preview:-1"},"canonical":"https:\/\/www.inovallee.com\/en\/inovallee-partenaire-de-lunicef-participez-au-defi-de-leau-organise-par-lunicef-le-mardi-7-avril-de-12h-a-14h-a-la-piscine-de-lepa-a-montbonnot\/","og_locale":"en_GB","og_type":"article","og_title":"Inovall\u00e9e partenaire de l\u2019UNICEF : Participez au \u00ab D\u00e9fi de l\u2019Eau \u00bb organis\u00e9 par l\u2019UNICEF le mardi 7 Avril de 12h \u00e0 14h \u00e0 la piscine de l\u2019EPA \u00e0 Montbonnot - inovall\u00e9e","og_description":"L\u2019UNICEF et la f\u00e9d\u00e9ration fran\u00e7aise de natation, en partenariat avec inovall\u00e9e, vous proposent de participer le&nbsp;mardi&nbsp;7 avril&nbsp;au \u00ab&nbsp;D\u00e9fi de l\u2019Eau&nbsp;\u00bb organis\u00e9 \u00e0 la piscine de l\u2019Ecole des pupilles de l\u2019air de Montbonnot entre 12h et 14h et de 17h \u00e0 18h&#8230; Le D\u00e9fi de l\u2019Eau est une magnifique opportunit\u00e9 pour une entreprise de f\u00e9d\u00e9rer ses [&hellip;]","og_url":"https:\/\/www.inovallee.com\/en\/inovallee-partenaire-de-lunicef-participez-au-defi-de-leau-organise-par-lunicef-le-mardi-7-avril-de-12h-a-14h-a-la-piscine-de-lepa-a-montbonnot\/","og_site_name":"inovall\u00e9e","article_publisher":"https:\/\/www.facebook.com\/technopoleinovallee\/","article_published_time":"2015-03-10T17:03:00+00:00","article_modified_time":"2020-06-23T13:33:18+00:00","og_image":[{"url":"http:\/\/2.bp.blogspot.com\/-5s98cj03XMY\/VP8inb9ME_I\/AAAAAAAAPx4\/i_dzzEbhl6U\/s1600\/UNICEF_defideleau_2015.jpg","type":"","width":"","height":""}],"author":"Inovallee","twitter_card":"summary_large_image","twitter_creator":"@inovallee","twitter_site":"@inovallee","twitter_misc":{"Written by":"Inovallee","Estimated reading time":"2 minutes"},"schema":{"@context":"https:\/\/schema.org","@graph":[{"@type":"Article","@id":"https:\/\/www.inovallee.com\/inovallee-partenaire-de-lunicef-participez-au-defi-de-leau-organise-par-lunicef-le-mardi-7-avril-de-12h-a-14h-a-la-piscine-de-lepa-a-montbonnot\/#article","isPartOf":{"@id":"https:\/\/www.inovallee.com\/inovallee-partenaire-de-lunicef-participez-au-defi-de-leau-organise-par-lunicef-le-mardi-7-avril-de-12h-a-14h-a-la-piscine-de-lepa-a-montbonnot\/"},"author":{"name":"Inovallee","@id":"https:\/\/www.inovallee.com\/#\/schema\/person\/a45b15518aad3111b2d61d257a3e023b"},"headline":"Inovall\u00e9e partenaire de l\u2019UNICEF : Participez au \u00ab D\u00e9fi de l\u2019Eau \u00bb organis\u00e9 par l\u2019UNICEF le mardi 7 Avril de 12h \u00e0 14h \u00e0 la piscine de l\u2019EPA \u00e0 Montbonnot","datePublished":"2015-03-10T17:03:00+00:00","dateModified":"2020-06-23T13:33:18+00:00","mainEntityOfPage":{"@id":"https:\/\/www.inovallee.com\/inovallee-partenaire-de-lunicef-participez-au-defi-de-leau-organise-par-lunicef-le-mardi-7-avril-de-12h-a-14h-a-la-piscine-de-lepa-a-montbonnot\/"},"wordCount":540,"publisher":{"@id":"https:\/\/www.inovallee.com\/#organization"},"image":{"@id":"https:\/\/www.inovallee.com\/inovallee-partenaire-de-lunicef-participez-au-defi-de-leau-organise-par-lunicef-le-mardi-7-avril-de-12h-a-14h-a-la-piscine-de-lepa-a-montbonnot\/#primaryimage"},"thumbnailUrl":"http:\/\/2.bp.blogspot.com\/-5s98cj03XMY\/VP8inb9ME_I\/AAAAAAAAPx4\/i_dzzEbhl6U\/s1600\/UNICEF_defideleau_2015.jpg","articleSection":["Sports &amp; Loisirs","Technopole inovall\u00e9e"],"inLanguage":"en-GB"},{"@type":"WebPage","@id":"https:\/\/www.inovallee.com\/inovallee-partenaire-de-lunicef-participez-au-defi-de-leau-organise-par-lunicef-le-mardi-7-avril-de-12h-a-14h-a-la-piscine-de-lepa-a-montbonnot\/","url":"https:\/\/www.inovallee.com\/inovallee-partenaire-de-lunicef-participez-au-defi-de-leau-organise-par-lunicef-le-mardi-7-avril-de-12h-a-14h-a-la-piscine-de-lepa-a-montbonnot\/","name":"Inovall\u00e9e partenaire de l\u2019UNICEF : Participez au \u00ab D\u00e9fi de l\u2019Eau \u00bb organis\u00e9 par l\u2019UNICEF le mardi 7 Avril de 12h \u00e0 14h \u00e0 la piscine de l\u2019EPA \u00e0 Montbonnot - inovall\u00e9e","isPartOf":{"@id":"https:\/\/www.inovallee.com\/#website"},"primaryImageOfPage":{"@id":"https:\/\/www.inovallee.com\/inovallee-partenaire-de-lunicef-participez-au-defi-de-leau-organise-par-lunicef-le-mardi-7-avril-de-12h-a-14h-a-la-piscine-de-lepa-a-montbonnot\/#primaryimage"},"image":{"@id":"https:\/\/www.inovallee.com\/inovallee-partenaire-de-lunicef-participez-au-defi-de-leau-organise-par-lunicef-le-mardi-7-avril-de-12h-a-14h-a-la-piscine-de-lepa-a-montbonnot\/#primaryimage"},"thumbnailUrl":"http:\/\/2.bp.blogspot.com\/-5s98cj03XMY\/VP8inb9ME_I\/AAAAAAAAPx4\/i_dzzEbhl6U\/s1600\/UNICEF_defideleau_2015.jpg","datePublished":"2015-03-10T17:03:00+00:00","dateModified":"2020-06-23T13:33:18+00:00","breadcrumb":{"@id":"https:\/\/www.inovallee.com\/inovallee-partenaire-de-lunicef-participez-au-defi-de-leau-organise-par-lunicef-le-mardi-7-avril-de-12h-a-14h-a-la-piscine-de-lepa-a-montbonnot\/#breadcrumb"},"inLanguage":"en-GB","potentialAction":[{"@type":"ReadAction","target":["https:\/\/www.inovallee.com\/inovallee-partenaire-de-lunicef-participez-au-defi-de-leau-organise-par-lunicef-le-mardi-7-avril-de-12h-a-14h-a-la-piscine-de-lepa-a-montbonnot\/"]}]},{"@type":"ImageObject","inLanguage":"en-GB","@id":"https:\/\/www.inovallee.com\/inovallee-partenaire-de-lunicef-participez-au-defi-de-leau-organise-par-lunicef-le-mardi-7-avril-de-12h-a-14h-a-la-piscine-de-lepa-a-montbonnot\/#primaryimage","url":"http:\/\/2.bp.blogspot.com\/-5s98cj03XMY\/VP8inb9ME_I\/AAAAAAAAPx4\/i_dzzEbhl6U\/s1600\/UNICEF_defideleau_2015.jpg","contentUrl":"http:\/\/2.bp.blogspot.com\/-5s98cj03XMY\/VP8inb9ME_I\/AAAAAAAAPx4\/i_dzzEbhl6U\/s1600\/UNICEF_defideleau_2015.jpg"},{"@type":"BreadcrumbList","@id":"https:\/\/www.inovallee.com\/inovallee-partenaire-de-lunicef-participez-au-defi-de-leau-organise-par-lunicef-le-mardi-7-avril-de-12h-a-14h-a-la-piscine-de-lepa-a-montbonnot\/#breadcrumb","itemListElement":[{"@type":"ListItem","position":1,"name":"Accueil","item":"https:\/\/www.inovallee.com\/"},{"@type":"ListItem","position":2,"name":"Inovall\u00e9e partenaire de l\u2019UNICEF : Participez au \u00ab D\u00e9fi de l\u2019Eau \u00bb organis\u00e9 par l\u2019UNICEF le mardi 7 Avril de 12h \u00e0 14h \u00e0 la piscine de l\u2019EPA \u00e0 Montbonnot"}]},{"@type":"WebSite","@id":"https:\/\/www.inovallee.com\/#website","url":"https:\/\/www.inovallee.com\/","name":"inovall\u00e9e technopole, Home to software & smart technologies","description":"Home to software &amp; smart technologies","publisher":{"@id":"https:\/\/www.inovallee.com\/#organization"},"potentialAction":[{"@type":"SearchAction","target":{"@type":"EntryPoint","urlTemplate":"https:\/\/www.inovallee.com\/?s={search_term_string}"},"query-input":{"@type":"PropertyValueSpecification","valueRequired":true,"valueName":"search_term_string"}}],"inLanguage":"en-GB"},{"@type":"Organization","@id":"https:\/\/www.inovallee.com\/#organization","name":"inovall\u00e9e","url":"https:\/\/www.inovallee.com\/","logo":{"@type":"ImageObject","inLanguage":"en-GB","@id":"https:\/\/www.inovallee.com\/#\/schema\/logo\/image\/","url":"https:\/\/www.inovallee.com\/wp-content\/uploads\/2023\/08\/inovallee_2022_GrenobleAlpes.png","contentUrl":"https:\/\/www.inovallee.com\/wp-content\/uploads\/2023\/08\/inovallee_2022_GrenobleAlpes.png","width":945,"height":369,"caption":"inovall\u00e9e"},"image":{"@id":"https:\/\/www.inovallee.com\/#\/schema\/logo\/image\/"},"sameAs":["https:\/\/www.facebook.com\/technopoleinovallee\/","https:\/\/x.com\/inovallee","https:\/\/www.linkedin.com\/company\/inovall-e\/","https:\/\/www.youtube.com\/user\/inovallee?reload=9"]},{"@type":"Person","@id":"https:\/\/www.inovallee.com\/#\/schema\/person\/a45b15518aad3111b2d61d257a3e023b","name":"Inovallee"}]}},"_links":{"self":[{"href":"https:\/\/www.inovallee.com\/en\/wp-json\/wp\/v2\/posts\/28817","targetHints":{"allow":["GET"]}}],"collection":[{"href":"https:\/\/www.inovallee.com\/en\/wp-json\/wp\/v2\/posts"}],"about":[{"href":"https:\/\/www.inovallee.com\/en\/wp-json\/wp\/v2\/types\/post"}],"author":[{"embeddable":true,"href":"https:\/\/www.inovallee.com\/en\/wp-json\/wp\/v2\/users\/6"}],"replies":[{"embeddable":true,"href":"https:\/\/www.inovallee.com\/en\/wp-json\/wp\/v2\/comments?post=28817"}],"version-history":[{"count":0,"href":"https:\/\/www.inovallee.com\/en\/wp-json\/wp\/v2\/posts\/28817\/revisions"}],"wp:attachment":[{"href":"https:\/\/www.inovallee.com\/en\/wp-json\/wp\/v2\/media?parent=28817"}],"wp:term":[{"taxonomy":"category","embeddable":true,"href":"https:\/\/www.inovallee.com\/en\/wp-json\/wp\/v2\/categories?post=28817"},{"taxonomy":"post_tag","embeddable":true,"href":"https:\/\/www.inovallee.com\/en\/wp-json\/wp\/v2\/tags?post=28817"}],"curies":[{"name":"wp","href":"https:\/\/api.w.org\/{rel}","templated":true}]}}