{"id":28822,"date":"2015-03-03T17:32:00","date_gmt":"2015-03-03T16:32:00","guid":{"rendered":"https:\/\/www.inovallee.com\/retour-sur-latelier-lentretien-professionnel-anime-par-veronique-brenner\/"},"modified":"2015-03-03T17:32:00","modified_gmt":"2015-03-03T16:32:00","slug":"retour-sur-latelier-lentretien-professionnel-anime-par-veronique-brenner","status":"publish","type":"post","link":"https:\/\/www.inovallee.com\/en\/retour-sur-latelier-lentretien-professionnel-anime-par-veronique-brenner\/","title":{"rendered":"Retour sur l&#039;atelier &quot;l&#039;entretien professionnel&quot;, anim\u00e9 par V\u00e9ronique Brenner"},"content":{"rendered":"<div dir=\"ltr\" style=\"text-align: left;\">\n<div style=\"clear: both; text-align: center;\"><a href=\"http:\/\/4.bp.blogspot.com\/-ryC5bNtBG0I\/VPVrzgKSefI\/AAAAAAAAPsM\/NovfqHsjopM\/s1600\/DSC00645.JPG\" style=\"clear: left; float: left; margin-bottom: 1em; margin-right: 1em;\"><img decoding=\"async\" border=\"0\" src=\"http:\/\/4.bp.blogspot.com\/-ryC5bNtBG0I\/VPVrzgKSefI\/AAAAAAAAPsM\/NovfqHsjopM\/s1600\/DSC00645.JPG\" height=\"133\" width=\"200\" \/><\/a><\/div>\n<p><b><span style=\"font-family: Arial, Helvetica, sans-serif; font-size: x-small;\">Lundi 2 mars, V\u00e9ronique Brenner du cabinet Conseil RH a anim\u00e9, dans les locaux d&rsquo;inovall\u00e9e, un atelier sur l&rsquo;entretien professionnel : quels sont les objectifs de cet entretien ? Comment le mener \u00e0 bien ? En quoi se diff\u00e9rencie-t-il de l&rsquo;entretien annuel d&rsquo;\u00e9valuation ?&nbsp;<\/span><\/b><br \/><b><span style=\"font-family: Arial, Helvetica, sans-serif; font-size: x-small;\"><br \/><\/span><\/b><\/p>\n<div style=\"margin-bottom: .0001pt; margin: 0cm;\"><span style=\"font-family: Arial, Helvetica, sans-serif; font-size: x-small;\">La loi du 1er janvier 2014 a en effet apport\u00e9 de nombreuses \u00e9volutions, avec notamment le remplacement du DIF par le Compte Personnel de Formation (CPF) et la cr\u00e9ation de l&rsquo;entretien professionnel. Cet entretien, qui n&rsquo;est pas destin\u00e9 \u00e0 \u00e9valuer les comp\u00e9tences du salari\u00e9, porte essentiellement sur les perspectives d&rsquo;\u00e9volution du salari\u00e9 (formation, changement de poste&#8230;)<o:p><\/o:p><\/span><\/div>\n<div style=\"margin: 0cm 0cm 0.0001pt;\"><span style=\"font-family: Arial, Helvetica, sans-serif; font-size: x-small;\"><br \/>V\u00e9ronique Brenner du cabinet Conseil RH a pu apporter des r\u00e9ponses claires aux diff\u00e9rentes interrogations des participants, que ces derniers soient RH ou managers. Comment soutenir les salari\u00e9s dans leur d\u00e9marche de formation ? Comment identifier leurs besoins ? Comment accompagner leurs envies de formation ?&nbsp;<o:p><\/o:p><\/span><\/div>\n<p><\/p>\n<div style=\"margin: 0cm 0cm 0.0001pt;\"><span style=\"font-family: Arial, Helvetica, sans-serif; font-size: x-small;\"><br \/>De la posture \u00e0 adopter en tant que RH ou manager, \u00e0 la contractualisation du besoin de formation, l&rsquo;entretien professionnel est aussi l&rsquo;occasion pour l&rsquo;entreprise d&rsquo;exprimer sa strat\u00e9gie et de cr\u00e9er des conditions d&rsquo;\u00e9changes favorables avec ses salari\u00e9s, comme l&rsquo;a rappel\u00e9 l&rsquo;intervenante.&nbsp;<\/span><span style=\"font-size: 13.5pt;\"><o:p><\/o:p><\/span><\/div>\n<p><span style=\"font-family: Arial, Helvetica, sans-serif; font-size: x-small;\"><br \/><\/span><\/p>\n<div style=\"clear: both; text-align: center;\"><a href=\"http:\/\/4.bp.blogspot.com\/-v65Tw06v2qM\/VPV2AS_eLzI\/AAAAAAAAPsc\/qaokhQyYVR8\/s1600\/DSC00643.JPG\" style=\"margin-left: 1em; margin-right: 1em;\"><img fetchpriority=\"high\" decoding=\"async\" border=\"0\" src=\"http:\/\/4.bp.blogspot.com\/-v65Tw06v2qM\/VPV2AS_eLzI\/AAAAAAAAPsc\/qaokhQyYVR8\/s1600\/DSC00643.JPG\" height=\"266\" width=\"400\" \/><\/a><\/div>\n<p><\/p>\n<div style=\"clear: both; text-align: center;\"><a href=\"http:\/\/2.bp.blogspot.com\/-U3qCjoxc71c\/VPV2WG9E6JI\/AAAAAAAAPsk\/qokptFbkgug\/s1600\/DSC00630.JPG\" style=\"margin-left: 1em; margin-right: 1em;\"><img decoding=\"async\" border=\"0\" src=\"http:\/\/2.bp.blogspot.com\/-U3qCjoxc71c\/VPV2WG9E6JI\/AAAAAAAAPsk\/qokptFbkgug\/s1600\/DSC00630.JPG\" height=\"266\" width=\"400\" \/><\/a><\/div>\n<div style=\"clear: both; text-align: center;\"><\/div>\n<div style=\"clear: both; text-align: center;\"><a href=\"http:\/\/2.bp.blogspot.com\/-E2-Q_yZacYk\/VPV4X_Tni0I\/AAAAAAAAPs4\/ELd1pgoGwBM\/s1600\/DSC00644.JPG\" style=\"margin-left: 1em; margin-right: 1em;\"><img loading=\"lazy\" decoding=\"async\" border=\"0\" src=\"http:\/\/2.bp.blogspot.com\/-E2-Q_yZacYk\/VPV4X_Tni0I\/AAAAAAAAPs4\/ELd1pgoGwBM\/s1600\/DSC00644.JPG\" height=\"266\" width=\"400\" \/><\/a><\/div>\n<div style=\"clear: both; text-align: center;\"><\/div>\n<div style=\"clear: both; text-align: center;\"><\/div>\n<p><span style=\"font-family: Arial, Helvetica, sans-serif; font-size: x-small;\"><br \/><\/span><\/div>","protected":false},"excerpt":{"rendered":"<p>Lundi 2 mars, V\u00e9ronique Brenner du cabinet Conseil RH a anim\u00e9, dans les locaux d&rsquo;inovall\u00e9e, un atelier sur l&rsquo;entretien professionnel : quels sont les objectifs de cet entretien ? Comment le mener \u00e0 bien ? En quoi se diff\u00e9rencie-t-il de l&rsquo;entretien annuel d&rsquo;\u00e9valuation ?&nbsp; La loi du 1er janvier 2014 a en effet apport\u00e9 de [&hellip;]<\/p>\n","protected":false},"author":6,"featured_media":0,"comment_status":"closed","ping_status":"open","sticky":false,"template":"","format":"standard","meta":{"footnotes":""},"categories":[29],"tags":[],"class_list":["post-28822","post","type-post","status-publish","format-standard","hentry","category-evenements"],"yoast_head":"<!-- This site is optimized with the Yoast SEO plugin v27.4 - https:\/\/yoast.com\/product\/yoast-seo-wordpress\/ -->\n<title>Retour sur l&#039;atelier &quot;l&#039;entretien professionnel&quot;, anim\u00e9 par V\u00e9ronique Brenner - inovall\u00e9e<\/title>\n<meta name=\"robots\" content=\"index, follow, max-snippet:-1, max-image-preview:large, max-video-preview:-1\" \/>\n<link rel=\"canonical\" href=\"https:\/\/www.inovallee.com\/en\/retour-sur-latelier-lentretien-professionnel-anime-par-veronique-brenner\/\" \/>\n<meta property=\"og:locale\" content=\"en_GB\" \/>\n<meta property=\"og:type\" content=\"article\" \/>\n<meta property=\"og:title\" content=\"Retour sur l&#039;atelier &quot;l&#039;entretien professionnel&quot;, anim\u00e9 par V\u00e9ronique Brenner - inovall\u00e9e\" \/>\n<meta property=\"og:description\" content=\"Lundi 2 mars, V\u00e9ronique Brenner du cabinet Conseil RH a anim\u00e9, dans les locaux d&rsquo;inovall\u00e9e, un atelier sur l&rsquo;entretien professionnel : quels sont les objectifs de cet entretien ? Comment le mener \u00e0 bien ? En quoi se diff\u00e9rencie-t-il de l&rsquo;entretien annuel d&rsquo;\u00e9valuation ?&nbsp; La loi du 1er janvier 2014 a en effet apport\u00e9 de [&hellip;]\" \/>\n<meta property=\"og:url\" content=\"https:\/\/www.inovallee.com\/en\/retour-sur-latelier-lentretien-professionnel-anime-par-veronique-brenner\/\" \/>\n<meta property=\"og:site_name\" content=\"inovall\u00e9e\" \/>\n<meta property=\"article:publisher\" content=\"https:\/\/www.facebook.com\/technopoleinovallee\/\" \/>\n<meta property=\"article:published_time\" content=\"2015-03-03T16:32:00+00:00\" \/>\n<meta property=\"og:image\" content=\"http:\/\/4.bp.blogspot.com\/-ryC5bNtBG0I\/VPVrzgKSefI\/AAAAAAAAPsM\/NovfqHsjopM\/s1600\/DSC00645.JPG\" \/>\n<meta name=\"author\" content=\"Inovallee\" \/>\n<meta name=\"twitter:card\" content=\"summary_large_image\" \/>\n<meta name=\"twitter:creator\" content=\"@inovallee\" \/>\n<meta name=\"twitter:site\" content=\"@inovallee\" \/>\n<meta name=\"twitter:label1\" content=\"Written by\" \/>\n\t<meta name=\"twitter:data1\" content=\"Inovallee\" \/>\n\t<meta name=\"twitter:label2\" content=\"Estimated reading time\" \/>\n\t<meta name=\"twitter:data2\" content=\"1 minute\" \/>\n<script type=\"application\/ld+json\" class=\"yoast-schema-graph\">{\"@context\":\"https:\\\/\\\/schema.org\",\"@graph\":[{\"@type\":\"Article\",\"@id\":\"https:\\\/\\\/www.inovallee.com\\\/retour-sur-latelier-lentretien-professionnel-anime-par-veronique-brenner\\\/#article\",\"isPartOf\":{\"@id\":\"https:\\\/\\\/www.inovallee.com\\\/retour-sur-latelier-lentretien-professionnel-anime-par-veronique-brenner\\\/\"},\"author\":{\"name\":\"Inovallee\",\"@id\":\"https:\\\/\\\/www.inovallee.com\\\/#\\\/schema\\\/person\\\/a45b15518aad3111b2d61d257a3e023b\"},\"headline\":\"Retour sur l&#039;atelier &quot;l&#039;entretien professionnel&quot;, anim\u00e9 par V\u00e9ronique Brenner\",\"datePublished\":\"2015-03-03T16:32:00+00:00\",\"mainEntityOfPage\":{\"@id\":\"https:\\\/\\\/www.inovallee.com\\\/retour-sur-latelier-lentretien-professionnel-anime-par-veronique-brenner\\\/\"},\"wordCount\":219,\"publisher\":{\"@id\":\"https:\\\/\\\/www.inovallee.com\\\/#organization\"},\"image\":{\"@id\":\"https:\\\/\\\/www.inovallee.com\\\/retour-sur-latelier-lentretien-professionnel-anime-par-veronique-brenner\\\/#primaryimage\"},\"thumbnailUrl\":\"http:\\\/\\\/4.bp.blogspot.com\\\/-ryC5bNtBG0I\\\/VPVrzgKSefI\\\/AAAAAAAAPsM\\\/NovfqHsjopM\\\/s1600\\\/DSC00645.JPG\",\"articleSection\":[\"Technopole inovall\u00e9e\"],\"inLanguage\":\"en-GB\"},{\"@type\":\"WebPage\",\"@id\":\"https:\\\/\\\/www.inovallee.com\\\/retour-sur-latelier-lentretien-professionnel-anime-par-veronique-brenner\\\/\",\"url\":\"https:\\\/\\\/www.inovallee.com\\\/retour-sur-latelier-lentretien-professionnel-anime-par-veronique-brenner\\\/\",\"name\":\"Retour sur l&#039;atelier &quot;l&#039;entretien professionnel&quot;, anim\u00e9 par V\u00e9ronique Brenner - inovall\u00e9e\",\"isPartOf\":{\"@id\":\"https:\\\/\\\/www.inovallee.com\\\/#website\"},\"primaryImageOfPage\":{\"@id\":\"https:\\\/\\\/www.inovallee.com\\\/retour-sur-latelier-lentretien-professionnel-anime-par-veronique-brenner\\\/#primaryimage\"},\"image\":{\"@id\":\"https:\\\/\\\/www.inovallee.com\\\/retour-sur-latelier-lentretien-professionnel-anime-par-veronique-brenner\\\/#primaryimage\"},\"thumbnailUrl\":\"http:\\\/\\\/4.bp.blogspot.com\\\/-ryC5bNtBG0I\\\/VPVrzgKSefI\\\/AAAAAAAAPsM\\\/NovfqHsjopM\\\/s1600\\\/DSC00645.JPG\",\"datePublished\":\"2015-03-03T16:32:00+00:00\",\"breadcrumb\":{\"@id\":\"https:\\\/\\\/www.inovallee.com\\\/retour-sur-latelier-lentretien-professionnel-anime-par-veronique-brenner\\\/#breadcrumb\"},\"inLanguage\":\"en-GB\",\"potentialAction\":[{\"@type\":\"ReadAction\",\"target\":[\"https:\\\/\\\/www.inovallee.com\\\/retour-sur-latelier-lentretien-professionnel-anime-par-veronique-brenner\\\/\"]}]},{\"@type\":\"ImageObject\",\"inLanguage\":\"en-GB\",\"@id\":\"https:\\\/\\\/www.inovallee.com\\\/retour-sur-latelier-lentretien-professionnel-anime-par-veronique-brenner\\\/#primaryimage\",\"url\":\"http:\\\/\\\/4.bp.blogspot.com\\\/-ryC5bNtBG0I\\\/VPVrzgKSefI\\\/AAAAAAAAPsM\\\/NovfqHsjopM\\\/s1600\\\/DSC00645.JPG\",\"contentUrl\":\"http:\\\/\\\/4.bp.blogspot.com\\\/-ryC5bNtBG0I\\\/VPVrzgKSefI\\\/AAAAAAAAPsM\\\/NovfqHsjopM\\\/s1600\\\/DSC00645.JPG\"},{\"@type\":\"BreadcrumbList\",\"@id\":\"https:\\\/\\\/www.inovallee.com\\\/retour-sur-latelier-lentretien-professionnel-anime-par-veronique-brenner\\\/#breadcrumb\",\"itemListElement\":[{\"@type\":\"ListItem\",\"position\":1,\"name\":\"Accueil\",\"item\":\"https:\\\/\\\/www.inovallee.com\\\/\"},{\"@type\":\"ListItem\",\"position\":2,\"name\":\"Retour sur l&#039;atelier &quot;l&#039;entretien professionnel&quot;, anim\u00e9 par V\u00e9ronique Brenner\"}]},{\"@type\":\"WebSite\",\"@id\":\"https:\\\/\\\/www.inovallee.com\\\/#website\",\"url\":\"https:\\\/\\\/www.inovallee.com\\\/\",\"name\":\"inovall\u00e9e technopole, Home to software & smart technologies\",\"description\":\"Home to software &amp; smart technologies\",\"publisher\":{\"@id\":\"https:\\\/\\\/www.inovallee.com\\\/#organization\"},\"potentialAction\":[{\"@type\":\"SearchAction\",\"target\":{\"@type\":\"EntryPoint\",\"urlTemplate\":\"https:\\\/\\\/www.inovallee.com\\\/?s={search_term_string}\"},\"query-input\":{\"@type\":\"PropertyValueSpecification\",\"valueRequired\":true,\"valueName\":\"search_term_string\"}}],\"inLanguage\":\"en-GB\"},{\"@type\":\"Organization\",\"@id\":\"https:\\\/\\\/www.inovallee.com\\\/#organization\",\"name\":\"inovall\u00e9e\",\"url\":\"https:\\\/\\\/www.inovallee.com\\\/\",\"logo\":{\"@type\":\"ImageObject\",\"inLanguage\":\"en-GB\",\"@id\":\"https:\\\/\\\/www.inovallee.com\\\/#\\\/schema\\\/logo\\\/image\\\/\",\"url\":\"https:\\\/\\\/www.inovallee.com\\\/wp-content\\\/uploads\\\/2023\\\/08\\\/inovallee_2022_GrenobleAlpes.png\",\"contentUrl\":\"https:\\\/\\\/www.inovallee.com\\\/wp-content\\\/uploads\\\/2023\\\/08\\\/inovallee_2022_GrenobleAlpes.png\",\"width\":945,\"height\":369,\"caption\":\"inovall\u00e9e\"},\"image\":{\"@id\":\"https:\\\/\\\/www.inovallee.com\\\/#\\\/schema\\\/logo\\\/image\\\/\"},\"sameAs\":[\"https:\\\/\\\/www.facebook.com\\\/technopoleinovallee\\\/\",\"https:\\\/\\\/x.com\\\/inovallee\",\"https:\\\/\\\/www.linkedin.com\\\/company\\\/inovall-e\\\/\",\"https:\\\/\\\/www.youtube.com\\\/user\\\/inovallee?reload=9\"]},{\"@type\":\"Person\",\"@id\":\"https:\\\/\\\/www.inovallee.com\\\/#\\\/schema\\\/person\\\/a45b15518aad3111b2d61d257a3e023b\",\"name\":\"Inovallee\"}]}<\/script>\n<!-- \/ Yoast SEO plugin. -->","yoast_head_json":{"title":"Retour sur l&#039;atelier &quot;l&#039;entretien professionnel&quot;, anim\u00e9 par V\u00e9ronique Brenner - inovall\u00e9e","robots":{"index":"index","follow":"follow","max-snippet":"max-snippet:-1","max-image-preview":"max-image-preview:large","max-video-preview":"max-video-preview:-1"},"canonical":"https:\/\/www.inovallee.com\/en\/retour-sur-latelier-lentretien-professionnel-anime-par-veronique-brenner\/","og_locale":"en_GB","og_type":"article","og_title":"Retour sur l&#039;atelier &quot;l&#039;entretien professionnel&quot;, anim\u00e9 par V\u00e9ronique Brenner - inovall\u00e9e","og_description":"Lundi 2 mars, V\u00e9ronique Brenner du cabinet Conseil RH a anim\u00e9, dans les locaux d&rsquo;inovall\u00e9e, un atelier sur l&rsquo;entretien professionnel : quels sont les objectifs de cet entretien ? Comment le mener \u00e0 bien ? En quoi se diff\u00e9rencie-t-il de l&rsquo;entretien annuel d&rsquo;\u00e9valuation ?&nbsp; La loi du 1er janvier 2014 a en effet apport\u00e9 de [&hellip;]","og_url":"https:\/\/www.inovallee.com\/en\/retour-sur-latelier-lentretien-professionnel-anime-par-veronique-brenner\/","og_site_name":"inovall\u00e9e","article_publisher":"https:\/\/www.facebook.com\/technopoleinovallee\/","article_published_time":"2015-03-03T16:32:00+00:00","og_image":[{"url":"http:\/\/4.bp.blogspot.com\/-ryC5bNtBG0I\/VPVrzgKSefI\/AAAAAAAAPsM\/NovfqHsjopM\/s1600\/DSC00645.JPG","type":"","width":"","height":""}],"author":"Inovallee","twitter_card":"summary_large_image","twitter_creator":"@inovallee","twitter_site":"@inovallee","twitter_misc":{"Written by":"Inovallee","Estimated reading time":"1 minute"},"schema":{"@context":"https:\/\/schema.org","@graph":[{"@type":"Article","@id":"https:\/\/www.inovallee.com\/retour-sur-latelier-lentretien-professionnel-anime-par-veronique-brenner\/#article","isPartOf":{"@id":"https:\/\/www.inovallee.com\/retour-sur-latelier-lentretien-professionnel-anime-par-veronique-brenner\/"},"author":{"name":"Inovallee","@id":"https:\/\/www.inovallee.com\/#\/schema\/person\/a45b15518aad3111b2d61d257a3e023b"},"headline":"Retour sur l&#039;atelier &quot;l&#039;entretien professionnel&quot;, anim\u00e9 par V\u00e9ronique Brenner","datePublished":"2015-03-03T16:32:00+00:00","mainEntityOfPage":{"@id":"https:\/\/www.inovallee.com\/retour-sur-latelier-lentretien-professionnel-anime-par-veronique-brenner\/"},"wordCount":219,"publisher":{"@id":"https:\/\/www.inovallee.com\/#organization"},"image":{"@id":"https:\/\/www.inovallee.com\/retour-sur-latelier-lentretien-professionnel-anime-par-veronique-brenner\/#primaryimage"},"thumbnailUrl":"http:\/\/4.bp.blogspot.com\/-ryC5bNtBG0I\/VPVrzgKSefI\/AAAAAAAAPsM\/NovfqHsjopM\/s1600\/DSC00645.JPG","articleSection":["Technopole inovall\u00e9e"],"inLanguage":"en-GB"},{"@type":"WebPage","@id":"https:\/\/www.inovallee.com\/retour-sur-latelier-lentretien-professionnel-anime-par-veronique-brenner\/","url":"https:\/\/www.inovallee.com\/retour-sur-latelier-lentretien-professionnel-anime-par-veronique-brenner\/","name":"Retour sur l&#039;atelier &quot;l&#039;entretien professionnel&quot;, anim\u00e9 par V\u00e9ronique Brenner - inovall\u00e9e","isPartOf":{"@id":"https:\/\/www.inovallee.com\/#website"},"primaryImageOfPage":{"@id":"https:\/\/www.inovallee.com\/retour-sur-latelier-lentretien-professionnel-anime-par-veronique-brenner\/#primaryimage"},"image":{"@id":"https:\/\/www.inovallee.com\/retour-sur-latelier-lentretien-professionnel-anime-par-veronique-brenner\/#primaryimage"},"thumbnailUrl":"http:\/\/4.bp.blogspot.com\/-ryC5bNtBG0I\/VPVrzgKSefI\/AAAAAAAAPsM\/NovfqHsjopM\/s1600\/DSC00645.JPG","datePublished":"2015-03-03T16:32:00+00:00","breadcrumb":{"@id":"https:\/\/www.inovallee.com\/retour-sur-latelier-lentretien-professionnel-anime-par-veronique-brenner\/#breadcrumb"},"inLanguage":"en-GB","potentialAction":[{"@type":"ReadAction","target":["https:\/\/www.inovallee.com\/retour-sur-latelier-lentretien-professionnel-anime-par-veronique-brenner\/"]}]},{"@type":"ImageObject","inLanguage":"en-GB","@id":"https:\/\/www.inovallee.com\/retour-sur-latelier-lentretien-professionnel-anime-par-veronique-brenner\/#primaryimage","url":"http:\/\/4.bp.blogspot.com\/-ryC5bNtBG0I\/VPVrzgKSefI\/AAAAAAAAPsM\/NovfqHsjopM\/s1600\/DSC00645.JPG","contentUrl":"http:\/\/4.bp.blogspot.com\/-ryC5bNtBG0I\/VPVrzgKSefI\/AAAAAAAAPsM\/NovfqHsjopM\/s1600\/DSC00645.JPG"},{"@type":"BreadcrumbList","@id":"https:\/\/www.inovallee.com\/retour-sur-latelier-lentretien-professionnel-anime-par-veronique-brenner\/#breadcrumb","itemListElement":[{"@type":"ListItem","position":1,"name":"Accueil","item":"https:\/\/www.inovallee.com\/"},{"@type":"ListItem","position":2,"name":"Retour sur l&#039;atelier &quot;l&#039;entretien professionnel&quot;, anim\u00e9 par V\u00e9ronique Brenner"}]},{"@type":"WebSite","@id":"https:\/\/www.inovallee.com\/#website","url":"https:\/\/www.inovallee.com\/","name":"inovall\u00e9e technopole, Home to software & smart technologies","description":"Home to software &amp; smart technologies","publisher":{"@id":"https:\/\/www.inovallee.com\/#organization"},"potentialAction":[{"@type":"SearchAction","target":{"@type":"EntryPoint","urlTemplate":"https:\/\/www.inovallee.com\/?s={search_term_string}"},"query-input":{"@type":"PropertyValueSpecification","valueRequired":true,"valueName":"search_term_string"}}],"inLanguage":"en-GB"},{"@type":"Organization","@id":"https:\/\/www.inovallee.com\/#organization","name":"inovall\u00e9e","url":"https:\/\/www.inovallee.com\/","logo":{"@type":"ImageObject","inLanguage":"en-GB","@id":"https:\/\/www.inovallee.com\/#\/schema\/logo\/image\/","url":"https:\/\/www.inovallee.com\/wp-content\/uploads\/2023\/08\/inovallee_2022_GrenobleAlpes.png","contentUrl":"https:\/\/www.inovallee.com\/wp-content\/uploads\/2023\/08\/inovallee_2022_GrenobleAlpes.png","width":945,"height":369,"caption":"inovall\u00e9e"},"image":{"@id":"https:\/\/www.inovallee.com\/#\/schema\/logo\/image\/"},"sameAs":["https:\/\/www.facebook.com\/technopoleinovallee\/","https:\/\/x.com\/inovallee","https:\/\/www.linkedin.com\/company\/inovall-e\/","https:\/\/www.youtube.com\/user\/inovallee?reload=9"]},{"@type":"Person","@id":"https:\/\/www.inovallee.com\/#\/schema\/person\/a45b15518aad3111b2d61d257a3e023b","name":"Inovallee"}]}},"_links":{"self":[{"href":"https:\/\/www.inovallee.com\/en\/wp-json\/wp\/v2\/posts\/28822","targetHints":{"allow":["GET"]}}],"collection":[{"href":"https:\/\/www.inovallee.com\/en\/wp-json\/wp\/v2\/posts"}],"about":[{"href":"https:\/\/www.inovallee.com\/en\/wp-json\/wp\/v2\/types\/post"}],"author":[{"embeddable":true,"href":"https:\/\/www.inovallee.com\/en\/wp-json\/wp\/v2\/users\/6"}],"replies":[{"embeddable":true,"href":"https:\/\/www.inovallee.com\/en\/wp-json\/wp\/v2\/comments?post=28822"}],"version-history":[{"count":0,"href":"https:\/\/www.inovallee.com\/en\/wp-json\/wp\/v2\/posts\/28822\/revisions"}],"wp:attachment":[{"href":"https:\/\/www.inovallee.com\/en\/wp-json\/wp\/v2\/media?parent=28822"}],"wp:term":[{"taxonomy":"category","embeddable":true,"href":"https:\/\/www.inovallee.com\/en\/wp-json\/wp\/v2\/categories?post=28822"},{"taxonomy":"post_tag","embeddable":true,"href":"https:\/\/www.inovallee.com\/en\/wp-json\/wp\/v2\/tags?post=28822"}],"curies":[{"name":"wp","href":"https:\/\/api.w.org\/{rel}","templated":true}]}}