{"id":28824,"date":"2015-03-01T21:56:00","date_gmt":"2015-03-01T20:56:00","guid":{"rendered":"https:\/\/www.inovallee.com\/participez-au-forum-national-pmi-se-reinventer-pour-innover-organise-par-france-chapter-project-management-institute-les-25-26-mars\/"},"modified":"2020-06-23T15:12:42","modified_gmt":"2020-06-23T13:12:42","slug":"participez-au-forum-national-pmi-se-reinventer-pour-innover-organise-par-france-chapter-project-management-institute-les-25-26-mars","status":"publish","type":"post","link":"https:\/\/www.inovallee.com\/en\/participez-au-forum-national-pmi-se-reinventer-pour-innover-organise-par-france-chapter-project-management-institute-les-25-26-mars\/","title":{"rendered":"Participez au Forum National PMI &quot;Se r\u00e9inventer pour innover&quot; organis\u00e9 par France Chapter Project Management Institute les 25-26 mars"},"content":{"rendered":"<div dir=\"ltr\" style=\"text-align: left;\">\n<div style=\"clear: both; text-align: center;\"><a href=\"http:\/\/3.bp.blogspot.com\/-7CaV1-geDKM\/VPCCSIFLggI\/AAAAAAAAPrY\/7-UjVvGUXcw\/s1600\/pmi_france_logo_hd.jpg\" style=\"clear: left; float: left; margin-bottom: 1em; margin-right: 1em;\"><img decoding=\"async\" border=\"0\" src=\"http:\/\/3.bp.blogspot.com\/-7CaV1-geDKM\/VPCCSIFLggI\/AAAAAAAAPrY\/7-UjVvGUXcw\/s1600\/pmi_france_logo_hd.jpg\" height=\"110\" width=\"200\" \/><\/a><\/div>\n<div><span style=\"font-family: Arial, Helvetica, sans-serif; font-size: x-small;\"><b>EN collaboration avec Grenoble \u00c9cole de Management et l&rsquo;IAE de Grenoble, France Chapter Project Management Institute vous invite \u00e0 participer \u00e0 son Forum National qui aura lieu les 25-26 mars. Proposant plus de 40 conf\u00e9rences, tables rondes ou ateliers anim\u00e9s par une soixantaine d&rsquo;intervenants experts, intitul\u00e9 \u00ab\u00a0Se r\u00e9inventer pour innover\u00a0\u00bb, ce forum sera plac\u00e9 sous le signe du management innovant de projet.&nbsp;<\/b><\/span><\/div>\n<div><span style=\"font-family: Arial, Helvetica, sans-serif; font-size: x-small;\"><br \/><\/span><\/div>\n<div><span style=\"font-family: Arial, Helvetica, sans-serif; font-size: x-small;\">En trouvant leur place dans la sph\u00e8re professionnelle, les nouvelles technologies ont favoris\u00e9 la cr\u00e9ation de nouveaux \u00e9cosyst\u00e8mes tout en modifiant nos comportements et dans nos fa\u00e7ons de travailler. Ainsi, comment r\u00e9inventer l&rsquo;entreprise ? Quels sont les impacts des nouvelles technologies sur le management de projets ?&nbsp;<\/span><\/div>\n<div><span style=\"font-family: Arial, Helvetica, sans-serif; font-size: x-small;\"><br \/><\/span><\/div>\n<div><span style=\"font-family: Arial, Helvetica, sans-serif; font-size: x-small;\">Venez vous informer, prendre part au d\u00e9bat et rencontrer les repr\u00e9sentants des soci\u00e9t\u00e9s tr\u00e8s impliqu\u00e9s dans le management de l&rsquo;innovation !<\/span><\/div>\n<div><span style=\"font-family: Arial, Helvetica, sans-serif; font-size: x-small;\"><br \/><\/span><\/div>\n<div><b><span style=\"font-family: Arial, Helvetica, sans-serif; font-size: x-small;\">Programme :<\/span><\/b><\/div>\n<div style=\"direction: ltr; margin-bottom: 0pt; margin-left: 0in; margin-top: 0pt; text-indent: 0in; unicode-bidi: embed; word-break: normal;\"><span style=\"font-family: Arial, Helvetica, sans-serif; font-size: x-small;\"><span style=\"font-style: italic; font-weight: bold;\">Nouvelles technologies, nouveaux usages et nouveaux \u00e9cosyst\u00e8mes&nbsp;:&nbsp;<\/span><span style=\"text-indent: 0in;\">quel impact sur le management de projets&nbsp;?<\/span><\/span><\/div>\n<div style=\"direction: ltr; margin-bottom: 0pt; margin-left: 0in; margin-top: 0pt; text-indent: 0in; unicode-bidi: embed; word-break: normal;\"><\/div>\n<div style=\"direction: ltr; margin-bottom: 0pt; margin-left: 0.5in; margin-top: 0pt; text-indent: -0.31in; unicode-bidi: embed; word-break: normal;\"><span style=\"font-family: Arial, Helvetica, sans-serif; font-size: x-small;\">\u2022&nbsp;La gestion des \u00e9quipes dispers\u00e9es&nbsp;et les r\u00e9seaux sociaux<\/span><\/div>\n<div style=\"direction: ltr; margin-bottom: 0pt; margin-left: 0.5in; margin-top: 0pt; text-indent: -0.31in; unicode-bidi: embed; word-break: normal;\"><span style=\"font-family: Arial, Helvetica, sans-serif; font-size: x-small;\">\u2022&nbsp;Le travail collaboratif et les nouveaux \u00e9cosyst\u00e8mes<\/span><\/div>\n<div style=\"direction: ltr; margin-bottom: 0pt; margin-left: 0.5in; margin-top: 0pt; text-indent: -0.31in; unicode-bidi: embed; word-break: normal;\"><span style=\"font-family: Arial, Helvetica, sans-serif; font-size: x-small;\">\u2022&nbsp;Les nouveaux outils, la mobilit\u00e9, les nouvelles technologies de&nbsp; l\u2019information et de la communication<\/span><\/div>\n<div style=\"direction: ltr; margin-bottom: 0pt; margin-left: 0.5in; margin-top: 0pt; text-indent: -0.31in; unicode-bidi: embed; word-break: normal;\"><span style=\"font-family: Arial, Helvetica, sans-serif; font-size: x-small;\"><br \/><\/span><\/div>\n<div style=\"direction: ltr; margin-bottom: 0pt; margin-left: 0in; margin-top: 0pt; text-indent: 0in; unicode-bidi: embed; word-break: normal;\"><\/div>\n<div style=\"direction: ltr; margin-bottom: 0pt; margin-left: 0in; margin-top: 0pt; text-indent: 0in; unicode-bidi: embed; word-break: normal;\"><span style=\"font-family: Arial, Helvetica, sans-serif; font-size: x-small;\"><span style=\"font-style: italic; font-weight: bold;\">Nouveaux&nbsp;<\/span><span style=\"font-style: italic; font-weight: bold;\">modes de management&nbsp;:&nbsp;<\/span>quelle \u00e9volution ? Rupture ou continuit\u00e9&nbsp;?<\/span><\/div>\n<div style=\"direction: ltr; margin-bottom: 0pt; margin-left: 0in; margin-top: 0pt; text-indent: 0in; unicode-bidi: embed; word-break: normal;\"><\/div>\n<div style=\"direction: ltr; margin-bottom: 0pt; margin-left: 0.5in; margin-top: 0pt; text-indent: -0.31in; unicode-bidi: embed; word-break: normal;\"><span style=\"font-family: Arial, Helvetica, sans-serif; font-size: x-small;\">\u2022&nbsp;Quelles tendances pour le management de projet agile ?<\/span><\/div>\n<div style=\"direction: ltr; margin-bottom: 0pt; margin-left: 0.5in; margin-top: 0pt; text-indent: -0.31in; unicode-bidi: embed; word-break: normal;\"><span style=\"font-family: Arial, Helvetica, sans-serif; font-size: x-small;\">\u2022&nbsp;Les nouveaux styles de management et les nouveaux leaders&nbsp;<\/span><\/div>\n<div><\/div>\n<div style=\"direction: ltr; margin-bottom: 0pt; margin-left: 0.5in; margin-top: 0pt; text-indent: -0.31in; unicode-bidi: embed; word-break: normal;\"><span style=\"font-family: Arial, Helvetica, sans-serif; font-size: x-small;\">\u2022&nbsp;Manager l\u2019innovation et le changement dans les grandes entreprises<\/span><\/div>\n<div><span style=\"font-family: Arial, Helvetica, sans-serif; font-size: x-small;\"><br \/><\/span><\/div>\n<div><span style=\"font-family: Arial, Helvetica, sans-serif; font-size: x-small;\"><b>Lieu :&nbsp;<\/b><\/span><\/div>\n<div><span style=\"background-color: white; color: #4e5665; line-height: 16px;\"><span style=\"font-family: Arial, Helvetica, sans-serif; font-size: x-small;\">Grenoble Ecole de Management<\/span><\/span><\/div>\n<div><span style=\"background-color: white; color: #222222; line-height: 16.1200008392334px;\"><span style=\"font-family: Arial, Helvetica, sans-serif; font-size: x-small;\">12, Rue Pierre Semard &#8211; 38000 Grenoble<\/span><\/span><\/div>\n<div><span style=\"font-family: Arial, Helvetica, sans-serif; font-size: x-small;\"><b><br \/><\/b><\/span><\/div>\n<div><span style=\"font-family: Arial, Helvetica, sans-serif; font-size: x-small;\"><b>Horaires :<\/b>&nbsp;<\/span><\/div>\n<div><span style=\"font-family: Arial, Helvetica, sans-serif; font-size: x-small;\">Le mercredi 25 mars \u00e0 partir de 14H<\/span><\/div>\n<div><span style=\"font-family: Arial, Helvetica, sans-serif; font-size: x-small;\">Le jeudi 26&nbsp;mars \u00e0 partir de 8H30<\/span><\/div>\n<div><span style=\"font-family: Arial, Helvetica, sans-serif; font-size: x-small;\"><b><br \/><\/b><\/span><\/div>\n<div><span style=\"font-family: Arial, Helvetica, sans-serif; font-size: x-small;\"><b>Tarif :&nbsp;<\/b><\/span><\/div>\n<div><span style=\"font-family: Arial, Helvetica, sans-serif; font-size: x-small;\">60\u20ac par jour<\/span><\/div>\n<div><span style=\"font-family: Arial, Helvetica, sans-serif; font-size: x-small;\"><br \/><\/span><\/div>\n<div><span style=\"font-family: Arial, Helvetica, sans-serif; font-size: x-small;\">Pour plus d&rsquo;informations, rendez-vous sur <a href=\"http:\/\/www.pmi-france.org\/\" target=\"_blank\" rel=\"noopener noreferrer\">le site<\/a> ou sur la <a href=\"https:\/\/www.facebook.com\/forumPMI2015?ref=ts&amp;fref=ts\" target=\"_blank\" rel=\"noopener noreferrer\">page Facebook<\/a> du forum.&nbsp;<\/span><\/div>\n<div><span style=\"font-family: Arial, Helvetica, sans-serif; font-size: x-small;\"><br \/><\/span><\/div>\n<div><span style=\"font-family: Arial, Helvetica, sans-serif; font-size: x-small;\"><a href=\"http:\/\/www.pmi-france.org\/forum-inscription\" target=\"_blank\" rel=\"noopener noreferrer\">Vous inscrire&nbsp;<\/a><\/span><\/div>\n<\/div>","protected":false},"excerpt":{"rendered":"<p>EN collaboration avec Grenoble \u00c9cole de Management et l&rsquo;IAE de Grenoble, France Chapter Project Management Institute vous invite \u00e0 participer \u00e0 son Forum National qui aura lieu les 25-26 mars. Proposant plus de 40 conf\u00e9rences, tables rondes ou ateliers anim\u00e9s par une soixantaine d&rsquo;intervenants experts, intitul\u00e9 \u00ab\u00a0Se r\u00e9inventer pour innover\u00a0\u00bb, ce forum sera plac\u00e9 sous [&hellip;]<\/p>\n","protected":false},"author":6,"featured_media":0,"comment_status":"closed","ping_status":"closed","sticky":false,"template":"","format":"standard","meta":{"footnotes":""},"categories":[35],"tags":[],"class_list":["post-28824","post","type-post","status-publish","format-standard","hentry","category-sports-loisirs-culture-inovallee"],"yoast_head":"<!-- This site is optimized with the Yoast SEO plugin v27.4 - https:\/\/yoast.com\/product\/yoast-seo-wordpress\/ -->\n<title>Participez au Forum National PMI &quot;Se r\u00e9inventer pour innover&quot; organis\u00e9 par France Chapter Project Management Institute les 25-26 mars - inovall\u00e9e<\/title>\n<meta name=\"robots\" content=\"index, follow, max-snippet:-1, max-image-preview:large, max-video-preview:-1\" \/>\n<link rel=\"canonical\" href=\"https:\/\/www.inovallee.com\/en\/participez-au-forum-national-pmi-se-reinventer-pour-innover-organise-par-france-chapter-project-management-institute-les-25-26-mars\/\" \/>\n<meta property=\"og:locale\" content=\"en_GB\" \/>\n<meta property=\"og:type\" content=\"article\" \/>\n<meta property=\"og:title\" content=\"Participez au Forum National PMI &quot;Se r\u00e9inventer pour innover&quot; organis\u00e9 par France Chapter Project Management Institute les 25-26 mars - inovall\u00e9e\" \/>\n<meta property=\"og:description\" content=\"EN collaboration avec Grenoble \u00c9cole de Management et l&rsquo;IAE de Grenoble, France Chapter Project Management Institute vous invite \u00e0 participer \u00e0 son Forum National qui aura lieu les 25-26 mars. Proposant plus de 40 conf\u00e9rences, tables rondes ou ateliers anim\u00e9s par une soixantaine d&rsquo;intervenants experts, intitul\u00e9 \u00ab\u00a0Se r\u00e9inventer pour innover\u00a0\u00bb, ce forum sera plac\u00e9 sous [&hellip;]\" \/>\n<meta property=\"og:url\" content=\"https:\/\/www.inovallee.com\/en\/participez-au-forum-national-pmi-se-reinventer-pour-innover-organise-par-france-chapter-project-management-institute-les-25-26-mars\/\" \/>\n<meta property=\"og:site_name\" content=\"inovall\u00e9e\" \/>\n<meta property=\"article:publisher\" content=\"https:\/\/www.facebook.com\/technopoleinovallee\/\" \/>\n<meta property=\"article:published_time\" content=\"2015-03-01T20:56:00+00:00\" \/>\n<meta property=\"article:modified_time\" content=\"2020-06-23T13:12:42+00:00\" \/>\n<meta property=\"og:image\" content=\"http:\/\/3.bp.blogspot.com\/-7CaV1-geDKM\/VPCCSIFLggI\/AAAAAAAAPrY\/7-UjVvGUXcw\/s1600\/pmi_france_logo_hd.jpg\" \/>\n<meta name=\"author\" content=\"Inovallee\" \/>\n<meta name=\"twitter:card\" content=\"summary_large_image\" \/>\n<meta name=\"twitter:creator\" content=\"@inovallee\" \/>\n<meta name=\"twitter:site\" content=\"@inovallee\" \/>\n<meta name=\"twitter:label1\" content=\"Written by\" \/>\n\t<meta name=\"twitter:data1\" content=\"Inovallee\" \/>\n\t<meta name=\"twitter:label2\" content=\"Estimated reading time\" \/>\n\t<meta name=\"twitter:data2\" content=\"1 minute\" \/>\n<script type=\"application\/ld+json\" class=\"yoast-schema-graph\">{\"@context\":\"https:\\\/\\\/schema.org\",\"@graph\":[{\"@type\":\"Article\",\"@id\":\"https:\\\/\\\/www.inovallee.com\\\/participez-au-forum-national-pmi-se-reinventer-pour-innover-organise-par-france-chapter-project-management-institute-les-25-26-mars\\\/#article\",\"isPartOf\":{\"@id\":\"https:\\\/\\\/www.inovallee.com\\\/participez-au-forum-national-pmi-se-reinventer-pour-innover-organise-par-france-chapter-project-management-institute-les-25-26-mars\\\/\"},\"author\":{\"name\":\"Inovallee\",\"@id\":\"https:\\\/\\\/www.inovallee.com\\\/#\\\/schema\\\/person\\\/a45b15518aad3111b2d61d257a3e023b\"},\"headline\":\"Participez au Forum National PMI &quot;Se r\u00e9inventer pour innover&quot; organis\u00e9 par France Chapter Project Management Institute les 25-26 mars\",\"datePublished\":\"2015-03-01T20:56:00+00:00\",\"dateModified\":\"2020-06-23T13:12:42+00:00\",\"mainEntityOfPage\":{\"@id\":\"https:\\\/\\\/www.inovallee.com\\\/participez-au-forum-national-pmi-se-reinventer-pour-innover-organise-par-france-chapter-project-management-institute-les-25-26-mars\\\/\"},\"wordCount\":317,\"publisher\":{\"@id\":\"https:\\\/\\\/www.inovallee.com\\\/#organization\"},\"image\":{\"@id\":\"https:\\\/\\\/www.inovallee.com\\\/participez-au-forum-national-pmi-se-reinventer-pour-innover-organise-par-france-chapter-project-management-institute-les-25-26-mars\\\/#primaryimage\"},\"thumbnailUrl\":\"http:\\\/\\\/3.bp.blogspot.com\\\/-7CaV1-geDKM\\\/VPCCSIFLggI\\\/AAAAAAAAPrY\\\/7-UjVvGUXcw\\\/s1600\\\/pmi_france_logo_hd.jpg\",\"articleSection\":[\"Sports &amp; Loisirs\"],\"inLanguage\":\"en-GB\"},{\"@type\":\"WebPage\",\"@id\":\"https:\\\/\\\/www.inovallee.com\\\/participez-au-forum-national-pmi-se-reinventer-pour-innover-organise-par-france-chapter-project-management-institute-les-25-26-mars\\\/\",\"url\":\"https:\\\/\\\/www.inovallee.com\\\/participez-au-forum-national-pmi-se-reinventer-pour-innover-organise-par-france-chapter-project-management-institute-les-25-26-mars\\\/\",\"name\":\"Participez au Forum National PMI &quot;Se r\u00e9inventer pour innover&quot; organis\u00e9 par France Chapter Project Management Institute les 25-26 mars - inovall\u00e9e\",\"isPartOf\":{\"@id\":\"https:\\\/\\\/www.inovallee.com\\\/#website\"},\"primaryImageOfPage\":{\"@id\":\"https:\\\/\\\/www.inovallee.com\\\/participez-au-forum-national-pmi-se-reinventer-pour-innover-organise-par-france-chapter-project-management-institute-les-25-26-mars\\\/#primaryimage\"},\"image\":{\"@id\":\"https:\\\/\\\/www.inovallee.com\\\/participez-au-forum-national-pmi-se-reinventer-pour-innover-organise-par-france-chapter-project-management-institute-les-25-26-mars\\\/#primaryimage\"},\"thumbnailUrl\":\"http:\\\/\\\/3.bp.blogspot.com\\\/-7CaV1-geDKM\\\/VPCCSIFLggI\\\/AAAAAAAAPrY\\\/7-UjVvGUXcw\\\/s1600\\\/pmi_france_logo_hd.jpg\",\"datePublished\":\"2015-03-01T20:56:00+00:00\",\"dateModified\":\"2020-06-23T13:12:42+00:00\",\"breadcrumb\":{\"@id\":\"https:\\\/\\\/www.inovallee.com\\\/participez-au-forum-national-pmi-se-reinventer-pour-innover-organise-par-france-chapter-project-management-institute-les-25-26-mars\\\/#breadcrumb\"},\"inLanguage\":\"en-GB\",\"potentialAction\":[{\"@type\":\"ReadAction\",\"target\":[\"https:\\\/\\\/www.inovallee.com\\\/participez-au-forum-national-pmi-se-reinventer-pour-innover-organise-par-france-chapter-project-management-institute-les-25-26-mars\\\/\"]}]},{\"@type\":\"ImageObject\",\"inLanguage\":\"en-GB\",\"@id\":\"https:\\\/\\\/www.inovallee.com\\\/participez-au-forum-national-pmi-se-reinventer-pour-innover-organise-par-france-chapter-project-management-institute-les-25-26-mars\\\/#primaryimage\",\"url\":\"http:\\\/\\\/3.bp.blogspot.com\\\/-7CaV1-geDKM\\\/VPCCSIFLggI\\\/AAAAAAAAPrY\\\/7-UjVvGUXcw\\\/s1600\\\/pmi_france_logo_hd.jpg\",\"contentUrl\":\"http:\\\/\\\/3.bp.blogspot.com\\\/-7CaV1-geDKM\\\/VPCCSIFLggI\\\/AAAAAAAAPrY\\\/7-UjVvGUXcw\\\/s1600\\\/pmi_france_logo_hd.jpg\"},{\"@type\":\"BreadcrumbList\",\"@id\":\"https:\\\/\\\/www.inovallee.com\\\/participez-au-forum-national-pmi-se-reinventer-pour-innover-organise-par-france-chapter-project-management-institute-les-25-26-mars\\\/#breadcrumb\",\"itemListElement\":[{\"@type\":\"ListItem\",\"position\":1,\"name\":\"Accueil\",\"item\":\"https:\\\/\\\/www.inovallee.com\\\/\"},{\"@type\":\"ListItem\",\"position\":2,\"name\":\"Participez au Forum National PMI &quot;Se r\u00e9inventer pour innover&quot; organis\u00e9 par France Chapter Project Management Institute les 25-26 mars\"}]},{\"@type\":\"WebSite\",\"@id\":\"https:\\\/\\\/www.inovallee.com\\\/#website\",\"url\":\"https:\\\/\\\/www.inovallee.com\\\/\",\"name\":\"inovall\u00e9e technopole, Home to software & smart technologies\",\"description\":\"Home to software &amp; smart technologies\",\"publisher\":{\"@id\":\"https:\\\/\\\/www.inovallee.com\\\/#organization\"},\"potentialAction\":[{\"@type\":\"SearchAction\",\"target\":{\"@type\":\"EntryPoint\",\"urlTemplate\":\"https:\\\/\\\/www.inovallee.com\\\/?s={search_term_string}\"},\"query-input\":{\"@type\":\"PropertyValueSpecification\",\"valueRequired\":true,\"valueName\":\"search_term_string\"}}],\"inLanguage\":\"en-GB\"},{\"@type\":\"Organization\",\"@id\":\"https:\\\/\\\/www.inovallee.com\\\/#organization\",\"name\":\"inovall\u00e9e\",\"url\":\"https:\\\/\\\/www.inovallee.com\\\/\",\"logo\":{\"@type\":\"ImageObject\",\"inLanguage\":\"en-GB\",\"@id\":\"https:\\\/\\\/www.inovallee.com\\\/#\\\/schema\\\/logo\\\/image\\\/\",\"url\":\"https:\\\/\\\/www.inovallee.com\\\/wp-content\\\/uploads\\\/2023\\\/08\\\/inovallee_2022_GrenobleAlpes.png\",\"contentUrl\":\"https:\\\/\\\/www.inovallee.com\\\/wp-content\\\/uploads\\\/2023\\\/08\\\/inovallee_2022_GrenobleAlpes.png\",\"width\":945,\"height\":369,\"caption\":\"inovall\u00e9e\"},\"image\":{\"@id\":\"https:\\\/\\\/www.inovallee.com\\\/#\\\/schema\\\/logo\\\/image\\\/\"},\"sameAs\":[\"https:\\\/\\\/www.facebook.com\\\/technopoleinovallee\\\/\",\"https:\\\/\\\/x.com\\\/inovallee\",\"https:\\\/\\\/www.linkedin.com\\\/company\\\/inovall-e\\\/\",\"https:\\\/\\\/www.youtube.com\\\/user\\\/inovallee?reload=9\"]},{\"@type\":\"Person\",\"@id\":\"https:\\\/\\\/www.inovallee.com\\\/#\\\/schema\\\/person\\\/a45b15518aad3111b2d61d257a3e023b\",\"name\":\"Inovallee\"}]}<\/script>\n<!-- \/ Yoast SEO plugin. -->","yoast_head_json":{"title":"Participez au Forum National PMI &quot;Se r\u00e9inventer pour innover&quot; organis\u00e9 par France Chapter Project Management Institute les 25-26 mars - inovall\u00e9e","robots":{"index":"index","follow":"follow","max-snippet":"max-snippet:-1","max-image-preview":"max-image-preview:large","max-video-preview":"max-video-preview:-1"},"canonical":"https:\/\/www.inovallee.com\/en\/participez-au-forum-national-pmi-se-reinventer-pour-innover-organise-par-france-chapter-project-management-institute-les-25-26-mars\/","og_locale":"en_GB","og_type":"article","og_title":"Participez au Forum National PMI &quot;Se r\u00e9inventer pour innover&quot; organis\u00e9 par France Chapter Project Management Institute les 25-26 mars - inovall\u00e9e","og_description":"EN collaboration avec Grenoble \u00c9cole de Management et l&rsquo;IAE de Grenoble, France Chapter Project Management Institute vous invite \u00e0 participer \u00e0 son Forum National qui aura lieu les 25-26 mars. Proposant plus de 40 conf\u00e9rences, tables rondes ou ateliers anim\u00e9s par une soixantaine d&rsquo;intervenants experts, intitul\u00e9 \u00ab\u00a0Se r\u00e9inventer pour innover\u00a0\u00bb, ce forum sera plac\u00e9 sous [&hellip;]","og_url":"https:\/\/www.inovallee.com\/en\/participez-au-forum-national-pmi-se-reinventer-pour-innover-organise-par-france-chapter-project-management-institute-les-25-26-mars\/","og_site_name":"inovall\u00e9e","article_publisher":"https:\/\/www.facebook.com\/technopoleinovallee\/","article_published_time":"2015-03-01T20:56:00+00:00","article_modified_time":"2020-06-23T13:12:42+00:00","og_image":[{"url":"http:\/\/3.bp.blogspot.com\/-7CaV1-geDKM\/VPCCSIFLggI\/AAAAAAAAPrY\/7-UjVvGUXcw\/s1600\/pmi_france_logo_hd.jpg","type":"","width":"","height":""}],"author":"Inovallee","twitter_card":"summary_large_image","twitter_creator":"@inovallee","twitter_site":"@inovallee","twitter_misc":{"Written by":"Inovallee","Estimated reading time":"1 minute"},"schema":{"@context":"https:\/\/schema.org","@graph":[{"@type":"Article","@id":"https:\/\/www.inovallee.com\/participez-au-forum-national-pmi-se-reinventer-pour-innover-organise-par-france-chapter-project-management-institute-les-25-26-mars\/#article","isPartOf":{"@id":"https:\/\/www.inovallee.com\/participez-au-forum-national-pmi-se-reinventer-pour-innover-organise-par-france-chapter-project-management-institute-les-25-26-mars\/"},"author":{"name":"Inovallee","@id":"https:\/\/www.inovallee.com\/#\/schema\/person\/a45b15518aad3111b2d61d257a3e023b"},"headline":"Participez au Forum National PMI &quot;Se r\u00e9inventer pour innover&quot; organis\u00e9 par France Chapter Project Management Institute les 25-26 mars","datePublished":"2015-03-01T20:56:00+00:00","dateModified":"2020-06-23T13:12:42+00:00","mainEntityOfPage":{"@id":"https:\/\/www.inovallee.com\/participez-au-forum-national-pmi-se-reinventer-pour-innover-organise-par-france-chapter-project-management-institute-les-25-26-mars\/"},"wordCount":317,"publisher":{"@id":"https:\/\/www.inovallee.com\/#organization"},"image":{"@id":"https:\/\/www.inovallee.com\/participez-au-forum-national-pmi-se-reinventer-pour-innover-organise-par-france-chapter-project-management-institute-les-25-26-mars\/#primaryimage"},"thumbnailUrl":"http:\/\/3.bp.blogspot.com\/-7CaV1-geDKM\/VPCCSIFLggI\/AAAAAAAAPrY\/7-UjVvGUXcw\/s1600\/pmi_france_logo_hd.jpg","articleSection":["Sports &amp; Loisirs"],"inLanguage":"en-GB"},{"@type":"WebPage","@id":"https:\/\/www.inovallee.com\/participez-au-forum-national-pmi-se-reinventer-pour-innover-organise-par-france-chapter-project-management-institute-les-25-26-mars\/","url":"https:\/\/www.inovallee.com\/participez-au-forum-national-pmi-se-reinventer-pour-innover-organise-par-france-chapter-project-management-institute-les-25-26-mars\/","name":"Participez au Forum National PMI &quot;Se r\u00e9inventer pour innover&quot; organis\u00e9 par France Chapter Project Management Institute les 25-26 mars - inovall\u00e9e","isPartOf":{"@id":"https:\/\/www.inovallee.com\/#website"},"primaryImageOfPage":{"@id":"https:\/\/www.inovallee.com\/participez-au-forum-national-pmi-se-reinventer-pour-innover-organise-par-france-chapter-project-management-institute-les-25-26-mars\/#primaryimage"},"image":{"@id":"https:\/\/www.inovallee.com\/participez-au-forum-national-pmi-se-reinventer-pour-innover-organise-par-france-chapter-project-management-institute-les-25-26-mars\/#primaryimage"},"thumbnailUrl":"http:\/\/3.bp.blogspot.com\/-7CaV1-geDKM\/VPCCSIFLggI\/AAAAAAAAPrY\/7-UjVvGUXcw\/s1600\/pmi_france_logo_hd.jpg","datePublished":"2015-03-01T20:56:00+00:00","dateModified":"2020-06-23T13:12:42+00:00","breadcrumb":{"@id":"https:\/\/www.inovallee.com\/participez-au-forum-national-pmi-se-reinventer-pour-innover-organise-par-france-chapter-project-management-institute-les-25-26-mars\/#breadcrumb"},"inLanguage":"en-GB","potentialAction":[{"@type":"ReadAction","target":["https:\/\/www.inovallee.com\/participez-au-forum-national-pmi-se-reinventer-pour-innover-organise-par-france-chapter-project-management-institute-les-25-26-mars\/"]}]},{"@type":"ImageObject","inLanguage":"en-GB","@id":"https:\/\/www.inovallee.com\/participez-au-forum-national-pmi-se-reinventer-pour-innover-organise-par-france-chapter-project-management-institute-les-25-26-mars\/#primaryimage","url":"http:\/\/3.bp.blogspot.com\/-7CaV1-geDKM\/VPCCSIFLggI\/AAAAAAAAPrY\/7-UjVvGUXcw\/s1600\/pmi_france_logo_hd.jpg","contentUrl":"http:\/\/3.bp.blogspot.com\/-7CaV1-geDKM\/VPCCSIFLggI\/AAAAAAAAPrY\/7-UjVvGUXcw\/s1600\/pmi_france_logo_hd.jpg"},{"@type":"BreadcrumbList","@id":"https:\/\/www.inovallee.com\/participez-au-forum-national-pmi-se-reinventer-pour-innover-organise-par-france-chapter-project-management-institute-les-25-26-mars\/#breadcrumb","itemListElement":[{"@type":"ListItem","position":1,"name":"Accueil","item":"https:\/\/www.inovallee.com\/"},{"@type":"ListItem","position":2,"name":"Participez au Forum National PMI &quot;Se r\u00e9inventer pour innover&quot; organis\u00e9 par France Chapter Project Management Institute les 25-26 mars"}]},{"@type":"WebSite","@id":"https:\/\/www.inovallee.com\/#website","url":"https:\/\/www.inovallee.com\/","name":"inovall\u00e9e technopole, Home to software & smart technologies","description":"Home to software &amp; smart technologies","publisher":{"@id":"https:\/\/www.inovallee.com\/#organization"},"potentialAction":[{"@type":"SearchAction","target":{"@type":"EntryPoint","urlTemplate":"https:\/\/www.inovallee.com\/?s={search_term_string}"},"query-input":{"@type":"PropertyValueSpecification","valueRequired":true,"valueName":"search_term_string"}}],"inLanguage":"en-GB"},{"@type":"Organization","@id":"https:\/\/www.inovallee.com\/#organization","name":"inovall\u00e9e","url":"https:\/\/www.inovallee.com\/","logo":{"@type":"ImageObject","inLanguage":"en-GB","@id":"https:\/\/www.inovallee.com\/#\/schema\/logo\/image\/","url":"https:\/\/www.inovallee.com\/wp-content\/uploads\/2023\/08\/inovallee_2022_GrenobleAlpes.png","contentUrl":"https:\/\/www.inovallee.com\/wp-content\/uploads\/2023\/08\/inovallee_2022_GrenobleAlpes.png","width":945,"height":369,"caption":"inovall\u00e9e"},"image":{"@id":"https:\/\/www.inovallee.com\/#\/schema\/logo\/image\/"},"sameAs":["https:\/\/www.facebook.com\/technopoleinovallee\/","https:\/\/x.com\/inovallee","https:\/\/www.linkedin.com\/company\/inovall-e\/","https:\/\/www.youtube.com\/user\/inovallee?reload=9"]},{"@type":"Person","@id":"https:\/\/www.inovallee.com\/#\/schema\/person\/a45b15518aad3111b2d61d257a3e023b","name":"Inovallee"}]}},"_links":{"self":[{"href":"https:\/\/www.inovallee.com\/en\/wp-json\/wp\/v2\/posts\/28824","targetHints":{"allow":["GET"]}}],"collection":[{"href":"https:\/\/www.inovallee.com\/en\/wp-json\/wp\/v2\/posts"}],"about":[{"href":"https:\/\/www.inovallee.com\/en\/wp-json\/wp\/v2\/types\/post"}],"author":[{"embeddable":true,"href":"https:\/\/www.inovallee.com\/en\/wp-json\/wp\/v2\/users\/6"}],"replies":[{"embeddable":true,"href":"https:\/\/www.inovallee.com\/en\/wp-json\/wp\/v2\/comments?post=28824"}],"version-history":[{"count":0,"href":"https:\/\/www.inovallee.com\/en\/wp-json\/wp\/v2\/posts\/28824\/revisions"}],"wp:attachment":[{"href":"https:\/\/www.inovallee.com\/en\/wp-json\/wp\/v2\/media?parent=28824"}],"wp:term":[{"taxonomy":"category","embeddable":true,"href":"https:\/\/www.inovallee.com\/en\/wp-json\/wp\/v2\/categories?post=28824"},{"taxonomy":"post_tag","embeddable":true,"href":"https:\/\/www.inovallee.com\/en\/wp-json\/wp\/v2\/tags?post=28824"}],"curies":[{"name":"wp","href":"https:\/\/api.w.org\/{rel}","templated":true}]}}