{"id":28826,"date":"2015-02-27T11:47:00","date_gmt":"2015-02-27T10:47:00","guid":{"rendered":"https:\/\/www.inovallee.com\/inovallee-partenaire-de-la-saas-academy-participez-a-la-session-de-sensibilisation-le-18-mars-prochain\/"},"modified":"2020-06-23T15:11:40","modified_gmt":"2020-06-23T13:11:40","slug":"inovallee-partenaire-de-la-saas-academy-participez-a-la-session-de-sensibilisation-le-18-mars-prochain","status":"publish","type":"post","link":"https:\/\/www.inovallee.com\/en\/inovallee-partenaire-de-la-saas-academy-participez-a-la-session-de-sensibilisation-le-18-mars-prochain\/","title":{"rendered":"inovall\u00e9e partenaire de la SAAS Academy : participez \u00e0 la session de Sensibilisation le 18 mars prochain"},"content":{"rendered":"<div dir=\"ltr\" style=\"text-align: left;\">\n<table style=\"background: white; border-collapse: collapse; margin-left: 7.5pt; mso-padding-alt: 0cm 0cm 0cm 0cm; mso-yfti-tbllook: 1184;\" border=\"0\" cellspacing=\"0\" cellpadding=\"0\">\n<tbody>\n<tr>\n<td style=\"padding: 3.75pt 0cm 3.75pt 0cm; width: 435.0pt;\" valign=\"top\" width=\"580\">\n<table style=\"background-attachment: initial; background-clip: initial; background-image: initial; background-origin: initial; background-position: initial; background-repeat: initial; background-size: initial; border-collapse: collapse; width: 565px;\" border=\"0\" cellspacing=\"0\" cellpadding=\"0\">\n<tbody>\n<tr>\n<td style=\"padding: 3.75pt 0cm 3.75pt 3.75pt;\">\n<div style=\"clear: both; text-align: center;\"><a style=\"clear: left; float: left; margin-bottom: 1em; margin-right: 1em;\" href=\"http:\/\/4.bp.blogspot.com\/-QryMW06fwMY\/VPA_wBmDWpI\/AAAAAAAAPpE\/SjYrYfqAtPA\/s1600\/saas.png\"><span style=\"font-family: Arial, Helvetica, sans-serif; font-size: x-small;\"><img decoding=\"async\" src=\"http:\/\/4.bp.blogspot.com\/-QryMW06fwMY\/VPA_wBmDWpI\/AAAAAAAAPpE\/SjYrYfqAtPA\/s1600\/saas.png\" width=\"200\" height=\"41\" border=\"0\" \/><\/span><\/a><\/div>\n<div style=\"margin-bottom: 7.5pt;\"><b><span style=\"font-family: Arial, Helvetica, sans-serif; font-size: x-small;\"><span style=\"color: #444444;\">Le\u00a0<\/span>18 mars prochain, la SAAS Academy, programme d&rsquo;accompagnement national d\u00e9di\u00e9 aux \u00e9diteurs de logiciels dont inovall\u00e9e est partenaire, vous propose une session de sensibilisation aux opportunit\u00e9s offertes par le Cloud et le SaaS.\u00a0<\/span><\/b><\/div>\n<div style=\"margin-bottom: 7.5pt;\"><span style=\"font-family: Arial, Helvetica, sans-serif; font-size: x-small;\">Premi\u00e8re \u00e9tape d&rsquo;une d\u00e9marche incr\u00e9mentale. les sessions de Sensibilisation visent \u00e0 appr\u00e9hender le processus de transition vers le SaaS en cr\u00e9ant un une rencontre propose \u00e0 l&rsquo;\u00e9change, notamment gr\u00e2ce aux retours d&rsquo;exp\u00e9riences d&rsquo;utilisateurs et d&rsquo;\u00e9l\u00e9ments structurants sur le contenu du <a href=\"http:\/\/saasacademy.fr\/programme\/\" target=\"_blank\" rel=\"noopener noreferrer\">programme<\/a>.\u00a0<\/span><\/div>\n<div style=\"margin-bottom: 7.5pt;\"><span style=\"font-family: Arial, Helvetica, sans-serif; font-size: x-small;\">\u00a0<\/span><\/div>\n<div style=\"margin-bottom: 7.5pt;\"><span style=\"font-family: Arial, Helvetica, sans-serif; font-size: x-small;\"><b>Quelles opportunit\u00e9s offrent le cloud et le SaaS ?\u00a0<\/b><\/span><\/div>\n<div style=\"margin-bottom: 7.5pt;\"><b><span style=\"font-family: Arial, Helvetica, sans-serif; font-size: x-small;\">\u00c0 quelles probl\u00e9matiques les entreprises peuvent-elles \u00eatre confront\u00e9es ?\u00a0<\/span><\/b><\/div>\n<div style=\"margin-bottom: 7.5pt;\"><b><span style=\"font-family: Arial, Helvetica, sans-serif; font-size: x-small;\">Quels sont les risques ?<\/span><\/b><\/div>\n<div style=\"margin-bottom: 7.5pt;\">\n<p><span style=\"font-family: Arial, Helvetica, sans-serif; font-size: x-small;\"><span style=\"color: #444444;\"> Ces sessions s&rsquo;adressent exclusivement aux dirigeants des \u00c9diteurs de Logiciels. La participation est gratuite, mais obligatoire. Pour favoriser les \u00e9changes, le nombre de places est<b> limit\u00e9 \u00e0 10 personnes maximum<\/b>. R\u00e9servez rapidement votre place !<\/span><\/span><br \/>\n<span style=\"font-family: Arial, Helvetica, sans-serif; font-size: x-small;\"><span style=\"color: #444444;\"><br \/>\n<\/span><\/span><\/p>\n<div style=\"clear: both; text-align: center;\"><a style=\"clear: left; float: left; margin-bottom: 1em; margin-right: 1em;\" href=\"http:\/\/1.bp.blogspot.com\/-3Ub_vve7A60\/VPBHdiQLWfI\/AAAAAAAAPpw\/ewC1RdAnrWI\/s1600\/imaginove.jpg\"><img decoding=\"async\" src=\"http:\/\/1.bp.blogspot.com\/-3Ub_vve7A60\/VPBHdiQLWfI\/AAAAAAAAPpw\/ewC1RdAnrWI\/s1600\/imaginove.jpg\" width=\"200\" height=\"65\" border=\"0\" \/><\/a><\/div>\n<p><span style=\"font-family: Arial, Helvetica, sans-serif; font-size: x-small;\"><span style=\"color: #444444;\">\u00a0<\/span><\/span><\/p>\n<\/div>\n<div style=\"margin-bottom: 7.5pt;\">\n<p><span style=\"color: #444444;\"><span style=\"font-family: Arial, Helvetica, sans-serif; font-size: x-small;\"><b><br \/>\n<\/b><\/span><\/span><span style=\"color: #444444;\"><span style=\"font-family: Arial, Helvetica, sans-serif; font-size: x-small;\"><b><br \/>\n<\/b><\/span><\/span><span style=\"color: #444444;\"><span style=\"font-family: Arial, Helvetica, sans-serif; font-size: x-small;\"><b><br \/>\n<\/b><\/span><\/span><span style=\"color: #444444;\"><span style=\"font-family: Arial, Helvetica, sans-serif; font-size: x-small;\"><b><br \/>\n<\/b><\/span><\/span><span style=\"color: #444444;\"><span style=\"font-family: Arial, Helvetica, sans-serif; font-size: x-small;\"><b>Lieu :<\/b>\u00a0<\/span><\/span><br \/>\n<span style=\"font-family: Arial, Helvetica, sans-serif; font-size: x-small;\"><span style=\"color: #444444;\">Imaginove- P\u00f4le Pixel<\/span><span style=\"color: #444444;\"><br \/>\n26 rue Emile Decorps, 69100 Villeurbanne<br \/>\nB\u00e2timent M &#8211; Minoterie &#8211; 4 \u00e9tage<\/span><\/span><br \/>\n<span style=\"color: #444444;\"><span style=\"font-family: Arial, Helvetica, sans-serif; font-size: x-small;\"><br \/>\n<\/span><\/span><span style=\"font-family: Arial, Helvetica, sans-serif; font-size: x-small;\"><span style=\"color: #444444;\"><b>Horaires <\/b>:\u00a0<\/span><\/span><\/p>\n<div style=\"text-align: start;\"><span style=\"font-family: Arial, Helvetica, sans-serif; font-size: x-small;\"><span style=\"color: #444444;\"><span style=\"line-height: 11.7pt; text-align: center;\">Mercredi 18 mars 2015 de 14h \u00e0 18h<\/span><\/span><\/span><\/div>\n<\/div>\n<div style=\"margin-bottom: 7.5pt;\"><span style=\"color: #444444;\"><span style=\"font-family: Arial, Helvetica, sans-serif; font-size: x-small;\"><a href=\"http:\/\/saasacademy.fr\/\" target=\"_blank\" rel=\"noopener noreferrer\">En savoir plus<\/a><\/span><\/span><a href=\"http:\/\/saasacademy.fr\/inscriptions\/\" target=\"_blank\" rel=\"noopener noreferrer\"><span style=\"font-family: Arial, Helvetica, sans-serif; font-size: x-small;\">Vous inscrire<\/span><\/a><\/div>\n<div style=\"margin-bottom: 7.5pt; text-align: center;\"><span style=\"color: orange;\"><span style=\"font-family: Arial, Helvetica, sans-serif; font-size: x-small;\"><span style=\"line-height: 11.7pt; text-align: center;\"><span style=\"font-size: small;\"><b>A noter :\u00a0<\/b><\/span><\/span><\/span><\/span><br \/>\n<span style=\"color: #666666;\"><span style=\"font-family: Arial, Helvetica, sans-serif; font-size: x-small;\"><span style=\"line-height: 11.7pt; text-align: center;\"><span style=\"font-size: small;\"><b>une session sera organis\u00e9e le <span style=\"color: orange;\">6 mai prochain\u00a0<\/span><\/b><\/span><\/span><\/span><\/span><br \/>\n<span style=\"color: #666666;\"><span style=\"font-family: Arial, Helvetica, sans-serif; font-size: x-small;\"><span style=\"line-height: 11.7pt; text-align: center;\"><span style=\"font-size: small;\"><b>\u00e0 <span style=\"color: orange;\">inovall\u00e9e <\/span>&#8211; 29 chemin du Vieux Ch\u00eane \u00e0 Meylan<\/b><\/span><\/span><\/span><\/span><br \/>\n<span style=\"font-family: Arial, Helvetica, sans-serif; font-size: x-small;\"><span style=\"color: #444444;\"><span style=\"line-height: 11.7pt; text-align: center;\"><span style=\"color: black;\"><span style=\"font-size: small;\"><b><span style=\"color: #666666;\">Inscription possible aupr\u00e8s de<\/span><span style=\"color: #444444;\"><span style=\"color: #666666;\"> Christine Afonso :\u00a0<\/span><\/span><\/b><\/span><\/span><\/span><\/span><\/span><br \/>\n<span style=\"font-family: Arial, Helvetica, sans-serif; font-size: x-small;\"><span style=\"color: #444444;\"><span style=\"line-height: 11.7pt; text-align: center;\"><span style=\"color: black;\"><span style=\"font-size: small;\"><b><span style=\"color: #444444;\"><span style=\"color: #666666;\"><a href=\"mailto:accueil@inovallee.com\">accueil@inovallee.com<\/a> &#8211; 04 76 90 41 57<\/span><\/span> <\/b><\/span><\/span><\/span><\/span><\/span><\/div>\n<\/td>\n<\/tr>\n<\/tbody>\n<\/table>\n<\/td>\n<\/tr>\n<\/tbody>\n<\/table>\n<div><\/div>\n<p>&nbsp;<\/p>\n<table style=\"background: white; border-collapse: collapse; margin-left: 7.5pt; mso-padding-alt: 0cm 0cm 0cm 0cm; mso-yfti-tbllook: 1184;\" border=\"0\" cellspacing=\"0\" cellpadding=\"0\">\n<tbody>\n<tr>\n<td style=\"padding: 3.75pt 0cm 3.75pt 0cm; width: 217.5pt;\" valign=\"top\" width=\"290\">\n<table style=\"background-attachment: initial; background-clip: initial; background-image: initial; background-origin: initial; background-position: initial; backgr ound-repeat: initial; background-size: initial; width: 100%px;\" border=\"0\" cellspacing=\"0\" cellpadding=\"0\">\n<tbody>\n<tr>\n<td style=\"padding: 3.75pt 3.75pt 0cm 3.75pt;\" valign=\"top\">\n<div style=\"text-align: center;\" align=\"center\"><\/div>\n<\/td>\n<\/tr>\n<tr>\n<td style=\"padding: 3.75pt 3.75pt 3.75pt 3.75pt;\" valign=\"top\">\n<div style=\"line-height: 11.7pt; text-align: center;\" align=\"center\"><\/div>\n<\/td>\n<\/tr>\n<\/tbody>\n<\/table>\n<\/td>\n<td style=\"padding: 3.75pt 0cm 3.75pt 0cm; width: 217.5pt;\" valign=\"top\" width=\"290\">\n<table style=\"background-attachment: initial; background-clip: initial; background-image: initial; background-origin: initial; background-position: initial; background-repeat: initial; background-size: initial; width: 100%px;\" border=\"0\" cellspacing=\"0\" cellpadding=\"0\">\n<tbody>\n<tr>\n<td style=\"padding: 3.75pt 3.75pt 0cm 3.75pt;\" valign=\"top\">\n<div style=\"text-align: center;\" align=\"center\"><\/div>\n<\/td>\n<\/tr>\n<tr>\n<td style=\"padding: 3.75pt 3.75pt 3.75pt 3.75pt;\" valign=\"top\">\n<div style=\"line-height: 11.7pt; text-align: center; vertical-align: baseline;\" align=\"center\"><\/div>\n<\/td>\n<\/tr>\n<\/tbody>\n<\/table>\n<\/td>\n<\/tr>\n<\/tbody>\n<\/table>\n<\/div>","protected":false},"excerpt":{"rendered":"<p>Le\u00a018 mars prochain, la SAAS Academy, programme d&rsquo;accompagnement national d\u00e9di\u00e9 aux \u00e9diteurs de logiciels dont inovall\u00e9e est partenaire, vous propose une session de sensibilisation aux opportunit\u00e9s offertes par le Cloud et le SaaS.\u00a0 Premi\u00e8re \u00e9tape d&rsquo;une d\u00e9marche incr\u00e9mentale. les sessions de Sensibilisation visent \u00e0 appr\u00e9hender le processus de transition vers le SaaS en cr\u00e9ant un [&hellip;]<\/p>\n","protected":false},"author":6,"featured_media":0,"comment_status":"closed","ping_status":"open","sticky":false,"template":"","format":"standard","meta":{"footnotes":""},"categories":[29],"tags":[],"class_list":["post-28826","post","type-post","status-publish","format-standard","hentry","category-evenements"],"yoast_head":"<!-- This site is optimized with the Yoast SEO plugin v27.4 - https:\/\/yoast.com\/product\/yoast-seo-wordpress\/ -->\n<title>inovall\u00e9e partenaire de la SAAS Academy : participez \u00e0 la session de Sensibilisation le 18 mars prochain - inovall\u00e9e<\/title>\n<meta name=\"robots\" content=\"index, follow, max-snippet:-1, max-image-preview:large, max-video-preview:-1\" \/>\n<link rel=\"canonical\" href=\"https:\/\/www.inovallee.com\/en\/inovallee-partenaire-de-la-saas-academy-participez-a-la-session-de-sensibilisation-le-18-mars-prochain\/\" \/>\n<meta property=\"og:locale\" content=\"en_GB\" \/>\n<meta property=\"og:type\" content=\"article\" \/>\n<meta property=\"og:title\" content=\"inovall\u00e9e partenaire de la SAAS Academy : participez \u00e0 la session de Sensibilisation le 18 mars prochain - inovall\u00e9e\" \/>\n<meta property=\"og:description\" content=\"Le\u00a018 mars prochain, la SAAS Academy, programme d&rsquo;accompagnement national d\u00e9di\u00e9 aux \u00e9diteurs de logiciels dont inovall\u00e9e est partenaire, vous propose une session de sensibilisation aux opportunit\u00e9s offertes par le Cloud et le SaaS.\u00a0 Premi\u00e8re \u00e9tape d&rsquo;une d\u00e9marche incr\u00e9mentale. les sessions de Sensibilisation visent \u00e0 appr\u00e9hender le processus de transition vers le SaaS en cr\u00e9ant un [&hellip;]\" \/>\n<meta property=\"og:url\" content=\"https:\/\/www.inovallee.com\/en\/inovallee-partenaire-de-la-saas-academy-participez-a-la-session-de-sensibilisation-le-18-mars-prochain\/\" \/>\n<meta property=\"og:site_name\" content=\"inovall\u00e9e\" \/>\n<meta property=\"article:publisher\" content=\"https:\/\/www.facebook.com\/technopoleinovallee\/\" \/>\n<meta property=\"article:published_time\" content=\"2015-02-27T10:47:00+00:00\" \/>\n<meta property=\"article:modified_time\" content=\"2020-06-23T13:11:40+00:00\" \/>\n<meta property=\"og:image\" content=\"http:\/\/4.bp.blogspot.com\/-QryMW06fwMY\/VPA_wBmDWpI\/AAAAAAAAPpE\/SjYrYfqAtPA\/s1600\/saas.png\" \/>\n<meta name=\"author\" content=\"Inovallee\" \/>\n<meta name=\"twitter:card\" content=\"summary_large_image\" \/>\n<meta name=\"twitter:creator\" content=\"@inovallee\" \/>\n<meta name=\"twitter:site\" content=\"@inovallee\" \/>\n<meta name=\"twitter:label1\" content=\"Written by\" \/>\n\t<meta name=\"twitter:data1\" content=\"Inovallee\" \/>\n\t<meta name=\"twitter:label2\" content=\"Estimated reading time\" \/>\n\t<meta name=\"twitter:data2\" content=\"1 minute\" \/>\n<script type=\"application\/ld+json\" class=\"yoast-schema-graph\">{\"@context\":\"https:\\\/\\\/schema.org\",\"@graph\":[{\"@type\":\"Article\",\"@id\":\"https:\\\/\\\/www.inovallee.com\\\/inovallee-partenaire-de-la-saas-academy-participez-a-la-session-de-sensibilisation-le-18-mars-prochain\\\/#article\",\"isPartOf\":{\"@id\":\"https:\\\/\\\/www.inovallee.com\\\/inovallee-partenaire-de-la-saas-academy-participez-a-la-session-de-sensibilisation-le-18-mars-prochain\\\/\"},\"author\":{\"name\":\"Inovallee\",\"@id\":\"https:\\\/\\\/www.inovallee.com\\\/#\\\/schema\\\/person\\\/a45b15518aad3111b2d61d257a3e023b\"},\"headline\":\"inovall\u00e9e partenaire de la SAAS Academy : participez \u00e0 la session de Sensibilisation le 18 mars prochain\",\"datePublished\":\"2015-02-27T10:47:00+00:00\",\"dateModified\":\"2020-06-23T13:11:40+00:00\",\"mainEntityOfPage\":{\"@id\":\"https:\\\/\\\/www.inovallee.com\\\/inovallee-partenaire-de-la-saas-academy-participez-a-la-session-de-sensibilisation-le-18-mars-prochain\\\/\"},\"wordCount\":218,\"publisher\":{\"@id\":\"https:\\\/\\\/www.inovallee.com\\\/#organization\"},\"image\":{\"@id\":\"https:\\\/\\\/www.inovallee.com\\\/inovallee-partenaire-de-la-saas-academy-participez-a-la-session-de-sensibilisation-le-18-mars-prochain\\\/#primaryimage\"},\"thumbnailUrl\":\"http:\\\/\\\/4.bp.blogspot.com\\\/-QryMW06fwMY\\\/VPA_wBmDWpI\\\/AAAAAAAAPpE\\\/SjYrYfqAtPA\\\/s1600\\\/saas.png\",\"articleSection\":[\"Technopole inovall\u00e9e\"],\"inLanguage\":\"en-GB\"},{\"@type\":\"WebPage\",\"@id\":\"https:\\\/\\\/www.inovallee.com\\\/inovallee-partenaire-de-la-saas-academy-participez-a-la-session-de-sensibilisation-le-18-mars-prochain\\\/\",\"url\":\"https:\\\/\\\/www.inovallee.com\\\/inovallee-partenaire-de-la-saas-academy-participez-a-la-session-de-sensibilisation-le-18-mars-prochain\\\/\",\"name\":\"inovall\u00e9e partenaire de la SAAS Academy : participez \u00e0 la session de Sensibilisation le 18 mars prochain - inovall\u00e9e\",\"isPartOf\":{\"@id\":\"https:\\\/\\\/www.inovallee.com\\\/#website\"},\"primaryImageOfPage\":{\"@id\":\"https:\\\/\\\/www.inovallee.com\\\/inovallee-partenaire-de-la-saas-academy-participez-a-la-session-de-sensibilisation-le-18-mars-prochain\\\/#primaryimage\"},\"image\":{\"@id\":\"https:\\\/\\\/www.inovallee.com\\\/inovallee-partenaire-de-la-saas-academy-participez-a-la-session-de-sensibilisation-le-18-mars-prochain\\\/#primaryimage\"},\"thumbnailUrl\":\"http:\\\/\\\/4.bp.blogspot.com\\\/-QryMW06fwMY\\\/VPA_wBmDWpI\\\/AAAAAAAAPpE\\\/SjYrYfqAtPA\\\/s1600\\\/saas.png\",\"datePublished\":\"2015-02-27T10:47:00+00:00\",\"dateModified\":\"2020-06-23T13:11:40+00:00\",\"breadcrumb\":{\"@id\":\"https:\\\/\\\/www.inovallee.com\\\/inovallee-partenaire-de-la-saas-academy-participez-a-la-session-de-sensibilisation-le-18-mars-prochain\\\/#breadcrumb\"},\"inLanguage\":\"en-GB\",\"potentialAction\":[{\"@type\":\"ReadAction\",\"target\":[\"https:\\\/\\\/www.inovallee.com\\\/inovallee-partenaire-de-la-saas-academy-participez-a-la-session-de-sensibilisation-le-18-mars-prochain\\\/\"]}]},{\"@type\":\"ImageObject\",\"inLanguage\":\"en-GB\",\"@id\":\"https:\\\/\\\/www.inovallee.com\\\/inovallee-partenaire-de-la-saas-academy-participez-a-la-session-de-sensibilisation-le-18-mars-prochain\\\/#primaryimage\",\"url\":\"http:\\\/\\\/4.bp.blogspot.com\\\/-QryMW06fwMY\\\/VPA_wBmDWpI\\\/AAAAAAAAPpE\\\/SjYrYfqAtPA\\\/s1600\\\/saas.png\",\"contentUrl\":\"http:\\\/\\\/4.bp.blogspot.com\\\/-QryMW06fwMY\\\/VPA_wBmDWpI\\\/AAAAAAAAPpE\\\/SjYrYfqAtPA\\\/s1600\\\/saas.png\"},{\"@type\":\"BreadcrumbList\",\"@id\":\"https:\\\/\\\/www.inovallee.com\\\/inovallee-partenaire-de-la-saas-academy-participez-a-la-session-de-sensibilisation-le-18-mars-prochain\\\/#breadcrumb\",\"itemListElement\":[{\"@type\":\"ListItem\",\"position\":1,\"name\":\"Accueil\",\"item\":\"https:\\\/\\\/www.inovallee.com\\\/\"},{\"@type\":\"ListItem\",\"position\":2,\"name\":\"inovall\u00e9e partenaire de la SAAS Academy : participez \u00e0 la session de Sensibilisation le 18 mars prochain\"}]},{\"@type\":\"WebSite\",\"@id\":\"https:\\\/\\\/www.inovallee.com\\\/#website\",\"url\":\"https:\\\/\\\/www.inovallee.com\\\/\",\"name\":\"inovall\u00e9e technopole, Home to software & smart technologies\",\"description\":\"Home to software &amp; smart technologies\",\"publisher\":{\"@id\":\"https:\\\/\\\/www.inovallee.com\\\/#organization\"},\"potentialAction\":[{\"@type\":\"SearchAction\",\"target\":{\"@type\":\"EntryPoint\",\"urlTemplate\":\"https:\\\/\\\/www.inovallee.com\\\/?s={search_term_string}\"},\"query-input\":{\"@type\":\"PropertyValueSpecification\",\"valueRequired\":true,\"valueName\":\"search_term_string\"}}],\"inLanguage\":\"en-GB\"},{\"@type\":\"Organization\",\"@id\":\"https:\\\/\\\/www.inovallee.com\\\/#organization\",\"name\":\"inovall\u00e9e\",\"url\":\"https:\\\/\\\/www.inovallee.com\\\/\",\"logo\":{\"@type\":\"ImageObject\",\"inLanguage\":\"en-GB\",\"@id\":\"https:\\\/\\\/www.inovallee.com\\\/#\\\/schema\\\/logo\\\/image\\\/\",\"url\":\"https:\\\/\\\/www.inovallee.com\\\/wp-content\\\/uploads\\\/2023\\\/08\\\/inovallee_2022_GrenobleAlpes.png\",\"contentUrl\":\"https:\\\/\\\/www.inovallee.com\\\/wp-content\\\/uploads\\\/2023\\\/08\\\/inovallee_2022_GrenobleAlpes.png\",\"width\":945,\"height\":369,\"caption\":\"inovall\u00e9e\"},\"image\":{\"@id\":\"https:\\\/\\\/www.inovallee.com\\\/#\\\/schema\\\/logo\\\/image\\\/\"},\"sameAs\":[\"https:\\\/\\\/www.facebook.com\\\/technopoleinovallee\\\/\",\"https:\\\/\\\/x.com\\\/inovallee\",\"https:\\\/\\\/www.linkedin.com\\\/company\\\/inovall-e\\\/\",\"https:\\\/\\\/www.youtube.com\\\/user\\\/inovallee?reload=9\"]},{\"@type\":\"Person\",\"@id\":\"https:\\\/\\\/www.inovallee.com\\\/#\\\/schema\\\/person\\\/a45b15518aad3111b2d61d257a3e023b\",\"name\":\"Inovallee\"}]}<\/script>\n<!-- \/ Yoast SEO plugin. -->","yoast_head_json":{"title":"inovall\u00e9e partenaire de la SAAS Academy : participez \u00e0 la session de Sensibilisation le 18 mars prochain - inovall\u00e9e","robots":{"index":"index","follow":"follow","max-snippet":"max-snippet:-1","max-image-preview":"max-image-preview:large","max-video-preview":"max-video-preview:-1"},"canonical":"https:\/\/www.inovallee.com\/en\/inovallee-partenaire-de-la-saas-academy-participez-a-la-session-de-sensibilisation-le-18-mars-prochain\/","og_locale":"en_GB","og_type":"article","og_title":"inovall\u00e9e partenaire de la SAAS Academy : participez \u00e0 la session de Sensibilisation le 18 mars prochain - inovall\u00e9e","og_description":"Le\u00a018 mars prochain, la SAAS Academy, programme d&rsquo;accompagnement national d\u00e9di\u00e9 aux \u00e9diteurs de logiciels dont inovall\u00e9e est partenaire, vous propose une session de sensibilisation aux opportunit\u00e9s offertes par le Cloud et le SaaS.\u00a0 Premi\u00e8re \u00e9tape d&rsquo;une d\u00e9marche incr\u00e9mentale. les sessions de Sensibilisation visent \u00e0 appr\u00e9hender le processus de transition vers le SaaS en cr\u00e9ant un [&hellip;]","og_url":"https:\/\/www.inovallee.com\/en\/inovallee-partenaire-de-la-saas-academy-participez-a-la-session-de-sensibilisation-le-18-mars-prochain\/","og_site_name":"inovall\u00e9e","article_publisher":"https:\/\/www.facebook.com\/technopoleinovallee\/","article_published_time":"2015-02-27T10:47:00+00:00","article_modified_time":"2020-06-23T13:11:40+00:00","og_image":[{"url":"http:\/\/4.bp.blogspot.com\/-QryMW06fwMY\/VPA_wBmDWpI\/AAAAAAAAPpE\/SjYrYfqAtPA\/s1600\/saas.png","type":"","width":"","height":""}],"author":"Inovallee","twitter_card":"summary_large_image","twitter_creator":"@inovallee","twitter_site":"@inovallee","twitter_misc":{"Written by":"Inovallee","Estimated reading time":"1 minute"},"schema":{"@context":"https:\/\/schema.org","@graph":[{"@type":"Article","@id":"https:\/\/www.inovallee.com\/inovallee-partenaire-de-la-saas-academy-participez-a-la-session-de-sensibilisation-le-18-mars-prochain\/#article","isPartOf":{"@id":"https:\/\/www.inovallee.com\/inovallee-partenaire-de-la-saas-academy-participez-a-la-session-de-sensibilisation-le-18-mars-prochain\/"},"author":{"name":"Inovallee","@id":"https:\/\/www.inovallee.com\/#\/schema\/person\/a45b15518aad3111b2d61d257a3e023b"},"headline":"inovall\u00e9e partenaire de la SAAS Academy : participez \u00e0 la session de Sensibilisation le 18 mars prochain","datePublished":"2015-02-27T10:47:00+00:00","dateModified":"2020-06-23T13:11:40+00:00","mainEntityOfPage":{"@id":"https:\/\/www.inovallee.com\/inovallee-partenaire-de-la-saas-academy-participez-a-la-session-de-sensibilisation-le-18-mars-prochain\/"},"wordCount":218,"publisher":{"@id":"https:\/\/www.inovallee.com\/#organization"},"image":{"@id":"https:\/\/www.inovallee.com\/inovallee-partenaire-de-la-saas-academy-participez-a-la-session-de-sensibilisation-le-18-mars-prochain\/#primaryimage"},"thumbnailUrl":"http:\/\/4.bp.blogspot.com\/-QryMW06fwMY\/VPA_wBmDWpI\/AAAAAAAAPpE\/SjYrYfqAtPA\/s1600\/saas.png","articleSection":["Technopole inovall\u00e9e"],"inLanguage":"en-GB"},{"@type":"WebPage","@id":"https:\/\/www.inovallee.com\/inovallee-partenaire-de-la-saas-academy-participez-a-la-session-de-sensibilisation-le-18-mars-prochain\/","url":"https:\/\/www.inovallee.com\/inovallee-partenaire-de-la-saas-academy-participez-a-la-session-de-sensibilisation-le-18-mars-prochain\/","name":"inovall\u00e9e partenaire de la SAAS Academy : participez \u00e0 la session de Sensibilisation le 18 mars prochain - inovall\u00e9e","isPartOf":{"@id":"https:\/\/www.inovallee.com\/#website"},"primaryImageOfPage":{"@id":"https:\/\/www.inovallee.com\/inovallee-partenaire-de-la-saas-academy-participez-a-la-session-de-sensibilisation-le-18-mars-prochain\/#primaryimage"},"image":{"@id":"https:\/\/www.inovallee.com\/inovallee-partenaire-de-la-saas-academy-participez-a-la-session-de-sensibilisation-le-18-mars-prochain\/#primaryimage"},"thumbnailUrl":"http:\/\/4.bp.blogspot.com\/-QryMW06fwMY\/VPA_wBmDWpI\/AAAAAAAAPpE\/SjYrYfqAtPA\/s1600\/saas.png","datePublished":"2015-02-27T10:47:00+00:00","dateModified":"2020-06-23T13:11:40+00:00","breadcrumb":{"@id":"https:\/\/www.inovallee.com\/inovallee-partenaire-de-la-saas-academy-participez-a-la-session-de-sensibilisation-le-18-mars-prochain\/#breadcrumb"},"inLanguage":"en-GB","potentialAction":[{"@type":"ReadAction","target":["https:\/\/www.inovallee.com\/inovallee-partenaire-de-la-saas-academy-participez-a-la-session-de-sensibilisation-le-18-mars-prochain\/"]}]},{"@type":"ImageObject","inLanguage":"en-GB","@id":"https:\/\/www.inovallee.com\/inovallee-partenaire-de-la-saas-academy-participez-a-la-session-de-sensibilisation-le-18-mars-prochain\/#primaryimage","url":"http:\/\/4.bp.blogspot.com\/-QryMW06fwMY\/VPA_wBmDWpI\/AAAAAAAAPpE\/SjYrYfqAtPA\/s1600\/saas.png","contentUrl":"http:\/\/4.bp.blogspot.com\/-QryMW06fwMY\/VPA_wBmDWpI\/AAAAAAAAPpE\/SjYrYfqAtPA\/s1600\/saas.png"},{"@type":"BreadcrumbList","@id":"https:\/\/www.inovallee.com\/inovallee-partenaire-de-la-saas-academy-participez-a-la-session-de-sensibilisation-le-18-mars-prochain\/#breadcrumb","itemListElement":[{"@type":"ListItem","position":1,"name":"Accueil","item":"https:\/\/www.inovallee.com\/"},{"@type":"ListItem","position":2,"name":"inovall\u00e9e partenaire de la SAAS Academy : participez \u00e0 la session de Sensibilisation le 18 mars prochain"}]},{"@type":"WebSite","@id":"https:\/\/www.inovallee.com\/#website","url":"https:\/\/www.inovallee.com\/","name":"inovall\u00e9e technopole, Home to software & smart technologies","description":"Home to software &amp; smart technologies","publisher":{"@id":"https:\/\/www.inovallee.com\/#organization"},"potentialAction":[{"@type":"SearchAction","target":{"@type":"EntryPoint","urlTemplate":"https:\/\/www.inovallee.com\/?s={search_term_string}"},"query-input":{"@type":"PropertyValueSpecification","valueRequired":true,"valueName":"search_term_string"}}],"inLanguage":"en-GB"},{"@type":"Organization","@id":"https:\/\/www.inovallee.com\/#organization","name":"inovall\u00e9e","url":"https:\/\/www.inovallee.com\/","logo":{"@type":"ImageObject","inLanguage":"en-GB","@id":"https:\/\/www.inovallee.com\/#\/schema\/logo\/image\/","url":"https:\/\/www.inovallee.com\/wp-content\/uploads\/2023\/08\/inovallee_2022_GrenobleAlpes.png","contentUrl":"https:\/\/www.inovallee.com\/wp-content\/uploads\/2023\/08\/inovallee_2022_GrenobleAlpes.png","width":945,"height":369,"caption":"inovall\u00e9e"},"image":{"@id":"https:\/\/www.inovallee.com\/#\/schema\/logo\/image\/"},"sameAs":["https:\/\/www.facebook.com\/technopoleinovallee\/","https:\/\/x.com\/inovallee","https:\/\/www.linkedin.com\/company\/inovall-e\/","https:\/\/www.youtube.com\/user\/inovallee?reload=9"]},{"@type":"Person","@id":"https:\/\/www.inovallee.com\/#\/schema\/person\/a45b15518aad3111b2d61d257a3e023b","name":"Inovallee"}]}},"_links":{"self":[{"href":"https:\/\/www.inovallee.com\/en\/wp-json\/wp\/v2\/posts\/28826","targetHints":{"allow":["GET"]}}],"collection":[{"href":"https:\/\/www.inovallee.com\/en\/wp-json\/wp\/v2\/posts"}],"about":[{"href":"https:\/\/www.inovallee.com\/en\/wp-json\/wp\/v2\/types\/post"}],"author":[{"embeddable":true,"href":"https:\/\/www.inovallee.com\/en\/wp-json\/wp\/v2\/users\/6"}],"replies":[{"embeddable":true,"href":"https:\/\/www.inovallee.com\/en\/wp-json\/wp\/v2\/comments?post=28826"}],"version-history":[{"count":0,"href":"https:\/\/www.inovallee.com\/en\/wp-json\/wp\/v2\/posts\/28826\/revisions"}],"wp:attachment":[{"href":"https:\/\/www.inovallee.com\/en\/wp-json\/wp\/v2\/media?parent=28826"}],"wp:term":[{"taxonomy":"category","embeddable":true,"href":"https:\/\/www.inovallee.com\/en\/wp-json\/wp\/v2\/categories?post=28826"},{"taxonomy":"post_tag","embeddable":true,"href":"https:\/\/www.inovallee.com\/en\/wp-json\/wp\/v2\/tags?post=28826"}],"curies":[{"name":"wp","href":"https:\/\/api.w.org\/{rel}","templated":true}]}}