{"id":28833,"date":"2015-02-25T16:25:00","date_gmt":"2015-02-25T15:25:00","guid":{"rendered":"https:\/\/www.inovallee.com\/lactualite-des-entreprises-dinovallee-la-compagnie-des-rh-vous-invite-a-sa-table-ronde-comment-mobiliser-toutes-les-ressources-de-lentreprise-pour-ne-pas-subir-mais-agir-le-31-mars-prochain\/"},"modified":"2020-06-23T15:35:23","modified_gmt":"2020-06-23T13:35:23","slug":"lactualite-des-entreprises-dinovallee-la-compagnie-des-rh-vous-invite-a-sa-table-ronde-comment-mobiliser-toutes-les-ressources-de-lentreprise-pour-ne-pas-subir-mais-agir-le-31-mars-prochain","status":"publish","type":"post","link":"https:\/\/www.inovallee.com\/en\/lactualite-des-entreprises-dinovallee-la-compagnie-des-rh-vous-invite-a-sa-table-ronde-comment-mobiliser-toutes-les-ressources-de-lentreprise-pour-ne-pas-subir-mais-agir-le-31-mars-prochain\/","title":{"rendered":"L&#039;actualit\u00e9 des entreprises d&#039;inovall\u00e9e : La compagnie des RH vous invite \u00e0 sa table ronde &quot;Comment mobiliser toutes les ressources de l&#039;entreprise pour ne pas subir mais agir ?&quot; le 31 mars prochain"},"content":{"rendered":"<div dir=\"ltr\" style=\"text-align: left;\">\n<div style=\"clear: both; text-align: center;\"><\/div>\n<div style=\"clear: both; text-align: center;\"><a href=\"http:\/\/2.bp.blogspot.com\/-yRDjgfFAVvo\/VO3BF2h3GLI\/AAAAAAAAPmI\/z7RA1IagkGk\/s1600\/photo.jpg\" style=\"clear: left; float: left; margin-bottom: 1em; margin-right: 1em;\"><img decoding=\"async\" border=\"0\" src=\"http:\/\/2.bp.blogspot.com\/-yRDjgfFAVvo\/VO3BF2h3GLI\/AAAAAAAAPmI\/z7RA1IagkGk\/s1600\/photo.jpg\" height=\"200\" width=\"200\" \/><\/a><\/div>\n<div style=\"background: white; line-height: 15.6pt; mso-margin-bottom-alt: auto; mso-margin-top-alt: auto; mso-outline-level: 2;\"><span style=\"font-size: x-small;\"><span style=\"color: #333333; font-family: Arial, sans-serif;\">Le mardi 31 mars prochain, dans le cadre de ses Matinales, la&nbsp;<a href=\"http:\/\/www.lacompagniedesrh.fr\/\"><span style=\"color: blue;\">compagnie des RH<\/span><\/a>&nbsp;vous invite \u00e0 une table ronde qui abordera des probl\u00e9matiques auxquelles les entreprises sont r\u00e9guli\u00e8rement confront\u00e9es : comment r\u00e9ussir \u00e0 cr\u00e9er une ambiance agr\u00e9able et favorable au travail dans une entreprise ? Comment g\u00e9rer les sources de tension et la pression ? Comment pallier certaines pesanteurs organisationnelles ?&nbsp;<\/span><b><span style=\"color: #333333; font-family: 'Times New Roman', serif;\"><o:p><\/o:p><\/span><\/b><\/span><\/div>\n<div style=\"background: white; line-height: 15.6pt; mso-margin-bottom-alt: auto; mso-margin-top-alt: auto; mso-outline-level: 2;\"><span style=\"font-size: x-small;\"><span style=\"color: #333333; font-family: Arial, sans-serif;\"><br \/><\/span><\/span><\/div>\n<div style=\"background: white; line-height: 15.6pt; mso-margin-bottom-alt: auto; mso-margin-top-alt: auto; mso-outline-level: 2;\"><span style=\"font-size: x-small;\"><span style=\"color: #333333; font-family: Arial, sans-serif;\">Pour r\u00e9pondre \u00e0 ces questions, la compagnie des RH a utilis\u00e9 la compl\u00e9mentarit\u00e9 de ses comp\u00e9tences et d\u00e9velopp\u00e9 la m\u00e9thode D-E-C-O-S, D\u00e9marche de Coop\u00e9ration Orient\u00e9e Solutions et vous propose de la d\u00e9couvrir appuy\u00e9e de t\u00e9moignages et de cas concrets.&nbsp;<\/span><b><span style=\"color: #333333; font-family: 'Times New Roman', serif;\"><o:p><\/o:p><\/span><\/b><\/span><\/div>\n<div style=\"background: white; line-height: 15.6pt;\"><\/div>\n<div style=\"background: white; line-height: 15.6pt; mso-margin-bottom-alt: auto; mso-margin-top-alt: auto; mso-outline-level: 2;\"><span style=\"font-size: x-small;\"><b><span style=\"color: #333333; font-family: Arial, sans-serif;\">Intervenants :<\/span><\/b><span style=\"color: #333333; font-family: Arial, sans-serif;\">&nbsp;<\/span><\/span><\/div>\n<div style=\"background: white; line-height: 15.6pt; mso-margin-bottom-alt: auto; mso-margin-top-alt: auto; mso-outline-level: 2;\"><span style=\"color: #333333; font-family: Arial, sans-serif;\"><span style=\"font-size: x-small;\">&#8211; Christine Perrin-Eloy, Directrice du CIBC Is\u00e8re<\/span><\/span><\/div>\n<div style=\"background: white; line-height: 15.6pt; mso-margin-bottom-alt: auto; mso-margin-top-alt: auto; mso-outline-level: 2;\"><span style=\"color: #333333; font-family: Arial, sans-serif;\"><span style=\"font-size: x-small;\">&#8211; Bruno Ragu\u00e9, Pr\u00e9sident de l&rsquo;arche aux innovateurs<\/span><\/span><\/div>\n<div style=\"background: white; line-height: 15.6pt; mso-margin-bottom-alt: auto; mso-margin-top-alt: auto; mso-outline-level: 2;\"><span style=\"color: #333333; font-family: Arial, sans-serif;\"><span style=\"font-size: x-small;\">&#8211; Fran\u00e7ois Rimey-Meille, Responsable recrutement et formation de Caterpillar<\/span><\/span><\/div>\n<div style=\"background: white; line-height: 15.6pt; mso-margin-bottom-alt: auto; mso-margin-top-alt: auto; mso-outline-level: 2;\"><span style=\"font-size: x-small;\"><span style=\"color: #333333; font-family: Arial, sans-serif;\">&#8211; Catherine Bonomi, Charg\u00e9e de d\u00e9veloppement de l&#8217;emploi et du territoire de DIRECCTE<\/span><b><span style=\"color: #333333; font-family: 'Times New Roman', serif;\"><o:p><\/o:p><\/span><\/b><\/span><\/div>\n<div style=\"background: white; line-height: 15.6pt; mso-margin-bottom-alt: auto; mso-margin-top-alt: auto; mso-outline-level: 2;\"><span style=\"color: #333333; font-family: Arial, sans-serif;\"><span style=\"font-size: x-small;\"><br \/><\/span><\/span><\/div>\n<div style=\"background: white; line-height: 15.6pt; mso-margin-bottom-alt: auto; mso-margin-top-alt: auto; mso-outline-level: 2;\"><span style=\"font-size: x-small;\"><b><span style=\"color: #444444; font-family: Arial, sans-serif;\">Public vis\u00e9&nbsp;:<\/span><\/b><\/span><\/div>\n<div style=\"background: white; line-height: 15.6pt; mso-margin-bottom-alt: auto; mso-margin-top-alt: auto; mso-outline-level: 2;\"><span style=\"font-size: x-small;\"><span style=\"color: #444444; font-family: Arial, sans-serif;\">Dirigeants, DRH et managers<\/span><b><span style=\"color: #333333; font-family: 'Times New Roman', serif;\"><o:p><\/o:p><\/span><\/b><\/span><\/div>\n<div style=\"background: white; line-height: 15.6pt; mso-margin-bottom-alt: auto; mso-margin-top-alt: auto; mso-outline-level: 2;\"><span style=\"color: #444444; font-family: Arial, sans-serif;\"><span style=\"font-size: x-small;\"><br \/><\/span><\/span><\/div>\n<div style=\"background: white; line-height: 15.6pt; mso-margin-bottom-alt: auto; mso-margin-top-alt: auto; mso-outline-level: 2;\"><span style=\"font-size: x-small;\"><b><span style=\"color: #333333; font-family: Arial, sans-serif;\">Horaires :&nbsp;<\/span><\/b><\/span><\/div>\n<div style=\"background: white; line-height: 15.6pt; mso-margin-bottom-alt: auto; mso-margin-top-alt: auto; mso-outline-level: 2;\"><span style=\"font-size: x-small;\"><span style=\"color: #333333; font-family: Arial, sans-serif;\">Mardi 31 mars 2015, de 8H30 \u00e0 10H30<\/span><b><span style=\"color: #333333; font-family: 'Times New Roman', serif;\"><o:p><\/o:p><\/span><\/b><\/span><\/div>\n<div style=\"background: white; line-height: 15.6pt; mso-margin-bottom-alt: auto; mso-margin-top-alt: auto; mso-outline-level: 2;\"><span style=\"color: #333333; font-family: Arial, sans-serif;\"><span style=\"font-size: x-small;\"><br \/><\/span><\/span><\/div>\n<div style=\"background: white; line-height: 15.6pt; mso-margin-bottom-alt: auto; mso-margin-top-alt: auto; mso-outline-level: 2;\"><span style=\"font-size: x-small;\"><b><span style=\"color: #333333; font-family: Arial, sans-serif;\">Lieu :<\/span><\/b><\/span><\/div>\n<div style=\"background: white; line-height: 15.6pt; mso-margin-bottom-alt: auto; mso-margin-top-alt: auto; mso-outline-level: 2;\"><span style=\"font-size: x-small;\"><span style=\"color: #333333; font-family: Arial, sans-serif;\">Dans les locaux d&rsquo;inovall\u00e9e, 29 chemin du Vieux Ch\u00eane &#8211; 38240 MEYLAN<\/span><b><span style=\"color: #333333; font-family: 'Times New Roman', serif;\"><o:p><\/o:p><\/span><\/b><\/span><\/div>\n<div style=\"background: white; line-height: 15.6pt; mso-margin-bottom-alt: auto; mso-margin-top-alt: auto; mso-outline-level: 2;\"><span style=\"color: #333333; font-family: Arial, sans-serif;\"><span style=\"font-size: x-small;\"><br \/><\/span><\/span><\/div>\n<div style=\"background: white; line-height: 15.6pt; mso-margin-bottom-alt: auto; mso-margin-top-alt: auto; mso-outline-level: 2;\"><span style=\"font-size: x-small;\"><b><span style=\"color: #333333; font-family: Arial, sans-serif;\">Pour vous inscrire :<\/span><\/b><span style=\"color: #333333; font-family: Arial, sans-serif;\">Caroline Sieurin, Forsika<\/span><\/span><\/div>\n<div style=\"background: white; line-height: 15.6pt; mso-margin-bottom-alt: auto; mso-margin-top-alt: auto; mso-outline-level: 2;\"><span style=\"font-size: x-small;\"><span style=\"color: #333333; font-family: Arial, sans-serif;\">T\u00e9l : 06 63 11 53&nbsp;<\/span><span style=\"color: #333333; font-family: Arial, sans-serif; line-height: 15.6pt;\">96<\/span><\/span><\/div>\n<div style=\"background: white; line-height: 15.6pt; mso-margin-bottom-alt: auto; mso-margin-top-alt: auto; mso-outline-level: 2;\"><b style=\"line-height: 15.6pt;\"><span style=\"font-family: 'Times New Roman', serif;\"><span style=\"font-size: x-small;\"><a href=\"mailto:caroline.sieurin@forsika.com\">caroline.sieurin@forsika.com<\/a><\/span><\/span><\/b><\/div>\n<div style=\"background: white; line-height: 15.6pt; mso-margin-bottom-alt: auto; mso-margin-top-alt: auto; mso-outline-level: 2;\"><b style=\"line-height: 15.6pt;\"><span style=\"font-family: 'TimesNew Roman', serif;\"><br \/><\/span><\/b><\/div>\n<p><\/p>\n<div style=\"background: white; line-height: 15.6pt; mso-margin-bottom-alt: auto; mso-margin-top-alt: auto; mso-outline-level: 2;\"><span style=\"color: #333333; font-family: Arial, sans-serif;\"><span style=\"font-size: x-small;\">Le nombre de places \u00e9tant limit\u00e9, merci de bien vouloir vous inscrire avant le lundi 23 mars 2015.<\/span><\/span><b><span style=\"color: #333333; font-family: &quot;Times New Roman&quot;,serif; font-size: 18.0pt; mso-fareast-font-family: &quot;Times New Roman&quot;; mso-fareast-language: FR;\"><o:p><\/o:p><\/span><\/b><\/div>\n<p><span style=\"font-family: Arial, Helvetica, sans-serif; font-size: 11px; margin: 0px; padding: 0px;\"><\/span><\/div>","protected":false},"excerpt":{"rendered":"<p>Le mardi 31 mars prochain, dans le cadre de ses Matinales, la&nbsp;compagnie des RH&nbsp;vous invite \u00e0 une table ronde qui abordera des probl\u00e9matiques auxquelles les entreprises sont r\u00e9guli\u00e8rement confront\u00e9es : comment r\u00e9ussir \u00e0 cr\u00e9er une ambiance agr\u00e9able et favorable au travail dans une entreprise ? Comment g\u00e9rer les sources de tension et la pression ? [&hellip;]<\/p>\n","protected":false},"author":6,"featured_media":0,"comment_status":"closed","ping_status":"open","sticky":false,"template":"","format":"standard","meta":{"footnotes":""},"categories":[28],"tags":[],"class_list":["post-28833","post","type-post","status-publish","format-standard","hentry","category-actus-entreprises"],"yoast_head":"<!-- This site is optimized with the Yoast SEO plugin v27.4 - https:\/\/yoast.com\/product\/yoast-seo-wordpress\/ -->\n<title>L&#039;actualit\u00e9 des entreprises d&#039;inovall\u00e9e : La compagnie des RH vous invite \u00e0 sa table ronde &quot;Comment mobiliser toutes les ressources de l&#039;entreprise pour ne pas subir mais agir ?&quot; le 31 mars prochain - inovall\u00e9e<\/title>\n<meta name=\"robots\" content=\"index, follow, max-snippet:-1, max-image-preview:large, max-video-preview:-1\" \/>\n<link rel=\"canonical\" href=\"https:\/\/www.inovallee.com\/en\/lactualite-des-entreprises-dinovallee-la-compagnie-des-rh-vous-invite-a-sa-table-ronde-comment-mobiliser-toutes-les-ressources-de-lentreprise-pour-ne-pas-subir-mais-agir-le-31-mars-prochain\/\" \/>\n<meta property=\"og:locale\" content=\"en_GB\" \/>\n<meta property=\"og:type\" content=\"article\" \/>\n<meta property=\"og:title\" content=\"L&#039;actualit\u00e9 des entreprises d&#039;inovall\u00e9e : La compagnie des RH vous invite \u00e0 sa table ronde &quot;Comment mobiliser toutes les ressources de l&#039;entreprise pour ne pas subir mais agir ?&quot; le 31 mars prochain - inovall\u00e9e\" \/>\n<meta property=\"og:description\" content=\"Le mardi 31 mars prochain, dans le cadre de ses Matinales, la&nbsp;compagnie des RH&nbsp;vous invite \u00e0 une table ronde qui abordera des probl\u00e9matiques auxquelles les entreprises sont r\u00e9guli\u00e8rement confront\u00e9es : comment r\u00e9ussir \u00e0 cr\u00e9er une ambiance agr\u00e9able et favorable au travail dans une entreprise ? Comment g\u00e9rer les sources de tension et la pression ? [&hellip;]\" \/>\n<meta property=\"og:url\" content=\"https:\/\/www.inovallee.com\/en\/lactualite-des-entreprises-dinovallee-la-compagnie-des-rh-vous-invite-a-sa-table-ronde-comment-mobiliser-toutes-les-ressources-de-lentreprise-pour-ne-pas-subir-mais-agir-le-31-mars-prochain\/\" \/>\n<meta property=\"og:site_name\" content=\"inovall\u00e9e\" \/>\n<meta property=\"article:publisher\" content=\"https:\/\/www.facebook.com\/technopoleinovallee\/\" \/>\n<meta property=\"article:published_time\" content=\"2015-02-25T15:25:00+00:00\" \/>\n<meta property=\"article:modified_time\" content=\"2020-06-23T13:35:23+00:00\" \/>\n<meta property=\"og:image\" content=\"http:\/\/2.bp.blogspot.com\/-yRDjgfFAVvo\/VO3BF2h3GLI\/AAAAAAAAPmI\/z7RA1IagkGk\/s1600\/photo.jpg\" \/>\n<meta name=\"author\" content=\"Inovallee\" \/>\n<meta name=\"twitter:card\" content=\"summary_large_image\" \/>\n<meta name=\"twitter:creator\" content=\"@inovallee\" \/>\n<meta name=\"twitter:site\" content=\"@inovallee\" \/>\n<meta name=\"twitter:label1\" content=\"Written by\" \/>\n\t<meta name=\"twitter:data1\" content=\"Inovallee\" \/>\n\t<meta name=\"twitter:label2\" content=\"Estimated reading time\" \/>\n\t<meta name=\"twitter:data2\" content=\"1 minute\" \/>\n<script type=\"application\/ld+json\" class=\"yoast-schema-graph\">{\"@context\":\"https:\\\/\\\/schema.org\",\"@graph\":[{\"@type\":\"Article\",\"@id\":\"https:\\\/\\\/www.inovallee.com\\\/lactualite-des-entreprises-dinovallee-la-compagnie-des-rh-vous-invite-a-sa-table-ronde-comment-mobiliser-toutes-les-ressources-de-lentreprise-pour-ne-pas-subir-mais-agir-le-31-mars-prochain\\\/#article\",\"isPartOf\":{\"@id\":\"https:\\\/\\\/www.inovallee.com\\\/lactualite-des-entreprises-dinovallee-la-compagnie-des-rh-vous-invite-a-sa-table-ronde-comment-mobiliser-toutes-les-ressources-de-lentreprise-pour-ne-pas-subir-mais-agir-le-31-mars-prochain\\\/\"},\"author\":{\"name\":\"Inovallee\",\"@id\":\"https:\\\/\\\/www.inovallee.com\\\/#\\\/schema\\\/person\\\/a45b15518aad3111b2d61d257a3e023b\"},\"headline\":\"L&#039;actualit\u00e9 des entreprises d&#039;inovall\u00e9e : La compagnie des RH vous invite \u00e0 sa table ronde &quot;Comment mobiliser toutes les ressources de l&#039;entreprise pour ne pas subir mais agir ?&quot; le 31 mars prochain\",\"datePublished\":\"2015-02-25T15:25:00+00:00\",\"dateModified\":\"2020-06-23T13:35:23+00:00\",\"mainEntityOfPage\":{\"@id\":\"https:\\\/\\\/www.inovallee.com\\\/lactualite-des-entreprises-dinovallee-la-compagnie-des-rh-vous-invite-a-sa-table-ronde-comment-mobiliser-toutes-les-ressources-de-lentreprise-pour-ne-pas-subir-mais-agir-le-31-mars-prochain\\\/\"},\"wordCount\":255,\"publisher\":{\"@id\":\"https:\\\/\\\/www.inovallee.com\\\/#organization\"},\"image\":{\"@id\":\"https:\\\/\\\/www.inovallee.com\\\/lactualite-des-entreprises-dinovallee-la-compagnie-des-rh-vous-invite-a-sa-table-ronde-comment-mobiliser-toutes-les-ressources-de-lentreprise-pour-ne-pas-subir-mais-agir-le-31-mars-prochain\\\/#primaryimage\"},\"thumbnailUrl\":\"http:\\\/\\\/2.bp.blogspot.com\\\/-yRDjgfFAVvo\\\/VO3BF2h3GLI\\\/AAAAAAAAPmI\\\/z7RA1IagkGk\\\/s1600\\\/photo.jpg\",\"articleSection\":[\"Sucess stories des entreprises d'inovall\u00e9e\"],\"inLanguage\":\"en-GB\"},{\"@type\":\"WebPage\",\"@id\":\"https:\\\/\\\/www.inovallee.com\\\/lactualite-des-entreprises-dinovallee-la-compagnie-des-rh-vous-invite-a-sa-table-ronde-comment-mobiliser-toutes-les-ressources-de-lentreprise-pour-ne-pas-subir-mais-agir-le-31-mars-prochain\\\/\",\"url\":\"https:\\\/\\\/www.inovallee.com\\\/lactualite-des-entreprises-dinovallee-la-compagnie-des-rh-vous-invite-a-sa-table-ronde-comment-mobiliser-toutes-les-ressources-de-lentreprise-pour-ne-pas-subir-mais-agir-le-31-mars-prochain\\\/\",\"name\":\"L&#039;actualit\u00e9 des entreprises d&#039;inovall\u00e9e : La compagnie des RH vous invite \u00e0 sa table ronde &quot;Comment mobiliser toutes les ressources de l&#039;entreprise pour ne pas subir mais agir ?&quot; le 31 mars prochain - inovall\u00e9e\",\"isPartOf\":{\"@id\":\"https:\\\/\\\/www.inovallee.com\\\/#website\"},\"primaryImageOfPage\":{\"@id\":\"https:\\\/\\\/www.inovallee.com\\\/lactualite-des-entreprises-dinovallee-la-compagnie-des-rh-vous-invite-a-sa-table-ronde-comment-mobiliser-toutes-les-ressources-de-lentreprise-pour-ne-pas-subir-mais-agir-le-31-mars-prochain\\\/#primaryimage\"},\"image\":{\"@id\":\"https:\\\/\\\/www.inovallee.com\\\/lactualite-des-entreprises-dinovallee-la-compagnie-des-rh-vous-invite-a-sa-table-ronde-comment-mobiliser-toutes-les-ressources-de-lentreprise-pour-ne-pas-subir-mais-agir-le-31-mars-prochain\\\/#primaryimage\"},\"thumbnailUrl\":\"http:\\\/\\\/2.bp.blogspot.com\\\/-yRDjgfFAVvo\\\/VO3BF2h3GLI\\\/AAAAAAAAPmI\\\/z7RA1IagkGk\\\/s1600\\\/photo.jpg\",\"datePublished\":\"2015-02-25T15:25:00+00:00\",\"dateModified\":\"2020-06-23T13:35:23+00:00\",\"breadcrumb\":{\"@id\":\"https:\\\/\\\/www.inovallee.com\\\/lactualite-des-entreprises-dinovallee-la-compagnie-des-rh-vous-invite-a-sa-table-ronde-comment-mobiliser-toutes-les-ressources-de-lentreprise-pour-ne-pas-subir-mais-agir-le-31-mars-prochain\\\/#breadcrumb\"},\"inLanguage\":\"en-GB\",\"potentialAction\":[{\"@type\":\"ReadAction\",\"target\":[\"https:\\\/\\\/www.inovallee.com\\\/lactualite-des-entreprises-dinovallee-la-compagnie-des-rh-vous-invite-a-sa-table-ronde-comment-mobiliser-toutes-les-ressources-de-lentreprise-pour-ne-pas-subir-mais-agir-le-31-mars-prochain\\\/\"]}]},{\"@type\":\"ImageObject\",\"inLanguage\":\"en-GB\",\"@id\":\"https:\\\/\\\/www.inovallee.com\\\/lactualite-des-entreprises-dinovallee-la-compagnie-des-rh-vous-invite-a-sa-table-ronde-comment-mobiliser-toutes-les-ressources-de-lentreprise-pour-ne-pas-subir-mais-agir-le-31-mars-prochain\\\/#primaryimage\",\"url\":\"http:\\\/\\\/2.bp.blogspot.com\\\/-yRDjgfFAVvo\\\/VO3BF2h3GLI\\\/AAAAAAAAPmI\\\/z7RA1IagkGk\\\/s1600\\\/photo.jpg\",\"contentUrl\":\"http:\\\/\\\/2.bp.blogspot.com\\\/-yRDjgfFAVvo\\\/VO3BF2h3GLI\\\/AAAAAAAAPmI\\\/z7RA1IagkGk\\\/s1600\\\/photo.jpg\"},{\"@type\":\"BreadcrumbList\",\"@id\":\"https:\\\/\\\/www.inovallee.com\\\/lactualite-des-entreprises-dinovallee-la-compagnie-des-rh-vous-invite-a-sa-table-ronde-comment-mobiliser-toutes-les-ressources-de-lentreprise-pour-ne-pas-subir-mais-agir-le-31-mars-prochain\\\/#breadcrumb\",\"itemListElement\":[{\"@type\":\"ListItem\",\"position\":1,\"name\":\"Accueil\",\"item\":\"https:\\\/\\\/www.inovallee.com\\\/\"},{\"@type\":\"ListItem\",\"position\":2,\"name\":\"L&#039;actualit\u00e9 des entreprises d&#039;inovall\u00e9e : La compagnie des RH vous invite \u00e0 sa table ronde &quot;Comment mobiliser toutes les ressources de l&#039;entreprise pour ne pas subir mais agir ?&quot; le 31 mars prochain\"}]},{\"@type\":\"WebSite\",\"@id\":\"https:\\\/\\\/www.inovallee.com\\\/#website\",\"url\":\"https:\\\/\\\/www.inovallee.com\\\/\",\"name\":\"inovall\u00e9e technopole, Home to software & smart technologies\",\"description\":\"Home to software &amp; smart technologies\",\"publisher\":{\"@id\":\"https:\\\/\\\/www.inovallee.com\\\/#organization\"},\"potentialAction\":[{\"@type\":\"SearchAction\",\"target\":{\"@type\":\"EntryPoint\",\"urlTemplate\":\"https:\\\/\\\/www.inovallee.com\\\/?s={search_term_string}\"},\"query-input\":{\"@type\":\"PropertyValueSpecification\",\"valueRequired\":true,\"valueName\":\"search_term_string\"}}],\"inLanguage\":\"en-GB\"},{\"@type\":\"Organization\",\"@id\":\"https:\\\/\\\/www.inovallee.com\\\/#organization\",\"name\":\"inovall\u00e9e\",\"url\":\"https:\\\/\\\/www.inovallee.com\\\/\",\"logo\":{\"@type\":\"ImageObject\",\"inLanguage\":\"en-GB\",\"@id\":\"https:\\\/\\\/www.inovallee.com\\\/#\\\/schema\\\/logo\\\/image\\\/\",\"url\":\"https:\\\/\\\/www.inovallee.com\\\/wp-content\\\/uploads\\\/2023\\\/08\\\/inovallee_2022_GrenobleAlpes.png\",\"contentUrl\":\"https:\\\/\\\/www.inovallee.com\\\/wp-content\\\/uploads\\\/2023\\\/08\\\/inovallee_2022_GrenobleAlpes.png\",\"width\":945,\"height\":369,\"caption\":\"inovall\u00e9e\"},\"image\":{\"@id\":\"https:\\\/\\\/www.inovallee.com\\\/#\\\/schema\\\/logo\\\/image\\\/\"},\"sameAs\":[\"https:\\\/\\\/www.facebook.com\\\/technopoleinovallee\\\/\",\"https:\\\/\\\/x.com\\\/inovallee\",\"https:\\\/\\\/www.linkedin.com\\\/company\\\/inovall-e\\\/\",\"https:\\\/\\\/www.youtube.com\\\/user\\\/inovallee?reload=9\"]},{\"@type\":\"Person\",\"@id\":\"https:\\\/\\\/www.inovallee.com\\\/#\\\/schema\\\/person\\\/a45b15518aad3111b2d61d257a3e023b\",\"name\":\"Inovallee\"}]}<\/script>\n<!-- \/ Yoast SEO plugin. -->","yoast_head_json":{"title":"L&#039;actualit\u00e9 des entreprises d&#039;inovall\u00e9e : La compagnie des RH vous invite \u00e0 sa table ronde &quot;Comment mobiliser toutes les ressources de l&#039;entreprise pour ne pas subir mais agir ?&quot; le 31 mars prochain - inovall\u00e9e","robots":{"index":"index","follow":"follow","max-snippet":"max-snippet:-1","max-image-preview":"max-image-preview:large","max-video-preview":"max-video-preview:-1"},"canonical":"https:\/\/www.inovallee.com\/en\/lactualite-des-entreprises-dinovallee-la-compagnie-des-rh-vous-invite-a-sa-table-ronde-comment-mobiliser-toutes-les-ressources-de-lentreprise-pour-ne-pas-subir-mais-agir-le-31-mars-prochain\/","og_locale":"en_GB","og_type":"article","og_title":"L&#039;actualit\u00e9 des entreprises d&#039;inovall\u00e9e : La compagnie des RH vous invite \u00e0 sa table ronde &quot;Comment mobiliser toutes les ressources de l&#039;entreprise pour ne pas subir mais agir ?&quot; le 31 mars prochain - inovall\u00e9e","og_description":"Le mardi 31 mars prochain, dans le cadre de ses Matinales, la&nbsp;compagnie des RH&nbsp;vous invite \u00e0 une table ronde qui abordera des probl\u00e9matiques auxquelles les entreprises sont r\u00e9guli\u00e8rement confront\u00e9es : comment r\u00e9ussir \u00e0 cr\u00e9er une ambiance agr\u00e9able et favorable au travail dans une entreprise ? Comment g\u00e9rer les sources de tension et la pression ? [&hellip;]","og_url":"https:\/\/www.inovallee.com\/en\/lactualite-des-entreprises-dinovallee-la-compagnie-des-rh-vous-invite-a-sa-table-ronde-comment-mobiliser-toutes-les-ressources-de-lentreprise-pour-ne-pas-subir-mais-agir-le-31-mars-prochain\/","og_site_name":"inovall\u00e9e","article_publisher":"https:\/\/www.facebook.com\/technopoleinovallee\/","article_published_time":"2015-02-25T15:25:00+00:00","article_modified_time":"2020-06-23T13:35:23+00:00","og_image":[{"url":"http:\/\/2.bp.blogspot.com\/-yRDjgfFAVvo\/VO3BF2h3GLI\/AAAAAAAAPmI\/z7RA1IagkGk\/s1600\/photo.jpg","type":"","width":"","height":""}],"author":"Inovallee","twitter_card":"summary_large_image","twitter_creator":"@inovallee","twitter_site":"@inovallee","twitter_misc":{"Written by":"Inovallee","Estimated reading time":"1 minute"},"schema":{"@context":"https:\/\/schema.org","@graph":[{"@type":"Article","@id":"https:\/\/www.inovallee.com\/lactualite-des-entreprises-dinovallee-la-compagnie-des-rh-vous-invite-a-sa-table-ronde-comment-mobiliser-toutes-les-ressources-de-lentreprise-pour-ne-pas-subir-mais-agir-le-31-mars-prochain\/#article","isPartOf":{"@id":"https:\/\/www.inovallee.com\/lactualite-des-entreprises-dinovallee-la-compagnie-des-rh-vous-invite-a-sa-table-ronde-comment-mobiliser-toutes-les-ressources-de-lentreprise-pour-ne-pas-subir-mais-agir-le-31-mars-prochain\/"},"author":{"name":"Inovallee","@id":"https:\/\/www.inovallee.com\/#\/schema\/person\/a45b15518aad3111b2d61d257a3e023b"},"headline":"L&#039;actualit\u00e9 des entreprises d&#039;inovall\u00e9e : La compagnie des RH vous invite \u00e0 sa table ronde &quot;Comment mobiliser toutes les ressources de l&#039;entreprise pour ne pas subir mais agir ?&quot; le 31 mars prochain","datePublished":"2015-02-25T15:25:00+00:00","dateModified":"2020-06-23T13:35:23+00:00","mainEntityOfPage":{"@id":"https:\/\/www.inovallee.com\/lactualite-des-entreprises-dinovallee-la-compagnie-des-rh-vous-invite-a-sa-table-ronde-comment-mobiliser-toutes-les-ressources-de-lentreprise-pour-ne-pas-subir-mais-agir-le-31-mars-prochain\/"},"wordCount":255,"publisher":{"@id":"https:\/\/www.inovallee.com\/#organization"},"image":{"@id":"https:\/\/www.inovallee.com\/lactualite-des-entreprises-dinovallee-la-compagnie-des-rh-vous-invite-a-sa-table-ronde-comment-mobiliser-toutes-les-ressources-de-lentreprise-pour-ne-pas-subir-mais-agir-le-31-mars-prochain\/#primaryimage"},"thumbnailUrl":"http:\/\/2.bp.blogspot.com\/-yRDjgfFAVvo\/VO3BF2h3GLI\/AAAAAAAAPmI\/z7RA1IagkGk\/s1600\/photo.jpg","articleSection":["Sucess stories des entreprises d'inovall\u00e9e"],"inLanguage":"en-GB"},{"@type":"WebPage","@id":"https:\/\/www.inovallee.com\/lactualite-des-entreprises-dinovallee-la-compagnie-des-rh-vous-invite-a-sa-table-ronde-comment-mobiliser-toutes-les-ressources-de-lentreprise-pour-ne-pas-subir-mais-agir-le-31-mars-prochain\/","url":"https:\/\/www.inovallee.com\/lactualite-des-entreprises-dinovallee-la-compagnie-des-rh-vous-invite-a-sa-table-ronde-comment-mobiliser-toutes-les-ressources-de-lentreprise-pour-ne-pas-subir-mais-agir-le-31-mars-prochain\/","name":"L&#039;actualit\u00e9 des entreprises d&#039;inovall\u00e9e : La compagnie des RH vous invite \u00e0 sa table ronde &quot;Comment mobiliser toutes les ressources de l&#039;entreprise pour ne pas subir mais agir ?&quot; le 31 mars prochain - inovall\u00e9e","isPartOf":{"@id":"https:\/\/www.inovallee.com\/#website"},"primaryImageOfPage":{"@id":"https:\/\/www.inovallee.com\/lactualite-des-entreprises-dinovallee-la-compagnie-des-rh-vous-invite-a-sa-table-ronde-comment-mobiliser-toutes-les-ressources-de-lentreprise-pour-ne-pas-subir-mais-agir-le-31-mars-prochain\/#primaryimage"},"image":{"@id":"https:\/\/www.inovallee.com\/lactualite-des-entreprises-dinovallee-la-compagnie-des-rh-vous-invite-a-sa-table-ronde-comment-mobiliser-toutes-les-ressources-de-lentreprise-pour-ne-pas-subir-mais-agir-le-31-mars-prochain\/#primaryimage"},"thumbnailUrl":"http:\/\/2.bp.blogspot.com\/-yRDjgfFAVvo\/VO3BF2h3GLI\/AAAAAAAAPmI\/z7RA1IagkGk\/s1600\/photo.jpg","datePublished":"2015-02-25T15:25:00+00:00","dateModified":"2020-06-23T13:35:23+00:00","breadcrumb":{"@id":"https:\/\/www.inovallee.com\/lactualite-des-entreprises-dinovallee-la-compagnie-des-rh-vous-invite-a-sa-table-ronde-comment-mobiliser-toutes-les-ressources-de-lentreprise-pour-ne-pas-subir-mais-agir-le-31-mars-prochain\/#breadcrumb"},"inLanguage":"en-GB","potentialAction":[{"@type":"ReadAction","target":["https:\/\/www.inovallee.com\/lactualite-des-entreprises-dinovallee-la-compagnie-des-rh-vous-invite-a-sa-table-ronde-comment-mobiliser-toutes-les-ressources-de-lentreprise-pour-ne-pas-subir-mais-agir-le-31-mars-prochain\/"]}]},{"@type":"ImageObject","inLanguage":"en-GB","@id":"https:\/\/www.inovallee.com\/lactualite-des-entreprises-dinovallee-la-compagnie-des-rh-vous-invite-a-sa-table-ronde-comment-mobiliser-toutes-les-ressources-de-lentreprise-pour-ne-pas-subir-mais-agir-le-31-mars-prochain\/#primaryimage","url":"http:\/\/2.bp.blogspot.com\/-yRDjgfFAVvo\/VO3BF2h3GLI\/AAAAAAAAPmI\/z7RA1IagkGk\/s1600\/photo.jpg","contentUrl":"http:\/\/2.bp.blogspot.com\/-yRDjgfFAVvo\/VO3BF2h3GLI\/AAAAAAAAPmI\/z7RA1IagkGk\/s1600\/photo.jpg"},{"@type":"BreadcrumbList","@id":"https:\/\/www.inovallee.com\/lactualite-des-entreprises-dinovallee-la-compagnie-des-rh-vous-invite-a-sa-table-ronde-comment-mobiliser-toutes-les-ressources-de-lentreprise-pour-ne-pas-subir-mais-agir-le-31-mars-prochain\/#breadcrumb","itemListElement":[{"@type":"ListItem","position":1,"name":"Accueil","item":"https:\/\/www.inovallee.com\/"},{"@type":"ListItem","position":2,"name":"L&#039;actualit\u00e9 des entreprises d&#039;inovall\u00e9e : La compagnie des RH vous invite \u00e0 sa table ronde &quot;Comment mobiliser toutes les ressources de l&#039;entreprise pour ne pas subir mais agir ?&quot; le 31 mars prochain"}]},{"@type":"WebSite","@id":"https:\/\/www.inovallee.com\/#website","url":"https:\/\/www.inovallee.com\/","name":"inovall\u00e9e technopole, Home to software & smart technologies","description":"Home to software &amp; smart technologies","publisher":{"@id":"https:\/\/www.inovallee.com\/#organization"},"potentialAction":[{"@type":"SearchAction","target":{"@type":"EntryPoint","urlTemplate":"https:\/\/www.inovallee.com\/?s={search_term_string}"},"query-input":{"@type":"PropertyValueSpecification","valueRequired":true,"valueName":"search_term_string"}}],"inLanguage":"en-GB"},{"@type":"Organization","@id":"https:\/\/www.inovallee.com\/#organization","name":"inovall\u00e9e","url":"https:\/\/www.inovallee.com\/","logo":{"@type":"ImageObject","inLanguage":"en-GB","@id":"https:\/\/www.inovallee.com\/#\/schema\/logo\/image\/","url":"https:\/\/www.inovallee.com\/wp-content\/uploads\/2023\/08\/inovallee_2022_GrenobleAlpes.png","contentUrl":"https:\/\/www.inovallee.com\/wp-content\/uploads\/2023\/08\/inovallee_2022_GrenobleAlpes.png","width":945,"height":369,"caption":"inovall\u00e9e"},"image":{"@id":"https:\/\/www.inovallee.com\/#\/schema\/logo\/image\/"},"sameAs":["https:\/\/www.facebook.com\/technopoleinovallee\/","https:\/\/x.com\/inovallee","https:\/\/www.linkedin.com\/company\/inovall-e\/","https:\/\/www.youtube.com\/user\/inovallee?reload=9"]},{"@type":"Person","@id":"https:\/\/www.inovallee.com\/#\/schema\/person\/a45b15518aad3111b2d61d257a3e023b","name":"Inovallee"}]}},"_links":{"self":[{"href":"https:\/\/www.inovallee.com\/en\/wp-json\/wp\/v2\/posts\/28833","targetHints":{"allow":["GET"]}}],"collection":[{"href":"https:\/\/www.inovallee.com\/en\/wp-json\/wp\/v2\/posts"}],"about":[{"href":"https:\/\/www.inovallee.com\/en\/wp-json\/wp\/v2\/types\/post"}],"author":[{"embeddable":true,"href":"https:\/\/www.inovallee.com\/en\/wp-json\/wp\/v2\/users\/6"}],"replies":[{"embeddable":true,"href":"https:\/\/www.inovallee.com\/en\/wp-json\/wp\/v2\/comments?post=28833"}],"version-history":[{"count":0,"href":"https:\/\/www.inovallee.com\/en\/wp-json\/wp\/v2\/posts\/28833\/revisions"}],"wp:attachment":[{"href":"https:\/\/www.inovallee.com\/en\/wp-json\/wp\/v2\/media?parent=28833"}],"wp:term":[{"taxonomy":"category","embeddable":true,"href":"https:\/\/www.inovallee.com\/en\/wp-json\/wp\/v2\/categories?post=28833"},{"taxonomy":"post_tag","embeddable":true,"href":"https:\/\/www.inovallee.com\/en\/wp-json\/wp\/v2\/tags?post=28833"}],"curies":[{"name":"wp","href":"https:\/\/api.w.org\/{rel}","templated":true}]}}