{"id":28847,"date":"2015-01-27T15:08:00","date_gmt":"2015-01-27T14:08:00","guid":{"rendered":"https:\/\/www.inovallee.com\/lactualite-des-entreprises-dinovallee-le-president-dh3c-energies-recu-a-lelysee\/"},"modified":"2015-01-27T15:08:00","modified_gmt":"2015-01-27T14:08:00","slug":"lactualite-des-entreprises-dinovallee-le-president-dh3c-energies-recu-a-lelysee","status":"publish","type":"post","link":"https:\/\/www.inovallee.com\/en\/lactualite-des-entreprises-dinovallee-le-president-dh3c-energies-recu-a-lelysee\/","title":{"rendered":"L&#039;actualit\u00e9 des entreprises d&#039;inovall\u00e9e : Le pr\u00e9sident d&#039;H3C-\u00e9nergies re\u00e7u \u00e0 l&#039;Elys\u00e9e"},"content":{"rendered":"<div dir=\"ltr\" style=\"text-align: left;\"><\/p>\n<div style=\"clear: left; float: left; margin-bottom: 1em; margin-right: 1em;\"><img fetchpriority=\"high\" decoding=\"async\" height=\"212\" src=\"https:\/\/fbcdn-sphotos-d-a.akamaihd.net\/hphotos-ak-xpf1\/v\/t1.0-9\/s720x720\/10385464_10202554773469543_1220248800985326939_n.jpg?oh=88b2b1555f08b5e2bd0f6f75b8b40a23&amp;oe=55593C0D&amp;__gda__=1431777819_6cf59d8b5aaf6fd031f48306dda4ee67\" width=\"320\" \/><\/div>\n<p><span style=\"font-size: x-small;\"><span style=\"font-family: Arial,Helvetica,sans-serif;\">Organis\u00e9 \u00e0 l&rsquo;initiative d&rsquo;une dizaine de d\u00e9put\u00e9s socialistes, dont le d\u00e9put\u00e9 Olivier V\u00e9ran, pour f\u00eater la mi-mandat des parlementaires, un diner lors duquel chaque d\u00e9put\u00e9 \u00e9tait accompagn\u00e9 d&rsquo;un habitant de sa circonscription, devait avoir lieu dans un restaurant parisien. Le Pr\u00e9sident Hollande qui a eu vent de ce diner a souhait\u00e9 y participer et a finalement convi\u00e9 d\u00e9put\u00e9s et citoyens \u00e0 l&rsquo;Elys\u00e9e. L&rsquo;invit\u00e9 d&rsquo;Olivier V\u00e9ran, Jean-Louis Brunet, pr\u00e9sident de l&rsquo;entreprise H3C Energie situ\u00e9e sur inovall\u00e9e, a ainsi pu \u00e9changer longuement avec le Pr\u00e9sident Hollande.&nbsp; <span style=\"-webkit-text-stroke-width: 0px; background-color: #f2f2f2; color: black; display: inline !important; float: none; font-family: Arial, Helvetica, sans-serif; font-size: 13px; font-style: normal; font-variant: normal; font-weight: normal; letter-spacing: normal; line-height: 18px; orphans: auto; text-align: left; text-indent: 0px; text-transform: none; white-space: normal; widows: auto; word-spacing: 0px;\">Cette rencontre a \u00e9t\u00e9 l&rsquo;occasion de t\u00e9moigner du potentiel de croissance que repr\u00e9sente l&rsquo;efficacit\u00e9 \u00e9nerg\u00e9tique et la mettre au centre de la transition \u00e9nerg\u00e9tique.<\/span><\/span><\/span><br \/><span style=\"font-size: x-small;\"><span style=\"font-family: Arial,Helvetica,sans-serif;\">Lors de cet \u00e9change qualifi\u00e9 par Jean-Louis Brunet de franc et ouvert, ce dernier a&nbsp; pu apporter son t\u00e9moignage de chef d&rsquo;entreprise en insistant notamment sur l&rsquo;importance du CICE et du CIR pour son entreprise tout en rappelant la complexit\u00e9 et lourdeur administrative auxquelles les chefs d&rsquo;entreprises sont cependant r\u00e9guli\u00e8rement confront\u00e9s. Jean-Louis Brunet, qui est&nbsp; par ailleurs pr\u00e9sident de la f\u00e9d\u00e9ration national des business angels qui aident les startups \u00e0 se lancer en phase d&rsquo;amor\u00e7age, a \u00e9galement tenu \u00e0 rappeler que \u00ab\u00a0si en 2014 les 1\u00e8res petites pierres ont \u00e9t\u00e9 pos\u00e9es\u00a0\u00bb et il faut continuer, avec des choses simples et rapides \u00e0 mettre en place pour rester efficace.<\/span><\/span><br \/><span style=\"font-size: x-small;\"><span style=\"font-family: Arial,Helvetica,sans-serif;\"><br \/><\/span><\/span><span style=\"font-size: x-small;\"><span style=\"font-family: Arial,Helvetica,sans-serif;\"><a href=\"http:\/\/www.dailymotion.com\/video\/x2cvzqw_invite-de-parlement-air-l-info-en-compagnie-de-jean-louis-brunet-president-de-grenoble-angels-18-dec_webcam?start=5\" target=\"_blank\" rel=\"noopener noreferrer\">Pour voir l&rsquo;interview d&rsquo;Olivier V\u00e9ran et Jean-Louis Brunet sur LCP<\/a> <\/span><\/span><br \/><span style=\"font-size: x-small;\"><span style=\"font-family: Arial,Helvetica,sans-serif;\"><\/span><\/span><br \/><span style=\"font-size: x-small;\"><span style=\"font-family: Arial,Helvetica,sans-serif;\"><\/span><\/span><br \/><span style=\"font-size: x-small;\"><span style=\"font-family: Arial,Helvetica,sans-serif;\"><br \/><\/span><\/span><span style=\"font-size: x-small;\"><span style=\"font-family: Arial,Helvetica,sans-serif;\"><\/span><\/span><br \/><span style=\"font-size: x-small;\"><span style=\"font-family: Arial,Helvetica,sans-serif;\"><br \/><\/span><\/span><\/div>","protected":false},"excerpt":{"rendered":"<p>Organis\u00e9 \u00e0 l&rsquo;initiative d&rsquo;une dizaine de d\u00e9put\u00e9s socialistes, dont le d\u00e9put\u00e9 Olivier V\u00e9ran, pour f\u00eater la mi-mandat des parlementaires, un diner lors duquel chaque d\u00e9put\u00e9 \u00e9tait accompagn\u00e9 d&rsquo;un habitant de sa circonscription, devait avoir lieu dans un restaurant parisien. Le Pr\u00e9sident Hollande qui a eu vent de ce diner a souhait\u00e9 y participer et a [&hellip;]<\/p>\n","protected":false},"author":6,"featured_media":0,"comment_status":"closed","ping_status":"open","sticky":false,"template":"","format":"standard","meta":{"footnotes":""},"categories":[28],"tags":[],"class_list":["post-28847","post","type-post","status-publish","format-standard","hentry","category-actus-entreprises"],"yoast_head":"<!-- This site is optimized with the Yoast SEO plugin v27.4 - https:\/\/yoast.com\/product\/yoast-seo-wordpress\/ -->\n<title>L&#039;actualit\u00e9 des entreprises d&#039;inovall\u00e9e : Le pr\u00e9sident d&#039;H3C-\u00e9nergies re\u00e7u \u00e0 l&#039;Elys\u00e9e - inovall\u00e9e<\/title>\n<meta name=\"robots\" content=\"index, follow, max-snippet:-1, max-image-preview:large, max-video-preview:-1\" \/>\n<link rel=\"canonical\" href=\"https:\/\/www.inovallee.com\/en\/lactualite-des-entreprises-dinovallee-le-president-dh3c-energies-recu-a-lelysee\/\" \/>\n<meta property=\"og:locale\" content=\"en_GB\" \/>\n<meta property=\"og:type\" content=\"article\" \/>\n<meta property=\"og:title\" content=\"L&#039;actualit\u00e9 des entreprises d&#039;inovall\u00e9e : Le pr\u00e9sident d&#039;H3C-\u00e9nergies re\u00e7u \u00e0 l&#039;Elys\u00e9e - inovall\u00e9e\" \/>\n<meta property=\"og:description\" content=\"Organis\u00e9 \u00e0 l&rsquo;initiative d&rsquo;une dizaine de d\u00e9put\u00e9s socialistes, dont le d\u00e9put\u00e9 Olivier V\u00e9ran, pour f\u00eater la mi-mandat des parlementaires, un diner lors duquel chaque d\u00e9put\u00e9 \u00e9tait accompagn\u00e9 d&rsquo;un habitant de sa circonscription, devait avoir lieu dans un restaurant parisien. Le Pr\u00e9sident Hollande qui a eu vent de ce diner a souhait\u00e9 y participer et a [&hellip;]\" \/>\n<meta property=\"og:url\" content=\"https:\/\/www.inovallee.com\/en\/lactualite-des-entreprises-dinovallee-le-president-dh3c-energies-recu-a-lelysee\/\" \/>\n<meta property=\"og:site_name\" content=\"inovall\u00e9e\" \/>\n<meta property=\"article:publisher\" content=\"https:\/\/www.facebook.com\/technopoleinovallee\/\" \/>\n<meta property=\"article:published_time\" content=\"2015-01-27T14:08:00+00:00\" \/>\n<meta property=\"og:image\" content=\"https:\/\/fbcdn-sphotos-d-a.akamaihd.net\/hphotos-ak-xpf1\/v\/t1.0-9\/s720x720\/10385464_10202554773469543_1220248800985326939_n.jpg?oh=88b2b1555f08b5e2bd0f6f75b8b40a23&amp;oe=55593C0D&amp;__gda__=1431777819_6cf59d8b5aaf6fd031f48306dda4ee67\" \/>\n<meta name=\"author\" content=\"Inovallee\" \/>\n<meta name=\"twitter:card\" content=\"summary_large_image\" \/>\n<meta name=\"twitter:creator\" content=\"@inovallee\" \/>\n<meta name=\"twitter:site\" content=\"@inovallee\" \/>\n<meta name=\"twitter:label1\" content=\"Written by\" \/>\n\t<meta name=\"twitter:data1\" content=\"Inovallee\" \/>\n\t<meta name=\"twitter:label2\" content=\"Estimated reading time\" \/>\n\t<meta name=\"twitter:data2\" content=\"1 minute\" \/>\n<script type=\"application\/ld+json\" class=\"yoast-schema-graph\">{\"@context\":\"https:\\\/\\\/schema.org\",\"@graph\":[{\"@type\":\"Article\",\"@id\":\"https:\\\/\\\/www.inovallee.com\\\/lactualite-des-entreprises-dinovallee-le-president-dh3c-energies-recu-a-lelysee\\\/#article\",\"isPartOf\":{\"@id\":\"https:\\\/\\\/www.inovallee.com\\\/lactualite-des-entreprises-dinovallee-le-president-dh3c-energies-recu-a-lelysee\\\/\"},\"author\":{\"name\":\"Inovallee\",\"@id\":\"https:\\\/\\\/www.inovallee.com\\\/#\\\/schema\\\/person\\\/a45b15518aad3111b2d61d257a3e023b\"},\"headline\":\"L&#039;actualit\u00e9 des entreprises d&#039;inovall\u00e9e : Le pr\u00e9sident d&#039;H3C-\u00e9nergies re\u00e7u \u00e0 l&#039;Elys\u00e9e\",\"datePublished\":\"2015-01-27T14:08:00+00:00\",\"mainEntityOfPage\":{\"@id\":\"https:\\\/\\\/www.inovallee.com\\\/lactualite-des-entreprises-dinovallee-le-president-dh3c-energies-recu-a-lelysee\\\/\"},\"wordCount\":287,\"publisher\":{\"@id\":\"https:\\\/\\\/www.inovallee.com\\\/#organization\"},\"image\":{\"@id\":\"https:\\\/\\\/www.inovallee.com\\\/lactualite-des-entreprises-dinovallee-le-president-dh3c-energies-recu-a-lelysee\\\/#primaryimage\"},\"thumbnailUrl\":\"https:\\\/\\\/fbcdn-sphotos-d-a.akamaihd.net\\\/hphotos-ak-xpf1\\\/v\\\/t1.0-9\\\/s720x720\\\/10385464_10202554773469543_1220248800985326939_n.jpg?oh=88b2b1555f08b5e2bd0f6f75b8b40a23&amp;oe=55593C0D&amp;__gda__=1431777819_6cf59d8b5aaf6fd031f48306dda4ee67\",\"articleSection\":[\"Sucess stories des entreprises d'inovall\u00e9e\"],\"inLanguage\":\"en-GB\"},{\"@type\":\"WebPage\",\"@id\":\"https:\\\/\\\/www.inovallee.com\\\/lactualite-des-entreprises-dinovallee-le-president-dh3c-energies-recu-a-lelysee\\\/\",\"url\":\"https:\\\/\\\/www.inovallee.com\\\/lactualite-des-entreprises-dinovallee-le-president-dh3c-energies-recu-a-lelysee\\\/\",\"name\":\"L&#039;actualit\u00e9 des entreprises d&#039;inovall\u00e9e : Le pr\u00e9sident d&#039;H3C-\u00e9nergies re\u00e7u \u00e0 l&#039;Elys\u00e9e - inovall\u00e9e\",\"isPartOf\":{\"@id\":\"https:\\\/\\\/www.inovallee.com\\\/#website\"},\"primaryImageOfPage\":{\"@id\":\"https:\\\/\\\/www.inovallee.com\\\/lactualite-des-entreprises-dinovallee-le-president-dh3c-energies-recu-a-lelysee\\\/#primaryimage\"},\"image\":{\"@id\":\"https:\\\/\\\/www.inovallee.com\\\/lactualite-des-entreprises-dinovallee-le-president-dh3c-energies-recu-a-lelysee\\\/#primaryimage\"},\"thumbnailUrl\":\"https:\\\/\\\/fbcdn-sphotos-d-a.akamaihd.net\\\/hphotos-ak-xpf1\\\/v\\\/t1.0-9\\\/s720x720\\\/10385464_10202554773469543_1220248800985326939_n.jpg?oh=88b2b1555f08b5e2bd0f6f75b8b40a23&amp;oe=55593C0D&amp;__gda__=1431777819_6cf59d8b5aaf6fd031f48306dda4ee67\",\"datePublished\":\"2015-01-27T14:08:00+00:00\",\"breadcrumb\":{\"@id\":\"https:\\\/\\\/www.inovallee.com\\\/lactualite-des-entreprises-dinovallee-le-president-dh3c-energies-recu-a-lelysee\\\/#breadcrumb\"},\"inLanguage\":\"en-GB\",\"potentialAction\":[{\"@type\":\"ReadAction\",\"target\":[\"https:\\\/\\\/www.inovallee.com\\\/lactualite-des-entreprises-dinovallee-le-president-dh3c-energies-recu-a-lelysee\\\/\"]}]},{\"@type\":\"ImageObject\",\"inLanguage\":\"en-GB\",\"@id\":\"https:\\\/\\\/www.inovallee.com\\\/lactualite-des-entreprises-dinovallee-le-president-dh3c-energies-recu-a-lelysee\\\/#primaryimage\",\"url\":\"https:\\\/\\\/fbcdn-sphotos-d-a.akamaihd.net\\\/hphotos-ak-xpf1\\\/v\\\/t1.0-9\\\/s720x720\\\/10385464_10202554773469543_1220248800985326939_n.jpg?oh=88b2b1555f08b5e2bd0f6f75b8b40a23&amp;oe=55593C0D&amp;__gda__=1431777819_6cf59d8b5aaf6fd031f48306dda4ee67\",\"contentUrl\":\"https:\\\/\\\/fbcdn-sphotos-d-a.akamaihd.net\\\/hphotos-ak-xpf1\\\/v\\\/t1.0-9\\\/s720x720\\\/10385464_10202554773469543_1220248800985326939_n.jpg?oh=88b2b1555f08b5e2bd0f6f75b8b40a23&amp;oe=55593C0D&amp;__gda__=1431777819_6cf59d8b5aaf6fd031f48306dda4ee67\"},{\"@type\":\"BreadcrumbList\",\"@id\":\"https:\\\/\\\/www.inovallee.com\\\/lactualite-des-entreprises-dinovallee-le-president-dh3c-energies-recu-a-lelysee\\\/#breadcrumb\",\"itemListElement\":[{\"@type\":\"ListItem\",\"position\":1,\"name\":\"Accueil\",\"item\":\"https:\\\/\\\/www.inovallee.com\\\/\"},{\"@type\":\"ListItem\",\"position\":2,\"name\":\"L&#039;actualit\u00e9 des entreprises d&#039;inovall\u00e9e : Le pr\u00e9sident d&#039;H3C-\u00e9nergies re\u00e7u \u00e0 l&#039;Elys\u00e9e\"}]},{\"@type\":\"WebSite\",\"@id\":\"https:\\\/\\\/www.inovallee.com\\\/#website\",\"url\":\"https:\\\/\\\/www.inovallee.com\\\/\",\"name\":\"inovall\u00e9e technopole, Home to software & smart technologies\",\"description\":\"Home to software &amp; smart technologies\",\"publisher\":{\"@id\":\"https:\\\/\\\/www.inovallee.com\\\/#organization\"},\"potentialAction\":[{\"@type\":\"SearchAction\",\"target\":{\"@type\":\"EntryPoint\",\"urlTemplate\":\"https:\\\/\\\/www.inovallee.com\\\/?s={search_term_string}\"},\"query-input\":{\"@type\":\"PropertyValueSpecification\",\"valueRequired\":true,\"valueName\":\"search_term_string\"}}],\"inLanguage\":\"en-GB\"},{\"@type\":\"Organization\",\"@id\":\"https:\\\/\\\/www.inovallee.com\\\/#organization\",\"name\":\"inovall\u00e9e\",\"url\":\"https:\\\/\\\/www.inovallee.com\\\/\",\"logo\":{\"@type\":\"ImageObject\",\"inLanguage\":\"en-GB\",\"@id\":\"https:\\\/\\\/www.inovallee.com\\\/#\\\/schema\\\/logo\\\/image\\\/\",\"url\":\"https:\\\/\\\/www.inovallee.com\\\/wp-content\\\/uploads\\\/2023\\\/08\\\/inovallee_2022_GrenobleAlpes.png\",\"contentUrl\":\"https:\\\/\\\/www.inovallee.com\\\/wp-content\\\/uploads\\\/2023\\\/08\\\/inovallee_2022_GrenobleAlpes.png\",\"width\":945,\"height\":369,\"caption\":\"inovall\u00e9e\"},\"image\":{\"@id\":\"https:\\\/\\\/www.inovallee.com\\\/#\\\/schema\\\/logo\\\/image\\\/\"},\"sameAs\":[\"https:\\\/\\\/www.facebook.com\\\/technopoleinovallee\\\/\",\"https:\\\/\\\/x.com\\\/inovallee\",\"https:\\\/\\\/www.linkedin.com\\\/company\\\/inovall-e\\\/\",\"https:\\\/\\\/www.youtube.com\\\/user\\\/inovallee?reload=9\"]},{\"@type\":\"Person\",\"@id\":\"https:\\\/\\\/www.inovallee.com\\\/#\\\/schema\\\/person\\\/a45b15518aad3111b2d61d257a3e023b\",\"name\":\"Inovallee\"}]}<\/script>\n<!-- \/ Yoast SEO plugin. -->","yoast_head_json":{"title":"L&#039;actualit\u00e9 des entreprises d&#039;inovall\u00e9e : Le pr\u00e9sident d&#039;H3C-\u00e9nergies re\u00e7u \u00e0 l&#039;Elys\u00e9e - inovall\u00e9e","robots":{"index":"index","follow":"follow","max-snippet":"max-snippet:-1","max-image-preview":"max-image-preview:large","max-video-preview":"max-video-preview:-1"},"canonical":"https:\/\/www.inovallee.com\/en\/lactualite-des-entreprises-dinovallee-le-president-dh3c-energies-recu-a-lelysee\/","og_locale":"en_GB","og_type":"article","og_title":"L&#039;actualit\u00e9 des entreprises d&#039;inovall\u00e9e : Le pr\u00e9sident d&#039;H3C-\u00e9nergies re\u00e7u \u00e0 l&#039;Elys\u00e9e - inovall\u00e9e","og_description":"Organis\u00e9 \u00e0 l&rsquo;initiative d&rsquo;une dizaine de d\u00e9put\u00e9s socialistes, dont le d\u00e9put\u00e9 Olivier V\u00e9ran, pour f\u00eater la mi-mandat des parlementaires, un diner lors duquel chaque d\u00e9put\u00e9 \u00e9tait accompagn\u00e9 d&rsquo;un habitant de sa circonscription, devait avoir lieu dans un restaurant parisien. Le Pr\u00e9sident Hollande qui a eu vent de ce diner a souhait\u00e9 y participer et a [&hellip;]","og_url":"https:\/\/www.inovallee.com\/en\/lactualite-des-entreprises-dinovallee-le-president-dh3c-energies-recu-a-lelysee\/","og_site_name":"inovall\u00e9e","article_publisher":"https:\/\/www.facebook.com\/technopoleinovallee\/","article_published_time":"2015-01-27T14:08:00+00:00","og_image":[{"url":"https:\/\/fbcdn-sphotos-d-a.akamaihd.net\/hphotos-ak-xpf1\/v\/t1.0-9\/s720x720\/10385464_10202554773469543_1220248800985326939_n.jpg?oh=88b2b1555f08b5e2bd0f6f75b8b40a23&amp;oe=55593C0D&amp;__gda__=1431777819_6cf59d8b5aaf6fd031f48306dda4ee67","type":"","width":"","height":""}],"author":"Inovallee","twitter_card":"summary_large_image","twitter_creator":"@inovallee","twitter_site":"@inovallee","twitter_misc":{"Written by":"Inovallee","Estimated reading time":"1 minute"},"schema":{"@context":"https:\/\/schema.org","@graph":[{"@type":"Article","@id":"https:\/\/www.inovallee.com\/lactualite-des-entreprises-dinovallee-le-president-dh3c-energies-recu-a-lelysee\/#article","isPartOf":{"@id":"https:\/\/www.inovallee.com\/lactualite-des-entreprises-dinovallee-le-president-dh3c-energies-recu-a-lelysee\/"},"author":{"name":"Inovallee","@id":"https:\/\/www.inovallee.com\/#\/schema\/person\/a45b15518aad3111b2d61d257a3e023b"},"headline":"L&#039;actualit\u00e9 des entreprises d&#039;inovall\u00e9e : Le pr\u00e9sident d&#039;H3C-\u00e9nergies re\u00e7u \u00e0 l&#039;Elys\u00e9e","datePublished":"2015-01-27T14:08:00+00:00","mainEntityOfPage":{"@id":"https:\/\/www.inovallee.com\/lactualite-des-entreprises-dinovallee-le-president-dh3c-energies-recu-a-lelysee\/"},"wordCount":287,"publisher":{"@id":"https:\/\/www.inovallee.com\/#organization"},"image":{"@id":"https:\/\/www.inovallee.com\/lactualite-des-entreprises-dinovallee-le-president-dh3c-energies-recu-a-lelysee\/#primaryimage"},"thumbnailUrl":"https:\/\/fbcdn-sphotos-d-a.akamaihd.net\/hphotos-ak-xpf1\/v\/t1.0-9\/s720x720\/10385464_10202554773469543_1220248800985326939_n.jpg?oh=88b2b1555f08b5e2bd0f6f75b8b40a23&amp;oe=55593C0D&amp;__gda__=1431777819_6cf59d8b5aaf6fd031f48306dda4ee67","articleSection":["Sucess stories des entreprises d'inovall\u00e9e"],"inLanguage":"en-GB"},{"@type":"WebPage","@id":"https:\/\/www.inovallee.com\/lactualite-des-entreprises-dinovallee-le-president-dh3c-energies-recu-a-lelysee\/","url":"https:\/\/www.inovallee.com\/lactualite-des-entreprises-dinovallee-le-president-dh3c-energies-recu-a-lelysee\/","name":"L&#039;actualit\u00e9 des entreprises d&#039;inovall\u00e9e : Le pr\u00e9sident d&#039;H3C-\u00e9nergies re\u00e7u \u00e0 l&#039;Elys\u00e9e - inovall\u00e9e","isPartOf":{"@id":"https:\/\/www.inovallee.com\/#website"},"primaryImageOfPage":{"@id":"https:\/\/www.inovallee.com\/lactualite-des-entreprises-dinovallee-le-president-dh3c-energies-recu-a-lelysee\/#primaryimage"},"image":{"@id":"https:\/\/www.inovallee.com\/lactualite-des-entreprises-dinovallee-le-president-dh3c-energies-recu-a-lelysee\/#primaryimage"},"thumbnailUrl":"https:\/\/fbcdn-sphotos-d-a.akamaihd.net\/hphotos-ak-xpf1\/v\/t1.0-9\/s720x720\/10385464_10202554773469543_1220248800985326939_n.jpg?oh=88b2b1555f08b5e2bd0f6f75b8b40a23&amp;oe=55593C0D&amp;__gda__=1431777819_6cf59d8b5aaf6fd031f48306dda4ee67","datePublished":"2015-01-27T14:08:00+00:00","breadcrumb":{"@id":"https:\/\/www.inovallee.com\/lactualite-des-entreprises-dinovallee-le-president-dh3c-energies-recu-a-lelysee\/#breadcrumb"},"inLanguage":"en-GB","potentialAction":[{"@type":"ReadAction","target":["https:\/\/www.inovallee.com\/lactualite-des-entreprises-dinovallee-le-president-dh3c-energies-recu-a-lelysee\/"]}]},{"@type":"ImageObject","inLanguage":"en-GB","@id":"https:\/\/www.inovallee.com\/lactualite-des-entreprises-dinovallee-le-president-dh3c-energies-recu-a-lelysee\/#primaryimage","url":"https:\/\/fbcdn-sphotos-d-a.akamaihd.net\/hphotos-ak-xpf1\/v\/t1.0-9\/s720x720\/10385464_10202554773469543_1220248800985326939_n.jpg?oh=88b2b1555f08b5e2bd0f6f75b8b40a23&amp;oe=55593C0D&amp;__gda__=1431777819_6cf59d8b5aaf6fd031f48306dda4ee67","contentUrl":"https:\/\/fbcdn-sphotos-d-a.akamaihd.net\/hphotos-ak-xpf1\/v\/t1.0-9\/s720x720\/10385464_10202554773469543_1220248800985326939_n.jpg?oh=88b2b1555f08b5e2bd0f6f75b8b40a23&amp;oe=55593C0D&amp;__gda__=1431777819_6cf59d8b5aaf6fd031f48306dda4ee67"},{"@type":"BreadcrumbList","@id":"https:\/\/www.inovallee.com\/lactualite-des-entreprises-dinovallee-le-president-dh3c-energies-recu-a-lelysee\/#breadcrumb","itemListElement":[{"@type":"ListItem","position":1,"name":"Accueil","item":"https:\/\/www.inovallee.com\/"},{"@type":"ListItem","position":2,"name":"L&#039;actualit\u00e9 des entreprises d&#039;inovall\u00e9e : Le pr\u00e9sident d&#039;H3C-\u00e9nergies re\u00e7u \u00e0 l&#039;Elys\u00e9e"}]},{"@type":"WebSite","@id":"https:\/\/www.inovallee.com\/#website","url":"https:\/\/www.inovallee.com\/","name":"inovall\u00e9e technopole, Home to software & smart technologies","description":"Home to software &amp; smart technologies","publisher":{"@id":"https:\/\/www.inovallee.com\/#organization"},"potentialAction":[{"@type":"SearchAction","target":{"@type":"EntryPoint","urlTemplate":"https:\/\/www.inovallee.com\/?s={search_term_string}"},"query-input":{"@type":"PropertyValueSpecification","valueRequired":true,"valueName":"search_term_string"}}],"inLanguage":"en-GB"},{"@type":"Organization","@id":"https:\/\/www.inovallee.com\/#organization","name":"inovall\u00e9e","url":"https:\/\/www.inovallee.com\/","logo":{"@type":"ImageObject","inLanguage":"en-GB","@id":"https:\/\/www.inovallee.com\/#\/schema\/logo\/image\/","url":"https:\/\/www.inovallee.com\/wp-content\/uploads\/2023\/08\/inovallee_2022_GrenobleAlpes.png","contentUrl":"https:\/\/www.inovallee.com\/wp-content\/uploads\/2023\/08\/inovallee_2022_GrenobleAlpes.png","width":945,"height":369,"caption":"inovall\u00e9e"},"image":{"@id":"https:\/\/www.inovallee.com\/#\/schema\/logo\/image\/"},"sameAs":["https:\/\/www.facebook.com\/technopoleinovallee\/","https:\/\/x.com\/inovallee","https:\/\/www.linkedin.com\/company\/inovall-e\/","https:\/\/www.youtube.com\/user\/inovallee?reload=9"]},{"@type":"Person","@id":"https:\/\/www.inovallee.com\/#\/schema\/person\/a45b15518aad3111b2d61d257a3e023b","name":"Inovallee"}]}},"_links":{"self":[{"href":"https:\/\/www.inovallee.com\/en\/wp-json\/wp\/v2\/posts\/28847","targetHints":{"allow":["GET"]}}],"collection":[{"href":"https:\/\/www.inovallee.com\/en\/wp-json\/wp\/v2\/posts"}],"about":[{"href":"https:\/\/www.inovallee.com\/en\/wp-json\/wp\/v2\/types\/post"}],"author":[{"embeddable":true,"href":"https:\/\/www.inovallee.com\/en\/wp-json\/wp\/v2\/users\/6"}],"replies":[{"embeddable":true,"href":"https:\/\/www.inovallee.com\/en\/wp-json\/wp\/v2\/comments?post=28847"}],"version-history":[{"count":0,"href":"https:\/\/www.inovallee.com\/en\/wp-json\/wp\/v2\/posts\/28847\/revisions"}],"wp:attachment":[{"href":"https:\/\/www.inovallee.com\/en\/wp-json\/wp\/v2\/media?parent=28847"}],"wp:term":[{"taxonomy":"category","embeddable":true,"href":"https:\/\/www.inovallee.com\/en\/wp-json\/wp\/v2\/categories?post=28847"},{"taxonomy":"post_tag","embeddable":true,"href":"https:\/\/www.inovallee.com\/en\/wp-json\/wp\/v2\/tags?post=28847"}],"curies":[{"name":"wp","href":"https:\/\/api.w.org\/{rel}","templated":true}]}}