{"id":29028,"date":"2012-09-17T08:24:00","date_gmt":"2012-09-17T07:24:00","guid":{"rendered":"https:\/\/www.inovallee.com\/sunvalor-accompagne-les-pme-rhone-alpines-dans-le-cadre-de-laction-collective-capenergie\/"},"modified":"2012-09-17T08:24:00","modified_gmt":"2012-09-17T07:24:00","slug":"sunvalor-accompagne-les-pme-rhone-alpines-dans-le-cadre-de-laction-collective-capenergie","status":"publish","type":"post","link":"https:\/\/www.inovallee.com\/en\/sunvalor-accompagne-les-pme-rhone-alpines-dans-le-cadre-de-laction-collective-capenergie\/","title":{"rendered":"Sunvalor accompagne les PME rh\u00f4ne-alpines dans le cadre de laction collective Cap&#039;Energie"},"content":{"rendered":"<div dir=\"ltr\" style=\"text-align: left;\">\n<div style=\"clear: both; text-align: center;\"><a href=\"http:\/\/www.sunvalor.com\/templates\/sunvalor\/images\/bandeau.gif\" style=\"clear: left; float: left; margin-bottom: 1em; margin-right: 1em;\"><img decoding=\"async\" border=\"0\" height=\"90\" src=\"http:\/\/www.sunvalor.com\/templates\/sunvalor\/images\/bandeau.gif\" width=\"320\" \/><\/a><\/div>\n<p><span style=\"font-size: x-small;\"><span style=\"font-family: Verdana,sans-serif;\">SUNVALOR, Sarl sp\u00e9cialis\u00e9e dans l\u2019audit \u00e9nerg\u00e9tique des proc\u00e9d\u00e9s industriels met en \u0153uvre son audit \u00e9nerg\u00e9tique suivant la m\u00e9thodologie EINSTEIN, chez les PME industrielles participant \u00e0 l\u2019action collective CAP\u2019ENERGIE.Cette action collective financ\u00e9e par l&rsquo;Ademe et la R\u00e9gion Rh\u00f4ne-Alpes, permettra \u00e0 une trentaine de PME de b\u00e9n\u00e9ficier d&rsquo;un accompagnement de 12 mois pour am\u00e9liorer la performance \u00e9nerg\u00e9tique de leur outil de production, en n&rsquo;ayant \u00e0 leur charge que 30% du co\u00fbt de l&rsquo;op\u00e9ration, soit 2700 \u20ac sur 9000 \u20ac de prestations, avec r\u00e9sultats \u00e0 court terme mesur\u00e9s par un compteur d&rsquo;\u00e9nergie.  <a href=\"http:\/\/www.sunvalor.com\/pages\/posts\/demarrage-de-capenergie-les-aides-rhone-alpes-aux-pme-donnent-priorite-a-lenergie.php\">En savoir plus<\/a><\/span><\/span><\/div>","protected":false},"excerpt":{"rendered":"<p>SUNVALOR, Sarl sp\u00e9cialis\u00e9e dans l\u2019audit \u00e9nerg\u00e9tique des proc\u00e9d\u00e9s industriels met en \u0153uvre son audit \u00e9nerg\u00e9tique suivant la m\u00e9thodologie EINSTEIN, chez les PME industrielles participant \u00e0 l\u2019action collective CAP\u2019ENERGIE.Cette action collective financ\u00e9e par l&rsquo;Ademe et la R\u00e9gion Rh\u00f4ne-Alpes, permettra \u00e0 une trentaine de PME de b\u00e9n\u00e9ficier d&rsquo;un accompagnement de 12 mois pour am\u00e9liorer la performance \u00e9nerg\u00e9tique [&hellip;]<\/p>\n","protected":false},"author":6,"featured_media":0,"comment_status":"closed","ping_status":"open","sticky":false,"template":"","format":"standard","meta":{"footnotes":""},"categories":[28,33],"tags":[],"class_list":["post-29028","post","type-post","status-publish","format-standard","hentry","category-actus-entreprises","category-transport-mobilite-durable"],"yoast_head":"<!-- This site is optimized with the Yoast SEO plugin v27.4 - https:\/\/yoast.com\/product\/yoast-seo-wordpress\/ -->\n<title>Sunvalor accompagne les PME rh\u00f4ne-alpines dans le cadre de laction collective Cap&#039;Energie - inovall\u00e9e<\/title>\n<meta name=\"robots\" content=\"index, follow, max-snippet:-1, max-image-preview:large, max-video-preview:-1\" \/>\n<link rel=\"canonical\" href=\"https:\/\/www.inovallee.com\/en\/sunvalor-accompagne-les-pme-rhone-alpines-dans-le-cadre-de-laction-collective-capenergie\/\" \/>\n<meta property=\"og:locale\" content=\"en_GB\" \/>\n<meta property=\"og:type\" content=\"article\" \/>\n<meta property=\"og:title\" content=\"Sunvalor accompagne les PME rh\u00f4ne-alpines dans le cadre de laction collective Cap&#039;Energie - inovall\u00e9e\" \/>\n<meta property=\"og:description\" content=\"SUNVALOR, Sarl sp\u00e9cialis\u00e9e dans l\u2019audit \u00e9nerg\u00e9tique des proc\u00e9d\u00e9s industriels met en \u0153uvre son audit \u00e9nerg\u00e9tique suivant la m\u00e9thodologie EINSTEIN, chez les PME industrielles participant \u00e0 l\u2019action collective CAP\u2019ENERGIE.Cette action collective financ\u00e9e par l&rsquo;Ademe et la R\u00e9gion Rh\u00f4ne-Alpes, permettra \u00e0 une trentaine de PME de b\u00e9n\u00e9ficier d&rsquo;un accompagnement de 12 mois pour am\u00e9liorer la performance \u00e9nerg\u00e9tique [&hellip;]\" \/>\n<meta property=\"og:url\" content=\"https:\/\/www.inovallee.com\/en\/sunvalor-accompagne-les-pme-rhone-alpines-dans-le-cadre-de-laction-collective-capenergie\/\" \/>\n<meta property=\"og:site_name\" content=\"inovall\u00e9e\" \/>\n<meta property=\"article:publisher\" content=\"https:\/\/www.facebook.com\/technopoleinovallee\/\" \/>\n<meta property=\"article:published_time\" content=\"2012-09-17T07:24:00+00:00\" \/>\n<meta property=\"og:image\" content=\"http:\/\/www.sunvalor.com\/templates\/sunvalor\/images\/bandeau.gif\" \/>\n<meta name=\"author\" content=\"Inovallee\" \/>\n<meta name=\"twitter:card\" content=\"summary_large_image\" \/>\n<meta name=\"twitter:creator\" content=\"@inovallee\" \/>\n<meta name=\"twitter:site\" content=\"@inovallee\" \/>\n<meta name=\"twitter:label1\" content=\"Written by\" \/>\n\t<meta name=\"twitter:data1\" content=\"Inovallee\" \/>\n\t<meta name=\"twitter:label2\" content=\"Estimated reading time\" \/>\n\t<meta name=\"twitter:data2\" content=\"1 minute\" \/>\n<script type=\"application\/ld+json\" class=\"yoast-schema-graph\">{\"@context\":\"https:\\\/\\\/schema.org\",\"@graph\":[{\"@type\":\"Article\",\"@id\":\"https:\\\/\\\/www.inovallee.com\\\/sunvalor-accompagne-les-pme-rhone-alpines-dans-le-cadre-de-laction-collective-capenergie\\\/#article\",\"isPartOf\":{\"@id\":\"https:\\\/\\\/www.inovallee.com\\\/sunvalor-accompagne-les-pme-rhone-alpines-dans-le-cadre-de-laction-collective-capenergie\\\/\"},\"author\":{\"name\":\"Inovallee\",\"@id\":\"https:\\\/\\\/www.inovallee.com\\\/#\\\/schema\\\/person\\\/a45b15518aad3111b2d61d257a3e023b\"},\"headline\":\"Sunvalor accompagne les PME rh\u00f4ne-alpines dans le cadre de laction collective Cap&#039;Energie\",\"datePublished\":\"2012-09-17T07:24:00+00:00\",\"mainEntityOfPage\":{\"@id\":\"https:\\\/\\\/www.inovallee.com\\\/sunvalor-accompagne-les-pme-rhone-alpines-dans-le-cadre-de-laction-collective-capenergie\\\/\"},\"wordCount\":123,\"publisher\":{\"@id\":\"https:\\\/\\\/www.inovallee.com\\\/#organization\"},\"image\":{\"@id\":\"https:\\\/\\\/www.inovallee.com\\\/sunvalor-accompagne-les-pme-rhone-alpines-dans-le-cadre-de-laction-collective-capenergie\\\/#primaryimage\"},\"thumbnailUrl\":\"http:\\\/\\\/www.sunvalor.com\\\/templates\\\/sunvalor\\\/images\\\/bandeau.gif\",\"articleSection\":[\"Sucess stories des entreprises d'inovall\u00e9e\",\"Transport et mobilit\u00e9 durable\"],\"inLanguage\":\"en-GB\"},{\"@type\":\"WebPage\",\"@id\":\"https:\\\/\\\/www.inovallee.com\\\/sunvalor-accompagne-les-pme-rhone-alpines-dans-le-cadre-de-laction-collective-capenergie\\\/\",\"url\":\"https:\\\/\\\/www.inovallee.com\\\/sunvalor-accompagne-les-pme-rhone-alpines-dans-le-cadre-de-laction-collective-capenergie\\\/\",\"name\":\"Sunvalor accompagne les PME rh\u00f4ne-alpines dans le cadre de laction collective Cap&#039;Energie - inovall\u00e9e\",\"isPartOf\":{\"@id\":\"https:\\\/\\\/www.inovallee.com\\\/#website\"},\"primaryImageOfPage\":{\"@id\":\"https:\\\/\\\/www.inovallee.com\\\/sunvalor-accompagne-les-pme-rhone-alpines-dans-le-cadre-de-laction-collective-capenergie\\\/#primaryimage\"},\"image\":{\"@id\":\"https:\\\/\\\/www.inovallee.com\\\/sunvalor-accompagne-les-pme-rhone-alpines-dans-le-cadre-de-laction-collective-capenergie\\\/#primaryimage\"},\"thumbnailUrl\":\"http:\\\/\\\/www.sunvalor.com\\\/templates\\\/sunvalor\\\/images\\\/bandeau.gif\",\"datePublished\":\"2012-09-17T07:24:00+00:00\",\"breadcrumb\":{\"@id\":\"https:\\\/\\\/www.inovallee.com\\\/sunvalor-accompagne-les-pme-rhone-alpines-dans-le-cadre-de-laction-collective-capenergie\\\/#breadcrumb\"},\"inLanguage\":\"en-GB\",\"potentialAction\":[{\"@type\":\"ReadAction\",\"target\":[\"https:\\\/\\\/www.inovallee.com\\\/sunvalor-accompagne-les-pme-rhone-alpines-dans-le-cadre-de-laction-collective-capenergie\\\/\"]}]},{\"@type\":\"ImageObject\",\"inLanguage\":\"en-GB\",\"@id\":\"https:\\\/\\\/www.inovallee.com\\\/sunvalor-accompagne-les-pme-rhone-alpines-dans-le-cadre-de-laction-collective-capenergie\\\/#primaryimage\",\"url\":\"http:\\\/\\\/www.sunvalor.com\\\/templates\\\/sunvalor\\\/images\\\/bandeau.gif\",\"contentUrl\":\"http:\\\/\\\/www.sunvalor.com\\\/templates\\\/sunvalor\\\/images\\\/bandeau.gif\"},{\"@type\":\"BreadcrumbList\",\"@id\":\"https:\\\/\\\/www.inovallee.com\\\/sunvalor-accompagne-les-pme-rhone-alpines-dans-le-cadre-de-laction-collective-capenergie\\\/#breadcrumb\",\"itemListElement\":[{\"@type\":\"ListItem\",\"position\":1,\"name\":\"Accueil\",\"item\":\"https:\\\/\\\/www.inovallee.com\\\/\"},{\"@type\":\"ListItem\",\"position\":2,\"name\":\"Sunvalor accompagne les PME rh\u00f4ne-alpines dans le cadre de laction collective Cap&#039;Energie\"}]},{\"@type\":\"WebSite\",\"@id\":\"https:\\\/\\\/www.inovallee.com\\\/#website\",\"url\":\"https:\\\/\\\/www.inovallee.com\\\/\",\"name\":\"inovall\u00e9e technopole, Home to software & smart technologies\",\"description\":\"Home to software &amp; smart technologies\",\"publisher\":{\"@id\":\"https:\\\/\\\/www.inovallee.com\\\/#organization\"},\"potentialAction\":[{\"@type\":\"SearchAction\",\"target\":{\"@type\":\"EntryPoint\",\"urlTemplate\":\"https:\\\/\\\/www.inovallee.com\\\/?s={search_term_string}\"},\"query-input\":{\"@type\":\"PropertyValueSpecification\",\"valueRequired\":true,\"valueName\":\"search_term_string\"}}],\"inLanguage\":\"en-GB\"},{\"@type\":\"Organization\",\"@id\":\"https:\\\/\\\/www.inovallee.com\\\/#organization\",\"name\":\"inovall\u00e9e\",\"url\":\"https:\\\/\\\/www.inovallee.com\\\/\",\"logo\":{\"@type\":\"ImageObject\",\"inLanguage\":\"en-GB\",\"@id\":\"https:\\\/\\\/www.inovallee.com\\\/#\\\/schema\\\/logo\\\/image\\\/\",\"url\":\"https:\\\/\\\/www.inovallee.com\\\/wp-content\\\/uploads\\\/2023\\\/08\\\/inovallee_2022_GrenobleAlpes.png\",\"contentUrl\":\"https:\\\/\\\/www.inovallee.com\\\/wp-content\\\/uploads\\\/2023\\\/08\\\/inovallee_2022_GrenobleAlpes.png\",\"width\":945,\"height\":369,\"caption\":\"inovall\u00e9e\"},\"image\":{\"@id\":\"https:\\\/\\\/www.inovallee.com\\\/#\\\/schema\\\/logo\\\/image\\\/\"},\"sameAs\":[\"https:\\\/\\\/www.facebook.com\\\/technopoleinovallee\\\/\",\"https:\\\/\\\/x.com\\\/inovallee\",\"https:\\\/\\\/www.linkedin.com\\\/company\\\/inovall-e\\\/\",\"https:\\\/\\\/www.youtube.com\\\/user\\\/inovallee?reload=9\"]},{\"@type\":\"Person\",\"@id\":\"https:\\\/\\\/www.inovallee.com\\\/#\\\/schema\\\/person\\\/a45b15518aad3111b2d61d257a3e023b\",\"name\":\"Inovallee\"}]}<\/script>\n<!-- \/ Yoast SEO plugin. -->","yoast_head_json":{"title":"Sunvalor accompagne les PME rh\u00f4ne-alpines dans le cadre de laction collective Cap&#039;Energie - inovall\u00e9e","robots":{"index":"index","follow":"follow","max-snippet":"max-snippet:-1","max-image-preview":"max-image-preview:large","max-video-preview":"max-video-preview:-1"},"canonical":"https:\/\/www.inovallee.com\/en\/sunvalor-accompagne-les-pme-rhone-alpines-dans-le-cadre-de-laction-collective-capenergie\/","og_locale":"en_GB","og_type":"article","og_title":"Sunvalor accompagne les PME rh\u00f4ne-alpines dans le cadre de laction collective Cap&#039;Energie - inovall\u00e9e","og_description":"SUNVALOR, Sarl sp\u00e9cialis\u00e9e dans l\u2019audit \u00e9nerg\u00e9tique des proc\u00e9d\u00e9s industriels met en \u0153uvre son audit \u00e9nerg\u00e9tique suivant la m\u00e9thodologie EINSTEIN, chez les PME industrielles participant \u00e0 l\u2019action collective CAP\u2019ENERGIE.Cette action collective financ\u00e9e par l&rsquo;Ademe et la R\u00e9gion Rh\u00f4ne-Alpes, permettra \u00e0 une trentaine de PME de b\u00e9n\u00e9ficier d&rsquo;un accompagnement de 12 mois pour am\u00e9liorer la performance \u00e9nerg\u00e9tique [&hellip;]","og_url":"https:\/\/www.inovallee.com\/en\/sunvalor-accompagne-les-pme-rhone-alpines-dans-le-cadre-de-laction-collective-capenergie\/","og_site_name":"inovall\u00e9e","article_publisher":"https:\/\/www.facebook.com\/technopoleinovallee\/","article_published_time":"2012-09-17T07:24:00+00:00","og_image":[{"url":"http:\/\/www.sunvalor.com\/templates\/sunvalor\/images\/bandeau.gif","type":"","width":"","height":""}],"author":"Inovallee","twitter_card":"summary_large_image","twitter_creator":"@inovallee","twitter_site":"@inovallee","twitter_misc":{"Written by":"Inovallee","Estimated reading time":"1 minute"},"schema":{"@context":"https:\/\/schema.org","@graph":[{"@type":"Article","@id":"https:\/\/www.inovallee.com\/sunvalor-accompagne-les-pme-rhone-alpines-dans-le-cadre-de-laction-collective-capenergie\/#article","isPartOf":{"@id":"https:\/\/www.inovallee.com\/sunvalor-accompagne-les-pme-rhone-alpines-dans-le-cadre-de-laction-collective-capenergie\/"},"author":{"name":"Inovallee","@id":"https:\/\/www.inovallee.com\/#\/schema\/person\/a45b15518aad3111b2d61d257a3e023b"},"headline":"Sunvalor accompagne les PME rh\u00f4ne-alpines dans le cadre de laction collective Cap&#039;Energie","datePublished":"2012-09-17T07:24:00+00:00","mainEntityOfPage":{"@id":"https:\/\/www.inovallee.com\/sunvalor-accompagne-les-pme-rhone-alpines-dans-le-cadre-de-laction-collective-capenergie\/"},"wordCount":123,"publisher":{"@id":"https:\/\/www.inovallee.com\/#organization"},"image":{"@id":"https:\/\/www.inovallee.com\/sunvalor-accompagne-les-pme-rhone-alpines-dans-le-cadre-de-laction-collective-capenergie\/#primaryimage"},"thumbnailUrl":"http:\/\/www.sunvalor.com\/templates\/sunvalor\/images\/bandeau.gif","articleSection":["Sucess stories des entreprises d'inovall\u00e9e","Transport et mobilit\u00e9 durable"],"inLanguage":"en-GB"},{"@type":"WebPage","@id":"https:\/\/www.inovallee.com\/sunvalor-accompagne-les-pme-rhone-alpines-dans-le-cadre-de-laction-collective-capenergie\/","url":"https:\/\/www.inovallee.com\/sunvalor-accompagne-les-pme-rhone-alpines-dans-le-cadre-de-laction-collective-capenergie\/","name":"Sunvalor accompagne les PME rh\u00f4ne-alpines dans le cadre de laction collective Cap&#039;Energie - inovall\u00e9e","isPartOf":{"@id":"https:\/\/www.inovallee.com\/#website"},"primaryImageOfPage":{"@id":"https:\/\/www.inovallee.com\/sunvalor-accompagne-les-pme-rhone-alpines-dans-le-cadre-de-laction-collective-capenergie\/#primaryimage"},"image":{"@id":"https:\/\/www.inovallee.com\/sunvalor-accompagne-les-pme-rhone-alpines-dans-le-cadre-de-laction-collective-capenergie\/#primaryimage"},"thumbnailUrl":"http:\/\/www.sunvalor.com\/templates\/sunvalor\/images\/bandeau.gif","datePublished":"2012-09-17T07:24:00+00:00","breadcrumb":{"@id":"https:\/\/www.inovallee.com\/sunvalor-accompagne-les-pme-rhone-alpines-dans-le-cadre-de-laction-collective-capenergie\/#breadcrumb"},"inLanguage":"en-GB","potentialAction":[{"@type":"ReadAction","target":["https:\/\/www.inovallee.com\/sunvalor-accompagne-les-pme-rhone-alpines-dans-le-cadre-de-laction-collective-capenergie\/"]}]},{"@type":"ImageObject","inLanguage":"en-GB","@id":"https:\/\/www.inovallee.com\/sunvalor-accompagne-les-pme-rhone-alpines-dans-le-cadre-de-laction-collective-capenergie\/#primaryimage","url":"http:\/\/www.sunvalor.com\/templates\/sunvalor\/images\/bandeau.gif","contentUrl":"http:\/\/www.sunvalor.com\/templates\/sunvalor\/images\/bandeau.gif"},{"@type":"BreadcrumbList","@id":"https:\/\/www.inovallee.com\/sunvalor-accompagne-les-pme-rhone-alpines-dans-le-cadre-de-laction-collective-capenergie\/#breadcrumb","itemListElement":[{"@type":"ListItem","position":1,"name":"Accueil","item":"https:\/\/www.inovallee.com\/"},{"@type":"ListItem","position":2,"name":"Sunvalor accompagne les PME rh\u00f4ne-alpines dans le cadre de laction collective Cap&#039;Energie"}]},{"@type":"WebSite","@id":"https:\/\/www.inovallee.com\/#website","url":"https:\/\/www.inovallee.com\/","name":"inovall\u00e9e technopole, Home to software & smart technologies","description":"Home to software &amp; smart technologies","publisher":{"@id":"https:\/\/www.inovallee.com\/#organization"},"potentialAction":[{"@type":"SearchAction","target":{"@type":"EntryPoint","urlTemplate":"https:\/\/www.inovallee.com\/?s={search_term_string}"},"query-input":{"@type":"PropertyValueSpecification","valueRequired":true,"valueName":"search_term_string"}}],"inLanguage":"en-GB"},{"@type":"Organization","@id":"https:\/\/www.inovallee.com\/#organization","name":"inovall\u00e9e","url":"https:\/\/www.inovallee.com\/","logo":{"@type":"ImageObject","inLanguage":"en-GB","@id":"https:\/\/www.inovallee.com\/#\/schema\/logo\/image\/","url":"https:\/\/www.inovallee.com\/wp-content\/uploads\/2023\/08\/inovallee_2022_GrenobleAlpes.png","contentUrl":"https:\/\/www.inovallee.com\/wp-content\/uploads\/2023\/08\/inovallee_2022_GrenobleAlpes.png","width":945,"height":369,"caption":"inovall\u00e9e"},"image":{"@id":"https:\/\/www.inovallee.com\/#\/schema\/logo\/image\/"},"sameAs":["https:\/\/www.facebook.com\/technopoleinovallee\/","https:\/\/x.com\/inovallee","https:\/\/www.linkedin.com\/company\/inovall-e\/","https:\/\/www.youtube.com\/user\/inovallee?reload=9"]},{"@type":"Person","@id":"https:\/\/www.inovallee.com\/#\/schema\/person\/a45b15518aad3111b2d61d257a3e023b","name":"Inovallee"}]}},"_links":{"self":[{"href":"https:\/\/www.inovallee.com\/en\/wp-json\/wp\/v2\/posts\/29028","targetHints":{"allow":["GET"]}}],"collection":[{"href":"https:\/\/www.inovallee.com\/en\/wp-json\/wp\/v2\/posts"}],"about":[{"href":"https:\/\/www.inovallee.com\/en\/wp-json\/wp\/v2\/types\/post"}],"author":[{"embeddable":true,"href":"https:\/\/www.inovallee.com\/en\/wp-json\/wp\/v2\/users\/6"}],"replies":[{"embeddable":true,"href":"https:\/\/www.inovallee.com\/en\/wp-json\/wp\/v2\/comments?post=29028"}],"version-history":[{"count":0,"href":"https:\/\/www.inovallee.com\/en\/wp-json\/wp\/v2\/posts\/29028\/revisions"}],"wp:attachment":[{"href":"https:\/\/www.inovallee.com\/en\/wp-json\/wp\/v2\/media?parent=29028"}],"wp:term":[{"taxonomy":"category","embeddable":true,"href":"https:\/\/www.inovallee.com\/en\/wp-json\/wp\/v2\/categories?post=29028"},{"taxonomy":"post_tag","embeddable":true,"href":"https:\/\/www.inovallee.com\/en\/wp-json\/wp\/v2\/tags?post=29028"}],"curies":[{"name":"wp","href":"https:\/\/api.w.org\/{rel}","templated":true}]}}