{"id":29029,"date":"2012-09-17T07:35:00","date_gmt":"2012-09-17T06:35:00","guid":{"rendered":"https:\/\/www.inovallee.com\/open-job-day-portes-ouvertes-recrutement-le-21-septembre\/"},"modified":"2012-09-17T07:35:00","modified_gmt":"2012-09-17T06:35:00","slug":"open-job-day-portes-ouvertes-recrutement-le-21-septembre","status":"publish","type":"post","link":"https:\/\/www.inovallee.com\/en\/open-job-day-portes-ouvertes-recrutement-le-21-septembre\/","title":{"rendered":"Open Job Day Portes ouvertes recrutement le 21 septembre"},"content":{"rendered":"<div style=\"clear: both; text-align: center;\"><a href=\"http:\/\/www.openjobday.com\/images\/home_logo.jpg\" style=\"clear: left; float: left; margin-bottom: 1em; margin-right: 1em;\"><img decoding=\"async\" border=\"0\" height=\"91\" src=\"http:\/\/www.openjobday.com\/images\/home_logo.jpg\" width=\"320\" \/><\/a><\/div>\n<p><span style=\"font-family: Verdana, sans-serif; font-size: x-small;\">En Rh\u00f4nes-Alpes et Sud-Est, OPEN regroupe pr\u00e8s de 600 collaborateurs dans ses agences de Grenoble, Lyon, Saint-\u00c9tienne et Aix-en-Provence. Afin de poursuivre ses objectifs de recrutement (400 nouveaux collaborateurs en France, dont 100 dans la r\u00e9gion), OPEN invite les candidats \u00e0 une soir\u00e9e portes ouvertes OPEN Job Day dans ses locaux de Grenoble, Lyon et Aix-en-Provence. RDV le 21 septembre sur inovall\u00e9e Montbonnot de 17h30 \u00e0 20h.<\/span><br \/><a href=\"http:\/\/www.openjobday.com\/region.php?id_region=6\"><span style=\"font-family: Verdana, sans-serif; font-size: x-small;\">En savoir plus<\/span><\/a><\/p>","protected":false},"excerpt":{"rendered":"<p>En Rh\u00f4nes-Alpes et Sud-Est, OPEN regroupe pr\u00e8s de 600 collaborateurs dans ses agences de Grenoble, Lyon, Saint-\u00c9tienne et Aix-en-Provence. Afin de poursuivre ses objectifs de recrutement (400 nouveaux collaborateurs en France, dont 100 dans la r\u00e9gion), OPEN invite les candidats \u00e0 une soir\u00e9e portes ouvertes OPEN Job Day dans ses locaux de Grenoble, Lyon et [&hellip;]<\/p>\n","protected":false},"author":6,"featured_media":0,"comment_status":"closed","ping_status":"open","sticky":false,"template":"","format":"standard","meta":{"footnotes":""},"categories":[39,40],"tags":[],"class_list":["post-29029","post","type-post","status-publish","format-standard","hentry","category-recrutement-rh-job-dating","category-rh-recrutement"],"yoast_head":"<!-- This site is optimized with the Yoast SEO plugin v27.4 - https:\/\/yoast.com\/product\/yoast-seo-wordpress\/ -->\n<title>Open Job Day Portes ouvertes recrutement le 21 septembre - inovall\u00e9e<\/title>\n<meta name=\"robots\" content=\"index, follow, max-snippet:-1, max-image-preview:large, max-video-preview:-1\" \/>\n<link rel=\"canonical\" href=\"https:\/\/www.inovallee.com\/en\/open-job-day-portes-ouvertes-recrutement-le-21-septembre\/\" \/>\n<meta property=\"og:locale\" content=\"en_GB\" \/>\n<meta property=\"og:type\" content=\"article\" \/>\n<meta property=\"og:title\" content=\"Open Job Day Portes ouvertes recrutement le 21 septembre - inovall\u00e9e\" \/>\n<meta property=\"og:description\" content=\"En Rh\u00f4nes-Alpes et Sud-Est, OPEN regroupe pr\u00e8s de 600 collaborateurs dans ses agences de Grenoble, Lyon, Saint-\u00c9tienne et Aix-en-Provence. Afin de poursuivre ses objectifs de recrutement (400 nouveaux collaborateurs en France, dont 100 dans la r\u00e9gion), OPEN invite les candidats \u00e0 une soir\u00e9e portes ouvertes OPEN Job Day dans ses locaux de Grenoble, Lyon et [&hellip;]\" \/>\n<meta property=\"og:url\" content=\"https:\/\/www.inovallee.com\/en\/open-job-day-portes-ouvertes-recrutement-le-21-septembre\/\" \/>\n<meta property=\"og:site_name\" content=\"inovall\u00e9e\" \/>\n<meta property=\"article:publisher\" content=\"https:\/\/www.facebook.com\/technopoleinovallee\/\" \/>\n<meta property=\"article:published_time\" content=\"2012-09-17T06:35:00+00:00\" \/>\n<meta property=\"og:image\" content=\"http:\/\/www.openjobday.com\/images\/home_logo.jpg\" \/>\n<meta name=\"author\" content=\"Inovallee\" \/>\n<meta name=\"twitter:card\" content=\"summary_large_image\" \/>\n<meta name=\"twitter:creator\" content=\"@inovallee\" \/>\n<meta name=\"twitter:site\" content=\"@inovallee\" \/>\n<meta name=\"twitter:label1\" content=\"Written by\" \/>\n\t<meta name=\"twitter:data1\" content=\"Inovallee\" \/>\n<script type=\"application\/ld+json\" class=\"yoast-schema-graph\">{\"@context\":\"https:\\\/\\\/schema.org\",\"@graph\":[{\"@type\":\"Article\",\"@id\":\"https:\\\/\\\/www.inovallee.com\\\/open-job-day-portes-ouvertes-recrutement-le-21-septembre\\\/#article\",\"isPartOf\":{\"@id\":\"https:\\\/\\\/www.inovallee.com\\\/open-job-day-portes-ouvertes-recrutement-le-21-septembre\\\/\"},\"author\":{\"name\":\"Inovallee\",\"@id\":\"https:\\\/\\\/www.inovallee.com\\\/#\\\/schema\\\/person\\\/a45b15518aad3111b2d61d257a3e023b\"},\"headline\":\"Open Job Day Portes ouvertes recrutement le 21 septembre\",\"datePublished\":\"2012-09-17T06:35:00+00:00\",\"mainEntityOfPage\":{\"@id\":\"https:\\\/\\\/www.inovallee.com\\\/open-job-day-portes-ouvertes-recrutement-le-21-septembre\\\/\"},\"wordCount\":78,\"publisher\":{\"@id\":\"https:\\\/\\\/www.inovallee.com\\\/#organization\"},\"image\":{\"@id\":\"https:\\\/\\\/www.inovallee.com\\\/open-job-day-portes-ouvertes-recrutement-le-21-septembre\\\/#primaryimage\"},\"thumbnailUrl\":\"http:\\\/\\\/www.openjobday.com\\\/images\\\/home_logo.jpg\",\"articleSection\":[\"Recrutement &amp; Emploi (Job dating, Conf\u00e9rences...)\",\"RH \\\/ Recrutement\"],\"inLanguage\":\"en-GB\"},{\"@type\":\"WebPage\",\"@id\":\"https:\\\/\\\/www.inovallee.com\\\/open-job-day-portes-ouvertes-recrutement-le-21-septembre\\\/\",\"url\":\"https:\\\/\\\/www.inovallee.com\\\/open-job-day-portes-ouvertes-recrutement-le-21-septembre\\\/\",\"name\":\"Open Job Day Portes ouvertes recrutement le 21 septembre - inovall\u00e9e\",\"isPartOf\":{\"@id\":\"https:\\\/\\\/www.inovallee.com\\\/#website\"},\"primaryImageOfPage\":{\"@id\":\"https:\\\/\\\/www.inovallee.com\\\/open-job-day-portes-ouvertes-recrutement-le-21-septembre\\\/#primaryimage\"},\"image\":{\"@id\":\"https:\\\/\\\/www.inovallee.com\\\/open-job-day-portes-ouvertes-recrutement-le-21-septembre\\\/#primaryimage\"},\"thumbnailUrl\":\"http:\\\/\\\/www.openjobday.com\\\/images\\\/home_logo.jpg\",\"datePublished\":\"2012-09-17T06:35:00+00:00\",\"breadcrumb\":{\"@id\":\"https:\\\/\\\/www.inovallee.com\\\/open-job-day-portes-ouvertes-recrutement-le-21-septembre\\\/#breadcrumb\"},\"inLanguage\":\"en-GB\",\"potentialAction\":[{\"@type\":\"ReadAction\",\"target\":[\"https:\\\/\\\/www.inovallee.com\\\/open-job-day-portes-ouvertes-recrutement-le-21-septembre\\\/\"]}]},{\"@type\":\"ImageObject\",\"inLanguage\":\"en-GB\",\"@id\":\"https:\\\/\\\/www.inovallee.com\\\/open-job-day-portes-ouvertes-recrutement-le-21-septembre\\\/#primaryimage\",\"url\":\"http:\\\/\\\/www.openjobday.com\\\/images\\\/home_logo.jpg\",\"contentUrl\":\"http:\\\/\\\/www.openjobday.com\\\/images\\\/home_logo.jpg\"},{\"@type\":\"BreadcrumbList\",\"@id\":\"https:\\\/\\\/www.inovallee.com\\\/open-job-day-portes-ouvertes-recrutement-le-21-septembre\\\/#breadcrumb\",\"itemListElement\":[{\"@type\":\"ListItem\",\"position\":1,\"name\":\"Accueil\",\"item\":\"https:\\\/\\\/www.inovallee.com\\\/\"},{\"@type\":\"ListItem\",\"position\":2,\"name\":\"Open Job Day Portes ouvertes recrutement le 21 septembre\"}]},{\"@type\":\"WebSite\",\"@id\":\"https:\\\/\\\/www.inovallee.com\\\/#website\",\"url\":\"https:\\\/\\\/www.inovallee.com\\\/\",\"name\":\"inovall\u00e9e technopole, Home to software & smart technologies\",\"description\":\"Home to software &amp; smart technologies\",\"publisher\":{\"@id\":\"https:\\\/\\\/www.inovallee.com\\\/#organization\"},\"potentialAction\":[{\"@type\":\"SearchAction\",\"target\":{\"@type\":\"EntryPoint\",\"urlTemplate\":\"https:\\\/\\\/www.inovallee.com\\\/?s={search_term_string}\"},\"query-input\":{\"@type\":\"PropertyValueSpecification\",\"valueRequired\":true,\"valueName\":\"search_term_string\"}}],\"inLanguage\":\"en-GB\"},{\"@type\":\"Organization\",\"@id\":\"https:\\\/\\\/www.inovallee.com\\\/#organization\",\"name\":\"inovall\u00e9e\",\"url\":\"https:\\\/\\\/www.inovallee.com\\\/\",\"logo\":{\"@type\":\"ImageObject\",\"inLanguage\":\"en-GB\",\"@id\":\"https:\\\/\\\/www.inovallee.com\\\/#\\\/schema\\\/logo\\\/image\\\/\",\"url\":\"https:\\\/\\\/www.inovallee.com\\\/wp-content\\\/uploads\\\/2023\\\/08\\\/inovallee_2022_GrenobleAlpes.png\",\"contentUrl\":\"https:\\\/\\\/www.inovallee.com\\\/wp-content\\\/uploads\\\/2023\\\/08\\\/inovallee_2022_GrenobleAlpes.png\",\"width\":945,\"height\":369,\"caption\":\"inovall\u00e9e\"},\"image\":{\"@id\":\"https:\\\/\\\/www.inovallee.com\\\/#\\\/schema\\\/logo\\\/image\\\/\"},\"sameAs\":[\"https:\\\/\\\/www.facebook.com\\\/technopoleinovallee\\\/\",\"https:\\\/\\\/x.com\\\/inovallee\",\"https:\\\/\\\/www.linkedin.com\\\/company\\\/inovall-e\\\/\",\"https:\\\/\\\/www.youtube.com\\\/user\\\/inovallee?reload=9\"]},{\"@type\":\"Person\",\"@id\":\"https:\\\/\\\/www.inovallee.com\\\/#\\\/schema\\\/person\\\/a45b15518aad3111b2d61d257a3e023b\",\"name\":\"Inovallee\"}]}<\/script>\n<!-- \/ Yoast SEO plugin. -->","yoast_head_json":{"title":"Open Job Day Portes ouvertes recrutement le 21 septembre - inovall\u00e9e","robots":{"index":"index","follow":"follow","max-snippet":"max-snippet:-1","max-image-preview":"max-image-preview:large","max-video-preview":"max-video-preview:-1"},"canonical":"https:\/\/www.inovallee.com\/en\/open-job-day-portes-ouvertes-recrutement-le-21-septembre\/","og_locale":"en_GB","og_type":"article","og_title":"Open Job Day Portes ouvertes recrutement le 21 septembre - inovall\u00e9e","og_description":"En Rh\u00f4nes-Alpes et Sud-Est, OPEN regroupe pr\u00e8s de 600 collaborateurs dans ses agences de Grenoble, Lyon, Saint-\u00c9tienne et Aix-en-Provence. Afin de poursuivre ses objectifs de recrutement (400 nouveaux collaborateurs en France, dont 100 dans la r\u00e9gion), OPEN invite les candidats \u00e0 une soir\u00e9e portes ouvertes OPEN Job Day dans ses locaux de Grenoble, Lyon et [&hellip;]","og_url":"https:\/\/www.inovallee.com\/en\/open-job-day-portes-ouvertes-recrutement-le-21-septembre\/","og_site_name":"inovall\u00e9e","article_publisher":"https:\/\/www.facebook.com\/technopoleinovallee\/","article_published_time":"2012-09-17T06:35:00+00:00","og_image":[{"url":"http:\/\/www.openjobday.com\/images\/home_logo.jpg","type":"","width":"","height":""}],"author":"Inovallee","twitter_card":"summary_large_image","twitter_creator":"@inovallee","twitter_site":"@inovallee","twitter_misc":{"Written by":"Inovallee"},"schema":{"@context":"https:\/\/schema.org","@graph":[{"@type":"Article","@id":"https:\/\/www.inovallee.com\/open-job-day-portes-ouvertes-recrutement-le-21-septembre\/#article","isPartOf":{"@id":"https:\/\/www.inovallee.com\/open-job-day-portes-ouvertes-recrutement-le-21-septembre\/"},"author":{"name":"Inovallee","@id":"https:\/\/www.inovallee.com\/#\/schema\/person\/a45b15518aad3111b2d61d257a3e023b"},"headline":"Open Job Day Portes ouvertes recrutement le 21 septembre","datePublished":"2012-09-17T06:35:00+00:00","mainEntityOfPage":{"@id":"https:\/\/www.inovallee.com\/open-job-day-portes-ouvertes-recrutement-le-21-septembre\/"},"wordCount":78,"publisher":{"@id":"https:\/\/www.inovallee.com\/#organization"},"image":{"@id":"https:\/\/www.inovallee.com\/open-job-day-portes-ouvertes-recrutement-le-21-septembre\/#primaryimage"},"thumbnailUrl":"http:\/\/www.openjobday.com\/images\/home_logo.jpg","articleSection":["Recrutement &amp; Emploi (Job dating, Conf\u00e9rences...)","RH \/ Recrutement"],"inLanguage":"en-GB"},{"@type":"WebPage","@id":"https:\/\/www.inovallee.com\/open-job-day-portes-ouvertes-recrutement-le-21-septembre\/","url":"https:\/\/www.inovallee.com\/open-job-day-portes-ouvertes-recrutement-le-21-septembre\/","name":"Open Job Day Portes ouvertes recrutement le 21 septembre - inovall\u00e9e","isPartOf":{"@id":"https:\/\/www.inovallee.com\/#website"},"primaryImageOfPage":{"@id":"https:\/\/www.inovallee.com\/open-job-day-portes-ouvertes-recrutement-le-21-septembre\/#primaryimage"},"image":{"@id":"https:\/\/www.inovallee.com\/open-job-day-portes-ouvertes-recrutement-le-21-septembre\/#primaryimage"},"thumbnailUrl":"http:\/\/www.openjobday.com\/images\/home_logo.jpg","datePublished":"2012-09-17T06:35:00+00:00","breadcrumb":{"@id":"https:\/\/www.inovallee.com\/open-job-day-portes-ouvertes-recrutement-le-21-septembre\/#breadcrumb"},"inLanguage":"en-GB","potentialAction":[{"@type":"ReadAction","target":["https:\/\/www.inovallee.com\/open-job-day-portes-ouvertes-recrutement-le-21-septembre\/"]}]},{"@type":"ImageObject","inLanguage":"en-GB","@id":"https:\/\/www.inovallee.com\/open-job-day-portes-ouvertes-recrutement-le-21-septembre\/#primaryimage","url":"http:\/\/www.openjobday.com\/images\/home_logo.jpg","contentUrl":"http:\/\/www.openjobday.com\/images\/home_logo.jpg"},{"@type":"BreadcrumbList","@id":"https:\/\/www.inovallee.com\/open-job-day-portes-ouvertes-recrutement-le-21-septembre\/#breadcrumb","itemListElement":[{"@type":"ListItem","position":1,"name":"Accueil","item":"https:\/\/www.inovallee.com\/"},{"@type":"ListItem","position":2,"name":"Open Job Day Portes ouvertes recrutement le 21 septembre"}]},{"@type":"WebSite","@id":"https:\/\/www.inovallee.com\/#website","url":"https:\/\/www.inovallee.com\/","name":"inovall\u00e9e technopole, Home to software & smart technologies","description":"Home to software &amp; smart technologies","publisher":{"@id":"https:\/\/www.inovallee.com\/#organization"},"potentialAction":[{"@type":"SearchAction","target":{"@type":"EntryPoint","urlTemplate":"https:\/\/www.inovallee.com\/?s={search_term_string}"},"query-input":{"@type":"PropertyValueSpecification","valueRequired":true,"valueName":"search_term_string"}}],"inLanguage":"en-GB"},{"@type":"Organization","@id":"https:\/\/www.inovallee.com\/#organization","name":"inovall\u00e9e","url":"https:\/\/www.inovallee.com\/","logo":{"@type":"ImageObject","inLanguage":"en-GB","@id":"https:\/\/www.inovallee.com\/#\/schema\/logo\/image\/","url":"https:\/\/www.inovallee.com\/wp-content\/uploads\/2023\/08\/inovallee_2022_GrenobleAlpes.png","contentUrl":"https:\/\/www.inovallee.com\/wp-content\/uploads\/2023\/08\/inovallee_2022_GrenobleAlpes.png","width":945,"height":369,"caption":"inovall\u00e9e"},"image":{"@id":"https:\/\/www.inovallee.com\/#\/schema\/logo\/image\/"},"sameAs":["https:\/\/www.facebook.com\/technopoleinovallee\/","https:\/\/x.com\/inovallee","https:\/\/www.linkedin.com\/company\/inovall-e\/","https:\/\/www.youtube.com\/user\/inovallee?reload=9"]},{"@type":"Person","@id":"https:\/\/www.inovallee.com\/#\/schema\/person\/a45b15518aad3111b2d61d257a3e023b","name":"Inovallee"}]}},"_links":{"self":[{"href":"https:\/\/www.inovallee.com\/en\/wp-json\/wp\/v2\/posts\/29029","targetHints":{"allow":["GET"]}}],"collection":[{"href":"https:\/\/www.inovallee.com\/en\/wp-json\/wp\/v2\/posts"}],"about":[{"href":"https:\/\/www.inovallee.com\/en\/wp-json\/wp\/v2\/types\/post"}],"author":[{"embeddable":true,"href":"https:\/\/www.inovallee.com\/en\/wp-json\/wp\/v2\/users\/6"}],"replies":[{"embeddable":true,"href":"https:\/\/www.inovallee.com\/en\/wp-json\/wp\/v2\/comments?post=29029"}],"version-history":[{"count":0,"href":"https:\/\/www.inovallee.com\/en\/wp-json\/wp\/v2\/posts\/29029\/revisions"}],"wp:attachment":[{"href":"https:\/\/www.inovallee.com\/en\/wp-json\/wp\/v2\/media?parent=29029"}],"wp:term":[{"taxonomy":"category","embeddable":true,"href":"https:\/\/www.inovallee.com\/en\/wp-json\/wp\/v2\/categories?post=29029"},{"taxonomy":"post_tag","embeddable":true,"href":"https:\/\/www.inovallee.com\/en\/wp-json\/wp\/v2\/tags?post=29029"}],"curies":[{"name":"wp","href":"https:\/\/api.w.org\/{rel}","templated":true}]}}