{"id":29034,"date":"2012-09-05T12:53:00","date_gmt":"2012-09-05T10:53:00","guid":{"rendered":"https:\/\/www.inovallee.com\/inria-20-ans-en-rhone-alpes\/"},"modified":"2020-06-23T18:43:15","modified_gmt":"2020-06-23T16:43:15","slug":"inria-20-ans-en-rhone-alpes","status":"publish","type":"post","link":"https:\/\/www.inovallee.com\/en\/inria-20-ans-en-rhone-alpes\/","title":{"rendered":"Inria : 20 ans en Rh\u00f4ne-Alpes"},"content":{"rendered":"<div dir=\"ltr\" style=\"text-align: left;\">\n<div style=\"clear: both; text-align: center;\"><a href=\"http:\/\/www.inria.fr\/var\/inria\/storage\/images\/medias\/grenoble\/presentation-images\/chapo\/logo-20ans_vignette.jpg\/534978-1-fre-FR\/logo-20ans_vignette.jpg_vignette.jpg\" style=\"clear: left; float: left; margin-bottom: 1em; margin-right: 1em;\"><img decoding=\"async\" border=\"0\" height=\"150\" src=\"http:\/\/www.inria.fr\/var\/inria\/storage\/images\/medias\/grenoble\/presentation-images\/chapo\/logo-20ans_vignette.jpg\/534978-1-fre-FR\/logo-20ans_vignette.jpg_vignette.jpg\" width=\"200\" \/><\/a><\/div>\n<p><span style=\"font-family: Verdana, sans-serif; font-size: x-small;\">Du 24 septembre au 21 d\u00e9cembre 2012, Inria Grenoble &#8211; Rh\u00f4ne-Alpes f\u00eate ses 20 ans ! D\u00e9couvrez ou red\u00e9couvrez 20 ann\u00e9es de recherche et d&rsquo;innovation en sciences du num\u00e9rique, de d\u00e9ploiement et de partenariats en Rh\u00f4ne-Alpes, de collaborations en France et \u00e0 l&rsquo;international, et proposez vos propres images et t\u00e9moignages ! <a href=\"http:\/\/www.inria.fr\/centre\/grenoble\/presentation\/20-ans-inria-grenoble\/presentation\" target=\"_blank\" rel=\"noopener noreferrer\">En savoir plus<\/a><\/span><\/div>","protected":false},"excerpt":{"rendered":"<p>Du 24 septembre au 21 d\u00e9cembre 2012, Inria Grenoble &#8211; Rh\u00f4ne-Alpes f\u00eate ses 20 ans ! D\u00e9couvrez ou red\u00e9couvrez 20 ann\u00e9es de recherche et d&rsquo;innovation en sciences du num\u00e9rique, de d\u00e9ploiement et de partenariats en Rh\u00f4ne-Alpes, de collaborations en France et \u00e0 l&rsquo;international, et proposez vos propres images et t\u00e9moignages ! En savoir plus<\/p>","protected":false},"author":6,"featured_media":0,"comment_status":"closed","ping_status":"open","sticky":false,"template":"","format":"standard","meta":{"footnotes":""},"categories":[28,33],"tags":[],"class_list":["post-29034","post","type-post","status-publish","format-standard","hentry","category-actus-entreprises","category-transport-mobilite-durable"],"yoast_head":"<!-- This site is optimized with the Yoast SEO plugin v27.4 - https:\/\/yoast.com\/product\/yoast-seo-wordpress\/ -->\n<title>Inria : 20 ans en Rh\u00f4ne-Alpes - inovall\u00e9e<\/title>\n<meta name=\"robots\" content=\"index, follow, max-snippet:-1, max-image-preview:large, max-video-preview:-1\" \/>\n<link rel=\"canonical\" href=\"https:\/\/www.inovallee.com\/en\/inria-20-ans-en-rhone-alpes\/\" \/>\n<meta property=\"og:locale\" content=\"en_GB\" \/>\n<meta property=\"og:type\" content=\"article\" \/>\n<meta property=\"og:title\" content=\"Inria : 20 ans en Rh\u00f4ne-Alpes - inovall\u00e9e\" \/>\n<meta property=\"og:description\" content=\"Du 24 septembre au 21 d\u00e9cembre 2012, Inria Grenoble &#8211; Rh\u00f4ne-Alpes f\u00eate ses 20 ans ! D\u00e9couvrez ou red\u00e9couvrez 20 ann\u00e9es de recherche et d&rsquo;innovation en sciences du num\u00e9rique, de d\u00e9ploiement et de partenariats en Rh\u00f4ne-Alpes, de collaborations en France et \u00e0 l&rsquo;international, et proposez vos propres images et t\u00e9moignages ! En savoir plus\" \/>\n<meta property=\"og:url\" content=\"https:\/\/www.inovallee.com\/en\/inria-20-ans-en-rhone-alpes\/\" \/>\n<meta property=\"og:site_name\" content=\"inovall\u00e9e\" \/>\n<meta property=\"article:publisher\" content=\"https:\/\/www.facebook.com\/technopoleinovallee\/\" \/>\n<meta property=\"article:published_time\" content=\"2012-09-05T10:53:00+00:00\" \/>\n<meta property=\"article:modified_time\" content=\"2020-06-23T16:43:15+00:00\" \/>\n<meta property=\"og:image\" content=\"http:\/\/www.inria.fr\/var\/inria\/storage\/images\/medias\/grenoble\/presentation-images\/chapo\/logo-20ans_vignette.jpg\/534978-1-fre-FR\/logo-20ans_vignette.jpg_vignette.jpg\" \/>\n<meta name=\"author\" content=\"Inovallee\" \/>\n<meta name=\"twitter:card\" content=\"summary_large_image\" \/>\n<meta name=\"twitter:creator\" content=\"@inovallee\" \/>\n<meta name=\"twitter:site\" content=\"@inovallee\" \/>\n<meta name=\"twitter:label1\" content=\"Written by\" \/>\n\t<meta name=\"twitter:data1\" content=\"Inovallee\" \/>\n<script type=\"application\/ld+json\" class=\"yoast-schema-graph\">{\"@context\":\"https:\\\/\\\/schema.org\",\"@graph\":[{\"@type\":\"Article\",\"@id\":\"https:\\\/\\\/www.inovallee.com\\\/inria-20-ans-en-rhone-alpes\\\/#article\",\"isPartOf\":{\"@id\":\"https:\\\/\\\/www.inovallee.com\\\/inria-20-ans-en-rhone-alpes\\\/\"},\"author\":{\"name\":\"Inovallee\",\"@id\":\"https:\\\/\\\/www.inovallee.com\\\/#\\\/schema\\\/person\\\/a45b15518aad3111b2d61d257a3e023b\"},\"headline\":\"Inria : 20 ans en Rh\u00f4ne-Alpes\",\"datePublished\":\"2012-09-05T10:53:00+00:00\",\"dateModified\":\"2020-06-23T16:43:15+00:00\",\"mainEntityOfPage\":{\"@id\":\"https:\\\/\\\/www.inovallee.com\\\/inria-20-ans-en-rhone-alpes\\\/\"},\"wordCount\":63,\"publisher\":{\"@id\":\"https:\\\/\\\/www.inovallee.com\\\/#organization\"},\"image\":{\"@id\":\"https:\\\/\\\/www.inovallee.com\\\/inria-20-ans-en-rhone-alpes\\\/#primaryimage\"},\"thumbnailUrl\":\"http:\\\/\\\/www.inria.fr\\\/var\\\/inria\\\/storage\\\/images\\\/medias\\\/grenoble\\\/presentation-images\\\/chapo\\\/logo-20ans_vignette.jpg\\\/534978-1-fre-FR\\\/logo-20ans_vignette.jpg_vignette.jpg\",\"articleSection\":[\"Sucess stories des entreprises d'inovall\u00e9e\",\"Transport et mobilit\u00e9 durable\"],\"inLanguage\":\"en-GB\"},{\"@type\":\"WebPage\",\"@id\":\"https:\\\/\\\/www.inovallee.com\\\/inria-20-ans-en-rhone-alpes\\\/\",\"url\":\"https:\\\/\\\/www.inovallee.com\\\/inria-20-ans-en-rhone-alpes\\\/\",\"name\":\"Inria : 20 ans en Rh\u00f4ne-Alpes - inovall\u00e9e\",\"isPartOf\":{\"@id\":\"https:\\\/\\\/www.inovallee.com\\\/#website\"},\"primaryImageOfPage\":{\"@id\":\"https:\\\/\\\/www.inovallee.com\\\/inria-20-ans-en-rhone-alpes\\\/#primaryimage\"},\"image\":{\"@id\":\"https:\\\/\\\/www.inovallee.com\\\/inria-20-ans-en-rhone-alpes\\\/#primaryimage\"},\"thumbnailUrl\":\"http:\\\/\\\/www.inria.fr\\\/var\\\/inria\\\/storage\\\/images\\\/medias\\\/grenoble\\\/presentation-images\\\/chapo\\\/logo-20ans_vignette.jpg\\\/534978-1-fre-FR\\\/logo-20ans_vignette.jpg_vignette.jpg\",\"datePublished\":\"2012-09-05T10:53:00+00:00\",\"dateModified\":\"2020-06-23T16:43:15+00:00\",\"breadcrumb\":{\"@id\":\"https:\\\/\\\/www.inovallee.com\\\/inria-20-ans-en-rhone-alpes\\\/#breadcrumb\"},\"inLanguage\":\"en-GB\",\"potentialAction\":[{\"@type\":\"ReadAction\",\"target\":[\"https:\\\/\\\/www.inovallee.com\\\/inria-20-ans-en-rhone-alpes\\\/\"]}]},{\"@type\":\"ImageObject\",\"inLanguage\":\"en-GB\",\"@id\":\"https:\\\/\\\/www.inovallee.com\\\/inria-20-ans-en-rhone-alpes\\\/#primaryimage\",\"url\":\"http:\\\/\\\/www.inria.fr\\\/var\\\/inria\\\/storage\\\/images\\\/medias\\\/grenoble\\\/presentation-images\\\/chapo\\\/logo-20ans_vignette.jpg\\\/534978-1-fre-FR\\\/logo-20ans_vignette.jpg_vignette.jpg\",\"contentUrl\":\"http:\\\/\\\/www.inria.fr\\\/var\\\/inria\\\/storage\\\/images\\\/medias\\\/grenoble\\\/presentation-images\\\/chapo\\\/logo-20ans_vignette.jpg\\\/534978-1-fre-FR\\\/logo-20ans_vignette.jpg_vignette.jpg\"},{\"@type\":\"BreadcrumbList\",\"@id\":\"https:\\\/\\\/www.inovallee.com\\\/inria-20-ans-en-rhone-alpes\\\/#breadcrumb\",\"itemListElement\":[{\"@type\":\"ListItem\",\"position\":1,\"name\":\"Accueil\",\"item\":\"https:\\\/\\\/www.inovallee.com\\\/\"},{\"@type\":\"ListItem\",\"position\":2,\"name\":\"Inria : 20 ans en Rh\u00f4ne-Alpes\"}]},{\"@type\":\"WebSite\",\"@id\":\"https:\\\/\\\/www.inovallee.com\\\/#website\",\"url\":\"https:\\\/\\\/www.inovallee.com\\\/\",\"name\":\"inovall\u00e9e technopole, Home to software & smart technologies\",\"description\":\"Home to software &amp; smart technologies\",\"publisher\":{\"@id\":\"https:\\\/\\\/www.inovallee.com\\\/#organization\"},\"potentialAction\":[{\"@type\":\"SearchAction\",\"target\":{\"@type\":\"EntryPoint\",\"urlTemplate\":\"https:\\\/\\\/www.inovallee.com\\\/?s={search_term_string}\"},\"query-input\":{\"@type\":\"PropertyValueSpecification\",\"valueRequired\":true,\"valueName\":\"search_term_string\"}}],\"inLanguage\":\"en-GB\"},{\"@type\":\"Organization\",\"@id\":\"https:\\\/\\\/www.inovallee.com\\\/#organization\",\"name\":\"inovall\u00e9e\",\"url\":\"https:\\\/\\\/www.inovallee.com\\\/\",\"logo\":{\"@type\":\"ImageObject\",\"inLanguage\":\"en-GB\",\"@id\":\"https:\\\/\\\/www.inovallee.com\\\/#\\\/schema\\\/logo\\\/image\\\/\",\"url\":\"https:\\\/\\\/www.inovallee.com\\\/wp-content\\\/uploads\\\/2023\\\/08\\\/inovallee_2022_GrenobleAlpes.png\",\"contentUrl\":\"https:\\\/\\\/www.inovallee.com\\\/wp-content\\\/uploads\\\/2023\\\/08\\\/inovallee_2022_GrenobleAlpes.png\",\"width\":945,\"height\":369,\"caption\":\"inovall\u00e9e\"},\"image\":{\"@id\":\"https:\\\/\\\/www.inovallee.com\\\/#\\\/schema\\\/logo\\\/image\\\/\"},\"sameAs\":[\"https:\\\/\\\/www.facebook.com\\\/technopoleinovallee\\\/\",\"https:\\\/\\\/x.com\\\/inovallee\",\"https:\\\/\\\/www.linkedin.com\\\/company\\\/inovall-e\\\/\",\"https:\\\/\\\/www.youtube.com\\\/user\\\/inovallee?reload=9\"]},{\"@type\":\"Person\",\"@id\":\"https:\\\/\\\/www.inovallee.com\\\/#\\\/schema\\\/person\\\/a45b15518aad3111b2d61d257a3e023b\",\"name\":\"Inovallee\"}]}<\/script>\n<!-- \/ Yoast SEO plugin. -->","yoast_head_json":{"title":"Inria : 20 ans en Rh\u00f4ne-Alpes - inovall\u00e9e","robots":{"index":"index","follow":"follow","max-snippet":"max-snippet:-1","max-image-preview":"max-image-preview:large","max-video-preview":"max-video-preview:-1"},"canonical":"https:\/\/www.inovallee.com\/en\/inria-20-ans-en-rhone-alpes\/","og_locale":"en_GB","og_type":"article","og_title":"Inria : 20 ans en Rh\u00f4ne-Alpes - inovall\u00e9e","og_description":"Du 24 septembre au 21 d\u00e9cembre 2012, Inria Grenoble &#8211; Rh\u00f4ne-Alpes f\u00eate ses 20 ans ! D\u00e9couvrez ou red\u00e9couvrez 20 ann\u00e9es de recherche et d&rsquo;innovation en sciences du num\u00e9rique, de d\u00e9ploiement et de partenariats en Rh\u00f4ne-Alpes, de collaborations en France et \u00e0 l&rsquo;international, et proposez vos propres images et t\u00e9moignages ! En savoir plus","og_url":"https:\/\/www.inovallee.com\/en\/inria-20-ans-en-rhone-alpes\/","og_site_name":"inovall\u00e9e","article_publisher":"https:\/\/www.facebook.com\/technopoleinovallee\/","article_published_time":"2012-09-05T10:53:00+00:00","article_modified_time":"2020-06-23T16:43:15+00:00","og_image":[{"url":"http:\/\/www.inria.fr\/var\/inria\/storage\/images\/medias\/grenoble\/presentation-images\/chapo\/logo-20ans_vignette.jpg\/534978-1-fre-FR\/logo-20ans_vignette.jpg_vignette.jpg","type":"","width":"","height":""}],"author":"Inovallee","twitter_card":"summary_large_image","twitter_creator":"@inovallee","twitter_site":"@inovallee","twitter_misc":{"Written by":"Inovallee"},"schema":{"@context":"https:\/\/schema.org","@graph":[{"@type":"Article","@id":"https:\/\/www.inovallee.com\/inria-20-ans-en-rhone-alpes\/#article","isPartOf":{"@id":"https:\/\/www.inovallee.com\/inria-20-ans-en-rhone-alpes\/"},"author":{"name":"Inovallee","@id":"https:\/\/www.inovallee.com\/#\/schema\/person\/a45b15518aad3111b2d61d257a3e023b"},"headline":"Inria : 20 ans en Rh\u00f4ne-Alpes","datePublished":"2012-09-05T10:53:00+00:00","dateModified":"2020-06-23T16:43:15+00:00","mainEntityOfPage":{"@id":"https:\/\/www.inovallee.com\/inria-20-ans-en-rhone-alpes\/"},"wordCount":63,"publisher":{"@id":"https:\/\/www.inovallee.com\/#organization"},"image":{"@id":"https:\/\/www.inovallee.com\/inria-20-ans-en-rhone-alpes\/#primaryimage"},"thumbnailUrl":"http:\/\/www.inria.fr\/var\/inria\/storage\/images\/medias\/grenoble\/presentation-images\/chapo\/logo-20ans_vignette.jpg\/534978-1-fre-FR\/logo-20ans_vignette.jpg_vignette.jpg","articleSection":["Sucess stories des entreprises d'inovall\u00e9e","Transport et mobilit\u00e9 durable"],"inLanguage":"en-GB"},{"@type":"WebPage","@id":"https:\/\/www.inovallee.com\/inria-20-ans-en-rhone-alpes\/","url":"https:\/\/www.inovallee.com\/inria-20-ans-en-rhone-alpes\/","name":"Inria : 20 ans en Rh\u00f4ne-Alpes - inovall\u00e9e","isPartOf":{"@id":"https:\/\/www.inovallee.com\/#website"},"primaryImageOfPage":{"@id":"https:\/\/www.inovallee.com\/inria-20-ans-en-rhone-alpes\/#primaryimage"},"image":{"@id":"https:\/\/www.inovallee.com\/inria-20-ans-en-rhone-alpes\/#primaryimage"},"thumbnailUrl":"http:\/\/www.inria.fr\/var\/inria\/storage\/images\/medias\/grenoble\/presentation-images\/chapo\/logo-20ans_vignette.jpg\/534978-1-fre-FR\/logo-20ans_vignette.jpg_vignette.jpg","datePublished":"2012-09-05T10:53:00+00:00","dateModified":"2020-06-23T16:43:15+00:00","breadcrumb":{"@id":"https:\/\/www.inovallee.com\/inria-20-ans-en-rhone-alpes\/#breadcrumb"},"inLanguage":"en-GB","potentialAction":[{"@type":"ReadAction","target":["https:\/\/www.inovallee.com\/inria-20-ans-en-rhone-alpes\/"]}]},{"@type":"ImageObject","inLanguage":"en-GB","@id":"https:\/\/www.inovallee.com\/inria-20-ans-en-rhone-alpes\/#primaryimage","url":"http:\/\/www.inria.fr\/var\/inria\/storage\/images\/medias\/grenoble\/presentation-images\/chapo\/logo-20ans_vignette.jpg\/534978-1-fre-FR\/logo-20ans_vignette.jpg_vignette.jpg","contentUrl":"http:\/\/www.inria.fr\/var\/inria\/storage\/images\/medias\/grenoble\/presentation-images\/chapo\/logo-20ans_vignette.jpg\/534978-1-fre-FR\/logo-20ans_vignette.jpg_vignette.jpg"},{"@type":"BreadcrumbList","@id":"https:\/\/www.inovallee.com\/inria-20-ans-en-rhone-alpes\/#breadcrumb","itemListElement":[{"@type":"ListItem","position":1,"name":"Accueil","item":"https:\/\/www.inovallee.com\/"},{"@type":"ListItem","position":2,"name":"Inria : 20 ans en Rh\u00f4ne-Alpes"}]},{"@type":"WebSite","@id":"https:\/\/www.inovallee.com\/#website","url":"https:\/\/www.inovallee.com\/","name":"inovall\u00e9e technopole, Home to software & smart technologies","description":"Home to software &amp; smart technologies","publisher":{"@id":"https:\/\/www.inovallee.com\/#organization"},"potentialAction":[{"@type":"SearchAction","target":{"@type":"EntryPoint","urlTemplate":"https:\/\/www.inovallee.com\/?s={search_term_string}"},"query-input":{"@type":"PropertyValueSpecification","valueRequired":true,"valueName":"search_term_string"}}],"inLanguage":"en-GB"},{"@type":"Organization","@id":"https:\/\/www.inovallee.com\/#organization","name":"inovall\u00e9e","url":"https:\/\/www.inovallee.com\/","logo":{"@type":"ImageObject","inLanguage":"en-GB","@id":"https:\/\/www.inovallee.com\/#\/schema\/logo\/image\/","url":"https:\/\/www.inovallee.com\/wp-content\/uploads\/2023\/08\/inovallee_2022_GrenobleAlpes.png","contentUrl":"https:\/\/www.inovallee.com\/wp-content\/uploads\/2023\/08\/inovallee_2022_GrenobleAlpes.png","width":945,"height":369,"caption":"inovall\u00e9e"},"image":{"@id":"https:\/\/www.inovallee.com\/#\/schema\/logo\/image\/"},"sameAs":["https:\/\/www.facebook.com\/technopoleinovallee\/","https:\/\/x.com\/inovallee","https:\/\/www.linkedin.com\/company\/inovall-e\/","https:\/\/www.youtube.com\/user\/inovallee?reload=9"]},{"@type":"Person","@id":"https:\/\/www.inovallee.com\/#\/schema\/person\/a45b15518aad3111b2d61d257a3e023b","name":"Inovallee"}]}},"_links":{"self":[{"href":"https:\/\/www.inovallee.com\/en\/wp-json\/wp\/v2\/posts\/29034","targetHints":{"allow":["GET"]}}],"collection":[{"href":"https:\/\/www.inovallee.com\/en\/wp-json\/wp\/v2\/posts"}],"about":[{"href":"https:\/\/www.inovallee.com\/en\/wp-json\/wp\/v2\/types\/post"}],"author":[{"embeddable":true,"href":"https:\/\/www.inovallee.com\/en\/wp-json\/wp\/v2\/users\/6"}],"replies":[{"embeddable":true,"href":"https:\/\/www.inovallee.com\/en\/wp-json\/wp\/v2\/comments?post=29034"}],"version-history":[{"count":0,"href":"https:\/\/www.inovallee.com\/en\/wp-json\/wp\/v2\/posts\/29034\/revisions"}],"wp:attachment":[{"href":"https:\/\/www.inovallee.com\/en\/wp-json\/wp\/v2\/media?parent=29034"}],"wp:term":[{"taxonomy":"category","embeddable":true,"href":"https:\/\/www.inovallee.com\/en\/wp-json\/wp\/v2\/categories?post=29034"},{"taxonomy":"post_tag","embeddable":true,"href":"https:\/\/www.inovallee.com\/en\/wp-json\/wp\/v2\/tags?post=29034"}],"curies":[{"name":"wp","href":"https:\/\/api.w.org\/{rel}","templated":true}]}}