{"id":33342,"date":"2021-02-25T15:37:22","date_gmt":"2021-02-25T14:37:22","guid":{"rendered":"https:\/\/www.inovallee.com\/?p=33342"},"modified":"2021-02-25T15:37:22","modified_gmt":"2021-02-25T14:37:22","slug":"linclusion-par-lemploi-programme-fiam","status":"publish","type":"post","link":"https:\/\/www.inovallee.com\/en\/linclusion-par-lemploi-programme-fiam\/","title":{"rendered":"L\u2019inclusion par l\u2019emploi \u2013 Programme FIAM"},"content":{"rendered":"<h5>Vous allez recruter dans vos ateliers de production\u00a0?<\/h5>\n<h5>Vous avez besoin de comp\u00e9tences \u00e0 l\u2019atelier\u00a0?<\/h5>\n<h5>Vous souhaitez \u00eatre entreprise d\u2019accueil pour un alternant\u00a0reconnu de qualit\u00e9 de travailleur handicap\u00e9 ?<\/h5>\n<h4><strong>D\u00e9couvrez le programme FIAM. <\/strong><\/h4>\n<p><strong>Le programme FIAM<\/strong> permet le d\u00e9veloppement de l\u2019employabilit\u00e9 de personnes ayant une RQTH (Reconnaissance de la qualit\u00e9 de travailleur handicap\u00e9, b\u00e9n\u00e9ficiaires de la loi 2005) et assure\u00a0la s\u00e9curisation des parcours de\u00a0formation pour les participants. <strong>FIAM un\u00a0programme de formation en alternance sur 15 mois<\/strong> visant \u00e0 qualifier des personnes en situation de handicap et pouvant r\u00e9pondre \u00e0 vos besoins en personnel. A l\u2019issue du programme, il n\u2019y a pas d\u2019engagement de recrutement.<\/p>\n<p>La session 2021\/2022 en Is\u00e8re a pour objectif plusieurs certifications\u00a0d\u00e9livr\u00e9es par le P\u00f4le Formation Moirans :<\/p>\n<ul>\n<li>CQPM \u00ab\u00a0Conducteur de Syst\u00e8me de Production Automatis\u00e9 \u00bb<\/li>\n<li>CQPI \u00ab\u00a0Conducteur d\u2019Equipements Industriels\u00a0\u00bb<\/li>\n<li>CQPM \u00ab\u00a0Equipier Autonome de Production Industrielle\u00a0\u00bb\u00a0: \u00a0Op\u00e9rateur de Production\u00a0: assemblage, montage, c\u00e2blage\u2026<\/li>\n<\/ul>\n<p>D\u00e9marrage pr\u00e9vu le 04 mars 2021 pour l\u2019entr\u00e9e en formation\u00a0!<\/p>\n<h6>Plus d\u2019information sur LinkedIn\u00a0:\u00a0<strong><a href=\"https:\/\/www.linkedin.com\/company\/37507034\/\">https:\/\/www.linkedin.com\/company\/37507034\/<\/a><\/strong><\/h6>\n<div><\/div>","protected":false},"excerpt":{"rendered":"<p>Vous allez recruter dans vos ateliers de production\u00a0? Vous avez besoin de comp\u00e9tences \u00e0 l\u2019atelier\u00a0? Vous souhaitez \u00eatre entreprise d\u2019accueil pour un alternant\u00a0reconnu de qualit\u00e9 de travailleur handicap\u00e9 ? D\u00e9couvrez le programme FIAM. Le programme FIAM permet le d\u00e9veloppement de l\u2019employabilit\u00e9 de personnes ayant une RQTH (Reconnaissance de la qualit\u00e9 de travailleur handicap\u00e9, b\u00e9n\u00e9ficiaires de [&hellip;]<\/p>\n","protected":false},"author":13,"featured_media":33344,"comment_status":"closed","ping_status":"open","sticky":false,"template":"","format":"standard","meta":{"footnotes":""},"categories":[59,37,39,40,56],"tags":[337,334,335,74,336],"class_list":["post-33342","post","type-post","status-publish","format-standard","has-post-thumbnail","hentry","category-formation-developpement-competences-salaries","category-my-ino","category-recrutement-rh-job-dating","category-rh-recrutement","category-bonnes-pratiques-rh-management","tag-certifications","tag-emploi","tag-fiam","tag-formation","tag-inclusion"],"yoast_head":"<!-- This site is optimized with the Yoast SEO plugin v27.4 - https:\/\/yoast.com\/product\/yoast-seo-wordpress\/ -->\n<title>L\u2019inclusion par l\u2019emploi \u2013 Programme FIAM - inovall\u00e9e<\/title>\n<meta name=\"description\" content=\"Vous allez recruter dans vos ateliers de production ? Vous avez besoin de comp\u00e9tences \u00e0 l\u2019atelier ? D\u00e9couvrez le programme FIAM.\" \/>\n<meta name=\"robots\" content=\"index, follow, max-snippet:-1, max-image-preview:large, max-video-preview:-1\" \/>\n<link rel=\"canonical\" href=\"https:\/\/www.inovallee.com\/en\/linclusion-par-lemploi-programme-fiam\/\" \/>\n<meta property=\"og:locale\" content=\"en_GB\" \/>\n<meta property=\"og:type\" content=\"article\" \/>\n<meta property=\"og:title\" content=\"L\u2019inclusion par l\u2019emploi \u2013 Programme FIAM - inovall\u00e9e\" \/>\n<meta property=\"og:description\" content=\"Vous allez recruter dans vos ateliers de production ? Vous avez besoin de comp\u00e9tences \u00e0 l\u2019atelier ? D\u00e9couvrez le programme FIAM.\" \/>\n<meta property=\"og:url\" content=\"https:\/\/www.inovallee.com\/en\/linclusion-par-lemploi-programme-fiam\/\" \/>\n<meta property=\"og:site_name\" content=\"inovall\u00e9e\" \/>\n<meta property=\"article:publisher\" content=\"https:\/\/www.facebook.com\/technopoleinovallee\/\" \/>\n<meta property=\"article:published_time\" content=\"2021-02-25T14:37:22+00:00\" \/>\n<meta property=\"og:image\" content=\"https:\/\/www.inovallee.com\/wp-content\/uploads\/2021\/02\/FIAM-inclusion.jpg\" \/>\n\t<meta property=\"og:image:width\" content=\"1536\" \/>\n\t<meta property=\"og:image:height\" content=\"1536\" \/>\n\t<meta property=\"og:image:type\" content=\"image\/jpeg\" \/>\n<meta name=\"author\" content=\"ACCUEIL INOVALLEE\" \/>\n<meta name=\"twitter:card\" content=\"summary_large_image\" \/>\n<meta name=\"twitter:creator\" content=\"@inovallee\" \/>\n<meta name=\"twitter:site\" content=\"@inovallee\" \/>\n<meta name=\"twitter:label1\" content=\"Written by\" \/>\n\t<meta name=\"twitter:data1\" content=\"ACCUEIL INOVALLEE\" \/>\n\t<meta name=\"twitter:label2\" content=\"Estimated reading time\" \/>\n\t<meta name=\"twitter:data2\" content=\"1 minute\" \/>\n<script type=\"application\/ld+json\" class=\"yoast-schema-graph\">{\"@context\":\"https:\\\/\\\/schema.org\",\"@graph\":[{\"@type\":\"Article\",\"@id\":\"https:\\\/\\\/www.inovallee.com\\\/linclusion-par-lemploi-programme-fiam\\\/#article\",\"isPartOf\":{\"@id\":\"https:\\\/\\\/www.inovallee.com\\\/linclusion-par-lemploi-programme-fiam\\\/\"},\"author\":{\"name\":\"ACCUEIL INOVALLEE\",\"@id\":\"https:\\\/\\\/www.inovallee.com\\\/#\\\/schema\\\/person\\\/59f9e8d62b4452520c695fbbac56e89d\"},\"headline\":\"L\u2019inclusion par l\u2019emploi \u2013 Programme FIAM\",\"datePublished\":\"2021-02-25T14:37:22+00:00\",\"mainEntityOfPage\":{\"@id\":\"https:\\\/\\\/www.inovallee.com\\\/linclusion-par-lemploi-programme-fiam\\\/\"},\"wordCount\":190,\"publisher\":{\"@id\":\"https:\\\/\\\/www.inovallee.com\\\/#organization\"},\"image\":{\"@id\":\"https:\\\/\\\/www.inovallee.com\\\/linclusion-par-lemploi-programme-fiam\\\/#primaryimage\"},\"thumbnailUrl\":\"https:\\\/\\\/www.inovallee.com\\\/wp-content\\\/uploads\\\/2021\\\/02\\\/FIAM-inclusion.jpg\",\"keywords\":[\"certifications\",\"emploi\",\"FIAM\",\"formation\",\"Inclusion\"],\"articleSection\":[\"Formations et d\u00e9veloppement des comp\u00e9tences\",\"My Ino : Vivre &amp; travailler sur inovall\u00e9e\",\"Recrutement &amp; Emploi (Job dating, Conf\u00e9rences...)\",\"RH \\\/ Recrutement\",\"RH, \u00e9quipe et management\"],\"inLanguage\":\"en-GB\"},{\"@type\":\"WebPage\",\"@id\":\"https:\\\/\\\/www.inovallee.com\\\/linclusion-par-lemploi-programme-fiam\\\/\",\"url\":\"https:\\\/\\\/www.inovallee.com\\\/linclusion-par-lemploi-programme-fiam\\\/\",\"name\":\"L\u2019inclusion par l\u2019emploi \u2013 Programme FIAM - inovall\u00e9e\",\"isPartOf\":{\"@id\":\"https:\\\/\\\/www.inovallee.com\\\/#website\"},\"primaryImageOfPage\":{\"@id\":\"https:\\\/\\\/www.inovallee.com\\\/linclusion-par-lemploi-programme-fiam\\\/#primaryimage\"},\"image\":{\"@id\":\"https:\\\/\\\/www.inovallee.com\\\/linclusion-par-lemploi-programme-fiam\\\/#primaryimage\"},\"thumbnailUrl\":\"https:\\\/\\\/www.inovallee.com\\\/wp-content\\\/uploads\\\/2021\\\/02\\\/FIAM-inclusion.jpg\",\"datePublished\":\"2021-02-25T14:37:22+00:00\",\"description\":\"Vous allez recruter dans vos ateliers de production ? Vous avez besoin de comp\u00e9tences \u00e0 l\u2019atelier ? D\u00e9couvrez le programme FIAM.\",\"breadcrumb\":{\"@id\":\"https:\\\/\\\/www.inovallee.com\\\/linclusion-par-lemploi-programme-fiam\\\/#breadcrumb\"},\"inLanguage\":\"en-GB\",\"potentialAction\":[{\"@type\":\"ReadAction\",\"target\":[\"https:\\\/\\\/www.inovallee.com\\\/linclusion-par-lemploi-programme-fiam\\\/\"]}]},{\"@type\":\"ImageObject\",\"inLanguage\":\"en-GB\",\"@id\":\"https:\\\/\\\/www.inovallee.com\\\/linclusion-par-lemploi-programme-fiam\\\/#primaryimage\",\"url\":\"https:\\\/\\\/www.inovallee.com\\\/wp-content\\\/uploads\\\/2021\\\/02\\\/FIAM-inclusion.jpg\",\"contentUrl\":\"https:\\\/\\\/www.inovallee.com\\\/wp-content\\\/uploads\\\/2021\\\/02\\\/FIAM-inclusion.jpg\",\"width\":1536,\"height\":1536,\"caption\":\"Le programme FIAM permet le d\u00e9veloppement de l\u2019employabilit\u00e9 de personnes ayant une RQTH.\"},{\"@type\":\"BreadcrumbList\",\"@id\":\"https:\\\/\\\/www.inovallee.com\\\/linclusion-par-lemploi-programme-fiam\\\/#breadcrumb\",\"itemListElement\":[{\"@type\":\"ListItem\",\"position\":1,\"name\":\"Accueil\",\"item\":\"https:\\\/\\\/www.inovallee.com\\\/\"},{\"@type\":\"ListItem\",\"position\":2,\"name\":\"L\u2019inclusion par l\u2019emploi \u2013 Programme FIAM\"}]},{\"@type\":\"WebSite\",\"@id\":\"https:\\\/\\\/www.inovallee.com\\\/#website\",\"url\":\"https:\\\/\\\/www.inovallee.com\\\/\",\"name\":\"inovall\u00e9e technopole, Home to software & smart technologies\",\"description\":\"Home to software &amp; smart technologies\",\"publisher\":{\"@id\":\"https:\\\/\\\/www.inovallee.com\\\/#organization\"},\"potentialAction\":[{\"@type\":\"SearchAction\",\"target\":{\"@type\":\"EntryPoint\",\"urlTemplate\":\"https:\\\/\\\/www.inovallee.com\\\/?s={search_term_string}\"},\"query-input\":{\"@type\":\"PropertyValueSpecification\",\"valueRequired\":true,\"valueName\":\"search_term_string\"}}],\"inLanguage\":\"en-GB\"},{\"@type\":\"Organization\",\"@id\":\"https:\\\/\\\/www.inovallee.com\\\/#organization\",\"name\":\"inovall\u00e9e\",\"url\":\"https:\\\/\\\/www.inovallee.com\\\/\",\"logo\":{\"@type\":\"ImageObject\",\"inLanguage\":\"en-GB\",\"@id\":\"https:\\\/\\\/www.inovallee.com\\\/#\\\/schema\\\/logo\\\/image\\\/\",\"url\":\"https:\\\/\\\/www.inovallee.com\\\/wp-content\\\/uploads\\\/2023\\\/08\\\/inovallee_2022_GrenobleAlpes.png\",\"contentUrl\":\"https:\\\/\\\/www.inovallee.com\\\/wp-content\\\/uploads\\\/2023\\\/08\\\/inovallee_2022_GrenobleAlpes.png\",\"width\":945,\"height\":369,\"caption\":\"inovall\u00e9e\"},\"image\":{\"@id\":\"https:\\\/\\\/www.inovallee.com\\\/#\\\/schema\\\/logo\\\/image\\\/\"},\"sameAs\":[\"https:\\\/\\\/www.facebook.com\\\/technopoleinovallee\\\/\",\"https:\\\/\\\/x.com\\\/inovallee\",\"https:\\\/\\\/www.linkedin.com\\\/company\\\/inovall-e\\\/\",\"https:\\\/\\\/www.youtube.com\\\/user\\\/inovallee?reload=9\"]},{\"@type\":\"Person\",\"@id\":\"https:\\\/\\\/www.inovallee.com\\\/#\\\/schema\\\/person\\\/59f9e8d62b4452520c695fbbac56e89d\",\"name\":\"ACCUEIL INOVALLEE\"}]}<\/script>\n<!-- \/ Yoast SEO plugin. -->","yoast_head_json":{"title":"L\u2019inclusion par l\u2019emploi \u2013 Programme FIAM - inovall\u00e9e","description":"Vous allez recruter dans vos ateliers de production ? Vous avez besoin de comp\u00e9tences \u00e0 l\u2019atelier ? D\u00e9couvrez le programme FIAM.","robots":{"index":"index","follow":"follow","max-snippet":"max-snippet:-1","max-image-preview":"max-image-preview:large","max-video-preview":"max-video-preview:-1"},"canonical":"https:\/\/www.inovallee.com\/en\/linclusion-par-lemploi-programme-fiam\/","og_locale":"en_GB","og_type":"article","og_title":"L\u2019inclusion par l\u2019emploi \u2013 Programme FIAM - inovall\u00e9e","og_description":"Vous allez recruter dans vos ateliers de production ? Vous avez besoin de comp\u00e9tences \u00e0 l\u2019atelier ? D\u00e9couvrez le programme FIAM.","og_url":"https:\/\/www.inovallee.com\/en\/linclusion-par-lemploi-programme-fiam\/","og_site_name":"inovall\u00e9e","article_publisher":"https:\/\/www.facebook.com\/technopoleinovallee\/","article_published_time":"2021-02-25T14:37:22+00:00","og_image":[{"width":1536,"height":1536,"url":"https:\/\/www.inovallee.com\/wp-content\/uploads\/2021\/02\/FIAM-inclusion.jpg","type":"image\/jpeg"}],"author":"ACCUEIL INOVALLEE","twitter_card":"summary_large_image","twitter_creator":"@inovallee","twitter_site":"@inovallee","twitter_misc":{"Written by":"ACCUEIL INOVALLEE","Estimated reading time":"1 minute"},"schema":{"@context":"https:\/\/schema.org","@graph":[{"@type":"Article","@id":"https:\/\/www.inovallee.com\/linclusion-par-lemploi-programme-fiam\/#article","isPartOf":{"@id":"https:\/\/www.inovallee.com\/linclusion-par-lemploi-programme-fiam\/"},"author":{"name":"ACCUEIL INOVALLEE","@id":"https:\/\/www.inovallee.com\/#\/schema\/person\/59f9e8d62b4452520c695fbbac56e89d"},"headline":"L\u2019inclusion par l\u2019emploi \u2013 Programme FIAM","datePublished":"2021-02-25T14:37:22+00:00","mainEntityOfPage":{"@id":"https:\/\/www.inovallee.com\/linclusion-par-lemploi-programme-fiam\/"},"wordCount":190,"publisher":{"@id":"https:\/\/www.inovallee.com\/#organization"},"image":{"@id":"https:\/\/www.inovallee.com\/linclusion-par-lemploi-programme-fiam\/#primaryimage"},"thumbnailUrl":"https:\/\/www.inovallee.com\/wp-content\/uploads\/2021\/02\/FIAM-inclusion.jpg","keywords":["certifications","emploi","FIAM","formation","Inclusion"],"articleSection":["Formations et d\u00e9veloppement des comp\u00e9tences","My Ino : Vivre &amp; travailler sur inovall\u00e9e","Recrutement &amp; Emploi (Job dating, Conf\u00e9rences...)","RH \/ Recrutement","RH, \u00e9quipe et management"],"inLanguage":"en-GB"},{"@type":"WebPage","@id":"https:\/\/www.inovallee.com\/linclusion-par-lemploi-programme-fiam\/","url":"https:\/\/www.inovallee.com\/linclusion-par-lemploi-programme-fiam\/","name":"L\u2019inclusion par l\u2019emploi \u2013 Programme FIAM - inovall\u00e9e","isPartOf":{"@id":"https:\/\/www.inovallee.com\/#website"},"primaryImageOfPage":{"@id":"https:\/\/www.inovallee.com\/linclusion-par-lemploi-programme-fiam\/#primaryimage"},"image":{"@id":"https:\/\/www.inovallee.com\/linclusion-par-lemploi-programme-fiam\/#primaryimage"},"thumbnailUrl":"https:\/\/www.inovallee.com\/wp-content\/uploads\/2021\/02\/FIAM-inclusion.jpg","datePublished":"2021-02-25T14:37:22+00:00","description":"Vous allez recruter dans vos ateliers de production ? Vous avez besoin de comp\u00e9tences \u00e0 l\u2019atelier ? D\u00e9couvrez le programme FIAM.","breadcrumb":{"@id":"https:\/\/www.inovallee.com\/linclusion-par-lemploi-programme-fiam\/#breadcrumb"},"inLanguage":"en-GB","potentialAction":[{"@type":"ReadAction","target":["https:\/\/www.inovallee.com\/linclusion-par-lemploi-programme-fiam\/"]}]},{"@type":"ImageObject","inLanguage":"en-GB","@id":"https:\/\/www.inovallee.com\/linclusion-par-lemploi-programme-fiam\/#primaryimage","url":"https:\/\/www.inovallee.com\/wp-content\/uploads\/2021\/02\/FIAM-inclusion.jpg","contentUrl":"https:\/\/www.inovallee.com\/wp-content\/uploads\/2021\/02\/FIAM-inclusion.jpg","width":1536,"height":1536,"caption":"Le programme FIAM permet le d\u00e9veloppement de l\u2019employabilit\u00e9 de personnes ayant une RQTH."},{"@type":"BreadcrumbList","@id":"https:\/\/www.inovallee.com\/linclusion-par-lemploi-programme-fiam\/#breadcrumb","itemListElement":[{"@type":"ListItem","position":1,"name":"Accueil","item":"https:\/\/www.inovallee.com\/"},{"@type":"ListItem","position":2,"name":"L\u2019inclusion par l\u2019emploi \u2013 Programme FIAM"}]},{"@type":"WebSite","@id":"https:\/\/www.inovallee.com\/#website","url":"https:\/\/www.inovallee.com\/","name":"inovall\u00e9e technopole, Home to software & smart technologies","description":"Home to software &amp; smart technologies","publisher":{"@id":"https:\/\/www.inovallee.com\/#organization"},"potentialAction":[{"@type":"SearchAction","target":{"@type":"EntryPoint","urlTemplate":"https:\/\/www.inovallee.com\/?s={search_term_string}"},"query-input":{"@type":"PropertyValueSpecification","valueRequired":true,"valueName":"search_term_string"}}],"inLanguage":"en-GB"},{"@type":"Organization","@id":"https:\/\/www.inovallee.com\/#organization","name":"inovall\u00e9e","url":"https:\/\/www.inovallee.com\/","logo":{"@type":"ImageObject","inLanguage":"en-GB","@id":"https:\/\/www.inovallee.com\/#\/schema\/logo\/image\/","url":"https:\/\/www.inovallee.com\/wp-content\/uploads\/2023\/08\/inovallee_2022_GrenobleAlpes.png","contentUrl":"https:\/\/www.inovallee.com\/wp-content\/uploads\/2023\/08\/inovallee_2022_GrenobleAlpes.png","width":945,"height":369,"caption":"inovall\u00e9e"},"image":{"@id":"https:\/\/www.inovallee.com\/#\/schema\/logo\/image\/"},"sameAs":["https:\/\/www.facebook.com\/technopoleinovallee\/","https:\/\/x.com\/inovallee","https:\/\/www.linkedin.com\/company\/inovall-e\/","https:\/\/www.youtube.com\/user\/inovallee?reload=9"]},{"@type":"Person","@id":"https:\/\/www.inovallee.com\/#\/schema\/person\/59f9e8d62b4452520c695fbbac56e89d","name":"ACCUEIL INOVALLEE"}]}},"_links":{"self":[{"href":"https:\/\/www.inovallee.com\/en\/wp-json\/wp\/v2\/posts\/33342","targetHints":{"allow":["GET"]}}],"collection":[{"href":"https:\/\/www.inovallee.com\/en\/wp-json\/wp\/v2\/posts"}],"about":[{"href":"https:\/\/www.inovallee.com\/en\/wp-json\/wp\/v2\/types\/post"}],"author":[{"embeddable":true,"href":"https:\/\/www.inovallee.com\/en\/wp-json\/wp\/v2\/users\/13"}],"replies":[{"embeddable":true,"href":"https:\/\/www.inovallee.com\/en\/wp-json\/wp\/v2\/comments?post=33342"}],"version-history":[{"count":0,"href":"https:\/\/www.inovallee.com\/en\/wp-json\/wp\/v2\/posts\/33342\/revisions"}],"wp:featuredmedia":[{"embeddable":true,"href":"https:\/\/www.inovallee.com\/en\/wp-json\/wp\/v2\/media\/33344"}],"wp:attachment":[{"href":"https:\/\/www.inovallee.com\/en\/wp-json\/wp\/v2\/media?parent=33342"}],"wp:term":[{"taxonomy":"category","embeddable":true,"href":"https:\/\/www.inovallee.com\/en\/wp-json\/wp\/v2\/categories?post=33342"},{"taxonomy":"post_tag","embeddable":true,"href":"https:\/\/www.inovallee.com\/en\/wp-json\/wp\/v2\/tags?post=33342"}],"curies":[{"name":"wp","href":"https:\/\/api.w.org\/{rel}","templated":true}]}}