{"id":35781,"date":"2021-06-23T18:24:45","date_gmt":"2021-06-23T16:24:45","guid":{"rendered":"https:\/\/www.inovallee.com\/?p=35781"},"modified":"2023-06-21T08:19:13","modified_gmt":"2023-06-21T06:19:13","slug":"didier-chaminade-re-elu-a-la-presidence-dinovallee-et-claire-chanterelle-nommee-directrice-generale-la-nouvelle-gouvernance-de-la-technopole","status":"publish","type":"post","link":"https:\/\/www.inovallee.com\/en\/didier-chaminade-re-elu-a-la-presidence-dinovallee-et-claire-chanterelle-nommee-directrice-generale-la-nouvelle-gouvernance-de-la-technopole\/","title":{"rendered":"Didier Chaminade r\u00e9-\u00e9lu \u00e0 la Pr\u00e9sidence d\u2019inovall\u00e9e et Claire Chanterelle nomm\u00e9e Directrice G\u00e9n\u00e9rale : la nouvelle gouvernance de la technopole"},"content":{"rendered":"<h2><strong>Didier Chaminade r\u00e9-\u00e9lu \u00e0 la Pr\u00e9sidence et un nouvel administrateur pour l\u2019association\u00a0: Michel Gastaldo (Naverlabs Europe)<\/strong><\/h2>\n<p><img fetchpriority=\"high\" decoding=\"async\" class=\"alignleft\" src=\"https:\/\/www.inovallee.com\/wp-content\/uploads\/2021\/06\/didier_chaminade-300x200.png\" alt=\"\" width=\"300\" height=\"200\" \/>Comme chaque ann\u00e9e, l\u2019Assembl\u00e9e G\u00e9n\u00e9rale d\u2019inovall\u00e9e qui s\u2019est tenue le 17 juin \u00e9tait l\u2019occasion de renouveler le Conseil d\u2019Administration par quart, tel que pr\u00e9vu dans les statuts de l\u2019association.<br \/>\nAinsi cette ann\u00e9e, 5 membres \u00e9taient sortants, dont 2 membres du Bureau\u00a0: Didier Chaminade (Directeur r\u00e9gional d\u2019Orange), \u00e9lu Pr\u00e9sident en novembre 2020, et J\u00e9r\u00e9mie Weber (CEO de Digigram), Vice Pr\u00e9sident, et 3 administrateurs\u00a0: Jean-Pascal Bost (co-fondateur d\u2019Antaios), Charl\u00e8ne Marcone (dirigeante d\u2019ACT RMC), et Nicolas Maurin (Inria).<br \/>\n11 candidats de sont pr\u00e9sent\u00e9s, 10 dans le coll\u00e8ge entreprises pour 4 postes \u00e0 pourvoir, et 1 dans le coll\u00e8ge universit\u00e9 \/ recherche pour 1 poste \u00e0 pourvoir, donc naturellement r\u00e9-\u00e9lu (Nicolas Maurin pour Inria).<br \/>\nJean-Pacal Bost et J\u00e9r\u00e9mie Weber ont \u00e9t\u00e9 r\u00e9-\u00e9lus, tout comme Didier Chaminade qui conserve donc la Pr\u00e9sidence de l\u2019association apr\u00e8s un premier mandat de 6 mois \u00e0 peine, \u00e9court\u00e9 par les reports d\u2019AG de la crise Covid, mais qui lui a n\u00e9anmoins permis de poser les bases solides d\u2019une vision structurante pour l\u2019avenir (voir article sur la roadmap).<\/p>\n<p><iframe title=\"[AG 2021] Rapport moral du pr\u00e9sident Didier Chaminade\" width=\"800\" height=\"450\" src=\"https:\/\/www.youtube.com\/embed\/AHtRpYtNTak?feature=oembed\" frameborder=\"0\" allow=\"accelerometer; autoplay; clipboard-write; encrypted-media; gyroscope; picture-in-picture; web-share\" allowfullscreen><\/iframe><\/p>\n<p><img decoding=\"async\" class=\"alignright\" src=\"https:\/\/www.inovallee.com\/wp-content\/uploads\/2021\/06\/michel_gastaldo-300x207.png\" alt=\"\" width=\"300\" height=\"207\" \/>Pour le 5<sup>\u00e8me<\/sup> et dernier poste \u00e0 pourvoir, c\u2019est la candidature de Michel Gastaldo (Naverlabs Europe) qui a fait la diff\u00e9rence, renfor\u00e7ant ainsi au sein de la gouvernance la repr\u00e9sentativit\u00e9 des technologies \u00e0 enjeu pour la souverainet\u00e9 europ\u00e9enne, puisque Naverlabs est l\u2019un des plus gros centre fran\u00e7ais de R&amp;D en IA, et la filiale europ\u00e9enne du groupe Naver, alternative aux GFAM am\u00e9ricains.<br \/>\nLe nouveau Conseil d\u2019Administration d\u2019inovall\u00e9e est donc compos\u00e9 de la mani\u00e8re suivante : Nicolas Belhache (Alp2i), Jean-Luc Bodin (CCI), Jean-Pascal Bost (Antaios), Didier Chaminade (Orange Labs), Jean-Fran\u00e7ois Clappaz (Le Gr\u00e9sivaudan), Patrick Descharri\u00e8res (Mairie de Montbonnot), Michel Gastaldo (Naverlabs Europe), Pierre Guerin (Mairie de Meylan), M\u00e9lina Herenger (Grenoble Alpes M\u00e9tropole), Jacques Husser (Remedee), G\u00e9raldine Leduc (NH Theraguix), Nicolas Maurin (Inria), Nicolas Miribel (Ascanio), Val\u00e9rie Saragoussi (Emisys), Vincent Tempelaere (Eveon), C\u00e9line Tenance (Trignat), Matthieu Verdon (Minimento), et Eri Vitre (Novami).<br \/>\nMais l\u2019AG 2021 fut aussi le moment d\u2019annoncer la nomination d\u2019une nouvelle Directrice G\u00e9n\u00e9rale pour piloter la roadmap strat\u00e9gique du Bureau.<\/p>\n<h2><strong>Claire Chanterelle prend officiellement les r\u00eanes de la technopole&#8230;<\/strong><\/h2>\n<p><img decoding=\"async\" class=\"alignleft\" src=\"https:\/\/www.inovallee.com\/wp-content\/uploads\/2020\/06\/chanterelleClaire_une-248x300.png\" alt=\"\" width=\"248\" height=\"300\" \/>C\u2019est tout naturellement Claire Chanterelle, qui apr\u00e8s 23 ans pass\u00e9s aux c\u00f4t\u00e9s d\u2019Annie Soufi dont 7 \u00e0 la t\u00eate de l\u2019incubateur Tarmac, a repris le flambeau.<br \/>\nEn mode int\u00e9rimaire d\u2019abord, le temps pour le Bureau, pour l\u2019\u00e9quipe comme pour elle de mesurer l\u2019ad\u00e9quation de la personne au poste et de d\u00e9cider de la pertinence ou non de proc\u00e9der \u00e0 un recrutement.<br \/>\nApr\u00e8s quasiment 3 mois de prise de poste, Claire a \u00e9t\u00e9 confirm\u00e9e \u00e0 la Direction G\u00e9n\u00e9rale par le Bureau, qui a profit\u00e9 de l\u2019Assembl\u00e9e G\u00e9n\u00e9rale pour en faire l\u2019annonce officielle.<br \/>\n\u00ab\u00a0Claire avait \u00e0 la fois l\u2019historique et la l\u00e9gitimit\u00e9, en interne pour ses collaboratrices, comme en externe vis-\u00e0-vis de l\u2019ensemble des parties prenantes avec lesquelles elle travaillait depuis des ann\u00e9es. Elle s\u2019est engag\u00e9e pleinement dans ses nouvelles fonctions et sa nomination officielle s\u2019est rapidement impos\u00e9e comme une \u00e9vidence, tant elle a rapidement trouv\u00e9 ses marques aux manettes de la technopole qu\u2019elle connait sur le bout des doigts, et dont elle \u00e9tait d\u00e9j\u00e0 devenue une figure cl\u00e9 aux c\u00f4t\u00e9s d\u2019Annie\u00a0\u00bb, se r\u00e9jouit Didier Chaminade, Pr\u00e9sident r\u00e9-\u00e9lu d\u2019inovall\u00e9e.<br \/>\nUne \u00e9vidence partag\u00e9e par Claire\u00a0: \u00ab\u00a0<em>C\u2019est un poste dans lequel je m\u2019\u00e9panouis compl\u00e8tement aujourd\u2019hui, et surtout dans lequel je suis totalement soutenue par l\u2019\u00e9quipe, une \u00e9quipe sans laquelle rien n\u2019est possible et que je remercie de s\u2019\u00eatre investie \u00e0 mes c\u00f4t\u00e9s dans une p\u00e9riode de transition charg\u00e9e o\u00f9 la crise Covid a impact\u00e9 notre budget \u2026 et notre effectif, \u00e0 charge de travail \u00e9gale\u00a0!<\/em>\u00a0\u00bb, conclut-elle.<br \/>\n<img loading=\"lazy\" decoding=\"async\" class=\"alignright\" src=\"https:\/\/www.inovallee.com\/wp-content\/uploads\/2021\/06\/IMG_8418-300x225.jpg\" alt=\"\" width=\"300\" height=\"225\" \/><\/p>\n<h2><strong>\u2026 apr\u00e8s un parcours atypique et une exp\u00e9rience acquise sur le terrain\u00a0!<\/strong><\/h2>\n<p>Titulaire d\u2019un DEUG de philosophie et de Lettres Classiques, d\u2019une licence de philosophie et d\u2019un DESS de psychologie clinique, Claire Chanterelle a rejoint Inovall\u00e9e en 1998, tout en poursuivant des activit\u00e9s diversifi\u00e9es en freelance, notamment comme formatrice ind\u00e9pendante, consultante en communication ou encore journaliste \u00e9conomique au Dauphin\u00e9 Lib\u00e9r\u00e9.<br \/>\nEn 23 ans, elle est rapidement devenue le bras droit d\u2019Annie Soufi et y a occup\u00e9 de nombreuses fonctions, notamment comme responsable communication ou chef de projets, avant de prendre la direction de l\u2019incubateur Tarmac en 2013, forte de comp\u00e9tences m\u00e9tier acquises au fil des ann\u00e9es sur le terrain de la pratique, et de softs-skills d\u00e9velopp\u00e9es tant pendant ses \u00e9tudes qu\u2019au contact des entrepreneurs.<br \/>\n<em>\u00ab\u00a0J\u2019ai eu la chance d\u2019avoir un manager (Annie Soufi) qui m\u2019a laiss\u00e9 la libert\u00e9 d\u2019apprendre tout au long de ma carri\u00e8re, de grandir au sein de la structure et de faire \u00e9voluer mes fonctions \u00e0 la vitesse de mes comp\u00e9tences. Et j\u2019ai la chance aujourd\u2019hui d\u2019exercer un m\u00e9tier passionnant qui fait converger tout ce que j\u2019aime et sais faire, et dans lequel s\u2019alignent parfaitement mes valeurs et les enjeux de la structure. Contribuer dans un esprit coop\u00e9ratif au d\u00e9veloppement \u00e9conomique de notre territoire est un beau d\u00e9fi et c\u2019est avec autant d\u2019honneur que de plaisir que j\u2019ai pris le relais\u00a0! \u00bb, <\/em>conclut Claire Chanterelle.<\/p>\n<p><a href=\"https:\/\/drive.google.com\/drive\/folders\/11CRUiEuQ5HIVEqST61hLB6kJTHrk5PwL?usp=sharing\">T\u00e9l\u00e9charger la photo de Claire Chanterelle en HD ici.<\/a><\/p>\n<p><a href=\"https:\/\/www.inovallee.com\/wp-content\/uploads\/2021\/07\/CP_Nomination_ClaireChanterelle_inovallee_Juin_2021_envoi.pdf\">T\u00e9l\u00e9charger le Communiqu\u00e9 de presse ici.<\/a><\/p>\n<p><img loading=\"lazy\" decoding=\"async\" class=\"alignnone size-medium wp-image-36205\" src=\"https:\/\/www.inovallee.com\/wp-content\/uploads\/2021\/06\/CP-NominationClaireChanterelle-220x300.jpg\" alt=\"\" width=\"220\" height=\"300\" srcset=\"https:\/\/www.inovallee.com\/wp-content\/uploads\/2021\/06\/CP-NominationClaireChanterelle-220x300.jpg 220w, https:\/\/www.inovallee.com\/wp-content\/uploads\/2021\/06\/CP-NominationClaireChanterelle.jpg 421w\" sizes=\"(max-width: 220px) 100vw, 220px\" \/><\/p>\n","protected":false},"excerpt":{"rendered":"<p>Didier Chaminade r\u00e9-\u00e9lu \u00e0 la Pr\u00e9sidence et un nouvel administrateur pour l\u2019association\u00a0: Michel Gastaldo (Naverlabs Europe) Comme chaque ann\u00e9e, l\u2019Assembl\u00e9e G\u00e9n\u00e9rale d\u2019inovall\u00e9e qui s\u2019est tenue le 17 juin \u00e9tait l\u2019occasion de renouveler le Conseil d\u2019Administration par quart, tel que pr\u00e9vu dans les statuts de l\u2019association. Ainsi cette ann\u00e9e, 5 membres \u00e9taient sortants, dont 2 membres [&hellip;]<\/p>\n","protected":false},"author":4,"featured_media":35928,"comment_status":"closed","ping_status":"open","sticky":false,"template":"","format":"standard","meta":{"footnotes":""},"categories":[29,31],"tags":[315],"class_list":["post-35781","post","type-post","status-publish","format-standard","has-post-thumbnail","hentry","category-evenements","category-vie-technopole-inovallee","tag-inovallee"],"yoast_head":"<!-- This site is optimized with the Yoast SEO plugin v27.4 - https:\/\/yoast.com\/product\/yoast-seo-wordpress\/ -->\n<title>Didier Chaminade r\u00e9-\u00e9lu \u00e0 la Pr\u00e9sidence d\u2019inovall\u00e9e et Claire Chanterelle nomm\u00e9e Directrice G\u00e9n\u00e9rale : la nouvelle gouvernance de la technopole - inovall\u00e9e<\/title>\n<meta name=\"description\" content=\"Un nouveau bin\u00f4me \u00e0 la t\u00eate d&#039;inovall\u00e9e avec la r\u00e9-\u00e9lection de Didier Chaminade \u00e0 la Pr\u00e9sidence et la nomination de Claire Chanterelle DG\" \/>\n<meta name=\"robots\" content=\"index, follow, max-snippet:-1, max-image-preview:large, max-video-preview:-1\" \/>\n<link rel=\"canonical\" href=\"https:\/\/www.inovallee.com\/en\/didier-chaminade-re-elu-a-la-presidence-dinovallee-et-claire-chanterelle-nommee-directrice-generale-la-nouvelle-gouvernance-de-la-technopole\/\" \/>\n<meta property=\"og:locale\" content=\"en_GB\" \/>\n<meta property=\"og:type\" content=\"article\" \/>\n<meta property=\"og:title\" content=\"Didier Chaminade r\u00e9-\u00e9lu \u00e0 la Pr\u00e9sidence d\u2019inovall\u00e9e et Claire Chanterelle nomm\u00e9e Directrice G\u00e9n\u00e9rale : la nouvelle gouvernance de la technopole - inovall\u00e9e\" \/>\n<meta property=\"og:description\" content=\"Un nouveau bin\u00f4me \u00e0 la t\u00eate d&#039;inovall\u00e9e avec la r\u00e9-\u00e9lection de Didier Chaminade \u00e0 la Pr\u00e9sidence et la nomination de Claire Chanterelle DG\" \/>\n<meta property=\"og:url\" content=\"https:\/\/www.inovallee.com\/en\/didier-chaminade-re-elu-a-la-presidence-dinovallee-et-claire-chanterelle-nommee-directrice-generale-la-nouvelle-gouvernance-de-la-technopole\/\" \/>\n<meta property=\"og:site_name\" content=\"inovall\u00e9e\" \/>\n<meta property=\"article:publisher\" content=\"https:\/\/www.facebook.com\/technopoleinovallee\/\" \/>\n<meta property=\"article:published_time\" content=\"2021-06-23T16:24:45+00:00\" \/>\n<meta property=\"article:modified_time\" content=\"2023-06-21T06:19:13+00:00\" \/>\n<meta property=\"og:image\" content=\"https:\/\/www.inovallee.com\/wp-content\/uploads\/2021\/06\/DidierClaire_sourire.png\" \/>\n\t<meta property=\"og:image:width\" content=\"958\" \/>\n\t<meta property=\"og:image:height\" content=\"694\" \/>\n\t<meta property=\"og:image:type\" content=\"image\/png\" \/>\n<meta name=\"author\" content=\"Claire Chanterelle\" \/>\n<meta name=\"twitter:card\" content=\"summary_large_image\" \/>\n<meta name=\"twitter:creator\" content=\"@inovallee\" \/>\n<meta name=\"twitter:site\" content=\"@inovallee\" \/>\n<meta name=\"twitter:label1\" content=\"Written by\" \/>\n\t<meta name=\"twitter:data1\" content=\"Claire Chanterelle\" \/>\n\t<meta name=\"twitter:label2\" content=\"Estimated reading time\" \/>\n\t<meta name=\"twitter:data2\" content=\"6 minutes\" \/>\n<script type=\"application\/ld+json\" class=\"yoast-schema-graph\">{\"@context\":\"https:\\\/\\\/schema.org\",\"@graph\":[{\"@type\":\"Article\",\"@id\":\"https:\\\/\\\/www.inovallee.com\\\/didier-chaminade-re-elu-a-la-presidence-dinovallee-et-claire-chanterelle-nommee-directrice-generale-la-nouvelle-gouvernance-de-la-technopole\\\/#article\",\"isPartOf\":{\"@id\":\"https:\\\/\\\/www.inovallee.com\\\/didier-chaminade-re-elu-a-la-presidence-dinovallee-et-claire-chanterelle-nommee-directrice-generale-la-nouvelle-gouvernance-de-la-technopole\\\/\"},\"author\":{\"name\":\"Claire Chanterelle\",\"@id\":\"https:\\\/\\\/www.inovallee.com\\\/#\\\/schema\\\/person\\\/6cdcf0ed58ac3e1ef08041bdf7815902\"},\"headline\":\"Didier Chaminade r\u00e9-\u00e9lu \u00e0 la Pr\u00e9sidence d\u2019inovall\u00e9e et Claire Chanterelle nomm\u00e9e Directrice G\u00e9n\u00e9rale : la nouvelle gouvernance de la technopole\",\"datePublished\":\"2021-06-23T16:24:45+00:00\",\"dateModified\":\"2023-06-21T06:19:13+00:00\",\"mainEntityOfPage\":{\"@id\":\"https:\\\/\\\/www.inovallee.com\\\/didier-chaminade-re-elu-a-la-presidence-dinovallee-et-claire-chanterelle-nommee-directrice-generale-la-nouvelle-gouvernance-de-la-technopole\\\/\"},\"wordCount\":1003,\"publisher\":{\"@id\":\"https:\\\/\\\/www.inovallee.com\\\/#organization\"},\"image\":{\"@id\":\"https:\\\/\\\/www.inovallee.com\\\/didier-chaminade-re-elu-a-la-presidence-dinovallee-et-claire-chanterelle-nommee-directrice-generale-la-nouvelle-gouvernance-de-la-technopole\\\/#primaryimage\"},\"thumbnailUrl\":\"https:\\\/\\\/www.inovallee.com\\\/wp-content\\\/uploads\\\/2021\\\/06\\\/DidierClaire_sourire.png\",\"keywords\":[\"inovall\u00e9e\"],\"articleSection\":[\"Technopole inovall\u00e9e\",\"Vie de la technopole inovall\u00e9e\"],\"inLanguage\":\"en-GB\"},{\"@type\":\"WebPage\",\"@id\":\"https:\\\/\\\/www.inovallee.com\\\/didier-chaminade-re-elu-a-la-presidence-dinovallee-et-claire-chanterelle-nommee-directrice-generale-la-nouvelle-gouvernance-de-la-technopole\\\/\",\"url\":\"https:\\\/\\\/www.inovallee.com\\\/didier-chaminade-re-elu-a-la-presidence-dinovallee-et-claire-chanterelle-nommee-directrice-generale-la-nouvelle-gouvernance-de-la-technopole\\\/\",\"name\":\"Didier Chaminade r\u00e9-\u00e9lu \u00e0 la Pr\u00e9sidence d\u2019inovall\u00e9e et Claire Chanterelle nomm\u00e9e Directrice G\u00e9n\u00e9rale : la nouvelle gouvernance de la technopole - inovall\u00e9e\",\"isPartOf\":{\"@id\":\"https:\\\/\\\/www.inovallee.com\\\/#website\"},\"primaryImageOfPage\":{\"@id\":\"https:\\\/\\\/www.inovallee.com\\\/didier-chaminade-re-elu-a-la-presidence-dinovallee-et-claire-chanterelle-nommee-directrice-generale-la-nouvelle-gouvernance-de-la-technopole\\\/#primaryimage\"},\"image\":{\"@id\":\"https:\\\/\\\/www.inovallee.com\\\/didier-chaminade-re-elu-a-la-presidence-dinovallee-et-claire-chanterelle-nommee-directrice-generale-la-nouvelle-gouvernance-de-la-technopole\\\/#primaryimage\"},\"thumbnailUrl\":\"https:\\\/\\\/www.inovallee.com\\\/wp-content\\\/uploads\\\/2021\\\/06\\\/DidierClaire_sourire.png\",\"datePublished\":\"2021-06-23T16:24:45+00:00\",\"dateModified\":\"2023-06-21T06:19:13+00:00\",\"description\":\"Un nouveau bin\u00f4me \u00e0 la t\u00eate d'inovall\u00e9e avec la r\u00e9-\u00e9lection de Didier Chaminade \u00e0 la Pr\u00e9sidence et la nomination de Claire Chanterelle DG\",\"breadcrumb\":{\"@id\":\"https:\\\/\\\/www.inovallee.com\\\/didier-chaminade-re-elu-a-la-presidence-dinovallee-et-claire-chanterelle-nommee-directrice-generale-la-nouvelle-gouvernance-de-la-technopole\\\/#breadcrumb\"},\"inLanguage\":\"en-GB\",\"potentialAction\":[{\"@type\":\"ReadAction\",\"target\":[\"https:\\\/\\\/www.inovallee.com\\\/didier-chaminade-re-elu-a-la-presidence-dinovallee-et-claire-chanterelle-nommee-directrice-generale-la-nouvelle-gouvernance-de-la-technopole\\\/\"]}]},{\"@type\":\"ImageObject\",\"inLanguage\":\"en-GB\",\"@id\":\"https:\\\/\\\/www.inovallee.com\\\/didier-chaminade-re-elu-a-la-presidence-dinovallee-et-claire-chanterelle-nommee-directrice-generale-la-nouvelle-gouvernance-de-la-technopole\\\/#primaryimage\",\"url\":\"https:\\\/\\\/www.inovallee.com\\\/wp-content\\\/uploads\\\/2021\\\/06\\\/DidierClaire_sourire.png\",\"contentUrl\":\"https:\\\/\\\/www.inovallee.com\\\/wp-content\\\/uploads\\\/2021\\\/06\\\/DidierClaire_sourire.png\",\"width\":958,\"height\":694},{\"@type\":\"BreadcrumbList\",\"@id\":\"https:\\\/\\\/www.inovallee.com\\\/didier-chaminade-re-elu-a-la-presidence-dinovallee-et-claire-chanterelle-nommee-directrice-generale-la-nouvelle-gouvernance-de-la-technopole\\\/#breadcrumb\",\"itemListElement\":[{\"@type\":\"ListItem\",\"position\":1,\"name\":\"Accueil\",\"item\":\"https:\\\/\\\/www.inovallee.com\\\/\"},{\"@type\":\"ListItem\",\"position\":2,\"name\":\"Didier Chaminade r\u00e9-\u00e9lu \u00e0 la Pr\u00e9sidence d\u2019inovall\u00e9e et Claire Chanterelle nomm\u00e9e Directrice G\u00e9n\u00e9rale : la nouvelle gouvernance de la technopole\"}]},{\"@type\":\"WebSite\",\"@id\":\"https:\\\/\\\/www.inovallee.com\\\/#website\",\"url\":\"https:\\\/\\\/www.inovallee.com\\\/\",\"name\":\"inovall\u00e9e technopole, Home to software & smart technologies\",\"description\":\"Home to software &amp; smart technologies\",\"publisher\":{\"@id\":\"https:\\\/\\\/www.inovallee.com\\\/#organization\"},\"potentialAction\":[{\"@type\":\"SearchAction\",\"target\":{\"@type\":\"EntryPoint\",\"urlTemplate\":\"https:\\\/\\\/www.inovallee.com\\\/?s={search_term_string}\"},\"query-input\":{\"@type\":\"PropertyValueSpecification\",\"valueRequired\":true,\"valueName\":\"search_term_string\"}}],\"inLanguage\":\"en-GB\"},{\"@type\":\"Organization\",\"@id\":\"https:\\\/\\\/www.inovallee.com\\\/#organization\",\"name\":\"inovall\u00e9e\",\"url\":\"https:\\\/\\\/www.inovallee.com\\\/\",\"logo\":{\"@type\":\"ImageObject\",\"inLanguage\":\"en-GB\",\"@id\":\"https:\\\/\\\/www.inovallee.com\\\/#\\\/schema\\\/logo\\\/image\\\/\",\"url\":\"https:\\\/\\\/www.inovallee.com\\\/wp-content\\\/uploads\\\/2023\\\/08\\\/inovallee_2022_GrenobleAlpes.png\",\"contentUrl\":\"https:\\\/\\\/www.inovallee.com\\\/wp-content\\\/uploads\\\/2023\\\/08\\\/inovallee_2022_GrenobleAlpes.png\",\"width\":945,\"height\":369,\"caption\":\"inovall\u00e9e\"},\"image\":{\"@id\":\"https:\\\/\\\/www.inovallee.com\\\/#\\\/schema\\\/logo\\\/image\\\/\"},\"sameAs\":[\"https:\\\/\\\/www.facebook.com\\\/technopoleinovallee\\\/\",\"https:\\\/\\\/x.com\\\/inovallee\",\"https:\\\/\\\/www.linkedin.com\\\/company\\\/inovall-e\\\/\",\"https:\\\/\\\/www.youtube.com\\\/user\\\/inovallee?reload=9\"]},{\"@type\":\"Person\",\"@id\":\"https:\\\/\\\/www.inovallee.com\\\/#\\\/schema\\\/person\\\/6cdcf0ed58ac3e1ef08041bdf7815902\",\"name\":\"Claire Chanterelle\"}]}<\/script>\n<!-- \/ Yoast SEO plugin. -->","yoast_head_json":{"title":"Didier Chaminade r\u00e9-\u00e9lu \u00e0 la Pr\u00e9sidence d\u2019inovall\u00e9e et Claire Chanterelle nomm\u00e9e Directrice G\u00e9n\u00e9rale : la nouvelle gouvernance de la technopole - inovall\u00e9e","description":"Un nouveau bin\u00f4me \u00e0 la t\u00eate d'inovall\u00e9e avec la r\u00e9-\u00e9lection de Didier Chaminade \u00e0 la Pr\u00e9sidence et la nomination de Claire Chanterelle DG","robots":{"index":"index","follow":"follow","max-snippet":"max-snippet:-1","max-image-preview":"max-image-preview:large","max-video-preview":"max-video-preview:-1"},"canonical":"https:\/\/www.inovallee.com\/en\/didier-chaminade-re-elu-a-la-presidence-dinovallee-et-claire-chanterelle-nommee-directrice-generale-la-nouvelle-gouvernance-de-la-technopole\/","og_locale":"en_GB","og_type":"article","og_title":"Didier Chaminade r\u00e9-\u00e9lu \u00e0 la Pr\u00e9sidence d\u2019inovall\u00e9e et Claire Chanterelle nomm\u00e9e Directrice G\u00e9n\u00e9rale : la nouvelle gouvernance de la technopole - inovall\u00e9e","og_description":"Un nouveau bin\u00f4me \u00e0 la t\u00eate d'inovall\u00e9e avec la r\u00e9-\u00e9lection de Didier Chaminade \u00e0 la Pr\u00e9sidence et la nomination de Claire Chanterelle DG","og_url":"https:\/\/www.inovallee.com\/en\/didier-chaminade-re-elu-a-la-presidence-dinovallee-et-claire-chanterelle-nommee-directrice-generale-la-nouvelle-gouvernance-de-la-technopole\/","og_site_name":"inovall\u00e9e","article_publisher":"https:\/\/www.facebook.com\/technopoleinovallee\/","article_published_time":"2021-06-23T16:24:45+00:00","article_modified_time":"2023-06-21T06:19:13+00:00","og_image":[{"width":958,"height":694,"url":"https:\/\/www.inovallee.com\/wp-content\/uploads\/2021\/06\/DidierClaire_sourire.png","type":"image\/png"}],"author":"Claire Chanterelle","twitter_card":"summary_large_image","twitter_creator":"@inovallee","twitter_site":"@inovallee","twitter_misc":{"Written by":"Claire Chanterelle","Estimated reading time":"6 minutes"},"schema":{"@context":"https:\/\/schema.org","@graph":[{"@type":"Article","@id":"https:\/\/www.inovallee.com\/didier-chaminade-re-elu-a-la-presidence-dinovallee-et-claire-chanterelle-nommee-directrice-generale-la-nouvelle-gouvernance-de-la-technopole\/#article","isPartOf":{"@id":"https:\/\/www.inovallee.com\/didier-chaminade-re-elu-a-la-presidence-dinovallee-et-claire-chanterelle-nommee-directrice-generale-la-nouvelle-gouvernance-de-la-technopole\/"},"author":{"name":"Claire Chanterelle","@id":"https:\/\/www.inovallee.com\/#\/schema\/person\/6cdcf0ed58ac3e1ef08041bdf7815902"},"headline":"Didier Chaminade r\u00e9-\u00e9lu \u00e0 la Pr\u00e9sidence d\u2019inovall\u00e9e et Claire Chanterelle nomm\u00e9e Directrice G\u00e9n\u00e9rale : la nouvelle gouvernance de la technopole","datePublished":"2021-06-23T16:24:45+00:00","dateModified":"2023-06-21T06:19:13+00:00","mainEntityOfPage":{"@id":"https:\/\/www.inovallee.com\/didier-chaminade-re-elu-a-la-presidence-dinovallee-et-claire-chanterelle-nommee-directrice-generale-la-nouvelle-gouvernance-de-la-technopole\/"},"wordCount":1003,"publisher":{"@id":"https:\/\/www.inovallee.com\/#organization"},"image":{"@id":"https:\/\/www.inovallee.com\/didier-chaminade-re-elu-a-la-presidence-dinovallee-et-claire-chanterelle-nommee-directrice-generale-la-nouvelle-gouvernance-de-la-technopole\/#primaryimage"},"thumbnailUrl":"https:\/\/www.inovallee.com\/wp-content\/uploads\/2021\/06\/DidierClaire_sourire.png","keywords":["inovall\u00e9e"],"articleSection":["Technopole inovall\u00e9e","Vie de la technopole inovall\u00e9e"],"inLanguage":"en-GB"},{"@type":"WebPage","@id":"https:\/\/www.inovallee.com\/didier-chaminade-re-elu-a-la-presidence-dinovallee-et-claire-chanterelle-nommee-directrice-generale-la-nouvelle-gouvernance-de-la-technopole\/","url":"https:\/\/www.inovallee.com\/didier-chaminade-re-elu-a-la-presidence-dinovallee-et-claire-chanterelle-nommee-directrice-generale-la-nouvelle-gouvernance-de-la-technopole\/","name":"Didier Chaminade r\u00e9-\u00e9lu \u00e0 la Pr\u00e9sidence d\u2019inovall\u00e9e et Claire Chanterelle nomm\u00e9e Directrice G\u00e9n\u00e9rale : la nouvelle gouvernance de la technopole - inovall\u00e9e","isPartOf":{"@id":"https:\/\/www.inovallee.com\/#website"},"primaryImageOfPage":{"@id":"https:\/\/www.inovallee.com\/didier-chaminade-re-elu-a-la-presidence-dinovallee-et-claire-chanterelle-nommee-directrice-generale-la-nouvelle-gouvernance-de-la-technopole\/#primaryimage"},"image":{"@id":"https:\/\/www.inovallee.com\/didier-chaminade-re-elu-a-la-presidence-dinovallee-et-claire-chanterelle-nommee-directrice-generale-la-nouvelle-gouvernance-de-la-technopole\/#primaryimage"},"thumbnailUrl":"https:\/\/www.inovallee.com\/wp-content\/uploads\/2021\/06\/DidierClaire_sourire.png","datePublished":"2021-06-23T16:24:45+00:00","dateModified":"2023-06-21T06:19:13+00:00","description":"Un nouveau bin\u00f4me \u00e0 la t\u00eate d'inovall\u00e9e avec la r\u00e9-\u00e9lection de Didier Chaminade \u00e0 la Pr\u00e9sidence et la nomination de Claire Chanterelle DG","breadcrumb":{"@id":"https:\/\/www.inovallee.com\/didier-chaminade-re-elu-a-la-presidence-dinovallee-et-claire-chanterelle-nommee-directrice-generale-la-nouvelle-gouvernance-de-la-technopole\/#breadcrumb"},"inLanguage":"en-GB","potentialAction":[{"@type":"ReadAction","target":["https:\/\/www.inovallee.com\/didier-chaminade-re-elu-a-la-presidence-dinovallee-et-claire-chanterelle-nommee-directrice-generale-la-nouvelle-gouvernance-de-la-technopole\/"]}]},{"@type":"ImageObject","inLanguage":"en-GB","@id":"https:\/\/www.inovallee.com\/didier-chaminade-re-elu-a-la-presidence-dinovallee-et-claire-chanterelle-nommee-directrice-generale-la-nouvelle-gouvernance-de-la-technopole\/#primaryimage","url":"https:\/\/www.inovallee.com\/wp-content\/uploads\/2021\/06\/DidierClaire_sourire.png","contentUrl":"https:\/\/www.inovallee.com\/wp-content\/uploads\/2021\/06\/DidierClaire_sourire.png","width":958,"height":694},{"@type":"BreadcrumbList","@id":"https:\/\/www.inovallee.com\/didier-chaminade-re-elu-a-la-presidence-dinovallee-et-claire-chanterelle-nommee-directrice-generale-la-nouvelle-gouvernance-de-la-technopole\/#breadcrumb","itemListElement":[{"@type":"ListItem","position":1,"name":"Accueil","item":"https:\/\/www.inovallee.com\/"},{"@type":"ListItem","position":2,"name":"Didier Chaminade r\u00e9-\u00e9lu \u00e0 la Pr\u00e9sidence d\u2019inovall\u00e9e et Claire Chanterelle nomm\u00e9e Directrice G\u00e9n\u00e9rale : la nouvelle gouvernance de la technopole"}]},{"@type":"WebSite","@id":"https:\/\/www.inovallee.com\/#website","url":"https:\/\/www.inovallee.com\/","name":"inovall\u00e9e technopole, Home to software & smart technologies","description":"Home to software &amp; smart technologies","publisher":{"@id":"https:\/\/www.inovallee.com\/#organization"},"potentialAction":[{"@type":"SearchAction","target":{"@type":"EntryPoint","urlTemplate":"https:\/\/www.inovallee.com\/?s={search_term_string}"},"query-input":{"@type":"PropertyValueSpecification","valueRequired":true,"valueName":"search_term_string"}}],"inLanguage":"en-GB"},{"@type":"Organization","@id":"https:\/\/www.inovallee.com\/#organization","name":"inovall\u00e9e","url":"https:\/\/www.inovallee.com\/","logo":{"@type":"ImageObject","inLanguage":"en-GB","@id":"https:\/\/www.inovallee.com\/#\/schema\/logo\/image\/","url":"https:\/\/www.inovallee.com\/wp-content\/uploads\/2023\/08\/inovallee_2022_GrenobleAlpes.png","contentUrl":"https:\/\/www.inovallee.com\/wp-content\/uploads\/2023\/08\/inovallee_2022_GrenobleAlpes.png","width":945,"height":369,"caption":"inovall\u00e9e"},"image":{"@id":"https:\/\/www.inovallee.com\/#\/schema\/logo\/image\/"},"sameAs":["https:\/\/www.facebook.com\/technopoleinovallee\/","https:\/\/x.com\/inovallee","https:\/\/www.linkedin.com\/company\/inovall-e\/","https:\/\/www.youtube.com\/user\/inovallee?reload=9"]},{"@type":"Person","@id":"https:\/\/www.inovallee.com\/#\/schema\/person\/6cdcf0ed58ac3e1ef08041bdf7815902","name":"Claire Chanterelle"}]}},"_links":{"self":[{"href":"https:\/\/www.inovallee.com\/en\/wp-json\/wp\/v2\/posts\/35781","targetHints":{"allow":["GET"]}}],"collection":[{"href":"https:\/\/www.inovallee.com\/en\/wp-json\/wp\/v2\/posts"}],"about":[{"href":"https:\/\/www.inovallee.com\/en\/wp-json\/wp\/v2\/types\/post"}],"author":[{"embeddable":true,"href":"https:\/\/www.inovallee.com\/en\/wp-json\/wp\/v2\/users\/4"}],"replies":[{"embeddable":true,"href":"https:\/\/www.inovallee.com\/en\/wp-json\/wp\/v2\/comments?post=35781"}],"version-history":[{"count":0,"href":"https:\/\/www.inovallee.com\/en\/wp-json\/wp\/v2\/posts\/35781\/revisions"}],"wp:featuredmedia":[{"embeddable":true,"href":"https:\/\/www.inovallee.com\/en\/wp-json\/wp\/v2\/media\/35928"}],"wp:attachment":[{"href":"https:\/\/www.inovallee.com\/en\/wp-json\/wp\/v2\/media?parent=35781"}],"wp:term":[{"taxonomy":"category","embeddable":true,"href":"https:\/\/www.inovallee.com\/en\/wp-json\/wp\/v2\/categories?post=35781"},{"taxonomy":"post_tag","embeddable":true,"href":"https:\/\/www.inovallee.com\/en\/wp-json\/wp\/v2\/tags?post=35781"}],"curies":[{"name":"wp","href":"https:\/\/api.w.org\/{rel}","templated":true}]}}