{"id":36869,"date":"2021-09-29T17:58:15","date_gmt":"2021-09-29T15:58:15","guid":{"rendered":"https:\/\/www.inovallee.com\/?p=36869"},"modified":"2021-09-29T22:01:35","modified_gmt":"2021-09-29T20:01:35","slug":"france-relance-teem-photonics-profite-du-projet-serialist-pour-relocaliser-une-partie-de-sa-production-sur-inovallee-et-se-diversifier-autour-des-circuits-imprimes-sur-tranche-de-verre","status":"publish","type":"post","link":"https:\/\/www.inovallee.com\/en\/france-relance-teem-photonics-profite-du-projet-serialist-pour-relocaliser-une-partie-de-sa-production-sur-inovallee-et-se-diversifier-autour-des-circuits-imprimes-sur-tranche-de-verre\/","title":{"rendered":"[France Relance] Teem Photonics profite du projet Serialist pour relocaliser une partie de sa production sur inovall\u00e9e et se diversifier autour des circuits imprim\u00e9s sur tranche de verre"},"content":{"rendered":"<p><strong>S\u00e9lectionn\u00e9e par le plan France Relance, Teem Photonics vit un moment historique. Depuis sa cr\u00e9ation en 1998, l\u2019entreprise, leader mondial du marquage de diamants par laser, enregistre une forte progression. Avec le projet Serialist, elle pr\u00e9voit de rapatrier une partie de la production jusqu\u2019\u00e0 pr\u00e9sent effectu\u00e9e \u00e0 l\u2019\u00e9tranger.<\/strong><\/p>\n<p>Une ann\u00e9e sans pr\u00e9c\u00e9dent qui restera grav\u00e9e au c\u0153ur de l\u2019histoire de Teem Photonics. 2021 marque un tournant pour l\u2019entreprise n\u00e9e \u00e0 Meylan en 1998. Leader mondial du marquage de diamants par laser, Teem Photonics d\u00e9veloppe et commercialise des lasers \u00e0 impulsions br\u00e8ves ainsi que des composants d\u2019optique int\u00e9gr\u00e9e. Laur\u00e9ate du plan France Relance pour son programme Serialist, la soci\u00e9t\u00e9 inovallienne vise \u00e0 relocaliser une partie de sa production.<\/p>\n<h2><strong>Projet Serialist : 1 M\u20ac pour augmenter ses capacit\u00e9s de production sur inovall\u00e9e et se r\u00e9inventer<\/strong><\/h2>\n<p>Renforcer la comp\u00e9titivit\u00e9 de <a href=\"https:\/\/www.inovallee.com\/en\/teem-photonics-contribue-au-projet-masstart-pour-garantir-le-leadership-europeen-dans-le-secteur-de-la-photonique-alternative-technologique-majeure-dans-lindustrie-du-semi-conducteur\/\">Teem Photonics<\/a> en modernisant ses infrastructures de production, mais aussi et surtout en participant \u00e0 la relocalisation de certaines technologies jusqu\u2019alors sous-trait\u00e9es \u00e0 l\u2019international, telles sont les ambitions du projet Serialist. Un projet pour lequel l\u2019entreprise a \u00e9t\u00e9 s\u00e9lectionn\u00e9e par le plan France Relance du Gouvernement. Son objectif ? Consolider et augmenter ses capacit\u00e9s de fabrication de lasers par le d\u00e9veloppement d\u2019une ligne pilote \u00e0 fort volume en relocalisant certaines de ses \u00e9tapes cl\u00e9s r\u00e9alis\u00e9es \u00e0 l\u2019\u00e9tranger, et ce, sur le site historique d&rsquo;inovall\u00e9e Meylan. Pour ce faire, l\u2019entreprise b\u00e9n\u00e9ficie d\u2019un montant d\u2019un million d\u2019euros, dont une subvention de 500 000 \u20ac.<\/p>\n<p>Cette unit\u00e9 participera aussi \u00e0 l\u2019\u00e9mergence rapide des produits utilis\u00e9s dans la lutte contre la Covid-19 et la mise au point de nouveaux vaccins. Car si le march\u00e9 des lasers \u00e0 impulsions br\u00e8ves repr\u00e9sentait jusqu&rsquo;ici 90 % du chiffre d\u2019affaires de l\u2019entreprise (dont 95 % \u00e0 l\u2019export), Teem Photonics conna\u00eet aujourd&rsquo;hui une forte croissance sur d\u2019autres secteurs comme le biom\u00e9dical et l\u2019instrumentation, fruit des nouvelles demandes des laboratoires en mati\u00e8re de lasers pour les \u00e9quipements de d\u00e9tection de la Covid-19, mais pas que ! Les laboratoires pratiquant la cytom\u00e9trie de masse pour cartographier les tumeurs canc\u00e9reuses et analyser l\u2019agencement des cellules s\u2019av\u00e8rent \u00e9galement de plus en plus demandeurs.<\/p>\n<h2><strong>Une diversification vers les circuits imprim\u00e9s sur tranche de verre pour lutter contre les difficult\u00e9s d&rsquo;approvisionnement en silicium<br \/>\n<\/strong><\/h2>\n<p>Capitalisant sur son savoir-faire technologique, Teem Photonics enrichit son offre sur sa seconde activit\u00e9, celle de la conception de composants optiques pour syst\u00e8mes de guide d\u2019onde. Int\u00e9gr\u00e9 dans d\u2019autres \u00e9quipements comme ceux des mat\u00e9riels t\u00e9l\u00e9coms pour fibres optiques ou encore les horloges atomiques, la spectrom\u00e9trie, les sismom\u00e8tres\u2026 l\u2019entreprise envisage non plus de se contenter sur la commercialisation de ses puces, mais bel et bien de concevoir sa propre gamme de capteurs. Une op\u00e9ration pour laquelle, elle s\u2019est rapproch\u00e9e de Grenoble INP afin de lancer conjointement une offre de fonderie pour fabriquer des circuits imprim\u00e9s sur tranche de verre. Dans un contexte o\u00f9 les mati\u00e8res premi\u00e8res (notamment l\u2019approvisionnement en silicium) se rar\u00e9fient, la solution envisag\u00e9e par Teem Photonics et Grenoble INP pourrait r\u00e9pondre \u00e0 cet \u00e9tat de fait. La gravure de diff\u00e9rentes puces sur une m\u00eame plaque de verre permet d\u2019approvisionner divers clients tout en ne prenant que quatre semaines au lieu de six mois pour des wafers en silicium, et ce, \u00e0 un co\u00fbt moindre. Des d\u00e9ploiements qui s\u2019accompagnent d\u2019une hausse significative des recrutements de profils qualifi\u00e9s afin de r\u00e9pondre \u00e0 la forte croissance de l\u2019entreprise.<\/p>\n<p><strong><em><u>Source\u00a0:<\/u><\/em><\/strong><\/p>\n<p>Communiqu\u00e9 de presse\u00a0: <a href=\"https:\/\/www.teemphotonics.com\/news\/laureate-france-relance\/\">https:\/\/www.teemphotonics.com\/news\/laureate-france-relance\/<\/a><\/p>","protected":false},"excerpt":{"rendered":"<p>S\u00e9lectionn\u00e9e par le plan France Relance, Teem Photonics vit un moment historique. Depuis sa cr\u00e9ation en 1998, l\u2019entreprise, leader mondial du marquage de diamants par laser, enregistre une forte progression. Avec le projet Serialist, elle pr\u00e9voit de rapatrier une partie de la production jusqu\u2019\u00e0 pr\u00e9sent effectu\u00e9e \u00e0 l\u2019\u00e9tranger. Une ann\u00e9e sans pr\u00e9c\u00e9dent qui restera grav\u00e9e [&hellip;]<\/p>\n","protected":false},"author":11,"featured_media":36870,"comment_status":"closed","ping_status":"open","sticky":false,"template":"","format":"standard","meta":{"footnotes":""},"categories":[28,29],"tags":[831,549],"class_list":["post-36869","post","type-post","status-publish","format-standard","has-post-thumbnail","hentry","category-actus-entreprises","category-evenements","tag-france-relance","tag-teem-photonics"],"yoast_head":"<!-- This site is optimized with the Yoast SEO plugin v27.4 - https:\/\/yoast.com\/product\/yoast-seo-wordpress\/ -->\n<title>[France Relance] Teem Photonics profite du projet Serialist pour relocaliser une partie de sa production sur inovall\u00e9e et se diversifier autour des circuits imprim\u00e9s sur tranche de verre - inovall\u00e9e<\/title>\n<meta name=\"description\" content=\"Teem Photonics, porteur du projet Serialist, pr\u00e9voit d&#039;augmenter ses capacit\u00e9s de production de son site de Meylan.\" \/>\n<meta name=\"robots\" content=\"index, follow, max-snippet:-1, max-image-preview:large, max-video-preview:-1\" \/>\n<link rel=\"canonical\" href=\"https:\/\/www.inovallee.com\/en\/france-relance-teem-photonics-profite-du-projet-serialist-pour-relocaliser-une-partie-de-sa-production-sur-inovallee-et-se-diversifier-autour-des-circuits-imprimes-sur-tranche-de-verre\/\" \/>\n<meta property=\"og:locale\" content=\"en_GB\" \/>\n<meta property=\"og:type\" content=\"article\" \/>\n<meta property=\"og:title\" content=\"[France Relance] Teem Photonics profite du projet Serialist pour relocaliser une partie de sa production sur inovall\u00e9e et se diversifier autour des circuits imprim\u00e9s sur tranche de verre - inovall\u00e9e\" \/>\n<meta property=\"og:description\" content=\"Teem Photonics, porteur du projet Serialist, pr\u00e9voit d&#039;augmenter ses capacit\u00e9s de production de son site de Meylan.\" \/>\n<meta property=\"og:url\" content=\"https:\/\/www.inovallee.com\/en\/france-relance-teem-photonics-profite-du-projet-serialist-pour-relocaliser-une-partie-de-sa-production-sur-inovallee-et-se-diversifier-autour-des-circuits-imprimes-sur-tranche-de-verre\/\" \/>\n<meta property=\"og:site_name\" content=\"inovall\u00e9e\" \/>\n<meta property=\"article:publisher\" content=\"https:\/\/www.facebook.com\/technopoleinovallee\/\" \/>\n<meta property=\"article:published_time\" content=\"2021-09-29T15:58:15+00:00\" \/>\n<meta property=\"article:modified_time\" content=\"2021-09-29T20:01:35+00:00\" \/>\n<meta property=\"og:image\" content=\"https:\/\/www.inovallee.com\/wp-content\/uploads\/2021\/09\/Teem-Photonics.jpg\" \/>\n\t<meta property=\"og:image:width\" content=\"1600\" \/>\n\t<meta property=\"og:image:height\" content=\"800\" \/>\n\t<meta property=\"og:image:type\" content=\"image\/jpeg\" \/>\n<meta name=\"author\" content=\"Val\u00e9rie BERTRAND\" \/>\n<meta name=\"twitter:card\" content=\"summary_large_image\" \/>\n<meta name=\"twitter:creator\" content=\"@inovallee\" \/>\n<meta name=\"twitter:site\" content=\"@inovallee\" \/>\n<meta name=\"twitter:label1\" content=\"Written by\" \/>\n\t<meta name=\"twitter:data1\" content=\"Val\u00e9rie BERTRAND\" \/>\n\t<meta name=\"twitter:label2\" content=\"Estimated reading time\" \/>\n\t<meta name=\"twitter:data2\" content=\"3 minutes\" \/>\n<script type=\"application\/ld+json\" class=\"yoast-schema-graph\">{\"@context\":\"https:\\\/\\\/schema.org\",\"@graph\":[{\"@type\":\"Article\",\"@id\":\"https:\\\/\\\/www.inovallee.com\\\/france-relance-teem-photonics-profite-du-projet-serialist-pour-relocaliser-une-partie-de-sa-production-sur-inovallee-et-se-diversifier-autour-des-circuits-imprimes-sur-tranche-de-verre\\\/#article\",\"isPartOf\":{\"@id\":\"https:\\\/\\\/www.inovallee.com\\\/france-relance-teem-photonics-profite-du-projet-serialist-pour-relocaliser-une-partie-de-sa-production-sur-inovallee-et-se-diversifier-autour-des-circuits-imprimes-sur-tranche-de-verre\\\/\"},\"author\":{\"name\":\"Val\u00e9rie BERTRAND\",\"@id\":\"https:\\\/\\\/www.inovallee.com\\\/#\\\/schema\\\/person\\\/16ce8129e17b4871a123504e8f87f4ee\"},\"headline\":\"[France Relance] Teem Photonics profite du projet Serialist pour relocaliser une partie de sa production sur inovall\u00e9e et se diversifier autour des circuits imprim\u00e9s sur tranche de verre\",\"datePublished\":\"2021-09-29T15:58:15+00:00\",\"dateModified\":\"2021-09-29T20:01:35+00:00\",\"mainEntityOfPage\":{\"@id\":\"https:\\\/\\\/www.inovallee.com\\\/france-relance-teem-photonics-profite-du-projet-serialist-pour-relocaliser-une-partie-de-sa-production-sur-inovallee-et-se-diversifier-autour-des-circuits-imprimes-sur-tranche-de-verre\\\/\"},\"wordCount\":664,\"publisher\":{\"@id\":\"https:\\\/\\\/www.inovallee.com\\\/#organization\"},\"image\":{\"@id\":\"https:\\\/\\\/www.inovallee.com\\\/france-relance-teem-photonics-profite-du-projet-serialist-pour-relocaliser-une-partie-de-sa-production-sur-inovallee-et-se-diversifier-autour-des-circuits-imprimes-sur-tranche-de-verre\\\/#primaryimage\"},\"thumbnailUrl\":\"https:\\\/\\\/www.inovallee.com\\\/wp-content\\\/uploads\\\/2021\\\/09\\\/Teem-Photonics.jpg\",\"keywords\":[\"France Relance\",\"TEEM PHOTONICS\"],\"articleSection\":[\"Sucess stories des entreprises d'inovall\u00e9e\",\"Technopole inovall\u00e9e\"],\"inLanguage\":\"en-GB\"},{\"@type\":\"WebPage\",\"@id\":\"https:\\\/\\\/www.inovallee.com\\\/france-relance-teem-photonics-profite-du-projet-serialist-pour-relocaliser-une-partie-de-sa-production-sur-inovallee-et-se-diversifier-autour-des-circuits-imprimes-sur-tranche-de-verre\\\/\",\"url\":\"https:\\\/\\\/www.inovallee.com\\\/france-relance-teem-photonics-profite-du-projet-serialist-pour-relocaliser-une-partie-de-sa-production-sur-inovallee-et-se-diversifier-autour-des-circuits-imprimes-sur-tranche-de-verre\\\/\",\"name\":\"[France Relance] Teem Photonics profite du projet Serialist pour relocaliser une partie de sa production sur inovall\u00e9e et se diversifier autour des circuits imprim\u00e9s sur tranche de verre - inovall\u00e9e\",\"isPartOf\":{\"@id\":\"https:\\\/\\\/www.inovallee.com\\\/#website\"},\"primaryImageOfPage\":{\"@id\":\"https:\\\/\\\/www.inovallee.com\\\/france-relance-teem-photonics-profite-du-projet-serialist-pour-relocaliser-une-partie-de-sa-production-sur-inovallee-et-se-diversifier-autour-des-circuits-imprimes-sur-tranche-de-verre\\\/#primaryimage\"},\"image\":{\"@id\":\"https:\\\/\\\/www.inovallee.com\\\/france-relance-teem-photonics-profite-du-projet-serialist-pour-relocaliser-une-partie-de-sa-production-sur-inovallee-et-se-diversifier-autour-des-circuits-imprimes-sur-tranche-de-verre\\\/#primaryimage\"},\"thumbnailUrl\":\"https:\\\/\\\/www.inovallee.com\\\/wp-content\\\/uploads\\\/2021\\\/09\\\/Teem-Photonics.jpg\",\"datePublished\":\"2021-09-29T15:58:15+00:00\",\"dateModified\":\"2021-09-29T20:01:35+00:00\",\"description\":\"Teem Photonics, porteur du projet Serialist, pr\u00e9voit d'augmenter ses capacit\u00e9s de production de son site de Meylan.\",\"breadcrumb\":{\"@id\":\"https:\\\/\\\/www.inovallee.com\\\/france-relance-teem-photonics-profite-du-projet-serialist-pour-relocaliser-une-partie-de-sa-production-sur-inovallee-et-se-diversifier-autour-des-circuits-imprimes-sur-tranche-de-verre\\\/#breadcrumb\"},\"inLanguage\":\"en-GB\",\"potentialAction\":[{\"@type\":\"ReadAction\",\"target\":[\"https:\\\/\\\/www.inovallee.com\\\/france-relance-teem-photonics-profite-du-projet-serialist-pour-relocaliser-une-partie-de-sa-production-sur-inovallee-et-se-diversifier-autour-des-circuits-imprimes-sur-tranche-de-verre\\\/\"]}]},{\"@type\":\"ImageObject\",\"inLanguage\":\"en-GB\",\"@id\":\"https:\\\/\\\/www.inovallee.com\\\/france-relance-teem-photonics-profite-du-projet-serialist-pour-relocaliser-une-partie-de-sa-production-sur-inovallee-et-se-diversifier-autour-des-circuits-imprimes-sur-tranche-de-verre\\\/#primaryimage\",\"url\":\"https:\\\/\\\/www.inovallee.com\\\/wp-content\\\/uploads\\\/2021\\\/09\\\/Teem-Photonics.jpg\",\"contentUrl\":\"https:\\\/\\\/www.inovallee.com\\\/wp-content\\\/uploads\\\/2021\\\/09\\\/Teem-Photonics.jpg\",\"width\":1600,\"height\":800,\"caption\":\"Teem Photonics laser\"},{\"@type\":\"BreadcrumbList\",\"@id\":\"https:\\\/\\\/www.inovallee.com\\\/france-relance-teem-photonics-profite-du-projet-serialist-pour-relocaliser-une-partie-de-sa-production-sur-inovallee-et-se-diversifier-autour-des-circuits-imprimes-sur-tranche-de-verre\\\/#breadcrumb\",\"itemListElement\":[{\"@type\":\"ListItem\",\"position\":1,\"name\":\"Accueil\",\"item\":\"https:\\\/\\\/www.inovallee.com\\\/\"},{\"@type\":\"ListItem\",\"position\":2,\"name\":\"[France Relance] Teem Photonics profite du projet Serialist pour relocaliser une partie de sa production sur inovall\u00e9e et se diversifier autour des circuits imprim\u00e9s sur tranche de verre\"}]},{\"@type\":\"WebSite\",\"@id\":\"https:\\\/\\\/www.inovallee.com\\\/#website\",\"url\":\"https:\\\/\\\/www.inovallee.com\\\/\",\"name\":\"inovall\u00e9e technopole, Home to software & smart technologies\",\"description\":\"Home to software &amp; smart technologies\",\"publisher\":{\"@id\":\"https:\\\/\\\/www.inovallee.com\\\/#organization\"},\"potentialAction\":[{\"@type\":\"SearchAction\",\"target\":{\"@type\":\"EntryPoint\",\"urlTemplate\":\"https:\\\/\\\/www.inovallee.com\\\/?s={search_term_string}\"},\"query-input\":{\"@type\":\"PropertyValueSpecification\",\"valueRequired\":true,\"valueName\":\"search_term_string\"}}],\"inLanguage\":\"en-GB\"},{\"@type\":\"Organization\",\"@id\":\"https:\\\/\\\/www.inovallee.com\\\/#organization\",\"name\":\"inovall\u00e9e\",\"url\":\"https:\\\/\\\/www.inovallee.com\\\/\",\"logo\":{\"@type\":\"ImageObject\",\"inLanguage\":\"en-GB\",\"@id\":\"https:\\\/\\\/www.inovallee.com\\\/#\\\/schema\\\/logo\\\/image\\\/\",\"url\":\"https:\\\/\\\/www.inovallee.com\\\/wp-content\\\/uploads\\\/2023\\\/08\\\/inovallee_2022_GrenobleAlpes.png\",\"contentUrl\":\"https:\\\/\\\/www.inovallee.com\\\/wp-content\\\/uploads\\\/2023\\\/08\\\/inovallee_2022_GrenobleAlpes.png\",\"width\":945,\"height\":369,\"caption\":\"inovall\u00e9e\"},\"image\":{\"@id\":\"https:\\\/\\\/www.inovallee.com\\\/#\\\/schema\\\/logo\\\/image\\\/\"},\"sameAs\":[\"https:\\\/\\\/www.facebook.com\\\/technopoleinovallee\\\/\",\"https:\\\/\\\/x.com\\\/inovallee\",\"https:\\\/\\\/www.linkedin.com\\\/company\\\/inovall-e\\\/\",\"https:\\\/\\\/www.youtube.com\\\/user\\\/inovallee?reload=9\"]},{\"@type\":\"Person\",\"@id\":\"https:\\\/\\\/www.inovallee.com\\\/#\\\/schema\\\/person\\\/16ce8129e17b4871a123504e8f87f4ee\",\"name\":\"Val\u00e9rie BERTRAND\"}]}<\/script>\n<!-- \/ Yoast SEO plugin. -->","yoast_head_json":{"title":"[France Relance] Teem Photonics profite du projet Serialist pour relocaliser une partie de sa production sur inovall\u00e9e et se diversifier autour des circuits imprim\u00e9s sur tranche de verre - inovall\u00e9e","description":"Teem Photonics, porteur du projet Serialist, pr\u00e9voit d'augmenter ses capacit\u00e9s de production de son site de Meylan.","robots":{"index":"index","follow":"follow","max-snippet":"max-snippet:-1","max-image-preview":"max-image-preview:large","max-video-preview":"max-video-preview:-1"},"canonical":"https:\/\/www.inovallee.com\/en\/france-relance-teem-photonics-profite-du-projet-serialist-pour-relocaliser-une-partie-de-sa-production-sur-inovallee-et-se-diversifier-autour-des-circuits-imprimes-sur-tranche-de-verre\/","og_locale":"en_GB","og_type":"article","og_title":"[France Relance] Teem Photonics profite du projet Serialist pour relocaliser une partie de sa production sur inovall\u00e9e et se diversifier autour des circuits imprim\u00e9s sur tranche de verre - inovall\u00e9e","og_description":"Teem Photonics, porteur du projet Serialist, pr\u00e9voit d'augmenter ses capacit\u00e9s de production de son site de Meylan.","og_url":"https:\/\/www.inovallee.com\/en\/france-relance-teem-photonics-profite-du-projet-serialist-pour-relocaliser-une-partie-de-sa-production-sur-inovallee-et-se-diversifier-autour-des-circuits-imprimes-sur-tranche-de-verre\/","og_site_name":"inovall\u00e9e","article_publisher":"https:\/\/www.facebook.com\/technopoleinovallee\/","article_published_time":"2021-09-29T15:58:15+00:00","article_modified_time":"2021-09-29T20:01:35+00:00","og_image":[{"width":1600,"height":800,"url":"https:\/\/www.inovallee.com\/wp-content\/uploads\/2021\/09\/Teem-Photonics.jpg","type":"image\/jpeg"}],"author":"Val\u00e9rie BERTRAND","twitter_card":"summary_large_image","twitter_creator":"@inovallee","twitter_site":"@inovallee","twitter_misc":{"Written by":"Val\u00e9rie BERTRAND","Estimated reading time":"3 minutes"},"schema":{"@context":"https:\/\/schema.org","@graph":[{"@type":"Article","@id":"https:\/\/www.inovallee.com\/france-relance-teem-photonics-profite-du-projet-serialist-pour-relocaliser-une-partie-de-sa-production-sur-inovallee-et-se-diversifier-autour-des-circuits-imprimes-sur-tranche-de-verre\/#article","isPartOf":{"@id":"https:\/\/www.inovallee.com\/france-relance-teem-photonics-profite-du-projet-serialist-pour-relocaliser-une-partie-de-sa-production-sur-inovallee-et-se-diversifier-autour-des-circuits-imprimes-sur-tranche-de-verre\/"},"author":{"name":"Val\u00e9rie BERTRAND","@id":"https:\/\/www.inovallee.com\/#\/schema\/person\/16ce8129e17b4871a123504e8f87f4ee"},"headline":"[France Relance] Teem Photonics profite du projet Serialist pour relocaliser une partie de sa production sur inovall\u00e9e et se diversifier autour des circuits imprim\u00e9s sur tranche de verre","datePublished":"2021-09-29T15:58:15+00:00","dateModified":"2021-09-29T20:01:35+00:00","mainEntityOfPage":{"@id":"https:\/\/www.inovallee.com\/france-relance-teem-photonics-profite-du-projet-serialist-pour-relocaliser-une-partie-de-sa-production-sur-inovallee-et-se-diversifier-autour-des-circuits-imprimes-sur-tranche-de-verre\/"},"wordCount":664,"publisher":{"@id":"https:\/\/www.inovallee.com\/#organization"},"image":{"@id":"https:\/\/www.inovallee.com\/france-relance-teem-photonics-profite-du-projet-serialist-pour-relocaliser-une-partie-de-sa-production-sur-inovallee-et-se-diversifier-autour-des-circuits-imprimes-sur-tranche-de-verre\/#primaryimage"},"thumbnailUrl":"https:\/\/www.inovallee.com\/wp-content\/uploads\/2021\/09\/Teem-Photonics.jpg","keywords":["France Relance","TEEM PHOTONICS"],"articleSection":["Sucess stories des entreprises d'inovall\u00e9e","Technopole inovall\u00e9e"],"inLanguage":"en-GB"},{"@type":"WebPage","@id":"https:\/\/www.inovallee.com\/france-relance-teem-photonics-profite-du-projet-serialist-pour-relocaliser-une-partie-de-sa-production-sur-inovallee-et-se-diversifier-autour-des-circuits-imprimes-sur-tranche-de-verre\/","url":"https:\/\/www.inovallee.com\/france-relance-teem-photonics-profite-du-projet-serialist-pour-relocaliser-une-partie-de-sa-production-sur-inovallee-et-se-diversifier-autour-des-circuits-imprimes-sur-tranche-de-verre\/","name":"[France Relance] Teem Photonics profite du projet Serialist pour relocaliser une partie de sa production sur inovall\u00e9e et se diversifier autour des circuits imprim\u00e9s sur tranche de verre - inovall\u00e9e","isPartOf":{"@id":"https:\/\/www.inovallee.com\/#website"},"primaryImageOfPage":{"@id":"https:\/\/www.inovallee.com\/france-relance-teem-photonics-profite-du-projet-serialist-pour-relocaliser-une-partie-de-sa-production-sur-inovallee-et-se-diversifier-autour-des-circuits-imprimes-sur-tranche-de-verre\/#primaryimage"},"image":{"@id":"https:\/\/www.inovallee.com\/france-relance-teem-photonics-profite-du-projet-serialist-pour-relocaliser-une-partie-de-sa-production-sur-inovallee-et-se-diversifier-autour-des-circuits-imprimes-sur-tranche-de-verre\/#primaryimage"},"thumbnailUrl":"https:\/\/www.inovallee.com\/wp-content\/uploads\/2021\/09\/Teem-Photonics.jpg","datePublished":"2021-09-29T15:58:15+00:00","dateModified":"2021-09-29T20:01:35+00:00","description":"Teem Photonics, porteur du projet Serialist, pr\u00e9voit d'augmenter ses capacit\u00e9s de production de son site de Meylan.","breadcrumb":{"@id":"https:\/\/www.inovallee.com\/france-relance-teem-photonics-profite-du-projet-serialist-pour-relocaliser-une-partie-de-sa-production-sur-inovallee-et-se-diversifier-autour-des-circuits-imprimes-sur-tranche-de-verre\/#breadcrumb"},"inLanguage":"en-GB","potentialAction":[{"@type":"ReadAction","target":["https:\/\/www.inovallee.com\/france-relance-teem-photonics-profite-du-projet-serialist-pour-relocaliser-une-partie-de-sa-production-sur-inovallee-et-se-diversifier-autour-des-circuits-imprimes-sur-tranche-de-verre\/"]}]},{"@type":"ImageObject","inLanguage":"en-GB","@id":"https:\/\/www.inovallee.com\/france-relance-teem-photonics-profite-du-projet-serialist-pour-relocaliser-une-partie-de-sa-production-sur-inovallee-et-se-diversifier-autour-des-circuits-imprimes-sur-tranche-de-verre\/#primaryimage","url":"https:\/\/www.inovallee.com\/wp-content\/uploads\/2021\/09\/Teem-Photonics.jpg","contentUrl":"https:\/\/www.inovallee.com\/wp-content\/uploads\/2021\/09\/Teem-Photonics.jpg","width":1600,"height":800,"caption":"Teem Photonics laser"},{"@type":"BreadcrumbList","@id":"https:\/\/www.inovallee.com\/france-relance-teem-photonics-profite-du-projet-serialist-pour-relocaliser-une-partie-de-sa-production-sur-inovallee-et-se-diversifier-autour-des-circuits-imprimes-sur-tranche-de-verre\/#breadcrumb","itemListElement":[{"@type":"ListItem","position":1,"name":"Accueil","item":"https:\/\/www.inovallee.com\/"},{"@type":"ListItem","position":2,"name":"[France Relance] Teem Photonics profite du projet Serialist pour relocaliser une partie de sa production sur inovall\u00e9e et se diversifier autour des circuits imprim\u00e9s sur tranche de verre"}]},{"@type":"WebSite","@id":"https:\/\/www.inovallee.com\/#website","url":"https:\/\/www.inovallee.com\/","name":"inovall\u00e9e technopole, Home to software & smart technologies","description":"Home to software &amp; smart technologies","publisher":{"@id":"https:\/\/www.inovallee.com\/#organization"},"potentialAction":[{"@type":"SearchAction","target":{"@type":"EntryPoint","urlTemplate":"https:\/\/www.inovallee.com\/?s={search_term_string}"},"query-input":{"@type":"PropertyValueSpecification","valueRequired":true,"valueName":"search_term_string"}}],"inLanguage":"en-GB"},{"@type":"Organization","@id":"https:\/\/www.inovallee.com\/#organization","name":"inovall\u00e9e","url":"https:\/\/www.inovallee.com\/","logo":{"@type":"ImageObject","inLanguage":"en-GB","@id":"https:\/\/www.inovallee.com\/#\/schema\/logo\/image\/","url":"https:\/\/www.inovallee.com\/wp-content\/uploads\/2023\/08\/inovallee_2022_GrenobleAlpes.png","contentUrl":"https:\/\/www.inovallee.com\/wp-content\/uploads\/2023\/08\/inovallee_2022_GrenobleAlpes.png","width":945,"height":369,"caption":"inovall\u00e9e"},"image":{"@id":"https:\/\/www.inovallee.com\/#\/schema\/logo\/image\/"},"sameAs":["https:\/\/www.facebook.com\/technopoleinovallee\/","https:\/\/x.com\/inovallee","https:\/\/www.linkedin.com\/company\/inovall-e\/","https:\/\/www.youtube.com\/user\/inovallee?reload=9"]},{"@type":"Person","@id":"https:\/\/www.inovallee.com\/#\/schema\/person\/16ce8129e17b4871a123504e8f87f4ee","name":"Val\u00e9rie BERTRAND"}]}},"_links":{"self":[{"href":"https:\/\/www.inovallee.com\/en\/wp-json\/wp\/v2\/posts\/36869","targetHints":{"allow":["GET"]}}],"collection":[{"href":"https:\/\/www.inovallee.com\/en\/wp-json\/wp\/v2\/posts"}],"about":[{"href":"https:\/\/www.inovallee.com\/en\/wp-json\/wp\/v2\/types\/post"}],"author":[{"embeddable":true,"href":"https:\/\/www.inovallee.com\/en\/wp-json\/wp\/v2\/users\/11"}],"replies":[{"embeddable":true,"href":"https:\/\/www.inovallee.com\/en\/wp-json\/wp\/v2\/comments?post=36869"}],"version-history":[{"count":0,"href":"https:\/\/www.inovallee.com\/en\/wp-json\/wp\/v2\/posts\/36869\/revisions"}],"wp:featuredmedia":[{"embeddable":true,"href":"https:\/\/www.inovallee.com\/en\/wp-json\/wp\/v2\/media\/36870"}],"wp:attachment":[{"href":"https:\/\/www.inovallee.com\/en\/wp-json\/wp\/v2\/media?parent=36869"}],"wp:term":[{"taxonomy":"category","embeddable":true,"href":"https:\/\/www.inovallee.com\/en\/wp-json\/wp\/v2\/categories?post=36869"},{"taxonomy":"post_tag","embeddable":true,"href":"https:\/\/www.inovallee.com\/en\/wp-json\/wp\/v2\/tags?post=36869"}],"curies":[{"name":"wp","href":"https:\/\/api.w.org\/{rel}","templated":true}]}}