{"id":36872,"date":"2021-09-29T17:49:17","date_gmt":"2021-09-29T15:49:17","guid":{"rendered":"https:\/\/www.inovallee.com\/?p=36872"},"modified":"2021-09-30T09:47:43","modified_gmt":"2021-09-30T07:47:43","slug":"un-vrai-decollage-commercial-pour-domnexx-qui-prepare-son-decollage-du-tarmac","status":"publish","type":"post","link":"https:\/\/www.inovallee.com\/en\/un-vrai-decollage-commercial-pour-domnexx-qui-prepare-son-decollage-du-tarmac\/","title":{"rendered":"Un vrai d\u00e9collage commercial pour DomNexX qui pr\u00e9pare son envol du Tarmac !"},"content":{"rendered":"<p><strong>Un bo\u00eetier connect\u00e9 compact bard\u00e9 de capteurs pour suivre les param\u00e8tres environnementaux dans les b\u00e2timents, disposant d\u2019une grande autonomie\u2026 C\u2019est la promesse tenue de DomNexX. Cr\u00e9\u00e9e en 2016, la startup meylanaise propose une solution made in France cl\u00e9 en main de mesure de la qualit\u00e9 de l\u2019air particuli\u00e8rement utile dans le contexte sanitaire.<\/strong><\/p>\n<p>Proposer des solutions compl\u00e8tes, simples \u00e0 utiliser et installer dans le domaine des objets connect\u00e9s en se focalisant sur le suivi des param\u00e8tres environnementaux et le monitoring des b\u00e2timents\u2026 tel est le parti pris de DomNexX. La startup fond\u00e9e fin 2016 a \u00e9labor\u00e9 un syst\u00e8me se pr\u00e9sentant sous la forme d\u2019un bo\u00eetier connect\u00e9 compact coupl\u00e9 \u00e0 une application de suivi de la qualit\u00e9 de l\u2019air, mais pas que\u00a0! La d\u00e9tection d\u2019incidents, du fonctionnement des \u00e9quipements, de l\u2019utilisation de l\u2019\u00e9nergie\u2026 est \u00e9galement au menu (via des capteurs de soci\u00e9t\u00e9s partenaires).<\/p>\n<h2><strong>Un bo\u00eetier pour suivre les param\u00e8tres environnementaux et sanitaires des b\u00e2timents et veiller au bien-\u00eatre<\/strong><\/h2>\n<p>Incub\u00e9 au Tarmac jusqu\u2019\u00e0 pr\u00e9sent, <a href=\"https:\/\/www.inovallee.com\/en\/inovallee-installe-les-capteurs-domnexx-dans-ses-salles-de-reunions-pour-prevenir-les-risques-de-transmission-aerienne-du-sars-cov2\/\">DomNexX<\/a> s\u2019est rapidement int\u00e9ress\u00e9 \u00e0 la qualit\u00e9 de l\u2019air bien avant le contexte sanitaire actuel anticipant la r\u00e9glementation imposant, depuis le 1<sup>er<\/sup> janvier 2018, des syst\u00e8mes de surveillance environnementaux de l\u2019air int\u00e9rieur dans certains \u00e9tablissements publics accueillant des enfants de moins de six ans, \u00e9tendue depuis le 1<sup>er<\/sup> janvier 2020 aux coll\u00e8ges, lyc\u00e9es et accueils de loisirs. C\u2019est pr\u00e9cis\u00e9ment sur ce segment que la startup agit \u00e0 travers sa technologie. \u00ab\u00a0Nous concevons un bo\u00eetier compact de 10 cm de c\u00f4t\u00e9 par trois centim\u00e8tres d\u2019\u00e9paisseur int\u00e9grant divers capteurs permettant de mesurer le taux de CO2, le degr\u00e9 d\u2019humidit\u00e9 ainsi que les COV, ces polluants chimiques \u00e9mis par l\u2019utilisation des objets quotidiens (meubles, parfums d\u2019int\u00e9rieur, spray assainissant\u2026). Il faut savoir que l\u2019air int\u00e9rieur est cinq \u00e0 dix fois plus pollu\u00e9 que l\u2019air ext\u00e9rieur\u00a0\u00bb, souligne Jean-Philippe Pierrel, CEO et cofondateur de DomNexX. Ce bo\u00eetier connect\u00e9, disposant d\u2019une autonomie de deux ans, permet, aux occupants, de lire facilement le niveau de pollution int\u00e9rieur \u00e0 travers trois LED\u00a0:<\/p>\n<ul>\n<li>Vert\u00a0: quand la qualit\u00e9 de l\u2019air est optimale\u00a0;<\/li>\n<li>Orange\u00a0: pour indiquer qu\u2019une simple a\u00e9ration est n\u00e9cessaire\u00a0;<\/li>\n<li>Rouge\u00a0: lorsque la qualit\u00e9 de l\u2019air s\u2019av\u00e8re mauvaise et qu\u2019une a\u00e9ration s\u2019av\u00e8re obligatoire.<\/li>\n<\/ul>\n<p>La plus-value de cette technologie r\u00e9side dans la mesure et l\u2019indication du taux de confinement des pi\u00e8ces, des conditions de survie des virus et ainsi permettre la minimisation des micro-gouttelettes qui peuvent rester plusieurs heures en suspension dans l\u2019air ambiant. \u00ab\u00a0Celles-ci peuvent pr\u00e9senter, en fonction des occupants, une charge virale importante. En indiquant aux personnes quand a\u00e9rer, nous diminuons ainsi le risque de propagation des infections\u00a0\u00bb. D\u2019autant plus que le parc immobilier fran\u00e7ais \u00e9tant ancien, les ventilations comme les a\u00e9rations sont bien souvent insuffisantes, occasionnant des maux de t\u00eate, des allergies voir de l\u2019asthme. Connect\u00e9 par protocole LoRa (dont la startup grenobloise Cycl\u00e9o en est \u00e0 l\u2019origine rachet\u00e9e en 2012 par <a href=\"https:\/\/www.inovallee.com\/en\/semtech-le-geant-de-la-technologie-lora-choisit-inovallee-pour-revolutionner-le-monde-de-liot\/\">Semtech<\/a>) \u00e0 une plateforme en mode SaaS, le bo\u00eetier permet aussi \u00e0 l\u2019utilisateur de suivre en temps r\u00e9el, les param\u00e8tres environnementaux des b\u00e2timents.<\/p>\n<p><iframe title=\"Surveillance de la Qualit\u00e9 de l&#039;Air Int\u00e9rieur, DomNexX\" width=\"800\" height=\"450\" src=\"https:\/\/www.youtube.com\/embed\/XJnLc0rZ-VI?feature=oembed\" frameborder=\"0\" allow=\"accelerometer; autoplay; clipboard-write; encrypted-media; gyroscope; picture-in-picture\" allowfullscreen><\/iframe><\/p>\n<h2><strong>Un outil de suivi environnemental et sanitaire qui remporte un vif succ\u00e8s<\/strong><\/h2>\n<p>Commercialis\u00e9e depuis 2019 en \u00e9quipant la commune de Saint-Marcellin (Is\u00e8re), la solution de DomNexX ne cesse de faire des \u00e9mules. \u00ab\u00a0Nous venons de remporter deux beaux march\u00e9s, l\u2019un sur le d\u00e9partement de la Gironde, l\u2019autre en C\u00f4te d\u2019Or. Notre soci\u00e9t\u00e9 est en pleine phase de croissance\u00a0\u00bb. Et pour cause\u00a0! Cette \u00ab\u00a0box\u00a0\u00bb connect\u00e9, autonome, \u00e9co con\u00e7ue, enti\u00e8rement d\u00e9velopp\u00e9e en interne et 100 % made in France, offre tout un \u00e9ventail de possibilit\u00e9s pour suivre la qualit\u00e9 environnementale et sanitaire d\u2019un b\u00e2timent. \u00ab\u00a0Nous avons mis\u00e9 sur la qualit\u00e9 et la fiabilit\u00e9. Notre produit permet de trouver le bon compromis entre qualit\u00e9 de l\u2019air et d\u00e9perdition \u00e9nerg\u00e9tique\u00a0\u00bb. DomNexX mise sur un mod\u00e8le classique mixte, les bo\u00eetiers sont vendus avec un abonnement comprenant l\u2019acc\u00e8s pour les collectivit\u00e9s \u00e0 la plateforme de suivi et ses applications Android et iOS ainsi qu\u2019au r\u00e9seau de t\u00e9l\u00e9communication LoRa. \u00ab\u00a0Depuis notre cr\u00e9ation, plus de 500 bo\u00eetiers ont \u00e9t\u00e9 livr\u00e9s\u00a0\u00bb. Comptant cinq personnes, la startup envisage de d\u00e9m\u00e9nager d\u2019ici fin 2021 et pr\u00e9voit une lev\u00e9e de fonds en d\u00e9but de l\u2019ann\u00e9e prochaine. Elle vise un chiffre d\u2019affaires estim\u00e9 entre 700\u00a0000 \u20ac et 800\u00a0000 \u20ac en 2022 et d\u2019atteindre les 20 collaborateurs d\u00e8s 2-3 ans.<\/p>\n<p><iframe title=\"DomNexX presentation for Vivatech exhibition\" width=\"800\" height=\"600\" src=\"https:\/\/www.youtube.com\/embed\/-P9DWuf5dYE?feature=oembed\" frameborder=\"0\" allow=\"accelerometer; autoplay; clipboard-write; encrypted-media; gyroscope; picture-in-picture\" allowfullscreen><\/iframe><\/p>","protected":false},"excerpt":{"rendered":"<p>Un bo\u00eetier connect\u00e9 compact bard\u00e9 de capteurs pour suivre les param\u00e8tres environnementaux dans les b\u00e2timents, disposant d\u2019une grande autonomie\u2026 C\u2019est la promesse tenue de DomNexX. Cr\u00e9\u00e9e en 2016, la startup meylanaise propose une solution made in France cl\u00e9 en main de mesure de la qualit\u00e9 de l\u2019air particuli\u00e8rement utile dans le contexte sanitaire. Proposer des [&hellip;]<\/p>\n","protected":false},"author":11,"featured_media":36116,"comment_status":"closed","ping_status":"open","sticky":false,"template":"","format":"standard","meta":{"footnotes":""},"categories":[45,44],"tags":[223,843],"class_list":["post-36872","post","type-post","status-publish","format-standard","has-post-thumbnail","hentry","category-startup-tarmac","category-tarmac-incubator","tag-domnexx","tag-qualite-de-lair"],"yoast_head":"<!-- This site is optimized with the Yoast SEO plugin v27.4 - https:\/\/yoast.com\/product\/yoast-seo-wordpress\/ -->\n<title>Un vrai d\u00e9collage commercial pour DomNexX qui pr\u00e9pare son envol du Tarmac ! - inovall\u00e9e<\/title>\n<meta name=\"description\" content=\"Cr\u00e9\u00e9e en 2016, DomNexX propose une solution made in France cl\u00e9 en main de mesure de la qualit\u00e9 de l\u2019air et remporte de nouveaux march\u00e9s.\" \/>\n<meta name=\"robots\" content=\"index, follow, max-snippet:-1, max-image-preview:large, max-video-preview:-1\" \/>\n<link rel=\"canonical\" href=\"https:\/\/www.inovallee.com\/en\/un-vrai-decollage-commercial-pour-domnexx-qui-prepare-son-decollage-du-tarmac\/\" \/>\n<meta property=\"og:locale\" content=\"en_GB\" \/>\n<meta property=\"og:type\" content=\"article\" \/>\n<meta property=\"og:title\" content=\"Un vrai d\u00e9collage commercial pour DomNexX qui pr\u00e9pare son envol du Tarmac ! - inovall\u00e9e\" \/>\n<meta property=\"og:description\" content=\"Cr\u00e9\u00e9e en 2016, DomNexX propose une solution made in France cl\u00e9 en main de mesure de la qualit\u00e9 de l\u2019air et remporte de nouveaux march\u00e9s.\" \/>\n<meta property=\"og:url\" content=\"https:\/\/www.inovallee.com\/en\/un-vrai-decollage-commercial-pour-domnexx-qui-prepare-son-decollage-du-tarmac\/\" \/>\n<meta property=\"og:site_name\" content=\"inovall\u00e9e\" \/>\n<meta property=\"article:publisher\" content=\"https:\/\/www.facebook.com\/technopoleinovallee\/\" \/>\n<meta property=\"article:published_time\" content=\"2021-09-29T15:49:17+00:00\" \/>\n<meta property=\"article:modified_time\" content=\"2021-09-30T07:47:43+00:00\" \/>\n<meta property=\"og:image\" content=\"https:\/\/www.inovallee.com\/wp-content\/uploads\/2021\/07\/Vivatech_Domnexx.jpg\" \/>\n\t<meta property=\"og:image:width\" content=\"2048\" \/>\n\t<meta property=\"og:image:height\" content=\"1536\" \/>\n\t<meta property=\"og:image:type\" content=\"image\/jpeg\" \/>\n<meta name=\"author\" content=\"Val\u00e9rie BERTRAND\" \/>\n<meta name=\"twitter:card\" content=\"summary_large_image\" \/>\n<meta name=\"twitter:creator\" content=\"@inovallee\" \/>\n<meta name=\"twitter:site\" content=\"@inovallee\" \/>\n<meta name=\"twitter:label1\" content=\"Written by\" \/>\n\t<meta name=\"twitter:data1\" content=\"Val\u00e9rie BERTRAND\" \/>\n\t<meta name=\"twitter:label2\" content=\"Estimated reading time\" \/>\n\t<meta name=\"twitter:data2\" content=\"4 minutes\" \/>\n<script type=\"application\/ld+json\" class=\"yoast-schema-graph\">{\"@context\":\"https:\\\/\\\/schema.org\",\"@graph\":[{\"@type\":\"Article\",\"@id\":\"https:\\\/\\\/www.inovallee.com\\\/un-vrai-decollage-commercial-pour-domnexx-qui-prepare-son-decollage-du-tarmac\\\/#article\",\"isPartOf\":{\"@id\":\"https:\\\/\\\/www.inovallee.com\\\/un-vrai-decollage-commercial-pour-domnexx-qui-prepare-son-decollage-du-tarmac\\\/\"},\"author\":{\"name\":\"Val\u00e9rie BERTRAND\",\"@id\":\"https:\\\/\\\/www.inovallee.com\\\/#\\\/schema\\\/person\\\/16ce8129e17b4871a123504e8f87f4ee\"},\"headline\":\"Un vrai d\u00e9collage commercial pour DomNexX qui pr\u00e9pare son envol du Tarmac !\",\"datePublished\":\"2021-09-29T15:49:17+00:00\",\"dateModified\":\"2021-09-30T07:47:43+00:00\",\"mainEntityOfPage\":{\"@id\":\"https:\\\/\\\/www.inovallee.com\\\/un-vrai-decollage-commercial-pour-domnexx-qui-prepare-son-decollage-du-tarmac\\\/\"},\"wordCount\":828,\"publisher\":{\"@id\":\"https:\\\/\\\/www.inovallee.com\\\/#organization\"},\"image\":{\"@id\":\"https:\\\/\\\/www.inovallee.com\\\/un-vrai-decollage-commercial-pour-domnexx-qui-prepare-son-decollage-du-tarmac\\\/#primaryimage\"},\"thumbnailUrl\":\"https:\\\/\\\/www.inovallee.com\\\/wp-content\\\/uploads\\\/2021\\\/07\\\/Vivatech_Domnexx.jpg\",\"keywords\":[\"DOMNEXX\",\"qualit\u00e9 de l'air\"],\"articleSection\":[\"L'\u00e9cho des startups du Tarmac\",\"Tarmac incubator\"],\"inLanguage\":\"en-GB\"},{\"@type\":\"WebPage\",\"@id\":\"https:\\\/\\\/www.inovallee.com\\\/un-vrai-decollage-commercial-pour-domnexx-qui-prepare-son-decollage-du-tarmac\\\/\",\"url\":\"https:\\\/\\\/www.inovallee.com\\\/un-vrai-decollage-commercial-pour-domnexx-qui-prepare-son-decollage-du-tarmac\\\/\",\"name\":\"Un vrai d\u00e9collage commercial pour DomNexX qui pr\u00e9pare son envol du Tarmac ! - inovall\u00e9e\",\"isPartOf\":{\"@id\":\"https:\\\/\\\/www.inovallee.com\\\/#website\"},\"primaryImageOfPage\":{\"@id\":\"https:\\\/\\\/www.inovallee.com\\\/un-vrai-decollage-commercial-pour-domnexx-qui-prepare-son-decollage-du-tarmac\\\/#primaryimage\"},\"image\":{\"@id\":\"https:\\\/\\\/www.inovallee.com\\\/un-vrai-decollage-commercial-pour-domnexx-qui-prepare-son-decollage-du-tarmac\\\/#primaryimage\"},\"thumbnailUrl\":\"https:\\\/\\\/www.inovallee.com\\\/wp-content\\\/uploads\\\/2021\\\/07\\\/Vivatech_Domnexx.jpg\",\"datePublished\":\"2021-09-29T15:49:17+00:00\",\"dateModified\":\"2021-09-30T07:47:43+00:00\",\"description\":\"Cr\u00e9\u00e9e en 2016, DomNexX propose une solution made in France cl\u00e9 en main de mesure de la qualit\u00e9 de l\u2019air et remporte de nouveaux march\u00e9s.\",\"breadcrumb\":{\"@id\":\"https:\\\/\\\/www.inovallee.com\\\/un-vrai-decollage-commercial-pour-domnexx-qui-prepare-son-decollage-du-tarmac\\\/#breadcrumb\"},\"inLanguage\":\"en-GB\",\"potentialAction\":[{\"@type\":\"ReadAction\",\"target\":[\"https:\\\/\\\/www.inovallee.com\\\/un-vrai-decollage-commercial-pour-domnexx-qui-prepare-son-decollage-du-tarmac\\\/\"]}]},{\"@type\":\"ImageObject\",\"inLanguage\":\"en-GB\",\"@id\":\"https:\\\/\\\/www.inovallee.com\\\/un-vrai-decollage-commercial-pour-domnexx-qui-prepare-son-decollage-du-tarmac\\\/#primaryimage\",\"url\":\"https:\\\/\\\/www.inovallee.com\\\/wp-content\\\/uploads\\\/2021\\\/07\\\/Vivatech_Domnexx.jpg\",\"contentUrl\":\"https:\\\/\\\/www.inovallee.com\\\/wp-content\\\/uploads\\\/2021\\\/07\\\/Vivatech_Domnexx.jpg\",\"width\":2048,\"height\":1536},{\"@type\":\"BreadcrumbList\",\"@id\":\"https:\\\/\\\/www.inovallee.com\\\/un-vrai-decollage-commercial-pour-domnexx-qui-prepare-son-decollage-du-tarmac\\\/#breadcrumb\",\"itemListElement\":[{\"@type\":\"ListItem\",\"position\":1,\"name\":\"Accueil\",\"item\":\"https:\\\/\\\/www.inovallee.com\\\/\"},{\"@type\":\"ListItem\",\"position\":2,\"name\":\"Un vrai d\u00e9collage commercial pour DomNexX qui pr\u00e9pare son envol du Tarmac !\"}]},{\"@type\":\"WebSite\",\"@id\":\"https:\\\/\\\/www.inovallee.com\\\/#website\",\"url\":\"https:\\\/\\\/www.inovallee.com\\\/\",\"name\":\"inovall\u00e9e technopole, Home to software & smart technologies\",\"description\":\"Home to software &amp; smart technologies\",\"publisher\":{\"@id\":\"https:\\\/\\\/www.inovallee.com\\\/#organization\"},\"potentialAction\":[{\"@type\":\"SearchAction\",\"target\":{\"@type\":\"EntryPoint\",\"urlTemplate\":\"https:\\\/\\\/www.inovallee.com\\\/?s={search_term_string}\"},\"query-input\":{\"@type\":\"PropertyValueSpecification\",\"valueRequired\":true,\"valueName\":\"search_term_string\"}}],\"inLanguage\":\"en-GB\"},{\"@type\":\"Organization\",\"@id\":\"https:\\\/\\\/www.inovallee.com\\\/#organization\",\"name\":\"inovall\u00e9e\",\"url\":\"https:\\\/\\\/www.inovallee.com\\\/\",\"logo\":{\"@type\":\"ImageObject\",\"inLanguage\":\"en-GB\",\"@id\":\"https:\\\/\\\/www.inovallee.com\\\/#\\\/schema\\\/logo\\\/image\\\/\",\"url\":\"https:\\\/\\\/www.inovallee.com\\\/wp-content\\\/uploads\\\/2023\\\/08\\\/inovallee_2022_GrenobleAlpes.png\",\"contentUrl\":\"https:\\\/\\\/www.inovallee.com\\\/wp-content\\\/uploads\\\/2023\\\/08\\\/inovallee_2022_GrenobleAlpes.png\",\"width\":945,\"height\":369,\"caption\":\"inovall\u00e9e\"},\"image\":{\"@id\":\"https:\\\/\\\/www.inovallee.com\\\/#\\\/schema\\\/logo\\\/image\\\/\"},\"sameAs\":[\"https:\\\/\\\/www.facebook.com\\\/technopoleinovallee\\\/\",\"https:\\\/\\\/x.com\\\/inovallee\",\"https:\\\/\\\/www.linkedin.com\\\/company\\\/inovall-e\\\/\",\"https:\\\/\\\/www.youtube.com\\\/user\\\/inovallee?reload=9\"]},{\"@type\":\"Person\",\"@id\":\"https:\\\/\\\/www.inovallee.com\\\/#\\\/schema\\\/person\\\/16ce8129e17b4871a123504e8f87f4ee\",\"name\":\"Val\u00e9rie BERTRAND\"}]}<\/script>\n<!-- \/ Yoast SEO plugin. -->","yoast_head_json":{"title":"Un vrai d\u00e9collage commercial pour DomNexX qui pr\u00e9pare son envol du Tarmac ! - inovall\u00e9e","description":"Cr\u00e9\u00e9e en 2016, DomNexX propose une solution made in France cl\u00e9 en main de mesure de la qualit\u00e9 de l\u2019air et remporte de nouveaux march\u00e9s.","robots":{"index":"index","follow":"follow","max-snippet":"max-snippet:-1","max-image-preview":"max-image-preview:large","max-video-preview":"max-video-preview:-1"},"canonical":"https:\/\/www.inovallee.com\/en\/un-vrai-decollage-commercial-pour-domnexx-qui-prepare-son-decollage-du-tarmac\/","og_locale":"en_GB","og_type":"article","og_title":"Un vrai d\u00e9collage commercial pour DomNexX qui pr\u00e9pare son envol du Tarmac ! - inovall\u00e9e","og_description":"Cr\u00e9\u00e9e en 2016, DomNexX propose une solution made in France cl\u00e9 en main de mesure de la qualit\u00e9 de l\u2019air et remporte de nouveaux march\u00e9s.","og_url":"https:\/\/www.inovallee.com\/en\/un-vrai-decollage-commercial-pour-domnexx-qui-prepare-son-decollage-du-tarmac\/","og_site_name":"inovall\u00e9e","article_publisher":"https:\/\/www.facebook.com\/technopoleinovallee\/","article_published_time":"2021-09-29T15:49:17+00:00","article_modified_time":"2021-09-30T07:47:43+00:00","og_image":[{"width":2048,"height":1536,"url":"https:\/\/www.inovallee.com\/wp-content\/uploads\/2021\/07\/Vivatech_Domnexx.jpg","type":"image\/jpeg"}],"author":"Val\u00e9rie BERTRAND","twitter_card":"summary_large_image","twitter_creator":"@inovallee","twitter_site":"@inovallee","twitter_misc":{"Written by":"Val\u00e9rie BERTRAND","Estimated reading time":"4 minutes"},"schema":{"@context":"https:\/\/schema.org","@graph":[{"@type":"Article","@id":"https:\/\/www.inovallee.com\/un-vrai-decollage-commercial-pour-domnexx-qui-prepare-son-decollage-du-tarmac\/#article","isPartOf":{"@id":"https:\/\/www.inovallee.com\/un-vrai-decollage-commercial-pour-domnexx-qui-prepare-son-decollage-du-tarmac\/"},"author":{"name":"Val\u00e9rie BERTRAND","@id":"https:\/\/www.inovallee.com\/#\/schema\/person\/16ce8129e17b4871a123504e8f87f4ee"},"headline":"Un vrai d\u00e9collage commercial pour DomNexX qui pr\u00e9pare son envol du Tarmac !","datePublished":"2021-09-29T15:49:17+00:00","dateModified":"2021-09-30T07:47:43+00:00","mainEntityOfPage":{"@id":"https:\/\/www.inovallee.com\/un-vrai-decollage-commercial-pour-domnexx-qui-prepare-son-decollage-du-tarmac\/"},"wordCount":828,"publisher":{"@id":"https:\/\/www.inovallee.com\/#organization"},"image":{"@id":"https:\/\/www.inovallee.com\/un-vrai-decollage-commercial-pour-domnexx-qui-prepare-son-decollage-du-tarmac\/#primaryimage"},"thumbnailUrl":"https:\/\/www.inovallee.com\/wp-content\/uploads\/2021\/07\/Vivatech_Domnexx.jpg","keywords":["DOMNEXX","qualit\u00e9 de l'air"],"articleSection":["L'\u00e9cho des startups du Tarmac","Tarmac incubator"],"inLanguage":"en-GB"},{"@type":"WebPage","@id":"https:\/\/www.inovallee.com\/un-vrai-decollage-commercial-pour-domnexx-qui-prepare-son-decollage-du-tarmac\/","url":"https:\/\/www.inovallee.com\/un-vrai-decollage-commercial-pour-domnexx-qui-prepare-son-decollage-du-tarmac\/","name":"Un vrai d\u00e9collage commercial pour DomNexX qui pr\u00e9pare son envol du Tarmac ! - inovall\u00e9e","isPartOf":{"@id":"https:\/\/www.inovallee.com\/#website"},"primaryImageOfPage":{"@id":"https:\/\/www.inovallee.com\/un-vrai-decollage-commercial-pour-domnexx-qui-prepare-son-decollage-du-tarmac\/#primaryimage"},"image":{"@id":"https:\/\/www.inovallee.com\/un-vrai-decollage-commercial-pour-domnexx-qui-prepare-son-decollage-du-tarmac\/#primaryimage"},"thumbnailUrl":"https:\/\/www.inovallee.com\/wp-content\/uploads\/2021\/07\/Vivatech_Domnexx.jpg","datePublished":"2021-09-29T15:49:17+00:00","dateModified":"2021-09-30T07:47:43+00:00","description":"Cr\u00e9\u00e9e en 2016, DomNexX propose une solution made in France cl\u00e9 en main de mesure de la qualit\u00e9 de l\u2019air et remporte de nouveaux march\u00e9s.","breadcrumb":{"@id":"https:\/\/www.inovallee.com\/un-vrai-decollage-commercial-pour-domnexx-qui-prepare-son-decollage-du-tarmac\/#breadcrumb"},"inLanguage":"en-GB","potentialAction":[{"@type":"ReadAction","target":["https:\/\/www.inovallee.com\/un-vrai-decollage-commercial-pour-domnexx-qui-prepare-son-decollage-du-tarmac\/"]}]},{"@type":"ImageObject","inLanguage":"en-GB","@id":"https:\/\/www.inovallee.com\/un-vrai-decollage-commercial-pour-domnexx-qui-prepare-son-decollage-du-tarmac\/#primaryimage","url":"https:\/\/www.inovallee.com\/wp-content\/uploads\/2021\/07\/Vivatech_Domnexx.jpg","contentUrl":"https:\/\/www.inovallee.com\/wp-content\/uploads\/2021\/07\/Vivatech_Domnexx.jpg","width":2048,"height":1536},{"@type":"BreadcrumbList","@id":"https:\/\/www.inovallee.com\/un-vrai-decollage-commercial-pour-domnexx-qui-prepare-son-decollage-du-tarmac\/#breadcrumb","itemListElement":[{"@type":"ListItem","position":1,"name":"Accueil","item":"https:\/\/www.inovallee.com\/"},{"@type":"ListItem","position":2,"name":"Un vrai d\u00e9collage commercial pour DomNexX qui pr\u00e9pare son envol du Tarmac !"}]},{"@type":"WebSite","@id":"https:\/\/www.inovallee.com\/#website","url":"https:\/\/www.inovallee.com\/","name":"inovall\u00e9e technopole, Home to software & smart technologies","description":"Home to software &amp; smart technologies","publisher":{"@id":"https:\/\/www.inovallee.com\/#organization"},"potentialAction":[{"@type":"SearchAction","target":{"@type":"EntryPoint","urlTemplate":"https:\/\/www.inovallee.com\/?s={search_term_string}"},"query-input":{"@type":"PropertyValueSpecification","valueRequired":true,"valueName":"search_term_string"}}],"inLanguage":"en-GB"},{"@type":"Organization","@id":"https:\/\/www.inovallee.com\/#organization","name":"inovall\u00e9e","url":"https:\/\/www.inovallee.com\/","logo":{"@type":"ImageObject","inLanguage":"en-GB","@id":"https:\/\/www.inovallee.com\/#\/schema\/logo\/image\/","url":"https:\/\/www.inovallee.com\/wp-content\/uploads\/2023\/08\/inovallee_2022_GrenobleAlpes.png","contentUrl":"https:\/\/www.inovallee.com\/wp-content\/uploads\/2023\/08\/inovallee_2022_GrenobleAlpes.png","width":945,"height":369,"caption":"inovall\u00e9e"},"image":{"@id":"https:\/\/www.inovallee.com\/#\/schema\/logo\/image\/"},"sameAs":["https:\/\/www.facebook.com\/technopoleinovallee\/","https:\/\/x.com\/inovallee","https:\/\/www.linkedin.com\/company\/inovall-e\/","https:\/\/www.youtube.com\/user\/inovallee?reload=9"]},{"@type":"Person","@id":"https:\/\/www.inovallee.com\/#\/schema\/person\/16ce8129e17b4871a123504e8f87f4ee","name":"Val\u00e9rie BERTRAND"}]}},"_links":{"self":[{"href":"https:\/\/www.inovallee.com\/en\/wp-json\/wp\/v2\/posts\/36872","targetHints":{"allow":["GET"]}}],"collection":[{"href":"https:\/\/www.inovallee.com\/en\/wp-json\/wp\/v2\/posts"}],"about":[{"href":"https:\/\/www.inovallee.com\/en\/wp-json\/wp\/v2\/types\/post"}],"author":[{"embeddable":true,"href":"https:\/\/www.inovallee.com\/en\/wp-json\/wp\/v2\/users\/11"}],"replies":[{"embeddable":true,"href":"https:\/\/www.inovallee.com\/en\/wp-json\/wp\/v2\/comments?post=36872"}],"version-history":[{"count":0,"href":"https:\/\/www.inovallee.com\/en\/wp-json\/wp\/v2\/posts\/36872\/revisions"}],"wp:featuredmedia":[{"embeddable":true,"href":"https:\/\/www.inovallee.com\/en\/wp-json\/wp\/v2\/media\/36116"}],"wp:attachment":[{"href":"https:\/\/www.inovallee.com\/en\/wp-json\/wp\/v2\/media?parent=36872"}],"wp:term":[{"taxonomy":"category","embeddable":true,"href":"https:\/\/www.inovallee.com\/en\/wp-json\/wp\/v2\/categories?post=36872"},{"taxonomy":"post_tag","embeddable":true,"href":"https:\/\/www.inovallee.com\/en\/wp-json\/wp\/v2\/tags?post=36872"}],"curies":[{"name":"wp","href":"https:\/\/api.w.org\/{rel}","templated":true}]}}