{"id":37161,"date":"2021-10-14T10:36:53","date_gmt":"2021-10-14T08:36:53","guid":{"rendered":"https:\/\/www.inovallee.com\/?p=37161"},"modified":"2021-10-14T14:59:34","modified_gmt":"2021-10-14T12:59:34","slug":"orange-experimente-le-test-du-velo-electrique-pendant-un-mois-aupres-de-ses-collaborateurs","status":"publish","type":"post","link":"https:\/\/www.inovallee.com\/en\/orange-experimente-le-test-du-velo-electrique-pendant-un-mois-aupres-de-ses-collaborateurs\/","title":{"rendered":"Orange exp\u00e9rimente le test du v\u00e9lo \u00e9lectrique pendant un mois aupr\u00e8s de ses collaborateurs"},"content":{"rendered":"<p>Depuis le 21 septembre, Orange accueille un nouveau dispositif pour la mobilit\u00e9 durable afin de promouvoir la pratique du v\u00e9lo \u00e9lectrique aupr\u00e8s de ses collaborateurs pour leurs d\u00e9placements du quotidien : le dispositif GoodWatt fait tester gratuitement pendant un mois un v\u00e9lo \u00e9lectrique \u00e0 20 salari\u00e9s volontaires de Orange. Le but est de les initier \u00e0 ce nouveau mode de d\u00e9placement et de leur faire d\u00e9couvrir s\u2019il peut \u00eatre adopt\u00e9 durablement.<\/p>\n<p>\u00ab <em>Chez Orange, notre plan de mobilit\u00e9 fait pleinement \u00e9cho \u00e0 notre objectif de neutralit\u00e9 carbone \u00e0 horizon 2040 inscrit dans notre plan strat\u00e9gique Engage 2025. Nous souhaitons ainsi accompagner les salari\u00e9s pour leur proposer de tester et d\u2019adopter une mobilit\u00e9 propre pour ce qui rel\u00e8ve des d\u00e9placements domicile-travail. Le dispositif GoodWatt nous a paru particuli\u00e8rement adapt\u00e9 \u00e0 cette d\u00e9marche pour encourager nos salari\u00e9s \u00e0 changer et pr\u00e9f\u00e9rer un mode de locomotion plus respectueux de l\u2019environnement.<\/em> \u00bb souligne Christophe Joanblanq, Directeur Responsabilit\u00e9 Soci\u00e9tale des Entreprises \u00e0 Orange Innovation et Directeur du site de Meylan.<\/p>\n<p>GoodWatt est le dispositif du programme CEE O\u2019v\u00e9lO!, soutenu par l\u2019ADEME et laur\u00e9at d\u2019un appel \u00e0 projet du Minist\u00e8re de la Transition \u00e9cologique. Apr\u00e8s les villes de Nantes, Rennes, Lyon, Lille et Strasbourg c\u2019est d\u00e9sormais \u00e0 la M\u00e9tropole grenobloise d\u2019accueillir le dispositif GoodWatt.<\/p>\n<p>Sur inovall\u00e9e, Orange est le premier \u00e0 exp\u00e9rimenter le dispositif dans le cadre de son plan de mobilit\u00e9, esp\u00e9rant convaincre ses 20 volontaires \u00e0 l\u2019usage du v\u00e9lo \u00e9lectrique pour leurs d\u00e9placements quotidiens.<\/p>\n<p>&nbsp;<\/p>","protected":false},"excerpt":{"rendered":"<p>Depuis le 21 septembre, Orange accueille un nouveau dispositif pour la mobilit\u00e9 durable afin de promouvoir la pratique du v\u00e9lo \u00e9lectrique aupr\u00e8s de ses collaborateurs pour leurs d\u00e9placements du quotidien : le dispositif GoodWatt fait tester gratuitement pendant un mois un v\u00e9lo \u00e9lectrique \u00e0 20 salari\u00e9s volontaires de Orange. Le but est de les initier [&hellip;]<\/p>\n","protected":false},"author":18,"featured_media":37279,"comment_status":"closed","ping_status":"open","sticky":false,"template":"","format":"standard","meta":{"footnotes":""},"categories":[37,33],"tags":[408],"class_list":["post-37161","post","type-post","status-publish","format-standard","has-post-thumbnail","hentry","category-my-ino","category-transport-mobilite-durable","tag-orange-labs-meylan"],"yoast_head":"<!-- This site is optimized with the Yoast SEO plugin v27.4 - https:\/\/yoast.com\/product\/yoast-seo-wordpress\/ -->\n<title>Orange exp\u00e9rimente le test du v\u00e9lo \u00e9lectrique pendant un mois aupr\u00e8s de ses collaborateurs - inovall\u00e9e<\/title>\n<meta name=\"description\" content=\"Orange accueille un nouveau dispositif pour la mobilit\u00e9 durable pour promouvoir la pratique du v\u00e9lo \u00e9lectrique aupr\u00e8s de ses collaborateurs.\" \/>\n<meta name=\"robots\" content=\"index, follow, max-snippet:-1, max-image-preview:large, max-video-preview:-1\" \/>\n<link rel=\"canonical\" href=\"https:\/\/www.inovallee.com\/en\/orange-experimente-le-test-du-velo-electrique-pendant-un-mois-aupres-de-ses-collaborateurs\/\" \/>\n<meta property=\"og:locale\" content=\"en_GB\" \/>\n<meta property=\"og:type\" content=\"article\" \/>\n<meta property=\"og:title\" content=\"Orange exp\u00e9rimente le test du v\u00e9lo \u00e9lectrique pendant un mois aupr\u00e8s de ses collaborateurs - inovall\u00e9e\" \/>\n<meta property=\"og:description\" content=\"Orange accueille un nouveau dispositif pour la mobilit\u00e9 durable pour promouvoir la pratique du v\u00e9lo \u00e9lectrique aupr\u00e8s de ses collaborateurs.\" \/>\n<meta property=\"og:url\" content=\"https:\/\/www.inovallee.com\/en\/orange-experimente-le-test-du-velo-electrique-pendant-un-mois-aupres-de-ses-collaborateurs\/\" \/>\n<meta property=\"og:site_name\" content=\"inovall\u00e9e\" \/>\n<meta property=\"article:publisher\" content=\"https:\/\/www.facebook.com\/technopoleinovallee\/\" \/>\n<meta property=\"article:published_time\" content=\"2021-10-14T08:36:53+00:00\" \/>\n<meta property=\"article:modified_time\" content=\"2021-10-14T12:59:34+00:00\" \/>\n<meta property=\"og:image\" content=\"https:\/\/www.inovallee.com\/wp-content\/uploads\/2021\/10\/Velo-1.jpg\" \/>\n\t<meta property=\"og:image:width\" content=\"1044\" \/>\n\t<meta property=\"og:image:height\" content=\"605\" \/>\n\t<meta property=\"og:image:type\" content=\"image\/jpeg\" \/>\n<meta name=\"author\" content=\"Margaux De la Fuente\" \/>\n<meta name=\"twitter:card\" content=\"summary_large_image\" \/>\n<meta name=\"twitter:creator\" content=\"@inovallee\" \/>\n<meta name=\"twitter:site\" content=\"@inovallee\" \/>\n<meta name=\"twitter:label1\" content=\"Written by\" \/>\n\t<meta name=\"twitter:data1\" content=\"Margaux De la Fuente\" \/>\n\t<meta name=\"twitter:label2\" content=\"Estimated reading time\" \/>\n\t<meta name=\"twitter:data2\" content=\"2 minutes\" \/>\n<script type=\"application\/ld+json\" class=\"yoast-schema-graph\">{\"@context\":\"https:\\\/\\\/schema.org\",\"@graph\":[{\"@type\":\"Article\",\"@id\":\"https:\\\/\\\/www.inovallee.com\\\/orange-experimente-le-test-du-velo-electrique-pendant-un-mois-aupres-de-ses-collaborateurs\\\/#article\",\"isPartOf\":{\"@id\":\"https:\\\/\\\/www.inovallee.com\\\/orange-experimente-le-test-du-velo-electrique-pendant-un-mois-aupres-de-ses-collaborateurs\\\/\"},\"author\":{\"name\":\"Margaux De la Fuente\",\"@id\":\"https:\\\/\\\/www.inovallee.com\\\/#\\\/schema\\\/person\\\/92dc7fd313568f5cc54aba72aba732fe\"},\"headline\":\"Orange exp\u00e9rimente le test du v\u00e9lo \u00e9lectrique pendant un mois aupr\u00e8s de ses collaborateurs\",\"datePublished\":\"2021-10-14T08:36:53+00:00\",\"dateModified\":\"2021-10-14T12:59:34+00:00\",\"mainEntityOfPage\":{\"@id\":\"https:\\\/\\\/www.inovallee.com\\\/orange-experimente-le-test-du-velo-electrique-pendant-un-mois-aupres-de-ses-collaborateurs\\\/\"},\"wordCount\":276,\"publisher\":{\"@id\":\"https:\\\/\\\/www.inovallee.com\\\/#organization\"},\"image\":{\"@id\":\"https:\\\/\\\/www.inovallee.com\\\/orange-experimente-le-test-du-velo-electrique-pendant-un-mois-aupres-de-ses-collaborateurs\\\/#primaryimage\"},\"thumbnailUrl\":\"https:\\\/\\\/www.inovallee.com\\\/wp-content\\\/uploads\\\/2021\\\/10\\\/Velo-1.jpg\",\"keywords\":[\"ORANGE LABS Meylan\"],\"articleSection\":[\"My Ino : Vivre &amp; travailler sur inovall\u00e9e\",\"Transport et mobilit\u00e9 durable\"],\"inLanguage\":\"en-GB\"},{\"@type\":\"WebPage\",\"@id\":\"https:\\\/\\\/www.inovallee.com\\\/orange-experimente-le-test-du-velo-electrique-pendant-un-mois-aupres-de-ses-collaborateurs\\\/\",\"url\":\"https:\\\/\\\/www.inovallee.com\\\/orange-experimente-le-test-du-velo-electrique-pendant-un-mois-aupres-de-ses-collaborateurs\\\/\",\"name\":\"Orange exp\u00e9rimente le test du v\u00e9lo \u00e9lectrique pendant un mois aupr\u00e8s de ses collaborateurs - inovall\u00e9e\",\"isPartOf\":{\"@id\":\"https:\\\/\\\/www.inovallee.com\\\/#website\"},\"primaryImageOfPage\":{\"@id\":\"https:\\\/\\\/www.inovallee.com\\\/orange-experimente-le-test-du-velo-electrique-pendant-un-mois-aupres-de-ses-collaborateurs\\\/#primaryimage\"},\"image\":{\"@id\":\"https:\\\/\\\/www.inovallee.com\\\/orange-experimente-le-test-du-velo-electrique-pendant-un-mois-aupres-de-ses-collaborateurs\\\/#primaryimage\"},\"thumbnailUrl\":\"https:\\\/\\\/www.inovallee.com\\\/wp-content\\\/uploads\\\/2021\\\/10\\\/Velo-1.jpg\",\"datePublished\":\"2021-10-14T08:36:53+00:00\",\"dateModified\":\"2021-10-14T12:59:34+00:00\",\"description\":\"Orange accueille un nouveau dispositif pour la mobilit\u00e9 durable pour promouvoir la pratique du v\u00e9lo \u00e9lectrique aupr\u00e8s de ses collaborateurs.\",\"breadcrumb\":{\"@id\":\"https:\\\/\\\/www.inovallee.com\\\/orange-experimente-le-test-du-velo-electrique-pendant-un-mois-aupres-de-ses-collaborateurs\\\/#breadcrumb\"},\"inLanguage\":\"en-GB\",\"potentialAction\":[{\"@type\":\"ReadAction\",\"target\":[\"https:\\\/\\\/www.inovallee.com\\\/orange-experimente-le-test-du-velo-electrique-pendant-un-mois-aupres-de-ses-collaborateurs\\\/\"]}]},{\"@type\":\"ImageObject\",\"inLanguage\":\"en-GB\",\"@id\":\"https:\\\/\\\/www.inovallee.com\\\/orange-experimente-le-test-du-velo-electrique-pendant-un-mois-aupres-de-ses-collaborateurs\\\/#primaryimage\",\"url\":\"https:\\\/\\\/www.inovallee.com\\\/wp-content\\\/uploads\\\/2021\\\/10\\\/Velo-1.jpg\",\"contentUrl\":\"https:\\\/\\\/www.inovallee.com\\\/wp-content\\\/uploads\\\/2021\\\/10\\\/Velo-1.jpg\",\"width\":1044,\"height\":605},{\"@type\":\"BreadcrumbList\",\"@id\":\"https:\\\/\\\/www.inovallee.com\\\/orange-experimente-le-test-du-velo-electrique-pendant-un-mois-aupres-de-ses-collaborateurs\\\/#breadcrumb\",\"itemListElement\":[{\"@type\":\"ListItem\",\"position\":1,\"name\":\"Accueil\",\"item\":\"https:\\\/\\\/www.inovallee.com\\\/\"},{\"@type\":\"ListItem\",\"position\":2,\"name\":\"Orange exp\u00e9rimente le test du v\u00e9lo \u00e9lectrique pendant un mois aupr\u00e8s de ses collaborateurs\"}]},{\"@type\":\"WebSite\",\"@id\":\"https:\\\/\\\/www.inovallee.com\\\/#website\",\"url\":\"https:\\\/\\\/www.inovallee.com\\\/\",\"name\":\"inovall\u00e9e technopole, Home to software & smart technologies\",\"description\":\"Home to software &amp; smart technologies\",\"publisher\":{\"@id\":\"https:\\\/\\\/www.inovallee.com\\\/#organization\"},\"potentialAction\":[{\"@type\":\"SearchAction\",\"target\":{\"@type\":\"EntryPoint\",\"urlTemplate\":\"https:\\\/\\\/www.inovallee.com\\\/?s={search_term_string}\"},\"query-input\":{\"@type\":\"PropertyValueSpecification\",\"valueRequired\":true,\"valueName\":\"search_term_string\"}}],\"inLanguage\":\"en-GB\"},{\"@type\":\"Organization\",\"@id\":\"https:\\\/\\\/www.inovallee.com\\\/#organization\",\"name\":\"inovall\u00e9e\",\"url\":\"https:\\\/\\\/www.inovallee.com\\\/\",\"logo\":{\"@type\":\"ImageObject\",\"inLanguage\":\"en-GB\",\"@id\":\"https:\\\/\\\/www.inovallee.com\\\/#\\\/schema\\\/logo\\\/image\\\/\",\"url\":\"https:\\\/\\\/www.inovallee.com\\\/wp-content\\\/uploads\\\/2023\\\/08\\\/inovallee_2022_GrenobleAlpes.png\",\"contentUrl\":\"https:\\\/\\\/www.inovallee.com\\\/wp-content\\\/uploads\\\/2023\\\/08\\\/inovallee_2022_GrenobleAlpes.png\",\"width\":945,\"height\":369,\"caption\":\"inovall\u00e9e\"},\"image\":{\"@id\":\"https:\\\/\\\/www.inovallee.com\\\/#\\\/schema\\\/logo\\\/image\\\/\"},\"sameAs\":[\"https:\\\/\\\/www.facebook.com\\\/technopoleinovallee\\\/\",\"https:\\\/\\\/x.com\\\/inovallee\",\"https:\\\/\\\/www.linkedin.com\\\/company\\\/inovall-e\\\/\",\"https:\\\/\\\/www.youtube.com\\\/user\\\/inovallee?reload=9\"]},{\"@type\":\"Person\",\"@id\":\"https:\\\/\\\/www.inovallee.com\\\/#\\\/schema\\\/person\\\/92dc7fd313568f5cc54aba72aba732fe\",\"name\":\"Margaux De la Fuente\"}]}<\/script>\n<!-- \/ Yoast SEO plugin. -->","yoast_head_json":{"title":"Orange exp\u00e9rimente le test du v\u00e9lo \u00e9lectrique pendant un mois aupr\u00e8s de ses collaborateurs - inovall\u00e9e","description":"Orange accueille un nouveau dispositif pour la mobilit\u00e9 durable pour promouvoir la pratique du v\u00e9lo \u00e9lectrique aupr\u00e8s de ses collaborateurs.","robots":{"index":"index","follow":"follow","max-snippet":"max-snippet:-1","max-image-preview":"max-image-preview:large","max-video-preview":"max-video-preview:-1"},"canonical":"https:\/\/www.inovallee.com\/en\/orange-experimente-le-test-du-velo-electrique-pendant-un-mois-aupres-de-ses-collaborateurs\/","og_locale":"en_GB","og_type":"article","og_title":"Orange exp\u00e9rimente le test du v\u00e9lo \u00e9lectrique pendant un mois aupr\u00e8s de ses collaborateurs - inovall\u00e9e","og_description":"Orange accueille un nouveau dispositif pour la mobilit\u00e9 durable pour promouvoir la pratique du v\u00e9lo \u00e9lectrique aupr\u00e8s de ses collaborateurs.","og_url":"https:\/\/www.inovallee.com\/en\/orange-experimente-le-test-du-velo-electrique-pendant-un-mois-aupres-de-ses-collaborateurs\/","og_site_name":"inovall\u00e9e","article_publisher":"https:\/\/www.facebook.com\/technopoleinovallee\/","article_published_time":"2021-10-14T08:36:53+00:00","article_modified_time":"2021-10-14T12:59:34+00:00","og_image":[{"width":1044,"height":605,"url":"https:\/\/www.inovallee.com\/wp-content\/uploads\/2021\/10\/Velo-1.jpg","type":"image\/jpeg"}],"author":"Margaux De la Fuente","twitter_card":"summary_large_image","twitter_creator":"@inovallee","twitter_site":"@inovallee","twitter_misc":{"Written by":"Margaux De la Fuente","Estimated reading time":"2 minutes"},"schema":{"@context":"https:\/\/schema.org","@graph":[{"@type":"Article","@id":"https:\/\/www.inovallee.com\/orange-experimente-le-test-du-velo-electrique-pendant-un-mois-aupres-de-ses-collaborateurs\/#article","isPartOf":{"@id":"https:\/\/www.inovallee.com\/orange-experimente-le-test-du-velo-electrique-pendant-un-mois-aupres-de-ses-collaborateurs\/"},"author":{"name":"Margaux De la Fuente","@id":"https:\/\/www.inovallee.com\/#\/schema\/person\/92dc7fd313568f5cc54aba72aba732fe"},"headline":"Orange exp\u00e9rimente le test du v\u00e9lo \u00e9lectrique pendant un mois aupr\u00e8s de ses collaborateurs","datePublished":"2021-10-14T08:36:53+00:00","dateModified":"2021-10-14T12:59:34+00:00","mainEntityOfPage":{"@id":"https:\/\/www.inovallee.com\/orange-experimente-le-test-du-velo-electrique-pendant-un-mois-aupres-de-ses-collaborateurs\/"},"wordCount":276,"publisher":{"@id":"https:\/\/www.inovallee.com\/#organization"},"image":{"@id":"https:\/\/www.inovallee.com\/orange-experimente-le-test-du-velo-electrique-pendant-un-mois-aupres-de-ses-collaborateurs\/#primaryimage"},"thumbnailUrl":"https:\/\/www.inovallee.com\/wp-content\/uploads\/2021\/10\/Velo-1.jpg","keywords":["ORANGE LABS Meylan"],"articleSection":["My Ino : Vivre &amp; travailler sur inovall\u00e9e","Transport et mobilit\u00e9 durable"],"inLanguage":"en-GB"},{"@type":"WebPage","@id":"https:\/\/www.inovallee.com\/orange-experimente-le-test-du-velo-electrique-pendant-un-mois-aupres-de-ses-collaborateurs\/","url":"https:\/\/www.inovallee.com\/orange-experimente-le-test-du-velo-electrique-pendant-un-mois-aupres-de-ses-collaborateurs\/","name":"Orange exp\u00e9rimente le test du v\u00e9lo \u00e9lectrique pendant un mois aupr\u00e8s de ses collaborateurs - inovall\u00e9e","isPartOf":{"@id":"https:\/\/www.inovallee.com\/#website"},"primaryImageOfPage":{"@id":"https:\/\/www.inovallee.com\/orange-experimente-le-test-du-velo-electrique-pendant-un-mois-aupres-de-ses-collaborateurs\/#primaryimage"},"image":{"@id":"https:\/\/www.inovallee.com\/orange-experimente-le-test-du-velo-electrique-pendant-un-mois-aupres-de-ses-collaborateurs\/#primaryimage"},"thumbnailUrl":"https:\/\/www.inovallee.com\/wp-content\/uploads\/2021\/10\/Velo-1.jpg","datePublished":"2021-10-14T08:36:53+00:00","dateModified":"2021-10-14T12:59:34+00:00","description":"Orange accueille un nouveau dispositif pour la mobilit\u00e9 durable pour promouvoir la pratique du v\u00e9lo \u00e9lectrique aupr\u00e8s de ses collaborateurs.","breadcrumb":{"@id":"https:\/\/www.inovallee.com\/orange-experimente-le-test-du-velo-electrique-pendant-un-mois-aupres-de-ses-collaborateurs\/#breadcrumb"},"inLanguage":"en-GB","potentialAction":[{"@type":"ReadAction","target":["https:\/\/www.inovallee.com\/orange-experimente-le-test-du-velo-electrique-pendant-un-mois-aupres-de-ses-collaborateurs\/"]}]},{"@type":"ImageObject","inLanguage":"en-GB","@id":"https:\/\/www.inovallee.com\/orange-experimente-le-test-du-velo-electrique-pendant-un-mois-aupres-de-ses-collaborateurs\/#primaryimage","url":"https:\/\/www.inovallee.com\/wp-content\/uploads\/2021\/10\/Velo-1.jpg","contentUrl":"https:\/\/www.inovallee.com\/wp-content\/uploads\/2021\/10\/Velo-1.jpg","width":1044,"height":605},{"@type":"BreadcrumbList","@id":"https:\/\/www.inovallee.com\/orange-experimente-le-test-du-velo-electrique-pendant-un-mois-aupres-de-ses-collaborateurs\/#breadcrumb","itemListElement":[{"@type":"ListItem","position":1,"name":"Accueil","item":"https:\/\/www.inovallee.com\/"},{"@type":"ListItem","position":2,"name":"Orange exp\u00e9rimente le test du v\u00e9lo \u00e9lectrique pendant un mois aupr\u00e8s de ses collaborateurs"}]},{"@type":"WebSite","@id":"https:\/\/www.inovallee.com\/#website","url":"https:\/\/www.inovallee.com\/","name":"inovall\u00e9e technopole, Home to software & smart technologies","description":"Home to software &amp; smart technologies","publisher":{"@id":"https:\/\/www.inovallee.com\/#organization"},"potentialAction":[{"@type":"SearchAction","target":{"@type":"EntryPoint","urlTemplate":"https:\/\/www.inovallee.com\/?s={search_term_string}"},"query-input":{"@type":"PropertyValueSpecification","valueRequired":true,"valueName":"search_term_string"}}],"inLanguage":"en-GB"},{"@type":"Organization","@id":"https:\/\/www.inovallee.com\/#organization","name":"inovall\u00e9e","url":"https:\/\/www.inovallee.com\/","logo":{"@type":"ImageObject","inLanguage":"en-GB","@id":"https:\/\/www.inovallee.com\/#\/schema\/logo\/image\/","url":"https:\/\/www.inovallee.com\/wp-content\/uploads\/2023\/08\/inovallee_2022_GrenobleAlpes.png","contentUrl":"https:\/\/www.inovallee.com\/wp-content\/uploads\/2023\/08\/inovallee_2022_GrenobleAlpes.png","width":945,"height":369,"caption":"inovall\u00e9e"},"image":{"@id":"https:\/\/www.inovallee.com\/#\/schema\/logo\/image\/"},"sameAs":["https:\/\/www.facebook.com\/technopoleinovallee\/","https:\/\/x.com\/inovallee","https:\/\/www.linkedin.com\/company\/inovall-e\/","https:\/\/www.youtube.com\/user\/inovallee?reload=9"]},{"@type":"Person","@id":"https:\/\/www.inovallee.com\/#\/schema\/person\/92dc7fd313568f5cc54aba72aba732fe","name":"Margaux De la Fuente"}]}},"_links":{"self":[{"href":"https:\/\/www.inovallee.com\/en\/wp-json\/wp\/v2\/posts\/37161","targetHints":{"allow":["GET"]}}],"collection":[{"href":"https:\/\/www.inovallee.com\/en\/wp-json\/wp\/v2\/posts"}],"about":[{"href":"https:\/\/www.inovallee.com\/en\/wp-json\/wp\/v2\/types\/post"}],"author":[{"embeddable":true,"href":"https:\/\/www.inovallee.com\/en\/wp-json\/wp\/v2\/users\/18"}],"replies":[{"embeddable":true,"href":"https:\/\/www.inovallee.com\/en\/wp-json\/wp\/v2\/comments?post=37161"}],"version-history":[{"count":0,"href":"https:\/\/www.inovallee.com\/en\/wp-json\/wp\/v2\/posts\/37161\/revisions"}],"wp:featuredmedia":[{"embeddable":true,"href":"https:\/\/www.inovallee.com\/en\/wp-json\/wp\/v2\/media\/37279"}],"wp:attachment":[{"href":"https:\/\/www.inovallee.com\/en\/wp-json\/wp\/v2\/media?parent=37161"}],"wp:term":[{"taxonomy":"category","embeddable":true,"href":"https:\/\/www.inovallee.com\/en\/wp-json\/wp\/v2\/categories?post=37161"},{"taxonomy":"post_tag","embeddable":true,"href":"https:\/\/www.inovallee.com\/en\/wp-json\/wp\/v2\/tags?post=37161"}],"curies":[{"name":"wp","href":"https:\/\/api.w.org\/{rel}","templated":true}]}}