{"id":38933,"date":"2022-02-02T10:40:03","date_gmt":"2022-02-02T09:40:03","guid":{"rendered":"https:\/\/www.inovallee.com\/?p=38933"},"modified":"2022-02-02T10:40:03","modified_gmt":"2022-02-02T09:40:03","slug":"cesi-64-ans-dengagement-social","status":"publish","type":"post","link":"https:\/\/www.inovallee.com\/en\/cesi-64-ans-dengagement-social\/","title":{"rendered":"CESI : 64 ans d\u2019engagement social pour la premi\u00e8re \u00e9cole fran\u00e7aise \u00e0 avoir mis\u00e9 sur l\u2019alternance pour former les ing\u00e9nieurs du futur au c\u0153ur des entreprises"},"content":{"rendered":"<h2><strong>Quand les entreprises se mobilisent pour former leurs futurs talents et faire \u00e9voluer leurs comp\u00e9tences\u00a0: la belle histoire d\u2019une \u00e9cole atypique qui a fait le pari historique du terrain <\/strong><\/h2>\n<p>C\u2019est en 1958 que 5 grands groupes industriels (Renault, T\u00e9l\u00e9m\u00e9canique, Snecma, Chausson et la CEM) unissent leurs forces pour cr\u00e9er CESI avec un objectif commun\u00a0: transformer par la formation leurs techniciens en ing\u00e9nieurs. La promotion sociale et la mobilit\u00e9 professionnelle des collaborateurs est donc \u00e0 l\u2019origine m\u00eame du CESI, qui d\u00e8s 1969 lance sa premi\u00e8re formation inter-entreprises \u00ab\u00a0accompagnement du passage au statut cadre\u00a0\u00bb.<\/p>\n<p>20 ans apr\u00e8s sa cr\u00e9ation, en 1978, CESI d\u00e9livre ses premiers dipl\u00f4mes d\u2019ing\u00e9nieur gr\u00e2ce \u00e0 son habilitation par la CTI, et en 1989, elle est la premi\u00e8re \u00e9cole \u00e0 miser sur l\u2019apprentissage pour ses formations d\u2019ing\u00e9nieur, qu\u2019elle ouvre en 2004 \u00e0 la formation initiale.<\/p>\n<p>En 2014, CESI \u00e9largit son offre 100% alternance \u00e0 travers 24 m\u00e9tiers dans 6 fili\u00e8res d\u2019excellence de Bac \u00e0 Bac +5\u00a0: informatique &amp; num\u00e9rique, marketing &amp; communication digitale, RH, QSE, Performance Industrielle et BTP.<\/p>\n<p>En 2020, 5 grandes f\u00e9d\u00e9rations fran\u00e7aises int\u00e8grent la gouvernance de l\u2019Ecole (UIMM, FFB, FNTP, FFIE et Syntec num\u00e9rique). CESI est l\u2019un des premiers grands groupes d\u2019enseignement sup\u00e9rieur et de formation professionnelle \u00e0 recevoir la certification Qualiopi.<\/p>\n<p>Aujourd\u2019hui, CESI forme chaque ann\u00e9e plus de 26000 apprenants et d\u00e9livre 43 dipl\u00f4mes (dipl\u00f4mes d\u2019ing\u00e9nieur, Mast\u00e8res sp\u00e9cialis\u00e9s et certifications professionnelles).<\/p>\n<p>Et le pari audacieux de ses p\u00e8res fondateurs est plus que jamais relev\u00e9 puisque CESI d\u00e9gage un chiffre d\u2019affaires de plus de 140 M\u20ac et emploie plus de 1200 salari\u00e9s, essentiellement des enseignants et des enseignants chercheurs.<\/p>\n<p>\u00ab\u00a0La Recherche est un axe fort de d\u00e9veloppement pour notre \u00e9cole, qui a cr\u00e9\u00e9 un laboratoire d\u2019innovation num\u00e9rique (LINEACT CESI) pour anticiper les mutations technologiques de l\u2019industrie du futur ou encore de la ville intelligente, avec 4 plateformes de Recherche et de Transfert Technologique sur les campus de Nanterre et Rouen\u00a0\u00bb, souligne Sophie Crespy, Directrice de la R\u00e9gion Sud-Est. Depuis 2019, CESI participe m\u00eame \u00e0 une chaire qu\u2019elle a co-cr\u00e9\u00e9e avec NOX et Essor sur la ville du futur et l\u2019\u00e9conomie circulaire.<\/p>\n<h2><strong>CESI Grenoble\u00a0: 10 ans d\u2019implantation sur inovall\u00e9e et plusieurs projets d\u2019avenir pour accompagner les mutations des entreprises et former les talents du futur\u00a0!<\/strong><\/h2>\n<p>En 2011, le groupe implante son \u00e9cole grenobloise sur inovall\u00e9e. Un vrai choix strat\u00e9gique pour l\u2019\u00e9cole qui a fait de l\u2019alternance son diff\u00e9renciateur\u00a0: \u00ab\u00a0nous implantons nos \u00e9coles soit au plus pr\u00e8s de jeunes sur les campus universitaires, soit au plus pr\u00e8s des entreprises qui sont parties-prenantes historiques de nos formations. La technopole inovall\u00e9e nous permet d\u2019\u00eatre en contact direct avec les entreprises innovantes qui accueillent nos apprenants en alternance et \u2026 les recrutent\u00a0!\u00a0\u00bb, souligne S\u00e9verine H\u00e9ly-Joly, directrice du campus inovallien.<\/p>","protected":false},"excerpt":{"rendered":"<p>Quand les entreprises se mobilisent pour former leurs futurs talents et faire \u00e9voluer leurs comp\u00e9tences\u00a0: la belle histoire d\u2019une \u00e9cole atypique qui a fait le pari historique du terrain C\u2019est en 1958 que 5 grands groupes industriels (Renault, T\u00e9l\u00e9m\u00e9canique, Snecma, Chausson et la CEM) unissent leurs forces pour cr\u00e9er CESI avec un objectif commun\u00a0: transformer [&hellip;]<\/p>\n","protected":false},"author":11,"featured_media":39011,"comment_status":"closed","ping_status":"open","sticky":false,"template":"","format":"standard","meta":{"footnotes":""},"categories":[28,29],"tags":[1156],"class_list":["post-38933","post","type-post","status-publish","format-standard","has-post-thumbnail","hentry","category-actus-entreprises","category-evenements","tag-cesi-grenoble"],"yoast_head":"<!-- This site is optimized with the Yoast SEO plugin v27.4 - https:\/\/yoast.com\/product\/yoast-seo-wordpress\/ -->\n<title>CESI : 64 ans d\u2019engagement social pour la premi\u00e8re \u00e9cole fran\u00e7aise \u00e0 avoir mis\u00e9 sur l\u2019alternance pour former les ing\u00e9nieurs du futur au c\u0153ur des entreprises - inovall\u00e9e<\/title>\n<meta name=\"robots\" content=\"index, follow, max-snippet:-1, max-image-preview:large, max-video-preview:-1\" \/>\n<link rel=\"canonical\" href=\"https:\/\/www.inovallee.com\/en\/cesi-64-ans-dengagement-social\/\" \/>\n<meta property=\"og:locale\" content=\"en_GB\" \/>\n<meta property=\"og:type\" content=\"article\" \/>\n<meta property=\"og:title\" content=\"CESI : 64 ans d\u2019engagement social pour la premi\u00e8re \u00e9cole fran\u00e7aise \u00e0 avoir mis\u00e9 sur l\u2019alternance pour former les ing\u00e9nieurs du futur au c\u0153ur des entreprises - inovall\u00e9e\" \/>\n<meta property=\"og:description\" content=\"Quand les entreprises se mobilisent pour former leurs futurs talents et faire \u00e9voluer leurs comp\u00e9tences\u00a0: la belle histoire d\u2019une \u00e9cole atypique qui a fait le pari historique du terrain C\u2019est en 1958 que 5 grands groupes industriels (Renault, T\u00e9l\u00e9m\u00e9canique, Snecma, Chausson et la CEM) unissent leurs forces pour cr\u00e9er CESI avec un objectif commun\u00a0: transformer [&hellip;]\" \/>\n<meta property=\"og:url\" content=\"https:\/\/www.inovallee.com\/en\/cesi-64-ans-dengagement-social\/\" \/>\n<meta property=\"og:site_name\" content=\"inovall\u00e9e\" \/>\n<meta property=\"article:publisher\" content=\"https:\/\/www.facebook.com\/technopoleinovallee\/\" \/>\n<meta property=\"article:published_time\" content=\"2022-02-02T09:40:03+00:00\" \/>\n<meta property=\"og:image\" content=\"https:\/\/www.inovallee.com\/wp-content\/uploads\/2022\/01\/CESI-Grenoble-home.jpg\" \/>\n\t<meta property=\"og:image:width\" content=\"1400\" \/>\n\t<meta property=\"og:image:height\" content=\"945\" \/>\n\t<meta property=\"og:image:type\" content=\"image\/jpeg\" \/>\n<meta name=\"author\" content=\"Val\u00e9rie BERTRAND\" \/>\n<meta name=\"twitter:card\" content=\"summary_large_image\" \/>\n<meta name=\"twitter:creator\" content=\"@inovallee\" \/>\n<meta name=\"twitter:site\" content=\"@inovallee\" \/>\n<meta name=\"twitter:label1\" content=\"Written by\" \/>\n\t<meta name=\"twitter:data1\" content=\"Val\u00e9rie BERTRAND\" \/>\n\t<meta name=\"twitter:label2\" content=\"Estimated reading time\" \/>\n\t<meta name=\"twitter:data2\" content=\"2 minutes\" \/>\n<script type=\"application\/ld+json\" class=\"yoast-schema-graph\">{\"@context\":\"https:\\\/\\\/schema.org\",\"@graph\":[{\"@type\":\"Article\",\"@id\":\"https:\\\/\\\/www.inovallee.com\\\/cesi-64-ans-dengagement-social\\\/#article\",\"isPartOf\":{\"@id\":\"https:\\\/\\\/www.inovallee.com\\\/cesi-64-ans-dengagement-social\\\/\"},\"author\":{\"name\":\"Val\u00e9rie BERTRAND\",\"@id\":\"https:\\\/\\\/www.inovallee.com\\\/#\\\/schema\\\/person\\\/16ce8129e17b4871a123504e8f87f4ee\"},\"headline\":\"CESI : 64 ans d\u2019engagement social pour la premi\u00e8re \u00e9cole fran\u00e7aise \u00e0 avoir mis\u00e9 sur l\u2019alternance pour former les ing\u00e9nieurs du futur au c\u0153ur des entreprises\",\"datePublished\":\"2022-02-02T09:40:03+00:00\",\"mainEntityOfPage\":{\"@id\":\"https:\\\/\\\/www.inovallee.com\\\/cesi-64-ans-dengagement-social\\\/\"},\"wordCount\":520,\"publisher\":{\"@id\":\"https:\\\/\\\/www.inovallee.com\\\/#organization\"},\"image\":{\"@id\":\"https:\\\/\\\/www.inovallee.com\\\/cesi-64-ans-dengagement-social\\\/#primaryimage\"},\"thumbnailUrl\":\"https:\\\/\\\/www.inovallee.com\\\/wp-content\\\/uploads\\\/2022\\\/01\\\/CESI-Grenoble-home.jpg\",\"keywords\":[\"CESI Grenoble\"],\"articleSection\":[\"Sucess stories des entreprises d'inovall\u00e9e\",\"Technopole inovall\u00e9e\"],\"inLanguage\":\"en-GB\"},{\"@type\":\"WebPage\",\"@id\":\"https:\\\/\\\/www.inovallee.com\\\/cesi-64-ans-dengagement-social\\\/\",\"url\":\"https:\\\/\\\/www.inovallee.com\\\/cesi-64-ans-dengagement-social\\\/\",\"name\":\"CESI : 64 ans d\u2019engagement social pour la premi\u00e8re \u00e9cole fran\u00e7aise \u00e0 avoir mis\u00e9 sur l\u2019alternance pour former les ing\u00e9nieurs du futur au c\u0153ur des entreprises - inovall\u00e9e\",\"isPartOf\":{\"@id\":\"https:\\\/\\\/www.inovallee.com\\\/#website\"},\"primaryImageOfPage\":{\"@id\":\"https:\\\/\\\/www.inovallee.com\\\/cesi-64-ans-dengagement-social\\\/#primaryimage\"},\"image\":{\"@id\":\"https:\\\/\\\/www.inovallee.com\\\/cesi-64-ans-dengagement-social\\\/#primaryimage\"},\"thumbnailUrl\":\"https:\\\/\\\/www.inovallee.com\\\/wp-content\\\/uploads\\\/2022\\\/01\\\/CESI-Grenoble-home.jpg\",\"datePublished\":\"2022-02-02T09:40:03+00:00\",\"breadcrumb\":{\"@id\":\"https:\\\/\\\/www.inovallee.com\\\/cesi-64-ans-dengagement-social\\\/#breadcrumb\"},\"inLanguage\":\"en-GB\",\"potentialAction\":[{\"@type\":\"ReadAction\",\"target\":[\"https:\\\/\\\/www.inovallee.com\\\/cesi-64-ans-dengagement-social\\\/\"]}]},{\"@type\":\"ImageObject\",\"inLanguage\":\"en-GB\",\"@id\":\"https:\\\/\\\/www.inovallee.com\\\/cesi-64-ans-dengagement-social\\\/#primaryimage\",\"url\":\"https:\\\/\\\/www.inovallee.com\\\/wp-content\\\/uploads\\\/2022\\\/01\\\/CESI-Grenoble-home.jpg\",\"contentUrl\":\"https:\\\/\\\/www.inovallee.com\\\/wp-content\\\/uploads\\\/2022\\\/01\\\/CESI-Grenoble-home.jpg\",\"width\":1400,\"height\":945},{\"@type\":\"BreadcrumbList\",\"@id\":\"https:\\\/\\\/www.inovallee.com\\\/cesi-64-ans-dengagement-social\\\/#breadcrumb\",\"itemListElement\":[{\"@type\":\"ListItem\",\"position\":1,\"name\":\"Accueil\",\"item\":\"https:\\\/\\\/www.inovallee.com\\\/\"},{\"@type\":\"ListItem\",\"position\":2,\"name\":\"CESI : 64 ans d\u2019engagement social pour la premi\u00e8re \u00e9cole fran\u00e7aise \u00e0 avoir mis\u00e9 sur l\u2019alternance pour former les ing\u00e9nieurs du futur au c\u0153ur des entreprises\"}]},{\"@type\":\"WebSite\",\"@id\":\"https:\\\/\\\/www.inovallee.com\\\/#website\",\"url\":\"https:\\\/\\\/www.inovallee.com\\\/\",\"name\":\"inovall\u00e9e technopole, Home to software & smart technologies\",\"description\":\"Home to software &amp; smart technologies\",\"publisher\":{\"@id\":\"https:\\\/\\\/www.inovallee.com\\\/#organization\"},\"potentialAction\":[{\"@type\":\"SearchAction\",\"target\":{\"@type\":\"EntryPoint\",\"urlTemplate\":\"https:\\\/\\\/www.inovallee.com\\\/?s={search_term_string}\"},\"query-input\":{\"@type\":\"PropertyValueSpecification\",\"valueRequired\":true,\"valueName\":\"search_term_string\"}}],\"inLanguage\":\"en-GB\"},{\"@type\":\"Organization\",\"@id\":\"https:\\\/\\\/www.inovallee.com\\\/#organization\",\"name\":\"inovall\u00e9e\",\"url\":\"https:\\\/\\\/www.inovallee.com\\\/\",\"logo\":{\"@type\":\"ImageObject\",\"inLanguage\":\"en-GB\",\"@id\":\"https:\\\/\\\/www.inovallee.com\\\/#\\\/schema\\\/logo\\\/image\\\/\",\"url\":\"https:\\\/\\\/www.inovallee.com\\\/wp-content\\\/uploads\\\/2023\\\/08\\\/inovallee_2022_GrenobleAlpes.png\",\"contentUrl\":\"https:\\\/\\\/www.inovallee.com\\\/wp-content\\\/uploads\\\/2023\\\/08\\\/inovallee_2022_GrenobleAlpes.png\",\"width\":945,\"height\":369,\"caption\":\"inovall\u00e9e\"},\"image\":{\"@id\":\"https:\\\/\\\/www.inovallee.com\\\/#\\\/schema\\\/logo\\\/image\\\/\"},\"sameAs\":[\"https:\\\/\\\/www.facebook.com\\\/technopoleinovallee\\\/\",\"https:\\\/\\\/x.com\\\/inovallee\",\"https:\\\/\\\/www.linkedin.com\\\/company\\\/inovall-e\\\/\",\"https:\\\/\\\/www.youtube.com\\\/user\\\/inovallee?reload=9\"]},{\"@type\":\"Person\",\"@id\":\"https:\\\/\\\/www.inovallee.com\\\/#\\\/schema\\\/person\\\/16ce8129e17b4871a123504e8f87f4ee\",\"name\":\"Val\u00e9rie BERTRAND\"}]}<\/script>\n<!-- \/ Yoast SEO plugin. -->","yoast_head_json":{"title":"CESI : 64 ans d\u2019engagement social pour la premi\u00e8re \u00e9cole fran\u00e7aise \u00e0 avoir mis\u00e9 sur l\u2019alternance pour former les ing\u00e9nieurs du futur au c\u0153ur des entreprises - inovall\u00e9e","robots":{"index":"index","follow":"follow","max-snippet":"max-snippet:-1","max-image-preview":"max-image-preview:large","max-video-preview":"max-video-preview:-1"},"canonical":"https:\/\/www.inovallee.com\/en\/cesi-64-ans-dengagement-social\/","og_locale":"en_GB","og_type":"article","og_title":"CESI : 64 ans d\u2019engagement social pour la premi\u00e8re \u00e9cole fran\u00e7aise \u00e0 avoir mis\u00e9 sur l\u2019alternance pour former les ing\u00e9nieurs du futur au c\u0153ur des entreprises - inovall\u00e9e","og_description":"Quand les entreprises se mobilisent pour former leurs futurs talents et faire \u00e9voluer leurs comp\u00e9tences\u00a0: la belle histoire d\u2019une \u00e9cole atypique qui a fait le pari historique du terrain C\u2019est en 1958 que 5 grands groupes industriels (Renault, T\u00e9l\u00e9m\u00e9canique, Snecma, Chausson et la CEM) unissent leurs forces pour cr\u00e9er CESI avec un objectif commun\u00a0: transformer [&hellip;]","og_url":"https:\/\/www.inovallee.com\/en\/cesi-64-ans-dengagement-social\/","og_site_name":"inovall\u00e9e","article_publisher":"https:\/\/www.facebook.com\/technopoleinovallee\/","article_published_time":"2022-02-02T09:40:03+00:00","og_image":[{"width":1400,"height":945,"url":"https:\/\/www.inovallee.com\/wp-content\/uploads\/2022\/01\/CESI-Grenoble-home.jpg","type":"image\/jpeg"}],"author":"Val\u00e9rie BERTRAND","twitter_card":"summary_large_image","twitter_creator":"@inovallee","twitter_site":"@inovallee","twitter_misc":{"Written by":"Val\u00e9rie BERTRAND","Estimated reading time":"2 minutes"},"schema":{"@context":"https:\/\/schema.org","@graph":[{"@type":"Article","@id":"https:\/\/www.inovallee.com\/cesi-64-ans-dengagement-social\/#article","isPartOf":{"@id":"https:\/\/www.inovallee.com\/cesi-64-ans-dengagement-social\/"},"author":{"name":"Val\u00e9rie BERTRAND","@id":"https:\/\/www.inovallee.com\/#\/schema\/person\/16ce8129e17b4871a123504e8f87f4ee"},"headline":"CESI : 64 ans d\u2019engagement social pour la premi\u00e8re \u00e9cole fran\u00e7aise \u00e0 avoir mis\u00e9 sur l\u2019alternance pour former les ing\u00e9nieurs du futur au c\u0153ur des entreprises","datePublished":"2022-02-02T09:40:03+00:00","mainEntityOfPage":{"@id":"https:\/\/www.inovallee.com\/cesi-64-ans-dengagement-social\/"},"wordCount":520,"publisher":{"@id":"https:\/\/www.inovallee.com\/#organization"},"image":{"@id":"https:\/\/www.inovallee.com\/cesi-64-ans-dengagement-social\/#primaryimage"},"thumbnailUrl":"https:\/\/www.inovallee.com\/wp-content\/uploads\/2022\/01\/CESI-Grenoble-home.jpg","keywords":["CESI Grenoble"],"articleSection":["Sucess stories des entreprises d'inovall\u00e9e","Technopole inovall\u00e9e"],"inLanguage":"en-GB"},{"@type":"WebPage","@id":"https:\/\/www.inovallee.com\/cesi-64-ans-dengagement-social\/","url":"https:\/\/www.inovallee.com\/cesi-64-ans-dengagement-social\/","name":"CESI : 64 ans d\u2019engagement social pour la premi\u00e8re \u00e9cole fran\u00e7aise \u00e0 avoir mis\u00e9 sur l\u2019alternance pour former les ing\u00e9nieurs du futur au c\u0153ur des entreprises - inovall\u00e9e","isPartOf":{"@id":"https:\/\/www.inovallee.com\/#website"},"primaryImageOfPage":{"@id":"https:\/\/www.inovallee.com\/cesi-64-ans-dengagement-social\/#primaryimage"},"image":{"@id":"https:\/\/www.inovallee.com\/cesi-64-ans-dengagement-social\/#primaryimage"},"thumbnailUrl":"https:\/\/www.inovallee.com\/wp-content\/uploads\/2022\/01\/CESI-Grenoble-home.jpg","datePublished":"2022-02-02T09:40:03+00:00","breadcrumb":{"@id":"https:\/\/www.inovallee.com\/cesi-64-ans-dengagement-social\/#breadcrumb"},"inLanguage":"en-GB","potentialAction":[{"@type":"ReadAction","target":["https:\/\/www.inovallee.com\/cesi-64-ans-dengagement-social\/"]}]},{"@type":"ImageObject","inLanguage":"en-GB","@id":"https:\/\/www.inovallee.com\/cesi-64-ans-dengagement-social\/#primaryimage","url":"https:\/\/www.inovallee.com\/wp-content\/uploads\/2022\/01\/CESI-Grenoble-home.jpg","contentUrl":"https:\/\/www.inovallee.com\/wp-content\/uploads\/2022\/01\/CESI-Grenoble-home.jpg","width":1400,"height":945},{"@type":"BreadcrumbList","@id":"https:\/\/www.inovallee.com\/cesi-64-ans-dengagement-social\/#breadcrumb","itemListElement":[{"@type":"ListItem","position":1,"name":"Accueil","item":"https:\/\/www.inovallee.com\/"},{"@type":"ListItem","position":2,"name":"CESI : 64 ans d\u2019engagement social pour la premi\u00e8re \u00e9cole fran\u00e7aise \u00e0 avoir mis\u00e9 sur l\u2019alternance pour former les ing\u00e9nieurs du futur au c\u0153ur des entreprises"}]},{"@type":"WebSite","@id":"https:\/\/www.inovallee.com\/#website","url":"https:\/\/www.inovallee.com\/","name":"inovall\u00e9e technopole, Home to software & smart technologies","description":"Home to software &amp; smart technologies","publisher":{"@id":"https:\/\/www.inovallee.com\/#organization"},"potentialAction":[{"@type":"SearchAction","target":{"@type":"EntryPoint","urlTemplate":"https:\/\/www.inovallee.com\/?s={search_term_string}"},"query-input":{"@type":"PropertyValueSpecification","valueRequired":true,"valueName":"search_term_string"}}],"inLanguage":"en-GB"},{"@type":"Organization","@id":"https:\/\/www.inovallee.com\/#organization","name":"inovall\u00e9e","url":"https:\/\/www.inovallee.com\/","logo":{"@type":"ImageObject","inLanguage":"en-GB","@id":"https:\/\/www.inovallee.com\/#\/schema\/logo\/image\/","url":"https:\/\/www.inovallee.com\/wp-content\/uploads\/2023\/08\/inovallee_2022_GrenobleAlpes.png","contentUrl":"https:\/\/www.inovallee.com\/wp-content\/uploads\/2023\/08\/inovallee_2022_GrenobleAlpes.png","width":945,"height":369,"caption":"inovall\u00e9e"},"image":{"@id":"https:\/\/www.inovallee.com\/#\/schema\/logo\/image\/"},"sameAs":["https:\/\/www.facebook.com\/technopoleinovallee\/","https:\/\/x.com\/inovallee","https:\/\/www.linkedin.com\/company\/inovall-e\/","https:\/\/www.youtube.com\/user\/inovallee?reload=9"]},{"@type":"Person","@id":"https:\/\/www.inovallee.com\/#\/schema\/person\/16ce8129e17b4871a123504e8f87f4ee","name":"Val\u00e9rie BERTRAND"}]}},"_links":{"self":[{"href":"https:\/\/www.inovallee.com\/en\/wp-json\/wp\/v2\/posts\/38933","targetHints":{"allow":["GET"]}}],"collection":[{"href":"https:\/\/www.inovallee.com\/en\/wp-json\/wp\/v2\/posts"}],"about":[{"href":"https:\/\/www.inovallee.com\/en\/wp-json\/wp\/v2\/types\/post"}],"author":[{"embeddable":true,"href":"https:\/\/www.inovallee.com\/en\/wp-json\/wp\/v2\/users\/11"}],"replies":[{"embeddable":true,"href":"https:\/\/www.inovallee.com\/en\/wp-json\/wp\/v2\/comments?post=38933"}],"version-history":[{"count":0,"href":"https:\/\/www.inovallee.com\/en\/wp-json\/wp\/v2\/posts\/38933\/revisions"}],"wp:featuredmedia":[{"embeddable":true,"href":"https:\/\/www.inovallee.com\/en\/wp-json\/wp\/v2\/media\/39011"}],"wp:attachment":[{"href":"https:\/\/www.inovallee.com\/en\/wp-json\/wp\/v2\/media?parent=38933"}],"wp:term":[{"taxonomy":"category","embeddable":true,"href":"https:\/\/www.inovallee.com\/en\/wp-json\/wp\/v2\/categories?post=38933"},{"taxonomy":"post_tag","embeddable":true,"href":"https:\/\/www.inovallee.com\/en\/wp-json\/wp\/v2\/tags?post=38933"}],"curies":[{"name":"wp","href":"https:\/\/api.w.org\/{rel}","templated":true}]}}