{"id":38939,"date":"2022-02-02T10:38:08","date_gmt":"2022-02-02T09:38:08","guid":{"rendered":"https:\/\/www.inovallee.com\/?p=38939"},"modified":"2022-03-07T15:17:15","modified_gmt":"2022-03-07T14:17:15","slug":"edt-rejoint-le-groupe-weexa","status":"publish","type":"post","link":"https:\/\/www.inovallee.com\/en\/edt-rejoint-le-groupe-weexa\/","title":{"rendered":"EDT, startup cr\u00e9\u00e9e en 1990 sur inovall\u00e9e, rejoint le groupe fran\u00e7ais Weexa et poursuit son d\u00e9veloppement sur le march\u00e9 de l&rsquo;EDI."},"content":{"rendered":"<h2>La startup EDT cr\u00e9\u00e9e par Jean-Jacques Hirsch rejoint le groupe fran\u00e7ais WEEXA<\/h2>\n<p>En 1990, une startup voyait le jour sur la ZIRST de Meylan, ELECTRONIC DATA TRANSFER (EDT). Sa mission\u00a0: accompagner les entreprises qui avaient besoin de mettre en place des solutions innovantes de digitalisation de leurs flux B2B d\u2019approvisionnement. Jean-Jacques HIRSCH, son fondateur avec l\u2019aide d\u2019un investisseur du bassin Grenoblois de l\u2019\u00e9poque, Charles MALKA, et le soutien de HEWLETT-PACKARD se lan\u00e7ait dans une aventure qui allait durer plus de 30 ans.<\/p>\n<p>En parall\u00e8le avec le management de la soci\u00e9t\u00e9, il rejoignait le Conseil d\u2019Administration de la ZIRST pour aider au d\u00e9veloppement et \u00e0 la promotion de ce qui deviendrait plus tard Inovall\u00e9e.<\/p>\n<p>Avec plus de 200 clients dans la grande distribution, l\u2019automobile, l\u2019industrie, la publicit\u00e9 et le High Tech, EDT est devenu un des acteurs tr\u00e8s pr\u00e9sent en France sur ce march\u00e9 de sp\u00e9cialiste qui n\u2019a pas cess\u00e9 de croitre r\u00e9guli\u00e8rement et qui connait une croissance encore plus forte en cette p\u00e9riode o\u00f9 les bons de commande, bons de livraison et les factures doivent circuler encore plus vite et plus surement. Au travers des standards d\u2019\u00e9changes \u00e9lectroniques que l\u2019on regroupe sous le terme EDI, les solutions mises en place par EDT permettent d\u2019acc\u00e9l\u00e9rer ces \u00e9changes et des gains de qualit\u00e9 et de productivit\u00e9 importants.<\/p>\n<p>La soci\u00e9t\u00e9 qui au d\u00e9part \u00e9tait un int\u00e9grateur de logiciel et de mat\u00e9riel pour fournir des solutions clef en main aux grands donneurs d\u2019ordre comme CASTORAMA, a pris le virage du cloud tr\u00e8s t\u00f4t en 1998. Enfin sachez que ces technologies sont aujourd\u2019hui mises en \u0153uvre par les petites et les grandes entreprises et tous les gouvernements.<\/p>\n<p>Sur ce march\u00e9 sp\u00e9cifique, le Groupe fran\u00e7ais WEEXA qui emploie plus de 100 collaborateurs sur 3 continents et dans 8 pays, vient d\u2019acqu\u00e9rir EDT.<\/p>\n<p>Au sein du groupe Weexa, EDT conserve son identit\u00e9, sa marque, son autonomie, ses cinquante salari\u00e9s et les accords de partenariat strat\u00e9gique avec les deux leaders mondiaux du secteur que sont IBM et OpenText. En parall\u00e8le avec cette extension de son offre, le groupe Weexa poursuit son d\u00e9veloppement g\u00e9ographique, offrant ainsi \u00e0 EDT la possibilit\u00e9 d\u2019accompagner ses clients dans le monde entier.<\/p>\n<h2><strong>Une m\u00eame vision du march\u00e9 bas\u00e9e sur la comp\u00e9tence et la proximit\u00e9<br \/>\n<\/strong><\/h2>\n<p>Entre le groupe Weexa et EDT, c\u2019est avant tout une relation de confiance qui s\u2019est tiss\u00e9e d\u00e8s la premi\u00e8re rencontre, reposant sur une vision semblable du march\u00e9 et de ses perspectives, ainsi que des moyens n\u00e9cessaires pour atteindre des objectifs communs et ambitieux.<\/p>\n<p>La fid\u00e9lit\u00e9 exceptionnelle des clients aux deux soci\u00e9t\u00e9s repose sur la proximit\u00e9, la qualit\u00e9 et la fiabilit\u00e9 des services rendus pour ces applications de la Supply Chain tellement critiques.<\/p>\n<p><em>\u00ab\u00a0On a souvent dit que l\u2019EDI \u00e9tait d\u00e9pass\u00e9, alors qu\u2019il reste en r\u00e9alit\u00e9 \u00e9norm\u00e9ment \u00e0 faire dans ce domaine. Nous constatons une augmentation des flux de 10 \u00e0 12\u00a0% chaque ann\u00e9e. Le march\u00e9 est \u00e0 la fois p\u00e9renne et porteur. Ce rapprochement avec le groupe WEEXA est une formidable opportunit\u00e9 pour notre entreprise d\u2019acc\u00e9l\u00e9rer sur ses march\u00e9s, en France et \u00e0 l\u2019international. La compl\u00e9mentarit\u00e9 de nos offres nous positionne d\u00e9sormais comme un acteur important des flux B2B et B2G, dans tous les secteurs d\u2019activit\u00e9<\/em> \u00bb, pr\u00e9cise Jean-Jacques Hirsch, fondateur d\u2019EDT.<\/p>\n<p>\u00ab\u00a0<em>En int\u00e9grant EDT \u00e0 notre groupe, nous renfor\u00e7ons notre expertise sur l\u2019EDI avec de nouveaux types de services et de nouveaux partenaires, dans des secteurs que nous adressions peu. Cette nouvelle filiale va nous permettre d\u2019adresser toutes les probl\u00e9matiques du march\u00e9, de fa\u00e7on toujours plus structur\u00e9e et pertinente. Avec EDT, nous couvrons la totalit\u00e9 du spectre de la digitalisation des flux BtoB<\/em>\u00a0\u00bb, se r\u00e9jouit J\u00e9r\u00f4me Fleury, Pr\u00e9sident de WEEXA Group et d\u2019EDT.<\/p>\n<p>EDT poursuit son d\u00e9veloppement non seulement sur Montbonnot, avec un nouveau Directeur G\u00e9n\u00e9ral Olivier MAROTTE, mais aussi avec une direction commerciale \u00e0 Paris anim\u00e9e par Ariane COUSIN, et une \u00e9quipe jeune ayant plus de 20 ans d\u2019exp\u00e9rience en EDI en Grande Bretagne et en Irlande sous la responsabilit\u00e9 de Tung HAU et Kieran O\u2019CONNOR.<\/p>\n<p>Enfin, Vincent HIRSCH est charg\u00e9 du marketing du groupe WEEXA, une mani\u00e8re pour Jean-Jacques HIRSCH de reboucler la boucle ce cette Success Story d\u2019Inovall\u00e9e\u00a0!<\/p>","protected":false},"excerpt":{"rendered":"<p>La startup EDT cr\u00e9\u00e9e par Jean-Jacques Hirsch rejoint le groupe fran\u00e7ais WEEXA En 1990, une startup voyait le jour sur la ZIRST de Meylan, ELECTRONIC DATA TRANSFER (EDT). Sa mission\u00a0: accompagner les entreprises qui avaient besoin de mettre en place des solutions innovantes de digitalisation de leurs flux B2B d\u2019approvisionnement. Jean-Jacques HIRSCH, son fondateur avec [&hellip;]<\/p>\n","protected":false},"author":11,"featured_media":39008,"comment_status":"closed","ping_status":"open","sticky":false,"template":"","format":"standard","meta":{"footnotes":""},"categories":[29],"tags":[1050],"class_list":["post-38939","post","type-post","status-publish","format-standard","has-post-thumbnail","hentry","category-evenements","tag-edt-sas-electronic-data-transfer"],"yoast_head":"<!-- This site is optimized with the Yoast SEO plugin v27.4 - https:\/\/yoast.com\/product\/yoast-seo-wordpress\/ -->\n<title>EDT, startup cr\u00e9\u00e9e en 1990 sur inovall\u00e9e, rejoint le groupe fran\u00e7ais Weexa et poursuit son d\u00e9veloppement sur le march\u00e9 de l&#039;EDI. - inovall\u00e9e<\/title>\n<meta name=\"description\" content=\"La belle histoire de l&#039;enfant d&#039;inovall\u00e9e EDT cr\u00e9\u00e9e par Jean-Jacques Hirsch qui rejoint le groupe fran\u00e7ais WEEXA pour conforter son leadership sur l&#039;EDI\" \/>\n<meta name=\"robots\" content=\"index, follow, max-snippet:-1, max-image-preview:large, max-video-preview:-1\" \/>\n<link rel=\"canonical\" href=\"https:\/\/www.inovallee.com\/en\/edt-rejoint-le-groupe-weexa\/\" \/>\n<meta property=\"og:locale\" content=\"en_GB\" \/>\n<meta property=\"og:type\" content=\"article\" \/>\n<meta property=\"og:title\" content=\"EDT, startup cr\u00e9\u00e9e en 1990 sur inovall\u00e9e, rejoint le groupe fran\u00e7ais Weexa et poursuit son d\u00e9veloppement sur le march\u00e9 de l&#039;EDI. - inovall\u00e9e\" \/>\n<meta property=\"og:description\" content=\"La belle histoire de l&#039;enfant d&#039;inovall\u00e9e EDT cr\u00e9\u00e9e par Jean-Jacques Hirsch qui rejoint le groupe fran\u00e7ais WEEXA pour conforter son leadership sur l&#039;EDI\" \/>\n<meta property=\"og:url\" content=\"https:\/\/www.inovallee.com\/en\/edt-rejoint-le-groupe-weexa\/\" \/>\n<meta property=\"og:site_name\" content=\"inovall\u00e9e\" \/>\n<meta property=\"article:publisher\" content=\"https:\/\/www.facebook.com\/technopoleinovallee\/\" \/>\n<meta property=\"article:published_time\" content=\"2022-02-02T09:38:08+00:00\" \/>\n<meta property=\"article:modified_time\" content=\"2022-03-07T14:17:15+00:00\" \/>\n<meta property=\"og:image\" content=\"https:\/\/www.inovallee.com\/wp-content\/uploads\/2022\/02\/weexa_EDT.png\" \/>\n\t<meta property=\"og:image:width\" content=\"809\" \/>\n\t<meta property=\"og:image:height\" content=\"509\" \/>\n\t<meta property=\"og:image:type\" content=\"image\/png\" \/>\n<meta name=\"author\" content=\"Val\u00e9rie BERTRAND\" \/>\n<meta name=\"twitter:card\" content=\"summary_large_image\" \/>\n<meta name=\"twitter:creator\" content=\"@inovallee\" \/>\n<meta name=\"twitter:site\" content=\"@inovallee\" \/>\n<meta name=\"twitter:label1\" content=\"Written by\" \/>\n\t<meta name=\"twitter:data1\" content=\"Val\u00e9rie BERTRAND\" \/>\n\t<meta name=\"twitter:label2\" content=\"Estimated reading time\" \/>\n\t<meta name=\"twitter:data2\" content=\"4 minutes\" \/>\n<script type=\"application\/ld+json\" class=\"yoast-schema-graph\">{\"@context\":\"https:\\\/\\\/schema.org\",\"@graph\":[{\"@type\":\"Article\",\"@id\":\"https:\\\/\\\/www.inovallee.com\\\/edt-rejoint-le-groupe-weexa\\\/#article\",\"isPartOf\":{\"@id\":\"https:\\\/\\\/www.inovallee.com\\\/edt-rejoint-le-groupe-weexa\\\/\"},\"author\":{\"name\":\"Val\u00e9rie BERTRAND\",\"@id\":\"https:\\\/\\\/www.inovallee.com\\\/#\\\/schema\\\/person\\\/16ce8129e17b4871a123504e8f87f4ee\"},\"headline\":\"EDT, startup cr\u00e9\u00e9e en 1990 sur inovall\u00e9e, rejoint le groupe fran\u00e7ais Weexa et poursuit son d\u00e9veloppement sur le march\u00e9 de l&rsquo;EDI.\",\"datePublished\":\"2022-02-02T09:38:08+00:00\",\"dateModified\":\"2022-03-07T14:17:15+00:00\",\"mainEntityOfPage\":{\"@id\":\"https:\\\/\\\/www.inovallee.com\\\/edt-rejoint-le-groupe-weexa\\\/\"},\"wordCount\":786,\"publisher\":{\"@id\":\"https:\\\/\\\/www.inovallee.com\\\/#organization\"},\"image\":{\"@id\":\"https:\\\/\\\/www.inovallee.com\\\/edt-rejoint-le-groupe-weexa\\\/#primaryimage\"},\"thumbnailUrl\":\"https:\\\/\\\/www.inovallee.com\\\/wp-content\\\/uploads\\\/2022\\\/02\\\/weexa_EDT.png\",\"keywords\":[\"EDT SAS - Electronic Data Transfer\"],\"articleSection\":[\"Technopole inovall\u00e9e\"],\"inLanguage\":\"en-GB\"},{\"@type\":\"WebPage\",\"@id\":\"https:\\\/\\\/www.inovallee.com\\\/edt-rejoint-le-groupe-weexa\\\/\",\"url\":\"https:\\\/\\\/www.inovallee.com\\\/edt-rejoint-le-groupe-weexa\\\/\",\"name\":\"EDT, startup cr\u00e9\u00e9e en 1990 sur inovall\u00e9e, rejoint le groupe fran\u00e7ais Weexa et poursuit son d\u00e9veloppement sur le march\u00e9 de l'EDI. - inovall\u00e9e\",\"isPartOf\":{\"@id\":\"https:\\\/\\\/www.inovallee.com\\\/#website\"},\"primaryImageOfPage\":{\"@id\":\"https:\\\/\\\/www.inovallee.com\\\/edt-rejoint-le-groupe-weexa\\\/#primaryimage\"},\"image\":{\"@id\":\"https:\\\/\\\/www.inovallee.com\\\/edt-rejoint-le-groupe-weexa\\\/#primaryimage\"},\"thumbnailUrl\":\"https:\\\/\\\/www.inovallee.com\\\/wp-content\\\/uploads\\\/2022\\\/02\\\/weexa_EDT.png\",\"datePublished\":\"2022-02-02T09:38:08+00:00\",\"dateModified\":\"2022-03-07T14:17:15+00:00\",\"description\":\"La belle histoire de l'enfant d'inovall\u00e9e EDT cr\u00e9\u00e9e par Jean-Jacques Hirsch qui rejoint le groupe fran\u00e7ais WEEXA pour conforter son leadership sur l'EDI\",\"breadcrumb\":{\"@id\":\"https:\\\/\\\/www.inovallee.com\\\/edt-rejoint-le-groupe-weexa\\\/#breadcrumb\"},\"inLanguage\":\"en-GB\",\"potentialAction\":[{\"@type\":\"ReadAction\",\"target\":[\"https:\\\/\\\/www.inovallee.com\\\/edt-rejoint-le-groupe-weexa\\\/\"]}]},{\"@type\":\"ImageObject\",\"inLanguage\":\"en-GB\",\"@id\":\"https:\\\/\\\/www.inovallee.com\\\/edt-rejoint-le-groupe-weexa\\\/#primaryimage\",\"url\":\"https:\\\/\\\/www.inovallee.com\\\/wp-content\\\/uploads\\\/2022\\\/02\\\/weexa_EDT.png\",\"contentUrl\":\"https:\\\/\\\/www.inovallee.com\\\/wp-content\\\/uploads\\\/2022\\\/02\\\/weexa_EDT.png\",\"width\":809,\"height\":509},{\"@type\":\"BreadcrumbList\",\"@id\":\"https:\\\/\\\/www.inovallee.com\\\/edt-rejoint-le-groupe-weexa\\\/#breadcrumb\",\"itemListElement\":[{\"@type\":\"ListItem\",\"position\":1,\"name\":\"Accueil\",\"item\":\"https:\\\/\\\/www.inovallee.com\\\/\"},{\"@type\":\"ListItem\",\"position\":2,\"name\":\"EDT, startup cr\u00e9\u00e9e en 1990 sur inovall\u00e9e, rejoint le groupe fran\u00e7ais Weexa et poursuit son d\u00e9veloppement sur le march\u00e9 de l&rsquo;EDI.\"}]},{\"@type\":\"WebSite\",\"@id\":\"https:\\\/\\\/www.inovallee.com\\\/#website\",\"url\":\"https:\\\/\\\/www.inovallee.com\\\/\",\"name\":\"inovall\u00e9e technopole, Home to software & smart technologies\",\"description\":\"Home to software &amp; smart technologies\",\"publisher\":{\"@id\":\"https:\\\/\\\/www.inovallee.com\\\/#organization\"},\"potentialAction\":[{\"@type\":\"SearchAction\",\"target\":{\"@type\":\"EntryPoint\",\"urlTemplate\":\"https:\\\/\\\/www.inovallee.com\\\/?s={search_term_string}\"},\"query-input\":{\"@type\":\"PropertyValueSpecification\",\"valueRequired\":true,\"valueName\":\"search_term_string\"}}],\"inLanguage\":\"en-GB\"},{\"@type\":\"Organization\",\"@id\":\"https:\\\/\\\/www.inovallee.com\\\/#organization\",\"name\":\"inovall\u00e9e\",\"url\":\"https:\\\/\\\/www.inovallee.com\\\/\",\"logo\":{\"@type\":\"ImageObject\",\"inLanguage\":\"en-GB\",\"@id\":\"https:\\\/\\\/www.inovallee.com\\\/#\\\/schema\\\/logo\\\/image\\\/\",\"url\":\"https:\\\/\\\/www.inovallee.com\\\/wp-content\\\/uploads\\\/2023\\\/08\\\/inovallee_2022_GrenobleAlpes.png\",\"contentUrl\":\"https:\\\/\\\/www.inovallee.com\\\/wp-content\\\/uploads\\\/2023\\\/08\\\/inovallee_2022_GrenobleAlpes.png\",\"width\":945,\"height\":369,\"caption\":\"inovall\u00e9e\"},\"image\":{\"@id\":\"https:\\\/\\\/www.inovallee.com\\\/#\\\/schema\\\/logo\\\/image\\\/\"},\"sameAs\":[\"https:\\\/\\\/www.facebook.com\\\/technopoleinovallee\\\/\",\"https:\\\/\\\/x.com\\\/inovallee\",\"https:\\\/\\\/www.linkedin.com\\\/company\\\/inovall-e\\\/\",\"https:\\\/\\\/www.youtube.com\\\/user\\\/inovallee?reload=9\"]},{\"@type\":\"Person\",\"@id\":\"https:\\\/\\\/www.inovallee.com\\\/#\\\/schema\\\/person\\\/16ce8129e17b4871a123504e8f87f4ee\",\"name\":\"Val\u00e9rie BERTRAND\"}]}<\/script>\n<!-- \/ Yoast SEO plugin. -->","yoast_head_json":{"title":"EDT, startup cr\u00e9\u00e9e en 1990 sur inovall\u00e9e, rejoint le groupe fran\u00e7ais Weexa et poursuit son d\u00e9veloppement sur le march\u00e9 de l'EDI. - inovall\u00e9e","description":"La belle histoire de l'enfant d'inovall\u00e9e EDT cr\u00e9\u00e9e par Jean-Jacques Hirsch qui rejoint le groupe fran\u00e7ais WEEXA pour conforter son leadership sur l'EDI","robots":{"index":"index","follow":"follow","max-snippet":"max-snippet:-1","max-image-preview":"max-image-preview:large","max-video-preview":"max-video-preview:-1"},"canonical":"https:\/\/www.inovallee.com\/en\/edt-rejoint-le-groupe-weexa\/","og_locale":"en_GB","og_type":"article","og_title":"EDT, startup cr\u00e9\u00e9e en 1990 sur inovall\u00e9e, rejoint le groupe fran\u00e7ais Weexa et poursuit son d\u00e9veloppement sur le march\u00e9 de l'EDI. - inovall\u00e9e","og_description":"La belle histoire de l'enfant d'inovall\u00e9e EDT cr\u00e9\u00e9e par Jean-Jacques Hirsch qui rejoint le groupe fran\u00e7ais WEEXA pour conforter son leadership sur l'EDI","og_url":"https:\/\/www.inovallee.com\/en\/edt-rejoint-le-groupe-weexa\/","og_site_name":"inovall\u00e9e","article_publisher":"https:\/\/www.facebook.com\/technopoleinovallee\/","article_published_time":"2022-02-02T09:38:08+00:00","article_modified_time":"2022-03-07T14:17:15+00:00","og_image":[{"width":809,"height":509,"url":"https:\/\/www.inovallee.com\/wp-content\/uploads\/2022\/02\/weexa_EDT.png","type":"image\/png"}],"author":"Val\u00e9rie BERTRAND","twitter_card":"summary_large_image","twitter_creator":"@inovallee","twitter_site":"@inovallee","twitter_misc":{"Written by":"Val\u00e9rie BERTRAND","Estimated reading time":"4 minutes"},"schema":{"@context":"https:\/\/schema.org","@graph":[{"@type":"Article","@id":"https:\/\/www.inovallee.com\/edt-rejoint-le-groupe-weexa\/#article","isPartOf":{"@id":"https:\/\/www.inovallee.com\/edt-rejoint-le-groupe-weexa\/"},"author":{"name":"Val\u00e9rie BERTRAND","@id":"https:\/\/www.inovallee.com\/#\/schema\/person\/16ce8129e17b4871a123504e8f87f4ee"},"headline":"EDT, startup cr\u00e9\u00e9e en 1990 sur inovall\u00e9e, rejoint le groupe fran\u00e7ais Weexa et poursuit son d\u00e9veloppement sur le march\u00e9 de l&rsquo;EDI.","datePublished":"2022-02-02T09:38:08+00:00","dateModified":"2022-03-07T14:17:15+00:00","mainEntityOfPage":{"@id":"https:\/\/www.inovallee.com\/edt-rejoint-le-groupe-weexa\/"},"wordCount":786,"publisher":{"@id":"https:\/\/www.inovallee.com\/#organization"},"image":{"@id":"https:\/\/www.inovallee.com\/edt-rejoint-le-groupe-weexa\/#primaryimage"},"thumbnailUrl":"https:\/\/www.inovallee.com\/wp-content\/uploads\/2022\/02\/weexa_EDT.png","keywords":["EDT SAS - Electronic Data Transfer"],"articleSection":["Technopole inovall\u00e9e"],"inLanguage":"en-GB"},{"@type":"WebPage","@id":"https:\/\/www.inovallee.com\/edt-rejoint-le-groupe-weexa\/","url":"https:\/\/www.inovallee.com\/edt-rejoint-le-groupe-weexa\/","name":"EDT, startup cr\u00e9\u00e9e en 1990 sur inovall\u00e9e, rejoint le groupe fran\u00e7ais Weexa et poursuit son d\u00e9veloppement sur le march\u00e9 de l'EDI. - inovall\u00e9e","isPartOf":{"@id":"https:\/\/www.inovallee.com\/#website"},"primaryImageOfPage":{"@id":"https:\/\/www.inovallee.com\/edt-rejoint-le-groupe-weexa\/#primaryimage"},"image":{"@id":"https:\/\/www.inovallee.com\/edt-rejoint-le-groupe-weexa\/#primaryimage"},"thumbnailUrl":"https:\/\/www.inovallee.com\/wp-content\/uploads\/2022\/02\/weexa_EDT.png","datePublished":"2022-02-02T09:38:08+00:00","dateModified":"2022-03-07T14:17:15+00:00","description":"La belle histoire de l'enfant d'inovall\u00e9e EDT cr\u00e9\u00e9e par Jean-Jacques Hirsch qui rejoint le groupe fran\u00e7ais WEEXA pour conforter son leadership sur l'EDI","breadcrumb":{"@id":"https:\/\/www.inovallee.com\/edt-rejoint-le-groupe-weexa\/#breadcrumb"},"inLanguage":"en-GB","potentialAction":[{"@type":"ReadAction","target":["https:\/\/www.inovallee.com\/edt-rejoint-le-groupe-weexa\/"]}]},{"@type":"ImageObject","inLanguage":"en-GB","@id":"https:\/\/www.inovallee.com\/edt-rejoint-le-groupe-weexa\/#primaryimage","url":"https:\/\/www.inovallee.com\/wp-content\/uploads\/2022\/02\/weexa_EDT.png","contentUrl":"https:\/\/www.inovallee.com\/wp-content\/uploads\/2022\/02\/weexa_EDT.png","width":809,"height":509},{"@type":"BreadcrumbList","@id":"https:\/\/www.inovallee.com\/edt-rejoint-le-groupe-weexa\/#breadcrumb","itemListElement":[{"@type":"ListItem","position":1,"name":"Accueil","item":"https:\/\/www.inovallee.com\/"},{"@type":"ListItem","position":2,"name":"EDT, startup cr\u00e9\u00e9e en 1990 sur inovall\u00e9e, rejoint le groupe fran\u00e7ais Weexa et poursuit son d\u00e9veloppement sur le march\u00e9 de l&rsquo;EDI."}]},{"@type":"WebSite","@id":"https:\/\/www.inovallee.com\/#website","url":"https:\/\/www.inovallee.com\/","name":"inovall\u00e9e technopole, Home to software & smart technologies","description":"Home to software &amp; smart technologies","publisher":{"@id":"https:\/\/www.inovallee.com\/#organization"},"potentialAction":[{"@type":"SearchAction","target":{"@type":"EntryPoint","urlTemplate":"https:\/\/www.inovallee.com\/?s={search_term_string}"},"query-input":{"@type":"PropertyValueSpecification","valueRequired":true,"valueName":"search_term_string"}}],"inLanguage":"en-GB"},{"@type":"Organization","@id":"https:\/\/www.inovallee.com\/#organization","name":"inovall\u00e9e","url":"https:\/\/www.inovallee.com\/","logo":{"@type":"ImageObject","inLanguage":"en-GB","@id":"https:\/\/www.inovallee.com\/#\/schema\/logo\/image\/","url":"https:\/\/www.inovallee.com\/wp-content\/uploads\/2023\/08\/inovallee_2022_GrenobleAlpes.png","contentUrl":"https:\/\/www.inovallee.com\/wp-content\/uploads\/2023\/08\/inovallee_2022_GrenobleAlpes.png","width":945,"height":369,"caption":"inovall\u00e9e"},"image":{"@id":"https:\/\/www.inovallee.com\/#\/schema\/logo\/image\/"},"sameAs":["https:\/\/www.facebook.com\/technopoleinovallee\/","https:\/\/x.com\/inovallee","https:\/\/www.linkedin.com\/company\/inovall-e\/","https:\/\/www.youtube.com\/user\/inovallee?reload=9"]},{"@type":"Person","@id":"https:\/\/www.inovallee.com\/#\/schema\/person\/16ce8129e17b4871a123504e8f87f4ee","name":"Val\u00e9rie BERTRAND"}]}},"_links":{"self":[{"href":"https:\/\/www.inovallee.com\/en\/wp-json\/wp\/v2\/posts\/38939","targetHints":{"allow":["GET"]}}],"collection":[{"href":"https:\/\/www.inovallee.com\/en\/wp-json\/wp\/v2\/posts"}],"about":[{"href":"https:\/\/www.inovallee.com\/en\/wp-json\/wp\/v2\/types\/post"}],"author":[{"embeddable":true,"href":"https:\/\/www.inovallee.com\/en\/wp-json\/wp\/v2\/users\/11"}],"replies":[{"embeddable":true,"href":"https:\/\/www.inovallee.com\/en\/wp-json\/wp\/v2\/comments?post=38939"}],"version-history":[{"count":0,"href":"https:\/\/www.inovallee.com\/en\/wp-json\/wp\/v2\/posts\/38939\/revisions"}],"wp:featuredmedia":[{"embeddable":true,"href":"https:\/\/www.inovallee.com\/en\/wp-json\/wp\/v2\/media\/39008"}],"wp:attachment":[{"href":"https:\/\/www.inovallee.com\/en\/wp-json\/wp\/v2\/media?parent=38939"}],"wp:term":[{"taxonomy":"category","embeddable":true,"href":"https:\/\/www.inovallee.com\/en\/wp-json\/wp\/v2\/categories?post=38939"},{"taxonomy":"post_tag","embeddable":true,"href":"https:\/\/www.inovallee.com\/en\/wp-json\/wp\/v2\/tags?post=38939"}],"curies":[{"name":"wp","href":"https:\/\/api.w.org\/{rel}","templated":true}]}}