{"id":38960,"date":"2022-02-02T10:07:04","date_gmt":"2022-02-02T09:07:04","guid":{"rendered":"https:\/\/www.inovallee.com\/?p=38960"},"modified":"2022-02-02T16:56:18","modified_gmt":"2022-02-02T15:56:18","slug":"domnexx-booste-par-les-aides-de-letat","status":"publish","type":"post","link":"https:\/\/www.inovallee.com\/en\/domnexx-booste-par-les-aides-de-letat\/","title":{"rendered":"DomNexX boost\u00e9 par les aides de l\u2019Etat pour \u00e9quiper les \u00e9tablissements scolaires de ses capteurs de CO2 made in France et r\u00e9f\u00e9renc\u00e9s"},"content":{"rendered":"<h2><strong>Un fonds de soutien de l\u2019Etat de 20 M\u20ac pour aider les collectivit\u00e9s \u00e0 \u00e9quiper leurs \u00e9tablissements scolaires de capteurs de CO\u00b2 dans le cadre de la lutte anti Covid<\/strong><\/h2>\n<p>La lutte contre la transmission du SRAS-CoV2 n\u00e9cessite depuis des mois une mise en place tr\u00e8s rigoureuse des protocoles sanitaires et des gestes barri\u00e8res dans les \u00e9tablissements scolaires. La transmission par voie a\u00e9rienne du virus SARS-CoV-2 fait en effet partie des modes principaux de propagation de la Covid-19 dans les espaces clos et la maitrise du renouvellement de l\u2019air dans les \u00e9coles et les \u00e9tablissements scolaires implique de proc\u00e9der \u00e0 une a\u00e9ration tr\u00e8s r\u00e9guli\u00e8re en l\u2019absence de ventilation m\u00e9canique.<\/p>\n<p>Seul l\u2019installation de capteurs de CO2 permet d\u2019aider \u00e0 ce que le renouvellement de l\u2019air soit correctement effectu\u00e9 et, \u00e0 d\u00e9faut, qu\u2019il est n\u00e9cessaire de prendre des mesures correctrices.<\/p>\n<p>Le Minist\u00e8re de l\u2019\u00c9ducation Nationale, de la Jeunesse et des Sports (MENJS) a donc recommand\u00e9, dans une fiche \u00ab\u00a0rep\u00e8res\u00a0\u00bb mise en ligne suite \u00e0 l\u2019avis rendu le 28 avril 2021 par le Haut conseil de la sant\u00e9 publique, l\u2019utilisation de capteurs de CO2 pour r\u00e9aliser des campagnes de mesure, qui \u00a0permettent de d\u00e9finir les pratiques et actions les plus pertinentes en mati\u00e8re d\u2019a\u00e9ration dans les diff\u00e9rents locaux (salles de classe, cantine\u2026)<\/p>\n<p>Afin d\u2019encourager le d\u00e9ploiement de ces campagnes dans les \u00e9coles et \u00e9tablissements scolaires, un soutien financier exceptionnel est apport\u00e9 par l\u2019\u00c9tat aux collectivit\u00e9s territoriales qui font l\u2019acquisition de capteurs C0\u00b2 afin d\u2019en munir les \u00e9coles publiques et \u00e9tablissements publics locaux d\u2019enseignement.<\/p>\n<p>Le montant de l\u2019aide est d\u00e9termin\u00e9 en tenant compte, soit du nombre d\u2019\u00e9l\u00e8ves relevant des \u00e9coles publiques (1er degr\u00e9) ou EPLE (2nd degr\u00e9, post bac) relevant du MENJS situ\u00e9es sur le territoire de la collectivit\u00e9 territoriale ou de l\u2019EPCl, soit du nombre total de capteurs achet\u00e9s et livr\u00e9s dans ces \u00e9coles publiques ou EPLE, soit du co\u00fbt d\u2019acquisition de ces capteurs C0\u00b2 par la collectivit\u00e9 ou I\u2019EPCI.<\/p>\n<p>Au total, c\u2019est un fonds de 20 M\u20ac qui est mis \u00e0 disposition des collectivit\u00e9s jusqu\u2019au 15 avril 2022.<\/p>\n<h2><strong>4 capteurs fran\u00e7ais sur les 8 capteurs r\u00e9f\u00e9renc\u00e9s par Projet CO\u00b2 dont DomNexX nexxSense, tr\u00e8s sollicit\u00e9 pour \u00e9quiper les \u00e9tablissements scolaires, dont les 77 \u00e9coles de Grenoble !<\/strong><\/h2>\n<p>Projet CO2\u00a0est un groupe de travail rassemblant des enseignants-chercheurs qui a pour objectif d&rsquo;informer sur l&rsquo;int\u00e9r\u00eat de la mesure du CO2 pour am\u00e9liorer l&rsquo;a\u00e9ration des locaux et ainsi limiter la diss\u00e9mination de la COVID19 par voie a\u00e9rosol.<\/p>\n<p>Dans le cadre de sa mission de sensibilisation Projet CO\u00b2 a test\u00e9 et r\u00e9f\u00e9renc\u00e9 8 capteurs de CO\u00b2, dont celui de Domnexx, produit 100% made in France, et essentiellement made in AURA. <a href=\"https:\/\/projetco2.fr\/capteurs\">https:\/\/projetco2.fr\/capteurs<\/a><\/p>\n<p>Rien d\u2019\u00e9tonnant d\u00e8s lors que les commandes affluent pour la startup du Tarmac, qui a notamment \u00e9quip\u00e9 les 106 coll\u00e8ges du d\u00e9partement de la Gironde, les 60 coll\u00e8ges de la C\u00f4te d\u2019Or, les 5 campus de l\u2019Universit\u00e9 Marseille Aix, mais aussi, entre autre, les \u00e9tablissements scolaires de Saint Marcellin, Seyssins, de Saint Priest, et plus r\u00e9cemment les 77 \u00e9coles de la Ville de Grenoble\u00a0!<\/p>\n<p>Les demandes entrantes se multiplient, tout comme les tests terrain destin\u00e9s \u00e0 \u00e9valuer la solution, qui trouve un \u00e9cho tr\u00e8s favorable chez ses premiers utilisateurs, aussi bien pour ses capteurs de base \u00e9quip\u00e9s de voyants lumineux d\u2019alerte a\u00e9ration \u00e0 destination des occupants que pour ses capteurs connect\u00e9s qui permettent aux gestionnaires de monitorer et piloter en temps r\u00e9el la qualit\u00e9 de l\u2019air int\u00e9rieur de leurs b\u00e2timents.<\/p>\n<p>Pour faire face \u00e0 ce pic de croissance, Domnexx n\u2019a pas h\u00e9sit\u00e9 \u00e0 nouer des partenariats strat\u00e9giques et \u00e0 \u00e9largir son offre afin de satisfaire la demande.<\/p>","protected":false},"excerpt":{"rendered":"<p>Un fonds de soutien de l\u2019Etat de 20 M\u20ac pour aider les collectivit\u00e9s \u00e0 \u00e9quiper leurs \u00e9tablissements scolaires de capteurs de CO\u00b2 dans le cadre de la lutte anti Covid La lutte contre la transmission du SRAS-CoV2 n\u00e9cessite depuis des mois une mise en place tr\u00e8s rigoureuse des protocoles sanitaires et des gestes barri\u00e8res dans [&hellip;]<\/p>\n","protected":false},"author":11,"featured_media":39024,"comment_status":"closed","ping_status":"open","sticky":false,"template":"","format":"standard","meta":{"footnotes":""},"categories":[28,29],"tags":[223],"class_list":["post-38960","post","type-post","status-publish","format-standard","has-post-thumbnail","hentry","category-actus-entreprises","category-evenements","tag-domnexx"],"yoast_head":"<!-- This site is optimized with the Yoast SEO plugin v27.4 - https:\/\/yoast.com\/product\/yoast-seo-wordpress\/ -->\n<title>DomNexX boost\u00e9 par les aides de l\u2019Etat pour \u00e9quiper les \u00e9tablissements scolaires de ses capteurs de CO2 made in France et r\u00e9f\u00e9renc\u00e9s - inovall\u00e9e<\/title>\n<meta name=\"description\" content=\"DomNexX boost\u00e9 par les aides de l\u2019Etat pour \u00e9quiper les \u00e9tablissements scolaires de ses capteurs de CO2 made in France et r\u00e9f\u00e9renc\u00e9s\" \/>\n<meta name=\"robots\" content=\"index, follow, max-snippet:-1, max-image-preview:large, max-video-preview:-1\" \/>\n<link rel=\"canonical\" href=\"https:\/\/www.inovallee.com\/en\/domnexx-booste-par-les-aides-de-letat\/\" \/>\n<meta property=\"og:locale\" content=\"en_GB\" \/>\n<meta property=\"og:type\" content=\"article\" \/>\n<meta property=\"og:title\" content=\"DomNexX boost\u00e9 par les aides de l\u2019Etat pour \u00e9quiper les \u00e9tablissements scolaires de ses capteurs de CO2 made in France et r\u00e9f\u00e9renc\u00e9s - inovall\u00e9e\" \/>\n<meta property=\"og:description\" content=\"DomNexX boost\u00e9 par les aides de l\u2019Etat pour \u00e9quiper les \u00e9tablissements scolaires de ses capteurs de CO2 made in France et r\u00e9f\u00e9renc\u00e9s\" \/>\n<meta property=\"og:url\" content=\"https:\/\/www.inovallee.com\/en\/domnexx-booste-par-les-aides-de-letat\/\" \/>\n<meta property=\"og:site_name\" content=\"inovall\u00e9e\" \/>\n<meta property=\"article:publisher\" content=\"https:\/\/www.facebook.com\/technopoleinovallee\/\" \/>\n<meta property=\"article:published_time\" content=\"2022-02-02T09:07:04+00:00\" \/>\n<meta property=\"article:modified_time\" content=\"2022-02-02T15:56:18+00:00\" \/>\n<meta property=\"og:image\" content=\"https:\/\/www.inovallee.com\/wp-content\/uploads\/2022\/02\/jean-philippe-pierrel.png\" \/>\n\t<meta property=\"og:image:width\" content=\"600\" \/>\n\t<meta property=\"og:image:height\" content=\"300\" \/>\n\t<meta property=\"og:image:type\" content=\"image\/png\" \/>\n<meta name=\"author\" content=\"Val\u00e9rie BERTRAND\" \/>\n<meta name=\"twitter:card\" content=\"summary_large_image\" \/>\n<meta name=\"twitter:creator\" content=\"@inovallee\" \/>\n<meta name=\"twitter:site\" content=\"@inovallee\" \/>\n<meta name=\"twitter:label1\" content=\"Written by\" \/>\n\t<meta name=\"twitter:data1\" content=\"Val\u00e9rie BERTRAND\" \/>\n\t<meta name=\"twitter:label2\" content=\"Estimated reading time\" \/>\n\t<meta name=\"twitter:data2\" content=\"3 minutes\" \/>\n<script type=\"application\/ld+json\" class=\"yoast-schema-graph\">{\"@context\":\"https:\\\/\\\/schema.org\",\"@graph\":[{\"@type\":\"Article\",\"@id\":\"https:\\\/\\\/www.inovallee.com\\\/domnexx-booste-par-les-aides-de-letat\\\/#article\",\"isPartOf\":{\"@id\":\"https:\\\/\\\/www.inovallee.com\\\/domnexx-booste-par-les-aides-de-letat\\\/\"},\"author\":{\"name\":\"Val\u00e9rie BERTRAND\",\"@id\":\"https:\\\/\\\/www.inovallee.com\\\/#\\\/schema\\\/person\\\/16ce8129e17b4871a123504e8f87f4ee\"},\"headline\":\"DomNexX boost\u00e9 par les aides de l\u2019Etat pour \u00e9quiper les \u00e9tablissements scolaires de ses capteurs de CO2 made in France et r\u00e9f\u00e9renc\u00e9s\",\"datePublished\":\"2022-02-02T09:07:04+00:00\",\"dateModified\":\"2022-02-02T15:56:18+00:00\",\"mainEntityOfPage\":{\"@id\":\"https:\\\/\\\/www.inovallee.com\\\/domnexx-booste-par-les-aides-de-letat\\\/\"},\"wordCount\":684,\"publisher\":{\"@id\":\"https:\\\/\\\/www.inovallee.com\\\/#organization\"},\"image\":{\"@id\":\"https:\\\/\\\/www.inovallee.com\\\/domnexx-booste-par-les-aides-de-letat\\\/#primaryimage\"},\"thumbnailUrl\":\"https:\\\/\\\/www.inovallee.com\\\/wp-content\\\/uploads\\\/2022\\\/02\\\/jean-philippe-pierrel.png\",\"keywords\":[\"DOMNEXX\"],\"articleSection\":[\"Sucess stories des entreprises d'inovall\u00e9e\",\"Technopole inovall\u00e9e\"],\"inLanguage\":\"en-GB\"},{\"@type\":\"WebPage\",\"@id\":\"https:\\\/\\\/www.inovallee.com\\\/domnexx-booste-par-les-aides-de-letat\\\/\",\"url\":\"https:\\\/\\\/www.inovallee.com\\\/domnexx-booste-par-les-aides-de-letat\\\/\",\"name\":\"DomNexX boost\u00e9 par les aides de l\u2019Etat pour \u00e9quiper les \u00e9tablissements scolaires de ses capteurs de CO2 made in France et r\u00e9f\u00e9renc\u00e9s - inovall\u00e9e\",\"isPartOf\":{\"@id\":\"https:\\\/\\\/www.inovallee.com\\\/#website\"},\"primaryImageOfPage\":{\"@id\":\"https:\\\/\\\/www.inovallee.com\\\/domnexx-booste-par-les-aides-de-letat\\\/#primaryimage\"},\"image\":{\"@id\":\"https:\\\/\\\/www.inovallee.com\\\/domnexx-booste-par-les-aides-de-letat\\\/#primaryimage\"},\"thumbnailUrl\":\"https:\\\/\\\/www.inovallee.com\\\/wp-content\\\/uploads\\\/2022\\\/02\\\/jean-philippe-pierrel.png\",\"datePublished\":\"2022-02-02T09:07:04+00:00\",\"dateModified\":\"2022-02-02T15:56:18+00:00\",\"description\":\"DomNexX boost\u00e9 par les aides de l\u2019Etat pour \u00e9quiper les \u00e9tablissements scolaires de ses capteurs de CO2 made in France et r\u00e9f\u00e9renc\u00e9s\",\"breadcrumb\":{\"@id\":\"https:\\\/\\\/www.inovallee.com\\\/domnexx-booste-par-les-aides-de-letat\\\/#breadcrumb\"},\"inLanguage\":\"en-GB\",\"potentialAction\":[{\"@type\":\"ReadAction\",\"target\":[\"https:\\\/\\\/www.inovallee.com\\\/domnexx-booste-par-les-aides-de-letat\\\/\"]}]},{\"@type\":\"ImageObject\",\"inLanguage\":\"en-GB\",\"@id\":\"https:\\\/\\\/www.inovallee.com\\\/domnexx-booste-par-les-aides-de-letat\\\/#primaryimage\",\"url\":\"https:\\\/\\\/www.inovallee.com\\\/wp-content\\\/uploads\\\/2022\\\/02\\\/jean-philippe-pierrel.png\",\"contentUrl\":\"https:\\\/\\\/www.inovallee.com\\\/wp-content\\\/uploads\\\/2022\\\/02\\\/jean-philippe-pierrel.png\",\"width\":600,\"height\":300},{\"@type\":\"BreadcrumbList\",\"@id\":\"https:\\\/\\\/www.inovallee.com\\\/domnexx-booste-par-les-aides-de-letat\\\/#breadcrumb\",\"itemListElement\":[{\"@type\":\"ListItem\",\"position\":1,\"name\":\"Accueil\",\"item\":\"https:\\\/\\\/www.inovallee.com\\\/\"},{\"@type\":\"ListItem\",\"position\":2,\"name\":\"DomNexX boost\u00e9 par les aides de l\u2019Etat pour \u00e9quiper les \u00e9tablissements scolaires de ses capteurs de CO2 made in France et r\u00e9f\u00e9renc\u00e9s\"}]},{\"@type\":\"WebSite\",\"@id\":\"https:\\\/\\\/www.inovallee.com\\\/#website\",\"url\":\"https:\\\/\\\/www.inovallee.com\\\/\",\"name\":\"inovall\u00e9e technopole, Home to software & smart technologies\",\"description\":\"Home to software &amp; smart technologies\",\"publisher\":{\"@id\":\"https:\\\/\\\/www.inovallee.com\\\/#organization\"},\"potentialAction\":[{\"@type\":\"SearchAction\",\"target\":{\"@type\":\"EntryPoint\",\"urlTemplate\":\"https:\\\/\\\/www.inovallee.com\\\/?s={search_term_string}\"},\"query-input\":{\"@type\":\"PropertyValueSpecification\",\"valueRequired\":true,\"valueName\":\"search_term_string\"}}],\"inLanguage\":\"en-GB\"},{\"@type\":\"Organization\",\"@id\":\"https:\\\/\\\/www.inovallee.com\\\/#organization\",\"name\":\"inovall\u00e9e\",\"url\":\"https:\\\/\\\/www.inovallee.com\\\/\",\"logo\":{\"@type\":\"ImageObject\",\"inLanguage\":\"en-GB\",\"@id\":\"https:\\\/\\\/www.inovallee.com\\\/#\\\/schema\\\/logo\\\/image\\\/\",\"url\":\"https:\\\/\\\/www.inovallee.com\\\/wp-content\\\/uploads\\\/2023\\\/08\\\/inovallee_2022_GrenobleAlpes.png\",\"contentUrl\":\"https:\\\/\\\/www.inovallee.com\\\/wp-content\\\/uploads\\\/2023\\\/08\\\/inovallee_2022_GrenobleAlpes.png\",\"width\":945,\"height\":369,\"caption\":\"inovall\u00e9e\"},\"image\":{\"@id\":\"https:\\\/\\\/www.inovallee.com\\\/#\\\/schema\\\/logo\\\/image\\\/\"},\"sameAs\":[\"https:\\\/\\\/www.facebook.com\\\/technopoleinovallee\\\/\",\"https:\\\/\\\/x.com\\\/inovallee\",\"https:\\\/\\\/www.linkedin.com\\\/company\\\/inovall-e\\\/\",\"https:\\\/\\\/www.youtube.com\\\/user\\\/inovallee?reload=9\"]},{\"@type\":\"Person\",\"@id\":\"https:\\\/\\\/www.inovallee.com\\\/#\\\/schema\\\/person\\\/16ce8129e17b4871a123504e8f87f4ee\",\"name\":\"Val\u00e9rie BERTRAND\"}]}<\/script>\n<!-- \/ Yoast SEO plugin. -->","yoast_head_json":{"title":"DomNexX boost\u00e9 par les aides de l\u2019Etat pour \u00e9quiper les \u00e9tablissements scolaires de ses capteurs de CO2 made in France et r\u00e9f\u00e9renc\u00e9s - inovall\u00e9e","description":"DomNexX boost\u00e9 par les aides de l\u2019Etat pour \u00e9quiper les \u00e9tablissements scolaires de ses capteurs de CO2 made in France et r\u00e9f\u00e9renc\u00e9s","robots":{"index":"index","follow":"follow","max-snippet":"max-snippet:-1","max-image-preview":"max-image-preview:large","max-video-preview":"max-video-preview:-1"},"canonical":"https:\/\/www.inovallee.com\/en\/domnexx-booste-par-les-aides-de-letat\/","og_locale":"en_GB","og_type":"article","og_title":"DomNexX boost\u00e9 par les aides de l\u2019Etat pour \u00e9quiper les \u00e9tablissements scolaires de ses capteurs de CO2 made in France et r\u00e9f\u00e9renc\u00e9s - inovall\u00e9e","og_description":"DomNexX boost\u00e9 par les aides de l\u2019Etat pour \u00e9quiper les \u00e9tablissements scolaires de ses capteurs de CO2 made in France et r\u00e9f\u00e9renc\u00e9s","og_url":"https:\/\/www.inovallee.com\/en\/domnexx-booste-par-les-aides-de-letat\/","og_site_name":"inovall\u00e9e","article_publisher":"https:\/\/www.facebook.com\/technopoleinovallee\/","article_published_time":"2022-02-02T09:07:04+00:00","article_modified_time":"2022-02-02T15:56:18+00:00","og_image":[{"width":600,"height":300,"url":"https:\/\/www.inovallee.com\/wp-content\/uploads\/2022\/02\/jean-philippe-pierrel.png","type":"image\/png"}],"author":"Val\u00e9rie BERTRAND","twitter_card":"summary_large_image","twitter_creator":"@inovallee","twitter_site":"@inovallee","twitter_misc":{"Written by":"Val\u00e9rie BERTRAND","Estimated reading time":"3 minutes"},"schema":{"@context":"https:\/\/schema.org","@graph":[{"@type":"Article","@id":"https:\/\/www.inovallee.com\/domnexx-booste-par-les-aides-de-letat\/#article","isPartOf":{"@id":"https:\/\/www.inovallee.com\/domnexx-booste-par-les-aides-de-letat\/"},"author":{"name":"Val\u00e9rie BERTRAND","@id":"https:\/\/www.inovallee.com\/#\/schema\/person\/16ce8129e17b4871a123504e8f87f4ee"},"headline":"DomNexX boost\u00e9 par les aides de l\u2019Etat pour \u00e9quiper les \u00e9tablissements scolaires de ses capteurs de CO2 made in France et r\u00e9f\u00e9renc\u00e9s","datePublished":"2022-02-02T09:07:04+00:00","dateModified":"2022-02-02T15:56:18+00:00","mainEntityOfPage":{"@id":"https:\/\/www.inovallee.com\/domnexx-booste-par-les-aides-de-letat\/"},"wordCount":684,"publisher":{"@id":"https:\/\/www.inovallee.com\/#organization"},"image":{"@id":"https:\/\/www.inovallee.com\/domnexx-booste-par-les-aides-de-letat\/#primaryimage"},"thumbnailUrl":"https:\/\/www.inovallee.com\/wp-content\/uploads\/2022\/02\/jean-philippe-pierrel.png","keywords":["DOMNEXX"],"articleSection":["Sucess stories des entreprises d'inovall\u00e9e","Technopole inovall\u00e9e"],"inLanguage":"en-GB"},{"@type":"WebPage","@id":"https:\/\/www.inovallee.com\/domnexx-booste-par-les-aides-de-letat\/","url":"https:\/\/www.inovallee.com\/domnexx-booste-par-les-aides-de-letat\/","name":"DomNexX boost\u00e9 par les aides de l\u2019Etat pour \u00e9quiper les \u00e9tablissements scolaires de ses capteurs de CO2 made in France et r\u00e9f\u00e9renc\u00e9s - inovall\u00e9e","isPartOf":{"@id":"https:\/\/www.inovallee.com\/#website"},"primaryImageOfPage":{"@id":"https:\/\/www.inovallee.com\/domnexx-booste-par-les-aides-de-letat\/#primaryimage"},"image":{"@id":"https:\/\/www.inovallee.com\/domnexx-booste-par-les-aides-de-letat\/#primaryimage"},"thumbnailUrl":"https:\/\/www.inovallee.com\/wp-content\/uploads\/2022\/02\/jean-philippe-pierrel.png","datePublished":"2022-02-02T09:07:04+00:00","dateModified":"2022-02-02T15:56:18+00:00","description":"DomNexX boost\u00e9 par les aides de l\u2019Etat pour \u00e9quiper les \u00e9tablissements scolaires de ses capteurs de CO2 made in France et r\u00e9f\u00e9renc\u00e9s","breadcrumb":{"@id":"https:\/\/www.inovallee.com\/domnexx-booste-par-les-aides-de-letat\/#breadcrumb"},"inLanguage":"en-GB","potentialAction":[{"@type":"ReadAction","target":["https:\/\/www.inovallee.com\/domnexx-booste-par-les-aides-de-letat\/"]}]},{"@type":"ImageObject","inLanguage":"en-GB","@id":"https:\/\/www.inovallee.com\/domnexx-booste-par-les-aides-de-letat\/#primaryimage","url":"https:\/\/www.inovallee.com\/wp-content\/uploads\/2022\/02\/jean-philippe-pierrel.png","contentUrl":"https:\/\/www.inovallee.com\/wp-content\/uploads\/2022\/02\/jean-philippe-pierrel.png","width":600,"height":300},{"@type":"BreadcrumbList","@id":"https:\/\/www.inovallee.com\/domnexx-booste-par-les-aides-de-letat\/#breadcrumb","itemListElement":[{"@type":"ListItem","position":1,"name":"Accueil","item":"https:\/\/www.inovallee.com\/"},{"@type":"ListItem","position":2,"name":"DomNexX boost\u00e9 par les aides de l\u2019Etat pour \u00e9quiper les \u00e9tablissements scolaires de ses capteurs de CO2 made in France et r\u00e9f\u00e9renc\u00e9s"}]},{"@type":"WebSite","@id":"https:\/\/www.inovallee.com\/#website","url":"https:\/\/www.inovallee.com\/","name":"inovall\u00e9e technopole, Home to software & smart technologies","description":"Home to software &amp; smart technologies","publisher":{"@id":"https:\/\/www.inovallee.com\/#organization"},"potentialAction":[{"@type":"SearchAction","target":{"@type":"EntryPoint","urlTemplate":"https:\/\/www.inovallee.com\/?s={search_term_string}"},"query-input":{"@type":"PropertyValueSpecification","valueRequired":true,"valueName":"search_term_string"}}],"inLanguage":"en-GB"},{"@type":"Organization","@id":"https:\/\/www.inovallee.com\/#organization","name":"inovall\u00e9e","url":"https:\/\/www.inovallee.com\/","logo":{"@type":"ImageObject","inLanguage":"en-GB","@id":"https:\/\/www.inovallee.com\/#\/schema\/logo\/image\/","url":"https:\/\/www.inovallee.com\/wp-content\/uploads\/2023\/08\/inovallee_2022_GrenobleAlpes.png","contentUrl":"https:\/\/www.inovallee.com\/wp-content\/uploads\/2023\/08\/inovallee_2022_GrenobleAlpes.png","width":945,"height":369,"caption":"inovall\u00e9e"},"image":{"@id":"https:\/\/www.inovallee.com\/#\/schema\/logo\/image\/"},"sameAs":["https:\/\/www.facebook.com\/technopoleinovallee\/","https:\/\/x.com\/inovallee","https:\/\/www.linkedin.com\/company\/inovall-e\/","https:\/\/www.youtube.com\/user\/inovallee?reload=9"]},{"@type":"Person","@id":"https:\/\/www.inovallee.com\/#\/schema\/person\/16ce8129e17b4871a123504e8f87f4ee","name":"Val\u00e9rie BERTRAND"}]}},"_links":{"self":[{"href":"https:\/\/www.inovallee.com\/en\/wp-json\/wp\/v2\/posts\/38960","targetHints":{"allow":["GET"]}}],"collection":[{"href":"https:\/\/www.inovallee.com\/en\/wp-json\/wp\/v2\/posts"}],"about":[{"href":"https:\/\/www.inovallee.com\/en\/wp-json\/wp\/v2\/types\/post"}],"author":[{"embeddable":true,"href":"https:\/\/www.inovallee.com\/en\/wp-json\/wp\/v2\/users\/11"}],"replies":[{"embeddable":true,"href":"https:\/\/www.inovallee.com\/en\/wp-json\/wp\/v2\/comments?post=38960"}],"version-history":[{"count":0,"href":"https:\/\/www.inovallee.com\/en\/wp-json\/wp\/v2\/posts\/38960\/revisions"}],"wp:featuredmedia":[{"embeddable":true,"href":"https:\/\/www.inovallee.com\/en\/wp-json\/wp\/v2\/media\/39024"}],"wp:attachment":[{"href":"https:\/\/www.inovallee.com\/en\/wp-json\/wp\/v2\/media?parent=38960"}],"wp:term":[{"taxonomy":"category","embeddable":true,"href":"https:\/\/www.inovallee.com\/en\/wp-json\/wp\/v2\/categories?post=38960"},{"taxonomy":"post_tag","embeddable":true,"href":"https:\/\/www.inovallee.com\/en\/wp-json\/wp\/v2\/tags?post=38960"}],"curies":[{"name":"wp","href":"https:\/\/api.w.org\/{rel}","templated":true}]}}