{"id":38962,"date":"2022-02-01T14:51:38","date_gmt":"2022-02-01T13:51:38","guid":{"rendered":"https:\/\/www.inovallee.com\/?p=38962"},"modified":"2022-02-02T09:45:15","modified_gmt":"2022-02-02T08:45:15","slug":"inovallee-partenaire-de-minalogic-pour-les-business-meetings","status":"publish","type":"post","link":"https:\/\/www.inovallee.com\/en\/inovallee-partenaire-de-minalogic-pour-les-business-meetings\/","title":{"rendered":"inovall\u00e9e partenaire de Minalogic pour les Business Meetings, la convention d\u2019affaires internationale et hybride programm\u00e9e le 31 mai prochain au stade des Alpes"},"content":{"rendered":"<h2>Inovall\u00e9e<strong> \/ Minalogic, un partenariat terrain de longue date<\/strong><\/h2>\n<p>En tant qu\u2019acteurs cl\u00e9s de l\u2019innovation en r\u00e9seau au sein de l\u2019\u00e9cosyst\u00e8me Grenoble Alpes, il \u00e9tait logique qu\u2019inovall\u00e9e, technopole pionni\u00e8re, et Minalogic, p\u00f4le de comp\u00e9titivit\u00e9 national, croisent leurs savoir-faire pour accompagner conjointement leurs entreprises technologiques\u00a0!<\/p>\n<p>Depuis plusieurs ann\u00e9es, les deux r\u00e9seaux coop\u00e8rent sur de nombreux projets au service de la comp\u00e9titivit\u00e9 des entreprises qu\u2019elles accompagnent, comme les salons internationaux (CES, smart city \u2026), ou encore les journ\u00e9es open innovation (JOI). Un partenariat efficient puisque sur la derni\u00e8re JOI pilot\u00e9e par Minalogic au profit du groupe BPCE \/ BP AURA, inovall\u00e9e avait pu sourcer de son c\u00f4t\u00e9 une dizaine d\u2019entreprises pr\u00e9qualifi\u00e9es sur les 43 qui ont particip\u00e9 au niveau national \u00e0 la journ\u00e9e. Avec de beaux r\u00e9sultats \u00e0 la cl\u00e9, puisque sur les 12 avec lesquels le groupe BPCE souhaite poursuivre les \u00e9changes, 4 sont des startups inovalliennes n\u00e9es au Tarmac.<\/p>\n<p>Forts de ces exp\u00e9riences r\u00e9ussies, Minalogic et inovall\u00e9e ont d\u00e9cid\u00e9 de renforcer leurs collaborations et de concr\u00e9tiser un nouveau partenariat op\u00e9rationnel sur les Minalogic Business Meetings, qui permettra aux adh\u00e9rents d\u2019inovall\u00e9e de b\u00e9n\u00e9ficier des m\u00eames conditions que les adh\u00e9rents Minalogic\u00a0!<\/p>\n<p><b>Les entreprises d\u2019inovall\u00e9e int\u00e9ress\u00e9es recevront un code promo (avec des tarifs seuper early birds jusqu&rsquo;au 28 f\u00e9vrier) pour b\u00e9n\u00e9ficier de cet avantage<\/b> et sont invit\u00e9es \u00e0 se faire conna\u00eetre en remplissant le formulaire <a href=\"https:\/\/forms.office.com\/Pages\/ResponsePage.aspx?id=pHAUJTcR4E2mO3IAazn-ASv0XWxlD0pCmQ6KXw7AhM9URVpBNUFNT09CMkdLM1lSWlFJNzg1R1REMy4u\" target=\"_blank\" rel=\"noopener\">ici<\/a> pour recevoir le code.<\/p>\n<p>Avant de s\u2019inscrire ici\u00a0: <a href=\"https:\/\/www.minalogicbusinessmeetings.com\/fr\/index.php\">https:\/\/www.minalogicbusinessmeetings.com\/fr\/index.php<\/a><\/p>\n<h2><strong>Minalogic Business Meetings\u00a0: une convention d\u2019affaires internationale et jusqu\u2019\u00e0 16 RDV B to B avec les grands donneurs d\u2019ordre \u2013 Inscriptions jusqu\u2019au 20 avril <\/strong><strong>(code promo pour les adh\u00e9rents inovall\u00e9e)<\/strong><\/h2>\n<p>Programm\u00e9e le 31 mai prochain au stade des Alpes (avec possibilit\u00e9 de participer en pr\u00e9sentiel, en virtuel ou de mani\u00e8re hybride), l\u2019objectif de la journ\u00e9e est de permettre aux offreurs de solutions (startups et PME) de planifier jusqu\u2019\u00e0 16 RDV B to B qualifi\u00e9s avec des grandes donneurs d\u2019ordre internationaux.<\/p>\n<p>L\u2019an dernier, l\u2019\u00e9v\u00e9nement avait rassembl\u00e9 plus de 380 participants de 15 pays, et 1000 RDV avaient \u00e9t\u00e9 r\u00e9alis\u00e9s, avec des concr\u00e9tisations \u00e0 la cl\u00e9, notamment pour ProbaYES et IOTIZE c\u00f4t\u00e9 inovall\u00e9e ou encore VRTice c\u00f4t\u00e9 Tarmac.<\/p>\n<p>Pour l\u2019\u00e9dition 2022, les inscriptions ont d\u00e9marr\u00e9 et proposent des tarifs super early bird (jusqu\u2019au 28 f\u00e9vrier), puis early bird (jusqu\u2019au 2 mai). Puis du 20 avril au 20 mai, chacun pourra faire ses demandes de RDV qualifi\u00e9es, en fonction de la compatibilit\u00e9 des offres et des besoins renseign\u00e9s. \u00ab\u00a0Cette ann\u00e9e, la plateforme permet v\u00e9ritablement de d\u00e9tailler ses offres et ses produits, d\u2019int\u00e9grer des vid\u00e9os et d\u2019enrichir les contenus. Une fonctionnalit\u00e9 \u00e0 bien exploiter pour maximiser ses chances d\u2019obtenir des RDV qualifi\u00e9s le jour J et de pouvoir concr\u00e9tiser un partenariat commercial\u00a0\u00bb, souligne \u00a0Kate Margetts, responsable des relations internationales chez Minalogic et pilote des Minalogic Business Meetings.<\/p>\n<p>A partir du 20 mai, la plateforme croisera l\u2019ensemble des demandes pour planifier les RDV.<\/p>\n<p>Nouveaut\u00e9 2022\u00a0: l\u2019\u00e9v\u00e9nement est \u00e9galement ouvert aux offreurs de services et aux investisseurs.<br \/>\nEt la journ\u00e9e sera ponctu\u00e9e de conf\u00e9rences de haut niveau autour des enjeux de \u00ab\u00a0sustainable development\u00a0\u00bb.<\/p>\n<p>\u00ab\u00a0L\u2019\u00e9quipe d\u2019inovall\u00e9e est riche d\u2019une connaissance fine de ses entreprises et de leurs technologies, qui lui permet de sourcer \u00e0 nos c\u00f4t\u00e9s des solutions pertinentes pour nos donneurs d\u2019ordre. C\u2019est aussi et surtout une \u00e9quipe engag\u00e9e avec qui nous travaillons main dans la main en intelligence distribu\u00e9e dans une relation gagnant \/ gagnant au profit de tout notre \u00e9cosyst\u00e8me. Renforcer nos coop\u00e9rations fait donc pleinement sens pour Minalogic\u00a0\u00bb, souligne Erasmia Dupenloup, Directrice du d\u00e9veloppement des entreprises et des territoires \u00a0au sein de Minalogic.<\/p>\n<p>\u00ab\u00a0Pour soutenir le d\u00e9veloppement de nos entreprises, inovall\u00e9e croit depuis toujours \u00e0 la force des coop\u00e9rations. Seuls, nous n\u2019aurions pas les ressources de r\u00e9pondre \u00e0 tous les besoins. Le partenariat avec Minalogic est une vraie chance pour nous d\u2019offrir \u00e0 nos startups, nos TPE et nos PME un acc\u00e8s \u00e0 des grands donneurs d\u2019ordre qui nous seraient inatteignables. En travaillant conjointement, chacun sur ses forces et ses r\u00e9seaux, avec des \u00e9quipes qui partagent les m\u00eames valeurs, nous d\u00e9cuplons nos forces pour soutenir le d\u00e9veloppement commercial de nos membres respectifs, et c\u2019est \u00e7a, la force du r\u00e9seau\u00a0!\u00a0\u00bb, conclut Claire Chanterelle, Directrice G\u00e9n\u00e9rale d\u2019inovall\u00e9e.<\/p>","protected":false},"excerpt":{"rendered":"<p>Inovall\u00e9e \/ Minalogic, un partenariat terrain de longue date En tant qu\u2019acteurs cl\u00e9s de l\u2019innovation en r\u00e9seau au sein de l\u2019\u00e9cosyst\u00e8me Grenoble Alpes, il \u00e9tait logique qu\u2019inovall\u00e9e, technopole pionni\u00e8re, et Minalogic, p\u00f4le de comp\u00e9titivit\u00e9 national, croisent leurs savoir-faire pour accompagner conjointement leurs entreprises technologiques\u00a0! Depuis plusieurs ann\u00e9es, les deux r\u00e9seaux coop\u00e8rent sur de nombreux projets [&hellip;]<\/p>\n","protected":false},"author":11,"featured_media":38984,"comment_status":"closed","ping_status":"open","sticky":false,"template":"","format":"standard","meta":{"footnotes":""},"categories":[48,51,29],"tags":[315],"class_list":["post-38962","post","type-post","status-publish","format-standard","has-post-thumbnail","hentry","category-reussir-son-lancement-commercial","category-ecosysteme-innovation","category-evenements","tag-inovallee"],"yoast_head":"<!-- This site is optimized with the Yoast SEO plugin v27.4 - https:\/\/yoast.com\/product\/yoast-seo-wordpress\/ -->\n<title>inovall\u00e9e partenaire de Minalogic pour les Business Meetings, la convention d\u2019affaires internationale et hybride programm\u00e9e le 31 mai prochain au stade des Alpes -<\/title>\n<meta name=\"description\" content=\"inovall\u00e9e partenaire de Minalogic pour les Business Meetings, la convention d\u2019affaires internationale et hybride programm\u00e9e le 31 mai prochain au stade des Alpes\" \/>\n<meta name=\"robots\" content=\"index, follow, max-snippet:-1, max-image-preview:large, max-video-preview:-1\" \/>\n<link rel=\"canonical\" href=\"https:\/\/www.inovallee.com\/en\/inovallee-partenaire-de-minalogic-pour-les-business-meetings\/\" \/>\n<meta property=\"og:locale\" content=\"en_GB\" \/>\n<meta property=\"og:type\" content=\"article\" \/>\n<meta property=\"og:title\" content=\"inovall\u00e9e partenaire de Minalogic pour les Business Meetings, la convention d\u2019affaires internationale et hybride programm\u00e9e le 31 mai prochain au stade des Alpes -\" \/>\n<meta property=\"og:description\" content=\"inovall\u00e9e partenaire de Minalogic pour les Business Meetings, la convention d\u2019affaires internationale et hybride programm\u00e9e le 31 mai prochain au stade des Alpes\" \/>\n<meta property=\"og:url\" content=\"https:\/\/www.inovallee.com\/en\/inovallee-partenaire-de-minalogic-pour-les-business-meetings\/\" \/>\n<meta property=\"og:site_name\" content=\"inovall\u00e9e\" \/>\n<meta property=\"article:publisher\" content=\"https:\/\/www.facebook.com\/technopoleinovallee\/\" \/>\n<meta property=\"article:published_time\" content=\"2022-02-01T13:51:38+00:00\" \/>\n<meta property=\"article:modified_time\" content=\"2022-02-02T08:45:15+00:00\" \/>\n<meta property=\"og:image\" content=\"https:\/\/www.inovallee.com\/wp-content\/uploads\/2022\/02\/inovallee-minalogic.png\" \/>\n\t<meta property=\"og:image:width\" content=\"600\" \/>\n\t<meta property=\"og:image:height\" content=\"300\" \/>\n\t<meta property=\"og:image:type\" content=\"image\/png\" \/>\n<meta name=\"author\" content=\"Val\u00e9rie BERTRAND\" \/>\n<meta name=\"twitter:card\" content=\"summary_large_image\" \/>\n<meta name=\"twitter:creator\" content=\"@inovallee\" \/>\n<meta name=\"twitter:site\" content=\"@inovallee\" \/>\n<meta name=\"twitter:label1\" content=\"Written by\" \/>\n\t<meta name=\"twitter:data1\" content=\"Val\u00e9rie BERTRAND\" \/>\n\t<meta name=\"twitter:label2\" content=\"Estimated reading time\" \/>\n\t<meta name=\"twitter:data2\" content=\"4 minutes\" \/>\n<script type=\"application\/ld+json\" class=\"yoast-schema-graph\">{\"@context\":\"https:\\\/\\\/schema.org\",\"@graph\":[{\"@type\":\"Article\",\"@id\":\"https:\\\/\\\/www.inovallee.com\\\/inovallee-partenaire-de-minalogic-pour-les-business-meetings\\\/#article\",\"isPartOf\":{\"@id\":\"https:\\\/\\\/www.inovallee.com\\\/inovallee-partenaire-de-minalogic-pour-les-business-meetings\\\/\"},\"author\":{\"name\":\"Val\u00e9rie BERTRAND\",\"@id\":\"https:\\\/\\\/www.inovallee.com\\\/#\\\/schema\\\/person\\\/16ce8129e17b4871a123504e8f87f4ee\"},\"headline\":\"inovall\u00e9e partenaire de Minalogic pour les Business Meetings, la convention d\u2019affaires internationale et hybride programm\u00e9e le 31 mai prochain au stade des Alpes\",\"datePublished\":\"2022-02-01T13:51:38+00:00\",\"dateModified\":\"2022-02-02T08:45:15+00:00\",\"mainEntityOfPage\":{\"@id\":\"https:\\\/\\\/www.inovallee.com\\\/inovallee-partenaire-de-minalogic-pour-les-business-meetings\\\/\"},\"wordCount\":809,\"publisher\":{\"@id\":\"https:\\\/\\\/www.inovallee.com\\\/#organization\"},\"image\":{\"@id\":\"https:\\\/\\\/www.inovallee.com\\\/inovallee-partenaire-de-minalogic-pour-les-business-meetings\\\/#primaryimage\"},\"thumbnailUrl\":\"https:\\\/\\\/www.inovallee.com\\\/wp-content\\\/uploads\\\/2022\\\/02\\\/inovallee-minalogic.png\",\"keywords\":[\"inovall\u00e9e\"],\"articleSection\":[\"Bizdev et acc\u00e8s au march\u00e9\",\"Ecosyst\u00e8me de l'innovation\",\"Technopole inovall\u00e9e\"],\"inLanguage\":\"en-GB\"},{\"@type\":\"WebPage\",\"@id\":\"https:\\\/\\\/www.inovallee.com\\\/inovallee-partenaire-de-minalogic-pour-les-business-meetings\\\/\",\"url\":\"https:\\\/\\\/www.inovallee.com\\\/inovallee-partenaire-de-minalogic-pour-les-business-meetings\\\/\",\"name\":\"inovall\u00e9e partenaire de Minalogic pour les Business Meetings, la convention d\u2019affaires internationale et hybride programm\u00e9e le 31 mai prochain au stade des Alpes -\",\"isPartOf\":{\"@id\":\"https:\\\/\\\/www.inovallee.com\\\/#website\"},\"primaryImageOfPage\":{\"@id\":\"https:\\\/\\\/www.inovallee.com\\\/inovallee-partenaire-de-minalogic-pour-les-business-meetings\\\/#primaryimage\"},\"image\":{\"@id\":\"https:\\\/\\\/www.inovallee.com\\\/inovallee-partenaire-de-minalogic-pour-les-business-meetings\\\/#primaryimage\"},\"thumbnailUrl\":\"https:\\\/\\\/www.inovallee.com\\\/wp-content\\\/uploads\\\/2022\\\/02\\\/inovallee-minalogic.png\",\"datePublished\":\"2022-02-01T13:51:38+00:00\",\"dateModified\":\"2022-02-02T08:45:15+00:00\",\"description\":\"inovall\u00e9e partenaire de Minalogic pour les Business Meetings, la convention d\u2019affaires internationale et hybride programm\u00e9e le 31 mai prochain au stade des Alpes\",\"breadcrumb\":{\"@id\":\"https:\\\/\\\/www.inovallee.com\\\/inovallee-partenaire-de-minalogic-pour-les-business-meetings\\\/#breadcrumb\"},\"inLanguage\":\"en-GB\",\"potentialAction\":[{\"@type\":\"ReadAction\",\"target\":[\"https:\\\/\\\/www.inovallee.com\\\/inovallee-partenaire-de-minalogic-pour-les-business-meetings\\\/\"]}]},{\"@type\":\"ImageObject\",\"inLanguage\":\"en-GB\",\"@id\":\"https:\\\/\\\/www.inovallee.com\\\/inovallee-partenaire-de-minalogic-pour-les-business-meetings\\\/#primaryimage\",\"url\":\"https:\\\/\\\/www.inovallee.com\\\/wp-content\\\/uploads\\\/2022\\\/02\\\/inovallee-minalogic.png\",\"contentUrl\":\"https:\\\/\\\/www.inovallee.com\\\/wp-content\\\/uploads\\\/2022\\\/02\\\/inovallee-minalogic.png\",\"width\":600,\"height\":300},{\"@type\":\"BreadcrumbList\",\"@id\":\"https:\\\/\\\/www.inovallee.com\\\/inovallee-partenaire-de-minalogic-pour-les-business-meetings\\\/#breadcrumb\",\"itemListElement\":[{\"@type\":\"ListItem\",\"position\":1,\"name\":\"Accueil\",\"item\":\"https:\\\/\\\/www.inovallee.com\\\/\"},{\"@type\":\"ListItem\",\"position\":2,\"name\":\"inovall\u00e9e partenaire de Minalogic pour les Business Meetings, la convention d\u2019affaires internationale et hybride programm\u00e9e le 31 mai prochain au stade des Alpes\"}]},{\"@type\":\"WebSite\",\"@id\":\"https:\\\/\\\/www.inovallee.com\\\/#website\",\"url\":\"https:\\\/\\\/www.inovallee.com\\\/\",\"name\":\"inovall\u00e9e technopole, Home to software & smart technologies\",\"description\":\"Home to software &amp; smart technologies\",\"publisher\":{\"@id\":\"https:\\\/\\\/www.inovallee.com\\\/#organization\"},\"potentialAction\":[{\"@type\":\"SearchAction\",\"target\":{\"@type\":\"EntryPoint\",\"urlTemplate\":\"https:\\\/\\\/www.inovallee.com\\\/?s={search_term_string}\"},\"query-input\":{\"@type\":\"PropertyValueSpecification\",\"valueRequired\":true,\"valueName\":\"search_term_string\"}}],\"inLanguage\":\"en-GB\"},{\"@type\":\"Organization\",\"@id\":\"https:\\\/\\\/www.inovallee.com\\\/#organization\",\"name\":\"inovall\u00e9e\",\"url\":\"https:\\\/\\\/www.inovallee.com\\\/\",\"logo\":{\"@type\":\"ImageObject\",\"inLanguage\":\"en-GB\",\"@id\":\"https:\\\/\\\/www.inovallee.com\\\/#\\\/schema\\\/logo\\\/image\\\/\",\"url\":\"https:\\\/\\\/www.inovallee.com\\\/wp-content\\\/uploads\\\/2023\\\/08\\\/inovallee_2022_GrenobleAlpes.png\",\"contentUrl\":\"https:\\\/\\\/www.inovallee.com\\\/wp-content\\\/uploads\\\/2023\\\/08\\\/inovallee_2022_GrenobleAlpes.png\",\"width\":945,\"height\":369,\"caption\":\"inovall\u00e9e\"},\"image\":{\"@id\":\"https:\\\/\\\/www.inovallee.com\\\/#\\\/schema\\\/logo\\\/image\\\/\"},\"sameAs\":[\"https:\\\/\\\/www.facebook.com\\\/technopoleinovallee\\\/\",\"https:\\\/\\\/x.com\\\/inovallee\",\"https:\\\/\\\/www.linkedin.com\\\/company\\\/inovall-e\\\/\",\"https:\\\/\\\/www.youtube.com\\\/user\\\/inovallee?reload=9\"]},{\"@type\":\"Person\",\"@id\":\"https:\\\/\\\/www.inovallee.com\\\/#\\\/schema\\\/person\\\/16ce8129e17b4871a123504e8f87f4ee\",\"name\":\"Val\u00e9rie BERTRAND\"}]}<\/script>\n<!-- \/ Yoast SEO plugin. -->","yoast_head_json":{"title":"inovall\u00e9e partenaire de Minalogic pour les Business Meetings, la convention d\u2019affaires internationale et hybride programm\u00e9e le 31 mai prochain au stade des Alpes -","description":"inovall\u00e9e partenaire de Minalogic pour les Business Meetings, la convention d\u2019affaires internationale et hybride programm\u00e9e le 31 mai prochain au stade des Alpes","robots":{"index":"index","follow":"follow","max-snippet":"max-snippet:-1","max-image-preview":"max-image-preview:large","max-video-preview":"max-video-preview:-1"},"canonical":"https:\/\/www.inovallee.com\/en\/inovallee-partenaire-de-minalogic-pour-les-business-meetings\/","og_locale":"en_GB","og_type":"article","og_title":"inovall\u00e9e partenaire de Minalogic pour les Business Meetings, la convention d\u2019affaires internationale et hybride programm\u00e9e le 31 mai prochain au stade des Alpes -","og_description":"inovall\u00e9e partenaire de Minalogic pour les Business Meetings, la convention d\u2019affaires internationale et hybride programm\u00e9e le 31 mai prochain au stade des Alpes","og_url":"https:\/\/www.inovallee.com\/en\/inovallee-partenaire-de-minalogic-pour-les-business-meetings\/","og_site_name":"inovall\u00e9e","article_publisher":"https:\/\/www.facebook.com\/technopoleinovallee\/","article_published_time":"2022-02-01T13:51:38+00:00","article_modified_time":"2022-02-02T08:45:15+00:00","og_image":[{"width":600,"height":300,"url":"https:\/\/www.inovallee.com\/wp-content\/uploads\/2022\/02\/inovallee-minalogic.png","type":"image\/png"}],"author":"Val\u00e9rie BERTRAND","twitter_card":"summary_large_image","twitter_creator":"@inovallee","twitter_site":"@inovallee","twitter_misc":{"Written by":"Val\u00e9rie BERTRAND","Estimated reading time":"4 minutes"},"schema":{"@context":"https:\/\/schema.org","@graph":[{"@type":"Article","@id":"https:\/\/www.inovallee.com\/inovallee-partenaire-de-minalogic-pour-les-business-meetings\/#article","isPartOf":{"@id":"https:\/\/www.inovallee.com\/inovallee-partenaire-de-minalogic-pour-les-business-meetings\/"},"author":{"name":"Val\u00e9rie BERTRAND","@id":"https:\/\/www.inovallee.com\/#\/schema\/person\/16ce8129e17b4871a123504e8f87f4ee"},"headline":"inovall\u00e9e partenaire de Minalogic pour les Business Meetings, la convention d\u2019affaires internationale et hybride programm\u00e9e le 31 mai prochain au stade des Alpes","datePublished":"2022-02-01T13:51:38+00:00","dateModified":"2022-02-02T08:45:15+00:00","mainEntityOfPage":{"@id":"https:\/\/www.inovallee.com\/inovallee-partenaire-de-minalogic-pour-les-business-meetings\/"},"wordCount":809,"publisher":{"@id":"https:\/\/www.inovallee.com\/#organization"},"image":{"@id":"https:\/\/www.inovallee.com\/inovallee-partenaire-de-minalogic-pour-les-business-meetings\/#primaryimage"},"thumbnailUrl":"https:\/\/www.inovallee.com\/wp-content\/uploads\/2022\/02\/inovallee-minalogic.png","keywords":["inovall\u00e9e"],"articleSection":["Bizdev et acc\u00e8s au march\u00e9","Ecosyst\u00e8me de l'innovation","Technopole inovall\u00e9e"],"inLanguage":"en-GB"},{"@type":"WebPage","@id":"https:\/\/www.inovallee.com\/inovallee-partenaire-de-minalogic-pour-les-business-meetings\/","url":"https:\/\/www.inovallee.com\/inovallee-partenaire-de-minalogic-pour-les-business-meetings\/","name":"inovall\u00e9e partenaire de Minalogic pour les Business Meetings, la convention d\u2019affaires internationale et hybride programm\u00e9e le 31 mai prochain au stade des Alpes -","isPartOf":{"@id":"https:\/\/www.inovallee.com\/#website"},"primaryImageOfPage":{"@id":"https:\/\/www.inovallee.com\/inovallee-partenaire-de-minalogic-pour-les-business-meetings\/#primaryimage"},"image":{"@id":"https:\/\/www.inovallee.com\/inovallee-partenaire-de-minalogic-pour-les-business-meetings\/#primaryimage"},"thumbnailUrl":"https:\/\/www.inovallee.com\/wp-content\/uploads\/2022\/02\/inovallee-minalogic.png","datePublished":"2022-02-01T13:51:38+00:00","dateModified":"2022-02-02T08:45:15+00:00","description":"inovall\u00e9e partenaire de Minalogic pour les Business Meetings, la convention d\u2019affaires internationale et hybride programm\u00e9e le 31 mai prochain au stade des Alpes","breadcrumb":{"@id":"https:\/\/www.inovallee.com\/inovallee-partenaire-de-minalogic-pour-les-business-meetings\/#breadcrumb"},"inLanguage":"en-GB","potentialAction":[{"@type":"ReadAction","target":["https:\/\/www.inovallee.com\/inovallee-partenaire-de-minalogic-pour-les-business-meetings\/"]}]},{"@type":"ImageObject","inLanguage":"en-GB","@id":"https:\/\/www.inovallee.com\/inovallee-partenaire-de-minalogic-pour-les-business-meetings\/#primaryimage","url":"https:\/\/www.inovallee.com\/wp-content\/uploads\/2022\/02\/inovallee-minalogic.png","contentUrl":"https:\/\/www.inovallee.com\/wp-content\/uploads\/2022\/02\/inovallee-minalogic.png","width":600,"height":300},{"@type":"BreadcrumbList","@id":"https:\/\/www.inovallee.com\/inovallee-partenaire-de-minalogic-pour-les-business-meetings\/#breadcrumb","itemListElement":[{"@type":"ListItem","position":1,"name":"Accueil","item":"https:\/\/www.inovallee.com\/"},{"@type":"ListItem","position":2,"name":"inovall\u00e9e partenaire de Minalogic pour les Business Meetings, la convention d\u2019affaires internationale et hybride programm\u00e9e le 31 mai prochain au stade des Alpes"}]},{"@type":"WebSite","@id":"https:\/\/www.inovallee.com\/#website","url":"https:\/\/www.inovallee.com\/","name":"inovall\u00e9e technopole, Home to software & smart technologies","description":"Home to software &amp; smart technologies","publisher":{"@id":"https:\/\/www.inovallee.com\/#organization"},"potentialAction":[{"@type":"SearchAction","target":{"@type":"EntryPoint","urlTemplate":"https:\/\/www.inovallee.com\/?s={search_term_string}"},"query-input":{"@type":"PropertyValueSpecification","valueRequired":true,"valueName":"search_term_string"}}],"inLanguage":"en-GB"},{"@type":"Organization","@id":"https:\/\/www.inovallee.com\/#organization","name":"inovall\u00e9e","url":"https:\/\/www.inovallee.com\/","logo":{"@type":"ImageObject","inLanguage":"en-GB","@id":"https:\/\/www.inovallee.com\/#\/schema\/logo\/image\/","url":"https:\/\/www.inovallee.com\/wp-content\/uploads\/2023\/08\/inovallee_2022_GrenobleAlpes.png","contentUrl":"https:\/\/www.inovallee.com\/wp-content\/uploads\/2023\/08\/inovallee_2022_GrenobleAlpes.png","width":945,"height":369,"caption":"inovall\u00e9e"},"image":{"@id":"https:\/\/www.inovallee.com\/#\/schema\/logo\/image\/"},"sameAs":["https:\/\/www.facebook.com\/technopoleinovallee\/","https:\/\/x.com\/inovallee","https:\/\/www.linkedin.com\/company\/inovall-e\/","https:\/\/www.youtube.com\/user\/inovallee?reload=9"]},{"@type":"Person","@id":"https:\/\/www.inovallee.com\/#\/schema\/person\/16ce8129e17b4871a123504e8f87f4ee","name":"Val\u00e9rie BERTRAND"}]}},"_links":{"self":[{"href":"https:\/\/www.inovallee.com\/en\/wp-json\/wp\/v2\/posts\/38962","targetHints":{"allow":["GET"]}}],"collection":[{"href":"https:\/\/www.inovallee.com\/en\/wp-json\/wp\/v2\/posts"}],"about":[{"href":"https:\/\/www.inovallee.com\/en\/wp-json\/wp\/v2\/types\/post"}],"author":[{"embeddable":true,"href":"https:\/\/www.inovallee.com\/en\/wp-json\/wp\/v2\/users\/11"}],"replies":[{"embeddable":true,"href":"https:\/\/www.inovallee.com\/en\/wp-json\/wp\/v2\/comments?post=38962"}],"version-history":[{"count":0,"href":"https:\/\/www.inovallee.com\/en\/wp-json\/wp\/v2\/posts\/38962\/revisions"}],"wp:featuredmedia":[{"embeddable":true,"href":"https:\/\/www.inovallee.com\/en\/wp-json\/wp\/v2\/media\/38984"}],"wp:attachment":[{"href":"https:\/\/www.inovallee.com\/en\/wp-json\/wp\/v2\/media?parent=38962"}],"wp:term":[{"taxonomy":"category","embeddable":true,"href":"https:\/\/www.inovallee.com\/en\/wp-json\/wp\/v2\/categories?post=38962"},{"taxonomy":"post_tag","embeddable":true,"href":"https:\/\/www.inovallee.com\/en\/wp-json\/wp\/v2\/tags?post=38962"}],"curies":[{"name":"wp","href":"https:\/\/api.w.org\/{rel}","templated":true}]}}