{"id":39170,"date":"2022-02-08T16:28:24","date_gmt":"2022-02-08T15:28:24","guid":{"rendered":"https:\/\/www.inovallee.com\/?p=39170"},"modified":"2022-02-08T16:28:24","modified_gmt":"2022-02-08T15:28:24","slug":"un-amphitheatre-avec-salle-receptive-sur-inovallee-pour-vos-evenements-dentreprises","status":"publish","type":"post","link":"https:\/\/www.inovallee.com\/en\/un-amphitheatre-avec-salle-receptive-sur-inovallee-pour-vos-evenements-dentreprises\/","title":{"rendered":"Un amphith\u00e9\u00e2tre avec salle r\u00e9ceptive sur inovall\u00e9e pour vos \u00e9v\u00e9nements d\u2019entreprises ?"},"content":{"rendered":"<p>Les 530 chercheurs et collaborateurs d\u2019Orange emm\u00e9nagent progressivement dans leurs nouveaux locaux sur Arteparc. Les 17000m\u00b2 de mol\u00e9cule de silicium que forment les b\u00e2timents embl\u00e9matiques du site feront d\u00e8s lors l\u2019objet d\u2019une grosse r\u00e9novation passive pour accueillir d\u2019ici 18 mois \u00e0 2 ans des entreprises technologiques avec des besoins d\u2019ateliers, voire de salles blanches ou grises.<\/p>\n<p>Le site dispose aussi d\u2019un bel espace \u00e9v\u00e9nementiel\u00a0: un amphith\u00e9\u00e2tre de 150 places adoss\u00e9 \u00e0 un espace de r\u00e9ception et des petites salles de r\u00e9union, pour lequel inovall\u00e9e a \u00e9t\u00e9 sollicit\u00e9e en vue d\u2019en assurer la potentielle gestion locative courant 2022, apr\u00e8s quelques travaux de rafraichissement.<\/p>\n<p>Cet espace b\u00e9n\u00e9ficie de nombreux atouts\u00a0:<\/p>\n<ul>\n<li>Un amphith\u00e9\u00e2tre confortable 150 places assises avec une sc\u00e8ne et une r\u00e9gie pour des pr\u00e9sentations, tables rondes, conf\u00e9rences \u2026<\/li>\n<li>Une salle de r\u00e9ception, avec espace traiteur, pour vos cocktails, d\u00e9mos, showrooms<\/li>\n<li>Des salles de r\u00e9union pour dispatcher vos participants en groupes de travail (2 salles attenantes + les 3 salles inovall\u00e9e de l\u2019autre c\u00f4t\u00e9 de la rue)<\/li>\n<li>Des places de parking gratuites<\/li>\n<li>Un magnifique parc arbor\u00e9<\/li>\n<\/ul>\n<p>Afin de d\u00e9terminer l\u2019int\u00e9r\u00eat de ses entreprises pour cette nouvelle offre, nous avons donc con\u00e7u un <strong>tr\u00e8s rapide questionnaire<\/strong> pour mieux conna\u00eetre vos besoins en la mati\u00e8re.<\/p>\n<p>Merci par avance de bien vouloir prendre 2mn pour y r\u00e9pondre\u00a0!<\/p>\n<p>Lien questionnaire\u00a0: <a href=\"https:\/\/forms.office.com\/r\/txFtTzu2qe\">https:\/\/forms.office.com\/r\/txFtTzu2qe<\/a><\/p>","protected":false},"excerpt":{"rendered":"<p>Les 530 chercheurs et collaborateurs d\u2019Orange emm\u00e9nagent progressivement dans leurs nouveaux locaux sur Arteparc. Les 17000m\u00b2 de mol\u00e9cule de silicium que forment les b\u00e2timents embl\u00e9matiques du site feront d\u00e8s lors l\u2019objet d\u2019une grosse r\u00e9novation passive pour accueillir d\u2019ici 18 mois \u00e0 2 ans des entreprises technologiques avec des besoins d\u2019ateliers, voire de salles blanches ou [&hellip;]<\/p>\n","protected":false},"author":4,"featured_media":39171,"comment_status":"closed","ping_status":"open","sticky":false,"template":"","format":"standard","meta":{"footnotes":""},"categories":[57,37],"tags":[1184,1186,1185,1187],"class_list":["post-39170","post","type-post","status-publish","format-standard","has-post-thumbnail","hentry","category-services-mutualises","category-my-ino","tag-amphitheatre","tag-espace-receptif","tag-salles-de-reunion","tag-seminaires"],"yoast_head":"<!-- This site is optimized with the Yoast SEO plugin v27.4 - https:\/\/yoast.com\/product\/yoast-seo-wordpress\/ -->\n<title>Un amphith\u00e9\u00e2tre avec salle r\u00e9ceptive sur inovall\u00e9e pour vos \u00e9v\u00e9nements d\u2019entreprises ? - inovall\u00e9e<\/title>\n<meta name=\"description\" content=\"Un espace r\u00e9ceptif avec amphith\u00e9\u00e2tre sur inovall\u00e9e pour les \u00e9v\u00e9nements d&#039;entreprise\" \/>\n<meta name=\"robots\" content=\"index, follow, max-snippet:-1, max-image-preview:large, max-video-preview:-1\" \/>\n<link rel=\"canonical\" href=\"https:\/\/www.inovallee.com\/en\/un-amphitheatre-avec-salle-receptive-sur-inovallee-pour-vos-evenements-dentreprises\/\" \/>\n<meta property=\"og:locale\" content=\"en_GB\" \/>\n<meta property=\"og:type\" content=\"article\" \/>\n<meta property=\"og:title\" content=\"Un amphith\u00e9\u00e2tre avec salle r\u00e9ceptive sur inovall\u00e9e pour vos \u00e9v\u00e9nements d\u2019entreprises ? - inovall\u00e9e\" \/>\n<meta property=\"og:description\" content=\"Un espace r\u00e9ceptif avec amphith\u00e9\u00e2tre sur inovall\u00e9e pour les \u00e9v\u00e9nements d&#039;entreprise\" \/>\n<meta property=\"og:url\" content=\"https:\/\/www.inovallee.com\/en\/un-amphitheatre-avec-salle-receptive-sur-inovallee-pour-vos-evenements-dentreprises\/\" \/>\n<meta property=\"og:site_name\" content=\"inovall\u00e9e\" \/>\n<meta property=\"article:publisher\" content=\"https:\/\/www.facebook.com\/technopoleinovallee\/\" \/>\n<meta property=\"article:published_time\" content=\"2022-02-08T15:28:24+00:00\" \/>\n<meta property=\"og:image\" content=\"https:\/\/www.inovallee.com\/wp-content\/uploads\/2022\/02\/DSC_2694.jpg\" \/>\n\t<meta property=\"og:image:width\" content=\"1280\" \/>\n\t<meta property=\"og:image:height\" content=\"848\" \/>\n\t<meta property=\"og:image:type\" content=\"image\/jpeg\" \/>\n<meta name=\"author\" content=\"Claire Chanterelle\" \/>\n<meta name=\"twitter:card\" content=\"summary_large_image\" \/>\n<meta name=\"twitter:creator\" content=\"@inovallee\" \/>\n<meta name=\"twitter:site\" content=\"@inovallee\" \/>\n<meta name=\"twitter:label1\" content=\"Written by\" \/>\n\t<meta name=\"twitter:data1\" content=\"Claire Chanterelle\" \/>\n\t<meta name=\"twitter:label2\" content=\"Estimated reading time\" \/>\n\t<meta name=\"twitter:data2\" content=\"1 minute\" \/>\n<script type=\"application\/ld+json\" class=\"yoast-schema-graph\">{\"@context\":\"https:\\\/\\\/schema.org\",\"@graph\":[{\"@type\":\"Article\",\"@id\":\"https:\\\/\\\/www.inovallee.com\\\/un-amphitheatre-avec-salle-receptive-sur-inovallee-pour-vos-evenements-dentreprises\\\/#article\",\"isPartOf\":{\"@id\":\"https:\\\/\\\/www.inovallee.com\\\/un-amphitheatre-avec-salle-receptive-sur-inovallee-pour-vos-evenements-dentreprises\\\/\"},\"author\":{\"name\":\"Claire Chanterelle\",\"@id\":\"https:\\\/\\\/www.inovallee.com\\\/#\\\/schema\\\/person\\\/6cdcf0ed58ac3e1ef08041bdf7815902\"},\"headline\":\"Un amphith\u00e9\u00e2tre avec salle r\u00e9ceptive sur inovall\u00e9e pour vos \u00e9v\u00e9nements d\u2019entreprises ?\",\"datePublished\":\"2022-02-08T15:28:24+00:00\",\"mainEntityOfPage\":{\"@id\":\"https:\\\/\\\/www.inovallee.com\\\/un-amphitheatre-avec-salle-receptive-sur-inovallee-pour-vos-evenements-dentreprises\\\/\"},\"wordCount\":267,\"publisher\":{\"@id\":\"https:\\\/\\\/www.inovallee.com\\\/#organization\"},\"image\":{\"@id\":\"https:\\\/\\\/www.inovallee.com\\\/un-amphitheatre-avec-salle-receptive-sur-inovallee-pour-vos-evenements-dentreprises\\\/#primaryimage\"},\"thumbnailUrl\":\"https:\\\/\\\/www.inovallee.com\\\/wp-content\\\/uploads\\\/2022\\\/02\\\/DSC_2694.jpg\",\"keywords\":[\"amphith\u00e9\u00e2tre\",\"espace r\u00e9ceptif\",\"salles de r\u00e9union\",\"s\u00e9minaires\"],\"articleSection\":[\"Achats et services mutualis\u00e9s\",\"My Ino : Vivre &amp; travailler sur inovall\u00e9e\"],\"inLanguage\":\"en-GB\"},{\"@type\":\"WebPage\",\"@id\":\"https:\\\/\\\/www.inovallee.com\\\/un-amphitheatre-avec-salle-receptive-sur-inovallee-pour-vos-evenements-dentreprises\\\/\",\"url\":\"https:\\\/\\\/www.inovallee.com\\\/un-amphitheatre-avec-salle-receptive-sur-inovallee-pour-vos-evenements-dentreprises\\\/\",\"name\":\"Un amphith\u00e9\u00e2tre avec salle r\u00e9ceptive sur inovall\u00e9e pour vos \u00e9v\u00e9nements d\u2019entreprises ? - inovall\u00e9e\",\"isPartOf\":{\"@id\":\"https:\\\/\\\/www.inovallee.com\\\/#website\"},\"primaryImageOfPage\":{\"@id\":\"https:\\\/\\\/www.inovallee.com\\\/un-amphitheatre-avec-salle-receptive-sur-inovallee-pour-vos-evenements-dentreprises\\\/#primaryimage\"},\"image\":{\"@id\":\"https:\\\/\\\/www.inovallee.com\\\/un-amphitheatre-avec-salle-receptive-sur-inovallee-pour-vos-evenements-dentreprises\\\/#primaryimage\"},\"thumbnailUrl\":\"https:\\\/\\\/www.inovallee.com\\\/wp-content\\\/uploads\\\/2022\\\/02\\\/DSC_2694.jpg\",\"datePublished\":\"2022-02-08T15:28:24+00:00\",\"description\":\"Un espace r\u00e9ceptif avec amphith\u00e9\u00e2tre sur inovall\u00e9e pour les \u00e9v\u00e9nements d'entreprise\",\"breadcrumb\":{\"@id\":\"https:\\\/\\\/www.inovallee.com\\\/un-amphitheatre-avec-salle-receptive-sur-inovallee-pour-vos-evenements-dentreprises\\\/#breadcrumb\"},\"inLanguage\":\"en-GB\",\"potentialAction\":[{\"@type\":\"ReadAction\",\"target\":[\"https:\\\/\\\/www.inovallee.com\\\/un-amphitheatre-avec-salle-receptive-sur-inovallee-pour-vos-evenements-dentreprises\\\/\"]}]},{\"@type\":\"ImageObject\",\"inLanguage\":\"en-GB\",\"@id\":\"https:\\\/\\\/www.inovallee.com\\\/un-amphitheatre-avec-salle-receptive-sur-inovallee-pour-vos-evenements-dentreprises\\\/#primaryimage\",\"url\":\"https:\\\/\\\/www.inovallee.com\\\/wp-content\\\/uploads\\\/2022\\\/02\\\/DSC_2694.jpg\",\"contentUrl\":\"https:\\\/\\\/www.inovallee.com\\\/wp-content\\\/uploads\\\/2022\\\/02\\\/DSC_2694.jpg\",\"width\":1280,\"height\":848},{\"@type\":\"BreadcrumbList\",\"@id\":\"https:\\\/\\\/www.inovallee.com\\\/un-amphitheatre-avec-salle-receptive-sur-inovallee-pour-vos-evenements-dentreprises\\\/#breadcrumb\",\"itemListElement\":[{\"@type\":\"ListItem\",\"position\":1,\"name\":\"Accueil\",\"item\":\"https:\\\/\\\/www.inovallee.com\\\/\"},{\"@type\":\"ListItem\",\"position\":2,\"name\":\"Un amphith\u00e9\u00e2tre avec salle r\u00e9ceptive sur inovall\u00e9e pour vos \u00e9v\u00e9nements d\u2019entreprises ?\"}]},{\"@type\":\"WebSite\",\"@id\":\"https:\\\/\\\/www.inovallee.com\\\/#website\",\"url\":\"https:\\\/\\\/www.inovallee.com\\\/\",\"name\":\"inovall\u00e9e technopole, Home to software & smart technologies\",\"description\":\"Home to software &amp; smart technologies\",\"publisher\":{\"@id\":\"https:\\\/\\\/www.inovallee.com\\\/#organization\"},\"potentialAction\":[{\"@type\":\"SearchAction\",\"target\":{\"@type\":\"EntryPoint\",\"urlTemplate\":\"https:\\\/\\\/www.inovallee.com\\\/?s={search_term_string}\"},\"query-input\":{\"@type\":\"PropertyValueSpecification\",\"valueRequired\":true,\"valueName\":\"search_term_string\"}}],\"inLanguage\":\"en-GB\"},{\"@type\":\"Organization\",\"@id\":\"https:\\\/\\\/www.inovallee.com\\\/#organization\",\"name\":\"inovall\u00e9e\",\"url\":\"https:\\\/\\\/www.inovallee.com\\\/\",\"logo\":{\"@type\":\"ImageObject\",\"inLanguage\":\"en-GB\",\"@id\":\"https:\\\/\\\/www.inovallee.com\\\/#\\\/schema\\\/logo\\\/image\\\/\",\"url\":\"https:\\\/\\\/www.inovallee.com\\\/wp-content\\\/uploads\\\/2023\\\/08\\\/inovallee_2022_GrenobleAlpes.png\",\"contentUrl\":\"https:\\\/\\\/www.inovallee.com\\\/wp-content\\\/uploads\\\/2023\\\/08\\\/inovallee_2022_GrenobleAlpes.png\",\"width\":945,\"height\":369,\"caption\":\"inovall\u00e9e\"},\"image\":{\"@id\":\"https:\\\/\\\/www.inovallee.com\\\/#\\\/schema\\\/logo\\\/image\\\/\"},\"sameAs\":[\"https:\\\/\\\/www.facebook.com\\\/technopoleinovallee\\\/\",\"https:\\\/\\\/x.com\\\/inovallee\",\"https:\\\/\\\/www.linkedin.com\\\/company\\\/inovall-e\\\/\",\"https:\\\/\\\/www.youtube.com\\\/user\\\/inovallee?reload=9\"]},{\"@type\":\"Person\",\"@id\":\"https:\\\/\\\/www.inovallee.com\\\/#\\\/schema\\\/person\\\/6cdcf0ed58ac3e1ef08041bdf7815902\",\"name\":\"Claire Chanterelle\"}]}<\/script>\n<!-- \/ Yoast SEO plugin. -->","yoast_head_json":{"title":"Un amphith\u00e9\u00e2tre avec salle r\u00e9ceptive sur inovall\u00e9e pour vos \u00e9v\u00e9nements d\u2019entreprises ? - inovall\u00e9e","description":"Un espace r\u00e9ceptif avec amphith\u00e9\u00e2tre sur inovall\u00e9e pour les \u00e9v\u00e9nements d'entreprise","robots":{"index":"index","follow":"follow","max-snippet":"max-snippet:-1","max-image-preview":"max-image-preview:large","max-video-preview":"max-video-preview:-1"},"canonical":"https:\/\/www.inovallee.com\/en\/un-amphitheatre-avec-salle-receptive-sur-inovallee-pour-vos-evenements-dentreprises\/","og_locale":"en_GB","og_type":"article","og_title":"Un amphith\u00e9\u00e2tre avec salle r\u00e9ceptive sur inovall\u00e9e pour vos \u00e9v\u00e9nements d\u2019entreprises ? - inovall\u00e9e","og_description":"Un espace r\u00e9ceptif avec amphith\u00e9\u00e2tre sur inovall\u00e9e pour les \u00e9v\u00e9nements d'entreprise","og_url":"https:\/\/www.inovallee.com\/en\/un-amphitheatre-avec-salle-receptive-sur-inovallee-pour-vos-evenements-dentreprises\/","og_site_name":"inovall\u00e9e","article_publisher":"https:\/\/www.facebook.com\/technopoleinovallee\/","article_published_time":"2022-02-08T15:28:24+00:00","og_image":[{"width":1280,"height":848,"url":"https:\/\/www.inovallee.com\/wp-content\/uploads\/2022\/02\/DSC_2694.jpg","type":"image\/jpeg"}],"author":"Claire Chanterelle","twitter_card":"summary_large_image","twitter_creator":"@inovallee","twitter_site":"@inovallee","twitter_misc":{"Written by":"Claire Chanterelle","Estimated reading time":"1 minute"},"schema":{"@context":"https:\/\/schema.org","@graph":[{"@type":"Article","@id":"https:\/\/www.inovallee.com\/un-amphitheatre-avec-salle-receptive-sur-inovallee-pour-vos-evenements-dentreprises\/#article","isPartOf":{"@id":"https:\/\/www.inovallee.com\/un-amphitheatre-avec-salle-receptive-sur-inovallee-pour-vos-evenements-dentreprises\/"},"author":{"name":"Claire Chanterelle","@id":"https:\/\/www.inovallee.com\/#\/schema\/person\/6cdcf0ed58ac3e1ef08041bdf7815902"},"headline":"Un amphith\u00e9\u00e2tre avec salle r\u00e9ceptive sur inovall\u00e9e pour vos \u00e9v\u00e9nements d\u2019entreprises ?","datePublished":"2022-02-08T15:28:24+00:00","mainEntityOfPage":{"@id":"https:\/\/www.inovallee.com\/un-amphitheatre-avec-salle-receptive-sur-inovallee-pour-vos-evenements-dentreprises\/"},"wordCount":267,"publisher":{"@id":"https:\/\/www.inovallee.com\/#organization"},"image":{"@id":"https:\/\/www.inovallee.com\/un-amphitheatre-avec-salle-receptive-sur-inovallee-pour-vos-evenements-dentreprises\/#primaryimage"},"thumbnailUrl":"https:\/\/www.inovallee.com\/wp-content\/uploads\/2022\/02\/DSC_2694.jpg","keywords":["amphith\u00e9\u00e2tre","espace r\u00e9ceptif","salles de r\u00e9union","s\u00e9minaires"],"articleSection":["Achats et services mutualis\u00e9s","My Ino : Vivre &amp; travailler sur inovall\u00e9e"],"inLanguage":"en-GB"},{"@type":"WebPage","@id":"https:\/\/www.inovallee.com\/un-amphitheatre-avec-salle-receptive-sur-inovallee-pour-vos-evenements-dentreprises\/","url":"https:\/\/www.inovallee.com\/un-amphitheatre-avec-salle-receptive-sur-inovallee-pour-vos-evenements-dentreprises\/","name":"Un amphith\u00e9\u00e2tre avec salle r\u00e9ceptive sur inovall\u00e9e pour vos \u00e9v\u00e9nements d\u2019entreprises ? - inovall\u00e9e","isPartOf":{"@id":"https:\/\/www.inovallee.com\/#website"},"primaryImageOfPage":{"@id":"https:\/\/www.inovallee.com\/un-amphitheatre-avec-salle-receptive-sur-inovallee-pour-vos-evenements-dentreprises\/#primaryimage"},"image":{"@id":"https:\/\/www.inovallee.com\/un-amphitheatre-avec-salle-receptive-sur-inovallee-pour-vos-evenements-dentreprises\/#primaryimage"},"thumbnailUrl":"https:\/\/www.inovallee.com\/wp-content\/uploads\/2022\/02\/DSC_2694.jpg","datePublished":"2022-02-08T15:28:24+00:00","description":"Un espace r\u00e9ceptif avec amphith\u00e9\u00e2tre sur inovall\u00e9e pour les \u00e9v\u00e9nements d'entreprise","breadcrumb":{"@id":"https:\/\/www.inovallee.com\/un-amphitheatre-avec-salle-receptive-sur-inovallee-pour-vos-evenements-dentreprises\/#breadcrumb"},"inLanguage":"en-GB","potentialAction":[{"@type":"ReadAction","target":["https:\/\/www.inovallee.com\/un-amphitheatre-avec-salle-receptive-sur-inovallee-pour-vos-evenements-dentreprises\/"]}]},{"@type":"ImageObject","inLanguage":"en-GB","@id":"https:\/\/www.inovallee.com\/un-amphitheatre-avec-salle-receptive-sur-inovallee-pour-vos-evenements-dentreprises\/#primaryimage","url":"https:\/\/www.inovallee.com\/wp-content\/uploads\/2022\/02\/DSC_2694.jpg","contentUrl":"https:\/\/www.inovallee.com\/wp-content\/uploads\/2022\/02\/DSC_2694.jpg","width":1280,"height":848},{"@type":"BreadcrumbList","@id":"https:\/\/www.inovallee.com\/un-amphitheatre-avec-salle-receptive-sur-inovallee-pour-vos-evenements-dentreprises\/#breadcrumb","itemListElement":[{"@type":"ListItem","position":1,"name":"Accueil","item":"https:\/\/www.inovallee.com\/"},{"@type":"ListItem","position":2,"name":"Un amphith\u00e9\u00e2tre avec salle r\u00e9ceptive sur inovall\u00e9e pour vos \u00e9v\u00e9nements d\u2019entreprises ?"}]},{"@type":"WebSite","@id":"https:\/\/www.inovallee.com\/#website","url":"https:\/\/www.inovallee.com\/","name":"inovall\u00e9e technopole, Home to software & smart technologies","description":"Home to software &amp; smart technologies","publisher":{"@id":"https:\/\/www.inovallee.com\/#organization"},"potentialAction":[{"@type":"SearchAction","target":{"@type":"EntryPoint","urlTemplate":"https:\/\/www.inovallee.com\/?s={search_term_string}"},"query-input":{"@type":"PropertyValueSpecification","valueRequired":true,"valueName":"search_term_string"}}],"inLanguage":"en-GB"},{"@type":"Organization","@id":"https:\/\/www.inovallee.com\/#organization","name":"inovall\u00e9e","url":"https:\/\/www.inovallee.com\/","logo":{"@type":"ImageObject","inLanguage":"en-GB","@id":"https:\/\/www.inovallee.com\/#\/schema\/logo\/image\/","url":"https:\/\/www.inovallee.com\/wp-content\/uploads\/2023\/08\/inovallee_2022_GrenobleAlpes.png","contentUrl":"https:\/\/www.inovallee.com\/wp-content\/uploads\/2023\/08\/inovallee_2022_GrenobleAlpes.png","width":945,"height":369,"caption":"inovall\u00e9e"},"image":{"@id":"https:\/\/www.inovallee.com\/#\/schema\/logo\/image\/"},"sameAs":["https:\/\/www.facebook.com\/technopoleinovallee\/","https:\/\/x.com\/inovallee","https:\/\/www.linkedin.com\/company\/inovall-e\/","https:\/\/www.youtube.com\/user\/inovallee?reload=9"]},{"@type":"Person","@id":"https:\/\/www.inovallee.com\/#\/schema\/person\/6cdcf0ed58ac3e1ef08041bdf7815902","name":"Claire Chanterelle"}]}},"_links":{"self":[{"href":"https:\/\/www.inovallee.com\/en\/wp-json\/wp\/v2\/posts\/39170","targetHints":{"allow":["GET"]}}],"collection":[{"href":"https:\/\/www.inovallee.com\/en\/wp-json\/wp\/v2\/posts"}],"about":[{"href":"https:\/\/www.inovallee.com\/en\/wp-json\/wp\/v2\/types\/post"}],"author":[{"embeddable":true,"href":"https:\/\/www.inovallee.com\/en\/wp-json\/wp\/v2\/users\/4"}],"replies":[{"embeddable":true,"href":"https:\/\/www.inovallee.com\/en\/wp-json\/wp\/v2\/comments?post=39170"}],"version-history":[{"count":0,"href":"https:\/\/www.inovallee.com\/en\/wp-json\/wp\/v2\/posts\/39170\/revisions"}],"wp:featuredmedia":[{"embeddable":true,"href":"https:\/\/www.inovallee.com\/en\/wp-json\/wp\/v2\/media\/39171"}],"wp:attachment":[{"href":"https:\/\/www.inovallee.com\/en\/wp-json\/wp\/v2\/media?parent=39170"}],"wp:term":[{"taxonomy":"category","embeddable":true,"href":"https:\/\/www.inovallee.com\/en\/wp-json\/wp\/v2\/categories?post=39170"},{"taxonomy":"post_tag","embeddable":true,"href":"https:\/\/www.inovallee.com\/en\/wp-json\/wp\/v2\/tags?post=39170"}],"curies":[{"name":"wp","href":"https:\/\/api.w.org\/{rel}","templated":true}]}}