{"id":41312,"date":"2022-04-21T10:54:17","date_gmt":"2022-04-21T08:54:17","guid":{"rendered":"https:\/\/www.inovallee.com\/?p=41312"},"modified":"2022-04-21T10:54:17","modified_gmt":"2022-04-21T08:54:17","slug":"rarefaction-des-matieres-premieres-et-transition-ecologique-et-si-on-favorisait-le-reemploi-du-materiel-informatique-sur-inovallee-avec-afb","status":"publish","type":"post","link":"https:\/\/www.inovallee.com\/en\/rarefaction-des-matieres-premieres-et-transition-ecologique-et-si-on-favorisait-le-reemploi-du-materiel-informatique-sur-inovallee-avec-afb\/","title":{"rendered":"Rar\u00e9faction des mati\u00e8res premi\u00e8res et transition \u00e9cologique\u00a0: et si on favorisait le r\u00e9emploi du mat\u00e9riel informatique sur inovall\u00e9e avec AFB\u00a0?"},"content":{"rendered":"<p><strong>Cela fait plusieurs ann\u00e9es d\u00e9j\u00e0 qu\u2019AfB France, entreprise d\u2019insertion en pleine croissance (9 collaborateurs en 2013, plus de 180 \u00e0 ce jour), est partenaire d\u2019inovall\u00e9e pour les collectes mutualis\u00e9es de D3E informatiques.<\/strong><\/p>\n<p>Or si la <strong>r\u00e9cup\u00e9ration, la valorisation et le recyclage du mat\u00e9riel informatique et de la t\u00e9l\u00e9phonie<\/strong> en fin de vie est \u00e9videmment un enjeu majeur pour la transition \u00e9cologique (et en ce sens, les collectes mutualis\u00e9es d\u2019inovall\u00e9e jouent pleinement leur r\u00f4le avec un bilan carbone plus qu\u2019int\u00e9ressant), <strong>l\u2019un des autres enjeux majeurs en mati\u00e8re de RSE est sans aucun doute la seconde vie du mat\u00e9riel encore exploitable\u00a0!<\/strong><\/p>\n<p>Or sur ce point, le taux actuel de r\u00e9emploi du mat\u00e9riel inovallien n\u2019est que de 14%, alors que sur les 120 000 \u00e9quipements r\u00e9cup\u00e9r\u00e9s par AfB en 2021 chez ses 800 entreprises partenaires, c\u2019est g\u00e9n\u00e9ralement pr\u00e8s de 65% du mat\u00e9riel qui peut \u00eatre reconditionn\u00e9 et remis sur le march\u00e9.<\/p>\n<p>Quand on sait que le plus gros impact \u00e9cologique et \u00e9nerg\u00e9tique d\u2019un \u00e9quipement au cours de son cycle de vie est sa fabrication (\u00e0 hauteur de 70%), on comprend l\u2019enjeu crucial du r\u00e9emploi et de la seconde vie, a fortiori en circuits courts puisque le mat\u00e9riel est reconditionn\u00e9 et revendu localement.<\/p>\n<p>Un march\u00e9 du \u00a0reconditionnement en plein essor sur lequel AfB offre toutes les garanties n\u00e9cessaires aux entreprises, notamment en mati\u00e8re d\u2019effacement des donn\u00e9es, de confidentialit\u00e9 et de s\u00e9curit\u00e9.<\/p>\n<h4><strong>Une deuxi\u00e8me vie \u2026. Dans le respect de la confidentialit\u00e9 et de la s\u00e9curit\u00e9 des donn\u00e9es\u00a0gr\u00e2ce \u00e0 un processus certifi\u00e9 Iso 9001 et des partenariats strat\u00e9giques avec les leaders du march\u00e9 ! <\/strong><\/h4>\n<p>En effet, AfB est partenaire de Blancco, le leader mondial des solutions de l\u2019effacement des donn\u00e9es, certifi\u00e9 par l\u2019ANSSI, qui garantit aux entreprises confiant leur mat\u00e9riel en \u00e9tat de marche un effacement garanti des donn\u00e9es. <strong>AfB est ainsi totalement conforme RGPD<\/strong> dans son process, puisque 100% du reconditionnement est r\u00e9alis\u00e9 par du personnel interne \u00e0 l\u2019entreprise, et chaque \u00e9tape enregistr\u00e9e dans un ERP qui offre aux entreprises une tra\u00e7abilit\u00e9 compl\u00e8te du processus.<\/p>\n<p>M\u00eame le transport est assur\u00e9 par des v\u00e9hicules AfB dans le respect des normes de s\u00e9curit\u00e9 sur le transport des batteries notamment.<\/p>\n<p><em>\u00ab\u00a0Notre certification Microsoft nous permet \u00e9galement de revendre l\u2019int\u00e9gralit\u00e9 des ordinateurs reconditionn\u00e9s avec une licence Windows \u00e0 jour et conforme\u00bb<\/em>, pr\u00e9cise\u00a0Eric Laur, Pr\u00e9sident d\u2019AfB.<\/p>\n<p>En effet, si beaucoup d\u2019entreprises choisissent de c\u00e9der leur mat\u00e9riel professionnel \u00e0 leurs collaborateurs, il est utile de rappeler qu\u2019une licence pro Microsoft n\u2019est th\u00e9oriquement pas c\u00e9dable \u2026<\/p>\n<p>D\u2019ailleurs, de nombreuses grosses entreprises ont choisi, dans le cadre de leur politique RSE, de s\u2019appuyer sur AfB pour donner une seconde vie \u00e0 leur mat\u00e9riel informatique, comme Orange ou \u00a0la Caisse d\u2019Epargne.<\/p>\n<h4><strong>Une mission environnementale mais aussi et surtout sociale\u00a0!<\/strong><\/h4>\n<p>Si le r\u00e9emploi a un impact majeur sur l\u2019environnement, la mission d\u2019AfB est aussi et surtout sociale\u00a0par la cr\u00e9ation d\u2019emplois durables ou tremplin pour des personnes en situation de handicap. C\u2019est le cas de 70% des 180 collaborateurs d\u2019AfB qui sont r\u00e9partis sur 6sites en France situ\u00e9s \u00e0 Annecy, Caen, Grenoble, Lyon, Nantes et Strasbourg.<\/p>\n<p>Surtout, pendant la p\u00e9riode Covid, AfB a contribu\u00e9 \u00e0 \u00e9quiper les \u00e9tudiants de l\u2019UGA, par le biais de la fondation, en mettant \u00e0 disposition plus de 250 ordinateurs pour qu\u2019ils puissent poursuivre leurs \u00e9tudes en distantiel.<\/p>\n<p>De la m\u00eame fa\u00e7on, ce sont plus de 500 machines qui ont \u00e9t\u00e9 mises \u00e0 disposition des coll\u00e9giens de Nantes par le biais de la m\u00e9tropole Nantaise.<\/p>\n<p>Outre ces actions solidaires qui valent \u00e0 AfB d\u2019\u00eatre une Entreprise Solidaire \u00a0d\u2019utilit\u00e9 Sociale (ESUS, le mat\u00e9riel reconditionn\u00e9 est, dans tous les cas, revendu \u00e0 des tarifs attractifs pour \u00e9quiper le plus grand nombre. \u00ab\u00a0Du mat\u00e9riel qui, par ailleurs, est de qualit\u00e9 professionnelle sup\u00e9rieure aux gammes grand public\u00a0\u00bb, rappelle St\u00e9phane Pag\u00e8s.<\/p>\n<p><strong>Et gr\u00e2ce au partenariat conclu avec inovall\u00e9e, les salari\u00e9s de la technopole b\u00e9n\u00e9ficient m\u00eame d\u2019une r\u00e9duction de 10% sur leurs achats en magasin ou sur le site <a href=\"http:\/\/www.afbshop.fr\">www.afbshop.fr<\/a>\u2026<\/strong><\/p>\n<h6>Alors plus d\u2019h\u00e9sitation\u00a0: profitez de la prochaine collecte D3E informatique pour offrir une seconde vie \u00e0 votre mat\u00e9riel en \u00e9tat de marche\u00a0!<\/h6>","protected":false},"excerpt":{"rendered":"<p>Cela fait plusieurs ann\u00e9es d\u00e9j\u00e0 qu\u2019AfB France, entreprise d\u2019insertion en pleine croissance (9 collaborateurs en 2013, plus de 180 \u00e0 ce jour), est partenaire d\u2019inovall\u00e9e pour les collectes mutualis\u00e9es de D3E informatiques. Or si la r\u00e9cup\u00e9ration, la valorisation et le recyclage du mat\u00e9riel informatique et de la t\u00e9l\u00e9phonie en fin de vie est \u00e9videmment un [&hellip;]<\/p>\n","protected":false},"author":18,"featured_media":41316,"comment_status":"closed","ping_status":"open","sticky":false,"template":"","format":"standard","meta":{"footnotes":""},"categories":[185],"tags":[1344],"class_list":["post-41312","post","type-post","status-publish","format-standard","has-post-thumbnail","hentry","category-developpement-durable","tag-afb"],"yoast_head":"<!-- This site is optimized with the Yoast SEO plugin v27.4 - https:\/\/yoast.com\/product\/yoast-seo-wordpress\/ -->\n<title>Rar\u00e9faction des mati\u00e8res premi\u00e8res et transition \u00e9cologique\u00a0: et si on favorisait le r\u00e9emploi du mat\u00e9riel informatique sur inovall\u00e9e avec AFB\u00a0? - inovall\u00e9e<\/title>\n<meta name=\"robots\" content=\"index, follow, max-snippet:-1, max-image-preview:large, max-video-preview:-1\" \/>\n<link rel=\"canonical\" href=\"https:\/\/www.inovallee.com\/en\/rarefaction-des-matieres-premieres-et-transition-ecologique-et-si-on-favorisait-le-reemploi-du-materiel-informatique-sur-inovallee-avec-afb\/\" \/>\n<meta property=\"og:locale\" content=\"en_GB\" \/>\n<meta property=\"og:type\" content=\"article\" \/>\n<meta property=\"og:title\" content=\"Rar\u00e9faction des mati\u00e8res premi\u00e8res et transition \u00e9cologique\u00a0: et si on favorisait le r\u00e9emploi du mat\u00e9riel informatique sur inovall\u00e9e avec AFB\u00a0? - inovall\u00e9e\" \/>\n<meta property=\"og:description\" content=\"Cela fait plusieurs ann\u00e9es d\u00e9j\u00e0 qu\u2019AfB France, entreprise d\u2019insertion en pleine croissance (9 collaborateurs en 2013, plus de 180 \u00e0 ce jour), est partenaire d\u2019inovall\u00e9e pour les collectes mutualis\u00e9es de D3E informatiques. Or si la r\u00e9cup\u00e9ration, la valorisation et le recyclage du mat\u00e9riel informatique et de la t\u00e9l\u00e9phonie en fin de vie est \u00e9videmment un [&hellip;]\" \/>\n<meta property=\"og:url\" content=\"https:\/\/www.inovallee.com\/en\/rarefaction-des-matieres-premieres-et-transition-ecologique-et-si-on-favorisait-le-reemploi-du-materiel-informatique-sur-inovallee-avec-afb\/\" \/>\n<meta property=\"og:site_name\" content=\"inovall\u00e9e\" \/>\n<meta property=\"article:publisher\" content=\"https:\/\/www.facebook.com\/technopoleinovallee\/\" \/>\n<meta property=\"article:published_time\" content=\"2022-04-21T08:54:17+00:00\" \/>\n<meta property=\"og:image\" content=\"https:\/\/www.inovallee.com\/wp-content\/uploads\/2022\/04\/afb2.png\" \/>\n\t<meta property=\"og:image:width\" content=\"2048\" \/>\n\t<meta property=\"og:image:height\" content=\"683\" \/>\n\t<meta property=\"og:image:type\" content=\"image\/png\" \/>\n<meta name=\"author\" content=\"Margaux De la Fuente\" \/>\n<meta name=\"twitter:card\" content=\"summary_large_image\" \/>\n<meta name=\"twitter:creator\" content=\"@inovallee\" \/>\n<meta name=\"twitter:site\" content=\"@inovallee\" \/>\n<meta name=\"twitter:label1\" content=\"Written by\" \/>\n\t<meta name=\"twitter:data1\" content=\"Margaux De la Fuente\" \/>\n\t<meta name=\"twitter:label2\" content=\"Estimated reading time\" \/>\n\t<meta name=\"twitter:data2\" content=\"4 minutes\" \/>\n<script type=\"application\/ld+json\" class=\"yoast-schema-graph\">{\"@context\":\"https:\\\/\\\/schema.org\",\"@graph\":[{\"@type\":\"Article\",\"@id\":\"https:\\\/\\\/www.inovallee.com\\\/rarefaction-des-matieres-premieres-et-transition-ecologique-et-si-on-favorisait-le-reemploi-du-materiel-informatique-sur-inovallee-avec-afb\\\/#article\",\"isPartOf\":{\"@id\":\"https:\\\/\\\/www.inovallee.com\\\/rarefaction-des-matieres-premieres-et-transition-ecologique-et-si-on-favorisait-le-reemploi-du-materiel-informatique-sur-inovallee-avec-afb\\\/\"},\"author\":{\"name\":\"Margaux De la Fuente\",\"@id\":\"https:\\\/\\\/www.inovallee.com\\\/#\\\/schema\\\/person\\\/92dc7fd313568f5cc54aba72aba732fe\"},\"headline\":\"Rar\u00e9faction des mati\u00e8res premi\u00e8res et transition \u00e9cologique\u00a0: et si on favorisait le r\u00e9emploi du mat\u00e9riel informatique sur inovall\u00e9e avec AFB\u00a0?\",\"datePublished\":\"2022-04-21T08:54:17+00:00\",\"mainEntityOfPage\":{\"@id\":\"https:\\\/\\\/www.inovallee.com\\\/rarefaction-des-matieres-premieres-et-transition-ecologique-et-si-on-favorisait-le-reemploi-du-materiel-informatique-sur-inovallee-avec-afb\\\/\"},\"wordCount\":775,\"publisher\":{\"@id\":\"https:\\\/\\\/www.inovallee.com\\\/#organization\"},\"image\":{\"@id\":\"https:\\\/\\\/www.inovallee.com\\\/rarefaction-des-matieres-premieres-et-transition-ecologique-et-si-on-favorisait-le-reemploi-du-materiel-informatique-sur-inovallee-avec-afb\\\/#primaryimage\"},\"thumbnailUrl\":\"https:\\\/\\\/www.inovallee.com\\\/wp-content\\\/uploads\\\/2022\\\/04\\\/afb2.png\",\"keywords\":[\"AFB\"],\"articleSection\":[\"D\u00e9veloppement durable\"],\"inLanguage\":\"en-GB\"},{\"@type\":\"WebPage\",\"@id\":\"https:\\\/\\\/www.inovallee.com\\\/rarefaction-des-matieres-premieres-et-transition-ecologique-et-si-on-favorisait-le-reemploi-du-materiel-informatique-sur-inovallee-avec-afb\\\/\",\"url\":\"https:\\\/\\\/www.inovallee.com\\\/rarefaction-des-matieres-premieres-et-transition-ecologique-et-si-on-favorisait-le-reemploi-du-materiel-informatique-sur-inovallee-avec-afb\\\/\",\"name\":\"Rar\u00e9faction des mati\u00e8res premi\u00e8res et transition \u00e9cologique\u00a0: et si on favorisait le r\u00e9emploi du mat\u00e9riel informatique sur inovall\u00e9e avec AFB\u00a0? - inovall\u00e9e\",\"isPartOf\":{\"@id\":\"https:\\\/\\\/www.inovallee.com\\\/#website\"},\"primaryImageOfPage\":{\"@id\":\"https:\\\/\\\/www.inovallee.com\\\/rarefaction-des-matieres-premieres-et-transition-ecologique-et-si-on-favorisait-le-reemploi-du-materiel-informatique-sur-inovallee-avec-afb\\\/#primaryimage\"},\"image\":{\"@id\":\"https:\\\/\\\/www.inovallee.com\\\/rarefaction-des-matieres-premieres-et-transition-ecologique-et-si-on-favorisait-le-reemploi-du-materiel-informatique-sur-inovallee-avec-afb\\\/#primaryimage\"},\"thumbnailUrl\":\"https:\\\/\\\/www.inovallee.com\\\/wp-content\\\/uploads\\\/2022\\\/04\\\/afb2.png\",\"datePublished\":\"2022-04-21T08:54:17+00:00\",\"breadcrumb\":{\"@id\":\"https:\\\/\\\/www.inovallee.com\\\/rarefaction-des-matieres-premieres-et-transition-ecologique-et-si-on-favorisait-le-reemploi-du-materiel-informatique-sur-inovallee-avec-afb\\\/#breadcrumb\"},\"inLanguage\":\"en-GB\",\"potentialAction\":[{\"@type\":\"ReadAction\",\"target\":[\"https:\\\/\\\/www.inovallee.com\\\/rarefaction-des-matieres-premieres-et-transition-ecologique-et-si-on-favorisait-le-reemploi-du-materiel-informatique-sur-inovallee-avec-afb\\\/\"]}]},{\"@type\":\"ImageObject\",\"inLanguage\":\"en-GB\",\"@id\":\"https:\\\/\\\/www.inovallee.com\\\/rarefaction-des-matieres-premieres-et-transition-ecologique-et-si-on-favorisait-le-reemploi-du-materiel-informatique-sur-inovallee-avec-afb\\\/#primaryimage\",\"url\":\"https:\\\/\\\/www.inovallee.com\\\/wp-content\\\/uploads\\\/2022\\\/04\\\/afb2.png\",\"contentUrl\":\"https:\\\/\\\/www.inovallee.com\\\/wp-content\\\/uploads\\\/2022\\\/04\\\/afb2.png\",\"width\":2048,\"height\":683},{\"@type\":\"BreadcrumbList\",\"@id\":\"https:\\\/\\\/www.inovallee.com\\\/rarefaction-des-matieres-premieres-et-transition-ecologique-et-si-on-favorisait-le-reemploi-du-materiel-informatique-sur-inovallee-avec-afb\\\/#breadcrumb\",\"itemListElement\":[{\"@type\":\"ListItem\",\"position\":1,\"name\":\"Accueil\",\"item\":\"https:\\\/\\\/www.inovallee.com\\\/\"},{\"@type\":\"ListItem\",\"position\":2,\"name\":\"Rar\u00e9faction des mati\u00e8res premi\u00e8res et transition \u00e9cologique\u00a0: et si on favorisait le r\u00e9emploi du mat\u00e9riel informatique sur inovall\u00e9e avec AFB\u00a0?\"}]},{\"@type\":\"WebSite\",\"@id\":\"https:\\\/\\\/www.inovallee.com\\\/#website\",\"url\":\"https:\\\/\\\/www.inovallee.com\\\/\",\"name\":\"inovall\u00e9e technopole, Home to software & smart technologies\",\"description\":\"Home to software &amp; smart technologies\",\"publisher\":{\"@id\":\"https:\\\/\\\/www.inovallee.com\\\/#organization\"},\"potentialAction\":[{\"@type\":\"SearchAction\",\"target\":{\"@type\":\"EntryPoint\",\"urlTemplate\":\"https:\\\/\\\/www.inovallee.com\\\/?s={search_term_string}\"},\"query-input\":{\"@type\":\"PropertyValueSpecification\",\"valueRequired\":true,\"valueName\":\"search_term_string\"}}],\"inLanguage\":\"en-GB\"},{\"@type\":\"Organization\",\"@id\":\"https:\\\/\\\/www.inovallee.com\\\/#organization\",\"name\":\"inovall\u00e9e\",\"url\":\"https:\\\/\\\/www.inovallee.com\\\/\",\"logo\":{\"@type\":\"ImageObject\",\"inLanguage\":\"en-GB\",\"@id\":\"https:\\\/\\\/www.inovallee.com\\\/#\\\/schema\\\/logo\\\/image\\\/\",\"url\":\"https:\\\/\\\/www.inovallee.com\\\/wp-content\\\/uploads\\\/2023\\\/08\\\/inovallee_2022_GrenobleAlpes.png\",\"contentUrl\":\"https:\\\/\\\/www.inovallee.com\\\/wp-content\\\/uploads\\\/2023\\\/08\\\/inovallee_2022_GrenobleAlpes.png\",\"width\":945,\"height\":369,\"caption\":\"inovall\u00e9e\"},\"image\":{\"@id\":\"https:\\\/\\\/www.inovallee.com\\\/#\\\/schema\\\/logo\\\/image\\\/\"},\"sameAs\":[\"https:\\\/\\\/www.facebook.com\\\/technopoleinovallee\\\/\",\"https:\\\/\\\/x.com\\\/inovallee\",\"https:\\\/\\\/www.linkedin.com\\\/company\\\/inovall-e\\\/\",\"https:\\\/\\\/www.youtube.com\\\/user\\\/inovallee?reload=9\"]},{\"@type\":\"Person\",\"@id\":\"https:\\\/\\\/www.inovallee.com\\\/#\\\/schema\\\/person\\\/92dc7fd313568f5cc54aba72aba732fe\",\"name\":\"Margaux De la Fuente\"}]}<\/script>\n<!-- \/ Yoast SEO plugin. -->","yoast_head_json":{"title":"Rar\u00e9faction des mati\u00e8res premi\u00e8res et transition \u00e9cologique\u00a0: et si on favorisait le r\u00e9emploi du mat\u00e9riel informatique sur inovall\u00e9e avec AFB\u00a0? - inovall\u00e9e","robots":{"index":"index","follow":"follow","max-snippet":"max-snippet:-1","max-image-preview":"max-image-preview:large","max-video-preview":"max-video-preview:-1"},"canonical":"https:\/\/www.inovallee.com\/en\/rarefaction-des-matieres-premieres-et-transition-ecologique-et-si-on-favorisait-le-reemploi-du-materiel-informatique-sur-inovallee-avec-afb\/","og_locale":"en_GB","og_type":"article","og_title":"Rar\u00e9faction des mati\u00e8res premi\u00e8res et transition \u00e9cologique\u00a0: et si on favorisait le r\u00e9emploi du mat\u00e9riel informatique sur inovall\u00e9e avec AFB\u00a0? - inovall\u00e9e","og_description":"Cela fait plusieurs ann\u00e9es d\u00e9j\u00e0 qu\u2019AfB France, entreprise d\u2019insertion en pleine croissance (9 collaborateurs en 2013, plus de 180 \u00e0 ce jour), est partenaire d\u2019inovall\u00e9e pour les collectes mutualis\u00e9es de D3E informatiques. Or si la r\u00e9cup\u00e9ration, la valorisation et le recyclage du mat\u00e9riel informatique et de la t\u00e9l\u00e9phonie en fin de vie est \u00e9videmment un [&hellip;]","og_url":"https:\/\/www.inovallee.com\/en\/rarefaction-des-matieres-premieres-et-transition-ecologique-et-si-on-favorisait-le-reemploi-du-materiel-informatique-sur-inovallee-avec-afb\/","og_site_name":"inovall\u00e9e","article_publisher":"https:\/\/www.facebook.com\/technopoleinovallee\/","article_published_time":"2022-04-21T08:54:17+00:00","og_image":[{"width":2048,"height":683,"url":"https:\/\/www.inovallee.com\/wp-content\/uploads\/2022\/04\/afb2.png","type":"image\/png"}],"author":"Margaux De la Fuente","twitter_card":"summary_large_image","twitter_creator":"@inovallee","twitter_site":"@inovallee","twitter_misc":{"Written by":"Margaux De la Fuente","Estimated reading time":"4 minutes"},"schema":{"@context":"https:\/\/schema.org","@graph":[{"@type":"Article","@id":"https:\/\/www.inovallee.com\/rarefaction-des-matieres-premieres-et-transition-ecologique-et-si-on-favorisait-le-reemploi-du-materiel-informatique-sur-inovallee-avec-afb\/#article","isPartOf":{"@id":"https:\/\/www.inovallee.com\/rarefaction-des-matieres-premieres-et-transition-ecologique-et-si-on-favorisait-le-reemploi-du-materiel-informatique-sur-inovallee-avec-afb\/"},"author":{"name":"Margaux De la Fuente","@id":"https:\/\/www.inovallee.com\/#\/schema\/person\/92dc7fd313568f5cc54aba72aba732fe"},"headline":"Rar\u00e9faction des mati\u00e8res premi\u00e8res et transition \u00e9cologique\u00a0: et si on favorisait le r\u00e9emploi du mat\u00e9riel informatique sur inovall\u00e9e avec AFB\u00a0?","datePublished":"2022-04-21T08:54:17+00:00","mainEntityOfPage":{"@id":"https:\/\/www.inovallee.com\/rarefaction-des-matieres-premieres-et-transition-ecologique-et-si-on-favorisait-le-reemploi-du-materiel-informatique-sur-inovallee-avec-afb\/"},"wordCount":775,"publisher":{"@id":"https:\/\/www.inovallee.com\/#organization"},"image":{"@id":"https:\/\/www.inovallee.com\/rarefaction-des-matieres-premieres-et-transition-ecologique-et-si-on-favorisait-le-reemploi-du-materiel-informatique-sur-inovallee-avec-afb\/#primaryimage"},"thumbnailUrl":"https:\/\/www.inovallee.com\/wp-content\/uploads\/2022\/04\/afb2.png","keywords":["AFB"],"articleSection":["D\u00e9veloppement durable"],"inLanguage":"en-GB"},{"@type":"WebPage","@id":"https:\/\/www.inovallee.com\/rarefaction-des-matieres-premieres-et-transition-ecologique-et-si-on-favorisait-le-reemploi-du-materiel-informatique-sur-inovallee-avec-afb\/","url":"https:\/\/www.inovallee.com\/rarefaction-des-matieres-premieres-et-transition-ecologique-et-si-on-favorisait-le-reemploi-du-materiel-informatique-sur-inovallee-avec-afb\/","name":"Rar\u00e9faction des mati\u00e8res premi\u00e8res et transition \u00e9cologique\u00a0: et si on favorisait le r\u00e9emploi du mat\u00e9riel informatique sur inovall\u00e9e avec AFB\u00a0? - inovall\u00e9e","isPartOf":{"@id":"https:\/\/www.inovallee.com\/#website"},"primaryImageOfPage":{"@id":"https:\/\/www.inovallee.com\/rarefaction-des-matieres-premieres-et-transition-ecologique-et-si-on-favorisait-le-reemploi-du-materiel-informatique-sur-inovallee-avec-afb\/#primaryimage"},"image":{"@id":"https:\/\/www.inovallee.com\/rarefaction-des-matieres-premieres-et-transition-ecologique-et-si-on-favorisait-le-reemploi-du-materiel-informatique-sur-inovallee-avec-afb\/#primaryimage"},"thumbnailUrl":"https:\/\/www.inovallee.com\/wp-content\/uploads\/2022\/04\/afb2.png","datePublished":"2022-04-21T08:54:17+00:00","breadcrumb":{"@id":"https:\/\/www.inovallee.com\/rarefaction-des-matieres-premieres-et-transition-ecologique-et-si-on-favorisait-le-reemploi-du-materiel-informatique-sur-inovallee-avec-afb\/#breadcrumb"},"inLanguage":"en-GB","potentialAction":[{"@type":"ReadAction","target":["https:\/\/www.inovallee.com\/rarefaction-des-matieres-premieres-et-transition-ecologique-et-si-on-favorisait-le-reemploi-du-materiel-informatique-sur-inovallee-avec-afb\/"]}]},{"@type":"ImageObject","inLanguage":"en-GB","@id":"https:\/\/www.inovallee.com\/rarefaction-des-matieres-premieres-et-transition-ecologique-et-si-on-favorisait-le-reemploi-du-materiel-informatique-sur-inovallee-avec-afb\/#primaryimage","url":"https:\/\/www.inovallee.com\/wp-content\/uploads\/2022\/04\/afb2.png","contentUrl":"https:\/\/www.inovallee.com\/wp-content\/uploads\/2022\/04\/afb2.png","width":2048,"height":683},{"@type":"BreadcrumbList","@id":"https:\/\/www.inovallee.com\/rarefaction-des-matieres-premieres-et-transition-ecologique-et-si-on-favorisait-le-reemploi-du-materiel-informatique-sur-inovallee-avec-afb\/#breadcrumb","itemListElement":[{"@type":"ListItem","position":1,"name":"Accueil","item":"https:\/\/www.inovallee.com\/"},{"@type":"ListItem","position":2,"name":"Rar\u00e9faction des mati\u00e8res premi\u00e8res et transition \u00e9cologique\u00a0: et si on favorisait le r\u00e9emploi du mat\u00e9riel informatique sur inovall\u00e9e avec AFB\u00a0?"}]},{"@type":"WebSite","@id":"https:\/\/www.inovallee.com\/#website","url":"https:\/\/www.inovallee.com\/","name":"inovall\u00e9e technopole, Home to software & smart technologies","description":"Home to software &amp; smart technologies","publisher":{"@id":"https:\/\/www.inovallee.com\/#organization"},"potentialAction":[{"@type":"SearchAction","target":{"@type":"EntryPoint","urlTemplate":"https:\/\/www.inovallee.com\/?s={search_term_string}"},"query-input":{"@type":"PropertyValueSpecification","valueRequired":true,"valueName":"search_term_string"}}],"inLanguage":"en-GB"},{"@type":"Organization","@id":"https:\/\/www.inovallee.com\/#organization","name":"inovall\u00e9e","url":"https:\/\/www.inovallee.com\/","logo":{"@type":"ImageObject","inLanguage":"en-GB","@id":"https:\/\/www.inovallee.com\/#\/schema\/logo\/image\/","url":"https:\/\/www.inovallee.com\/wp-content\/uploads\/2023\/08\/inovallee_2022_GrenobleAlpes.png","contentUrl":"https:\/\/www.inovallee.com\/wp-content\/uploads\/2023\/08\/inovallee_2022_GrenobleAlpes.png","width":945,"height":369,"caption":"inovall\u00e9e"},"image":{"@id":"https:\/\/www.inovallee.com\/#\/schema\/logo\/image\/"},"sameAs":["https:\/\/www.facebook.com\/technopoleinovallee\/","https:\/\/x.com\/inovallee","https:\/\/www.linkedin.com\/company\/inovall-e\/","https:\/\/www.youtube.com\/user\/inovallee?reload=9"]},{"@type":"Person","@id":"https:\/\/www.inovallee.com\/#\/schema\/person\/92dc7fd313568f5cc54aba72aba732fe","name":"Margaux De la Fuente"}]}},"_links":{"self":[{"href":"https:\/\/www.inovallee.com\/en\/wp-json\/wp\/v2\/posts\/41312","targetHints":{"allow":["GET"]}}],"collection":[{"href":"https:\/\/www.inovallee.com\/en\/wp-json\/wp\/v2\/posts"}],"about":[{"href":"https:\/\/www.inovallee.com\/en\/wp-json\/wp\/v2\/types\/post"}],"author":[{"embeddable":true,"href":"https:\/\/www.inovallee.com\/en\/wp-json\/wp\/v2\/users\/18"}],"replies":[{"embeddable":true,"href":"https:\/\/www.inovallee.com\/en\/wp-json\/wp\/v2\/comments?post=41312"}],"version-history":[{"count":0,"href":"https:\/\/www.inovallee.com\/en\/wp-json\/wp\/v2\/posts\/41312\/revisions"}],"wp:featuredmedia":[{"embeddable":true,"href":"https:\/\/www.inovallee.com\/en\/wp-json\/wp\/v2\/media\/41316"}],"wp:attachment":[{"href":"https:\/\/www.inovallee.com\/en\/wp-json\/wp\/v2\/media?parent=41312"}],"wp:term":[{"taxonomy":"category","embeddable":true,"href":"https:\/\/www.inovallee.com\/en\/wp-json\/wp\/v2\/categories?post=41312"},{"taxonomy":"post_tag","embeddable":true,"href":"https:\/\/www.inovallee.com\/en\/wp-json\/wp\/v2\/tags?post=41312"}],"curies":[{"name":"wp","href":"https:\/\/api.w.org\/{rel}","templated":true}]}}