{"id":41370,"date":"2022-04-22T09:37:50","date_gmt":"2022-04-22T07:37:50","guid":{"rendered":"https:\/\/www.inovallee.com\/?p=41370"},"modified":"2023-11-16T10:18:18","modified_gmt":"2023-11-16T09:18:18","slug":"collecte-d3e-une-seconde-vie-au-materiel-informatique-et-des-emplois-durables-pour-les-personnes-en-situation-de-handicap-2","status":"publish","type":"post","link":"https:\/\/www.inovallee.com\/en\/collecte-d3e-une-seconde-vie-au-materiel-informatique-et-des-emplois-durables-pour-les-personnes-en-situation-de-handicap-2\/","title":{"rendered":"Collecte D3E, une seconde vie au mat\u00e9riel informatique et des emplois durables pour les personnes en situation de handicap"},"content":{"rendered":"<h3>Les collectes D3E d\u2019inovall\u00e9e : bien plus qu\u2019un simple tri s\u00e9lectif, un v\u00e9ritable engagement vers l\u2019\u00e9conomie circulaire et sociale<strong><br \/>\n<\/strong><\/h3>\n<p>Trop souvent per\u00e7ues comme des \u00ab d\u00e9chetteries num\u00e9riques r\u00e8glementaires\u00bb, les collectes D3E mises en place sur l\u2019ensemble du <strong>territoire<\/strong> inovall\u00e9e sont un des piliers de l\u2019\u00e9conomie circulaire et du Green IT, deux valeurs largement port\u00e9es par l\u2019association inovall\u00e9e.<\/p>\n<p>En participant \u00e0 ces collectes, les entreprises font bien plus que d\u00e9stocker leur mat\u00e9riel v\u00e9tuste, elles donnent \u00e0 AFB l\u2019occasion de cr\u00e9er des emplois pour des personnes en situation de handicap, qui s\u2019att\u00e8lent \u00e0 reconditionner le mat\u00e9riel pour lui offrir une seconde vie.<\/p>\n<p>Quand on sait que les \u00e9tapes de fabrication et de valorisation des d\u00e9chets sont les deux phases les plus impactantes pour la plan\u00e8te, on mesure \u00e0 quel point prolonger la dur\u00e9e de vie des \u00e9quipements est au c\u0153ur des enjeux \u00e9cologiques et soci\u00e9taux..<\/p>\n<h4><strong>Prochaine collecte pr\u00e9vue le mardi 6 f\u00e9vrier 2024<\/strong><\/h4>\n<p>Si vous avez des \u00e9quipements D3E dont vous souhaitez renouveler, vous d\u00e9barrasser ou encore reconditionner, la collecte D3E est faite pour vous !<\/p>\n<ol>\n<li>Vous compl\u00e9tez le <a href=\"https:\/\/www.inovallee.com\/wp-content\/uploads\/2020\/06\/formulaire-inovallee_D3E.pdf\">formulaire avec la chek-list<\/a> du mat\u00e9riel \u00e0 r\u00e9cup\u00e9rer.<\/li>\n<li>Vous le transmettez \u00e0 <a href=\"mailto:accueil@inovallee.com\">accueil@inovallee.com avant le jeudi 1er f\u00e9vrier 2024.<\/a><\/li>\n<li>L\u2019\u00e9quipe d\u2019inovall\u00e9e vous contactera pour l\u2019heure de passage.<\/li>\n<\/ol>","protected":false},"excerpt":{"rendered":"<p>Les collectes D3E d\u2019inovall\u00e9e : bien plus qu\u2019un simple tri s\u00e9lectif, un v\u00e9ritable engagement vers l\u2019\u00e9conomie circulaire et sociale Trop souvent per\u00e7ues comme des \u00ab d\u00e9chetteries num\u00e9riques r\u00e8glementaires\u00bb, les collectes D3E mises en place sur l\u2019ensemble du territoire inovall\u00e9e sont un des piliers de l\u2019\u00e9conomie circulaire et du Green IT, deux valeurs largement port\u00e9es par [&hellip;]<\/p>\n","protected":false},"author":18,"featured_media":41372,"comment_status":"closed","ping_status":"open","sticky":false,"template":"","format":"standard","meta":{"footnotes":""},"categories":[1],"tags":[],"class_list":["post-41370","post","type-post","status-publish","format-standard","has-post-thumbnail","hentry","category-non-classe"],"yoast_head":"<!-- This site is optimized with the Yoast SEO plugin v27.4 - https:\/\/yoast.com\/product\/yoast-seo-wordpress\/ -->\n<title>Collecte D3E, une seconde vie au mat\u00e9riel informatique et des emplois durables pour les personnes en situation de handicap - inovall\u00e9e<\/title>\n<meta name=\"robots\" content=\"index, follow, max-snippet:-1, max-image-preview:large, max-video-preview:-1\" \/>\n<link rel=\"canonical\" href=\"https:\/\/www.inovallee.com\/en\/collecte-d3e-une-seconde-vie-au-materiel-informatique-et-des-emplois-durables-pour-les-personnes-en-situation-de-handicap-2\/\" \/>\n<meta property=\"og:locale\" content=\"en_GB\" \/>\n<meta property=\"og:type\" content=\"article\" \/>\n<meta property=\"og:title\" content=\"Collecte D3E, une seconde vie au mat\u00e9riel informatique et des emplois durables pour les personnes en situation de handicap - inovall\u00e9e\" \/>\n<meta property=\"og:description\" content=\"Les collectes D3E d\u2019inovall\u00e9e : bien plus qu\u2019un simple tri s\u00e9lectif, un v\u00e9ritable engagement vers l\u2019\u00e9conomie circulaire et sociale Trop souvent per\u00e7ues comme des \u00ab d\u00e9chetteries num\u00e9riques r\u00e8glementaires\u00bb, les collectes D3E mises en place sur l\u2019ensemble du territoire inovall\u00e9e sont un des piliers de l\u2019\u00e9conomie circulaire et du Green IT, deux valeurs largement port\u00e9es par [&hellip;]\" \/>\n<meta property=\"og:url\" content=\"https:\/\/www.inovallee.com\/en\/collecte-d3e-une-seconde-vie-au-materiel-informatique-et-des-emplois-durables-pour-les-personnes-en-situation-de-handicap-2\/\" \/>\n<meta property=\"og:site_name\" content=\"inovall\u00e9e\" \/>\n<meta property=\"article:publisher\" content=\"https:\/\/www.facebook.com\/technopoleinovallee\/\" \/>\n<meta property=\"article:published_time\" content=\"2022-04-22T07:37:50+00:00\" \/>\n<meta property=\"article:modified_time\" content=\"2023-11-16T09:18:18+00:00\" \/>\n<meta property=\"og:image\" content=\"https:\/\/www.inovallee.com\/wp-content\/uploads\/2022\/04\/AdobeStock_285016236.jpeg\" \/>\n\t<meta property=\"og:image:width\" content=\"2048\" \/>\n\t<meta property=\"og:image:height\" content=\"1538\" \/>\n\t<meta property=\"og:image:type\" content=\"image\/jpeg\" \/>\n<meta name=\"author\" content=\"Margaux De la Fuente\" \/>\n<meta name=\"twitter:card\" content=\"summary_large_image\" \/>\n<meta name=\"twitter:creator\" content=\"@inovallee\" \/>\n<meta name=\"twitter:site\" content=\"@inovallee\" \/>\n<meta name=\"twitter:label1\" content=\"Written by\" \/>\n\t<meta name=\"twitter:data1\" content=\"Margaux De la Fuente\" \/>\n\t<meta name=\"twitter:label2\" content=\"Estimated reading time\" \/>\n\t<meta name=\"twitter:data2\" content=\"2 minutes\" \/>\n<script type=\"application\/ld+json\" class=\"yoast-schema-graph\">{\"@context\":\"https:\\\/\\\/schema.org\",\"@graph\":[{\"@type\":\"Article\",\"@id\":\"https:\\\/\\\/www.inovallee.com\\\/collecte-d3e-une-seconde-vie-au-materiel-informatique-et-des-emplois-durables-pour-les-personnes-en-situation-de-handicap-2\\\/#article\",\"isPartOf\":{\"@id\":\"https:\\\/\\\/www.inovallee.com\\\/collecte-d3e-une-seconde-vie-au-materiel-informatique-et-des-emplois-durables-pour-les-personnes-en-situation-de-handicap-2\\\/\"},\"author\":{\"name\":\"Margaux De la Fuente\",\"@id\":\"https:\\\/\\\/www.inovallee.com\\\/#\\\/schema\\\/person\\\/92dc7fd313568f5cc54aba72aba732fe\"},\"headline\":\"Collecte D3E, une seconde vie au mat\u00e9riel informatique et des emplois durables pour les personnes en situation de handicap\",\"datePublished\":\"2022-04-22T07:37:50+00:00\",\"dateModified\":\"2023-11-16T09:18:18+00:00\",\"mainEntityOfPage\":{\"@id\":\"https:\\\/\\\/www.inovallee.com\\\/collecte-d3e-une-seconde-vie-au-materiel-informatique-et-des-emplois-durables-pour-les-personnes-en-situation-de-handicap-2\\\/\"},\"wordCount\":260,\"publisher\":{\"@id\":\"https:\\\/\\\/www.inovallee.com\\\/#organization\"},\"image\":{\"@id\":\"https:\\\/\\\/www.inovallee.com\\\/collecte-d3e-une-seconde-vie-au-materiel-informatique-et-des-emplois-durables-pour-les-personnes-en-situation-de-handicap-2\\\/#primaryimage\"},\"thumbnailUrl\":\"https:\\\/\\\/www.inovallee.com\\\/wp-content\\\/uploads\\\/2022\\\/04\\\/AdobeStock_285016236.jpeg\",\"articleSection\":[\"Non class\u00e9\"],\"inLanguage\":\"en-GB\"},{\"@type\":\"WebPage\",\"@id\":\"https:\\\/\\\/www.inovallee.com\\\/collecte-d3e-une-seconde-vie-au-materiel-informatique-et-des-emplois-durables-pour-les-personnes-en-situation-de-handicap-2\\\/\",\"url\":\"https:\\\/\\\/www.inovallee.com\\\/collecte-d3e-une-seconde-vie-au-materiel-informatique-et-des-emplois-durables-pour-les-personnes-en-situation-de-handicap-2\\\/\",\"name\":\"Collecte D3E, une seconde vie au mat\u00e9riel informatique et des emplois durables pour les personnes en situation de handicap - inovall\u00e9e\",\"isPartOf\":{\"@id\":\"https:\\\/\\\/www.inovallee.com\\\/#website\"},\"primaryImageOfPage\":{\"@id\":\"https:\\\/\\\/www.inovallee.com\\\/collecte-d3e-une-seconde-vie-au-materiel-informatique-et-des-emplois-durables-pour-les-personnes-en-situation-de-handicap-2\\\/#primaryimage\"},\"image\":{\"@id\":\"https:\\\/\\\/www.inovallee.com\\\/collecte-d3e-une-seconde-vie-au-materiel-informatique-et-des-emplois-durables-pour-les-personnes-en-situation-de-handicap-2\\\/#primaryimage\"},\"thumbnailUrl\":\"https:\\\/\\\/www.inovallee.com\\\/wp-content\\\/uploads\\\/2022\\\/04\\\/AdobeStock_285016236.jpeg\",\"datePublished\":\"2022-04-22T07:37:50+00:00\",\"dateModified\":\"2023-11-16T09:18:18+00:00\",\"breadcrumb\":{\"@id\":\"https:\\\/\\\/www.inovallee.com\\\/collecte-d3e-une-seconde-vie-au-materiel-informatique-et-des-emplois-durables-pour-les-personnes-en-situation-de-handicap-2\\\/#breadcrumb\"},\"inLanguage\":\"en-GB\",\"potentialAction\":[{\"@type\":\"ReadAction\",\"target\":[\"https:\\\/\\\/www.inovallee.com\\\/collecte-d3e-une-seconde-vie-au-materiel-informatique-et-des-emplois-durables-pour-les-personnes-en-situation-de-handicap-2\\\/\"]}]},{\"@type\":\"ImageObject\",\"inLanguage\":\"en-GB\",\"@id\":\"https:\\\/\\\/www.inovallee.com\\\/collecte-d3e-une-seconde-vie-au-materiel-informatique-et-des-emplois-durables-pour-les-personnes-en-situation-de-handicap-2\\\/#primaryimage\",\"url\":\"https:\\\/\\\/www.inovallee.com\\\/wp-content\\\/uploads\\\/2022\\\/04\\\/AdobeStock_285016236.jpeg\",\"contentUrl\":\"https:\\\/\\\/www.inovallee.com\\\/wp-content\\\/uploads\\\/2022\\\/04\\\/AdobeStock_285016236.jpeg\",\"width\":2048,\"height\":1538,\"caption\":\"Pile of Old Computer Cables and Devices\"},{\"@type\":\"BreadcrumbList\",\"@id\":\"https:\\\/\\\/www.inovallee.com\\\/collecte-d3e-une-seconde-vie-au-materiel-informatique-et-des-emplois-durables-pour-les-personnes-en-situation-de-handicap-2\\\/#breadcrumb\",\"itemListElement\":[{\"@type\":\"ListItem\",\"position\":1,\"name\":\"Accueil\",\"item\":\"https:\\\/\\\/www.inovallee.com\\\/\"},{\"@type\":\"ListItem\",\"position\":2,\"name\":\"Collecte D3E, une seconde vie au mat\u00e9riel informatique et des emplois durables pour les personnes en situation de handicap\"}]},{\"@type\":\"WebSite\",\"@id\":\"https:\\\/\\\/www.inovallee.com\\\/#website\",\"url\":\"https:\\\/\\\/www.inovallee.com\\\/\",\"name\":\"inovall\u00e9e technopole, Home to software & smart technologies\",\"description\":\"Home to software &amp; smart technologies\",\"publisher\":{\"@id\":\"https:\\\/\\\/www.inovallee.com\\\/#organization\"},\"potentialAction\":[{\"@type\":\"SearchAction\",\"target\":{\"@type\":\"EntryPoint\",\"urlTemplate\":\"https:\\\/\\\/www.inovallee.com\\\/?s={search_term_string}\"},\"query-input\":{\"@type\":\"PropertyValueSpecification\",\"valueRequired\":true,\"valueName\":\"search_term_string\"}}],\"inLanguage\":\"en-GB\"},{\"@type\":\"Organization\",\"@id\":\"https:\\\/\\\/www.inovallee.com\\\/#organization\",\"name\":\"inovall\u00e9e\",\"url\":\"https:\\\/\\\/www.inovallee.com\\\/\",\"logo\":{\"@type\":\"ImageObject\",\"inLanguage\":\"en-GB\",\"@id\":\"https:\\\/\\\/www.inovallee.com\\\/#\\\/schema\\\/logo\\\/image\\\/\",\"url\":\"https:\\\/\\\/www.inovallee.com\\\/wp-content\\\/uploads\\\/2023\\\/08\\\/inovallee_2022_GrenobleAlpes.png\",\"contentUrl\":\"https:\\\/\\\/www.inovallee.com\\\/wp-content\\\/uploads\\\/2023\\\/08\\\/inovallee_2022_GrenobleAlpes.png\",\"width\":945,\"height\":369,\"caption\":\"inovall\u00e9e\"},\"image\":{\"@id\":\"https:\\\/\\\/www.inovallee.com\\\/#\\\/schema\\\/logo\\\/image\\\/\"},\"sameAs\":[\"https:\\\/\\\/www.facebook.com\\\/technopoleinovallee\\\/\",\"https:\\\/\\\/x.com\\\/inovallee\",\"https:\\\/\\\/www.linkedin.com\\\/company\\\/inovall-e\\\/\",\"https:\\\/\\\/www.youtube.com\\\/user\\\/inovallee?reload=9\"]},{\"@type\":\"Person\",\"@id\":\"https:\\\/\\\/www.inovallee.com\\\/#\\\/schema\\\/person\\\/92dc7fd313568f5cc54aba72aba732fe\",\"name\":\"Margaux De la Fuente\"}]}<\/script>\n<!-- \/ Yoast SEO plugin. -->","yoast_head_json":{"title":"Collecte D3E, une seconde vie au mat\u00e9riel informatique et des emplois durables pour les personnes en situation de handicap - inovall\u00e9e","robots":{"index":"index","follow":"follow","max-snippet":"max-snippet:-1","max-image-preview":"max-image-preview:large","max-video-preview":"max-video-preview:-1"},"canonical":"https:\/\/www.inovallee.com\/en\/collecte-d3e-une-seconde-vie-au-materiel-informatique-et-des-emplois-durables-pour-les-personnes-en-situation-de-handicap-2\/","og_locale":"en_GB","og_type":"article","og_title":"Collecte D3E, une seconde vie au mat\u00e9riel informatique et des emplois durables pour les personnes en situation de handicap - inovall\u00e9e","og_description":"Les collectes D3E d\u2019inovall\u00e9e : bien plus qu\u2019un simple tri s\u00e9lectif, un v\u00e9ritable engagement vers l\u2019\u00e9conomie circulaire et sociale Trop souvent per\u00e7ues comme des \u00ab d\u00e9chetteries num\u00e9riques r\u00e8glementaires\u00bb, les collectes D3E mises en place sur l\u2019ensemble du territoire inovall\u00e9e sont un des piliers de l\u2019\u00e9conomie circulaire et du Green IT, deux valeurs largement port\u00e9es par [&hellip;]","og_url":"https:\/\/www.inovallee.com\/en\/collecte-d3e-une-seconde-vie-au-materiel-informatique-et-des-emplois-durables-pour-les-personnes-en-situation-de-handicap-2\/","og_site_name":"inovall\u00e9e","article_publisher":"https:\/\/www.facebook.com\/technopoleinovallee\/","article_published_time":"2022-04-22T07:37:50+00:00","article_modified_time":"2023-11-16T09:18:18+00:00","og_image":[{"width":2048,"height":1538,"url":"https:\/\/www.inovallee.com\/wp-content\/uploads\/2022\/04\/AdobeStock_285016236.jpeg","type":"image\/jpeg"}],"author":"Margaux De la Fuente","twitter_card":"summary_large_image","twitter_creator":"@inovallee","twitter_site":"@inovallee","twitter_misc":{"Written by":"Margaux De la Fuente","Estimated reading time":"2 minutes"},"schema":{"@context":"https:\/\/schema.org","@graph":[{"@type":"Article","@id":"https:\/\/www.inovallee.com\/collecte-d3e-une-seconde-vie-au-materiel-informatique-et-des-emplois-durables-pour-les-personnes-en-situation-de-handicap-2\/#article","isPartOf":{"@id":"https:\/\/www.inovallee.com\/collecte-d3e-une-seconde-vie-au-materiel-informatique-et-des-emplois-durables-pour-les-personnes-en-situation-de-handicap-2\/"},"author":{"name":"Margaux De la Fuente","@id":"https:\/\/www.inovallee.com\/#\/schema\/person\/92dc7fd313568f5cc54aba72aba732fe"},"headline":"Collecte D3E, une seconde vie au mat\u00e9riel informatique et des emplois durables pour les personnes en situation de handicap","datePublished":"2022-04-22T07:37:50+00:00","dateModified":"2023-11-16T09:18:18+00:00","mainEntityOfPage":{"@id":"https:\/\/www.inovallee.com\/collecte-d3e-une-seconde-vie-au-materiel-informatique-et-des-emplois-durables-pour-les-personnes-en-situation-de-handicap-2\/"},"wordCount":260,"publisher":{"@id":"https:\/\/www.inovallee.com\/#organization"},"image":{"@id":"https:\/\/www.inovallee.com\/collecte-d3e-une-seconde-vie-au-materiel-informatique-et-des-emplois-durables-pour-les-personnes-en-situation-de-handicap-2\/#primaryimage"},"thumbnailUrl":"https:\/\/www.inovallee.com\/wp-content\/uploads\/2022\/04\/AdobeStock_285016236.jpeg","articleSection":["Non class\u00e9"],"inLanguage":"en-GB"},{"@type":"WebPage","@id":"https:\/\/www.inovallee.com\/collecte-d3e-une-seconde-vie-au-materiel-informatique-et-des-emplois-durables-pour-les-personnes-en-situation-de-handicap-2\/","url":"https:\/\/www.inovallee.com\/collecte-d3e-une-seconde-vie-au-materiel-informatique-et-des-emplois-durables-pour-les-personnes-en-situation-de-handicap-2\/","name":"Collecte D3E, une seconde vie au mat\u00e9riel informatique et des emplois durables pour les personnes en situation de handicap - inovall\u00e9e","isPartOf":{"@id":"https:\/\/www.inovallee.com\/#website"},"primaryImageOfPage":{"@id":"https:\/\/www.inovallee.com\/collecte-d3e-une-seconde-vie-au-materiel-informatique-et-des-emplois-durables-pour-les-personnes-en-situation-de-handicap-2\/#primaryimage"},"image":{"@id":"https:\/\/www.inovallee.com\/collecte-d3e-une-seconde-vie-au-materiel-informatique-et-des-emplois-durables-pour-les-personnes-en-situation-de-handicap-2\/#primaryimage"},"thumbnailUrl":"https:\/\/www.inovallee.com\/wp-content\/uploads\/2022\/04\/AdobeStock_285016236.jpeg","datePublished":"2022-04-22T07:37:50+00:00","dateModified":"2023-11-16T09:18:18+00:00","breadcrumb":{"@id":"https:\/\/www.inovallee.com\/collecte-d3e-une-seconde-vie-au-materiel-informatique-et-des-emplois-durables-pour-les-personnes-en-situation-de-handicap-2\/#breadcrumb"},"inLanguage":"en-GB","potentialAction":[{"@type":"ReadAction","target":["https:\/\/www.inovallee.com\/collecte-d3e-une-seconde-vie-au-materiel-informatique-et-des-emplois-durables-pour-les-personnes-en-situation-de-handicap-2\/"]}]},{"@type":"ImageObject","inLanguage":"en-GB","@id":"https:\/\/www.inovallee.com\/collecte-d3e-une-seconde-vie-au-materiel-informatique-et-des-emplois-durables-pour-les-personnes-en-situation-de-handicap-2\/#primaryimage","url":"https:\/\/www.inovallee.com\/wp-content\/uploads\/2022\/04\/AdobeStock_285016236.jpeg","contentUrl":"https:\/\/www.inovallee.com\/wp-content\/uploads\/2022\/04\/AdobeStock_285016236.jpeg","width":2048,"height":1538,"caption":"Pile of Old Computer Cables and Devices"},{"@type":"BreadcrumbList","@id":"https:\/\/www.inovallee.com\/collecte-d3e-une-seconde-vie-au-materiel-informatique-et-des-emplois-durables-pour-les-personnes-en-situation-de-handicap-2\/#breadcrumb","itemListElement":[{"@type":"ListItem","position":1,"name":"Accueil","item":"https:\/\/www.inovallee.com\/"},{"@type":"ListItem","position":2,"name":"Collecte D3E, une seconde vie au mat\u00e9riel informatique et des emplois durables pour les personnes en situation de handicap"}]},{"@type":"WebSite","@id":"https:\/\/www.inovallee.com\/#website","url":"https:\/\/www.inovallee.com\/","name":"inovall\u00e9e technopole, Home to software & smart technologies","description":"Home to software &amp; smart technologies","publisher":{"@id":"https:\/\/www.inovallee.com\/#organization"},"potentialAction":[{"@type":"SearchAction","target":{"@type":"EntryPoint","urlTemplate":"https:\/\/www.inovallee.com\/?s={search_term_string}"},"query-input":{"@type":"PropertyValueSpecification","valueRequired":true,"valueName":"search_term_string"}}],"inLanguage":"en-GB"},{"@type":"Organization","@id":"https:\/\/www.inovallee.com\/#organization","name":"inovall\u00e9e","url":"https:\/\/www.inovallee.com\/","logo":{"@type":"ImageObject","inLanguage":"en-GB","@id":"https:\/\/www.inovallee.com\/#\/schema\/logo\/image\/","url":"https:\/\/www.inovallee.com\/wp-content\/uploads\/2023\/08\/inovallee_2022_GrenobleAlpes.png","contentUrl":"https:\/\/www.inovallee.com\/wp-content\/uploads\/2023\/08\/inovallee_2022_GrenobleAlpes.png","width":945,"height":369,"caption":"inovall\u00e9e"},"image":{"@id":"https:\/\/www.inovallee.com\/#\/schema\/logo\/image\/"},"sameAs":["https:\/\/www.facebook.com\/technopoleinovallee\/","https:\/\/x.com\/inovallee","https:\/\/www.linkedin.com\/company\/inovall-e\/","https:\/\/www.youtube.com\/user\/inovallee?reload=9"]},{"@type":"Person","@id":"https:\/\/www.inovallee.com\/#\/schema\/person\/92dc7fd313568f5cc54aba72aba732fe","name":"Margaux De la Fuente"}]}},"_links":{"self":[{"href":"https:\/\/www.inovallee.com\/en\/wp-json\/wp\/v2\/posts\/41370","targetHints":{"allow":["GET"]}}],"collection":[{"href":"https:\/\/www.inovallee.com\/en\/wp-json\/wp\/v2\/posts"}],"about":[{"href":"https:\/\/www.inovallee.com\/en\/wp-json\/wp\/v2\/types\/post"}],"author":[{"embeddable":true,"href":"https:\/\/www.inovallee.com\/en\/wp-json\/wp\/v2\/users\/18"}],"replies":[{"embeddable":true,"href":"https:\/\/www.inovallee.com\/en\/wp-json\/wp\/v2\/comments?post=41370"}],"version-history":[{"count":2,"href":"https:\/\/www.inovallee.com\/en\/wp-json\/wp\/v2\/posts\/41370\/revisions"}],"predecessor-version":[{"id":49446,"href":"https:\/\/www.inovallee.com\/en\/wp-json\/wp\/v2\/posts\/41370\/revisions\/49446"}],"wp:featuredmedia":[{"embeddable":true,"href":"https:\/\/www.inovallee.com\/en\/wp-json\/wp\/v2\/media\/41372"}],"wp:attachment":[{"href":"https:\/\/www.inovallee.com\/en\/wp-json\/wp\/v2\/media?parent=41370"}],"wp:term":[{"taxonomy":"category","embeddable":true,"href":"https:\/\/www.inovallee.com\/en\/wp-json\/wp\/v2\/categories?post=41370"},{"taxonomy":"post_tag","embeddable":true,"href":"https:\/\/www.inovallee.com\/en\/wp-json\/wp\/v2\/tags?post=41370"}],"curies":[{"name":"wp","href":"https:\/\/api.w.org\/{rel}","templated":true}]}}