{"id":42527,"date":"2022-07-05T11:30:17","date_gmt":"2022-07-05T09:30:17","guid":{"rendered":"https:\/\/www.inovallee.com\/?p=42527"},"modified":"2023-09-13T15:09:56","modified_gmt":"2023-09-13T13:09:56","slug":"faites-vous-accompagner-gratuitement-dans-votre-plan-de-mobilite-employeur-et-rejoignez-la-dynamique-collective-sur-inovallee","status":"publish","type":"post","link":"https:\/\/www.inovallee.com\/en\/faites-vous-accompagner-gratuitement-dans-votre-plan-de-mobilite-employeur-et-rejoignez-la-dynamique-collective-sur-inovallee\/","title":{"rendered":"Fa\u00eetes vous accompagner gratuitement dans votre plan de mobilit\u00e9 employeur et rejoignez la dynamique collective sur inovall\u00e9e"},"content":{"rendered":"<div data-elementor-type=\"wp-post\" data-elementor-id=\"42527\" class=\"elementor elementor-42527\" data-elementor-post-type=\"post\">\n\t\t\t\t\t\t<section class=\"elementor-section elementor-top-section elementor-element elementor-element-2e0190c0 elementor-section-boxed elementor-section-height-default elementor-section-height-default\" data-id=\"2e0190c0\" data-element_type=\"section\" data-e-type=\"section\">\n\t\t\t\t\t\t<div class=\"elementor-container elementor-column-gap-default\">\n\t\t\t\t\t<div class=\"elementor-column elementor-col-100 elementor-top-column elementor-element elementor-element-401f4dff\" data-id=\"401f4dff\" data-element_type=\"column\" data-e-type=\"column\">\n\t\t\t<div class=\"elementor-widget-wrap elementor-element-populated\">\n\t\t\t\t\t\t<div class=\"elementor-element elementor-element-2e35b08f elementor-widget elementor-widget-text-editor\" data-id=\"2e35b08f\" data-element_type=\"widget\" data-e-type=\"widget\" data-widget_type=\"text-editor.default\">\n\t\t\t\t<div class=\"elementor-widget-container\">\n\t\t\t\t\t\t\t\t\t\n<p>Inovall\u00e9e poursuit donc son PDMEC, Plan de Mobilit\u00e9 Employeur Commun, qui a \u00e9t\u00e9 lanc\u00e9 pour rassembler les entreprises de la technopole dans une dynamique collective sur la mobilit\u00e9 durable en partenariat avec le SMMAG. Le d\u00e9veloppement des modes alternatifs \u00e0 la voiture individuelle est au coeur des sujets dans l\u2019entreprise pour favoriser le bien-\u00eatre des collaborateurs, valoriser la QVT et la marque employeur, au-del\u00e0 de son objectif environnemental et \u00e9co-responsable.<\/p>\n\n<p><strong>Inovall\u00e9e invite toutes les entreprises \u00e0 mettre en place des plans de mobilit\u00e9 employeurs au sein de leur structure afin d\u2019inciter les collaborateurs \u00e0 adopter des modes de transports doux pour leurs d\u00e9placements domicile-travail et professionnels et ainsi valoriser cette d\u00e9marche avec le plus grand nombre.<\/strong><\/p>\n\n<p>Le PDMEC permet de mutualiser les d\u00e9marches des Plans de Mobilit\u00e9 Employeur en compl\u00e9ment d\u2019un accompagnement individualis\u00e9 et cr\u00e9er une dynamique collective mobilit\u00e9 engag\u00e9e. En rejoignant le PDMEC, vous r\u00e9alisez (ou renforcez) vos premi\u00e8res d\u00e9marches RSE en faveur de la mobilit\u00e9 douce pour la qualit\u00e9 de vie au travail de vos collaborateurs en les accompagnant vers de nouveaux modes de transport et en valorisant votre marque employeur.<\/p>\n\n<h2 class=\"wp-block-heading\"><strong>M\u2019PRO, le dispositif d\u2019accompagnement gratuit<\/strong><\/h2>\n\n<p>La mise en place d\u2019un plan de mobilit\u00e9 employeur au sein de votre entreprise peut \u00eatre encadr\u00e9e par le dispositif d\u2019accompagnement gratuit M\u2019PRO destin\u00e9 aux employeurs.<\/p>\n\n<p><strong>C\u2019est gratuit et vous \u00eates accompagn\u00e9 par un charg\u00e9 de missions qui vous apporte toute l\u2019assistance technique et les outils n\u00e9cessaires pour mettre en oeuvre, animer et p\u00e9renniser votre d\u00e9marche plan de mobilit\u00e9 employeur aupr\u00e8s de vos collaborateurs.<\/strong><\/p>\n\n<h6><strong>Comment\u00a0?<\/strong><\/h6>\n\n<h6><strong>En signant la convention M\u2019PRO avec le SMMAG, Syndicat Mixte des Mobilit\u00e9s de l\u2019Aire Grenobloise.<\/strong><\/h6>\n\n<p>En signant la convention M\u2019PRO, le SMMAG s\u2019engage \u00e0 vous accompagner sur une p\u00e9riode de 3 ans dans la mise en oeuvre de votre plan de mobilit\u00e9 employeur en 6 \u00e9tapes :<\/p>\n\n<ul>\n<li>Identifier un r\u00e9f\u00e9rent M&rsquo;PRO et signer la convention<\/li>\n<li>Initier la d\u00e9marche M&rsquo;PRO<\/li>\n<li>R\u00e9aliser le diagnostic Mobilit\u00e9<\/li>\n<li>D\u00e9finir le plan d&rsquo;actions Mobilit\u00e9<\/li>\n<li>Mettre en oeuvre et suivre le plan d&rsquo;actions<\/li>\n<li>\u00c9valuer le plan d&rsquo;actions<\/li>\n<\/ul>\n<p>De votre c\u00f4t\u00e9, vous vous engagez sur 5 actions obligatoires en compl\u00e9ment des actions que vous mettrez en oeuvre pour vos collaborateurs :<\/p>\n\n<p><strong>1. Participer aux rencontres Mobilit\u00e9 (mini 1 fois\/an)<\/strong><\/p>\n<p><strong>2. Suivre la mise en oeuvre des actions \u00e0 l\u2019aide des indicateurs propos\u00e9s notamment en :<\/strong><\/p>\n<ul>\n<li style=\"list-style-type: none;\">\n<ul>\n<li>Renseignant l\u2019espace num\u00e9rique M\u2019PRO : \u00e9tat des lieux initial, mise \u00e0 jour annuelle des actions, indicateurs, nombre d\u2019abonnements transports rembours\u00e9s, r\u00e9alisation d\u2019un \u00e9tat des lieux au bout de 3 ans,<\/li>\n<\/ul>\n<\/li>\n<\/ul>\n\n<ul class=\"wp-block-list\">\n<li style=\"list-style-type: none;\">\n<ul>\n<li>Rencontrant une fois par an la.le charg\u00e9.e de mission affect\u00e9.e au suivi du projet.<\/li>\n<\/ul>\n<\/li>\n<\/ul>\n\n<p><strong>3. Allouer les moyens n\u00e9cessaires pour l\u2019animation, le suivi et la mise en oeuvre du plan d\u2019actions en d\u00e9signant notamment un r\u00e9f\u00e9rent unique qui a pour fonction de suivre, d&rsquo;animer le Plan De Mobilit\u00e9 Employeur et d&rsquo;\u00eatre l&rsquo;interlocuteur des diff\u00e9rents partenaires<\/strong><\/p>\n<p><strong><\/strong><\/p>\n<p><strong>4 Participer au Challenge Mobilit\u00e9 Auvergne-Rh\u00f4ne-Alpes<\/strong><\/p>\n<p><strong><\/strong><\/p>\n<p><strong>5 Diffuser l\u2019information mobilit\u00e9 du SMMAG : newsletter, plans des r\u00e9seaux, fiches horaires, application M, pics de pollution, etc\u2026<\/strong><\/p>\n\n<h2 class=\"wp-block-heading\"><strong>En route pour la dynamique collective..<\/strong><\/h2>\n\n<p>Inovall\u00e9e a pour r\u00f4le dans ce PDMEC de mobiliser les entreprises et d\u2019animer cette dynamique collective au service de la mobilit\u00e9 douce. Rassembler les entreprises, organiser des rencontres lors d\u2019\u00e9v\u00e9nements et proposer des actions collectives pour sensibiliser, inciter et faciliter les collaborateurs \u00e0 choisir des modes de transport doux.<\/p>\n\n<p>Des ateliers seront organis\u00e9s \u00e0 la rentr\u00e9e pour poursuivre nos d\u00e9marches et p\u00e9renniser le PDMEC. Le but \u00e9tant de r\u00e9unir des id\u00e9es, projets ou actions qui sont souvent isol\u00e9s et parfois sans r\u00e9sultat \u00e0 l\u2019\u00e9chelle d\u2019une entreprise, mais qui peuvent fonctionner \u00e0 l\u2019\u00e9chelle de la technopole, tel que la mise en place d\u2019une plateforme de covoiturage unique.<\/p>\n\n<h5><strong>Si vous souhaitez +d\u2019infos et b\u00e9n\u00e9ficier du dispositif M\u2019PRO, ou rejoindre la dynamique collective mobilit\u00e9 douce sur inovall\u00e9e, <a href=\"mailto:m.delafuente@inovallee.com\">contactez nous<\/a>.<\/strong><\/h5>\n\t\t\t\t\t\t\t\t<\/div>\n\t\t\t\t<\/div>\n\t\t\t\t\t<\/div>\n\t\t<\/div>\n\t\t\t\t\t<\/div>\n\t\t<\/section>\n\t\t\t\t<\/div>","protected":false},"excerpt":{"rendered":"<p>Inovall\u00e9e poursuit donc son PDMEC, Plan de Mobilit\u00e9 Employeur Commun, qui a \u00e9t\u00e9 lanc\u00e9 pour rassembler les entreprises de la technopole dans une dynamique collective sur la mobilit\u00e9 durable en partenariat avec le SMMAG. Le d\u00e9veloppement des modes alternatifs \u00e0 la voiture individuelle est au coeur des sujets dans l\u2019entreprise pour favoriser le bien-\u00eatre des [&hellip;]<\/p>\n","protected":false},"author":18,"featured_media":42528,"comment_status":"closed","ping_status":"open","sticky":false,"template":"","format":"standard","meta":{"footnotes":""},"categories":[37,33],"tags":[1452,1193],"class_list":["post-42527","post","type-post","status-publish","format-standard","has-post-thumbnail","hentry","category-my-ino","category-transport-mobilite-durable","tag-mpro","tag-pdmec"],"yoast_head":"<!-- This site is optimized with the Yoast SEO plugin v27.4 - https:\/\/yoast.com\/product\/yoast-seo-wordpress\/ -->\n<title>Fa\u00eetes vous accompagner gratuitement dans votre plan de mobilit\u00e9 employeur et rejoignez la dynamique collective sur inovall\u00e9e - inovall\u00e9e<\/title>\n<meta name=\"robots\" content=\"index, follow, max-snippet:-1, max-image-preview:large, max-video-preview:-1\" \/>\n<link rel=\"canonical\" href=\"https:\/\/www.inovallee.com\/en\/faites-vous-accompagner-gratuitement-dans-votre-plan-de-mobilite-employeur-et-rejoignez-la-dynamique-collective-sur-inovallee\/\" \/>\n<meta property=\"og:locale\" content=\"en_GB\" \/>\n<meta property=\"og:type\" content=\"article\" \/>\n<meta property=\"og:title\" content=\"Fa\u00eetes vous accompagner gratuitement dans votre plan de mobilit\u00e9 employeur et rejoignez la dynamique collective sur inovall\u00e9e - inovall\u00e9e\" \/>\n<meta property=\"og:description\" content=\"Inovall\u00e9e poursuit donc son PDMEC, Plan de Mobilit\u00e9 Employeur Commun, qui a \u00e9t\u00e9 lanc\u00e9 pour rassembler les entreprises de la technopole dans une dynamique collective sur la mobilit\u00e9 durable en partenariat avec le SMMAG. Le d\u00e9veloppement des modes alternatifs \u00e0 la voiture individuelle est au coeur des sujets dans l\u2019entreprise pour favoriser le bien-\u00eatre des [&hellip;]\" \/>\n<meta property=\"og:url\" content=\"https:\/\/www.inovallee.com\/en\/faites-vous-accompagner-gratuitement-dans-votre-plan-de-mobilite-employeur-et-rejoignez-la-dynamique-collective-sur-inovallee\/\" \/>\n<meta property=\"og:site_name\" content=\"inovall\u00e9e\" \/>\n<meta property=\"article:publisher\" content=\"https:\/\/www.facebook.com\/technopoleinovallee\/\" \/>\n<meta property=\"article:published_time\" content=\"2022-07-05T09:30:17+00:00\" \/>\n<meta property=\"article:modified_time\" content=\"2023-09-13T13:09:56+00:00\" \/>\n<meta property=\"og:image\" content=\"https:\/\/www.inovallee.com\/wp-content\/uploads\/2022\/07\/MPro_2019_new_500x500.png\" \/>\n\t<meta property=\"og:image:width\" content=\"500\" \/>\n\t<meta property=\"og:image:height\" content=\"500\" \/>\n\t<meta property=\"og:image:type\" content=\"image\/png\" \/>\n<meta name=\"author\" content=\"Margaux De la Fuente\" \/>\n<meta name=\"twitter:card\" content=\"summary_large_image\" \/>\n<meta name=\"twitter:creator\" content=\"@inovallee\" \/>\n<meta name=\"twitter:site\" content=\"@inovallee\" \/>\n<meta name=\"twitter:label1\" content=\"Written by\" \/>\n\t<meta name=\"twitter:data1\" content=\"Margaux De la Fuente\" \/>\n\t<meta name=\"twitter:label2\" content=\"Estimated reading time\" \/>\n\t<meta name=\"twitter:data2\" content=\"4 minutes\" \/>\n<script type=\"application\/ld+json\" class=\"yoast-schema-graph\">{\"@context\":\"https:\\\/\\\/schema.org\",\"@graph\":[{\"@type\":\"Article\",\"@id\":\"https:\\\/\\\/www.inovallee.com\\\/faites-vous-accompagner-gratuitement-dans-votre-plan-de-mobilite-employeur-et-rejoignez-la-dynamique-collective-sur-inovallee\\\/#article\",\"isPartOf\":{\"@id\":\"https:\\\/\\\/www.inovallee.com\\\/faites-vous-accompagner-gratuitement-dans-votre-plan-de-mobilite-employeur-et-rejoignez-la-dynamique-collective-sur-inovallee\\\/\"},\"author\":{\"name\":\"Margaux De la Fuente\",\"@id\":\"https:\\\/\\\/www.inovallee.com\\\/#\\\/schema\\\/person\\\/92dc7fd313568f5cc54aba72aba732fe\"},\"headline\":\"Fa\u00eetes vous accompagner gratuitement dans votre plan de mobilit\u00e9 employeur et rejoignez la dynamique collective sur inovall\u00e9e\",\"datePublished\":\"2022-07-05T09:30:17+00:00\",\"dateModified\":\"2023-09-13T13:09:56+00:00\",\"mainEntityOfPage\":{\"@id\":\"https:\\\/\\\/www.inovallee.com\\\/faites-vous-accompagner-gratuitement-dans-votre-plan-de-mobilite-employeur-et-rejoignez-la-dynamique-collective-sur-inovallee\\\/\"},\"wordCount\":710,\"publisher\":{\"@id\":\"https:\\\/\\\/www.inovallee.com\\\/#organization\"},\"image\":{\"@id\":\"https:\\\/\\\/www.inovallee.com\\\/faites-vous-accompagner-gratuitement-dans-votre-plan-de-mobilite-employeur-et-rejoignez-la-dynamique-collective-sur-inovallee\\\/#primaryimage\"},\"thumbnailUrl\":\"https:\\\/\\\/www.inovallee.com\\\/wp-content\\\/uploads\\\/2022\\\/07\\\/MPro_2019_new_500x500.png\",\"keywords\":[\"M&#039;PRO\",\"PDMEC\"],\"articleSection\":[\"My Ino : Vivre &amp; travailler sur inovall\u00e9e\",\"Transport et mobilit\u00e9 durable\"],\"inLanguage\":\"en-GB\"},{\"@type\":\"WebPage\",\"@id\":\"https:\\\/\\\/www.inovallee.com\\\/faites-vous-accompagner-gratuitement-dans-votre-plan-de-mobilite-employeur-et-rejoignez-la-dynamique-collective-sur-inovallee\\\/\",\"url\":\"https:\\\/\\\/www.inovallee.com\\\/faites-vous-accompagner-gratuitement-dans-votre-plan-de-mobilite-employeur-et-rejoignez-la-dynamique-collective-sur-inovallee\\\/\",\"name\":\"Fa\u00eetes vous accompagner gratuitement dans votre plan de mobilit\u00e9 employeur et rejoignez la dynamique collective sur inovall\u00e9e - inovall\u00e9e\",\"isPartOf\":{\"@id\":\"https:\\\/\\\/www.inovallee.com\\\/#website\"},\"primaryImageOfPage\":{\"@id\":\"https:\\\/\\\/www.inovallee.com\\\/faites-vous-accompagner-gratuitement-dans-votre-plan-de-mobilite-employeur-et-rejoignez-la-dynamique-collective-sur-inovallee\\\/#primaryimage\"},\"image\":{\"@id\":\"https:\\\/\\\/www.inovallee.com\\\/faites-vous-accompagner-gratuitement-dans-votre-plan-de-mobilite-employeur-et-rejoignez-la-dynamique-collective-sur-inovallee\\\/#primaryimage\"},\"thumbnailUrl\":\"https:\\\/\\\/www.inovallee.com\\\/wp-content\\\/uploads\\\/2022\\\/07\\\/MPro_2019_new_500x500.png\",\"datePublished\":\"2022-07-05T09:30:17+00:00\",\"dateModified\":\"2023-09-13T13:09:56+00:00\",\"breadcrumb\":{\"@id\":\"https:\\\/\\\/www.inovallee.com\\\/faites-vous-accompagner-gratuitement-dans-votre-plan-de-mobilite-employeur-et-rejoignez-la-dynamique-collective-sur-inovallee\\\/#breadcrumb\"},\"inLanguage\":\"en-GB\",\"potentialAction\":[{\"@type\":\"ReadAction\",\"target\":[\"https:\\\/\\\/www.inovallee.com\\\/faites-vous-accompagner-gratuitement-dans-votre-plan-de-mobilite-employeur-et-rejoignez-la-dynamique-collective-sur-inovallee\\\/\"]}]},{\"@type\":\"ImageObject\",\"inLanguage\":\"en-GB\",\"@id\":\"https:\\\/\\\/www.inovallee.com\\\/faites-vous-accompagner-gratuitement-dans-votre-plan-de-mobilite-employeur-et-rejoignez-la-dynamique-collective-sur-inovallee\\\/#primaryimage\",\"url\":\"https:\\\/\\\/www.inovallee.com\\\/wp-content\\\/uploads\\\/2022\\\/07\\\/MPro_2019_new_500x500.png\",\"contentUrl\":\"https:\\\/\\\/www.inovallee.com\\\/wp-content\\\/uploads\\\/2022\\\/07\\\/MPro_2019_new_500x500.png\",\"width\":500,\"height\":500},{\"@type\":\"BreadcrumbList\",\"@id\":\"https:\\\/\\\/www.inovallee.com\\\/faites-vous-accompagner-gratuitement-dans-votre-plan-de-mobilite-employeur-et-rejoignez-la-dynamique-collective-sur-inovallee\\\/#breadcrumb\",\"itemListElement\":[{\"@type\":\"ListItem\",\"position\":1,\"name\":\"Accueil\",\"item\":\"https:\\\/\\\/www.inovallee.com\\\/\"},{\"@type\":\"ListItem\",\"position\":2,\"name\":\"Fa\u00eetes vous accompagner gratuitement dans votre plan de mobilit\u00e9 employeur et rejoignez la dynamique collective sur inovall\u00e9e\"}]},{\"@type\":\"WebSite\",\"@id\":\"https:\\\/\\\/www.inovallee.com\\\/#website\",\"url\":\"https:\\\/\\\/www.inovallee.com\\\/\",\"name\":\"inovall\u00e9e technopole, Home to software & smart technologies\",\"description\":\"Home to software &amp; smart technologies\",\"publisher\":{\"@id\":\"https:\\\/\\\/www.inovallee.com\\\/#organization\"},\"potentialAction\":[{\"@type\":\"SearchAction\",\"target\":{\"@type\":\"EntryPoint\",\"urlTemplate\":\"https:\\\/\\\/www.inovallee.com\\\/?s={search_term_string}\"},\"query-input\":{\"@type\":\"PropertyValueSpecification\",\"valueRequired\":true,\"valueName\":\"search_term_string\"}}],\"inLanguage\":\"en-GB\"},{\"@type\":\"Organization\",\"@id\":\"https:\\\/\\\/www.inovallee.com\\\/#organization\",\"name\":\"inovall\u00e9e\",\"url\":\"https:\\\/\\\/www.inovallee.com\\\/\",\"logo\":{\"@type\":\"ImageObject\",\"inLanguage\":\"en-GB\",\"@id\":\"https:\\\/\\\/www.inovallee.com\\\/#\\\/schema\\\/logo\\\/image\\\/\",\"url\":\"https:\\\/\\\/www.inovallee.com\\\/wp-content\\\/uploads\\\/2023\\\/08\\\/inovallee_2022_GrenobleAlpes.png\",\"contentUrl\":\"https:\\\/\\\/www.inovallee.com\\\/wp-content\\\/uploads\\\/2023\\\/08\\\/inovallee_2022_GrenobleAlpes.png\",\"width\":945,\"height\":369,\"caption\":\"inovall\u00e9e\"},\"image\":{\"@id\":\"https:\\\/\\\/www.inovallee.com\\\/#\\\/schema\\\/logo\\\/image\\\/\"},\"sameAs\":[\"https:\\\/\\\/www.facebook.com\\\/technopoleinovallee\\\/\",\"https:\\\/\\\/x.com\\\/inovallee\",\"https:\\\/\\\/www.linkedin.com\\\/company\\\/inovall-e\\\/\",\"https:\\\/\\\/www.youtube.com\\\/user\\\/inovallee?reload=9\"]},{\"@type\":\"Person\",\"@id\":\"https:\\\/\\\/www.inovallee.com\\\/#\\\/schema\\\/person\\\/92dc7fd313568f5cc54aba72aba732fe\",\"name\":\"Margaux De la Fuente\"}]}<\/script>\n<!-- \/ Yoast SEO plugin. -->","yoast_head_json":{"title":"Fa\u00eetes vous accompagner gratuitement dans votre plan de mobilit\u00e9 employeur et rejoignez la dynamique collective sur inovall\u00e9e - inovall\u00e9e","robots":{"index":"index","follow":"follow","max-snippet":"max-snippet:-1","max-image-preview":"max-image-preview:large","max-video-preview":"max-video-preview:-1"},"canonical":"https:\/\/www.inovallee.com\/en\/faites-vous-accompagner-gratuitement-dans-votre-plan-de-mobilite-employeur-et-rejoignez-la-dynamique-collective-sur-inovallee\/","og_locale":"en_GB","og_type":"article","og_title":"Fa\u00eetes vous accompagner gratuitement dans votre plan de mobilit\u00e9 employeur et rejoignez la dynamique collective sur inovall\u00e9e - inovall\u00e9e","og_description":"Inovall\u00e9e poursuit donc son PDMEC, Plan de Mobilit\u00e9 Employeur Commun, qui a \u00e9t\u00e9 lanc\u00e9 pour rassembler les entreprises de la technopole dans une dynamique collective sur la mobilit\u00e9 durable en partenariat avec le SMMAG. Le d\u00e9veloppement des modes alternatifs \u00e0 la voiture individuelle est au coeur des sujets dans l\u2019entreprise pour favoriser le bien-\u00eatre des [&hellip;]","og_url":"https:\/\/www.inovallee.com\/en\/faites-vous-accompagner-gratuitement-dans-votre-plan-de-mobilite-employeur-et-rejoignez-la-dynamique-collective-sur-inovallee\/","og_site_name":"inovall\u00e9e","article_publisher":"https:\/\/www.facebook.com\/technopoleinovallee\/","article_published_time":"2022-07-05T09:30:17+00:00","article_modified_time":"2023-09-13T13:09:56+00:00","og_image":[{"width":500,"height":500,"url":"https:\/\/www.inovallee.com\/wp-content\/uploads\/2022\/07\/MPro_2019_new_500x500.png","type":"image\/png"}],"author":"Margaux De la Fuente","twitter_card":"summary_large_image","twitter_creator":"@inovallee","twitter_site":"@inovallee","twitter_misc":{"Written by":"Margaux De la Fuente","Estimated reading time":"4 minutes"},"schema":{"@context":"https:\/\/schema.org","@graph":[{"@type":"Article","@id":"https:\/\/www.inovallee.com\/faites-vous-accompagner-gratuitement-dans-votre-plan-de-mobilite-employeur-et-rejoignez-la-dynamique-collective-sur-inovallee\/#article","isPartOf":{"@id":"https:\/\/www.inovallee.com\/faites-vous-accompagner-gratuitement-dans-votre-plan-de-mobilite-employeur-et-rejoignez-la-dynamique-collective-sur-inovallee\/"},"author":{"name":"Margaux De la Fuente","@id":"https:\/\/www.inovallee.com\/#\/schema\/person\/92dc7fd313568f5cc54aba72aba732fe"},"headline":"Fa\u00eetes vous accompagner gratuitement dans votre plan de mobilit\u00e9 employeur et rejoignez la dynamique collective sur inovall\u00e9e","datePublished":"2022-07-05T09:30:17+00:00","dateModified":"2023-09-13T13:09:56+00:00","mainEntityOfPage":{"@id":"https:\/\/www.inovallee.com\/faites-vous-accompagner-gratuitement-dans-votre-plan-de-mobilite-employeur-et-rejoignez-la-dynamique-collective-sur-inovallee\/"},"wordCount":710,"publisher":{"@id":"https:\/\/www.inovallee.com\/#organization"},"image":{"@id":"https:\/\/www.inovallee.com\/faites-vous-accompagner-gratuitement-dans-votre-plan-de-mobilite-employeur-et-rejoignez-la-dynamique-collective-sur-inovallee\/#primaryimage"},"thumbnailUrl":"https:\/\/www.inovallee.com\/wp-content\/uploads\/2022\/07\/MPro_2019_new_500x500.png","keywords":["M&#039;PRO","PDMEC"],"articleSection":["My Ino : Vivre &amp; travailler sur inovall\u00e9e","Transport et mobilit\u00e9 durable"],"inLanguage":"en-GB"},{"@type":"WebPage","@id":"https:\/\/www.inovallee.com\/faites-vous-accompagner-gratuitement-dans-votre-plan-de-mobilite-employeur-et-rejoignez-la-dynamique-collective-sur-inovallee\/","url":"https:\/\/www.inovallee.com\/faites-vous-accompagner-gratuitement-dans-votre-plan-de-mobilite-employeur-et-rejoignez-la-dynamique-collective-sur-inovallee\/","name":"Fa\u00eetes vous accompagner gratuitement dans votre plan de mobilit\u00e9 employeur et rejoignez la dynamique collective sur inovall\u00e9e - inovall\u00e9e","isPartOf":{"@id":"https:\/\/www.inovallee.com\/#website"},"primaryImageOfPage":{"@id":"https:\/\/www.inovallee.com\/faites-vous-accompagner-gratuitement-dans-votre-plan-de-mobilite-employeur-et-rejoignez-la-dynamique-collective-sur-inovallee\/#primaryimage"},"image":{"@id":"https:\/\/www.inovallee.com\/faites-vous-accompagner-gratuitement-dans-votre-plan-de-mobilite-employeur-et-rejoignez-la-dynamique-collective-sur-inovallee\/#primaryimage"},"thumbnailUrl":"https:\/\/www.inovallee.com\/wp-content\/uploads\/2022\/07\/MPro_2019_new_500x500.png","datePublished":"2022-07-05T09:30:17+00:00","dateModified":"2023-09-13T13:09:56+00:00","breadcrumb":{"@id":"https:\/\/www.inovallee.com\/faites-vous-accompagner-gratuitement-dans-votre-plan-de-mobilite-employeur-et-rejoignez-la-dynamique-collective-sur-inovallee\/#breadcrumb"},"inLanguage":"en-GB","potentialAction":[{"@type":"ReadAction","target":["https:\/\/www.inovallee.com\/faites-vous-accompagner-gratuitement-dans-votre-plan-de-mobilite-employeur-et-rejoignez-la-dynamique-collective-sur-inovallee\/"]}]},{"@type":"ImageObject","inLanguage":"en-GB","@id":"https:\/\/www.inovallee.com\/faites-vous-accompagner-gratuitement-dans-votre-plan-de-mobilite-employeur-et-rejoignez-la-dynamique-collective-sur-inovallee\/#primaryimage","url":"https:\/\/www.inovallee.com\/wp-content\/uploads\/2022\/07\/MPro_2019_new_500x500.png","contentUrl":"https:\/\/www.inovallee.com\/wp-content\/uploads\/2022\/07\/MPro_2019_new_500x500.png","width":500,"height":500},{"@type":"BreadcrumbList","@id":"https:\/\/www.inovallee.com\/faites-vous-accompagner-gratuitement-dans-votre-plan-de-mobilite-employeur-et-rejoignez-la-dynamique-collective-sur-inovallee\/#breadcrumb","itemListElement":[{"@type":"ListItem","position":1,"name":"Accueil","item":"https:\/\/www.inovallee.com\/"},{"@type":"ListItem","position":2,"name":"Fa\u00eetes vous accompagner gratuitement dans votre plan de mobilit\u00e9 employeur et rejoignez la dynamique collective sur inovall\u00e9e"}]},{"@type":"WebSite","@id":"https:\/\/www.inovallee.com\/#website","url":"https:\/\/www.inovallee.com\/","name":"inovall\u00e9e technopole, Home to software & smart technologies","description":"Home to software &amp; smart technologies","publisher":{"@id":"https:\/\/www.inovallee.com\/#organization"},"potentialAction":[{"@type":"SearchAction","target":{"@type":"EntryPoint","urlTemplate":"https:\/\/www.inovallee.com\/?s={search_term_string}"},"query-input":{"@type":"PropertyValueSpecification","valueRequired":true,"valueName":"search_term_string"}}],"inLanguage":"en-GB"},{"@type":"Organization","@id":"https:\/\/www.inovallee.com\/#organization","name":"inovall\u00e9e","url":"https:\/\/www.inovallee.com\/","logo":{"@type":"ImageObject","inLanguage":"en-GB","@id":"https:\/\/www.inovallee.com\/#\/schema\/logo\/image\/","url":"https:\/\/www.inovallee.com\/wp-content\/uploads\/2023\/08\/inovallee_2022_GrenobleAlpes.png","contentUrl":"https:\/\/www.inovallee.com\/wp-content\/uploads\/2023\/08\/inovallee_2022_GrenobleAlpes.png","width":945,"height":369,"caption":"inovall\u00e9e"},"image":{"@id":"https:\/\/www.inovallee.com\/#\/schema\/logo\/image\/"},"sameAs":["https:\/\/www.facebook.com\/technopoleinovallee\/","https:\/\/x.com\/inovallee","https:\/\/www.linkedin.com\/company\/inovall-e\/","https:\/\/www.youtube.com\/user\/inovallee?reload=9"]},{"@type":"Person","@id":"https:\/\/www.inovallee.com\/#\/schema\/person\/92dc7fd313568f5cc54aba72aba732fe","name":"Margaux De la Fuente"}]}},"_links":{"self":[{"href":"https:\/\/www.inovallee.com\/en\/wp-json\/wp\/v2\/posts\/42527","targetHints":{"allow":["GET"]}}],"collection":[{"href":"https:\/\/www.inovallee.com\/en\/wp-json\/wp\/v2\/posts"}],"about":[{"href":"https:\/\/www.inovallee.com\/en\/wp-json\/wp\/v2\/types\/post"}],"author":[{"embeddable":true,"href":"https:\/\/www.inovallee.com\/en\/wp-json\/wp\/v2\/users\/18"}],"replies":[{"embeddable":true,"href":"https:\/\/www.inovallee.com\/en\/wp-json\/wp\/v2\/comments?post=42527"}],"version-history":[{"count":3,"href":"https:\/\/www.inovallee.com\/en\/wp-json\/wp\/v2\/posts\/42527\/revisions"}],"predecessor-version":[{"id":48838,"href":"https:\/\/www.inovallee.com\/en\/wp-json\/wp\/v2\/posts\/42527\/revisions\/48838"}],"wp:featuredmedia":[{"embeddable":true,"href":"https:\/\/www.inovallee.com\/en\/wp-json\/wp\/v2\/media\/42528"}],"wp:attachment":[{"href":"https:\/\/www.inovallee.com\/en\/wp-json\/wp\/v2\/media?parent=42527"}],"wp:term":[{"taxonomy":"category","embeddable":true,"href":"https:\/\/www.inovallee.com\/en\/wp-json\/wp\/v2\/categories?post=42527"},{"taxonomy":"post_tag","embeddable":true,"href":"https:\/\/www.inovallee.com\/en\/wp-json\/wp\/v2\/tags?post=42527"}],"curies":[{"name":"wp","href":"https:\/\/api.w.org\/{rel}","templated":true}]}}